{"id":222243,"date":"2021-06-16T09:40:09","date_gmt":"2021-06-16T14:40:09","guid":{"rendered":"https:\/\/www.fiscalia.gov.co\/colombia\/?p=222243"},"modified":"2021-06-16T09:40:45","modified_gmt":"2021-06-16T14:40:45","slug":"juez-envia-a-prision-a-tres-hombres-y-ordena-internamiento-para-un-menor-presuntamente-implicados-en-hurtos-en-mocoa-putumayo","status":"publish","type":"post","link":"https:\/\/www.fiscalia.gov.co\/colombia\/seguridad-territorial\/juez-envia-a-prision-a-tres-hombres-y-ordena-internamiento-para-un-menor-presuntamente-implicados-en-hurtos-en-mocoa-putumayo\/","title":{"rendered":"Juez env\u00eda a prisi\u00f3n a tres hombres y ordena internamiento para un menor, presuntamente, implicados en hurtos en Mocoa (Putumayo)"},"content":{"rendered":"<p>Luego de ser capturados en\u00a0<strong>diligencias de allanamiento y registro<\/strong>\u00a0adelantadas por la Sij\u00edn, un juez con\u00a0funci\u00f3n de control de garant\u00edas acogi\u00f3 la petici\u00f3n de la Fiscal\u00eda e impuso\u00a0<strong>medida privativa de la libertad en centro carcelario<\/strong>\u00a0contra Juan Diego Tamayo Anaya, Fredy Hern\u00e1n Ca\u00f1ar Jamioy y Carlos Andr\u00e9s Calder\u00f3n Bedoya.<\/p>\n<p>Los hechos investigados est\u00e1n relacionados con las\u00a0<strong>denuncias de v\u00edctimas, al igual que por\u00a0<\/strong>informaci\u00f3n recibida de\u00a0<strong>fuente humana en la que se\u00a0<\/strong>indica que en un inmueble ubicado del barrio La Loma de Mocoa (Putumayo), donde de viven los hoy judicializados, supuestamente, se\u00a0<strong>almacenan armas de fuego<\/strong>\u00a0y se\u00a0<strong>almacenan estupefacientes.<\/strong><\/p>\n<p><strong>Los procesados ser\u00edan responsables de\u00a0<\/strong>cometer varios\u00a0<a href=\"https:\/\/www.fiscalia.gov.co\/colombia\/seguridad-ciudadana\/asegurados-otros-dos-presuntos-integrantes-del-grupo-delincuencial-los-motilones-dedicados-al-hurto-en-zona-metropolitana-de-cucuta-norte-de-santander\/\"><strong>hurtos<\/strong><\/a>\u00a0cometidos en Mocoa, los mismos que realizar\u00eda en motocicletas.<\/p>\n<p>En las acciones adelantadas por las autoridades un menor de 17 a\u00f1os de edad fue aprehendido y cobijado con\u00a0<strong>medida de internamiento preventivo<\/strong>\u00a0dictada por un juez de infancia y adolescencia.<\/p>\n<p>La Fiscal\u00eda imput\u00f3 a los procesados de, acuerdo a sus presuntas responsabilidades individuales, los delitos de:\u00a0<strong>fabricaci\u00f3n, trafico, porte o tenencia de armas de fuego, accesorios, partes o municiones agravado, uso de menores de edad la comisi\u00f3n de delitos, hurto calificado y agravado, hurto calificado y agravado en grado de tentativa, tr\u00e1fico, fabricaci\u00f3n o porte de estupefacientes y receptaci\u00f3n.<\/strong><\/p>\n<p><strong>Ninguno de los implicados acept\u00f3 su responsabilidad en los cargos.\u00a0<\/strong><\/p>\n<p>En el inmueble registrado se encontr\u00f3\u00a0<strong>una bicicleta hurtada y un bolso con documentos de una de las\u00a0<\/strong>v\u00edctimas. Tambi\u00e9n fueron incautados\u00a0<strong>37.6 gramos de marihuana y un revolver 3.57.<\/strong><\/p>\n<p>La Fiscal\u00eda publica esta informaci\u00f3n por razones de inter\u00e9s general.<\/p>\n<p><strong>LMGM\/MAGA\/GRM<\/strong><\/p>\n<p><em>La informaci\u00f3n contenida en este bolet\u00edn de prensa corresponde a la narraci\u00f3n de los hechos noticiosos objetivos, suministrados por los funcionarios encargados de adelantar las investigaciones penales al interior de la Fiscal\u00eda General de la Naci\u00f3n. Para el momento de la divulgaci\u00f3n de este comunicado, la situaci\u00f3n jur\u00eddica de la(s) persona(s) relacionada(s) se encuentra pendiente de resolver por la autoridad judicial competente, siempre bajo los preceptos de la presunci\u00f3n de inocencia, consagrados en el art\u00edculo 29 de la Constituci\u00f3n Pol\u00edtica y el art\u00edculo 7\u00ba de la Ley 906 de 2004.<\/em><\/p>\n<p>&nbsp;<\/p>\n\n<div class=\"twitter-share\"><a href=\"https:\/\/twitter.com\/intent\/tweet?via=fiscaliacol\" class=\"twitter-share-button\">Tweet<\/a><\/div>\n","protected":false},"excerpt":{"rendered":"<p>Luego de ser capturados en\u00a0diligencias de allanamiento y registro\u00a0adelantadas por la Sij\u00edn, un juez con\u00a0funci\u00f3n de control de garant\u00edas acogi\u00f3 la petici\u00f3n de la Fiscal\u00eda e impuso\u00a0medida privativa de la libertad en centro carcelario\u00a0contra Juan Diego Tamayo Anaya, Fredy Hern\u00e1n Ca\u00f1ar Jamioy y Carlos Andr\u00e9s Calder\u00f3n Bedoya. Los hechos investigados est\u00e1n relacionados con las\u00a0denuncias de [&hellip;]<\/p>\n","protected":false},"author":171,"featured_media":0,"comment_status":"closed","ping_status":"open","sticky":false,"template":"","format":"standard","meta":{"tdm_status":"","tdm_grid_status":"","footnotes":""},"categories":[2910,303,24099],"tags":[27388,27389,27387,2279,2828,11101],"class_list":{"0":"post-222243","1":"post","2":"type-post","3":"status-publish","4":"format-standard","6":"category-seccional-mocoa","7":"category-seccionales","8":"category-seguridad-territorial","9":"tag-almacenar-armas-de-fuego","10":"tag-conservar-estupefacientes","11":"tag-hurtos-mocoa","12":"tag-putumayo","13":"tag-receptacion","14":"tag-seguridad-ciudadana"},"yoast_head":"<!-- This site is optimized with the Yoast SEO plugin v24.3 - https:\/\/yoast.com\/wordpress\/plugins\/seo\/ -->\n<title>Fiscal\u00eda General de la Naci\u00f3n<\/title>\n<meta name=\"description\" content=\"P\u00e1gina oficial de la Fiscal\u00eda General de la Naci\u00f3n \u2013 Colombia. Garantizamos el acceso efectivo a la justicia, la verdad y la reparaci\u00f3n de las v\u00edctimas de los delitos.\" \/>\n<meta name=\"robots\" content=\"noindex, follow\" \/>\n<meta property=\"og:locale\" content=\"es_ES\" \/>\n<meta property=\"og:type\" content=\"article\" \/>\n<meta property=\"og:title\" content=\"Fiscal\u00eda General de la Naci\u00f3n\" \/>\n<meta property=\"og:description\" content=\"P\u00e1gina oficial de la Fiscal\u00eda General de la Naci\u00f3n \u2013 Colombia. Garantizamos el acceso efectivo a la justicia, la verdad y la reparaci\u00f3n de las v\u00edctimas de los delitos.\" \/>\n<meta property=\"og:url\" content=\"https:\/\/www.fiscalia.gov.co\/colombia\/seguridad-territorial\/juez-envia-a-prision-a-tres-hombres-y-ordena-internamiento-para-un-menor-presuntamente-implicados-en-hurtos-en-mocoa-putumayo\/\" \/>\n<meta property=\"og:site_name\" content=\"Fiscal\u00eda General de la Naci\u00f3n\" \/>\n<meta property=\"article:publisher\" content=\"https:\/\/www.facebook.com\/FiscaliaCol\" \/>\n<meta property=\"article:published_time\" content=\"2021-06-16T14:40:09+00:00\" \/>\n<meta property=\"article:modified_time\" content=\"2021-06-16T14:40:45+00:00\" \/>\n<meta name=\"author\" content=\"Ana Mar\u00eda Gomez\" \/>\n<meta name=\"twitter:card\" content=\"summary_large_image\" \/>\n<meta name=\"twitter:creator\" content=\"@FiscaliaCol\" \/>\n<meta name=\"twitter:site\" content=\"@FiscaliaCol\" \/>\n<meta name=\"twitter:label1\" content=\"Escrito por\" \/>\n\t<meta name=\"twitter:data1\" content=\"Ana Mar\u00eda Gomez\" \/>\n\t<meta name=\"twitter:label2\" content=\"Tiempo de lectura\" \/>\n\t<meta name=\"twitter:data2\" content=\"2 minutos\" \/>\n<script type=\"application\/ld+json\" class=\"yoast-schema-graph\">{\"@context\":\"https:\/\/schema.org\",\"@graph\":[{\"@type\":\"Article\",\"@id\":\"https:\/\/www.fiscalia.gov.co\/colombia\/seguridad-territorial\/juez-envia-a-prision-a-tres-hombres-y-ordena-internamiento-para-un-menor-presuntamente-implicados-en-hurtos-en-mocoa-putumayo\/#article\",\"isPartOf\":{\"@id\":\"https:\/\/www.fiscalia.gov.co\/colombia\/seguridad-territorial\/juez-envia-a-prision-a-tres-hombres-y-ordena-internamiento-para-un-menor-presuntamente-implicados-en-hurtos-en-mocoa-putumayo\/\"},\"author\":{\"name\":\"Ana Mar\u00eda Gomez\",\"@id\":\"https:\/\/www.fiscalia.gov.co\/colombia\/#\/schema\/person\/06aa2210fe4d79203f428ff671dee360\"},\"headline\":\"Juez env\u00eda a prisi\u00f3n a tres hombres y ordena internamiento para un menor, presuntamente, implicados en hurtos en Mocoa (Putumayo)\",\"datePublished\":\"2021-06-16T14:40:09+00:00\",\"dateModified\":\"2021-06-16T14:40:45+00:00\",\"mainEntityOfPage\":{\"@id\":\"https:\/\/www.fiscalia.gov.co\/colombia\/seguridad-territorial\/juez-envia-a-prision-a-tres-hombres-y-ordena-internamiento-para-un-menor-presuntamente-implicados-en-hurtos-en-mocoa-putumayo\/\"},\"wordCount\":412,\"publisher\":{\"@id\":\"https:\/\/www.fiscalia.gov.co\/colombia\/#organization\"},\"keywords\":[\"almacenar armas de fuego\",\"conservar estupefacientes\",\"hurtos Mocoa\",\"Putumayo\",\"Receptaci\u00f3n\",\"Seguridad ciudadana\"],\"articleSection\":[\"Seccional Mocoa\",\"Seccionales\",\"Seguridad territorial\"],\"inLanguage\":\"es-CO\"},{\"@type\":\"WebPage\",\"@id\":\"https:\/\/www.fiscalia.gov.co\/colombia\/seguridad-territorial\/juez-envia-a-prision-a-tres-hombres-y-ordena-internamiento-para-un-menor-presuntamente-implicados-en-hurtos-en-mocoa-putumayo\/\",\"url\":\"https:\/\/www.fiscalia.gov.co\/colombia\/seguridad-territorial\/juez-envia-a-prision-a-tres-hombres-y-ordena-internamiento-para-un-menor-presuntamente-implicados-en-hurtos-en-mocoa-putumayo\/\",\"name\":\"Fiscal\u00eda General de la Naci\u00f3n\",\"isPartOf\":{\"@id\":\"https:\/\/www.fiscalia.gov.co\/colombia\/#website\"},\"datePublished\":\"2021-06-16T14:40:09+00:00\",\"dateModified\":\"2021-06-16T14:40:45+00:00\",\"description\":\"P\u00e1gina oficial de la Fiscal\u00eda General de la Naci\u00f3n \u2013 Colombia. Garantizamos el acceso efectivo a la justicia, la verdad y la reparaci\u00f3n de las v\u00edctimas de los delitos.\",\"breadcrumb\":{\"@id\":\"https:\/\/www.fiscalia.gov.co\/colombia\/seguridad-territorial\/juez-envia-a-prision-a-tres-hombres-y-ordena-internamiento-para-un-menor-presuntamente-implicados-en-hurtos-en-mocoa-putumayo\/#breadcrumb\"},\"inLanguage\":\"es-CO\",\"potentialAction\":[{\"@type\":\"ReadAction\",\"target\":[\"https:\/\/www.fiscalia.gov.co\/colombia\/seguridad-territorial\/juez-envia-a-prision-a-tres-hombres-y-ordena-internamiento-para-un-menor-presuntamente-implicados-en-hurtos-en-mocoa-putumayo\/\"]}]},{\"@type\":\"BreadcrumbList\",\"@id\":\"https:\/\/www.fiscalia.gov.co\/colombia\/seguridad-territorial\/juez-envia-a-prision-a-tres-hombres-y-ordena-internamiento-para-un-menor-presuntamente-implicados-en-hurtos-en-mocoa-putumayo\/#breadcrumb\",\"itemListElement\":[{\"@type\":\"ListItem\",\"position\":1,\"name\":\"Home\",\"item\":\"https:\/\/www.fiscalia.gov.co\/colombia\/\"},{\"@type\":\"ListItem\",\"position\":2,\"name\":\"Juez env\u00eda a prisi\u00f3n a tres hombres y ordena internamiento para un menor, presuntamente, implicados en hurtos en Mocoa (Putumayo)\"}]},{\"@type\":\"WebSite\",\"@id\":\"https:\/\/www.fiscalia.gov.co\/colombia\/#website\",\"url\":\"https:\/\/www.fiscalia.gov.co\/colombia\/\",\"name\":\"Fiscal\u00eda General de la Naci\u00f3n\",\"description\":\"P\u00e1gina oficial de la Fiscal\u00eda General de la Naci\u00f3n \u2013 Colombia. Garantizamos el acceso efectivo a la justicia, la verdad y la reparaci\u00f3n de las v\u00edctimas de los delitos.\",\"publisher\":{\"@id\":\"https:\/\/www.fiscalia.gov.co\/colombia\/#organization\"},\"potentialAction\":[{\"@type\":\"SearchAction\",\"target\":{\"@type\":\"EntryPoint\",\"urlTemplate\":\"https:\/\/www.fiscalia.gov.co\/colombia\/?s={search_term_string}\"},\"query-input\":{\"@type\":\"PropertyValueSpecification\",\"valueRequired\":true,\"valueName\":\"search_term_string\"}}],\"inLanguage\":\"es-CO\"},{\"@type\":\"Organization\",\"@id\":\"https:\/\/www.fiscalia.gov.co\/colombia\/#organization\",\"name\":\"Fiscal\u00eda General de la Naci\u00f3n\",\"url\":\"https:\/\/www.fiscalia.gov.co\/colombia\/\",\"logo\":{\"@type\":\"ImageObject\",\"inLanguage\":\"es-CO\",\"@id\":\"https:\/\/www.fiscalia.gov.co\/colombia\/#\/schema\/logo\/image\/\",\"url\":\"https:\/\/www.fiscalia.gov.co\/colombia\/wp-content\/uploads\/LogoHorizontal_1.jpg\",\"contentUrl\":\"https:\/\/www.fiscalia.gov.co\/colombia\/wp-content\/uploads\/LogoHorizontal_1.jpg\",\"width\":300,\"height\":90,\"caption\":\"Fiscal\u00eda General de la Naci\u00f3n\"},\"image\":{\"@id\":\"https:\/\/www.fiscalia.gov.co\/colombia\/#\/schema\/logo\/image\/\"},\"sameAs\":[\"https:\/\/www.facebook.com\/FiscaliaCol\",\"https:\/\/x.com\/FiscaliaCol\",\"https:\/\/www.instagram.com\/fiscaliacol\",\"https:\/\/www.linkedin.com\/company\/fiscalia-general-de-la-naci-n\/\",\"https:\/\/youtube.com\/@fiscaliageneraldelanacion-4668?si=6nN79nyQICPU5iTh\"]},{\"@type\":\"Person\",\"@id\":\"https:\/\/www.fiscalia.gov.co\/colombia\/#\/schema\/person\/06aa2210fe4d79203f428ff671dee360\",\"name\":\"Ana Mar\u00eda Gomez\",\"image\":{\"@type\":\"ImageObject\",\"inLanguage\":\"es-CO\",\"@id\":\"https:\/\/www.fiscalia.gov.co\/colombia\/#\/schema\/person\/image\/\",\"url\":\"https:\/\/secure.gravatar.com\/avatar\/a38115d98a7f8a96cbb96af2b2c37a0b?s=96&d=mm&r=g\",\"contentUrl\":\"https:\/\/secure.gravatar.com\/avatar\/a38115d98a7f8a96cbb96af2b2c37a0b?s=96&d=mm&r=g\",\"caption\":\"Ana Mar\u00eda Gomez\"},\"url\":\"https:\/\/www.fiscalia.gov.co\/colombia\/author\/agomez\/\"}]}<\/script>\n<!-- \/ Yoast SEO plugin. -->","yoast_head_json":{"title":"Fiscal\u00eda General de la Naci\u00f3n","description":"P\u00e1gina oficial de la Fiscal\u00eda General de la Naci\u00f3n \u2013 Colombia. Garantizamos el acceso efectivo a la justicia, la verdad y la reparaci\u00f3n de las v\u00edctimas de los delitos.","robots":{"index":"noindex","follow":"follow"},"og_locale":"es_ES","og_type":"article","og_title":"Fiscal\u00eda General de la Naci\u00f3n","og_description":"P\u00e1gina oficial de la Fiscal\u00eda General de la Naci\u00f3n \u2013 Colombia. Garantizamos el acceso efectivo a la justicia, la verdad y la reparaci\u00f3n de las v\u00edctimas de los delitos.","og_url":"https:\/\/www.fiscalia.gov.co\/colombia\/seguridad-territorial\/juez-envia-a-prision-a-tres-hombres-y-ordena-internamiento-para-un-menor-presuntamente-implicados-en-hurtos-en-mocoa-putumayo\/","og_site_name":"Fiscal\u00eda General de la Naci\u00f3n","article_publisher":"https:\/\/www.facebook.com\/FiscaliaCol","article_published_time":"2021-06-16T14:40:09+00:00","article_modified_time":"2021-06-16T14:40:45+00:00","author":"Ana Mar\u00eda Gomez","twitter_card":"summary_large_image","twitter_creator":"@FiscaliaCol","twitter_site":"@FiscaliaCol","twitter_misc":{"Escrito por":"Ana Mar\u00eda Gomez","Tiempo de lectura":"2 minutos"},"schema":{"@context":"https:\/\/schema.org","@graph":[{"@type":"Article","@id":"https:\/\/www.fiscalia.gov.co\/colombia\/seguridad-territorial\/juez-envia-a-prision-a-tres-hombres-y-ordena-internamiento-para-un-menor-presuntamente-implicados-en-hurtos-en-mocoa-putumayo\/#article","isPartOf":{"@id":"https:\/\/www.fiscalia.gov.co\/colombia\/seguridad-territorial\/juez-envia-a-prision-a-tres-hombres-y-ordena-internamiento-para-un-menor-presuntamente-implicados-en-hurtos-en-mocoa-putumayo\/"},"author":{"name":"Ana Mar\u00eda Gomez","@id":"https:\/\/www.fiscalia.gov.co\/colombia\/#\/schema\/person\/06aa2210fe4d79203f428ff671dee360"},"headline":"Juez env\u00eda a prisi\u00f3n a tres hombres y ordena internamiento para un menor, presuntamente, implicados en hurtos en Mocoa (Putumayo)","datePublished":"2021-06-16T14:40:09+00:00","dateModified":"2021-06-16T14:40:45+00:00","mainEntityOfPage":{"@id":"https:\/\/www.fiscalia.gov.co\/colombia\/seguridad-territorial\/juez-envia-a-prision-a-tres-hombres-y-ordena-internamiento-para-un-menor-presuntamente-implicados-en-hurtos-en-mocoa-putumayo\/"},"wordCount":412,"publisher":{"@id":"https:\/\/www.fiscalia.gov.co\/colombia\/#organization"},"keywords":["almacenar armas de fuego","conservar estupefacientes","hurtos Mocoa","Putumayo","Receptaci\u00f3n","Seguridad ciudadana"],"articleSection":["Seccional Mocoa","Seccionales","Seguridad territorial"],"inLanguage":"es-CO"},{"@type":"WebPage","@id":"https:\/\/www.fiscalia.gov.co\/colombia\/seguridad-territorial\/juez-envia-a-prision-a-tres-hombres-y-ordena-internamiento-para-un-menor-presuntamente-implicados-en-hurtos-en-mocoa-putumayo\/","url":"https:\/\/www.fiscalia.gov.co\/colombia\/seguridad-territorial\/juez-envia-a-prision-a-tres-hombres-y-ordena-internamiento-para-un-menor-presuntamente-implicados-en-hurtos-en-mocoa-putumayo\/","name":"Fiscal\u00eda General de la Naci\u00f3n","isPartOf":{"@id":"https:\/\/www.fiscalia.gov.co\/colombia\/#website"},"datePublished":"2021-06-16T14:40:09+00:00","dateModified":"2021-06-16T14:40:45+00:00","description":"P\u00e1gina oficial de la Fiscal\u00eda General de la Naci\u00f3n \u2013 Colombia. Garantizamos el acceso efectivo a la justicia, la verdad y la reparaci\u00f3n de las v\u00edctimas de los delitos.","breadcrumb":{"@id":"https:\/\/www.fiscalia.gov.co\/colombia\/seguridad-territorial\/juez-envia-a-prision-a-tres-hombres-y-ordena-internamiento-para-un-menor-presuntamente-implicados-en-hurtos-en-mocoa-putumayo\/#breadcrumb"},"inLanguage":"es-CO","potentialAction":[{"@type":"ReadAction","target":["https:\/\/www.fiscalia.gov.co\/colombia\/seguridad-territorial\/juez-envia-a-prision-a-tres-hombres-y-ordena-internamiento-para-un-menor-presuntamente-implicados-en-hurtos-en-mocoa-putumayo\/"]}]},{"@type":"BreadcrumbList","@id":"https:\/\/www.fiscalia.gov.co\/colombia\/seguridad-territorial\/juez-envia-a-prision-a-tres-hombres-y-ordena-internamiento-para-un-menor-presuntamente-implicados-en-hurtos-en-mocoa-putumayo\/#breadcrumb","itemListElement":[{"@type":"ListItem","position":1,"name":"Home","item":"https:\/\/www.fiscalia.gov.co\/colombia\/"},{"@type":"ListItem","position":2,"name":"Juez env\u00eda a prisi\u00f3n a tres hombres y ordena internamiento para un menor, presuntamente, implicados en hurtos en Mocoa (Putumayo)"}]},{"@type":"WebSite","@id":"https:\/\/www.fiscalia.gov.co\/colombia\/#website","url":"https:\/\/www.fiscalia.gov.co\/colombia\/","name":"Fiscal\u00eda General de la Naci\u00f3n","description":"P\u00e1gina oficial de la Fiscal\u00eda General de la Naci\u00f3n \u2013 Colombia. Garantizamos el acceso efectivo a la justicia, la verdad y la reparaci\u00f3n de las v\u00edctimas de los delitos.","publisher":{"@id":"https:\/\/www.fiscalia.gov.co\/colombia\/#organization"},"potentialAction":[{"@type":"SearchAction","target":{"@type":"EntryPoint","urlTemplate":"https:\/\/www.fiscalia.gov.co\/colombia\/?s={search_term_string}"},"query-input":{"@type":"PropertyValueSpecification","valueRequired":true,"valueName":"search_term_string"}}],"inLanguage":"es-CO"},{"@type":"Organization","@id":"https:\/\/www.fiscalia.gov.co\/colombia\/#organization","name":"Fiscal\u00eda General de la Naci\u00f3n","url":"https:\/\/www.fiscalia.gov.co\/colombia\/","logo":{"@type":"ImageObject","inLanguage":"es-CO","@id":"https:\/\/www.fiscalia.gov.co\/colombia\/#\/schema\/logo\/image\/","url":"https:\/\/www.fiscalia.gov.co\/colombia\/wp-content\/uploads\/LogoHorizontal_1.jpg","contentUrl":"https:\/\/www.fiscalia.gov.co\/colombia\/wp-content\/uploads\/LogoHorizontal_1.jpg","width":300,"height":90,"caption":"Fiscal\u00eda General de la Naci\u00f3n"},"image":{"@id":"https:\/\/www.fiscalia.gov.co\/colombia\/#\/schema\/logo\/image\/"},"sameAs":["https:\/\/www.facebook.com\/FiscaliaCol","https:\/\/x.com\/FiscaliaCol","https:\/\/www.instagram.com\/fiscaliacol","https:\/\/www.linkedin.com\/company\/fiscalia-general-de-la-naci-n\/","https:\/\/youtube.com\/@fiscaliageneraldelanacion-4668?si=6nN79nyQICPU5iTh"]},{"@type":"Person","@id":"https:\/\/www.fiscalia.gov.co\/colombia\/#\/schema\/person\/06aa2210fe4d79203f428ff671dee360","name":"Ana Mar\u00eda Gomez","image":{"@type":"ImageObject","inLanguage":"es-CO","@id":"https:\/\/www.fiscalia.gov.co\/colombia\/#\/schema\/person\/image\/","url":"https:\/\/secure.gravatar.com\/avatar\/a38115d98a7f8a96cbb96af2b2c37a0b?s=96&d=mm&r=g","contentUrl":"https:\/\/secure.gravatar.com\/avatar\/a38115d98a7f8a96cbb96af2b2c37a0b?s=96&d=mm&r=g","caption":"Ana Mar\u00eda Gomez"},"url":"https:\/\/www.fiscalia.gov.co\/colombia\/author\/agomez\/"}]}},"_links":{"self":[{"href":"https:\/\/www.fiscalia.gov.co\/colombia\/wp-json\/wp\/v2\/posts\/222243","targetHints":{"allow":["GET"]}}],"collection":[{"href":"https:\/\/www.fiscalia.gov.co\/colombia\/wp-json\/wp\/v2\/posts"}],"about":[{"href":"https:\/\/www.fiscalia.gov.co\/colombia\/wp-json\/wp\/v2\/types\/post"}],"author":[{"embeddable":true,"href":"https:\/\/www.fiscalia.gov.co\/colombia\/wp-json\/wp\/v2\/users\/171"}],"replies":[{"embeddable":true,"href":"https:\/\/www.fiscalia.gov.co\/colombia\/wp-json\/wp\/v2\/comments?post=222243"}],"version-history":[{"count":1,"href":"https:\/\/www.fiscalia.gov.co\/colombia\/wp-json\/wp\/v2\/posts\/222243\/revisions"}],"predecessor-version":[{"id":222244,"href":"https:\/\/www.fiscalia.gov.co\/colombia\/wp-json\/wp\/v2\/posts\/222243\/revisions\/222244"}],"wp:attachment":[{"href":"https:\/\/www.fiscalia.gov.co\/colombia\/wp-json\/wp\/v2\/media?parent=222243"}],"wp:term":[{"taxonomy":"category","embeddable":true,"href":"https:\/\/www.fiscalia.gov.co\/colombia\/wp-json\/wp\/v2\/categories?post=222243"},{"taxonomy":"post_tag","embeddable":true,"href":"https:\/\/www.fiscalia.gov.co\/colombia\/wp-json\/wp\/v2\/tags?post=222243"}],"curies":[{"name":"wp","href":"https:\/\/api.w.org\/{rel}","templated":true}]}}