{"id":222115,"date":"2021-06-15T09:30:18","date_gmt":"2021-06-15T14:30:18","guid":{"rendered":"https:\/\/www.fiscalia.gov.co\/colombia\/?p=222115"},"modified":"2021-06-15T11:37:11","modified_gmt":"2021-06-15T16:37:11","slug":"335-personas-han-sido-localizadas-y-se-mantiene-activo-el-mecanismo-de-busqueda-urgente-en-84-casos","status":"publish","type":"post","link":"https:\/\/www.fiscalia.gov.co\/colombia\/noticias\/335-personas-han-sido-localizadas-y-se-mantiene-activo-el-mecanismo-de-busqueda-urgente-en-84-casos\/","title":{"rendered":"335 personas han sido localizadas y se mantiene activo el mecanismo de b\u00fasqueda urgente en 84 casos"},"content":{"rendered":"<blockquote>\n<h4 style=\"text-align: left;\"><strong><em>Desde el 28 de abril hasta el 14 de junio se han recibido reportes de 54 personas fallecidas. 24 tendr\u00edan relaci\u00f3n directa con las jornadas de protesta.<\/em><\/strong><\/h4>\n<\/blockquote>\n<p>La mesa de trabajo interinstitucional de la Fiscal\u00eda General de la Naci\u00f3n y la Defensor\u00eda del Pueblo, dispuesta para hacer seguimiento a los reportes de personas no localizadas y fallecidas durante las jornadas de protesta en el pa\u00eds, present\u00f3 un nuevo reporte de las acciones realizadas y los hechos conocidos entre el 28 de abril y el 14 de junio del a\u00f1o en curso.<\/p>\n<p>Los equipos conformados por las dos instituciones han encontrado a 335 personas que hab\u00edan sido reportadas como no localizadas. El Mecanismo de B\u00fasqueda Urgente (MBU) sigue activo respecto a 84 solicitudes.<\/p>\n<p>En el sistema de informaci\u00f3n de la Fiscal\u00eda General de la Naci\u00f3n figuran cuatro denuncias por presunta desaparici\u00f3n forzada, que relacionan hechos ocurridos el 4 de mayo en Zaragoza (Antioquia), el 18 de mayo en Caldas (Antioquia), el 20 de mayo en Yumbo (Valle del Cauca) y el 3 de junio en Cali (Valle del Cauca).<\/p>\n<p>Se hace un llamado a la comunidad para que, de manera oportuna, ponga en conocimiento circunstancias de este tipo con el fin de iniciar la b\u00fasqueda de manera inmediata. La Fiscal\u00eda y la Defensor\u00eda tienen dispuestos canales de atenci\u00f3n como la l\u00ednea 310 8524724 y el correo\u00a0<a href=\"mailto:quejasprotestasocial@defensoria.gov.co\">quejasprotestasocial@defensoria.gov.co<\/a>, que est\u00e1n habilitados las 24 horas.<\/p>\n<p>De otra parte, en lo referente a personas fallecidas, los elementos de prueba dan cuenta de que, de las 54 muertes conocidas, 24 tienen nexo directo con las protestas, as\u00ed: Bogot\u00e1 (1), Cali (14), Cauca (1), Cundinamarca (3), Valle del Cauca (4) y Tolima (1).<\/p>\n<p>Adicionalmente, hay 11 decesos en proceso de verificaci\u00f3n; y sobre 19 hay evidencia suficiente para establecer que no guardan v\u00ednculo con las manifestaciones o movilizaciones.<\/p>\n<p>JARG\/MCRC\/LFOG<\/p>\n<p>&nbsp;<\/p>\n\n<div class=\"twitter-share\"><a href=\"https:\/\/twitter.com\/intent\/tweet?via=fiscaliacol\" class=\"twitter-share-button\">Tweet<\/a><\/div>\n","protected":false},"excerpt":{"rendered":"<p>Desde el 28 de abril hasta el 14 de junio se han recibido reportes de 54 personas fallecidas. 24 tendr\u00edan relaci\u00f3n directa con las jornadas de protesta. La mesa de trabajo interinstitucional de la Fiscal\u00eda General de la Naci\u00f3n y la Defensor\u00eda del Pueblo, dispuesta para hacer seguimiento a los reportes de personas no localizadas [&hellip;]<\/p>\n","protected":false},"author":171,"featured_media":0,"comment_status":"closed","ping_status":"open","sticky":false,"template":"","format":"standard","meta":{"tdm_status":"","tdm_grid_status":"","footnotes":""},"categories":[27011,1],"tags":[12492,24185,4614,27350,27351],"class_list":{"0":"post-222115","1":"post","2":"type-post","3":"status-publish","4":"format-standard","6":"category-resultados-pmu-judicial","7":"category-noticias","8":"tag-busqueda","9":"tag-fiscal-barbosa","10":"tag-fiscalia-2","11":"tag-personas-localizadas","12":"tag-urgente"},"yoast_head":"<!-- This site is optimized with the Yoast SEO plugin v24.3 - https:\/\/yoast.com\/wordpress\/plugins\/seo\/ -->\n<title>Fiscal\u00eda General de la Naci\u00f3n<\/title>\n<meta name=\"description\" content=\"P\u00e1gina oficial de la Fiscal\u00eda General de la Naci\u00f3n \u2013 Colombia. Garantizamos el acceso efectivo a la justicia, la verdad y la reparaci\u00f3n de las v\u00edctimas de los delitos.\" \/>\n<meta name=\"robots\" content=\"noindex, follow\" \/>\n<meta property=\"og:locale\" content=\"es_ES\" \/>\n<meta property=\"og:type\" content=\"article\" \/>\n<meta property=\"og:title\" content=\"Fiscal\u00eda General de la Naci\u00f3n\" \/>\n<meta property=\"og:description\" content=\"P\u00e1gina oficial de la Fiscal\u00eda General de la Naci\u00f3n \u2013 Colombia. Garantizamos el acceso efectivo a la justicia, la verdad y la reparaci\u00f3n de las v\u00edctimas de los delitos.\" \/>\n<meta property=\"og:url\" content=\"https:\/\/www.fiscalia.gov.co\/colombia\/noticias\/335-personas-han-sido-localizadas-y-se-mantiene-activo-el-mecanismo-de-busqueda-urgente-en-84-casos\/\" \/>\n<meta property=\"og:site_name\" content=\"Fiscal\u00eda General de la Naci\u00f3n\" \/>\n<meta property=\"article:publisher\" content=\"https:\/\/www.facebook.com\/FiscaliaCol\" \/>\n<meta property=\"article:published_time\" content=\"2021-06-15T14:30:18+00:00\" \/>\n<meta property=\"article:modified_time\" content=\"2021-06-15T16:37:11+00:00\" \/>\n<meta name=\"author\" content=\"Ana Mar\u00eda Gomez\" \/>\n<meta name=\"twitter:card\" content=\"summary_large_image\" \/>\n<meta name=\"twitter:creator\" content=\"@FiscaliaCol\" \/>\n<meta name=\"twitter:site\" content=\"@FiscaliaCol\" \/>\n<meta name=\"twitter:label1\" content=\"Escrito por\" \/>\n\t<meta name=\"twitter:data1\" content=\"Ana Mar\u00eda Gomez\" \/>\n\t<meta name=\"twitter:label2\" content=\"Tiempo de lectura\" \/>\n\t<meta name=\"twitter:data2\" content=\"2 minutos\" \/>\n<script type=\"application\/ld+json\" class=\"yoast-schema-graph\">{\"@context\":\"https:\/\/schema.org\",\"@graph\":[{\"@type\":\"Article\",\"@id\":\"https:\/\/www.fiscalia.gov.co\/colombia\/noticias\/335-personas-han-sido-localizadas-y-se-mantiene-activo-el-mecanismo-de-busqueda-urgente-en-84-casos\/#article\",\"isPartOf\":{\"@id\":\"https:\/\/www.fiscalia.gov.co\/colombia\/noticias\/335-personas-han-sido-localizadas-y-se-mantiene-activo-el-mecanismo-de-busqueda-urgente-en-84-casos\/\"},\"author\":{\"name\":\"Ana Mar\u00eda Gomez\",\"@id\":\"https:\/\/www.fiscalia.gov.co\/colombia\/#\/schema\/person\/06aa2210fe4d79203f428ff671dee360\"},\"headline\":\"335 personas han sido localizadas y se mantiene activo el mecanismo de b\u00fasqueda urgente en 84 casos\",\"datePublished\":\"2021-06-15T14:30:18+00:00\",\"dateModified\":\"2021-06-15T16:37:11+00:00\",\"mainEntityOfPage\":{\"@id\":\"https:\/\/www.fiscalia.gov.co\/colombia\/noticias\/335-personas-han-sido-localizadas-y-se-mantiene-activo-el-mecanismo-de-busqueda-urgente-en-84-casos\/\"},\"wordCount\":321,\"publisher\":{\"@id\":\"https:\/\/www.fiscalia.gov.co\/colombia\/#organization\"},\"keywords\":[\"B\u00fasqueda\",\"Fiscal Barbosa\",\"Fiscal\u00eda\",\"personas localizadas\",\"urgente\"],\"articleSection\":[\"Acciones judiciales en el marco de protesta\",\"Noticias\"],\"inLanguage\":\"es-CO\"},{\"@type\":\"WebPage\",\"@id\":\"https:\/\/www.fiscalia.gov.co\/colombia\/noticias\/335-personas-han-sido-localizadas-y-se-mantiene-activo-el-mecanismo-de-busqueda-urgente-en-84-casos\/\",\"url\":\"https:\/\/www.fiscalia.gov.co\/colombia\/noticias\/335-personas-han-sido-localizadas-y-se-mantiene-activo-el-mecanismo-de-busqueda-urgente-en-84-casos\/\",\"name\":\"Fiscal\u00eda General de la Naci\u00f3n\",\"isPartOf\":{\"@id\":\"https:\/\/www.fiscalia.gov.co\/colombia\/#website\"},\"datePublished\":\"2021-06-15T14:30:18+00:00\",\"dateModified\":\"2021-06-15T16:37:11+00:00\",\"description\":\"P\u00e1gina oficial de la Fiscal\u00eda General de la Naci\u00f3n \u2013 Colombia. Garantizamos el acceso efectivo a la justicia, la verdad y la reparaci\u00f3n de las v\u00edctimas de los delitos.\",\"breadcrumb\":{\"@id\":\"https:\/\/www.fiscalia.gov.co\/colombia\/noticias\/335-personas-han-sido-localizadas-y-se-mantiene-activo-el-mecanismo-de-busqueda-urgente-en-84-casos\/#breadcrumb\"},\"inLanguage\":\"es-CO\",\"potentialAction\":[{\"@type\":\"ReadAction\",\"target\":[\"https:\/\/www.fiscalia.gov.co\/colombia\/noticias\/335-personas-han-sido-localizadas-y-se-mantiene-activo-el-mecanismo-de-busqueda-urgente-en-84-casos\/\"]}]},{\"@type\":\"BreadcrumbList\",\"@id\":\"https:\/\/www.fiscalia.gov.co\/colombia\/noticias\/335-personas-han-sido-localizadas-y-se-mantiene-activo-el-mecanismo-de-busqueda-urgente-en-84-casos\/#breadcrumb\",\"itemListElement\":[{\"@type\":\"ListItem\",\"position\":1,\"name\":\"Home\",\"item\":\"https:\/\/www.fiscalia.gov.co\/colombia\/\"},{\"@type\":\"ListItem\",\"position\":2,\"name\":\"335 personas han sido localizadas y se mantiene activo el mecanismo de b\u00fasqueda urgente en 84 casos\"}]},{\"@type\":\"WebSite\",\"@id\":\"https:\/\/www.fiscalia.gov.co\/colombia\/#website\",\"url\":\"https:\/\/www.fiscalia.gov.co\/colombia\/\",\"name\":\"Fiscal\u00eda General de la Naci\u00f3n\",\"description\":\"P\u00e1gina oficial de la Fiscal\u00eda General de la Naci\u00f3n \u2013 Colombia. Garantizamos el acceso efectivo a la justicia, la verdad y la reparaci\u00f3n de las v\u00edctimas de los delitos.\",\"publisher\":{\"@id\":\"https:\/\/www.fiscalia.gov.co\/colombia\/#organization\"},\"potentialAction\":[{\"@type\":\"SearchAction\",\"target\":{\"@type\":\"EntryPoint\",\"urlTemplate\":\"https:\/\/www.fiscalia.gov.co\/colombia\/?s={search_term_string}\"},\"query-input\":{\"@type\":\"PropertyValueSpecification\",\"valueRequired\":true,\"valueName\":\"search_term_string\"}}],\"inLanguage\":\"es-CO\"},{\"@type\":\"Organization\",\"@id\":\"https:\/\/www.fiscalia.gov.co\/colombia\/#organization\",\"name\":\"Fiscal\u00eda General de la Naci\u00f3n\",\"url\":\"https:\/\/www.fiscalia.gov.co\/colombia\/\",\"logo\":{\"@type\":\"ImageObject\",\"inLanguage\":\"es-CO\",\"@id\":\"https:\/\/www.fiscalia.gov.co\/colombia\/#\/schema\/logo\/image\/\",\"url\":\"https:\/\/www.fiscalia.gov.co\/colombia\/wp-content\/uploads\/LogoHorizontal_1.jpg\",\"contentUrl\":\"https:\/\/www.fiscalia.gov.co\/colombia\/wp-content\/uploads\/LogoHorizontal_1.jpg\",\"width\":300,\"height\":90,\"caption\":\"Fiscal\u00eda General de la Naci\u00f3n\"},\"image\":{\"@id\":\"https:\/\/www.fiscalia.gov.co\/colombia\/#\/schema\/logo\/image\/\"},\"sameAs\":[\"https:\/\/www.facebook.com\/FiscaliaCol\",\"https:\/\/x.com\/FiscaliaCol\",\"https:\/\/www.instagram.com\/fiscaliacol\",\"https:\/\/www.linkedin.com\/company\/fiscalia-general-de-la-naci-n\/\",\"https:\/\/youtube.com\/@fiscaliageneraldelanacion-4668?si=6nN79nyQICPU5iTh\"]},{\"@type\":\"Person\",\"@id\":\"https:\/\/www.fiscalia.gov.co\/colombia\/#\/schema\/person\/06aa2210fe4d79203f428ff671dee360\",\"name\":\"Ana Mar\u00eda Gomez\",\"image\":{\"@type\":\"ImageObject\",\"inLanguage\":\"es-CO\",\"@id\":\"https:\/\/www.fiscalia.gov.co\/colombia\/#\/schema\/person\/image\/\",\"url\":\"https:\/\/secure.gravatar.com\/avatar\/a38115d98a7f8a96cbb96af2b2c37a0b?s=96&d=mm&r=g\",\"contentUrl\":\"https:\/\/secure.gravatar.com\/avatar\/a38115d98a7f8a96cbb96af2b2c37a0b?s=96&d=mm&r=g\",\"caption\":\"Ana Mar\u00eda Gomez\"},\"url\":\"https:\/\/www.fiscalia.gov.co\/colombia\/author\/agomez\/\"}]}<\/script>\n<!-- \/ Yoast SEO plugin. -->","yoast_head_json":{"title":"Fiscal\u00eda General de la Naci\u00f3n","description":"P\u00e1gina oficial de la Fiscal\u00eda General de la Naci\u00f3n \u2013 Colombia. Garantizamos el acceso efectivo a la justicia, la verdad y la reparaci\u00f3n de las v\u00edctimas de los delitos.","robots":{"index":"noindex","follow":"follow"},"og_locale":"es_ES","og_type":"article","og_title":"Fiscal\u00eda General de la Naci\u00f3n","og_description":"P\u00e1gina oficial de la Fiscal\u00eda General de la Naci\u00f3n \u2013 Colombia. Garantizamos el acceso efectivo a la justicia, la verdad y la reparaci\u00f3n de las v\u00edctimas de los delitos.","og_url":"https:\/\/www.fiscalia.gov.co\/colombia\/noticias\/335-personas-han-sido-localizadas-y-se-mantiene-activo-el-mecanismo-de-busqueda-urgente-en-84-casos\/","og_site_name":"Fiscal\u00eda General de la Naci\u00f3n","article_publisher":"https:\/\/www.facebook.com\/FiscaliaCol","article_published_time":"2021-06-15T14:30:18+00:00","article_modified_time":"2021-06-15T16:37:11+00:00","author":"Ana Mar\u00eda Gomez","twitter_card":"summary_large_image","twitter_creator":"@FiscaliaCol","twitter_site":"@FiscaliaCol","twitter_misc":{"Escrito por":"Ana Mar\u00eda Gomez","Tiempo de lectura":"2 minutos"},"schema":{"@context":"https:\/\/schema.org","@graph":[{"@type":"Article","@id":"https:\/\/www.fiscalia.gov.co\/colombia\/noticias\/335-personas-han-sido-localizadas-y-se-mantiene-activo-el-mecanismo-de-busqueda-urgente-en-84-casos\/#article","isPartOf":{"@id":"https:\/\/www.fiscalia.gov.co\/colombia\/noticias\/335-personas-han-sido-localizadas-y-se-mantiene-activo-el-mecanismo-de-busqueda-urgente-en-84-casos\/"},"author":{"name":"Ana Mar\u00eda Gomez","@id":"https:\/\/www.fiscalia.gov.co\/colombia\/#\/schema\/person\/06aa2210fe4d79203f428ff671dee360"},"headline":"335 personas han sido localizadas y se mantiene activo el mecanismo de b\u00fasqueda urgente en 84 casos","datePublished":"2021-06-15T14:30:18+00:00","dateModified":"2021-06-15T16:37:11+00:00","mainEntityOfPage":{"@id":"https:\/\/www.fiscalia.gov.co\/colombia\/noticias\/335-personas-han-sido-localizadas-y-se-mantiene-activo-el-mecanismo-de-busqueda-urgente-en-84-casos\/"},"wordCount":321,"publisher":{"@id":"https:\/\/www.fiscalia.gov.co\/colombia\/#organization"},"keywords":["B\u00fasqueda","Fiscal Barbosa","Fiscal\u00eda","personas localizadas","urgente"],"articleSection":["Acciones judiciales en el marco de protesta","Noticias"],"inLanguage":"es-CO"},{"@type":"WebPage","@id":"https:\/\/www.fiscalia.gov.co\/colombia\/noticias\/335-personas-han-sido-localizadas-y-se-mantiene-activo-el-mecanismo-de-busqueda-urgente-en-84-casos\/","url":"https:\/\/www.fiscalia.gov.co\/colombia\/noticias\/335-personas-han-sido-localizadas-y-se-mantiene-activo-el-mecanismo-de-busqueda-urgente-en-84-casos\/","name":"Fiscal\u00eda General de la Naci\u00f3n","isPartOf":{"@id":"https:\/\/www.fiscalia.gov.co\/colombia\/#website"},"datePublished":"2021-06-15T14:30:18+00:00","dateModified":"2021-06-15T16:37:11+00:00","description":"P\u00e1gina oficial de la Fiscal\u00eda General de la Naci\u00f3n \u2013 Colombia. Garantizamos el acceso efectivo a la justicia, la verdad y la reparaci\u00f3n de las v\u00edctimas de los delitos.","breadcrumb":{"@id":"https:\/\/www.fiscalia.gov.co\/colombia\/noticias\/335-personas-han-sido-localizadas-y-se-mantiene-activo-el-mecanismo-de-busqueda-urgente-en-84-casos\/#breadcrumb"},"inLanguage":"es-CO","potentialAction":[{"@type":"ReadAction","target":["https:\/\/www.fiscalia.gov.co\/colombia\/noticias\/335-personas-han-sido-localizadas-y-se-mantiene-activo-el-mecanismo-de-busqueda-urgente-en-84-casos\/"]}]},{"@type":"BreadcrumbList","@id":"https:\/\/www.fiscalia.gov.co\/colombia\/noticias\/335-personas-han-sido-localizadas-y-se-mantiene-activo-el-mecanismo-de-busqueda-urgente-en-84-casos\/#breadcrumb","itemListElement":[{"@type":"ListItem","position":1,"name":"Home","item":"https:\/\/www.fiscalia.gov.co\/colombia\/"},{"@type":"ListItem","position":2,"name":"335 personas han sido localizadas y se mantiene activo el mecanismo de b\u00fasqueda urgente en 84 casos"}]},{"@type":"WebSite","@id":"https:\/\/www.fiscalia.gov.co\/colombia\/#website","url":"https:\/\/www.fiscalia.gov.co\/colombia\/","name":"Fiscal\u00eda General de la Naci\u00f3n","description":"P\u00e1gina oficial de la Fiscal\u00eda General de la Naci\u00f3n \u2013 Colombia. Garantizamos el acceso efectivo a la justicia, la verdad y la reparaci\u00f3n de las v\u00edctimas de los delitos.","publisher":{"@id":"https:\/\/www.fiscalia.gov.co\/colombia\/#organization"},"potentialAction":[{"@type":"SearchAction","target":{"@type":"EntryPoint","urlTemplate":"https:\/\/www.fiscalia.gov.co\/colombia\/?s={search_term_string}"},"query-input":{"@type":"PropertyValueSpecification","valueRequired":true,"valueName":"search_term_string"}}],"inLanguage":"es-CO"},{"@type":"Organization","@id":"https:\/\/www.fiscalia.gov.co\/colombia\/#organization","name":"Fiscal\u00eda General de la Naci\u00f3n","url":"https:\/\/www.fiscalia.gov.co\/colombia\/","logo":{"@type":"ImageObject","inLanguage":"es-CO","@id":"https:\/\/www.fiscalia.gov.co\/colombia\/#\/schema\/logo\/image\/","url":"https:\/\/www.fiscalia.gov.co\/colombia\/wp-content\/uploads\/LogoHorizontal_1.jpg","contentUrl":"https:\/\/www.fiscalia.gov.co\/colombia\/wp-content\/uploads\/LogoHorizontal_1.jpg","width":300,"height":90,"caption":"Fiscal\u00eda General de la Naci\u00f3n"},"image":{"@id":"https:\/\/www.fiscalia.gov.co\/colombia\/#\/schema\/logo\/image\/"},"sameAs":["https:\/\/www.facebook.com\/FiscaliaCol","https:\/\/x.com\/FiscaliaCol","https:\/\/www.instagram.com\/fiscaliacol","https:\/\/www.linkedin.com\/company\/fiscalia-general-de-la-naci-n\/","https:\/\/youtube.com\/@fiscaliageneraldelanacion-4668?si=6nN79nyQICPU5iTh"]},{"@type":"Person","@id":"https:\/\/www.fiscalia.gov.co\/colombia\/#\/schema\/person\/06aa2210fe4d79203f428ff671dee360","name":"Ana Mar\u00eda Gomez","image":{"@type":"ImageObject","inLanguage":"es-CO","@id":"https:\/\/www.fiscalia.gov.co\/colombia\/#\/schema\/person\/image\/","url":"https:\/\/secure.gravatar.com\/avatar\/a38115d98a7f8a96cbb96af2b2c37a0b?s=96&d=mm&r=g","contentUrl":"https:\/\/secure.gravatar.com\/avatar\/a38115d98a7f8a96cbb96af2b2c37a0b?s=96&d=mm&r=g","caption":"Ana Mar\u00eda Gomez"},"url":"https:\/\/www.fiscalia.gov.co\/colombia\/author\/agomez\/"}]}},"_links":{"self":[{"href":"https:\/\/www.fiscalia.gov.co\/colombia\/wp-json\/wp\/v2\/posts\/222115","targetHints":{"allow":["GET"]}}],"collection":[{"href":"https:\/\/www.fiscalia.gov.co\/colombia\/wp-json\/wp\/v2\/posts"}],"about":[{"href":"https:\/\/www.fiscalia.gov.co\/colombia\/wp-json\/wp\/v2\/types\/post"}],"author":[{"embeddable":true,"href":"https:\/\/www.fiscalia.gov.co\/colombia\/wp-json\/wp\/v2\/users\/171"}],"replies":[{"embeddable":true,"href":"https:\/\/www.fiscalia.gov.co\/colombia\/wp-json\/wp\/v2\/comments?post=222115"}],"version-history":[{"count":1,"href":"https:\/\/www.fiscalia.gov.co\/colombia\/wp-json\/wp\/v2\/posts\/222115\/revisions"}],"predecessor-version":[{"id":222116,"href":"https:\/\/www.fiscalia.gov.co\/colombia\/wp-json\/wp\/v2\/posts\/222115\/revisions\/222116"}],"wp:attachment":[{"href":"https:\/\/www.fiscalia.gov.co\/colombia\/wp-json\/wp\/v2\/media?parent=222115"}],"wp:term":[{"taxonomy":"category","embeddable":true,"href":"https:\/\/www.fiscalia.gov.co\/colombia\/wp-json\/wp\/v2\/categories?post=222115"},{"taxonomy":"post_tag","embeddable":true,"href":"https:\/\/www.fiscalia.gov.co\/colombia\/wp-json\/wp\/v2\/tags?post=222115"}],"curies":[{"name":"wp","href":"https:\/\/api.w.org\/{rel}","templated":true}]}}