{"id":222084,"date":"2021-06-14T09:37:31","date_gmt":"2021-06-14T14:37:31","guid":{"rendered":"https:\/\/www.fiscalia.gov.co\/colombia\/?p=222084"},"modified":"2021-06-18T09:23:18","modified_gmt":"2021-06-18T14:23:18","slug":"condenado-a-mas-de-41-anos-de-prision-feminicida-de-una-menor-en-el-tablon-de-gomez-narino","status":"publish","type":"post","link":"https:\/\/www.fiscalia.gov.co\/colombia\/seccionales\/seccional-pasto\/condenado-a-mas-de-41-anos-de-prision-feminicida-de-una-menor-en-el-tablon-de-gomez-narino\/","title":{"rendered":"Condenado a m\u00e1s de 41 a\u00f1os de prisi\u00f3n feminicida de una menor en El Tabl\u00f3n de G\u00f3mez (Nari\u00f1o)\u00a0"},"content":{"rendered":"<p><span lang=\"ES\">El juez cuarto penal del circuito de Pasto, con funci\u00f3n de conocimiento, aval\u00f3 el preacuerdo que el procesado Jos\u00e9 Peregrino Ord\u00f3\u00f1ez pact\u00f3 con la Fiscal\u00eda General de la Naci\u00f3n, y lo conden\u00f3 a\u00a0<b>41 a\u00f1os y 8 meses de prisi\u00f3n<\/b>\u00a0como autor material del delito de\u00a0<b>feminicidio agravado.<\/b>\u00a0\u00a0<\/span><\/p>\n<p><span lang=\"ES\">El crimen ocurri\u00f3 el pasado 8 de enero, mientras la v\u00edctima de 14 a\u00f1os, quien se desplazaba por un camino de la\u00a0<b>vereda El Silencio<\/b>\u00a0en el municipio\u00a0<b>El Tabl\u00f3n de G\u00f3mez (Nari\u00f1o)<\/b>\u00a0para llevarle el almuerzo a su pap\u00e1, fue interceptada por Peregrino Ord\u00f3\u00f1ez.<\/span><span lang=\"ES\">\u00a0\u00a0<\/span><\/p>\n<p><span lang=\"ES\">El padre al ver que la ni\u00f1a no llegaba sali\u00f3 a buscarla, y fue cuando encontr\u00f3 su cuerpo tirado por la v\u00eda, con\u00a0<b>heridas causadas con un arma cortopunzante<\/b>.\u00a0\u00a0<\/span><\/p>\n<p><span lang=\"ES\">De acuerdo con la investigaci\u00f3n de la Fiscal\u00eda,\u00a0el sentenciado asesin\u00f3 a la ni\u00f1a en una zona desolada, al propinarle\u00a0<\/span><a href=\"https:\/\/fiscalia.gov.co\/colombia\/hay-justicia\/fiscalia-logro-condenas-ejemplares-contra-los-implicados-en-dos-feminicidios-ocurridos-en-bogota-y-v0\" target=\"_blank\" rel=\"noopener noreferrer\" data-saferedirecturl=\"https:\/\/www.google.com\/url?q=https:\/\/fiscalia.gov.co\/colombia\/hay-justicia\/fiscalia-logro-condenas-ejemplares-contra-los-implicados-en-dos-feminicidios-ocurridos-en-bogota-y-v0&amp;source=gmail&amp;ust=1623764919111000&amp;usg=AFQjCNFLZabnOel4EHuKZReohy9i6HRj6A\"><span lang=\"ES\">m\u00faltiples heridas<\/span><\/a><span lang=\"ES\">.\u00a0<\/span><span lang=\"ES\">\u00a0\u00a0<\/span><\/p>\n<p><span lang=\"ES\">Las evidencias recogidas por los investigadores de la\u00a0<b>Polic\u00eda Nacional<\/b>\u00a0y el\u00a0<b>CTI<\/b>\u00a0de la Fiscal\u00eda en menos de 48 horas, en el lugar de los hechos, permitieron la identificaci\u00f3n y judicializaci\u00f3n del condenado. En su momento, algunos habitantes de la zona indicaron haberlo visto en el sitio. Adem\u00e1s, el arma fue recuperada en un r\u00edo cerca del sitio.\u00a0<\/span><\/p>\n<p><span lang=\"ES\">El hombre fue capturado el 15 de enero cuando sal\u00eda de un centro m\u00e9dico, pues por un testimonio se conoci\u00f3 que, una vez se vio descubierto, pretendi\u00f3 quitarse la vida.\u00a0 \u00a0<\/span><\/p>\n<p><span lang=\"ES\">Aunque en las audiencias preliminares el investigado no acept\u00f3 su responsabilidad, el pasado 19 de mayo, durante la audiencia de acusaci\u00f3n, decidi\u00f3 preacordar con el ente acusador.<\/span><\/p>\n<p><span lang=\"ES\">La defensa del procesado no present\u00f3 recursos y la sentencia qued\u00f3 en firme.\u00a0\u00a0<\/span><\/p>\n<p><span lang=\"ES\">La Fiscal\u00eda General de la Naci\u00f3n habla con resultados.\u00a0\u00a0\u00a0<\/span><span lang=\"ES\">\u00a0<\/span><\/p>\n<p><span lang=\"ES\">JGPV\/JPC\/DLBM\u00a0<\/span><\/p>\n<p><b><span lang=\"ES\">Le puede interesar:\u00a0<\/span><\/b><a href=\"https:\/\/www.fiscalia.gov.co\/colombia\/hay-justicia\/condenado-a-42-anos-de-prision-por-feminicidio-agravado-de-su-pareja-menor-de-edad-en-narino\/\" target=\"_blank\" rel=\"noopener noreferrer\" data-saferedirecturl=\"https:\/\/www.google.com\/url?q=https:\/\/www.fiscalia.gov.co\/colombia\/hay-justicia\/condenado-a-42-anos-de-prision-por-feminicidio-agravado-de-su-pareja-menor-de-edad-en-narino\/&amp;source=gmail&amp;ust=1623764919111000&amp;usg=AFQjCNH4T0VqEzcP8YO5GKz3N0PNou0Sug\"><span lang=\"ES\">Condenado a 42 a\u00f1os de prisi\u00f3n por feminicidio agravado de su pareja menor de edad en Nari\u00f1o<\/span><\/a><b><span lang=\"ES\">\u00a0<\/span><\/b><\/p>\n\n<div class=\"twitter-share\"><a href=\"https:\/\/twitter.com\/intent\/tweet?via=fiscaliacol\" class=\"twitter-share-button\">Tweet<\/a><\/div>\n","protected":false},"excerpt":{"rendered":"<p>El juez cuarto penal del circuito de Pasto, con funci\u00f3n de conocimiento, aval\u00f3 el preacuerdo que el procesado Jos\u00e9 Peregrino Ord\u00f3\u00f1ez pact\u00f3 con la Fiscal\u00eda General de la Naci\u00f3n, y [&hellip;]<\/p>\n","protected":false},"author":175,"featured_media":0,"comment_status":"closed","ping_status":"open","sticky":false,"template":"","format":"video","meta":{"tdm_status":"","tdm_grid_status":"","footnotes":""},"categories":[24174,334],"tags":[25568,24401,24188],"class_list":["post-222084","post","type-post","status-publish","format-video","category-hay-justicia","category-seccional-pasto","tag-condena-feminicidio","tag-fiscal-barbosa-delgado","tag-fiscal-francisco-barbosa","post_format-post-format-video"],"yoast_head":"<!-- This site is optimized with the Yoast SEO plugin v24.3 - https:\/\/yoast.com\/wordpress\/plugins\/seo\/ -->\n<title>Fiscal\u00eda General de la Naci\u00f3n<\/title>\n<meta name=\"description\" content=\"P\u00e1gina oficial de la Fiscal\u00eda General de la Naci\u00f3n \u2013 Colombia. Garantizamos el acceso efectivo a la justicia, la verdad y la reparaci\u00f3n de las v\u00edctimas de los delitos.\" \/>\n<meta name=\"robots\" content=\"noindex, follow\" \/>\n<meta property=\"og:locale\" content=\"es_ES\" \/>\n<meta property=\"og:type\" content=\"article\" \/>\n<meta property=\"og:title\" content=\"Fiscal\u00eda General de la Naci\u00f3n\" \/>\n<meta property=\"og:description\" content=\"P\u00e1gina oficial de la Fiscal\u00eda General de la Naci\u00f3n \u2013 Colombia. Garantizamos el acceso efectivo a la justicia, la verdad y la reparaci\u00f3n de las v\u00edctimas de los delitos.\" \/>\n<meta property=\"og:url\" content=\"https:\/\/www.fiscalia.gov.co\/colombia\/seccionales\/seccional-pasto\/condenado-a-mas-de-41-anos-de-prision-feminicida-de-una-menor-en-el-tablon-de-gomez-narino\/\" \/>\n<meta property=\"og:site_name\" content=\"Fiscal\u00eda General de la Naci\u00f3n\" \/>\n<meta property=\"article:publisher\" content=\"https:\/\/www.facebook.com\/FiscaliaCol\" \/>\n<meta property=\"article:published_time\" content=\"2021-06-14T14:37:31+00:00\" \/>\n<meta property=\"article:modified_time\" content=\"2021-06-18T14:23:18+00:00\" \/>\n<meta name=\"author\" content=\"Katherine Loaiza Mart\u00ednez\" \/>\n<meta name=\"twitter:card\" content=\"summary_large_image\" \/>\n<meta name=\"twitter:creator\" content=\"@FiscaliaCol\" \/>\n<meta name=\"twitter:site\" content=\"@FiscaliaCol\" \/>\n<meta name=\"twitter:label1\" content=\"Escrito por\" \/>\n\t<meta name=\"twitter:data1\" content=\"Katherine Loaiza Mart\u00ednez\" \/>\n\t<meta name=\"twitter:label2\" content=\"Tiempo de lectura\" \/>\n\t<meta name=\"twitter:data2\" content=\"2 minutos\" \/>\n<script type=\"application\/ld+json\" class=\"yoast-schema-graph\">{\"@context\":\"https:\/\/schema.org\",\"@graph\":[{\"@type\":\"Article\",\"@id\":\"https:\/\/www.fiscalia.gov.co\/colombia\/seccionales\/seccional-pasto\/condenado-a-mas-de-41-anos-de-prision-feminicida-de-una-menor-en-el-tablon-de-gomez-narino\/#article\",\"isPartOf\":{\"@id\":\"https:\/\/www.fiscalia.gov.co\/colombia\/seccionales\/seccional-pasto\/condenado-a-mas-de-41-anos-de-prision-feminicida-de-una-menor-en-el-tablon-de-gomez-narino\/\"},\"author\":{\"name\":\"Katherine Loaiza Mart\u00ednez\",\"@id\":\"https:\/\/www.fiscalia.gov.co\/colombia\/#\/schema\/person\/2e76b9aba5ecf875ed565ce4de0e0415\"},\"headline\":\"Condenado a m\u00e1s de 41 a\u00f1os de prisi\u00f3n feminicida de una menor en El Tabl\u00f3n de G\u00f3mez (Nari\u00f1o)\u00a0\",\"datePublished\":\"2021-06-14T14:37:31+00:00\",\"dateModified\":\"2021-06-18T14:23:18+00:00\",\"mainEntityOfPage\":{\"@id\":\"https:\/\/www.fiscalia.gov.co\/colombia\/seccionales\/seccional-pasto\/condenado-a-mas-de-41-anos-de-prision-feminicida-de-una-menor-en-el-tablon-de-gomez-narino\/\"},\"wordCount\":352,\"publisher\":{\"@id\":\"https:\/\/www.fiscalia.gov.co\/colombia\/#organization\"},\"keywords\":[\"condena feminicidio\",\"Fiscal Barbosa Delgado\",\"Fiscal Francisco Barbosa\"],\"articleSection\":[\"Hay Justicia\",\"Seccional Pasto\"],\"inLanguage\":\"es-CO\"},{\"@type\":\"WebPage\",\"@id\":\"https:\/\/www.fiscalia.gov.co\/colombia\/seccionales\/seccional-pasto\/condenado-a-mas-de-41-anos-de-prision-feminicida-de-una-menor-en-el-tablon-de-gomez-narino\/\",\"url\":\"https:\/\/www.fiscalia.gov.co\/colombia\/seccionales\/seccional-pasto\/condenado-a-mas-de-41-anos-de-prision-feminicida-de-una-menor-en-el-tablon-de-gomez-narino\/\",\"name\":\"Fiscal\u00eda General de la Naci\u00f3n\",\"isPartOf\":{\"@id\":\"https:\/\/www.fiscalia.gov.co\/colombia\/#website\"},\"datePublished\":\"2021-06-14T14:37:31+00:00\",\"dateModified\":\"2021-06-18T14:23:18+00:00\",\"description\":\"P\u00e1gina oficial de la Fiscal\u00eda General de la Naci\u00f3n \u2013 Colombia. Garantizamos el acceso efectivo a la justicia, la verdad y la reparaci\u00f3n de las v\u00edctimas de los delitos.\",\"breadcrumb\":{\"@id\":\"https:\/\/www.fiscalia.gov.co\/colombia\/seccionales\/seccional-pasto\/condenado-a-mas-de-41-anos-de-prision-feminicida-de-una-menor-en-el-tablon-de-gomez-narino\/#breadcrumb\"},\"inLanguage\":\"es-CO\",\"potentialAction\":[{\"@type\":\"ReadAction\",\"target\":[\"https:\/\/www.fiscalia.gov.co\/colombia\/seccionales\/seccional-pasto\/condenado-a-mas-de-41-anos-de-prision-feminicida-de-una-menor-en-el-tablon-de-gomez-narino\/\"]}]},{\"@type\":\"BreadcrumbList\",\"@id\":\"https:\/\/www.fiscalia.gov.co\/colombia\/seccionales\/seccional-pasto\/condenado-a-mas-de-41-anos-de-prision-feminicida-de-una-menor-en-el-tablon-de-gomez-narino\/#breadcrumb\",\"itemListElement\":[{\"@type\":\"ListItem\",\"position\":1,\"name\":\"Home\",\"item\":\"https:\/\/www.fiscalia.gov.co\/colombia\/\"},{\"@type\":\"ListItem\",\"position\":2,\"name\":\"Condenado a m\u00e1s de 41 a\u00f1os de prisi\u00f3n feminicida de una menor en El Tabl\u00f3n de G\u00f3mez (Nari\u00f1o)\u00a0\"}]},{\"@type\":\"WebSite\",\"@id\":\"https:\/\/www.fiscalia.gov.co\/colombia\/#website\",\"url\":\"https:\/\/www.fiscalia.gov.co\/colombia\/\",\"name\":\"Fiscal\u00eda General de la Naci\u00f3n\",\"description\":\"P\u00e1gina oficial de la Fiscal\u00eda General de la Naci\u00f3n \u2013 Colombia. Garantizamos el acceso efectivo a la justicia, la verdad y la reparaci\u00f3n de las v\u00edctimas de los delitos.\",\"publisher\":{\"@id\":\"https:\/\/www.fiscalia.gov.co\/colombia\/#organization\"},\"potentialAction\":[{\"@type\":\"SearchAction\",\"target\":{\"@type\":\"EntryPoint\",\"urlTemplate\":\"https:\/\/www.fiscalia.gov.co\/colombia\/?s={search_term_string}\"},\"query-input\":{\"@type\":\"PropertyValueSpecification\",\"valueRequired\":true,\"valueName\":\"search_term_string\"}}],\"inLanguage\":\"es-CO\"},{\"@type\":\"Organization\",\"@id\":\"https:\/\/www.fiscalia.gov.co\/colombia\/#organization\",\"name\":\"Fiscal\u00eda General de la Naci\u00f3n\",\"url\":\"https:\/\/www.fiscalia.gov.co\/colombia\/\",\"logo\":{\"@type\":\"ImageObject\",\"inLanguage\":\"es-CO\",\"@id\":\"https:\/\/www.fiscalia.gov.co\/colombia\/#\/schema\/logo\/image\/\",\"url\":\"https:\/\/www.fiscalia.gov.co\/colombia\/wp-content\/uploads\/LogoHorizontal_1.jpg\",\"contentUrl\":\"https:\/\/www.fiscalia.gov.co\/colombia\/wp-content\/uploads\/LogoHorizontal_1.jpg\",\"width\":300,\"height\":90,\"caption\":\"Fiscal\u00eda General de la Naci\u00f3n\"},\"image\":{\"@id\":\"https:\/\/www.fiscalia.gov.co\/colombia\/#\/schema\/logo\/image\/\"},\"sameAs\":[\"https:\/\/www.facebook.com\/FiscaliaCol\",\"https:\/\/x.com\/FiscaliaCol\",\"https:\/\/www.instagram.com\/fiscaliacol\",\"https:\/\/www.linkedin.com\/company\/fiscalia-general-de-la-naci-n\/\",\"https:\/\/youtube.com\/@fiscaliageneraldelanacion-4668?si=6nN79nyQICPU5iTh\"]},{\"@type\":\"Person\",\"@id\":\"https:\/\/www.fiscalia.gov.co\/colombia\/#\/schema\/person\/2e76b9aba5ecf875ed565ce4de0e0415\",\"name\":\"Katherine Loaiza Mart\u00ednez\",\"image\":{\"@type\":\"ImageObject\",\"inLanguage\":\"es-CO\",\"@id\":\"https:\/\/www.fiscalia.gov.co\/colombia\/#\/schema\/person\/image\/\",\"url\":\"https:\/\/secure.gravatar.com\/avatar\/ab775a2f394c1b83b6d6f78680e57b50?s=96&d=mm&r=g\",\"contentUrl\":\"https:\/\/secure.gravatar.com\/avatar\/ab775a2f394c1b83b6d6f78680e57b50?s=96&d=mm&r=g\",\"caption\":\"Katherine Loaiza Mart\u00ednez\"},\"url\":\"https:\/\/www.fiscalia.gov.co\/colombia\/author\/kloaiza\/\"}]}<\/script>\n<!-- \/ Yoast SEO plugin. -->","yoast_head_json":{"title":"Fiscal\u00eda General de la Naci\u00f3n","description":"P\u00e1gina oficial de la Fiscal\u00eda General de la Naci\u00f3n \u2013 Colombia. Garantizamos el acceso efectivo a la justicia, la verdad y la reparaci\u00f3n de las v\u00edctimas de los delitos.","robots":{"index":"noindex","follow":"follow"},"og_locale":"es_ES","og_type":"article","og_title":"Fiscal\u00eda General de la Naci\u00f3n","og_description":"P\u00e1gina oficial de la Fiscal\u00eda General de la Naci\u00f3n \u2013 Colombia. Garantizamos el acceso efectivo a la justicia, la verdad y la reparaci\u00f3n de las v\u00edctimas de los delitos.","og_url":"https:\/\/www.fiscalia.gov.co\/colombia\/seccionales\/seccional-pasto\/condenado-a-mas-de-41-anos-de-prision-feminicida-de-una-menor-en-el-tablon-de-gomez-narino\/","og_site_name":"Fiscal\u00eda General de la Naci\u00f3n","article_publisher":"https:\/\/www.facebook.com\/FiscaliaCol","article_published_time":"2021-06-14T14:37:31+00:00","article_modified_time":"2021-06-18T14:23:18+00:00","author":"Katherine Loaiza Mart\u00ednez","twitter_card":"summary_large_image","twitter_creator":"@FiscaliaCol","twitter_site":"@FiscaliaCol","twitter_misc":{"Escrito por":"Katherine Loaiza Mart\u00ednez","Tiempo de lectura":"2 minutos"},"schema":{"@context":"https:\/\/schema.org","@graph":[{"@type":"Article","@id":"https:\/\/www.fiscalia.gov.co\/colombia\/seccionales\/seccional-pasto\/condenado-a-mas-de-41-anos-de-prision-feminicida-de-una-menor-en-el-tablon-de-gomez-narino\/#article","isPartOf":{"@id":"https:\/\/www.fiscalia.gov.co\/colombia\/seccionales\/seccional-pasto\/condenado-a-mas-de-41-anos-de-prision-feminicida-de-una-menor-en-el-tablon-de-gomez-narino\/"},"author":{"name":"Katherine Loaiza Mart\u00ednez","@id":"https:\/\/www.fiscalia.gov.co\/colombia\/#\/schema\/person\/2e76b9aba5ecf875ed565ce4de0e0415"},"headline":"Condenado a m\u00e1s de 41 a\u00f1os de prisi\u00f3n feminicida de una menor en El Tabl\u00f3n de G\u00f3mez (Nari\u00f1o)\u00a0","datePublished":"2021-06-14T14:37:31+00:00","dateModified":"2021-06-18T14:23:18+00:00","mainEntityOfPage":{"@id":"https:\/\/www.fiscalia.gov.co\/colombia\/seccionales\/seccional-pasto\/condenado-a-mas-de-41-anos-de-prision-feminicida-de-una-menor-en-el-tablon-de-gomez-narino\/"},"wordCount":352,"publisher":{"@id":"https:\/\/www.fiscalia.gov.co\/colombia\/#organization"},"keywords":["condena feminicidio","Fiscal Barbosa Delgado","Fiscal Francisco Barbosa"],"articleSection":["Hay Justicia","Seccional Pasto"],"inLanguage":"es-CO"},{"@type":"WebPage","@id":"https:\/\/www.fiscalia.gov.co\/colombia\/seccionales\/seccional-pasto\/condenado-a-mas-de-41-anos-de-prision-feminicida-de-una-menor-en-el-tablon-de-gomez-narino\/","url":"https:\/\/www.fiscalia.gov.co\/colombia\/seccionales\/seccional-pasto\/condenado-a-mas-de-41-anos-de-prision-feminicida-de-una-menor-en-el-tablon-de-gomez-narino\/","name":"Fiscal\u00eda General de la Naci\u00f3n","isPartOf":{"@id":"https:\/\/www.fiscalia.gov.co\/colombia\/#website"},"datePublished":"2021-06-14T14:37:31+00:00","dateModified":"2021-06-18T14:23:18+00:00","description":"P\u00e1gina oficial de la Fiscal\u00eda General de la Naci\u00f3n \u2013 Colombia. Garantizamos el acceso efectivo a la justicia, la verdad y la reparaci\u00f3n de las v\u00edctimas de los delitos.","breadcrumb":{"@id":"https:\/\/www.fiscalia.gov.co\/colombia\/seccionales\/seccional-pasto\/condenado-a-mas-de-41-anos-de-prision-feminicida-de-una-menor-en-el-tablon-de-gomez-narino\/#breadcrumb"},"inLanguage":"es-CO","potentialAction":[{"@type":"ReadAction","target":["https:\/\/www.fiscalia.gov.co\/colombia\/seccionales\/seccional-pasto\/condenado-a-mas-de-41-anos-de-prision-feminicida-de-una-menor-en-el-tablon-de-gomez-narino\/"]}]},{"@type":"BreadcrumbList","@id":"https:\/\/www.fiscalia.gov.co\/colombia\/seccionales\/seccional-pasto\/condenado-a-mas-de-41-anos-de-prision-feminicida-de-una-menor-en-el-tablon-de-gomez-narino\/#breadcrumb","itemListElement":[{"@type":"ListItem","position":1,"name":"Home","item":"https:\/\/www.fiscalia.gov.co\/colombia\/"},{"@type":"ListItem","position":2,"name":"Condenado a m\u00e1s de 41 a\u00f1os de prisi\u00f3n feminicida de una menor en El Tabl\u00f3n de G\u00f3mez (Nari\u00f1o)\u00a0"}]},{"@type":"WebSite","@id":"https:\/\/www.fiscalia.gov.co\/colombia\/#website","url":"https:\/\/www.fiscalia.gov.co\/colombia\/","name":"Fiscal\u00eda General de la Naci\u00f3n","description":"P\u00e1gina oficial de la Fiscal\u00eda General de la Naci\u00f3n \u2013 Colombia. Garantizamos el acceso efectivo a la justicia, la verdad y la reparaci\u00f3n de las v\u00edctimas de los delitos.","publisher":{"@id":"https:\/\/www.fiscalia.gov.co\/colombia\/#organization"},"potentialAction":[{"@type":"SearchAction","target":{"@type":"EntryPoint","urlTemplate":"https:\/\/www.fiscalia.gov.co\/colombia\/?s={search_term_string}"},"query-input":{"@type":"PropertyValueSpecification","valueRequired":true,"valueName":"search_term_string"}}],"inLanguage":"es-CO"},{"@type":"Organization","@id":"https:\/\/www.fiscalia.gov.co\/colombia\/#organization","name":"Fiscal\u00eda General de la Naci\u00f3n","url":"https:\/\/www.fiscalia.gov.co\/colombia\/","logo":{"@type":"ImageObject","inLanguage":"es-CO","@id":"https:\/\/www.fiscalia.gov.co\/colombia\/#\/schema\/logo\/image\/","url":"https:\/\/www.fiscalia.gov.co\/colombia\/wp-content\/uploads\/LogoHorizontal_1.jpg","contentUrl":"https:\/\/www.fiscalia.gov.co\/colombia\/wp-content\/uploads\/LogoHorizontal_1.jpg","width":300,"height":90,"caption":"Fiscal\u00eda General de la Naci\u00f3n"},"image":{"@id":"https:\/\/www.fiscalia.gov.co\/colombia\/#\/schema\/logo\/image\/"},"sameAs":["https:\/\/www.facebook.com\/FiscaliaCol","https:\/\/x.com\/FiscaliaCol","https:\/\/www.instagram.com\/fiscaliacol","https:\/\/www.linkedin.com\/company\/fiscalia-general-de-la-naci-n\/","https:\/\/youtube.com\/@fiscaliageneraldelanacion-4668?si=6nN79nyQICPU5iTh"]},{"@type":"Person","@id":"https:\/\/www.fiscalia.gov.co\/colombia\/#\/schema\/person\/2e76b9aba5ecf875ed565ce4de0e0415","name":"Katherine Loaiza Mart\u00ednez","image":{"@type":"ImageObject","inLanguage":"es-CO","@id":"https:\/\/www.fiscalia.gov.co\/colombia\/#\/schema\/person\/image\/","url":"https:\/\/secure.gravatar.com\/avatar\/ab775a2f394c1b83b6d6f78680e57b50?s=96&d=mm&r=g","contentUrl":"https:\/\/secure.gravatar.com\/avatar\/ab775a2f394c1b83b6d6f78680e57b50?s=96&d=mm&r=g","caption":"Katherine Loaiza Mart\u00ednez"},"url":"https:\/\/www.fiscalia.gov.co\/colombia\/author\/kloaiza\/"}]}},"_links":{"self":[{"href":"https:\/\/www.fiscalia.gov.co\/colombia\/wp-json\/wp\/v2\/posts\/222084","targetHints":{"allow":["GET"]}}],"collection":[{"href":"https:\/\/www.fiscalia.gov.co\/colombia\/wp-json\/wp\/v2\/posts"}],"about":[{"href":"https:\/\/www.fiscalia.gov.co\/colombia\/wp-json\/wp\/v2\/types\/post"}],"author":[{"embeddable":true,"href":"https:\/\/www.fiscalia.gov.co\/colombia\/wp-json\/wp\/v2\/users\/175"}],"replies":[{"embeddable":true,"href":"https:\/\/www.fiscalia.gov.co\/colombia\/wp-json\/wp\/v2\/comments?post=222084"}],"version-history":[{"count":1,"href":"https:\/\/www.fiscalia.gov.co\/colombia\/wp-json\/wp\/v2\/posts\/222084\/revisions"}],"predecessor-version":[{"id":222086,"href":"https:\/\/www.fiscalia.gov.co\/colombia\/wp-json\/wp\/v2\/posts\/222084\/revisions\/222086"}],"wp:attachment":[{"href":"https:\/\/www.fiscalia.gov.co\/colombia\/wp-json\/wp\/v2\/media?parent=222084"}],"wp:term":[{"taxonomy":"category","embeddable":true,"href":"https:\/\/www.fiscalia.gov.co\/colombia\/wp-json\/wp\/v2\/categories?post=222084"},{"taxonomy":"post_tag","embeddable":true,"href":"https:\/\/www.fiscalia.gov.co\/colombia\/wp-json\/wp\/v2\/tags?post=222084"}],"curies":[{"name":"wp","href":"https:\/\/api.w.org\/{rel}","templated":true}]}}