{"id":222082,"date":"2021-06-13T17:32:30","date_gmt":"2021-06-13T22:32:30","guid":{"rendered":"https:\/\/www.fiscalia.gov.co\/colombia\/?p=222082"},"modified":"2021-06-13T17:32:30","modified_gmt":"2021-06-13T22:32:30","slug":"fiscalia-judicializo-a-un-hombre-que-habria-abusado-sexualmente-de-un-joven-con-discapacidad-moderada","status":"publish","type":"post","link":"https:\/\/www.fiscalia.gov.co\/colombia\/seccionales\/seccional-ibague\/fiscalia-judicializo-a-un-hombre-que-habria-abusado-sexualmente-de-un-joven-con-discapacidad-moderada\/","title":{"rendered":"Fiscal\u00eda judicializ\u00f3 a un hombre que habr\u00eda abusado sexualmente de un joven con discapacidad moderada"},"content":{"rendered":"<h4 align=\"justify\"><strong><span style=\"font-size: medium;\"><span style=\"color: #212121;\"><span lang=\"es\"><i>A pesar de la petici\u00f3n de la Fiscal\u00eda de imponer en contra del procesado medida carcelaria, el juez del caso dispuso detenci\u00f3n domiciliaria. La determinaci\u00f3n del juez fue apelada por la Fiscal\u00eda.<\/i><\/span><\/span><\/span><\/strong><\/h4>\n<p align=\"justify\"><span style=\"font-size: medium;\"><span style=\"color: #212121;\"><span lang=\"es\">Personal del Cuerpo T\u00e9cnico de Investigaci\u00f3n (CTI) adscrito a la unidad Caivas, con el apoyo del grupo Operativo y de Capturas de la Fiscal\u00eda General de la Naci\u00f3n, Seccional Tolima, y el acompa\u00f1amiento del Ej\u00e9rcito Nacional captur\u00f3 en el barrio Ricaurte de Ibagu\u00e9 a Jos\u00e9 Leonardo Barrero Vargas, de 54 a\u00f1os de edad.<\/span><\/span><\/span><\/p>\n<p align=\"justify\"><span style=\"font-size: medium;\"><span style=\"color: #212121;\"><span lang=\"es\">Barrero era requerido por las autoridades debido a su presunta participaci\u00f3n en el delito de\u00a0<\/span><\/span><a href=\"https:\/\/www.fiscalia.gov.co\/colombia\/seccionales\/en-huila-privado-de-la-libertad-por-presunto-abuso-sexual-de-una-mujer-con-esquizofrenia\/\" target=\"_blank\" rel=\"noopener noreferrer\" data-saferedirecturl=\"https:\/\/www.google.com\/url?q=https:\/\/www.fiscalia.gov.co\/colombia\/seccionales\/en-huila-privado-de-la-libertad-por-presunto-abuso-sexual-de-una-mujer-con-esquizofrenia\/&amp;source=gmail&amp;ust=1623688943229000&amp;usg=AFQjCNHm5GHYSEqAsu6aAo0s-QeaY5rv8A\"><span><span lang=\"es\">acceso carnal o acto sexual en persona puesta en incapacidad de resistir<\/span><\/span><\/a><span style=\"color: #212121;\"><span lang=\"es\">, el cual le fue imputado por la Fiscal\u00eda.<\/span><\/span><\/span><\/p>\n<p align=\"justify\"><span style=\"font-size: medium;\"><span><span lang=\"es\">Los hechos investigados tuvieron lugar el 7 de mayo de 2021 en la vereda El Moral, corregimiento de Tapias, zona rural de Ibagu\u00e9 (Tolima). Seg\u00fan se dio a conocer el procesado aprovech\u00f3 la vulnerabilidad de la vivienda de la v\u00edctima, lo mismo que la ausencia de la madre de esta, para ingresar al lugar y abusar del joven de 22 a\u00f1os de edad, quien presenta una discapacidad cognitiva moderada.<\/span><\/span><\/span><\/p>\n<p align=\"justify\"><span style=\"font-size: medium;\"><span><span lang=\"es\">La condici\u00f3n del joven, se precisa en el proceso, hace que a\u00fan en edad adulta presente una condici\u00f3n cognitiva similar a la de un ni\u00f1o de 9 a\u00f1os de edad.<\/span><\/span><\/span><\/p>\n<p align=\"justify\"><span style=\"font-size: medium;\"><span><span lang=\"es\">El implicado, se narra en la denuncia, huy\u00f3 del lugar al ser sorprendido por la madre de la v\u00edctima. Labores de polic\u00eda judicial permitieron su plena identificaci\u00f3n.<\/span><\/span><\/span><\/p>\n<p align=\"justify\"><span style=\"font-size: medium;\"><span><span lang=\"es\">El juez del caso no acogi\u00f3 la solicitud de la Fiscal\u00eda en cuanto a imponer medida carcelaria para el implicado, y en su lugar dispuso aseguramiento domiciliario. Esta determinaci\u00f3n fue apelada por la representante del ente judicial, debido a que en su criterio la gravedad de los hechos amerita reclusi\u00f3n carcelaria.<\/span><\/span><\/span><\/p>\n<p align=\"justify\"><span style=\"font-size: medium;\"><span><span lang=\"es\">La pr\u00f3xima audiencia ser\u00e1 de acusaci\u00f3n.<\/span><\/span><\/span><\/p>\n<p align=\"justify\"><span style=\"font-size: medium;\"><span><span lang=\"es\">La Fiscal\u00eda habla con resultados.<\/span><\/span><\/span><\/p>\n<p align=\"justify\"><span style=\"font-size: medium;\"><span style=\"color: #212121;\"><span lang=\"es\"><b>PAAM\/MAGA<\/b><\/span><\/span><span style=\"color: #1f497d;\"><span lang=\"es\"><b>\/CGP<\/b><\/span><\/span><\/span><\/p>\n<p align=\"justify\"><span style=\"font-size: medium;\"><span style=\"color: black;\">\u00a0<\/span><\/span><\/p>\n<p align=\"justify\"><span style=\"font-size: medium;\"><span style=\"color: #222222;\"><span lang=\"es\"><i>La informaci\u00f3n contenida en este bolet\u00edn de prensa corresponde a la narraci\u00f3n de los hechos noticiosos objetivos, suministrados por los funcionarios encargados de adelantar las investigaciones penales al interior de la Fiscal\u00eda General de la Naci\u00f3n. Para el momento de la divulgaci\u00f3n de este comunicado, la situaci\u00f3n jur\u00eddica de la(s) persona(s) relacionada(s) se encuentra pendiente de resolver por la autoridad judicial competente, siempre bajo los preceptos de la presunci\u00f3n de inocencia, consagrados en el art\u00edculo 29 de la Constituci\u00f3n Pol\u00edtica y el art\u00edculo 7\u00ba de la Ley 906 de 2004.<\/i><\/span><\/span><span style=\"color: #212121;\"><span lang=\"es\">\u00a0<\/span><\/span><\/span><\/p>\n\n<div class=\"twitter-share\"><a href=\"https:\/\/twitter.com\/intent\/tweet?via=fiscaliacol\" class=\"twitter-share-button\">Tweet<\/a><\/div>\n","protected":false},"excerpt":{"rendered":"<p>A pesar de la petici\u00f3n de la Fiscal\u00eda de imponer en contra del procesado medida carcelaria, el juez del caso dispuso detenci\u00f3n domiciliaria. La determinaci\u00f3n del juez fue apelada por [&hellip;]<\/p>\n","protected":false},"author":175,"featured_media":0,"comment_status":"closed","ping_status":"open","sticky":false,"template":"","format":"standard","meta":{"tdm_status":"","tdm_grid_status":"","footnotes":""},"categories":[329,24127],"tags":[27347,2245,27348,2369,27349,3393,24401,24188,1047,12189,2299,25283],"class_list":["post-222082","post","type-post","status-publish","format-standard","category-seccional-ibague","category-violencia-sexual-e-intrafamiliar","tag-acceso-carnal-violento-con-persona-puesta-en-incapacidad-de-resistir","tag-caivas","tag-corregimiento-tapias","tag-de4litos-sexuales","tag-discapacidad-cognitiva-moderada","tag-ejercito-nacional","tag-fiscal-barbosa-delgado","tag-fiscal-francisco-barbosa","tag-fiscalia-general-de-la-nacion","tag-tolima","tag-violencia-sexual","tag-zona-rural-de-ibague"],"yoast_head":"<!-- This site is optimized with the Yoast SEO plugin v24.3 - https:\/\/yoast.com\/wordpress\/plugins\/seo\/ -->\n<title>Fiscal\u00eda General de la Naci\u00f3n<\/title>\n<meta name=\"description\" content=\"P\u00e1gina oficial de la Fiscal\u00eda General de la Naci\u00f3n \u2013 Colombia. Garantizamos el acceso efectivo a la justicia, la verdad y la reparaci\u00f3n de las v\u00edctimas de los delitos.\" \/>\n<meta name=\"robots\" content=\"noindex, follow\" \/>\n<meta property=\"og:locale\" content=\"es_ES\" \/>\n<meta property=\"og:type\" content=\"article\" \/>\n<meta property=\"og:title\" content=\"Fiscal\u00eda General de la Naci\u00f3n\" \/>\n<meta property=\"og:description\" content=\"P\u00e1gina oficial de la Fiscal\u00eda General de la Naci\u00f3n \u2013 Colombia. Garantizamos el acceso efectivo a la justicia, la verdad y la reparaci\u00f3n de las v\u00edctimas de los delitos.\" \/>\n<meta property=\"og:url\" content=\"https:\/\/www.fiscalia.gov.co\/colombia\/seccionales\/seccional-ibague\/fiscalia-judicializo-a-un-hombre-que-habria-abusado-sexualmente-de-un-joven-con-discapacidad-moderada\/\" \/>\n<meta property=\"og:site_name\" content=\"Fiscal\u00eda General de la Naci\u00f3n\" \/>\n<meta property=\"article:publisher\" content=\"https:\/\/www.facebook.com\/FiscaliaCol\" \/>\n<meta property=\"article:published_time\" content=\"2021-06-13T22:32:30+00:00\" \/>\n<meta name=\"author\" content=\"Katherine Loaiza Mart\u00ednez\" \/>\n<meta name=\"twitter:card\" content=\"summary_large_image\" \/>\n<meta name=\"twitter:creator\" content=\"@FiscaliaCol\" \/>\n<meta name=\"twitter:site\" content=\"@FiscaliaCol\" \/>\n<meta name=\"twitter:label1\" content=\"Escrito por\" \/>\n\t<meta name=\"twitter:data1\" content=\"Katherine Loaiza Mart\u00ednez\" \/>\n\t<meta name=\"twitter:label2\" content=\"Tiempo de lectura\" \/>\n\t<meta name=\"twitter:data2\" content=\"2 minutos\" \/>\n<script type=\"application\/ld+json\" class=\"yoast-schema-graph\">{\"@context\":\"https:\/\/schema.org\",\"@graph\":[{\"@type\":\"Article\",\"@id\":\"https:\/\/www.fiscalia.gov.co\/colombia\/seccionales\/seccional-ibague\/fiscalia-judicializo-a-un-hombre-que-habria-abusado-sexualmente-de-un-joven-con-discapacidad-moderada\/#article\",\"isPartOf\":{\"@id\":\"https:\/\/www.fiscalia.gov.co\/colombia\/seccionales\/seccional-ibague\/fiscalia-judicializo-a-un-hombre-que-habria-abusado-sexualmente-de-un-joven-con-discapacidad-moderada\/\"},\"author\":{\"name\":\"Katherine Loaiza Mart\u00ednez\",\"@id\":\"https:\/\/www.fiscalia.gov.co\/colombia\/#\/schema\/person\/2e76b9aba5ecf875ed565ce4de0e0415\"},\"headline\":\"Fiscal\u00eda judicializ\u00f3 a un hombre que habr\u00eda abusado sexualmente de un joven con discapacidad moderada\",\"datePublished\":\"2021-06-13T22:32:30+00:00\",\"dateModified\":\"2021-06-13T22:32:30+00:00\",\"mainEntityOfPage\":{\"@id\":\"https:\/\/www.fiscalia.gov.co\/colombia\/seccionales\/seccional-ibague\/fiscalia-judicializo-a-un-hombre-que-habria-abusado-sexualmente-de-un-joven-con-discapacidad-moderada\/\"},\"wordCount\":456,\"publisher\":{\"@id\":\"https:\/\/www.fiscalia.gov.co\/colombia\/#organization\"},\"keywords\":[\"acceso carnal violento con persona puesta en incapacidad de resistir\",\"Caivas\",\"corregimiento Tapias\",\"Delitos sexuales\",\"discapacidad cognitiva moderada\",\"Ej\u00e9rcito Nacional\",\"Fiscal Barbosa Delgado\",\"Fiscal Francisco Barbosa\",\"Fiscal\u00eda General de la Naci\u00f3n\",\"Tolima\",\"Violencia sexual\",\"zona rural de Ibagu\u00e9\"],\"articleSection\":[\"Seccional Ibagu\u00e9\",\"Violencia sexual e intrafamiliar\"],\"inLanguage\":\"es-CO\"},{\"@type\":\"WebPage\",\"@id\":\"https:\/\/www.fiscalia.gov.co\/colombia\/seccionales\/seccional-ibague\/fiscalia-judicializo-a-un-hombre-que-habria-abusado-sexualmente-de-un-joven-con-discapacidad-moderada\/\",\"url\":\"https:\/\/www.fiscalia.gov.co\/colombia\/seccionales\/seccional-ibague\/fiscalia-judicializo-a-un-hombre-que-habria-abusado-sexualmente-de-un-joven-con-discapacidad-moderada\/\",\"name\":\"Fiscal\u00eda General de la Naci\u00f3n\",\"isPartOf\":{\"@id\":\"https:\/\/www.fiscalia.gov.co\/colombia\/#website\"},\"datePublished\":\"2021-06-13T22:32:30+00:00\",\"dateModified\":\"2021-06-13T22:32:30+00:00\",\"description\":\"P\u00e1gina oficial de la Fiscal\u00eda General de la Naci\u00f3n \u2013 Colombia. Garantizamos el acceso efectivo a la justicia, la verdad y la reparaci\u00f3n de las v\u00edctimas de los delitos.\",\"breadcrumb\":{\"@id\":\"https:\/\/www.fiscalia.gov.co\/colombia\/seccionales\/seccional-ibague\/fiscalia-judicializo-a-un-hombre-que-habria-abusado-sexualmente-de-un-joven-con-discapacidad-moderada\/#breadcrumb\"},\"inLanguage\":\"es-CO\",\"potentialAction\":[{\"@type\":\"ReadAction\",\"target\":[\"https:\/\/www.fiscalia.gov.co\/colombia\/seccionales\/seccional-ibague\/fiscalia-judicializo-a-un-hombre-que-habria-abusado-sexualmente-de-un-joven-con-discapacidad-moderada\/\"]}]},{\"@type\":\"BreadcrumbList\",\"@id\":\"https:\/\/www.fiscalia.gov.co\/colombia\/seccionales\/seccional-ibague\/fiscalia-judicializo-a-un-hombre-que-habria-abusado-sexualmente-de-un-joven-con-discapacidad-moderada\/#breadcrumb\",\"itemListElement\":[{\"@type\":\"ListItem\",\"position\":1,\"name\":\"Home\",\"item\":\"https:\/\/www.fiscalia.gov.co\/colombia\/\"},{\"@type\":\"ListItem\",\"position\":2,\"name\":\"Fiscal\u00eda judicializ\u00f3 a un hombre que habr\u00eda abusado sexualmente de un joven con discapacidad moderada\"}]},{\"@type\":\"WebSite\",\"@id\":\"https:\/\/www.fiscalia.gov.co\/colombia\/#website\",\"url\":\"https:\/\/www.fiscalia.gov.co\/colombia\/\",\"name\":\"Fiscal\u00eda General de la Naci\u00f3n\",\"description\":\"P\u00e1gina oficial de la Fiscal\u00eda General de la Naci\u00f3n \u2013 Colombia. Garantizamos el acceso efectivo a la justicia, la verdad y la reparaci\u00f3n de las v\u00edctimas de los delitos.\",\"publisher\":{\"@id\":\"https:\/\/www.fiscalia.gov.co\/colombia\/#organization\"},\"potentialAction\":[{\"@type\":\"SearchAction\",\"target\":{\"@type\":\"EntryPoint\",\"urlTemplate\":\"https:\/\/www.fiscalia.gov.co\/colombia\/?s={search_term_string}\"},\"query-input\":{\"@type\":\"PropertyValueSpecification\",\"valueRequired\":true,\"valueName\":\"search_term_string\"}}],\"inLanguage\":\"es-CO\"},{\"@type\":\"Organization\",\"@id\":\"https:\/\/www.fiscalia.gov.co\/colombia\/#organization\",\"name\":\"Fiscal\u00eda General de la Naci\u00f3n\",\"url\":\"https:\/\/www.fiscalia.gov.co\/colombia\/\",\"logo\":{\"@type\":\"ImageObject\",\"inLanguage\":\"es-CO\",\"@id\":\"https:\/\/www.fiscalia.gov.co\/colombia\/#\/schema\/logo\/image\/\",\"url\":\"https:\/\/www.fiscalia.gov.co\/colombia\/wp-content\/uploads\/LogoHorizontal_1.jpg\",\"contentUrl\":\"https:\/\/www.fiscalia.gov.co\/colombia\/wp-content\/uploads\/LogoHorizontal_1.jpg\",\"width\":300,\"height\":90,\"caption\":\"Fiscal\u00eda General de la Naci\u00f3n\"},\"image\":{\"@id\":\"https:\/\/www.fiscalia.gov.co\/colombia\/#\/schema\/logo\/image\/\"},\"sameAs\":[\"https:\/\/www.facebook.com\/FiscaliaCol\",\"https:\/\/x.com\/FiscaliaCol\",\"https:\/\/www.instagram.com\/fiscaliacol\",\"https:\/\/www.linkedin.com\/company\/fiscalia-general-de-la-naci-n\/\",\"https:\/\/youtube.com\/@fiscaliageneraldelanacion-4668?si=6nN79nyQICPU5iTh\"]},{\"@type\":\"Person\",\"@id\":\"https:\/\/www.fiscalia.gov.co\/colombia\/#\/schema\/person\/2e76b9aba5ecf875ed565ce4de0e0415\",\"name\":\"Katherine Loaiza Mart\u00ednez\",\"image\":{\"@type\":\"ImageObject\",\"inLanguage\":\"es-CO\",\"@id\":\"https:\/\/www.fiscalia.gov.co\/colombia\/#\/schema\/person\/image\/\",\"url\":\"https:\/\/secure.gravatar.com\/avatar\/ab775a2f394c1b83b6d6f78680e57b50?s=96&d=mm&r=g\",\"contentUrl\":\"https:\/\/secure.gravatar.com\/avatar\/ab775a2f394c1b83b6d6f78680e57b50?s=96&d=mm&r=g\",\"caption\":\"Katherine Loaiza Mart\u00ednez\"},\"url\":\"https:\/\/www.fiscalia.gov.co\/colombia\/author\/kloaiza\/\"}]}<\/script>\n<!-- \/ Yoast SEO plugin. -->","yoast_head_json":{"title":"Fiscal\u00eda General de la Naci\u00f3n","description":"P\u00e1gina oficial de la Fiscal\u00eda General de la Naci\u00f3n \u2013 Colombia. Garantizamos el acceso efectivo a la justicia, la verdad y la reparaci\u00f3n de las v\u00edctimas de los delitos.","robots":{"index":"noindex","follow":"follow"},"og_locale":"es_ES","og_type":"article","og_title":"Fiscal\u00eda General de la Naci\u00f3n","og_description":"P\u00e1gina oficial de la Fiscal\u00eda General de la Naci\u00f3n \u2013 Colombia. Garantizamos el acceso efectivo a la justicia, la verdad y la reparaci\u00f3n de las v\u00edctimas de los delitos.","og_url":"https:\/\/www.fiscalia.gov.co\/colombia\/seccionales\/seccional-ibague\/fiscalia-judicializo-a-un-hombre-que-habria-abusado-sexualmente-de-un-joven-con-discapacidad-moderada\/","og_site_name":"Fiscal\u00eda General de la Naci\u00f3n","article_publisher":"https:\/\/www.facebook.com\/FiscaliaCol","article_published_time":"2021-06-13T22:32:30+00:00","author":"Katherine Loaiza Mart\u00ednez","twitter_card":"summary_large_image","twitter_creator":"@FiscaliaCol","twitter_site":"@FiscaliaCol","twitter_misc":{"Escrito por":"Katherine Loaiza Mart\u00ednez","Tiempo de lectura":"2 minutos"},"schema":{"@context":"https:\/\/schema.org","@graph":[{"@type":"Article","@id":"https:\/\/www.fiscalia.gov.co\/colombia\/seccionales\/seccional-ibague\/fiscalia-judicializo-a-un-hombre-que-habria-abusado-sexualmente-de-un-joven-con-discapacidad-moderada\/#article","isPartOf":{"@id":"https:\/\/www.fiscalia.gov.co\/colombia\/seccionales\/seccional-ibague\/fiscalia-judicializo-a-un-hombre-que-habria-abusado-sexualmente-de-un-joven-con-discapacidad-moderada\/"},"author":{"name":"Katherine Loaiza Mart\u00ednez","@id":"https:\/\/www.fiscalia.gov.co\/colombia\/#\/schema\/person\/2e76b9aba5ecf875ed565ce4de0e0415"},"headline":"Fiscal\u00eda judicializ\u00f3 a un hombre que habr\u00eda abusado sexualmente de un joven con discapacidad moderada","datePublished":"2021-06-13T22:32:30+00:00","dateModified":"2021-06-13T22:32:30+00:00","mainEntityOfPage":{"@id":"https:\/\/www.fiscalia.gov.co\/colombia\/seccionales\/seccional-ibague\/fiscalia-judicializo-a-un-hombre-que-habria-abusado-sexualmente-de-un-joven-con-discapacidad-moderada\/"},"wordCount":456,"publisher":{"@id":"https:\/\/www.fiscalia.gov.co\/colombia\/#organization"},"keywords":["acceso carnal violento con persona puesta en incapacidad de resistir","Caivas","corregimiento Tapias","Delitos sexuales","discapacidad cognitiva moderada","Ej\u00e9rcito Nacional","Fiscal Barbosa Delgado","Fiscal Francisco Barbosa","Fiscal\u00eda General de la Naci\u00f3n","Tolima","Violencia sexual","zona rural de Ibagu\u00e9"],"articleSection":["Seccional Ibagu\u00e9","Violencia sexual e intrafamiliar"],"inLanguage":"es-CO"},{"@type":"WebPage","@id":"https:\/\/www.fiscalia.gov.co\/colombia\/seccionales\/seccional-ibague\/fiscalia-judicializo-a-un-hombre-que-habria-abusado-sexualmente-de-un-joven-con-discapacidad-moderada\/","url":"https:\/\/www.fiscalia.gov.co\/colombia\/seccionales\/seccional-ibague\/fiscalia-judicializo-a-un-hombre-que-habria-abusado-sexualmente-de-un-joven-con-discapacidad-moderada\/","name":"Fiscal\u00eda General de la Naci\u00f3n","isPartOf":{"@id":"https:\/\/www.fiscalia.gov.co\/colombia\/#website"},"datePublished":"2021-06-13T22:32:30+00:00","dateModified":"2021-06-13T22:32:30+00:00","description":"P\u00e1gina oficial de la Fiscal\u00eda General de la Naci\u00f3n \u2013 Colombia. Garantizamos el acceso efectivo a la justicia, la verdad y la reparaci\u00f3n de las v\u00edctimas de los delitos.","breadcrumb":{"@id":"https:\/\/www.fiscalia.gov.co\/colombia\/seccionales\/seccional-ibague\/fiscalia-judicializo-a-un-hombre-que-habria-abusado-sexualmente-de-un-joven-con-discapacidad-moderada\/#breadcrumb"},"inLanguage":"es-CO","potentialAction":[{"@type":"ReadAction","target":["https:\/\/www.fiscalia.gov.co\/colombia\/seccionales\/seccional-ibague\/fiscalia-judicializo-a-un-hombre-que-habria-abusado-sexualmente-de-un-joven-con-discapacidad-moderada\/"]}]},{"@type":"BreadcrumbList","@id":"https:\/\/www.fiscalia.gov.co\/colombia\/seccionales\/seccional-ibague\/fiscalia-judicializo-a-un-hombre-que-habria-abusado-sexualmente-de-un-joven-con-discapacidad-moderada\/#breadcrumb","itemListElement":[{"@type":"ListItem","position":1,"name":"Home","item":"https:\/\/www.fiscalia.gov.co\/colombia\/"},{"@type":"ListItem","position":2,"name":"Fiscal\u00eda judicializ\u00f3 a un hombre que habr\u00eda abusado sexualmente de un joven con discapacidad moderada"}]},{"@type":"WebSite","@id":"https:\/\/www.fiscalia.gov.co\/colombia\/#website","url":"https:\/\/www.fiscalia.gov.co\/colombia\/","name":"Fiscal\u00eda General de la Naci\u00f3n","description":"P\u00e1gina oficial de la Fiscal\u00eda General de la Naci\u00f3n \u2013 Colombia. Garantizamos el acceso efectivo a la justicia, la verdad y la reparaci\u00f3n de las v\u00edctimas de los delitos.","publisher":{"@id":"https:\/\/www.fiscalia.gov.co\/colombia\/#organization"},"potentialAction":[{"@type":"SearchAction","target":{"@type":"EntryPoint","urlTemplate":"https:\/\/www.fiscalia.gov.co\/colombia\/?s={search_term_string}"},"query-input":{"@type":"PropertyValueSpecification","valueRequired":true,"valueName":"search_term_string"}}],"inLanguage":"es-CO"},{"@type":"Organization","@id":"https:\/\/www.fiscalia.gov.co\/colombia\/#organization","name":"Fiscal\u00eda General de la Naci\u00f3n","url":"https:\/\/www.fiscalia.gov.co\/colombia\/","logo":{"@type":"ImageObject","inLanguage":"es-CO","@id":"https:\/\/www.fiscalia.gov.co\/colombia\/#\/schema\/logo\/image\/","url":"https:\/\/www.fiscalia.gov.co\/colombia\/wp-content\/uploads\/LogoHorizontal_1.jpg","contentUrl":"https:\/\/www.fiscalia.gov.co\/colombia\/wp-content\/uploads\/LogoHorizontal_1.jpg","width":300,"height":90,"caption":"Fiscal\u00eda General de la Naci\u00f3n"},"image":{"@id":"https:\/\/www.fiscalia.gov.co\/colombia\/#\/schema\/logo\/image\/"},"sameAs":["https:\/\/www.facebook.com\/FiscaliaCol","https:\/\/x.com\/FiscaliaCol","https:\/\/www.instagram.com\/fiscaliacol","https:\/\/www.linkedin.com\/company\/fiscalia-general-de-la-naci-n\/","https:\/\/youtube.com\/@fiscaliageneraldelanacion-4668?si=6nN79nyQICPU5iTh"]},{"@type":"Person","@id":"https:\/\/www.fiscalia.gov.co\/colombia\/#\/schema\/person\/2e76b9aba5ecf875ed565ce4de0e0415","name":"Katherine Loaiza Mart\u00ednez","image":{"@type":"ImageObject","inLanguage":"es-CO","@id":"https:\/\/www.fiscalia.gov.co\/colombia\/#\/schema\/person\/image\/","url":"https:\/\/secure.gravatar.com\/avatar\/ab775a2f394c1b83b6d6f78680e57b50?s=96&d=mm&r=g","contentUrl":"https:\/\/secure.gravatar.com\/avatar\/ab775a2f394c1b83b6d6f78680e57b50?s=96&d=mm&r=g","caption":"Katherine Loaiza Mart\u00ednez"},"url":"https:\/\/www.fiscalia.gov.co\/colombia\/author\/kloaiza\/"}]}},"_links":{"self":[{"href":"https:\/\/www.fiscalia.gov.co\/colombia\/wp-json\/wp\/v2\/posts\/222082","targetHints":{"allow":["GET"]}}],"collection":[{"href":"https:\/\/www.fiscalia.gov.co\/colombia\/wp-json\/wp\/v2\/posts"}],"about":[{"href":"https:\/\/www.fiscalia.gov.co\/colombia\/wp-json\/wp\/v2\/types\/post"}],"author":[{"embeddable":true,"href":"https:\/\/www.fiscalia.gov.co\/colombia\/wp-json\/wp\/v2\/users\/175"}],"replies":[{"embeddable":true,"href":"https:\/\/www.fiscalia.gov.co\/colombia\/wp-json\/wp\/v2\/comments?post=222082"}],"version-history":[{"count":1,"href":"https:\/\/www.fiscalia.gov.co\/colombia\/wp-json\/wp\/v2\/posts\/222082\/revisions"}],"predecessor-version":[{"id":222083,"href":"https:\/\/www.fiscalia.gov.co\/colombia\/wp-json\/wp\/v2\/posts\/222082\/revisions\/222083"}],"wp:attachment":[{"href":"https:\/\/www.fiscalia.gov.co\/colombia\/wp-json\/wp\/v2\/media?parent=222082"}],"wp:term":[{"taxonomy":"category","embeddable":true,"href":"https:\/\/www.fiscalia.gov.co\/colombia\/wp-json\/wp\/v2\/categories?post=222082"},{"taxonomy":"post_tag","embeddable":true,"href":"https:\/\/www.fiscalia.gov.co\/colombia\/wp-json\/wp\/v2\/tags?post=222082"}],"curies":[{"name":"wp","href":"https:\/\/api.w.org\/{rel}","templated":true}]}}