{"id":222075,"date":"2021-06-13T11:32:52","date_gmt":"2021-06-13T16:32:52","guid":{"rendered":"https:\/\/www.fiscalia.gov.co\/colombia\/?p=222075"},"modified":"2021-06-18T09:20:56","modified_gmt":"2021-06-18T14:20:56","slug":"fiscalia-pone-al-descubierto-red-delictiva-senalada-de-auspiciar-la-caza-ilegal-de-chiguiro-y-la-comercializacion-de-su-carne","status":"publish","type":"post","link":"https:\/\/www.fiscalia.gov.co\/colombia\/dano-al-medio-ambiente\/fiscalia-pone-al-descubierto-red-delictiva-senalada-de-auspiciar-la-caza-ilegal-de-chiguiro-y-la-comercializacion-de-su-carne\/","title":{"rendered":"Fiscal\u00eda\u00a0 pone al descubierto red delictiva se\u00f1alada de auspiciar la caza ilegal de chig\u00fciro y la comercializaci\u00f3n de su carne"},"content":{"rendered":"<h4><strong><em>Cinco personas fueron judicializadas, entre ellas los presuntos cabecillas y financiadores de la actividad ilegal, y el supuesto cazador de la especie silvestre en la Orinoqu\u00eda.<\/em><\/strong><\/h4>\n<p>Las acciones investigativas de la Direcci\u00f3n Especializada contra las Violaciones a los Derechos Humanos de la Fiscal\u00eda, en articulaci\u00f3n con la Direcci\u00f3n de Protecci\u00f3n y Servicios Especiales de la Polic\u00eda Nacional (DIPRO), puso al descubierto una red delictiva se\u00f1alada de promover la caza indiscriminada de chig\u00fciros y la comercializaci\u00f3n ilegal de la carne en Bogot\u00e1, la Costa Atl\u00e1ntica, Santander, Norte de Santander y otras zonas del pa\u00eds.<\/p>\n<p>Cinco presuntos integrantes de esta organizaci\u00f3n il\u00edcita fueron capturados y presentados ante un juez de control de garant\u00edas, entre ellos los hermanos Yeison Javier y Juan Camilo Sosa L\u00f3pez. Estos dos hombres ser\u00edan los cabecillas y financiadores de toda la actividad criminal, desde la captura de los animales en las sabanas y los cuerpos de agua de Casanare, hasta el sacrificio y posterior distribuci\u00f3n de la carne.<\/p>\n<p>De acuerdo con el material de prueba, la carne era vendida a plazas de mercado y restaurantes. A estos puntos, al parecer, era trasladada en veh\u00edculos acondicionados para el transporte de pescado. De esta forma intentaban evadir a las autoridades; sin embargo, hay indicios de que llegaba en mal estado y p\u00e9simas condiciones para el consumo humano.<\/p>\n<p>En Colombia, el chig\u00fciro es una especie silvestre protegida y catalogada como patrimonio natural, por los que su caza est\u00e1 prohibida para garantizar la conservaci\u00f3n y supervivencia. Excepcionalmente, se permite con permisos y licencias ambientales, requisitos que no reun\u00eda la estructura delincuencial afectada.<\/p>\n<p>En ese sentido, la Fiscal\u00eda imput\u00f3 a los detenidos los delitos de concierto para delinquir agravado e il\u00edcito aprovechamiento de los recursos renovables.<\/p>\n<p>Por disposici\u00f3n del juez de control de garant\u00edas los hermanos Sosa L\u00f3pez; as\u00ed como Germ\u00e1n Rodr\u00edguez Romero, quien ser\u00eda el cazador principal de chig\u00fciro en Casanare, recibieron medida de aseguramiento privativa de la libertad en el lugar de residencia.<\/p>\n<p>Los otros dos investigados deber\u00e1n cumplir medias no privativas de la libertad, ellos son: Pedro Alberto Vargas Sanabria y C\u00e9sar Augusto Becerra, presuntos transportadores y \u00a0distribuidores.<\/p>\n<p><strong><u>Incautaciones<\/u><\/strong><\/p>\n<p>En seis meses de investigaci\u00f3n la Fiscal\u00eda y la Polic\u00eda Nacional le incautaron cerca de cuatro toneladas de carne de chig\u00fciro a esta organizaci\u00f3n, en dos operativos distintos realizados en Bogot\u00e1 y Yopal (Casanare). En las diligencias quedaron en evidencia las p\u00e9simas condiciones de salubridad en las que se almacenaba y transportaba el producto.<\/p>\n<p>Adicionalmente, se obtuvo informaci\u00f3n que ha sido de relevancia para identificar a los se\u00f1alados cabecillas de la red, al supuesto principal cazador y a los encargados de la distribuci\u00f3n de la carne.<\/p>\n<p>LMBG\/JARG\/MRC<\/p>\n<p><strong>La Fiscal\u00eda habla con resultados.<\/strong><\/p>\n<p><em>La informaci\u00f3n contenida en este bolet\u00edn de prensa corresponde a la narraci\u00f3n de los hechos noticiosos objetivos, suministrados por los funcionarios encargados de adelantar las investigaciones penales al interior de la Fiscal\u00eda General de la Naci\u00f3n. Para el momento de la divulgaci\u00f3n de este comunicado, la situaci\u00f3n jur\u00eddica de la(s) persona(s) relacionada(s) se encuentra pendiente de resolver por la autoridad judicial competente, siempre bajo los preceptos de la presunci\u00f3n de inocencia, consagrados en el art\u00edculo 29 de la Constituci\u00f3n Pol\u00edtica y el art\u00edculo 7\u00ba de la Ley 906 de 2004.<\/em><\/p>\n\n<div class=\"twitter-share\"><a href=\"https:\/\/twitter.com\/intent\/tweet?via=fiscaliacol\" class=\"twitter-share-button\">Tweet<\/a><\/div>\n","protected":false},"excerpt":{"rendered":"<p>Cinco personas fueron judicializadas, entre ellas los presuntos cabecillas y financiadores de la actividad ilegal, y el supuesto cazador de la especie silvestre en la Orinoqu\u00eda. Las acciones investigativas de la Direcci\u00f3n Especializada contra las Violaciones a los Derechos Humanos de la Fiscal\u00eda, en articulaci\u00f3n con la Direcci\u00f3n de Protecci\u00f3n y Servicios Especiales de la [&hellip;]<\/p>\n","protected":false},"author":175,"featured_media":0,"comment_status":"closed","ping_status":"open","sticky":false,"template":"","format":"video","meta":{"tdm_status":"","tdm_grid_status":"","footnotes":""},"categories":[24124],"tags":[24401,24189,13168],"class_list":{"0":"post-222075","1":"post","2":"type-post","3":"status-publish","4":"format-video","6":"category-dano-al-medio-ambiente","7":"tag-fiscal-barbosa-delgado","8":"tag-fiscal-francisco-barbosa-delgado","9":"tag-trafico-de-especies-en-via-de-extincion","10":"post_format-post-format-video"},"yoast_head":"<!-- This site is optimized with the Yoast SEO plugin v24.3 - https:\/\/yoast.com\/wordpress\/plugins\/seo\/ -->\n<title>Fiscal\u00eda General de la Naci\u00f3n<\/title>\n<meta name=\"description\" content=\"P\u00e1gina oficial de la Fiscal\u00eda General de la Naci\u00f3n \u2013 Colombia. Garantizamos el acceso efectivo a la justicia, la verdad y la reparaci\u00f3n de las v\u00edctimas de los delitos.\" \/>\n<meta name=\"robots\" content=\"noindex, follow\" \/>\n<meta property=\"og:locale\" content=\"es_ES\" \/>\n<meta property=\"og:type\" content=\"article\" \/>\n<meta property=\"og:title\" content=\"Fiscal\u00eda General de la Naci\u00f3n\" \/>\n<meta property=\"og:description\" content=\"P\u00e1gina oficial de la Fiscal\u00eda General de la Naci\u00f3n \u2013 Colombia. Garantizamos el acceso efectivo a la justicia, la verdad y la reparaci\u00f3n de las v\u00edctimas de los delitos.\" \/>\n<meta property=\"og:url\" content=\"https:\/\/www.fiscalia.gov.co\/colombia\/dano-al-medio-ambiente\/fiscalia-pone-al-descubierto-red-delictiva-senalada-de-auspiciar-la-caza-ilegal-de-chiguiro-y-la-comercializacion-de-su-carne\/\" \/>\n<meta property=\"og:site_name\" content=\"Fiscal\u00eda General de la Naci\u00f3n\" \/>\n<meta property=\"article:publisher\" content=\"https:\/\/www.facebook.com\/FiscaliaCol\" \/>\n<meta property=\"article:published_time\" content=\"2021-06-13T16:32:52+00:00\" \/>\n<meta property=\"article:modified_time\" content=\"2021-06-18T14:20:56+00:00\" \/>\n<meta name=\"author\" content=\"Katherine Loaiza Mart\u00ednez\" \/>\n<meta name=\"twitter:card\" content=\"summary_large_image\" \/>\n<meta name=\"twitter:creator\" content=\"@FiscaliaCol\" \/>\n<meta name=\"twitter:site\" content=\"@FiscaliaCol\" \/>\n<meta name=\"twitter:label1\" content=\"Escrito por\" \/>\n\t<meta name=\"twitter:data1\" content=\"Katherine Loaiza Mart\u00ednez\" \/>\n\t<meta name=\"twitter:label2\" content=\"Tiempo de lectura\" \/>\n\t<meta name=\"twitter:data2\" content=\"3 minutos\" \/>\n<script type=\"application\/ld+json\" class=\"yoast-schema-graph\">{\"@context\":\"https:\/\/schema.org\",\"@graph\":[{\"@type\":\"Article\",\"@id\":\"https:\/\/www.fiscalia.gov.co\/colombia\/dano-al-medio-ambiente\/fiscalia-pone-al-descubierto-red-delictiva-senalada-de-auspiciar-la-caza-ilegal-de-chiguiro-y-la-comercializacion-de-su-carne\/#article\",\"isPartOf\":{\"@id\":\"https:\/\/www.fiscalia.gov.co\/colombia\/dano-al-medio-ambiente\/fiscalia-pone-al-descubierto-red-delictiva-senalada-de-auspiciar-la-caza-ilegal-de-chiguiro-y-la-comercializacion-de-su-carne\/\"},\"author\":{\"name\":\"Katherine Loaiza Mart\u00ednez\",\"@id\":\"https:\/\/www.fiscalia.gov.co\/colombia\/#\/schema\/person\/2e76b9aba5ecf875ed565ce4de0e0415\"},\"headline\":\"Fiscal\u00eda\u00a0 pone al descubierto red delictiva se\u00f1alada de auspiciar la caza ilegal de chig\u00fciro y la comercializaci\u00f3n de su carne\",\"datePublished\":\"2021-06-13T16:32:52+00:00\",\"dateModified\":\"2021-06-18T14:20:56+00:00\",\"mainEntityOfPage\":{\"@id\":\"https:\/\/www.fiscalia.gov.co\/colombia\/dano-al-medio-ambiente\/fiscalia-pone-al-descubierto-red-delictiva-senalada-de-auspiciar-la-caza-ilegal-de-chiguiro-y-la-comercializacion-de-su-carne\/\"},\"wordCount\":613,\"publisher\":{\"@id\":\"https:\/\/www.fiscalia.gov.co\/colombia\/#organization\"},\"keywords\":[\"Fiscal Barbosa Delgado\",\"Fiscal Francisco Barbosa Delgado\",\"Tr\u00e1fico de especies en v\u00eda de extinci\u00f3n\"],\"articleSection\":[\"Da\u00f1o al medio ambiente\"],\"inLanguage\":\"es-CO\"},{\"@type\":\"WebPage\",\"@id\":\"https:\/\/www.fiscalia.gov.co\/colombia\/dano-al-medio-ambiente\/fiscalia-pone-al-descubierto-red-delictiva-senalada-de-auspiciar-la-caza-ilegal-de-chiguiro-y-la-comercializacion-de-su-carne\/\",\"url\":\"https:\/\/www.fiscalia.gov.co\/colombia\/dano-al-medio-ambiente\/fiscalia-pone-al-descubierto-red-delictiva-senalada-de-auspiciar-la-caza-ilegal-de-chiguiro-y-la-comercializacion-de-su-carne\/\",\"name\":\"Fiscal\u00eda General de la Naci\u00f3n\",\"isPartOf\":{\"@id\":\"https:\/\/www.fiscalia.gov.co\/colombia\/#website\"},\"datePublished\":\"2021-06-13T16:32:52+00:00\",\"dateModified\":\"2021-06-18T14:20:56+00:00\",\"description\":\"P\u00e1gina oficial de la Fiscal\u00eda General de la Naci\u00f3n \u2013 Colombia. Garantizamos el acceso efectivo a la justicia, la verdad y la reparaci\u00f3n de las v\u00edctimas de los delitos.\",\"breadcrumb\":{\"@id\":\"https:\/\/www.fiscalia.gov.co\/colombia\/dano-al-medio-ambiente\/fiscalia-pone-al-descubierto-red-delictiva-senalada-de-auspiciar-la-caza-ilegal-de-chiguiro-y-la-comercializacion-de-su-carne\/#breadcrumb\"},\"inLanguage\":\"es-CO\",\"potentialAction\":[{\"@type\":\"ReadAction\",\"target\":[\"https:\/\/www.fiscalia.gov.co\/colombia\/dano-al-medio-ambiente\/fiscalia-pone-al-descubierto-red-delictiva-senalada-de-auspiciar-la-caza-ilegal-de-chiguiro-y-la-comercializacion-de-su-carne\/\"]}]},{\"@type\":\"BreadcrumbList\",\"@id\":\"https:\/\/www.fiscalia.gov.co\/colombia\/dano-al-medio-ambiente\/fiscalia-pone-al-descubierto-red-delictiva-senalada-de-auspiciar-la-caza-ilegal-de-chiguiro-y-la-comercializacion-de-su-carne\/#breadcrumb\",\"itemListElement\":[{\"@type\":\"ListItem\",\"position\":1,\"name\":\"Home\",\"item\":\"https:\/\/www.fiscalia.gov.co\/colombia\/\"},{\"@type\":\"ListItem\",\"position\":2,\"name\":\"Fiscal\u00eda\u00a0 pone al descubierto red delictiva se\u00f1alada de auspiciar la caza ilegal de chig\u00fciro y la comercializaci\u00f3n de su carne\"}]},{\"@type\":\"WebSite\",\"@id\":\"https:\/\/www.fiscalia.gov.co\/colombia\/#website\",\"url\":\"https:\/\/www.fiscalia.gov.co\/colombia\/\",\"name\":\"Fiscal\u00eda General de la Naci\u00f3n\",\"description\":\"P\u00e1gina oficial de la Fiscal\u00eda General de la Naci\u00f3n \u2013 Colombia. Garantizamos el acceso efectivo a la justicia, la verdad y la reparaci\u00f3n de las v\u00edctimas de los delitos.\",\"publisher\":{\"@id\":\"https:\/\/www.fiscalia.gov.co\/colombia\/#organization\"},\"potentialAction\":[{\"@type\":\"SearchAction\",\"target\":{\"@type\":\"EntryPoint\",\"urlTemplate\":\"https:\/\/www.fiscalia.gov.co\/colombia\/?s={search_term_string}\"},\"query-input\":{\"@type\":\"PropertyValueSpecification\",\"valueRequired\":true,\"valueName\":\"search_term_string\"}}],\"inLanguage\":\"es-CO\"},{\"@type\":\"Organization\",\"@id\":\"https:\/\/www.fiscalia.gov.co\/colombia\/#organization\",\"name\":\"Fiscal\u00eda General de la Naci\u00f3n\",\"url\":\"https:\/\/www.fiscalia.gov.co\/colombia\/\",\"logo\":{\"@type\":\"ImageObject\",\"inLanguage\":\"es-CO\",\"@id\":\"https:\/\/www.fiscalia.gov.co\/colombia\/#\/schema\/logo\/image\/\",\"url\":\"https:\/\/www.fiscalia.gov.co\/colombia\/wp-content\/uploads\/LogoHorizontal_1.jpg\",\"contentUrl\":\"https:\/\/www.fiscalia.gov.co\/colombia\/wp-content\/uploads\/LogoHorizontal_1.jpg\",\"width\":300,\"height\":90,\"caption\":\"Fiscal\u00eda General de la Naci\u00f3n\"},\"image\":{\"@id\":\"https:\/\/www.fiscalia.gov.co\/colombia\/#\/schema\/logo\/image\/\"},\"sameAs\":[\"https:\/\/www.facebook.com\/FiscaliaCol\",\"https:\/\/x.com\/FiscaliaCol\",\"https:\/\/www.instagram.com\/fiscaliacol\",\"https:\/\/www.linkedin.com\/company\/fiscalia-general-de-la-naci-n\/\",\"https:\/\/youtube.com\/@fiscaliageneraldelanacion-4668?si=6nN79nyQICPU5iTh\"]},{\"@type\":\"Person\",\"@id\":\"https:\/\/www.fiscalia.gov.co\/colombia\/#\/schema\/person\/2e76b9aba5ecf875ed565ce4de0e0415\",\"name\":\"Katherine Loaiza Mart\u00ednez\",\"image\":{\"@type\":\"ImageObject\",\"inLanguage\":\"es-CO\",\"@id\":\"https:\/\/www.fiscalia.gov.co\/colombia\/#\/schema\/person\/image\/\",\"url\":\"https:\/\/secure.gravatar.com\/avatar\/ab775a2f394c1b83b6d6f78680e57b50?s=96&d=mm&r=g\",\"contentUrl\":\"https:\/\/secure.gravatar.com\/avatar\/ab775a2f394c1b83b6d6f78680e57b50?s=96&d=mm&r=g\",\"caption\":\"Katherine Loaiza Mart\u00ednez\"},\"url\":\"https:\/\/www.fiscalia.gov.co\/colombia\/author\/kloaiza\/\"}]}<\/script>\n<!-- \/ Yoast SEO plugin. -->","yoast_head_json":{"title":"Fiscal\u00eda General de la Naci\u00f3n","description":"P\u00e1gina oficial de la Fiscal\u00eda General de la Naci\u00f3n \u2013 Colombia. Garantizamos el acceso efectivo a la justicia, la verdad y la reparaci\u00f3n de las v\u00edctimas de los delitos.","robots":{"index":"noindex","follow":"follow"},"og_locale":"es_ES","og_type":"article","og_title":"Fiscal\u00eda General de la Naci\u00f3n","og_description":"P\u00e1gina oficial de la Fiscal\u00eda General de la Naci\u00f3n \u2013 Colombia. Garantizamos el acceso efectivo a la justicia, la verdad y la reparaci\u00f3n de las v\u00edctimas de los delitos.","og_url":"https:\/\/www.fiscalia.gov.co\/colombia\/dano-al-medio-ambiente\/fiscalia-pone-al-descubierto-red-delictiva-senalada-de-auspiciar-la-caza-ilegal-de-chiguiro-y-la-comercializacion-de-su-carne\/","og_site_name":"Fiscal\u00eda General de la Naci\u00f3n","article_publisher":"https:\/\/www.facebook.com\/FiscaliaCol","article_published_time":"2021-06-13T16:32:52+00:00","article_modified_time":"2021-06-18T14:20:56+00:00","author":"Katherine Loaiza Mart\u00ednez","twitter_card":"summary_large_image","twitter_creator":"@FiscaliaCol","twitter_site":"@FiscaliaCol","twitter_misc":{"Escrito por":"Katherine Loaiza Mart\u00ednez","Tiempo de lectura":"3 minutos"},"schema":{"@context":"https:\/\/schema.org","@graph":[{"@type":"Article","@id":"https:\/\/www.fiscalia.gov.co\/colombia\/dano-al-medio-ambiente\/fiscalia-pone-al-descubierto-red-delictiva-senalada-de-auspiciar-la-caza-ilegal-de-chiguiro-y-la-comercializacion-de-su-carne\/#article","isPartOf":{"@id":"https:\/\/www.fiscalia.gov.co\/colombia\/dano-al-medio-ambiente\/fiscalia-pone-al-descubierto-red-delictiva-senalada-de-auspiciar-la-caza-ilegal-de-chiguiro-y-la-comercializacion-de-su-carne\/"},"author":{"name":"Katherine Loaiza Mart\u00ednez","@id":"https:\/\/www.fiscalia.gov.co\/colombia\/#\/schema\/person\/2e76b9aba5ecf875ed565ce4de0e0415"},"headline":"Fiscal\u00eda\u00a0 pone al descubierto red delictiva se\u00f1alada de auspiciar la caza ilegal de chig\u00fciro y la comercializaci\u00f3n de su carne","datePublished":"2021-06-13T16:32:52+00:00","dateModified":"2021-06-18T14:20:56+00:00","mainEntityOfPage":{"@id":"https:\/\/www.fiscalia.gov.co\/colombia\/dano-al-medio-ambiente\/fiscalia-pone-al-descubierto-red-delictiva-senalada-de-auspiciar-la-caza-ilegal-de-chiguiro-y-la-comercializacion-de-su-carne\/"},"wordCount":613,"publisher":{"@id":"https:\/\/www.fiscalia.gov.co\/colombia\/#organization"},"keywords":["Fiscal Barbosa Delgado","Fiscal Francisco Barbosa Delgado","Tr\u00e1fico de especies en v\u00eda de extinci\u00f3n"],"articleSection":["Da\u00f1o al medio ambiente"],"inLanguage":"es-CO"},{"@type":"WebPage","@id":"https:\/\/www.fiscalia.gov.co\/colombia\/dano-al-medio-ambiente\/fiscalia-pone-al-descubierto-red-delictiva-senalada-de-auspiciar-la-caza-ilegal-de-chiguiro-y-la-comercializacion-de-su-carne\/","url":"https:\/\/www.fiscalia.gov.co\/colombia\/dano-al-medio-ambiente\/fiscalia-pone-al-descubierto-red-delictiva-senalada-de-auspiciar-la-caza-ilegal-de-chiguiro-y-la-comercializacion-de-su-carne\/","name":"Fiscal\u00eda General de la Naci\u00f3n","isPartOf":{"@id":"https:\/\/www.fiscalia.gov.co\/colombia\/#website"},"datePublished":"2021-06-13T16:32:52+00:00","dateModified":"2021-06-18T14:20:56+00:00","description":"P\u00e1gina oficial de la Fiscal\u00eda General de la Naci\u00f3n \u2013 Colombia. Garantizamos el acceso efectivo a la justicia, la verdad y la reparaci\u00f3n de las v\u00edctimas de los delitos.","breadcrumb":{"@id":"https:\/\/www.fiscalia.gov.co\/colombia\/dano-al-medio-ambiente\/fiscalia-pone-al-descubierto-red-delictiva-senalada-de-auspiciar-la-caza-ilegal-de-chiguiro-y-la-comercializacion-de-su-carne\/#breadcrumb"},"inLanguage":"es-CO","potentialAction":[{"@type":"ReadAction","target":["https:\/\/www.fiscalia.gov.co\/colombia\/dano-al-medio-ambiente\/fiscalia-pone-al-descubierto-red-delictiva-senalada-de-auspiciar-la-caza-ilegal-de-chiguiro-y-la-comercializacion-de-su-carne\/"]}]},{"@type":"BreadcrumbList","@id":"https:\/\/www.fiscalia.gov.co\/colombia\/dano-al-medio-ambiente\/fiscalia-pone-al-descubierto-red-delictiva-senalada-de-auspiciar-la-caza-ilegal-de-chiguiro-y-la-comercializacion-de-su-carne\/#breadcrumb","itemListElement":[{"@type":"ListItem","position":1,"name":"Home","item":"https:\/\/www.fiscalia.gov.co\/colombia\/"},{"@type":"ListItem","position":2,"name":"Fiscal\u00eda\u00a0 pone al descubierto red delictiva se\u00f1alada de auspiciar la caza ilegal de chig\u00fciro y la comercializaci\u00f3n de su carne"}]},{"@type":"WebSite","@id":"https:\/\/www.fiscalia.gov.co\/colombia\/#website","url":"https:\/\/www.fiscalia.gov.co\/colombia\/","name":"Fiscal\u00eda General de la Naci\u00f3n","description":"P\u00e1gina oficial de la Fiscal\u00eda General de la Naci\u00f3n \u2013 Colombia. Garantizamos el acceso efectivo a la justicia, la verdad y la reparaci\u00f3n de las v\u00edctimas de los delitos.","publisher":{"@id":"https:\/\/www.fiscalia.gov.co\/colombia\/#organization"},"potentialAction":[{"@type":"SearchAction","target":{"@type":"EntryPoint","urlTemplate":"https:\/\/www.fiscalia.gov.co\/colombia\/?s={search_term_string}"},"query-input":{"@type":"PropertyValueSpecification","valueRequired":true,"valueName":"search_term_string"}}],"inLanguage":"es-CO"},{"@type":"Organization","@id":"https:\/\/www.fiscalia.gov.co\/colombia\/#organization","name":"Fiscal\u00eda General de la Naci\u00f3n","url":"https:\/\/www.fiscalia.gov.co\/colombia\/","logo":{"@type":"ImageObject","inLanguage":"es-CO","@id":"https:\/\/www.fiscalia.gov.co\/colombia\/#\/schema\/logo\/image\/","url":"https:\/\/www.fiscalia.gov.co\/colombia\/wp-content\/uploads\/LogoHorizontal_1.jpg","contentUrl":"https:\/\/www.fiscalia.gov.co\/colombia\/wp-content\/uploads\/LogoHorizontal_1.jpg","width":300,"height":90,"caption":"Fiscal\u00eda General de la Naci\u00f3n"},"image":{"@id":"https:\/\/www.fiscalia.gov.co\/colombia\/#\/schema\/logo\/image\/"},"sameAs":["https:\/\/www.facebook.com\/FiscaliaCol","https:\/\/x.com\/FiscaliaCol","https:\/\/www.instagram.com\/fiscaliacol","https:\/\/www.linkedin.com\/company\/fiscalia-general-de-la-naci-n\/","https:\/\/youtube.com\/@fiscaliageneraldelanacion-4668?si=6nN79nyQICPU5iTh"]},{"@type":"Person","@id":"https:\/\/www.fiscalia.gov.co\/colombia\/#\/schema\/person\/2e76b9aba5ecf875ed565ce4de0e0415","name":"Katherine Loaiza Mart\u00ednez","image":{"@type":"ImageObject","inLanguage":"es-CO","@id":"https:\/\/www.fiscalia.gov.co\/colombia\/#\/schema\/person\/image\/","url":"https:\/\/secure.gravatar.com\/avatar\/ab775a2f394c1b83b6d6f78680e57b50?s=96&d=mm&r=g","contentUrl":"https:\/\/secure.gravatar.com\/avatar\/ab775a2f394c1b83b6d6f78680e57b50?s=96&d=mm&r=g","caption":"Katherine Loaiza Mart\u00ednez"},"url":"https:\/\/www.fiscalia.gov.co\/colombia\/author\/kloaiza\/"}]}},"_links":{"self":[{"href":"https:\/\/www.fiscalia.gov.co\/colombia\/wp-json\/wp\/v2\/posts\/222075","targetHints":{"allow":["GET"]}}],"collection":[{"href":"https:\/\/www.fiscalia.gov.co\/colombia\/wp-json\/wp\/v2\/posts"}],"about":[{"href":"https:\/\/www.fiscalia.gov.co\/colombia\/wp-json\/wp\/v2\/types\/post"}],"author":[{"embeddable":true,"href":"https:\/\/www.fiscalia.gov.co\/colombia\/wp-json\/wp\/v2\/users\/175"}],"replies":[{"embeddable":true,"href":"https:\/\/www.fiscalia.gov.co\/colombia\/wp-json\/wp\/v2\/comments?post=222075"}],"version-history":[{"count":1,"href":"https:\/\/www.fiscalia.gov.co\/colombia\/wp-json\/wp\/v2\/posts\/222075\/revisions"}],"predecessor-version":[{"id":222076,"href":"https:\/\/www.fiscalia.gov.co\/colombia\/wp-json\/wp\/v2\/posts\/222075\/revisions\/222076"}],"wp:attachment":[{"href":"https:\/\/www.fiscalia.gov.co\/colombia\/wp-json\/wp\/v2\/media?parent=222075"}],"wp:term":[{"taxonomy":"category","embeddable":true,"href":"https:\/\/www.fiscalia.gov.co\/colombia\/wp-json\/wp\/v2\/categories?post=222075"},{"taxonomy":"post_tag","embeddable":true,"href":"https:\/\/www.fiscalia.gov.co\/colombia\/wp-json\/wp\/v2\/tags?post=222075"}],"curies":[{"name":"wp","href":"https:\/\/api.w.org\/{rel}","templated":true}]}}