{"id":222047,"date":"2021-06-12T07:44:54","date_gmt":"2021-06-12T12:44:54","guid":{"rendered":"https:\/\/www.fiscalia.gov.co\/colombia\/?p=222047"},"modified":"2021-06-18T09:15:15","modified_gmt":"2021-06-18T14:15:15","slug":"afectados-con-fines-de-extincion-de-dominio-bienes-por-1-800-millones-que-habrian-sido-adquiridos-por-una-estructura-delincuencial-dedicada-al-trafico-de-estupefacientes","status":"publish","type":"post","link":"https:\/\/www.fiscalia.gov.co\/colombia\/extincion-de-dominio\/afectados-con-fines-de-extincion-de-dominio-bienes-por-1-800-millones-que-habrian-sido-adquiridos-por-una-estructura-delincuencial-dedicada-al-trafico-de-estupefacientes\/","title":{"rendered":"Afectados con fines de extinci\u00f3n de dominio bienes por 1.800 millones que habr\u00edan sido adquiridos por una estructura delincuencial dedicada al tr\u00e1fico de estupefacientes"},"content":{"rendered":"<p>El trabajo articulado entre la Fiscal\u00eda General y la Sijin de la Polic\u00eda Nacional permiti\u00f3 que la <strong>Direcci\u00f3n Especializada de Extinci\u00f3n del Derecho de Dominio<\/strong> impusiera medidas cautelares de suspensi\u00f3n del poder dispositivo, embargo y secuestro sobre 15 bienes entre inmuebles y sociedades de comercio.<\/p>\n<p>Dichos bienes har\u00edan parte del patrimonio il\u00edcito de la banda delincuencial \u2018Los Pinares\u2019, uno de los principales aliados criminales de la organizaci\u00f3n narcotraficante conocida como \u2018La Oficina\u2019.<\/p>\n<p>Las propiedades, avaluadas en cerca de <strong>1.800 millones de pesos, est\u00e1n ubicadas en El Retiro (Antioquia)<\/strong>. Las labores de polic\u00eda judicial evidenciaron que, al parecer, fueron adquiridas con dineros producto del tr\u00e1fico de estupefacientes, o utilizadas por sus ocupantes y due\u00f1os para el almacenamiento, transporte y venta de las sustancias il\u00edcitas, con lo cual habr\u00edan incurrido en una destinaci\u00f3n il\u00edcita de los bienes.<\/p>\n<p>Seg\u00fan la investigaci\u00f3n, la actividad ilegal, supuestamente, era coordinada por alias Tulumino, quien ten\u00eda injerencia ilegal en los municipios de <strong>El Retiro y La Ceja (Antioquia)<\/strong>.<\/p>\n<p>Estas acciones se cumplieron en el marco de una operaci\u00f3n simult\u00e1nea cumplida entre fiscales de extinci\u00f3n del derecho de dominio y de antinarc\u00f3ticos.<\/p>\n<p>En total fueron adelantadas 26 diligencias de allanamiento y registro las que permitieron que 22 personas fueran capturadas por, presuntamente, estar vinculadas con el tr\u00e1fico de sustancias ilegales en los mencionados sectores.<\/p>\n<p>Los bienes afectados, representados en inmuebles, muebles y establecimientos de comercio, fueron entregados a la Sociedad de Activos Especiales (SAE) para su administraci\u00f3n.<\/p>\n<p><strong>La Fiscal\u00eda habla con resultados \u00a0\u00a0\u00a0\u00a0\u00a0\u00a0\u00a0\u00a0\u00a0\u00a0\u00a0\u00a0\u00a0\u00a0\u00a0\u00a0\u00a0\u00a0\u00a0\u00a0\u00a0\u00a0\u00a0\u00a0\u00a0\u00a0\u00a0\u00a0\u00a0\u00a0\u00a0\u00a0\u00a0\u00a0\u00a0\u00a0\u00a0\u00a0\u00a0 <\/strong><\/p>\n<p>MAGA\/JARG\/LD\/LAB\/MCRC\/<\/p>\n<p><em>La informaci\u00f3n contenida en este bolet\u00edn de prensa corresponde a la narraci\u00f3n de los hechos noticiosos objetivos, suministrados por los funcionarios encargados de adelantar las investigaciones penales al interior de la Fiscal\u00eda General de la Naci\u00f3n. Para el momento de la divulgaci\u00f3n de este comunicado, la situaci\u00f3n jur\u00eddica de la(s) persona(s) relacionada(s) se encuentra pendiente de resolver por la autoridad judicial competente, siempre bajo los preceptos de la presunci\u00f3n de inocencia, consagrados en el art\u00edculo 29 de la Constituci\u00f3n Pol\u00edtica y el art\u00edculo 7\u00ba de la Ley 906 de 2004.<\/em><\/p>\n\n<div class=\"twitter-share\"><a href=\"https:\/\/twitter.com\/intent\/tweet?via=fiscaliacol\" class=\"twitter-share-button\">Tweet<\/a><\/div>\n","protected":false},"excerpt":{"rendered":"<p>El trabajo articulado entre la Fiscal\u00eda General y la Sijin de la Polic\u00eda Nacional permiti\u00f3 que la Direcci\u00f3n Especializada de Extinci\u00f3n del Derecho de Dominio impusiera medidas cautelares de suspensi\u00f3n del poder dispositivo, embargo y secuestro sobre 15 bienes entre inmuebles y sociedades de comercio. Dichos bienes har\u00edan parte del patrimonio il\u00edcito de la banda [&hellip;]<\/p>\n","protected":false},"author":175,"featured_media":0,"comment_status":"closed","ping_status":"open","sticky":false,"template":"","format":"video","meta":{"tdm_status":"","tdm_grid_status":"","footnotes":""},"categories":[24116],"tags":[25000,1441,24401,24189],"class_list":{"0":"post-222047","1":"post","2":"type-post","3":"status-publish","4":"format-video","6":"category-extincion-de-dominio","7":"tag-banda-la-oficina","8":"tag-extincion-de-dominio","9":"tag-fiscal-barbosa-delgado","10":"tag-fiscal-francisco-barbosa-delgado","11":"post_format-post-format-video"},"yoast_head":"<!-- This site is optimized with the Yoast SEO plugin v24.3 - https:\/\/yoast.com\/wordpress\/plugins\/seo\/ -->\n<title>Fiscal\u00eda General de la Naci\u00f3n<\/title>\n<meta name=\"description\" content=\"P\u00e1gina oficial de la Fiscal\u00eda General de la Naci\u00f3n \u2013 Colombia. Garantizamos el acceso efectivo a la justicia, la verdad y la reparaci\u00f3n de las v\u00edctimas de los delitos.\" \/>\n<meta name=\"robots\" content=\"noindex, follow\" \/>\n<meta property=\"og:locale\" content=\"es_ES\" \/>\n<meta property=\"og:type\" content=\"article\" \/>\n<meta property=\"og:title\" content=\"Fiscal\u00eda General de la Naci\u00f3n\" \/>\n<meta property=\"og:description\" content=\"P\u00e1gina oficial de la Fiscal\u00eda General de la Naci\u00f3n \u2013 Colombia. Garantizamos el acceso efectivo a la justicia, la verdad y la reparaci\u00f3n de las v\u00edctimas de los delitos.\" \/>\n<meta property=\"og:url\" content=\"https:\/\/www.fiscalia.gov.co\/colombia\/extincion-de-dominio\/afectados-con-fines-de-extincion-de-dominio-bienes-por-1-800-millones-que-habrian-sido-adquiridos-por-una-estructura-delincuencial-dedicada-al-trafico-de-estupefacientes\/\" \/>\n<meta property=\"og:site_name\" content=\"Fiscal\u00eda General de la Naci\u00f3n\" \/>\n<meta property=\"article:publisher\" content=\"https:\/\/www.facebook.com\/FiscaliaCol\" \/>\n<meta property=\"article:published_time\" content=\"2021-06-12T12:44:54+00:00\" \/>\n<meta property=\"article:modified_time\" content=\"2021-06-18T14:15:15+00:00\" \/>\n<meta name=\"author\" content=\"Katherine Loaiza Mart\u00ednez\" \/>\n<meta name=\"twitter:card\" content=\"summary_large_image\" \/>\n<meta name=\"twitter:creator\" content=\"@FiscaliaCol\" \/>\n<meta name=\"twitter:site\" content=\"@FiscaliaCol\" \/>\n<meta name=\"twitter:label1\" content=\"Escrito por\" \/>\n\t<meta name=\"twitter:data1\" content=\"Katherine Loaiza Mart\u00ednez\" \/>\n\t<meta name=\"twitter:label2\" content=\"Tiempo de lectura\" \/>\n\t<meta name=\"twitter:data2\" content=\"2 minutos\" \/>\n<script type=\"application\/ld+json\" class=\"yoast-schema-graph\">{\"@context\":\"https:\/\/schema.org\",\"@graph\":[{\"@type\":\"Article\",\"@id\":\"https:\/\/www.fiscalia.gov.co\/colombia\/extincion-de-dominio\/afectados-con-fines-de-extincion-de-dominio-bienes-por-1-800-millones-que-habrian-sido-adquiridos-por-una-estructura-delincuencial-dedicada-al-trafico-de-estupefacientes\/#article\",\"isPartOf\":{\"@id\":\"https:\/\/www.fiscalia.gov.co\/colombia\/extincion-de-dominio\/afectados-con-fines-de-extincion-de-dominio-bienes-por-1-800-millones-que-habrian-sido-adquiridos-por-una-estructura-delincuencial-dedicada-al-trafico-de-estupefacientes\/\"},\"author\":{\"name\":\"Katherine Loaiza Mart\u00ednez\",\"@id\":\"https:\/\/www.fiscalia.gov.co\/colombia\/#\/schema\/person\/2e76b9aba5ecf875ed565ce4de0e0415\"},\"headline\":\"Afectados con fines de extinci\u00f3n de dominio bienes por 1.800 millones que habr\u00edan sido adquiridos por una estructura delincuencial dedicada al tr\u00e1fico de estupefacientes\",\"datePublished\":\"2021-06-12T12:44:54+00:00\",\"dateModified\":\"2021-06-18T14:15:15+00:00\",\"mainEntityOfPage\":{\"@id\":\"https:\/\/www.fiscalia.gov.co\/colombia\/extincion-de-dominio\/afectados-con-fines-de-extincion-de-dominio-bienes-por-1-800-millones-que-habrian-sido-adquiridos-por-una-estructura-delincuencial-dedicada-al-trafico-de-estupefacientes\/\"},\"wordCount\":399,\"publisher\":{\"@id\":\"https:\/\/www.fiscalia.gov.co\/colombia\/#organization\"},\"keywords\":[\"banda La Oficina\",\"Extinci\u00f3n de dominio\",\"Fiscal Barbosa Delgado\",\"Fiscal Francisco Barbosa Delgado\"],\"articleSection\":[\"Extinci\u00f3n de dominio\"],\"inLanguage\":\"es-CO\"},{\"@type\":\"WebPage\",\"@id\":\"https:\/\/www.fiscalia.gov.co\/colombia\/extincion-de-dominio\/afectados-con-fines-de-extincion-de-dominio-bienes-por-1-800-millones-que-habrian-sido-adquiridos-por-una-estructura-delincuencial-dedicada-al-trafico-de-estupefacientes\/\",\"url\":\"https:\/\/www.fiscalia.gov.co\/colombia\/extincion-de-dominio\/afectados-con-fines-de-extincion-de-dominio-bienes-por-1-800-millones-que-habrian-sido-adquiridos-por-una-estructura-delincuencial-dedicada-al-trafico-de-estupefacientes\/\",\"name\":\"Fiscal\u00eda General de la Naci\u00f3n\",\"isPartOf\":{\"@id\":\"https:\/\/www.fiscalia.gov.co\/colombia\/#website\"},\"datePublished\":\"2021-06-12T12:44:54+00:00\",\"dateModified\":\"2021-06-18T14:15:15+00:00\",\"description\":\"P\u00e1gina oficial de la Fiscal\u00eda General de la Naci\u00f3n \u2013 Colombia. Garantizamos el acceso efectivo a la justicia, la verdad y la reparaci\u00f3n de las v\u00edctimas de los delitos.\",\"breadcrumb\":{\"@id\":\"https:\/\/www.fiscalia.gov.co\/colombia\/extincion-de-dominio\/afectados-con-fines-de-extincion-de-dominio-bienes-por-1-800-millones-que-habrian-sido-adquiridos-por-una-estructura-delincuencial-dedicada-al-trafico-de-estupefacientes\/#breadcrumb\"},\"inLanguage\":\"es-CO\",\"potentialAction\":[{\"@type\":\"ReadAction\",\"target\":[\"https:\/\/www.fiscalia.gov.co\/colombia\/extincion-de-dominio\/afectados-con-fines-de-extincion-de-dominio-bienes-por-1-800-millones-que-habrian-sido-adquiridos-por-una-estructura-delincuencial-dedicada-al-trafico-de-estupefacientes\/\"]}]},{\"@type\":\"BreadcrumbList\",\"@id\":\"https:\/\/www.fiscalia.gov.co\/colombia\/extincion-de-dominio\/afectados-con-fines-de-extincion-de-dominio-bienes-por-1-800-millones-que-habrian-sido-adquiridos-por-una-estructura-delincuencial-dedicada-al-trafico-de-estupefacientes\/#breadcrumb\",\"itemListElement\":[{\"@type\":\"ListItem\",\"position\":1,\"name\":\"Home\",\"item\":\"https:\/\/www.fiscalia.gov.co\/colombia\/\"},{\"@type\":\"ListItem\",\"position\":2,\"name\":\"Afectados con fines de extinci\u00f3n de dominio bienes por 1.800 millones que habr\u00edan sido adquiridos por una estructura delincuencial dedicada al tr\u00e1fico de estupefacientes\"}]},{\"@type\":\"WebSite\",\"@id\":\"https:\/\/www.fiscalia.gov.co\/colombia\/#website\",\"url\":\"https:\/\/www.fiscalia.gov.co\/colombia\/\",\"name\":\"Fiscal\u00eda General de la Naci\u00f3n\",\"description\":\"P\u00e1gina oficial de la Fiscal\u00eda General de la Naci\u00f3n \u2013 Colombia. Garantizamos el acceso efectivo a la justicia, la verdad y la reparaci\u00f3n de las v\u00edctimas de los delitos.\",\"publisher\":{\"@id\":\"https:\/\/www.fiscalia.gov.co\/colombia\/#organization\"},\"potentialAction\":[{\"@type\":\"SearchAction\",\"target\":{\"@type\":\"EntryPoint\",\"urlTemplate\":\"https:\/\/www.fiscalia.gov.co\/colombia\/?s={search_term_string}\"},\"query-input\":{\"@type\":\"PropertyValueSpecification\",\"valueRequired\":true,\"valueName\":\"search_term_string\"}}],\"inLanguage\":\"es-CO\"},{\"@type\":\"Organization\",\"@id\":\"https:\/\/www.fiscalia.gov.co\/colombia\/#organization\",\"name\":\"Fiscal\u00eda General de la Naci\u00f3n\",\"url\":\"https:\/\/www.fiscalia.gov.co\/colombia\/\",\"logo\":{\"@type\":\"ImageObject\",\"inLanguage\":\"es-CO\",\"@id\":\"https:\/\/www.fiscalia.gov.co\/colombia\/#\/schema\/logo\/image\/\",\"url\":\"https:\/\/www.fiscalia.gov.co\/colombia\/wp-content\/uploads\/LogoHorizontal_1.jpg\",\"contentUrl\":\"https:\/\/www.fiscalia.gov.co\/colombia\/wp-content\/uploads\/LogoHorizontal_1.jpg\",\"width\":300,\"height\":90,\"caption\":\"Fiscal\u00eda General de la Naci\u00f3n\"},\"image\":{\"@id\":\"https:\/\/www.fiscalia.gov.co\/colombia\/#\/schema\/logo\/image\/\"},\"sameAs\":[\"https:\/\/www.facebook.com\/FiscaliaCol\",\"https:\/\/x.com\/FiscaliaCol\",\"https:\/\/www.instagram.com\/fiscaliacol\",\"https:\/\/www.linkedin.com\/company\/fiscalia-general-de-la-naci-n\/\",\"https:\/\/youtube.com\/@fiscaliageneraldelanacion-4668?si=6nN79nyQICPU5iTh\"]},{\"@type\":\"Person\",\"@id\":\"https:\/\/www.fiscalia.gov.co\/colombia\/#\/schema\/person\/2e76b9aba5ecf875ed565ce4de0e0415\",\"name\":\"Katherine Loaiza Mart\u00ednez\",\"image\":{\"@type\":\"ImageObject\",\"inLanguage\":\"es-CO\",\"@id\":\"https:\/\/www.fiscalia.gov.co\/colombia\/#\/schema\/person\/image\/\",\"url\":\"https:\/\/secure.gravatar.com\/avatar\/ab775a2f394c1b83b6d6f78680e57b50?s=96&d=mm&r=g\",\"contentUrl\":\"https:\/\/secure.gravatar.com\/avatar\/ab775a2f394c1b83b6d6f78680e57b50?s=96&d=mm&r=g\",\"caption\":\"Katherine Loaiza Mart\u00ednez\"},\"url\":\"https:\/\/www.fiscalia.gov.co\/colombia\/author\/kloaiza\/\"}]}<\/script>\n<!-- \/ Yoast SEO plugin. -->","yoast_head_json":{"title":"Fiscal\u00eda General de la Naci\u00f3n","description":"P\u00e1gina oficial de la Fiscal\u00eda General de la Naci\u00f3n \u2013 Colombia. Garantizamos el acceso efectivo a la justicia, la verdad y la reparaci\u00f3n de las v\u00edctimas de los delitos.","robots":{"index":"noindex","follow":"follow"},"og_locale":"es_ES","og_type":"article","og_title":"Fiscal\u00eda General de la Naci\u00f3n","og_description":"P\u00e1gina oficial de la Fiscal\u00eda General de la Naci\u00f3n \u2013 Colombia. Garantizamos el acceso efectivo a la justicia, la verdad y la reparaci\u00f3n de las v\u00edctimas de los delitos.","og_url":"https:\/\/www.fiscalia.gov.co\/colombia\/extincion-de-dominio\/afectados-con-fines-de-extincion-de-dominio-bienes-por-1-800-millones-que-habrian-sido-adquiridos-por-una-estructura-delincuencial-dedicada-al-trafico-de-estupefacientes\/","og_site_name":"Fiscal\u00eda General de la Naci\u00f3n","article_publisher":"https:\/\/www.facebook.com\/FiscaliaCol","article_published_time":"2021-06-12T12:44:54+00:00","article_modified_time":"2021-06-18T14:15:15+00:00","author":"Katherine Loaiza Mart\u00ednez","twitter_card":"summary_large_image","twitter_creator":"@FiscaliaCol","twitter_site":"@FiscaliaCol","twitter_misc":{"Escrito por":"Katherine Loaiza Mart\u00ednez","Tiempo de lectura":"2 minutos"},"schema":{"@context":"https:\/\/schema.org","@graph":[{"@type":"Article","@id":"https:\/\/www.fiscalia.gov.co\/colombia\/extincion-de-dominio\/afectados-con-fines-de-extincion-de-dominio-bienes-por-1-800-millones-que-habrian-sido-adquiridos-por-una-estructura-delincuencial-dedicada-al-trafico-de-estupefacientes\/#article","isPartOf":{"@id":"https:\/\/www.fiscalia.gov.co\/colombia\/extincion-de-dominio\/afectados-con-fines-de-extincion-de-dominio-bienes-por-1-800-millones-que-habrian-sido-adquiridos-por-una-estructura-delincuencial-dedicada-al-trafico-de-estupefacientes\/"},"author":{"name":"Katherine Loaiza Mart\u00ednez","@id":"https:\/\/www.fiscalia.gov.co\/colombia\/#\/schema\/person\/2e76b9aba5ecf875ed565ce4de0e0415"},"headline":"Afectados con fines de extinci\u00f3n de dominio bienes por 1.800 millones que habr\u00edan sido adquiridos por una estructura delincuencial dedicada al tr\u00e1fico de estupefacientes","datePublished":"2021-06-12T12:44:54+00:00","dateModified":"2021-06-18T14:15:15+00:00","mainEntityOfPage":{"@id":"https:\/\/www.fiscalia.gov.co\/colombia\/extincion-de-dominio\/afectados-con-fines-de-extincion-de-dominio-bienes-por-1-800-millones-que-habrian-sido-adquiridos-por-una-estructura-delincuencial-dedicada-al-trafico-de-estupefacientes\/"},"wordCount":399,"publisher":{"@id":"https:\/\/www.fiscalia.gov.co\/colombia\/#organization"},"keywords":["banda La Oficina","Extinci\u00f3n de dominio","Fiscal Barbosa Delgado","Fiscal Francisco Barbosa Delgado"],"articleSection":["Extinci\u00f3n de dominio"],"inLanguage":"es-CO"},{"@type":"WebPage","@id":"https:\/\/www.fiscalia.gov.co\/colombia\/extincion-de-dominio\/afectados-con-fines-de-extincion-de-dominio-bienes-por-1-800-millones-que-habrian-sido-adquiridos-por-una-estructura-delincuencial-dedicada-al-trafico-de-estupefacientes\/","url":"https:\/\/www.fiscalia.gov.co\/colombia\/extincion-de-dominio\/afectados-con-fines-de-extincion-de-dominio-bienes-por-1-800-millones-que-habrian-sido-adquiridos-por-una-estructura-delincuencial-dedicada-al-trafico-de-estupefacientes\/","name":"Fiscal\u00eda General de la Naci\u00f3n","isPartOf":{"@id":"https:\/\/www.fiscalia.gov.co\/colombia\/#website"},"datePublished":"2021-06-12T12:44:54+00:00","dateModified":"2021-06-18T14:15:15+00:00","description":"P\u00e1gina oficial de la Fiscal\u00eda General de la Naci\u00f3n \u2013 Colombia. Garantizamos el acceso efectivo a la justicia, la verdad y la reparaci\u00f3n de las v\u00edctimas de los delitos.","breadcrumb":{"@id":"https:\/\/www.fiscalia.gov.co\/colombia\/extincion-de-dominio\/afectados-con-fines-de-extincion-de-dominio-bienes-por-1-800-millones-que-habrian-sido-adquiridos-por-una-estructura-delincuencial-dedicada-al-trafico-de-estupefacientes\/#breadcrumb"},"inLanguage":"es-CO","potentialAction":[{"@type":"ReadAction","target":["https:\/\/www.fiscalia.gov.co\/colombia\/extincion-de-dominio\/afectados-con-fines-de-extincion-de-dominio-bienes-por-1-800-millones-que-habrian-sido-adquiridos-por-una-estructura-delincuencial-dedicada-al-trafico-de-estupefacientes\/"]}]},{"@type":"BreadcrumbList","@id":"https:\/\/www.fiscalia.gov.co\/colombia\/extincion-de-dominio\/afectados-con-fines-de-extincion-de-dominio-bienes-por-1-800-millones-que-habrian-sido-adquiridos-por-una-estructura-delincuencial-dedicada-al-trafico-de-estupefacientes\/#breadcrumb","itemListElement":[{"@type":"ListItem","position":1,"name":"Home","item":"https:\/\/www.fiscalia.gov.co\/colombia\/"},{"@type":"ListItem","position":2,"name":"Afectados con fines de extinci\u00f3n de dominio bienes por 1.800 millones que habr\u00edan sido adquiridos por una estructura delincuencial dedicada al tr\u00e1fico de estupefacientes"}]},{"@type":"WebSite","@id":"https:\/\/www.fiscalia.gov.co\/colombia\/#website","url":"https:\/\/www.fiscalia.gov.co\/colombia\/","name":"Fiscal\u00eda General de la Naci\u00f3n","description":"P\u00e1gina oficial de la Fiscal\u00eda General de la Naci\u00f3n \u2013 Colombia. Garantizamos el acceso efectivo a la justicia, la verdad y la reparaci\u00f3n de las v\u00edctimas de los delitos.","publisher":{"@id":"https:\/\/www.fiscalia.gov.co\/colombia\/#organization"},"potentialAction":[{"@type":"SearchAction","target":{"@type":"EntryPoint","urlTemplate":"https:\/\/www.fiscalia.gov.co\/colombia\/?s={search_term_string}"},"query-input":{"@type":"PropertyValueSpecification","valueRequired":true,"valueName":"search_term_string"}}],"inLanguage":"es-CO"},{"@type":"Organization","@id":"https:\/\/www.fiscalia.gov.co\/colombia\/#organization","name":"Fiscal\u00eda General de la Naci\u00f3n","url":"https:\/\/www.fiscalia.gov.co\/colombia\/","logo":{"@type":"ImageObject","inLanguage":"es-CO","@id":"https:\/\/www.fiscalia.gov.co\/colombia\/#\/schema\/logo\/image\/","url":"https:\/\/www.fiscalia.gov.co\/colombia\/wp-content\/uploads\/LogoHorizontal_1.jpg","contentUrl":"https:\/\/www.fiscalia.gov.co\/colombia\/wp-content\/uploads\/LogoHorizontal_1.jpg","width":300,"height":90,"caption":"Fiscal\u00eda General de la Naci\u00f3n"},"image":{"@id":"https:\/\/www.fiscalia.gov.co\/colombia\/#\/schema\/logo\/image\/"},"sameAs":["https:\/\/www.facebook.com\/FiscaliaCol","https:\/\/x.com\/FiscaliaCol","https:\/\/www.instagram.com\/fiscaliacol","https:\/\/www.linkedin.com\/company\/fiscalia-general-de-la-naci-n\/","https:\/\/youtube.com\/@fiscaliageneraldelanacion-4668?si=6nN79nyQICPU5iTh"]},{"@type":"Person","@id":"https:\/\/www.fiscalia.gov.co\/colombia\/#\/schema\/person\/2e76b9aba5ecf875ed565ce4de0e0415","name":"Katherine Loaiza Mart\u00ednez","image":{"@type":"ImageObject","inLanguage":"es-CO","@id":"https:\/\/www.fiscalia.gov.co\/colombia\/#\/schema\/person\/image\/","url":"https:\/\/secure.gravatar.com\/avatar\/ab775a2f394c1b83b6d6f78680e57b50?s=96&d=mm&r=g","contentUrl":"https:\/\/secure.gravatar.com\/avatar\/ab775a2f394c1b83b6d6f78680e57b50?s=96&d=mm&r=g","caption":"Katherine Loaiza Mart\u00ednez"},"url":"https:\/\/www.fiscalia.gov.co\/colombia\/author\/kloaiza\/"}]}},"_links":{"self":[{"href":"https:\/\/www.fiscalia.gov.co\/colombia\/wp-json\/wp\/v2\/posts\/222047","targetHints":{"allow":["GET"]}}],"collection":[{"href":"https:\/\/www.fiscalia.gov.co\/colombia\/wp-json\/wp\/v2\/posts"}],"about":[{"href":"https:\/\/www.fiscalia.gov.co\/colombia\/wp-json\/wp\/v2\/types\/post"}],"author":[{"embeddable":true,"href":"https:\/\/www.fiscalia.gov.co\/colombia\/wp-json\/wp\/v2\/users\/175"}],"replies":[{"embeddable":true,"href":"https:\/\/www.fiscalia.gov.co\/colombia\/wp-json\/wp\/v2\/comments?post=222047"}],"version-history":[{"count":2,"href":"https:\/\/www.fiscalia.gov.co\/colombia\/wp-json\/wp\/v2\/posts\/222047\/revisions"}],"predecessor-version":[{"id":222054,"href":"https:\/\/www.fiscalia.gov.co\/colombia\/wp-json\/wp\/v2\/posts\/222047\/revisions\/222054"}],"wp:attachment":[{"href":"https:\/\/www.fiscalia.gov.co\/colombia\/wp-json\/wp\/v2\/media?parent=222047"}],"wp:term":[{"taxonomy":"category","embeddable":true,"href":"https:\/\/www.fiscalia.gov.co\/colombia\/wp-json\/wp\/v2\/categories?post=222047"},{"taxonomy":"post_tag","embeddable":true,"href":"https:\/\/www.fiscalia.gov.co\/colombia\/wp-json\/wp\/v2\/tags?post=222047"}],"curies":[{"name":"wp","href":"https:\/\/api.w.org\/{rel}","templated":true}]}}