{"id":222012,"date":"2021-06-11T15:36:20","date_gmt":"2021-06-11T20:36:20","guid":{"rendered":"https:\/\/www.fiscalia.gov.co\/colombia\/?p=222012"},"modified":"2021-06-11T15:36:58","modified_gmt":"2021-06-11T20:36:58","slug":"desarticulada-banda-los-tomas-presuntamente-dedicada-al-hurto-receptacion-y-venta-de-alucinogenos-en-puerto-carreno","status":"publish","type":"post","link":"https:\/\/www.fiscalia.gov.co\/colombia\/crimen-organizado\/desarticulada-banda-los-tomas-presuntamente-dedicada-al-hurto-receptacion-y-venta-de-alucinogenos-en-puerto-carreno\/","title":{"rendered":"Desarticulada banda Los Tomas, presuntamente, dedicada al hurto, receptaci\u00f3n y venta de alucin\u00f3genos en Puerto Carre\u00f1o."},"content":{"rendered":"<p>Luego de seis meses de seguimiento, interceptaciones y labores de inteligencia, un fiscal de la Seccional Vichada, en coordinaci\u00f3n con la Polic\u00eda Nacional y el Ej\u00e9rcito desarticularon la banda conocida como\u00a0<strong>Los Tomas<\/strong>\u00a0que, al parecer, se dedicaba al\u00a0<strong>hurto<\/strong>\u00a0bajo la modalidad de\u00a0<strong>atraco, receptaci\u00f3n<\/strong>\u00a0y\u00a0<strong>venta de estupefacientes.<\/strong><\/p>\n<figure id=\"attachment_222014\" aria-describedby=\"caption-attachment-222014\" style=\"width: 696px\" class=\"wp-caption aligncenter\"><img loading=\"lazy\" decoding=\"async\" class=\"size-large wp-image-222014\" src=\"https:\/\/www.fiscalia.gov.co\/colombia\/wp-content\/uploads\/CAPTURADOS-PTO-CARRE\u00d1O-1024x575.jpeg\" alt=\"\" width=\"696\" height=\"391\" srcset=\"https:\/\/www.fiscalia.gov.co\/colombia\/wp-content\/uploads\/CAPTURADOS-PTO-CARRE\u00d1O-1024x575.jpeg 1024w, https:\/\/www.fiscalia.gov.co\/colombia\/wp-content\/uploads\/CAPTURADOS-PTO-CARRE\u00d1O-300x168.jpeg 300w, https:\/\/www.fiscalia.gov.co\/colombia\/wp-content\/uploads\/CAPTURADOS-PTO-CARRE\u00d1O-768x431.jpeg 768w, https:\/\/www.fiscalia.gov.co\/colombia\/wp-content\/uploads\/CAPTURADOS-PTO-CARRE\u00d1O-696x391.jpeg 696w, https:\/\/www.fiscalia.gov.co\/colombia\/wp-content\/uploads\/CAPTURADOS-PTO-CARRE\u00d1O-1068x600.jpeg 1068w, https:\/\/www.fiscalia.gov.co\/colombia\/wp-content\/uploads\/CAPTURADOS-PTO-CARRE\u00d1O-748x420.jpeg 748w, https:\/\/www.fiscalia.gov.co\/colombia\/wp-content\/uploads\/CAPTURADOS-PTO-CARRE\u00d1O.jpeg 1270w\" sizes=\"auto, (max-width: 696px) 100vw, 696px\" \/><figcaption id=\"caption-attachment-222014\" class=\"wp-caption-text\">7 Capturados en el procedimiento.<\/figcaption><\/figure>\n<p>Las investigaciones adelantadas por la Fiscal\u00eda general de la Naci\u00f3n, en coordinaci\u00f3n con ej\u00e9rcito, armada nacional y polic\u00eda, establecieron que los presuntos responsables incurr\u00edan en dichos delitos en Puerto Carre\u00f1o, para despu\u00e9s, al parecer, cruzar la frontera hacia Venezuela donde eran llevados los bienes hurtados a cambio, supuestamente, de dinero y drogas, las cuales habr\u00edan sido comercializadas en la capital del Vichada.<\/p>\n<p>En este caso fueron ejecutadas tres diligencias de allanamiento donde se encontraron celulares, marihuana, dinero en efectivo y otro tipo de sustancias alucin\u00f3genas, entre otros elementos que son materia de investigaci\u00f3n.<\/p>\n<p>Las acciones de la Fiscal\u00eda permitieron la captura de siete personas quienes fueron presentados ante un juez de control de garant\u00edas e imputados como presuntos responsables de los delitos de\u00a0<strong>concierto para delinquir con fines de narcotr\u00e1fico, tr\u00e1fico fabricaci\u00f3n o porte de estupefacientes,\u00a0<\/strong><strong>hurto calificado y agravado<\/strong><strong>\u00a0y receptaci\u00f3n.<\/strong><\/p>\n<p>Los capturados fueron cobijados con medida de aseguramiento, y enviados a la c\u00e1rcel de la localidad mientras se adelanta el juicio en su contra.<\/p>\n<p>La Fiscal\u00eda General de la Naci\u00f3n, publica esta informaci\u00f3n por razones de inter\u00e9s general.<\/p>\n<p>LAZL\/MAGA\/DGEF<\/p>\n<p><em>La informaci\u00f3n contenida en este bolet\u00edn de prensa corresponde a la narraci\u00f3n de los hechos noticiosos objetivos, suministrados por los funcionarios encargados de adelantar las investigaciones penales al interior de la Fiscal\u00eda General de la Naci\u00f3n. Para el momento de la divulgaci\u00f3n de este comunicado, la situaci\u00f3n jur\u00eddica de la(s) persona(s) relacionada(s) se encuentra pendiente de resolver por la autoridad judicial competente, siempre bajo los preceptos de la presunci\u00f3n de inocencia, consagrados en el art\u00edculo 29 de la Constituci\u00f3n Pol\u00edtica y el art\u00edculo 7\u00ba de la Ley 906 de 2004.<\/em><\/p>\n<p>&nbsp;<\/p>\n\n<div class=\"twitter-share\"><a href=\"https:\/\/twitter.com\/intent\/tweet?via=fiscaliacol\" class=\"twitter-share-button\">Tweet<\/a><\/div>\n","protected":false},"excerpt":{"rendered":"<p>Luego de seis meses de seguimiento, interceptaciones y labores de inteligencia, un fiscal de la Seccional Vichada, en coordinaci\u00f3n con la Polic\u00eda Nacional y el Ej\u00e9rcito desarticularon la banda conocida [&hellip;]<\/p>\n","protected":false},"author":171,"featured_media":0,"comment_status":"closed","ping_status":"open","sticky":false,"template":"","format":"standard","meta":{"tdm_status":"","tdm_grid_status":"","footnotes":""},"categories":[24098,12637,303],"tags":[27330],"class_list":["post-222012","post","type-post","status-publish","format-standard","category-crimen-organizado","category-seccional-vichada","category-seccionales","tag-fiscalia-general-de-la-nacion-francisco-barbosa-concierto-para-delinquir-con-fines-de-narcotrafico-trafico-fabricacion-o-porte-de-estupefacientes-hurto-calificado-y-agravado-receptac"],"yoast_head":"<!-- This site is optimized with the Yoast SEO plugin v24.3 - https:\/\/yoast.com\/wordpress\/plugins\/seo\/ -->\n<title>Fiscal\u00eda General de la Naci\u00f3n<\/title>\n<meta name=\"description\" content=\"P\u00e1gina oficial de la Fiscal\u00eda General de la Naci\u00f3n \u2013 Colombia. Garantizamos el acceso efectivo a la justicia, la verdad y la reparaci\u00f3n de las v\u00edctimas de los delitos.\" \/>\n<meta name=\"robots\" content=\"noindex, follow\" \/>\n<meta property=\"og:locale\" content=\"es_ES\" \/>\n<meta property=\"og:type\" content=\"article\" \/>\n<meta property=\"og:title\" content=\"Fiscal\u00eda General de la Naci\u00f3n\" \/>\n<meta property=\"og:description\" content=\"P\u00e1gina oficial de la Fiscal\u00eda General de la Naci\u00f3n \u2013 Colombia. Garantizamos el acceso efectivo a la justicia, la verdad y la reparaci\u00f3n de las v\u00edctimas de los delitos.\" \/>\n<meta property=\"og:url\" content=\"https:\/\/www.fiscalia.gov.co\/colombia\/crimen-organizado\/desarticulada-banda-los-tomas-presuntamente-dedicada-al-hurto-receptacion-y-venta-de-alucinogenos-en-puerto-carreno\/\" \/>\n<meta property=\"og:site_name\" content=\"Fiscal\u00eda General de la Naci\u00f3n\" \/>\n<meta property=\"article:publisher\" content=\"https:\/\/www.facebook.com\/FiscaliaCol\" \/>\n<meta property=\"article:published_time\" content=\"2021-06-11T20:36:20+00:00\" \/>\n<meta property=\"article:modified_time\" content=\"2021-06-11T20:36:58+00:00\" \/>\n<meta name=\"author\" content=\"Ana Mar\u00eda Gomez\" \/>\n<meta name=\"twitter:card\" content=\"summary_large_image\" \/>\n<meta name=\"twitter:creator\" content=\"@FiscaliaCol\" \/>\n<meta name=\"twitter:site\" content=\"@FiscaliaCol\" \/>\n<meta name=\"twitter:label1\" content=\"Escrito por\" \/>\n\t<meta name=\"twitter:data1\" content=\"Ana Mar\u00eda Gomez\" \/>\n\t<meta name=\"twitter:label2\" content=\"Tiempo de lectura\" \/>\n\t<meta name=\"twitter:data2\" content=\"2 minutos\" \/>\n<script type=\"application\/ld+json\" class=\"yoast-schema-graph\">{\"@context\":\"https:\/\/schema.org\",\"@graph\":[{\"@type\":\"Article\",\"@id\":\"https:\/\/www.fiscalia.gov.co\/colombia\/crimen-organizado\/desarticulada-banda-los-tomas-presuntamente-dedicada-al-hurto-receptacion-y-venta-de-alucinogenos-en-puerto-carreno\/#article\",\"isPartOf\":{\"@id\":\"https:\/\/www.fiscalia.gov.co\/colombia\/crimen-organizado\/desarticulada-banda-los-tomas-presuntamente-dedicada-al-hurto-receptacion-y-venta-de-alucinogenos-en-puerto-carreno\/\"},\"author\":{\"name\":\"Ana Mar\u00eda Gomez\",\"@id\":\"https:\/\/www.fiscalia.gov.co\/colombia\/#\/schema\/person\/06aa2210fe4d79203f428ff671dee360\"},\"headline\":\"Desarticulada banda Los Tomas, presuntamente, dedicada al hurto, receptaci\u00f3n y venta de alucin\u00f3genos en Puerto Carre\u00f1o.\",\"datePublished\":\"2021-06-11T20:36:20+00:00\",\"dateModified\":\"2021-06-11T20:36:58+00:00\",\"mainEntityOfPage\":{\"@id\":\"https:\/\/www.fiscalia.gov.co\/colombia\/crimen-organizado\/desarticulada-banda-los-tomas-presuntamente-dedicada-al-hurto-receptacion-y-venta-de-alucinogenos-en-puerto-carreno\/\"},\"wordCount\":392,\"publisher\":{\"@id\":\"https:\/\/www.fiscalia.gov.co\/colombia\/#organization\"},\"keywords\":[\"Fiscal\u00eda General de la Naci\u00f3n \u2013 Francisco Barbosa - concierto para delinquir con fines de narcotr\u00e1fico - tr\u00e1fico fabricaci\u00f3n o porte de estupefacientes - hurto calificado y agravado - receptaci\u00f3n.\"],\"articleSection\":[\"Crimen organizado\",\"Seccional Vichada\",\"Seccionales\"],\"inLanguage\":\"es-CO\"},{\"@type\":\"WebPage\",\"@id\":\"https:\/\/www.fiscalia.gov.co\/colombia\/crimen-organizado\/desarticulada-banda-los-tomas-presuntamente-dedicada-al-hurto-receptacion-y-venta-de-alucinogenos-en-puerto-carreno\/\",\"url\":\"https:\/\/www.fiscalia.gov.co\/colombia\/crimen-organizado\/desarticulada-banda-los-tomas-presuntamente-dedicada-al-hurto-receptacion-y-venta-de-alucinogenos-en-puerto-carreno\/\",\"name\":\"Fiscal\u00eda General de la Naci\u00f3n\",\"isPartOf\":{\"@id\":\"https:\/\/www.fiscalia.gov.co\/colombia\/#website\"},\"datePublished\":\"2021-06-11T20:36:20+00:00\",\"dateModified\":\"2021-06-11T20:36:58+00:00\",\"description\":\"P\u00e1gina oficial de la Fiscal\u00eda General de la Naci\u00f3n \u2013 Colombia. Garantizamos el acceso efectivo a la justicia, la verdad y la reparaci\u00f3n de las v\u00edctimas de los delitos.\",\"breadcrumb\":{\"@id\":\"https:\/\/www.fiscalia.gov.co\/colombia\/crimen-organizado\/desarticulada-banda-los-tomas-presuntamente-dedicada-al-hurto-receptacion-y-venta-de-alucinogenos-en-puerto-carreno\/#breadcrumb\"},\"inLanguage\":\"es-CO\",\"potentialAction\":[{\"@type\":\"ReadAction\",\"target\":[\"https:\/\/www.fiscalia.gov.co\/colombia\/crimen-organizado\/desarticulada-banda-los-tomas-presuntamente-dedicada-al-hurto-receptacion-y-venta-de-alucinogenos-en-puerto-carreno\/\"]}]},{\"@type\":\"BreadcrumbList\",\"@id\":\"https:\/\/www.fiscalia.gov.co\/colombia\/crimen-organizado\/desarticulada-banda-los-tomas-presuntamente-dedicada-al-hurto-receptacion-y-venta-de-alucinogenos-en-puerto-carreno\/#breadcrumb\",\"itemListElement\":[{\"@type\":\"ListItem\",\"position\":1,\"name\":\"Home\",\"item\":\"https:\/\/www.fiscalia.gov.co\/colombia\/\"},{\"@type\":\"ListItem\",\"position\":2,\"name\":\"Desarticulada banda Los Tomas, presuntamente, dedicada al hurto, receptaci\u00f3n y venta de alucin\u00f3genos en Puerto Carre\u00f1o.\"}]},{\"@type\":\"WebSite\",\"@id\":\"https:\/\/www.fiscalia.gov.co\/colombia\/#website\",\"url\":\"https:\/\/www.fiscalia.gov.co\/colombia\/\",\"name\":\"Fiscal\u00eda General de la Naci\u00f3n\",\"description\":\"P\u00e1gina oficial de la Fiscal\u00eda General de la Naci\u00f3n \u2013 Colombia. Garantizamos el acceso efectivo a la justicia, la verdad y la reparaci\u00f3n de las v\u00edctimas de los delitos.\",\"publisher\":{\"@id\":\"https:\/\/www.fiscalia.gov.co\/colombia\/#organization\"},\"potentialAction\":[{\"@type\":\"SearchAction\",\"target\":{\"@type\":\"EntryPoint\",\"urlTemplate\":\"https:\/\/www.fiscalia.gov.co\/colombia\/?s={search_term_string}\"},\"query-input\":{\"@type\":\"PropertyValueSpecification\",\"valueRequired\":true,\"valueName\":\"search_term_string\"}}],\"inLanguage\":\"es-CO\"},{\"@type\":\"Organization\",\"@id\":\"https:\/\/www.fiscalia.gov.co\/colombia\/#organization\",\"name\":\"Fiscal\u00eda General de la Naci\u00f3n\",\"url\":\"https:\/\/www.fiscalia.gov.co\/colombia\/\",\"logo\":{\"@type\":\"ImageObject\",\"inLanguage\":\"es-CO\",\"@id\":\"https:\/\/www.fiscalia.gov.co\/colombia\/#\/schema\/logo\/image\/\",\"url\":\"https:\/\/www.fiscalia.gov.co\/colombia\/wp-content\/uploads\/LogoHorizontal_1.jpg\",\"contentUrl\":\"https:\/\/www.fiscalia.gov.co\/colombia\/wp-content\/uploads\/LogoHorizontal_1.jpg\",\"width\":300,\"height\":90,\"caption\":\"Fiscal\u00eda General de la Naci\u00f3n\"},\"image\":{\"@id\":\"https:\/\/www.fiscalia.gov.co\/colombia\/#\/schema\/logo\/image\/\"},\"sameAs\":[\"https:\/\/www.facebook.com\/FiscaliaCol\",\"https:\/\/x.com\/FiscaliaCol\",\"https:\/\/www.instagram.com\/fiscaliacol\",\"https:\/\/www.linkedin.com\/company\/fiscalia-general-de-la-naci-n\/\",\"https:\/\/youtube.com\/@fiscaliageneraldelanacion-4668?si=6nN79nyQICPU5iTh\"]},{\"@type\":\"Person\",\"@id\":\"https:\/\/www.fiscalia.gov.co\/colombia\/#\/schema\/person\/06aa2210fe4d79203f428ff671dee360\",\"name\":\"Ana Mar\u00eda Gomez\",\"image\":{\"@type\":\"ImageObject\",\"inLanguage\":\"es-CO\",\"@id\":\"https:\/\/www.fiscalia.gov.co\/colombia\/#\/schema\/person\/image\/\",\"url\":\"https:\/\/secure.gravatar.com\/avatar\/a38115d98a7f8a96cbb96af2b2c37a0b?s=96&d=mm&r=g\",\"contentUrl\":\"https:\/\/secure.gravatar.com\/avatar\/a38115d98a7f8a96cbb96af2b2c37a0b?s=96&d=mm&r=g\",\"caption\":\"Ana Mar\u00eda Gomez\"},\"url\":\"https:\/\/www.fiscalia.gov.co\/colombia\/author\/agomez\/\"}]}<\/script>\n<!-- \/ Yoast SEO plugin. -->","yoast_head_json":{"title":"Fiscal\u00eda General de la Naci\u00f3n","description":"P\u00e1gina oficial de la Fiscal\u00eda General de la Naci\u00f3n \u2013 Colombia. Garantizamos el acceso efectivo a la justicia, la verdad y la reparaci\u00f3n de las v\u00edctimas de los delitos.","robots":{"index":"noindex","follow":"follow"},"og_locale":"es_ES","og_type":"article","og_title":"Fiscal\u00eda General de la Naci\u00f3n","og_description":"P\u00e1gina oficial de la Fiscal\u00eda General de la Naci\u00f3n \u2013 Colombia. Garantizamos el acceso efectivo a la justicia, la verdad y la reparaci\u00f3n de las v\u00edctimas de los delitos.","og_url":"https:\/\/www.fiscalia.gov.co\/colombia\/crimen-organizado\/desarticulada-banda-los-tomas-presuntamente-dedicada-al-hurto-receptacion-y-venta-de-alucinogenos-en-puerto-carreno\/","og_site_name":"Fiscal\u00eda General de la Naci\u00f3n","article_publisher":"https:\/\/www.facebook.com\/FiscaliaCol","article_published_time":"2021-06-11T20:36:20+00:00","article_modified_time":"2021-06-11T20:36:58+00:00","author":"Ana Mar\u00eda Gomez","twitter_card":"summary_large_image","twitter_creator":"@FiscaliaCol","twitter_site":"@FiscaliaCol","twitter_misc":{"Escrito por":"Ana Mar\u00eda Gomez","Tiempo de lectura":"2 minutos"},"schema":{"@context":"https:\/\/schema.org","@graph":[{"@type":"Article","@id":"https:\/\/www.fiscalia.gov.co\/colombia\/crimen-organizado\/desarticulada-banda-los-tomas-presuntamente-dedicada-al-hurto-receptacion-y-venta-de-alucinogenos-en-puerto-carreno\/#article","isPartOf":{"@id":"https:\/\/www.fiscalia.gov.co\/colombia\/crimen-organizado\/desarticulada-banda-los-tomas-presuntamente-dedicada-al-hurto-receptacion-y-venta-de-alucinogenos-en-puerto-carreno\/"},"author":{"name":"Ana Mar\u00eda Gomez","@id":"https:\/\/www.fiscalia.gov.co\/colombia\/#\/schema\/person\/06aa2210fe4d79203f428ff671dee360"},"headline":"Desarticulada banda Los Tomas, presuntamente, dedicada al hurto, receptaci\u00f3n y venta de alucin\u00f3genos en Puerto Carre\u00f1o.","datePublished":"2021-06-11T20:36:20+00:00","dateModified":"2021-06-11T20:36:58+00:00","mainEntityOfPage":{"@id":"https:\/\/www.fiscalia.gov.co\/colombia\/crimen-organizado\/desarticulada-banda-los-tomas-presuntamente-dedicada-al-hurto-receptacion-y-venta-de-alucinogenos-en-puerto-carreno\/"},"wordCount":392,"publisher":{"@id":"https:\/\/www.fiscalia.gov.co\/colombia\/#organization"},"keywords":["Fiscal\u00eda General de la Naci\u00f3n \u2013 Francisco Barbosa - concierto para delinquir con fines de narcotr\u00e1fico - tr\u00e1fico fabricaci\u00f3n o porte de estupefacientes - hurto calificado y agravado - receptaci\u00f3n."],"articleSection":["Crimen organizado","Seccional Vichada","Seccionales"],"inLanguage":"es-CO"},{"@type":"WebPage","@id":"https:\/\/www.fiscalia.gov.co\/colombia\/crimen-organizado\/desarticulada-banda-los-tomas-presuntamente-dedicada-al-hurto-receptacion-y-venta-de-alucinogenos-en-puerto-carreno\/","url":"https:\/\/www.fiscalia.gov.co\/colombia\/crimen-organizado\/desarticulada-banda-los-tomas-presuntamente-dedicada-al-hurto-receptacion-y-venta-de-alucinogenos-en-puerto-carreno\/","name":"Fiscal\u00eda General de la Naci\u00f3n","isPartOf":{"@id":"https:\/\/www.fiscalia.gov.co\/colombia\/#website"},"datePublished":"2021-06-11T20:36:20+00:00","dateModified":"2021-06-11T20:36:58+00:00","description":"P\u00e1gina oficial de la Fiscal\u00eda General de la Naci\u00f3n \u2013 Colombia. Garantizamos el acceso efectivo a la justicia, la verdad y la reparaci\u00f3n de las v\u00edctimas de los delitos.","breadcrumb":{"@id":"https:\/\/www.fiscalia.gov.co\/colombia\/crimen-organizado\/desarticulada-banda-los-tomas-presuntamente-dedicada-al-hurto-receptacion-y-venta-de-alucinogenos-en-puerto-carreno\/#breadcrumb"},"inLanguage":"es-CO","potentialAction":[{"@type":"ReadAction","target":["https:\/\/www.fiscalia.gov.co\/colombia\/crimen-organizado\/desarticulada-banda-los-tomas-presuntamente-dedicada-al-hurto-receptacion-y-venta-de-alucinogenos-en-puerto-carreno\/"]}]},{"@type":"BreadcrumbList","@id":"https:\/\/www.fiscalia.gov.co\/colombia\/crimen-organizado\/desarticulada-banda-los-tomas-presuntamente-dedicada-al-hurto-receptacion-y-venta-de-alucinogenos-en-puerto-carreno\/#breadcrumb","itemListElement":[{"@type":"ListItem","position":1,"name":"Home","item":"https:\/\/www.fiscalia.gov.co\/colombia\/"},{"@type":"ListItem","position":2,"name":"Desarticulada banda Los Tomas, presuntamente, dedicada al hurto, receptaci\u00f3n y venta de alucin\u00f3genos en Puerto Carre\u00f1o."}]},{"@type":"WebSite","@id":"https:\/\/www.fiscalia.gov.co\/colombia\/#website","url":"https:\/\/www.fiscalia.gov.co\/colombia\/","name":"Fiscal\u00eda General de la Naci\u00f3n","description":"P\u00e1gina oficial de la Fiscal\u00eda General de la Naci\u00f3n \u2013 Colombia. Garantizamos el acceso efectivo a la justicia, la verdad y la reparaci\u00f3n de las v\u00edctimas de los delitos.","publisher":{"@id":"https:\/\/www.fiscalia.gov.co\/colombia\/#organization"},"potentialAction":[{"@type":"SearchAction","target":{"@type":"EntryPoint","urlTemplate":"https:\/\/www.fiscalia.gov.co\/colombia\/?s={search_term_string}"},"query-input":{"@type":"PropertyValueSpecification","valueRequired":true,"valueName":"search_term_string"}}],"inLanguage":"es-CO"},{"@type":"Organization","@id":"https:\/\/www.fiscalia.gov.co\/colombia\/#organization","name":"Fiscal\u00eda General de la Naci\u00f3n","url":"https:\/\/www.fiscalia.gov.co\/colombia\/","logo":{"@type":"ImageObject","inLanguage":"es-CO","@id":"https:\/\/www.fiscalia.gov.co\/colombia\/#\/schema\/logo\/image\/","url":"https:\/\/www.fiscalia.gov.co\/colombia\/wp-content\/uploads\/LogoHorizontal_1.jpg","contentUrl":"https:\/\/www.fiscalia.gov.co\/colombia\/wp-content\/uploads\/LogoHorizontal_1.jpg","width":300,"height":90,"caption":"Fiscal\u00eda General de la Naci\u00f3n"},"image":{"@id":"https:\/\/www.fiscalia.gov.co\/colombia\/#\/schema\/logo\/image\/"},"sameAs":["https:\/\/www.facebook.com\/FiscaliaCol","https:\/\/x.com\/FiscaliaCol","https:\/\/www.instagram.com\/fiscaliacol","https:\/\/www.linkedin.com\/company\/fiscalia-general-de-la-naci-n\/","https:\/\/youtube.com\/@fiscaliageneraldelanacion-4668?si=6nN79nyQICPU5iTh"]},{"@type":"Person","@id":"https:\/\/www.fiscalia.gov.co\/colombia\/#\/schema\/person\/06aa2210fe4d79203f428ff671dee360","name":"Ana Mar\u00eda Gomez","image":{"@type":"ImageObject","inLanguage":"es-CO","@id":"https:\/\/www.fiscalia.gov.co\/colombia\/#\/schema\/person\/image\/","url":"https:\/\/secure.gravatar.com\/avatar\/a38115d98a7f8a96cbb96af2b2c37a0b?s=96&d=mm&r=g","contentUrl":"https:\/\/secure.gravatar.com\/avatar\/a38115d98a7f8a96cbb96af2b2c37a0b?s=96&d=mm&r=g","caption":"Ana Mar\u00eda Gomez"},"url":"https:\/\/www.fiscalia.gov.co\/colombia\/author\/agomez\/"}]}},"_links":{"self":[{"href":"https:\/\/www.fiscalia.gov.co\/colombia\/wp-json\/wp\/v2\/posts\/222012","targetHints":{"allow":["GET"]}}],"collection":[{"href":"https:\/\/www.fiscalia.gov.co\/colombia\/wp-json\/wp\/v2\/posts"}],"about":[{"href":"https:\/\/www.fiscalia.gov.co\/colombia\/wp-json\/wp\/v2\/types\/post"}],"author":[{"embeddable":true,"href":"https:\/\/www.fiscalia.gov.co\/colombia\/wp-json\/wp\/v2\/users\/171"}],"replies":[{"embeddable":true,"href":"https:\/\/www.fiscalia.gov.co\/colombia\/wp-json\/wp\/v2\/comments?post=222012"}],"version-history":[{"count":2,"href":"https:\/\/www.fiscalia.gov.co\/colombia\/wp-json\/wp\/v2\/posts\/222012\/revisions"}],"predecessor-version":[{"id":222015,"href":"https:\/\/www.fiscalia.gov.co\/colombia\/wp-json\/wp\/v2\/posts\/222012\/revisions\/222015"}],"wp:attachment":[{"href":"https:\/\/www.fiscalia.gov.co\/colombia\/wp-json\/wp\/v2\/media?parent=222012"}],"wp:term":[{"taxonomy":"category","embeddable":true,"href":"https:\/\/www.fiscalia.gov.co\/colombia\/wp-json\/wp\/v2\/categories?post=222012"},{"taxonomy":"post_tag","embeddable":true,"href":"https:\/\/www.fiscalia.gov.co\/colombia\/wp-json\/wp\/v2\/tags?post=222012"}],"curies":[{"name":"wp","href":"https:\/\/api.w.org\/{rel}","templated":true}]}}