{"id":221951,"date":"2021-06-11T11:48:51","date_gmt":"2021-06-11T16:48:51","guid":{"rendered":"https:\/\/www.fiscalia.gov.co\/colombia\/?p=221951"},"modified":"2021-06-11T11:49:43","modified_gmt":"2021-06-11T16:49:43","slug":"asegurado-en-centro-carcelario-un-hombre-que-presuntamente-asesino-a-otro-e-hirio-a-una-mujer-en-el-barrio-el-espino-de-ciudad-bolivar","status":"publish","type":"post","link":"https:\/\/www.fiscalia.gov.co\/colombia\/seccionales\/seccional-bogota\/asegurado-en-centro-carcelario-un-hombre-que-presuntamente-asesino-a-otro-e-hirio-a-una-mujer-en-el-barrio-el-espino-de-ciudad-bolivar\/","title":{"rendered":"Asegurado en centro carcelario un hombre que presuntamente asesin\u00f3 a otro e hiri\u00f3 a una mujer en el barrio El Espino de Ciudad Bol\u00edvar"},"content":{"rendered":"<p>Al acoger los argumentos de un fiscal de la Unidad de Vida de Bogot\u00e1, un juez de control de garant\u00edas impuso medida de aseguramiento en establecimiento carcelario en contra de Michael Stip Morales Leal, quien acept\u00f3 su responsabilidad en los delitos de homicidio agravado, tentativa de homicidio agravado y fabricaci\u00f3n, tr\u00e1fico, porte o tenencia de armas de fuego, accesorios, partes o municiones agravado.<\/p>\n<figure id=\"attachment_221953\" aria-describedby=\"caption-attachment-221953\" style=\"width: 962px\" class=\"wp-caption aligncenter\"><img loading=\"lazy\" decoding=\"async\" class=\"size-full wp-image-221953\" src=\"https:\/\/www.fiscalia.gov.co\/colombia\/wp-content\/uploads\/WhatsApp-Image-2021-06-11-at-11.31.20-AM.jpeg\" alt=\"\" width=\"962\" height=\"723\" srcset=\"https:\/\/www.fiscalia.gov.co\/colombia\/wp-content\/uploads\/WhatsApp-Image-2021-06-11-at-11.31.20-AM.jpeg 962w, https:\/\/www.fiscalia.gov.co\/colombia\/wp-content\/uploads\/WhatsApp-Image-2021-06-11-at-11.31.20-AM-300x225.jpeg 300w, https:\/\/www.fiscalia.gov.co\/colombia\/wp-content\/uploads\/WhatsApp-Image-2021-06-11-at-11.31.20-AM-768x577.jpeg 768w, https:\/\/www.fiscalia.gov.co\/colombia\/wp-content\/uploads\/WhatsApp-Image-2021-06-11-at-11.31.20-AM-696x523.jpeg 696w, https:\/\/www.fiscalia.gov.co\/colombia\/wp-content\/uploads\/WhatsApp-Image-2021-06-11-at-11.31.20-AM-559x420.jpeg 559w, https:\/\/www.fiscalia.gov.co\/colombia\/wp-content\/uploads\/WhatsApp-Image-2021-06-11-at-11.31.20-AM-80x60.jpeg 80w, https:\/\/www.fiscalia.gov.co\/colombia\/wp-content\/uploads\/WhatsApp-Image-2021-06-11-at-11.31.20-AM-265x198.jpeg 265w\" sizes=\"auto, (max-width: 962px) 100vw, 962px\" \/><figcaption id=\"caption-attachment-221953\" class=\"wp-caption-text\">Michael Stip Morales Leal, presunto homicida de un hombre y causante de graves heridas a mujer en el barrio El Espino de la localidad de Ciudad Bol\u00edvar.<\/figcaption><\/figure>\n<p>Los hechos que se investigan con apoyo de la Sij\u00edn de la Polic\u00eda Nacional ocurrieron el pasado 18 de mayo, en v\u00eda p\u00fablica del barrio El Espino de la localidad de Ciudad Bol\u00edvar, donde supuestamente Morales Leal les dispar\u00f3 a Esneider Dub\u00e1n Rozo Ruiz y a una mujer que lo acompa\u00f1aba. El primero muri\u00f3 en el lugar, mientras que la segunda v\u00edctima qued\u00f3 gravemente herida.<\/p>\n<p>El presunto agresor emprendi\u00f3 la huida, pero fue capturado mediante orden judicial el 6 de junio \u00faltimo.<\/p>\n<p>La Fiscal\u00eda General de la Naci\u00f3n habla con resultados.<\/p>\n<p>LMFO\/NSRQ\/DLBM<\/p>\n<p><i><span lang=\"ES\">La informaci\u00f3n contenida en este bolet\u00edn de prensa corresponde a la narraci\u00f3n de los hechos noticiosos objetivos, suministrados por los funcionarios encargados de adelantar las investigaciones penales al interior de la Fiscal\u00eda General de la Naci\u00f3n. Para el momento de la divulgaci\u00f3n de este comunicado, la situaci\u00f3n jur\u00eddica de la(s) persona(s) relacionada(s) se encuentra pendiente de resolver por la autoridad judicial competente, siempre bajo los preceptos de la presunci\u00f3n de inocencia, consagrados en el art\u00edculo 29 de la Constituci\u00f3n Pol\u00edtica y el art\u00edculo 7\u00ba de la Ley 906 de 2004.<\/span><\/i><span lang=\"ES\">\u00a0\u00a0\u00a0\u00a0<\/span><\/p>\n\n<div class=\"twitter-share\"><a href=\"https:\/\/twitter.com\/intent\/tweet?via=fiscaliacol\" class=\"twitter-share-button\">Tweet<\/a><\/div>\n","protected":false},"excerpt":{"rendered":"<p>Al acoger los argumentos de un fiscal de la Unidad de Vida de Bogot\u00e1, un juez de control de garant\u00edas impuso medida de aseguramiento en establecimiento carcelario en contra de [&hellip;]<\/p>\n","protected":false},"author":171,"featured_media":0,"comment_status":"closed","ping_status":"open","sticky":false,"template":"","format":"standard","meta":{"tdm_status":"","tdm_grid_status":"","footnotes":""},"categories":[321,303,24099],"tags":[24185,4614],"class_list":["post-221951","post","type-post","status-publish","format-standard","category-seccional-bogota","category-seccionales","category-seguridad-territorial","tag-fiscal-barbosa","tag-fiscalia-2"],"yoast_head":"<!-- This site is optimized with the Yoast SEO plugin v24.3 - https:\/\/yoast.com\/wordpress\/plugins\/seo\/ -->\n<title>Fiscal\u00eda General de la Naci\u00f3n<\/title>\n<meta name=\"description\" content=\"P\u00e1gina oficial de la Fiscal\u00eda General de la Naci\u00f3n \u2013 Colombia. Garantizamos el acceso efectivo a la justicia, la verdad y la reparaci\u00f3n de las v\u00edctimas de los delitos.\" \/>\n<meta name=\"robots\" content=\"noindex, follow\" \/>\n<meta property=\"og:locale\" content=\"es_ES\" \/>\n<meta property=\"og:type\" content=\"article\" \/>\n<meta property=\"og:title\" content=\"Fiscal\u00eda General de la Naci\u00f3n\" \/>\n<meta property=\"og:description\" content=\"P\u00e1gina oficial de la Fiscal\u00eda General de la Naci\u00f3n \u2013 Colombia. Garantizamos el acceso efectivo a la justicia, la verdad y la reparaci\u00f3n de las v\u00edctimas de los delitos.\" \/>\n<meta property=\"og:url\" content=\"https:\/\/www.fiscalia.gov.co\/colombia\/seccionales\/seccional-bogota\/asegurado-en-centro-carcelario-un-hombre-que-presuntamente-asesino-a-otro-e-hirio-a-una-mujer-en-el-barrio-el-espino-de-ciudad-bolivar\/\" \/>\n<meta property=\"og:site_name\" content=\"Fiscal\u00eda General de la Naci\u00f3n\" \/>\n<meta property=\"article:publisher\" content=\"https:\/\/www.facebook.com\/FiscaliaCol\" \/>\n<meta property=\"article:published_time\" content=\"2021-06-11T16:48:51+00:00\" \/>\n<meta property=\"article:modified_time\" content=\"2021-06-11T16:49:43+00:00\" \/>\n<meta property=\"og:image\" content=\"https:\/\/www.fiscalia.gov.co\/colombia\/wp-content\/uploads\/WhatsApp-Image-2021-06-11-at-11.31.20-AM.jpeg\" \/>\n<meta name=\"author\" content=\"Ana Mar\u00eda Gomez\" \/>\n<meta name=\"twitter:card\" content=\"summary_large_image\" \/>\n<meta name=\"twitter:creator\" content=\"@FiscaliaCol\" \/>\n<meta name=\"twitter:site\" content=\"@FiscaliaCol\" \/>\n<meta name=\"twitter:label1\" content=\"Escrito por\" \/>\n\t<meta name=\"twitter:data1\" content=\"Ana Mar\u00eda Gomez\" \/>\n\t<meta name=\"twitter:label2\" content=\"Tiempo de lectura\" \/>\n\t<meta name=\"twitter:data2\" content=\"2 minutos\" \/>\n<script type=\"application\/ld+json\" class=\"yoast-schema-graph\">{\"@context\":\"https:\/\/schema.org\",\"@graph\":[{\"@type\":\"Article\",\"@id\":\"https:\/\/www.fiscalia.gov.co\/colombia\/seccionales\/seccional-bogota\/asegurado-en-centro-carcelario-un-hombre-que-presuntamente-asesino-a-otro-e-hirio-a-una-mujer-en-el-barrio-el-espino-de-ciudad-bolivar\/#article\",\"isPartOf\":{\"@id\":\"https:\/\/www.fiscalia.gov.co\/colombia\/seccionales\/seccional-bogota\/asegurado-en-centro-carcelario-un-hombre-que-presuntamente-asesino-a-otro-e-hirio-a-una-mujer-en-el-barrio-el-espino-de-ciudad-bolivar\/\"},\"author\":{\"name\":\"Ana Mar\u00eda Gomez\",\"@id\":\"https:\/\/www.fiscalia.gov.co\/colombia\/#\/schema\/person\/06aa2210fe4d79203f428ff671dee360\"},\"headline\":\"Asegurado en centro carcelario un hombre que presuntamente asesin\u00f3 a otro e hiri\u00f3 a una mujer en el barrio El Espino de Ciudad Bol\u00edvar\",\"datePublished\":\"2021-06-11T16:48:51+00:00\",\"dateModified\":\"2021-06-11T16:49:43+00:00\",\"mainEntityOfPage\":{\"@id\":\"https:\/\/www.fiscalia.gov.co\/colombia\/seccionales\/seccional-bogota\/asegurado-en-centro-carcelario-un-hombre-que-presuntamente-asesino-a-otro-e-hirio-a-una-mujer-en-el-barrio-el-espino-de-ciudad-bolivar\/\"},\"wordCount\":330,\"publisher\":{\"@id\":\"https:\/\/www.fiscalia.gov.co\/colombia\/#organization\"},\"image\":{\"@id\":\"https:\/\/www.fiscalia.gov.co\/colombia\/seccionales\/seccional-bogota\/asegurado-en-centro-carcelario-un-hombre-que-presuntamente-asesino-a-otro-e-hirio-a-una-mujer-en-el-barrio-el-espino-de-ciudad-bolivar\/#primaryimage\"},\"thumbnailUrl\":\"https:\/\/www.fiscalia.gov.co\/colombia\/wp-content\/uploads\/WhatsApp-Image-2021-06-11-at-11.31.20-AM.jpeg\",\"keywords\":[\"Fiscal Barbosa\",\"Fiscal\u00eda\"],\"articleSection\":[\"Seccional Bogot\u00e1\",\"Seccionales\",\"Seguridad territorial\"],\"inLanguage\":\"es-CO\"},{\"@type\":\"WebPage\",\"@id\":\"https:\/\/www.fiscalia.gov.co\/colombia\/seccionales\/seccional-bogota\/asegurado-en-centro-carcelario-un-hombre-que-presuntamente-asesino-a-otro-e-hirio-a-una-mujer-en-el-barrio-el-espino-de-ciudad-bolivar\/\",\"url\":\"https:\/\/www.fiscalia.gov.co\/colombia\/seccionales\/seccional-bogota\/asegurado-en-centro-carcelario-un-hombre-que-presuntamente-asesino-a-otro-e-hirio-a-una-mujer-en-el-barrio-el-espino-de-ciudad-bolivar\/\",\"name\":\"Fiscal\u00eda General de la Naci\u00f3n\",\"isPartOf\":{\"@id\":\"https:\/\/www.fiscalia.gov.co\/colombia\/#website\"},\"primaryImageOfPage\":{\"@id\":\"https:\/\/www.fiscalia.gov.co\/colombia\/seccionales\/seccional-bogota\/asegurado-en-centro-carcelario-un-hombre-que-presuntamente-asesino-a-otro-e-hirio-a-una-mujer-en-el-barrio-el-espino-de-ciudad-bolivar\/#primaryimage\"},\"image\":{\"@id\":\"https:\/\/www.fiscalia.gov.co\/colombia\/seccionales\/seccional-bogota\/asegurado-en-centro-carcelario-un-hombre-que-presuntamente-asesino-a-otro-e-hirio-a-una-mujer-en-el-barrio-el-espino-de-ciudad-bolivar\/#primaryimage\"},\"thumbnailUrl\":\"https:\/\/www.fiscalia.gov.co\/colombia\/wp-content\/uploads\/WhatsApp-Image-2021-06-11-at-11.31.20-AM.jpeg\",\"datePublished\":\"2021-06-11T16:48:51+00:00\",\"dateModified\":\"2021-06-11T16:49:43+00:00\",\"description\":\"P\u00e1gina oficial de la Fiscal\u00eda General de la Naci\u00f3n \u2013 Colombia. Garantizamos el acceso efectivo a la justicia, la verdad y la reparaci\u00f3n de las v\u00edctimas de los delitos.\",\"breadcrumb\":{\"@id\":\"https:\/\/www.fiscalia.gov.co\/colombia\/seccionales\/seccional-bogota\/asegurado-en-centro-carcelario-un-hombre-que-presuntamente-asesino-a-otro-e-hirio-a-una-mujer-en-el-barrio-el-espino-de-ciudad-bolivar\/#breadcrumb\"},\"inLanguage\":\"es-CO\",\"potentialAction\":[{\"@type\":\"ReadAction\",\"target\":[\"https:\/\/www.fiscalia.gov.co\/colombia\/seccionales\/seccional-bogota\/asegurado-en-centro-carcelario-un-hombre-que-presuntamente-asesino-a-otro-e-hirio-a-una-mujer-en-el-barrio-el-espino-de-ciudad-bolivar\/\"]}]},{\"@type\":\"ImageObject\",\"inLanguage\":\"es-CO\",\"@id\":\"https:\/\/www.fiscalia.gov.co\/colombia\/seccionales\/seccional-bogota\/asegurado-en-centro-carcelario-un-hombre-que-presuntamente-asesino-a-otro-e-hirio-a-una-mujer-en-el-barrio-el-espino-de-ciudad-bolivar\/#primaryimage\",\"url\":\"https:\/\/www.fiscalia.gov.co\/colombia\/wp-content\/uploads\/WhatsApp-Image-2021-06-11-at-11.31.20-AM.jpeg\",\"contentUrl\":\"https:\/\/www.fiscalia.gov.co\/colombia\/wp-content\/uploads\/WhatsApp-Image-2021-06-11-at-11.31.20-AM.jpeg\",\"width\":962,\"height\":723,\"caption\":\"Michael Stip Morales Leal, presunto homicida de un hombre y causante de graves heridas a mujer en el barrio El Espino de la localidad de Ciudad Bol\u00edvar.\"},{\"@type\":\"BreadcrumbList\",\"@id\":\"https:\/\/www.fiscalia.gov.co\/colombia\/seccionales\/seccional-bogota\/asegurado-en-centro-carcelario-un-hombre-que-presuntamente-asesino-a-otro-e-hirio-a-una-mujer-en-el-barrio-el-espino-de-ciudad-bolivar\/#breadcrumb\",\"itemListElement\":[{\"@type\":\"ListItem\",\"position\":1,\"name\":\"Home\",\"item\":\"https:\/\/www.fiscalia.gov.co\/colombia\/\"},{\"@type\":\"ListItem\",\"position\":2,\"name\":\"Asegurado en centro carcelario un hombre que presuntamente asesin\u00f3 a otro e hiri\u00f3 a una mujer en el barrio El Espino de Ciudad Bol\u00edvar\"}]},{\"@type\":\"WebSite\",\"@id\":\"https:\/\/www.fiscalia.gov.co\/colombia\/#website\",\"url\":\"https:\/\/www.fiscalia.gov.co\/colombia\/\",\"name\":\"Fiscal\u00eda General de la Naci\u00f3n\",\"description\":\"P\u00e1gina oficial de la Fiscal\u00eda General de la Naci\u00f3n \u2013 Colombia. Garantizamos el acceso efectivo a la justicia, la verdad y la reparaci\u00f3n de las v\u00edctimas de los delitos.\",\"publisher\":{\"@id\":\"https:\/\/www.fiscalia.gov.co\/colombia\/#organization\"},\"potentialAction\":[{\"@type\":\"SearchAction\",\"target\":{\"@type\":\"EntryPoint\",\"urlTemplate\":\"https:\/\/www.fiscalia.gov.co\/colombia\/?s={search_term_string}\"},\"query-input\":{\"@type\":\"PropertyValueSpecification\",\"valueRequired\":true,\"valueName\":\"search_term_string\"}}],\"inLanguage\":\"es-CO\"},{\"@type\":\"Organization\",\"@id\":\"https:\/\/www.fiscalia.gov.co\/colombia\/#organization\",\"name\":\"Fiscal\u00eda General de la Naci\u00f3n\",\"url\":\"https:\/\/www.fiscalia.gov.co\/colombia\/\",\"logo\":{\"@type\":\"ImageObject\",\"inLanguage\":\"es-CO\",\"@id\":\"https:\/\/www.fiscalia.gov.co\/colombia\/#\/schema\/logo\/image\/\",\"url\":\"https:\/\/www.fiscalia.gov.co\/colombia\/wp-content\/uploads\/LogoHorizontal_1.jpg\",\"contentUrl\":\"https:\/\/www.fiscalia.gov.co\/colombia\/wp-content\/uploads\/LogoHorizontal_1.jpg\",\"width\":300,\"height\":90,\"caption\":\"Fiscal\u00eda General de la Naci\u00f3n\"},\"image\":{\"@id\":\"https:\/\/www.fiscalia.gov.co\/colombia\/#\/schema\/logo\/image\/\"},\"sameAs\":[\"https:\/\/www.facebook.com\/FiscaliaCol\",\"https:\/\/x.com\/FiscaliaCol\",\"https:\/\/www.instagram.com\/fiscaliacol\",\"https:\/\/www.linkedin.com\/company\/fiscalia-general-de-la-naci-n\/\",\"https:\/\/youtube.com\/@fiscaliageneraldelanacion-4668?si=6nN79nyQICPU5iTh\"]},{\"@type\":\"Person\",\"@id\":\"https:\/\/www.fiscalia.gov.co\/colombia\/#\/schema\/person\/06aa2210fe4d79203f428ff671dee360\",\"name\":\"Ana Mar\u00eda Gomez\",\"image\":{\"@type\":\"ImageObject\",\"inLanguage\":\"es-CO\",\"@id\":\"https:\/\/www.fiscalia.gov.co\/colombia\/#\/schema\/person\/image\/\",\"url\":\"https:\/\/secure.gravatar.com\/avatar\/a38115d98a7f8a96cbb96af2b2c37a0b?s=96&d=mm&r=g\",\"contentUrl\":\"https:\/\/secure.gravatar.com\/avatar\/a38115d98a7f8a96cbb96af2b2c37a0b?s=96&d=mm&r=g\",\"caption\":\"Ana Mar\u00eda Gomez\"},\"url\":\"https:\/\/www.fiscalia.gov.co\/colombia\/author\/agomez\/\"}]}<\/script>\n<!-- \/ Yoast SEO plugin. -->","yoast_head_json":{"title":"Fiscal\u00eda General de la Naci\u00f3n","description":"P\u00e1gina oficial de la Fiscal\u00eda General de la Naci\u00f3n \u2013 Colombia. Garantizamos el acceso efectivo a la justicia, la verdad y la reparaci\u00f3n de las v\u00edctimas de los delitos.","robots":{"index":"noindex","follow":"follow"},"og_locale":"es_ES","og_type":"article","og_title":"Fiscal\u00eda General de la Naci\u00f3n","og_description":"P\u00e1gina oficial de la Fiscal\u00eda General de la Naci\u00f3n \u2013 Colombia. Garantizamos el acceso efectivo a la justicia, la verdad y la reparaci\u00f3n de las v\u00edctimas de los delitos.","og_url":"https:\/\/www.fiscalia.gov.co\/colombia\/seccionales\/seccional-bogota\/asegurado-en-centro-carcelario-un-hombre-que-presuntamente-asesino-a-otro-e-hirio-a-una-mujer-en-el-barrio-el-espino-de-ciudad-bolivar\/","og_site_name":"Fiscal\u00eda General de la Naci\u00f3n","article_publisher":"https:\/\/www.facebook.com\/FiscaliaCol","article_published_time":"2021-06-11T16:48:51+00:00","article_modified_time":"2021-06-11T16:49:43+00:00","og_image":[{"url":"https:\/\/www.fiscalia.gov.co\/colombia\/wp-content\/uploads\/WhatsApp-Image-2021-06-11-at-11.31.20-AM.jpeg","type":"","width":"","height":""}],"author":"Ana Mar\u00eda Gomez","twitter_card":"summary_large_image","twitter_creator":"@FiscaliaCol","twitter_site":"@FiscaliaCol","twitter_misc":{"Escrito por":"Ana Mar\u00eda Gomez","Tiempo de lectura":"2 minutos"},"schema":{"@context":"https:\/\/schema.org","@graph":[{"@type":"Article","@id":"https:\/\/www.fiscalia.gov.co\/colombia\/seccionales\/seccional-bogota\/asegurado-en-centro-carcelario-un-hombre-que-presuntamente-asesino-a-otro-e-hirio-a-una-mujer-en-el-barrio-el-espino-de-ciudad-bolivar\/#article","isPartOf":{"@id":"https:\/\/www.fiscalia.gov.co\/colombia\/seccionales\/seccional-bogota\/asegurado-en-centro-carcelario-un-hombre-que-presuntamente-asesino-a-otro-e-hirio-a-una-mujer-en-el-barrio-el-espino-de-ciudad-bolivar\/"},"author":{"name":"Ana Mar\u00eda Gomez","@id":"https:\/\/www.fiscalia.gov.co\/colombia\/#\/schema\/person\/06aa2210fe4d79203f428ff671dee360"},"headline":"Asegurado en centro carcelario un hombre que presuntamente asesin\u00f3 a otro e hiri\u00f3 a una mujer en el barrio El Espino de Ciudad Bol\u00edvar","datePublished":"2021-06-11T16:48:51+00:00","dateModified":"2021-06-11T16:49:43+00:00","mainEntityOfPage":{"@id":"https:\/\/www.fiscalia.gov.co\/colombia\/seccionales\/seccional-bogota\/asegurado-en-centro-carcelario-un-hombre-que-presuntamente-asesino-a-otro-e-hirio-a-una-mujer-en-el-barrio-el-espino-de-ciudad-bolivar\/"},"wordCount":330,"publisher":{"@id":"https:\/\/www.fiscalia.gov.co\/colombia\/#organization"},"image":{"@id":"https:\/\/www.fiscalia.gov.co\/colombia\/seccionales\/seccional-bogota\/asegurado-en-centro-carcelario-un-hombre-que-presuntamente-asesino-a-otro-e-hirio-a-una-mujer-en-el-barrio-el-espino-de-ciudad-bolivar\/#primaryimage"},"thumbnailUrl":"https:\/\/www.fiscalia.gov.co\/colombia\/wp-content\/uploads\/WhatsApp-Image-2021-06-11-at-11.31.20-AM.jpeg","keywords":["Fiscal Barbosa","Fiscal\u00eda"],"articleSection":["Seccional Bogot\u00e1","Seccionales","Seguridad territorial"],"inLanguage":"es-CO"},{"@type":"WebPage","@id":"https:\/\/www.fiscalia.gov.co\/colombia\/seccionales\/seccional-bogota\/asegurado-en-centro-carcelario-un-hombre-que-presuntamente-asesino-a-otro-e-hirio-a-una-mujer-en-el-barrio-el-espino-de-ciudad-bolivar\/","url":"https:\/\/www.fiscalia.gov.co\/colombia\/seccionales\/seccional-bogota\/asegurado-en-centro-carcelario-un-hombre-que-presuntamente-asesino-a-otro-e-hirio-a-una-mujer-en-el-barrio-el-espino-de-ciudad-bolivar\/","name":"Fiscal\u00eda General de la Naci\u00f3n","isPartOf":{"@id":"https:\/\/www.fiscalia.gov.co\/colombia\/#website"},"primaryImageOfPage":{"@id":"https:\/\/www.fiscalia.gov.co\/colombia\/seccionales\/seccional-bogota\/asegurado-en-centro-carcelario-un-hombre-que-presuntamente-asesino-a-otro-e-hirio-a-una-mujer-en-el-barrio-el-espino-de-ciudad-bolivar\/#primaryimage"},"image":{"@id":"https:\/\/www.fiscalia.gov.co\/colombia\/seccionales\/seccional-bogota\/asegurado-en-centro-carcelario-un-hombre-que-presuntamente-asesino-a-otro-e-hirio-a-una-mujer-en-el-barrio-el-espino-de-ciudad-bolivar\/#primaryimage"},"thumbnailUrl":"https:\/\/www.fiscalia.gov.co\/colombia\/wp-content\/uploads\/WhatsApp-Image-2021-06-11-at-11.31.20-AM.jpeg","datePublished":"2021-06-11T16:48:51+00:00","dateModified":"2021-06-11T16:49:43+00:00","description":"P\u00e1gina oficial de la Fiscal\u00eda General de la Naci\u00f3n \u2013 Colombia. Garantizamos el acceso efectivo a la justicia, la verdad y la reparaci\u00f3n de las v\u00edctimas de los delitos.","breadcrumb":{"@id":"https:\/\/www.fiscalia.gov.co\/colombia\/seccionales\/seccional-bogota\/asegurado-en-centro-carcelario-un-hombre-que-presuntamente-asesino-a-otro-e-hirio-a-una-mujer-en-el-barrio-el-espino-de-ciudad-bolivar\/#breadcrumb"},"inLanguage":"es-CO","potentialAction":[{"@type":"ReadAction","target":["https:\/\/www.fiscalia.gov.co\/colombia\/seccionales\/seccional-bogota\/asegurado-en-centro-carcelario-un-hombre-que-presuntamente-asesino-a-otro-e-hirio-a-una-mujer-en-el-barrio-el-espino-de-ciudad-bolivar\/"]}]},{"@type":"ImageObject","inLanguage":"es-CO","@id":"https:\/\/www.fiscalia.gov.co\/colombia\/seccionales\/seccional-bogota\/asegurado-en-centro-carcelario-un-hombre-que-presuntamente-asesino-a-otro-e-hirio-a-una-mujer-en-el-barrio-el-espino-de-ciudad-bolivar\/#primaryimage","url":"https:\/\/www.fiscalia.gov.co\/colombia\/wp-content\/uploads\/WhatsApp-Image-2021-06-11-at-11.31.20-AM.jpeg","contentUrl":"https:\/\/www.fiscalia.gov.co\/colombia\/wp-content\/uploads\/WhatsApp-Image-2021-06-11-at-11.31.20-AM.jpeg","width":962,"height":723,"caption":"Michael Stip Morales Leal, presunto homicida de un hombre y causante de graves heridas a mujer en el barrio El Espino de la localidad de Ciudad Bol\u00edvar."},{"@type":"BreadcrumbList","@id":"https:\/\/www.fiscalia.gov.co\/colombia\/seccionales\/seccional-bogota\/asegurado-en-centro-carcelario-un-hombre-que-presuntamente-asesino-a-otro-e-hirio-a-una-mujer-en-el-barrio-el-espino-de-ciudad-bolivar\/#breadcrumb","itemListElement":[{"@type":"ListItem","position":1,"name":"Home","item":"https:\/\/www.fiscalia.gov.co\/colombia\/"},{"@type":"ListItem","position":2,"name":"Asegurado en centro carcelario un hombre que presuntamente asesin\u00f3 a otro e hiri\u00f3 a una mujer en el barrio El Espino de Ciudad Bol\u00edvar"}]},{"@type":"WebSite","@id":"https:\/\/www.fiscalia.gov.co\/colombia\/#website","url":"https:\/\/www.fiscalia.gov.co\/colombia\/","name":"Fiscal\u00eda General de la Naci\u00f3n","description":"P\u00e1gina oficial de la Fiscal\u00eda General de la Naci\u00f3n \u2013 Colombia. Garantizamos el acceso efectivo a la justicia, la verdad y la reparaci\u00f3n de las v\u00edctimas de los delitos.","publisher":{"@id":"https:\/\/www.fiscalia.gov.co\/colombia\/#organization"},"potentialAction":[{"@type":"SearchAction","target":{"@type":"EntryPoint","urlTemplate":"https:\/\/www.fiscalia.gov.co\/colombia\/?s={search_term_string}"},"query-input":{"@type":"PropertyValueSpecification","valueRequired":true,"valueName":"search_term_string"}}],"inLanguage":"es-CO"},{"@type":"Organization","@id":"https:\/\/www.fiscalia.gov.co\/colombia\/#organization","name":"Fiscal\u00eda General de la Naci\u00f3n","url":"https:\/\/www.fiscalia.gov.co\/colombia\/","logo":{"@type":"ImageObject","inLanguage":"es-CO","@id":"https:\/\/www.fiscalia.gov.co\/colombia\/#\/schema\/logo\/image\/","url":"https:\/\/www.fiscalia.gov.co\/colombia\/wp-content\/uploads\/LogoHorizontal_1.jpg","contentUrl":"https:\/\/www.fiscalia.gov.co\/colombia\/wp-content\/uploads\/LogoHorizontal_1.jpg","width":300,"height":90,"caption":"Fiscal\u00eda General de la Naci\u00f3n"},"image":{"@id":"https:\/\/www.fiscalia.gov.co\/colombia\/#\/schema\/logo\/image\/"},"sameAs":["https:\/\/www.facebook.com\/FiscaliaCol","https:\/\/x.com\/FiscaliaCol","https:\/\/www.instagram.com\/fiscaliacol","https:\/\/www.linkedin.com\/company\/fiscalia-general-de-la-naci-n\/","https:\/\/youtube.com\/@fiscaliageneraldelanacion-4668?si=6nN79nyQICPU5iTh"]},{"@type":"Person","@id":"https:\/\/www.fiscalia.gov.co\/colombia\/#\/schema\/person\/06aa2210fe4d79203f428ff671dee360","name":"Ana Mar\u00eda Gomez","image":{"@type":"ImageObject","inLanguage":"es-CO","@id":"https:\/\/www.fiscalia.gov.co\/colombia\/#\/schema\/person\/image\/","url":"https:\/\/secure.gravatar.com\/avatar\/a38115d98a7f8a96cbb96af2b2c37a0b?s=96&d=mm&r=g","contentUrl":"https:\/\/secure.gravatar.com\/avatar\/a38115d98a7f8a96cbb96af2b2c37a0b?s=96&d=mm&r=g","caption":"Ana Mar\u00eda Gomez"},"url":"https:\/\/www.fiscalia.gov.co\/colombia\/author\/agomez\/"}]}},"_links":{"self":[{"href":"https:\/\/www.fiscalia.gov.co\/colombia\/wp-json\/wp\/v2\/posts\/221951","targetHints":{"allow":["GET"]}}],"collection":[{"href":"https:\/\/www.fiscalia.gov.co\/colombia\/wp-json\/wp\/v2\/posts"}],"about":[{"href":"https:\/\/www.fiscalia.gov.co\/colombia\/wp-json\/wp\/v2\/types\/post"}],"author":[{"embeddable":true,"href":"https:\/\/www.fiscalia.gov.co\/colombia\/wp-json\/wp\/v2\/users\/171"}],"replies":[{"embeddable":true,"href":"https:\/\/www.fiscalia.gov.co\/colombia\/wp-json\/wp\/v2\/comments?post=221951"}],"version-history":[{"count":2,"href":"https:\/\/www.fiscalia.gov.co\/colombia\/wp-json\/wp\/v2\/posts\/221951\/revisions"}],"predecessor-version":[{"id":221954,"href":"https:\/\/www.fiscalia.gov.co\/colombia\/wp-json\/wp\/v2\/posts\/221951\/revisions\/221954"}],"wp:attachment":[{"href":"https:\/\/www.fiscalia.gov.co\/colombia\/wp-json\/wp\/v2\/media?parent=221951"}],"wp:term":[{"taxonomy":"category","embeddable":true,"href":"https:\/\/www.fiscalia.gov.co\/colombia\/wp-json\/wp\/v2\/categories?post=221951"},{"taxonomy":"post_tag","embeddable":true,"href":"https:\/\/www.fiscalia.gov.co\/colombia\/wp-json\/wp\/v2\/tags?post=221951"}],"curies":[{"name":"wp","href":"https:\/\/api.w.org\/{rel}","templated":true}]}}