{"id":221811,"date":"2021-06-09T16:41:44","date_gmt":"2021-06-09T21:41:44","guid":{"rendered":"https:\/\/www.fiscalia.gov.co\/colombia\/?p=221811"},"modified":"2021-06-15T12:57:49","modified_gmt":"2021-06-15T17:57:49","slug":"asegurados-cinco-presuntos-integrantes-de-avatar-grupo-delictivo-dedicado-a-la-extorsion-en-ciudad-bolivar","status":"publish","type":"post","link":"https:\/\/www.fiscalia.gov.co\/colombia\/seguridad-territorial\/asegurados-cinco-presuntos-integrantes-de-avatar-grupo-delictivo-dedicado-a-la-extorsion-en-ciudad-bolivar\/","title":{"rendered":"Asegurados cinco presuntos integrantes de \u2018\u00c1vatar\u2019, grupo delictivo dedicado a la extorsi\u00f3n en Ciudad Bol\u00edvar"},"content":{"rendered":"<blockquote>\n<h4 style=\"text-align: left;\"><strong><em><span lang=\"ES-CO\">La estructura exig\u00eda dinero a las familias habitantes de la localidad para no desalojarlas de sus viviendas o atentar contra su integridad.\u00a0<\/span><span lang=\"ES-CO\">\u00a0<\/span><\/em><\/strong><\/h4>\n<\/blockquote>\n<div class=\"x_x_x_x_xmsonormal\">\n<p class=\"x_MsoNormal\"><span lang=\"ES-CO\">Un fiscal de la Estructura de Apoyo de Bogot\u00e1 consigui\u00f3 que un juez con funci\u00f3n de control de garant\u00edas impusiera medida de aseguramiento en\u00a0<b>establecimiento carcelario<\/b>\u00a0en contra de\u00a0<b>cinco personas\u00a0<\/b>se\u00f1aladas como<b>\u00a0presuntas integrantes del grupo delincuencial denominado \u00c1vatar<\/b>.\u00a0<\/span><span lang=\"ES-CO\">\u00a0\u00a0<\/span><\/p>\n<figure id=\"attachment_221813\" aria-describedby=\"caption-attachment-221813\" style=\"width: 696px\" class=\"wp-caption alignleft\"><img loading=\"lazy\" decoding=\"async\" class=\"size-large wp-image-221813\" src=\"https:\/\/www.fiscalia.gov.co\/colombia\/wp-content\/uploads\/Avatar-extorsi\u00f3n-Ciudad-Bol\u00edvar-1024x490.jpeg\" alt=\"\" width=\"696\" height=\"333\" srcset=\"https:\/\/www.fiscalia.gov.co\/colombia\/wp-content\/uploads\/Avatar-extorsi\u00f3n-Ciudad-Bol\u00edvar-1024x490.jpeg 1024w, https:\/\/www.fiscalia.gov.co\/colombia\/wp-content\/uploads\/Avatar-extorsi\u00f3n-Ciudad-Bol\u00edvar-300x144.jpeg 300w, https:\/\/www.fiscalia.gov.co\/colombia\/wp-content\/uploads\/Avatar-extorsi\u00f3n-Ciudad-Bol\u00edvar-768x368.jpeg 768w, https:\/\/www.fiscalia.gov.co\/colombia\/wp-content\/uploads\/Avatar-extorsi\u00f3n-Ciudad-Bol\u00edvar-696x333.jpeg 696w, https:\/\/www.fiscalia.gov.co\/colombia\/wp-content\/uploads\/Avatar-extorsi\u00f3n-Ciudad-Bol\u00edvar-1068x511.jpeg 1068w, https:\/\/www.fiscalia.gov.co\/colombia\/wp-content\/uploads\/Avatar-extorsi\u00f3n-Ciudad-Bol\u00edvar-877x420.jpeg 877w, https:\/\/www.fiscalia.gov.co\/colombia\/wp-content\/uploads\/Avatar-extorsi\u00f3n-Ciudad-Bol\u00edvar.jpeg 1280w\" sizes=\"auto, (max-width: 696px) 100vw, 696px\" \/><figcaption id=\"caption-attachment-221813\" class=\"wp-caption-text\">La banda delictiva \u00c1vatar exig\u00eda dinero a las familias habitantes de la localidad de Ciudad Bol\u00edvar, en Bogot\u00e1, para no desalojarlas de sus viviendas o atentar contra su integridad.<\/figcaption><\/figure>\n<p class=\"x_MsoNormal\"><span lang=\"ES-CO\">Los investigadores evidenciaron que la red delincuencial se dedica a exigir sumas de dinero, que oscilan entre los $200.000 y $400.000 mensuales o $10.000 diarios, a las familias habitantes del\u00a0<b>sector El Espino III de la localidad de Ciudad Bol\u00edvar<\/b>, a cambio de no desalojarlas de sus viviendas, robar sus pertenencias ni atentar en contra de su integridad. \u00a0<\/span><span lang=\"ES-CO\">\u00a0<\/span><\/p>\n<p class=\"x_MsoNormal\"><span lang=\"ES-CO\">En el proceso se determin\u00f3 que la extorsi\u00f3n era la principal fuente de financiaci\u00f3n de esta estructura criminal, cuyos miembros ten\u00edan roles definidos para constre\u00f1ir a la comunidad de la invasi\u00f3n y cobrar los dineros exigidos.\u00a0<\/span><span lang=\"ES-CO\">\u00a0<\/span><span lang=\"ES-CO\">\u00a0<\/span><span lang=\"ES-CO\">\u00a0<\/span><\/p>\n<p class=\"x_MsoNormal\"><span lang=\"ES-CO\">Con apoyo de la polic\u00eda judicial Gaula de se hicieron efectivas las capturas de Ancizar L\u00f3pez Mar\u00edn, Ederich Ademir D\u00edaz, Carlos Alirio V\u00e1squez Chaguala, Yiddys Sarai Colina Colina y Sandra Nayibe Cubides, quienes estar\u00edan involucrados en por lo menos 8 eventos delictivos.\u00a0\u00a0<\/span><span lang=\"ES-CO\">\u00a0<\/span><\/p>\n<p class=\"x_MsoNormal\"><span lang=\"ES-CO\">En audiencias preliminares, la Fiscal\u00eda formul\u00f3 imputaci\u00f3n contra estas personas, en calidad de coautoras, por los delitos de\u00a0<b>extorsi\u00f3n agravada y concierto para delinquir<\/b>, a los cuales no se allanaron.\u00a0<\/span><span lang=\"ES-CO\">\u00a0<\/span><\/p>\n<p class=\"x_MsoNormal\" align=\"center\"><b><span lang=\"ES-CO\">La Fiscal\u00eda General de la Naci\u00f3n habla con resultados.<\/span><\/b><b><span lang=\"ES-CO\">\u00a0<\/span><\/b><\/p>\n<p class=\"x_MsoNormal\"><span lang=\"ES-CO\">\u00a0LMFO\/LMVG\/DLBM\u00a0<\/span><span lang=\"ES-CO\"> \u00a0<\/span><\/p>\n<\/div>\n<p class=\"x_x_x_x_xmsonormal\"><i><span lang=\"ES\">La informaci\u00f3n contenida en este bolet\u00edn de prensa corresponde a la narraci\u00f3n de los hechos noticiosos objetivos, suministrados por los funcionarios encargados de adelantar las investigaciones penales al interior de la Fiscal\u00eda General de la Naci\u00f3n. Para el momento de la divulgaci\u00f3n de este comunicado, la situaci\u00f3n jur\u00eddica de la(s) persona(s) relacionada(s) se encuentra pendiente de resolver por la autoridad judicial competente, siempre bajo los preceptos de la presunci\u00f3n de inocencia, consagrados en el art\u00edculo 29 de la Constituci\u00f3n Pol\u00edtica y el art\u00edculo 7\u00ba de la Ley 906 de 2004.<\/span><\/i><span lang=\"ES\">\u00a0\u00a0\u00a0\u00a0<\/span><\/p>\n<p class=\"x_x_x_x_xmsonormal\"><b>Noticias Relacionadas:\u00a0<\/b><\/p>\n<p class=\"x_x_x_x_xmsonormal\"><a href=\"https:\/\/www.fiscalia.gov.co\/colombia\/seccionales\/seccional-bogota\/judicializados-cinco-presuntos-integrantes-de-la-banda-delictiva-los-del-dorado-por-supuestas-extorsiones-carcelarias\/\" target=\"_blank\" rel=\"noopener noreferrer\">Judicializados cinco presuntos integrantes de la banda delictiva \u2018Los del Dorado\u2019 por supuestas extorsiones carcelarias<\/a><\/p>\n<p class=\"x_x_x_x_xmsonormal\"><a href=\"https:\/\/www.fiscalia.gov.co\/colombia\/seguridad-ciudadana\/a-la-carcel-cuatro-presuntas-integrantes-de-la-banda-delictiva-las-modelos-quienes-cobrarian-extorsiones-realizadas-desde-las-carceles\/\" target=\"_blank\" rel=\"noopener noreferrer\">A la c\u00e1rcel cuatro presuntas integrantes de la banda delictiva Las Modelos, quienes cobrar\u00edan extorsiones realizadas desde las c\u00e1rceles<\/a><\/p>\n\n<div class=\"twitter-share\"><a href=\"https:\/\/twitter.com\/intent\/tweet?via=fiscaliacol\" class=\"twitter-share-button\">Tweet<\/a><\/div>\n","protected":false},"excerpt":{"rendered":"<p>La estructura exig\u00eda dinero a las familias habitantes de la localidad para no desalojarlas de sus viviendas o atentar contra su integridad.\u00a0\u00a0 Un fiscal de la Estructura de Apoyo de Bogot\u00e1 consigui\u00f3 que un juez con funci\u00f3n de control de garant\u00edas impusiera medida de aseguramiento en\u00a0establecimiento carcelario\u00a0en contra de\u00a0cinco personas\u00a0se\u00f1aladas como\u00a0presuntas integrantes del grupo delincuencial [&hellip;]<\/p>\n","protected":false},"author":171,"featured_media":0,"comment_status":"closed","ping_status":"open","sticky":false,"template":"","format":"video","meta":{"_price":"","_stock":"","_tribe_ticket_header":"","_tribe_default_ticket_provider":"","_tribe_ticket_capacity":"0","_ticket_start_date":"","_ticket_end_date":"","_tribe_ticket_show_description":"","_tribe_ticket_show_not_going":false,"_tribe_ticket_use_global_stock":"","_tribe_ticket_global_stock_level":"","_global_stock_mode":"","_global_stock_cap":"","_tribe_rsvp_for_event":"","_tribe_ticket_going_count":"","_tribe_ticket_not_going_count":"","_tribe_tickets_list":"[]","_tribe_ticket_has_attendee_info_fields":false,"tdm_status":"","tdm_grid_status":"","footnotes":""},"categories":[321,303,24099],"tags":[4998,83,27310,3292],"class_list":{"0":"post-221811","1":"post","2":"type-post","3":"status-publish","4":"format-video","6":"category-seccional-bogota","7":"category-seccionales","8":"category-seguridad-territorial","9":"tag-ciudad-bolivar","10":"tag-concierto-para-delinquir","11":"tag-exigencia-de-dinero","12":"tag-extorsion-agravada","13":"post_format-post-format-video"},"yoast_head":"<!-- This site is optimized with the Yoast SEO plugin v24.3 - https:\/\/yoast.com\/wordpress\/plugins\/seo\/ -->\n<title>Fiscal\u00eda General de la Naci\u00f3n<\/title>\n<meta name=\"description\" content=\"P\u00e1gina oficial de la Fiscal\u00eda General de la Naci\u00f3n \u2013 Colombia. Garantizamos el acceso efectivo a la justicia, la verdad y la reparaci\u00f3n de las v\u00edctimas de los delitos.\" \/>\n<meta name=\"robots\" content=\"noindex, follow\" \/>\n<meta property=\"og:locale\" content=\"es_ES\" \/>\n<meta property=\"og:type\" content=\"article\" \/>\n<meta property=\"og:title\" content=\"Fiscal\u00eda General de la Naci\u00f3n\" \/>\n<meta property=\"og:description\" content=\"P\u00e1gina oficial de la Fiscal\u00eda General de la Naci\u00f3n \u2013 Colombia. Garantizamos el acceso efectivo a la justicia, la verdad y la reparaci\u00f3n de las v\u00edctimas de los delitos.\" \/>\n<meta property=\"og:url\" content=\"https:\/\/www.fiscalia.gov.co\/colombia\/seguridad-territorial\/asegurados-cinco-presuntos-integrantes-de-avatar-grupo-delictivo-dedicado-a-la-extorsion-en-ciudad-bolivar\/\" \/>\n<meta property=\"og:site_name\" content=\"Fiscal\u00eda General de la Naci\u00f3n\" \/>\n<meta property=\"article:publisher\" content=\"https:\/\/www.facebook.com\/FiscaliaCol\" \/>\n<meta property=\"article:published_time\" content=\"2021-06-09T21:41:44+00:00\" \/>\n<meta property=\"article:modified_time\" content=\"2021-06-15T17:57:49+00:00\" \/>\n<meta name=\"author\" content=\"Ana Mar\u00eda Gomez\" \/>\n<meta name=\"twitter:card\" content=\"summary_large_image\" \/>\n<meta name=\"twitter:creator\" content=\"@FiscaliaCol\" \/>\n<meta name=\"twitter:site\" content=\"@FiscaliaCol\" \/>\n<meta name=\"twitter:label1\" content=\"Escrito por\" \/>\n\t<meta name=\"twitter:data1\" content=\"Ana Mar\u00eda Gomez\" \/>\n\t<meta name=\"twitter:label2\" content=\"Tiempo de lectura\" \/>\n\t<meta name=\"twitter:data2\" content=\"2 minutos\" \/>\n<script type=\"application\/ld+json\" class=\"yoast-schema-graph\">{\"@context\":\"https:\/\/schema.org\",\"@graph\":[{\"@type\":\"Article\",\"@id\":\"https:\/\/www.fiscalia.gov.co\/colombia\/seguridad-territorial\/asegurados-cinco-presuntos-integrantes-de-avatar-grupo-delictivo-dedicado-a-la-extorsion-en-ciudad-bolivar\/#article\",\"isPartOf\":{\"@id\":\"https:\/\/www.fiscalia.gov.co\/colombia\/seguridad-territorial\/asegurados-cinco-presuntos-integrantes-de-avatar-grupo-delictivo-dedicado-a-la-extorsion-en-ciudad-bolivar\/\"},\"author\":{\"name\":\"Ana Mar\u00eda Gomez\",\"@id\":\"https:\/\/www.fiscalia.gov.co\/colombia\/#\/schema\/person\/06aa2210fe4d79203f428ff671dee360\"},\"headline\":\"Asegurados cinco presuntos integrantes de \u2018\u00c1vatar\u2019, grupo delictivo dedicado a la extorsi\u00f3n en Ciudad Bol\u00edvar\",\"datePublished\":\"2021-06-09T21:41:44+00:00\",\"dateModified\":\"2021-06-15T17:57:49+00:00\",\"mainEntityOfPage\":{\"@id\":\"https:\/\/www.fiscalia.gov.co\/colombia\/seguridad-territorial\/asegurados-cinco-presuntos-integrantes-de-avatar-grupo-delictivo-dedicado-a-la-extorsion-en-ciudad-bolivar\/\"},\"wordCount\":453,\"publisher\":{\"@id\":\"https:\/\/www.fiscalia.gov.co\/colombia\/#organization\"},\"keywords\":[\"Ciudad Bol\u00edvar\",\"Concierto para delinquir\",\"exigencia de dinero\",\"Extorsi\u00f3n agravada\"],\"articleSection\":[\"Seccional Bogot\u00e1\",\"Seccionales\",\"Seguridad territorial\"],\"inLanguage\":\"es-CO\"},{\"@type\":\"WebPage\",\"@id\":\"https:\/\/www.fiscalia.gov.co\/colombia\/seguridad-territorial\/asegurados-cinco-presuntos-integrantes-de-avatar-grupo-delictivo-dedicado-a-la-extorsion-en-ciudad-bolivar\/\",\"url\":\"https:\/\/www.fiscalia.gov.co\/colombia\/seguridad-territorial\/asegurados-cinco-presuntos-integrantes-de-avatar-grupo-delictivo-dedicado-a-la-extorsion-en-ciudad-bolivar\/\",\"name\":\"Fiscal\u00eda General de la Naci\u00f3n\",\"isPartOf\":{\"@id\":\"https:\/\/www.fiscalia.gov.co\/colombia\/#website\"},\"datePublished\":\"2021-06-09T21:41:44+00:00\",\"dateModified\":\"2021-06-15T17:57:49+00:00\",\"description\":\"P\u00e1gina oficial de la Fiscal\u00eda General de la Naci\u00f3n \u2013 Colombia. Garantizamos el acceso efectivo a la justicia, la verdad y la reparaci\u00f3n de las v\u00edctimas de los delitos.\",\"breadcrumb\":{\"@id\":\"https:\/\/www.fiscalia.gov.co\/colombia\/seguridad-territorial\/asegurados-cinco-presuntos-integrantes-de-avatar-grupo-delictivo-dedicado-a-la-extorsion-en-ciudad-bolivar\/#breadcrumb\"},\"inLanguage\":\"es-CO\",\"potentialAction\":[{\"@type\":\"ReadAction\",\"target\":[\"https:\/\/www.fiscalia.gov.co\/colombia\/seguridad-territorial\/asegurados-cinco-presuntos-integrantes-de-avatar-grupo-delictivo-dedicado-a-la-extorsion-en-ciudad-bolivar\/\"]}]},{\"@type\":\"BreadcrumbList\",\"@id\":\"https:\/\/www.fiscalia.gov.co\/colombia\/seguridad-territorial\/asegurados-cinco-presuntos-integrantes-de-avatar-grupo-delictivo-dedicado-a-la-extorsion-en-ciudad-bolivar\/#breadcrumb\",\"itemListElement\":[{\"@type\":\"ListItem\",\"position\":1,\"name\":\"Home\",\"item\":\"https:\/\/www.fiscalia.gov.co\/colombia\/\"},{\"@type\":\"ListItem\",\"position\":2,\"name\":\"Asegurados cinco presuntos integrantes de \u2018\u00c1vatar\u2019, grupo delictivo dedicado a la extorsi\u00f3n en Ciudad Bol\u00edvar\"}]},{\"@type\":\"WebSite\",\"@id\":\"https:\/\/www.fiscalia.gov.co\/colombia\/#website\",\"url\":\"https:\/\/www.fiscalia.gov.co\/colombia\/\",\"name\":\"Fiscal\u00eda General de la Naci\u00f3n\",\"description\":\"P\u00e1gina oficial de la Fiscal\u00eda General de la Naci\u00f3n \u2013 Colombia. Garantizamos el acceso efectivo a la justicia, la verdad y la reparaci\u00f3n de las v\u00edctimas de los delitos.\",\"publisher\":{\"@id\":\"https:\/\/www.fiscalia.gov.co\/colombia\/#organization\"},\"potentialAction\":[{\"@type\":\"SearchAction\",\"target\":{\"@type\":\"EntryPoint\",\"urlTemplate\":\"https:\/\/www.fiscalia.gov.co\/colombia\/?s={search_term_string}\"},\"query-input\":{\"@type\":\"PropertyValueSpecification\",\"valueRequired\":true,\"valueName\":\"search_term_string\"}}],\"inLanguage\":\"es-CO\"},{\"@type\":\"Organization\",\"@id\":\"https:\/\/www.fiscalia.gov.co\/colombia\/#organization\",\"name\":\"Fiscal\u00eda General de la Naci\u00f3n\",\"url\":\"https:\/\/www.fiscalia.gov.co\/colombia\/\",\"logo\":{\"@type\":\"ImageObject\",\"inLanguage\":\"es-CO\",\"@id\":\"https:\/\/www.fiscalia.gov.co\/colombia\/#\/schema\/logo\/image\/\",\"url\":\"https:\/\/www.fiscalia.gov.co\/colombia\/wp-content\/uploads\/LogoHorizontal_1.jpg\",\"contentUrl\":\"https:\/\/www.fiscalia.gov.co\/colombia\/wp-content\/uploads\/LogoHorizontal_1.jpg\",\"width\":300,\"height\":90,\"caption\":\"Fiscal\u00eda General de la Naci\u00f3n\"},\"image\":{\"@id\":\"https:\/\/www.fiscalia.gov.co\/colombia\/#\/schema\/logo\/image\/\"},\"sameAs\":[\"https:\/\/www.facebook.com\/FiscaliaCol\",\"https:\/\/x.com\/FiscaliaCol\",\"https:\/\/www.instagram.com\/fiscaliacol\",\"https:\/\/www.linkedin.com\/company\/fiscalia-general-de-la-naci-n\/\",\"https:\/\/youtube.com\/@fiscaliageneraldelanacion-4668?si=6nN79nyQICPU5iTh\"]},{\"@type\":\"Person\",\"@id\":\"https:\/\/www.fiscalia.gov.co\/colombia\/#\/schema\/person\/06aa2210fe4d79203f428ff671dee360\",\"name\":\"Ana Mar\u00eda Gomez\",\"image\":{\"@type\":\"ImageObject\",\"inLanguage\":\"es-CO\",\"@id\":\"https:\/\/www.fiscalia.gov.co\/colombia\/#\/schema\/person\/image\/\",\"url\":\"https:\/\/secure.gravatar.com\/avatar\/a38115d98a7f8a96cbb96af2b2c37a0b?s=96&d=mm&r=g\",\"contentUrl\":\"https:\/\/secure.gravatar.com\/avatar\/a38115d98a7f8a96cbb96af2b2c37a0b?s=96&d=mm&r=g\",\"caption\":\"Ana Mar\u00eda Gomez\"},\"url\":\"https:\/\/www.fiscalia.gov.co\/colombia\/author\/agomez\/\"}]}<\/script>\n<!-- \/ Yoast SEO plugin. -->","yoast_head_json":{"title":"Fiscal\u00eda General de la Naci\u00f3n","description":"P\u00e1gina oficial de la Fiscal\u00eda General de la Naci\u00f3n \u2013 Colombia. Garantizamos el acceso efectivo a la justicia, la verdad y la reparaci\u00f3n de las v\u00edctimas de los delitos.","robots":{"index":"noindex","follow":"follow"},"og_locale":"es_ES","og_type":"article","og_title":"Fiscal\u00eda General de la Naci\u00f3n","og_description":"P\u00e1gina oficial de la Fiscal\u00eda General de la Naci\u00f3n \u2013 Colombia. Garantizamos el acceso efectivo a la justicia, la verdad y la reparaci\u00f3n de las v\u00edctimas de los delitos.","og_url":"https:\/\/www.fiscalia.gov.co\/colombia\/seguridad-territorial\/asegurados-cinco-presuntos-integrantes-de-avatar-grupo-delictivo-dedicado-a-la-extorsion-en-ciudad-bolivar\/","og_site_name":"Fiscal\u00eda General de la Naci\u00f3n","article_publisher":"https:\/\/www.facebook.com\/FiscaliaCol","article_published_time":"2021-06-09T21:41:44+00:00","article_modified_time":"2021-06-15T17:57:49+00:00","author":"Ana Mar\u00eda Gomez","twitter_card":"summary_large_image","twitter_creator":"@FiscaliaCol","twitter_site":"@FiscaliaCol","twitter_misc":{"Escrito por":"Ana Mar\u00eda Gomez","Tiempo de lectura":"2 minutos"},"schema":{"@context":"https:\/\/schema.org","@graph":[{"@type":"Article","@id":"https:\/\/www.fiscalia.gov.co\/colombia\/seguridad-territorial\/asegurados-cinco-presuntos-integrantes-de-avatar-grupo-delictivo-dedicado-a-la-extorsion-en-ciudad-bolivar\/#article","isPartOf":{"@id":"https:\/\/www.fiscalia.gov.co\/colombia\/seguridad-territorial\/asegurados-cinco-presuntos-integrantes-de-avatar-grupo-delictivo-dedicado-a-la-extorsion-en-ciudad-bolivar\/"},"author":{"name":"Ana Mar\u00eda Gomez","@id":"https:\/\/www.fiscalia.gov.co\/colombia\/#\/schema\/person\/06aa2210fe4d79203f428ff671dee360"},"headline":"Asegurados cinco presuntos integrantes de \u2018\u00c1vatar\u2019, grupo delictivo dedicado a la extorsi\u00f3n en Ciudad Bol\u00edvar","datePublished":"2021-06-09T21:41:44+00:00","dateModified":"2021-06-15T17:57:49+00:00","mainEntityOfPage":{"@id":"https:\/\/www.fiscalia.gov.co\/colombia\/seguridad-territorial\/asegurados-cinco-presuntos-integrantes-de-avatar-grupo-delictivo-dedicado-a-la-extorsion-en-ciudad-bolivar\/"},"wordCount":453,"publisher":{"@id":"https:\/\/www.fiscalia.gov.co\/colombia\/#organization"},"keywords":["Ciudad Bol\u00edvar","Concierto para delinquir","exigencia de dinero","Extorsi\u00f3n agravada"],"articleSection":["Seccional Bogot\u00e1","Seccionales","Seguridad territorial"],"inLanguage":"es-CO"},{"@type":"WebPage","@id":"https:\/\/www.fiscalia.gov.co\/colombia\/seguridad-territorial\/asegurados-cinco-presuntos-integrantes-de-avatar-grupo-delictivo-dedicado-a-la-extorsion-en-ciudad-bolivar\/","url":"https:\/\/www.fiscalia.gov.co\/colombia\/seguridad-territorial\/asegurados-cinco-presuntos-integrantes-de-avatar-grupo-delictivo-dedicado-a-la-extorsion-en-ciudad-bolivar\/","name":"Fiscal\u00eda General de la Naci\u00f3n","isPartOf":{"@id":"https:\/\/www.fiscalia.gov.co\/colombia\/#website"},"datePublished":"2021-06-09T21:41:44+00:00","dateModified":"2021-06-15T17:57:49+00:00","description":"P\u00e1gina oficial de la Fiscal\u00eda General de la Naci\u00f3n \u2013 Colombia. Garantizamos el acceso efectivo a la justicia, la verdad y la reparaci\u00f3n de las v\u00edctimas de los delitos.","breadcrumb":{"@id":"https:\/\/www.fiscalia.gov.co\/colombia\/seguridad-territorial\/asegurados-cinco-presuntos-integrantes-de-avatar-grupo-delictivo-dedicado-a-la-extorsion-en-ciudad-bolivar\/#breadcrumb"},"inLanguage":"es-CO","potentialAction":[{"@type":"ReadAction","target":["https:\/\/www.fiscalia.gov.co\/colombia\/seguridad-territorial\/asegurados-cinco-presuntos-integrantes-de-avatar-grupo-delictivo-dedicado-a-la-extorsion-en-ciudad-bolivar\/"]}]},{"@type":"BreadcrumbList","@id":"https:\/\/www.fiscalia.gov.co\/colombia\/seguridad-territorial\/asegurados-cinco-presuntos-integrantes-de-avatar-grupo-delictivo-dedicado-a-la-extorsion-en-ciudad-bolivar\/#breadcrumb","itemListElement":[{"@type":"ListItem","position":1,"name":"Home","item":"https:\/\/www.fiscalia.gov.co\/colombia\/"},{"@type":"ListItem","position":2,"name":"Asegurados cinco presuntos integrantes de \u2018\u00c1vatar\u2019, grupo delictivo dedicado a la extorsi\u00f3n en Ciudad Bol\u00edvar"}]},{"@type":"WebSite","@id":"https:\/\/www.fiscalia.gov.co\/colombia\/#website","url":"https:\/\/www.fiscalia.gov.co\/colombia\/","name":"Fiscal\u00eda General de la Naci\u00f3n","description":"P\u00e1gina oficial de la Fiscal\u00eda General de la Naci\u00f3n \u2013 Colombia. Garantizamos el acceso efectivo a la justicia, la verdad y la reparaci\u00f3n de las v\u00edctimas de los delitos.","publisher":{"@id":"https:\/\/www.fiscalia.gov.co\/colombia\/#organization"},"potentialAction":[{"@type":"SearchAction","target":{"@type":"EntryPoint","urlTemplate":"https:\/\/www.fiscalia.gov.co\/colombia\/?s={search_term_string}"},"query-input":{"@type":"PropertyValueSpecification","valueRequired":true,"valueName":"search_term_string"}}],"inLanguage":"es-CO"},{"@type":"Organization","@id":"https:\/\/www.fiscalia.gov.co\/colombia\/#organization","name":"Fiscal\u00eda General de la Naci\u00f3n","url":"https:\/\/www.fiscalia.gov.co\/colombia\/","logo":{"@type":"ImageObject","inLanguage":"es-CO","@id":"https:\/\/www.fiscalia.gov.co\/colombia\/#\/schema\/logo\/image\/","url":"https:\/\/www.fiscalia.gov.co\/colombia\/wp-content\/uploads\/LogoHorizontal_1.jpg","contentUrl":"https:\/\/www.fiscalia.gov.co\/colombia\/wp-content\/uploads\/LogoHorizontal_1.jpg","width":300,"height":90,"caption":"Fiscal\u00eda General de la Naci\u00f3n"},"image":{"@id":"https:\/\/www.fiscalia.gov.co\/colombia\/#\/schema\/logo\/image\/"},"sameAs":["https:\/\/www.facebook.com\/FiscaliaCol","https:\/\/x.com\/FiscaliaCol","https:\/\/www.instagram.com\/fiscaliacol","https:\/\/www.linkedin.com\/company\/fiscalia-general-de-la-naci-n\/","https:\/\/youtube.com\/@fiscaliageneraldelanacion-4668?si=6nN79nyQICPU5iTh"]},{"@type":"Person","@id":"https:\/\/www.fiscalia.gov.co\/colombia\/#\/schema\/person\/06aa2210fe4d79203f428ff671dee360","name":"Ana Mar\u00eda Gomez","image":{"@type":"ImageObject","inLanguage":"es-CO","@id":"https:\/\/www.fiscalia.gov.co\/colombia\/#\/schema\/person\/image\/","url":"https:\/\/secure.gravatar.com\/avatar\/a38115d98a7f8a96cbb96af2b2c37a0b?s=96&d=mm&r=g","contentUrl":"https:\/\/secure.gravatar.com\/avatar\/a38115d98a7f8a96cbb96af2b2c37a0b?s=96&d=mm&r=g","caption":"Ana Mar\u00eda Gomez"},"url":"https:\/\/www.fiscalia.gov.co\/colombia\/author\/agomez\/"}]}},"_links":{"self":[{"href":"https:\/\/www.fiscalia.gov.co\/colombia\/wp-json\/wp\/v2\/posts\/221811","targetHints":{"allow":["GET"]}}],"collection":[{"href":"https:\/\/www.fiscalia.gov.co\/colombia\/wp-json\/wp\/v2\/posts"}],"about":[{"href":"https:\/\/www.fiscalia.gov.co\/colombia\/wp-json\/wp\/v2\/types\/post"}],"author":[{"embeddable":true,"href":"https:\/\/www.fiscalia.gov.co\/colombia\/wp-json\/wp\/v2\/users\/171"}],"replies":[{"embeddable":true,"href":"https:\/\/www.fiscalia.gov.co\/colombia\/wp-json\/wp\/v2\/comments?post=221811"}],"version-history":[{"count":3,"href":"https:\/\/www.fiscalia.gov.co\/colombia\/wp-json\/wp\/v2\/posts\/221811\/revisions"}],"predecessor-version":[{"id":222167,"href":"https:\/\/www.fiscalia.gov.co\/colombia\/wp-json\/wp\/v2\/posts\/221811\/revisions\/222167"}],"wp:attachment":[{"href":"https:\/\/www.fiscalia.gov.co\/colombia\/wp-json\/wp\/v2\/media?parent=221811"}],"wp:term":[{"taxonomy":"category","embeddable":true,"href":"https:\/\/www.fiscalia.gov.co\/colombia\/wp-json\/wp\/v2\/categories?post=221811"},{"taxonomy":"post_tag","embeddable":true,"href":"https:\/\/www.fiscalia.gov.co\/colombia\/wp-json\/wp\/v2\/tags?post=221811"}],"curies":[{"name":"wp","href":"https:\/\/api.w.org\/{rel}","templated":true}]}}