{"id":221782,"date":"2021-06-09T15:02:02","date_gmt":"2021-06-09T20:02:02","guid":{"rendered":"https:\/\/www.fiscalia.gov.co\/colombia\/?p=221782"},"modified":"2021-06-09T15:02:34","modified_gmt":"2021-06-09T20:02:34","slug":"carcel-para-cuatro-presuntos-responsables-de-lanzar-artefacto-explosivo-contra-subestacion-de-policia-nacional","status":"publish","type":"post","link":"https:\/\/www.fiscalia.gov.co\/colombia\/seguridad-territorial\/carcel-para-cuatro-presuntos-responsables-de-lanzar-artefacto-explosivo-contra-subestacion-de-policia-nacional\/","title":{"rendered":"C\u00e1rcel para cuatro presuntos responsables de lanzar artefacto explosivo contra subestaci\u00f3n de Polic\u00eda Nacional"},"content":{"rendered":"<p class=\"x_x_MsoNormal\"><span lang=\"ES\">Luego de acoger los argumentos de las\u00a0<\/span><span lang=\"ES\"><b>Fiscal\u00eda General de la Naci\u00f3n,<\/b><\/span><span lang=\"ES\">\u00a0un juez de control de garant\u00edas envi\u00f3 a la c\u00e1rcel a cuatro hombres, p<\/span><span lang=\"ES\">or los delitos de homicidio agravado en grado de tentativa; fabricaci\u00f3n, tr\u00e1fico y porte de armas, municiones de uso restringido, de uso privativo de las Fuerzas Armadas o explosivos agravado; as\u00ed como terrorismo agravado, a los cuales no se allanaron.\u00a0<\/span><\/p>\n<p class=\"x_x_MsoNormal\">Los afectados con la decisi\u00f3n fueron identificados como Jhon Janer Perea Valencia, Jos\u00e9 Luis Guama Parra, Jos\u00e9 Gregorio Vargas Correa y Ferney Garc\u00e9s Valencia.<\/p>\n<figure id=\"attachment_221784\" aria-describedby=\"caption-attachment-221784\" style=\"width: 1024px\" class=\"wp-caption alignleft\"><img loading=\"lazy\" decoding=\"async\" class=\"size-full wp-image-221784\" src=\"https:\/\/www.fiscalia.gov.co\/colombia\/wp-content\/uploads\/Cuatro-hombres-judicializados-como-presuntos-responsables-de-ataque-con-artefacto-explosivo-contra-la-Subestaci\u00f3n-de-Polic\u00eda-de-Sal\u00f3nica-jurisdicci\u00f3n-de-Riofr\u00edo-Valle.jpg\" alt=\"\" width=\"1024\" height=\"676\" srcset=\"https:\/\/www.fiscalia.gov.co\/colombia\/wp-content\/uploads\/Cuatro-hombres-judicializados-como-presuntos-responsables-de-ataque-con-artefacto-explosivo-contra-la-Subestaci\u00f3n-de-Polic\u00eda-de-Sal\u00f3nica-jurisdicci\u00f3n-de-Riofr\u00edo-Valle.jpg 1024w, https:\/\/www.fiscalia.gov.co\/colombia\/wp-content\/uploads\/Cuatro-hombres-judicializados-como-presuntos-responsables-de-ataque-con-artefacto-explosivo-contra-la-Subestaci\u00f3n-de-Polic\u00eda-de-Sal\u00f3nica-jurisdicci\u00f3n-de-Riofr\u00edo-Valle-300x198.jpg 300w, https:\/\/www.fiscalia.gov.co\/colombia\/wp-content\/uploads\/Cuatro-hombres-judicializados-como-presuntos-responsables-de-ataque-con-artefacto-explosivo-contra-la-Subestaci\u00f3n-de-Polic\u00eda-de-Sal\u00f3nica-jurisdicci\u00f3n-de-Riofr\u00edo-Valle-768x507.jpg 768w, https:\/\/www.fiscalia.gov.co\/colombia\/wp-content\/uploads\/Cuatro-hombres-judicializados-como-presuntos-responsables-de-ataque-con-artefacto-explosivo-contra-la-Subestaci\u00f3n-de-Polic\u00eda-de-Sal\u00f3nica-jurisdicci\u00f3n-de-Riofr\u00edo-Valle-696x459.jpg 696w, https:\/\/www.fiscalia.gov.co\/colombia\/wp-content\/uploads\/Cuatro-hombres-judicializados-como-presuntos-responsables-de-ataque-con-artefacto-explosivo-contra-la-Subestaci\u00f3n-de-Polic\u00eda-de-Sal\u00f3nica-jurisdicci\u00f3n-de-Riofr\u00edo-Valle-636x420.jpg 636w\" sizes=\"auto, (max-width: 1024px) 100vw, 1024px\" \/><figcaption id=\"caption-attachment-221784\" class=\"wp-caption-text\">Jhon Janer Perea Valencia, Jos\u00e9 Luis Guama Parra, Jos\u00e9 Gregorio Vargas Correa y Ferney Garc\u00e9s Valencia.<\/figcaption><\/figure>\n<p>Los hechos ocurrieron el pasado 7 de junio, en las instalaciones de la\u00a0<b>Polic\u00eda Nacional<\/b>\u00a0del corregimiento de Sal\u00f3nica\u00a0del municipio de Riofr\u00edo (Valle del Cauca),\u00a0donde prestaban servicio dos uniformados. All\u00ed uno de los procesados habr\u00eda lanzado\u00a0un artefacto explosivo al interior de la instituci\u00f3n, y luego huy\u00f3 en una motocicleta junto con una persona que lo estaba esperando y, otros dos hombres que tambi\u00e9n se movilizaban en una moto.<\/p>\n<p class=\"x_x_MsoNormal\"><span style=\"font-family: Arial, sans-serif;\">Los imputados fueron capturados en flagrancia por las autoriades unas cuadras adelante. Durante la requisa les fueron incatados una\u00a0palanca de granada de fragmentaci\u00f3n,\u00a0 9 metros de cord\u00f3n detonante, 2 tubos pl\u00e1sticos con tapa que conten\u00edan 13 tubos met\u00e1licos con caracter\u00edsticas similares a estopines o iniciadores explosivos; as\u00ed como las 2 motocicletas.<\/span><\/p>\n<p class=\"x_x_MsoNormal\"><span style=\"font-family: Arial, sans-serif;\">MAP\/SMLR\/MG<\/span><\/p>\n<p class=\"x_x_MsoNormal\"><span style=\"font-family: Arial, sans-serif;\"><i>La informaci\u00f3n contenida en este bolet\u00edn de prensa corresponde a la narraci\u00f3n de los hechos noticiosos objetivos, suministrados por los funcionarios encargados de adelantar las investigaciones penales al interior de la Fiscal\u00eda General de la Naci\u00f3n. Para el momento de la divulgaci\u00f3n de este comunicado, la situaci\u00f3n jur\u00eddica de la(s) persona(s) relacionada(s) se encuentra pendiente de resolver por la autoridad judicial competente, siempre bajo los preceptos de la presunci\u00f3n de inocencia, consagrados en el art\u00edculo 29 de la Constituci\u00f3n Pol\u00edtica y el art\u00edculo 7\u00ba de la Ley 906 de 2004.<\/i><\/span><\/p>\n\n<div class=\"twitter-share\"><a href=\"https:\/\/twitter.com\/intent\/tweet?via=fiscaliacol\" class=\"twitter-share-button\">Tweet<\/a><\/div>\n","protected":false},"excerpt":{"rendered":"<p>Luego de acoger los argumentos de las\u00a0Fiscal\u00eda General de la Naci\u00f3n,\u00a0un juez de control de garant\u00edas envi\u00f3 a la c\u00e1rcel a cuatro hombres, por los delitos de homicidio agravado en grado de tentativa; fabricaci\u00f3n, tr\u00e1fico y porte de armas, municiones de uso restringido, de uso privativo de las Fuerzas Armadas o explosivos agravado; as\u00ed como [&hellip;]<\/p>\n","protected":false},"author":171,"featured_media":0,"comment_status":"closed","ping_status":"open","sticky":false,"template":"","format":"standard","meta":{"tdm_status":"","tdm_grid_status":"","footnotes":""},"categories":[324,303,24099],"tags":[8010,14550,24551,27308,78,24187,7169,26940,1185,25069,24584,961],"class_list":{"0":"post-221782","1":"post","2":"type-post","3":"status-publish","4":"format-standard","6":"category-seccional-cali","7":"category-seccionales","8":"category-seguridad-territorial","9":"tag-capturados","10":"tag-carcel","11":"tag-centro-carcelario","12":"tag-de-uso-privativo-de-las-fuerzas-armadas-o-explosivos-agravado-asi-como-terrorismo-agravado","13":"tag-fiscal-general-de-la-nacion","14":"tag-fiscalia-colombia","15":"tag-flagrancia","16":"tag-homicidio-agravado-en-grado-de-tentativa-fabricacion","17":"tag-medida-de-aseguramiento","18":"tag-municiones-de-uso-restringido","19":"tag-privativa-de-la-libertad","20":"tag-trafico-y-porte-de-armas"},"yoast_head":"<!-- This site is optimized with the Yoast SEO plugin v24.3 - https:\/\/yoast.com\/wordpress\/plugins\/seo\/ -->\n<title>Fiscal\u00eda General de la Naci\u00f3n<\/title>\n<meta name=\"description\" content=\"P\u00e1gina oficial de la Fiscal\u00eda General de la Naci\u00f3n \u2013 Colombia. Garantizamos el acceso efectivo a la justicia, la verdad y la reparaci\u00f3n de las v\u00edctimas de los delitos.\" \/>\n<meta name=\"robots\" content=\"noindex, follow\" \/>\n<meta property=\"og:locale\" content=\"es_ES\" \/>\n<meta property=\"og:type\" content=\"article\" \/>\n<meta property=\"og:title\" content=\"Fiscal\u00eda General de la Naci\u00f3n\" \/>\n<meta property=\"og:description\" content=\"P\u00e1gina oficial de la Fiscal\u00eda General de la Naci\u00f3n \u2013 Colombia. Garantizamos el acceso efectivo a la justicia, la verdad y la reparaci\u00f3n de las v\u00edctimas de los delitos.\" \/>\n<meta property=\"og:url\" content=\"https:\/\/www.fiscalia.gov.co\/colombia\/seguridad-territorial\/carcel-para-cuatro-presuntos-responsables-de-lanzar-artefacto-explosivo-contra-subestacion-de-policia-nacional\/\" \/>\n<meta property=\"og:site_name\" content=\"Fiscal\u00eda General de la Naci\u00f3n\" \/>\n<meta property=\"article:publisher\" content=\"https:\/\/www.facebook.com\/FiscaliaCol\" \/>\n<meta property=\"article:published_time\" content=\"2021-06-09T20:02:02+00:00\" \/>\n<meta property=\"article:modified_time\" content=\"2021-06-09T20:02:34+00:00\" \/>\n<meta name=\"author\" content=\"Ana Mar\u00eda Gomez\" \/>\n<meta name=\"twitter:card\" content=\"summary_large_image\" \/>\n<meta name=\"twitter:creator\" content=\"@FiscaliaCol\" \/>\n<meta name=\"twitter:site\" content=\"@FiscaliaCol\" \/>\n<meta name=\"twitter:label1\" content=\"Escrito por\" \/>\n\t<meta name=\"twitter:data1\" content=\"Ana Mar\u00eda Gomez\" \/>\n\t<meta name=\"twitter:label2\" content=\"Tiempo de lectura\" \/>\n\t<meta name=\"twitter:data2\" content=\"2 minutos\" \/>\n<script type=\"application\/ld+json\" class=\"yoast-schema-graph\">{\"@context\":\"https:\/\/schema.org\",\"@graph\":[{\"@type\":\"Article\",\"@id\":\"https:\/\/www.fiscalia.gov.co\/colombia\/seguridad-territorial\/carcel-para-cuatro-presuntos-responsables-de-lanzar-artefacto-explosivo-contra-subestacion-de-policia-nacional\/#article\",\"isPartOf\":{\"@id\":\"https:\/\/www.fiscalia.gov.co\/colombia\/seguridad-territorial\/carcel-para-cuatro-presuntos-responsables-de-lanzar-artefacto-explosivo-contra-subestacion-de-policia-nacional\/\"},\"author\":{\"name\":\"Ana Mar\u00eda Gomez\",\"@id\":\"https:\/\/www.fiscalia.gov.co\/colombia\/#\/schema\/person\/06aa2210fe4d79203f428ff671dee360\"},\"headline\":\"C\u00e1rcel para cuatro presuntos responsables de lanzar artefacto explosivo contra subestaci\u00f3n de Polic\u00eda Nacional\",\"datePublished\":\"2021-06-09T20:02:02+00:00\",\"dateModified\":\"2021-06-09T20:02:34+00:00\",\"mainEntityOfPage\":{\"@id\":\"https:\/\/www.fiscalia.gov.co\/colombia\/seguridad-territorial\/carcel-para-cuatro-presuntos-responsables-de-lanzar-artefacto-explosivo-contra-subestacion-de-policia-nacional\/\"},\"wordCount\":374,\"publisher\":{\"@id\":\"https:\/\/www.fiscalia.gov.co\/colombia\/#organization\"},\"keywords\":[\"Capturados\",\"C\u00e1rcel\",\"centro carcelario\",\"de uso privativo de las Fuerzas Armadas o explosivos agravado; as\u00ed como terrorismo agravado\",\"Fiscal General de la Naci\u00f3n\",\"Fiscal\u00eda Colombia\",\"Flagrancia\",\"homicidio agravado en grado de tentativa; fabricaci\u00f3n\",\"Medida de aseguramiento\",\"municiones de uso restringido\",\"privativa de la libertad.\",\"Tr\u00e1fico y porte de armas\"],\"articleSection\":[\"Seccional Cali\",\"Seccionales\",\"Seguridad territorial\"],\"inLanguage\":\"es-CO\"},{\"@type\":\"WebPage\",\"@id\":\"https:\/\/www.fiscalia.gov.co\/colombia\/seguridad-territorial\/carcel-para-cuatro-presuntos-responsables-de-lanzar-artefacto-explosivo-contra-subestacion-de-policia-nacional\/\",\"url\":\"https:\/\/www.fiscalia.gov.co\/colombia\/seguridad-territorial\/carcel-para-cuatro-presuntos-responsables-de-lanzar-artefacto-explosivo-contra-subestacion-de-policia-nacional\/\",\"name\":\"Fiscal\u00eda General de la Naci\u00f3n\",\"isPartOf\":{\"@id\":\"https:\/\/www.fiscalia.gov.co\/colombia\/#website\"},\"datePublished\":\"2021-06-09T20:02:02+00:00\",\"dateModified\":\"2021-06-09T20:02:34+00:00\",\"description\":\"P\u00e1gina oficial de la Fiscal\u00eda General de la Naci\u00f3n \u2013 Colombia. Garantizamos el acceso efectivo a la justicia, la verdad y la reparaci\u00f3n de las v\u00edctimas de los delitos.\",\"breadcrumb\":{\"@id\":\"https:\/\/www.fiscalia.gov.co\/colombia\/seguridad-territorial\/carcel-para-cuatro-presuntos-responsables-de-lanzar-artefacto-explosivo-contra-subestacion-de-policia-nacional\/#breadcrumb\"},\"inLanguage\":\"es-CO\",\"potentialAction\":[{\"@type\":\"ReadAction\",\"target\":[\"https:\/\/www.fiscalia.gov.co\/colombia\/seguridad-territorial\/carcel-para-cuatro-presuntos-responsables-de-lanzar-artefacto-explosivo-contra-subestacion-de-policia-nacional\/\"]}]},{\"@type\":\"BreadcrumbList\",\"@id\":\"https:\/\/www.fiscalia.gov.co\/colombia\/seguridad-territorial\/carcel-para-cuatro-presuntos-responsables-de-lanzar-artefacto-explosivo-contra-subestacion-de-policia-nacional\/#breadcrumb\",\"itemListElement\":[{\"@type\":\"ListItem\",\"position\":1,\"name\":\"Home\",\"item\":\"https:\/\/www.fiscalia.gov.co\/colombia\/\"},{\"@type\":\"ListItem\",\"position\":2,\"name\":\"C\u00e1rcel para cuatro presuntos responsables de lanzar artefacto explosivo contra subestaci\u00f3n de Polic\u00eda Nacional\"}]},{\"@type\":\"WebSite\",\"@id\":\"https:\/\/www.fiscalia.gov.co\/colombia\/#website\",\"url\":\"https:\/\/www.fiscalia.gov.co\/colombia\/\",\"name\":\"Fiscal\u00eda General de la Naci\u00f3n\",\"description\":\"P\u00e1gina oficial de la Fiscal\u00eda General de la Naci\u00f3n \u2013 Colombia. Garantizamos el acceso efectivo a la justicia, la verdad y la reparaci\u00f3n de las v\u00edctimas de los delitos.\",\"publisher\":{\"@id\":\"https:\/\/www.fiscalia.gov.co\/colombia\/#organization\"},\"potentialAction\":[{\"@type\":\"SearchAction\",\"target\":{\"@type\":\"EntryPoint\",\"urlTemplate\":\"https:\/\/www.fiscalia.gov.co\/colombia\/?s={search_term_string}\"},\"query-input\":{\"@type\":\"PropertyValueSpecification\",\"valueRequired\":true,\"valueName\":\"search_term_string\"}}],\"inLanguage\":\"es-CO\"},{\"@type\":\"Organization\",\"@id\":\"https:\/\/www.fiscalia.gov.co\/colombia\/#organization\",\"name\":\"Fiscal\u00eda General de la Naci\u00f3n\",\"url\":\"https:\/\/www.fiscalia.gov.co\/colombia\/\",\"logo\":{\"@type\":\"ImageObject\",\"inLanguage\":\"es-CO\",\"@id\":\"https:\/\/www.fiscalia.gov.co\/colombia\/#\/schema\/logo\/image\/\",\"url\":\"https:\/\/www.fiscalia.gov.co\/colombia\/wp-content\/uploads\/LogoHorizontal_1.jpg\",\"contentUrl\":\"https:\/\/www.fiscalia.gov.co\/colombia\/wp-content\/uploads\/LogoHorizontal_1.jpg\",\"width\":300,\"height\":90,\"caption\":\"Fiscal\u00eda General de la Naci\u00f3n\"},\"image\":{\"@id\":\"https:\/\/www.fiscalia.gov.co\/colombia\/#\/schema\/logo\/image\/\"},\"sameAs\":[\"https:\/\/www.facebook.com\/FiscaliaCol\",\"https:\/\/x.com\/FiscaliaCol\",\"https:\/\/www.instagram.com\/fiscaliacol\",\"https:\/\/www.linkedin.com\/company\/fiscalia-general-de-la-naci-n\/\",\"https:\/\/youtube.com\/@fiscaliageneraldelanacion-4668?si=6nN79nyQICPU5iTh\"]},{\"@type\":\"Person\",\"@id\":\"https:\/\/www.fiscalia.gov.co\/colombia\/#\/schema\/person\/06aa2210fe4d79203f428ff671dee360\",\"name\":\"Ana Mar\u00eda Gomez\",\"image\":{\"@type\":\"ImageObject\",\"inLanguage\":\"es-CO\",\"@id\":\"https:\/\/www.fiscalia.gov.co\/colombia\/#\/schema\/person\/image\/\",\"url\":\"https:\/\/secure.gravatar.com\/avatar\/a38115d98a7f8a96cbb96af2b2c37a0b?s=96&d=mm&r=g\",\"contentUrl\":\"https:\/\/secure.gravatar.com\/avatar\/a38115d98a7f8a96cbb96af2b2c37a0b?s=96&d=mm&r=g\",\"caption\":\"Ana Mar\u00eda Gomez\"},\"url\":\"https:\/\/www.fiscalia.gov.co\/colombia\/author\/agomez\/\"}]}<\/script>\n<!-- \/ Yoast SEO plugin. -->","yoast_head_json":{"title":"Fiscal\u00eda General de la Naci\u00f3n","description":"P\u00e1gina oficial de la Fiscal\u00eda General de la Naci\u00f3n \u2013 Colombia. Garantizamos el acceso efectivo a la justicia, la verdad y la reparaci\u00f3n de las v\u00edctimas de los delitos.","robots":{"index":"noindex","follow":"follow"},"og_locale":"es_ES","og_type":"article","og_title":"Fiscal\u00eda General de la Naci\u00f3n","og_description":"P\u00e1gina oficial de la Fiscal\u00eda General de la Naci\u00f3n \u2013 Colombia. Garantizamos el acceso efectivo a la justicia, la verdad y la reparaci\u00f3n de las v\u00edctimas de los delitos.","og_url":"https:\/\/www.fiscalia.gov.co\/colombia\/seguridad-territorial\/carcel-para-cuatro-presuntos-responsables-de-lanzar-artefacto-explosivo-contra-subestacion-de-policia-nacional\/","og_site_name":"Fiscal\u00eda General de la Naci\u00f3n","article_publisher":"https:\/\/www.facebook.com\/FiscaliaCol","article_published_time":"2021-06-09T20:02:02+00:00","article_modified_time":"2021-06-09T20:02:34+00:00","author":"Ana Mar\u00eda Gomez","twitter_card":"summary_large_image","twitter_creator":"@FiscaliaCol","twitter_site":"@FiscaliaCol","twitter_misc":{"Escrito por":"Ana Mar\u00eda Gomez","Tiempo de lectura":"2 minutos"},"schema":{"@context":"https:\/\/schema.org","@graph":[{"@type":"Article","@id":"https:\/\/www.fiscalia.gov.co\/colombia\/seguridad-territorial\/carcel-para-cuatro-presuntos-responsables-de-lanzar-artefacto-explosivo-contra-subestacion-de-policia-nacional\/#article","isPartOf":{"@id":"https:\/\/www.fiscalia.gov.co\/colombia\/seguridad-territorial\/carcel-para-cuatro-presuntos-responsables-de-lanzar-artefacto-explosivo-contra-subestacion-de-policia-nacional\/"},"author":{"name":"Ana Mar\u00eda Gomez","@id":"https:\/\/www.fiscalia.gov.co\/colombia\/#\/schema\/person\/06aa2210fe4d79203f428ff671dee360"},"headline":"C\u00e1rcel para cuatro presuntos responsables de lanzar artefacto explosivo contra subestaci\u00f3n de Polic\u00eda Nacional","datePublished":"2021-06-09T20:02:02+00:00","dateModified":"2021-06-09T20:02:34+00:00","mainEntityOfPage":{"@id":"https:\/\/www.fiscalia.gov.co\/colombia\/seguridad-territorial\/carcel-para-cuatro-presuntos-responsables-de-lanzar-artefacto-explosivo-contra-subestacion-de-policia-nacional\/"},"wordCount":374,"publisher":{"@id":"https:\/\/www.fiscalia.gov.co\/colombia\/#organization"},"keywords":["Capturados","C\u00e1rcel","centro carcelario","de uso privativo de las Fuerzas Armadas o explosivos agravado; as\u00ed como terrorismo agravado","Fiscal General de la Naci\u00f3n","Fiscal\u00eda Colombia","Flagrancia","homicidio agravado en grado de tentativa; fabricaci\u00f3n","Medida de aseguramiento","municiones de uso restringido","privativa de la libertad.","Tr\u00e1fico y porte de armas"],"articleSection":["Seccional Cali","Seccionales","Seguridad territorial"],"inLanguage":"es-CO"},{"@type":"WebPage","@id":"https:\/\/www.fiscalia.gov.co\/colombia\/seguridad-territorial\/carcel-para-cuatro-presuntos-responsables-de-lanzar-artefacto-explosivo-contra-subestacion-de-policia-nacional\/","url":"https:\/\/www.fiscalia.gov.co\/colombia\/seguridad-territorial\/carcel-para-cuatro-presuntos-responsables-de-lanzar-artefacto-explosivo-contra-subestacion-de-policia-nacional\/","name":"Fiscal\u00eda General de la Naci\u00f3n","isPartOf":{"@id":"https:\/\/www.fiscalia.gov.co\/colombia\/#website"},"datePublished":"2021-06-09T20:02:02+00:00","dateModified":"2021-06-09T20:02:34+00:00","description":"P\u00e1gina oficial de la Fiscal\u00eda General de la Naci\u00f3n \u2013 Colombia. Garantizamos el acceso efectivo a la justicia, la verdad y la reparaci\u00f3n de las v\u00edctimas de los delitos.","breadcrumb":{"@id":"https:\/\/www.fiscalia.gov.co\/colombia\/seguridad-territorial\/carcel-para-cuatro-presuntos-responsables-de-lanzar-artefacto-explosivo-contra-subestacion-de-policia-nacional\/#breadcrumb"},"inLanguage":"es-CO","potentialAction":[{"@type":"ReadAction","target":["https:\/\/www.fiscalia.gov.co\/colombia\/seguridad-territorial\/carcel-para-cuatro-presuntos-responsables-de-lanzar-artefacto-explosivo-contra-subestacion-de-policia-nacional\/"]}]},{"@type":"BreadcrumbList","@id":"https:\/\/www.fiscalia.gov.co\/colombia\/seguridad-territorial\/carcel-para-cuatro-presuntos-responsables-de-lanzar-artefacto-explosivo-contra-subestacion-de-policia-nacional\/#breadcrumb","itemListElement":[{"@type":"ListItem","position":1,"name":"Home","item":"https:\/\/www.fiscalia.gov.co\/colombia\/"},{"@type":"ListItem","position":2,"name":"C\u00e1rcel para cuatro presuntos responsables de lanzar artefacto explosivo contra subestaci\u00f3n de Polic\u00eda Nacional"}]},{"@type":"WebSite","@id":"https:\/\/www.fiscalia.gov.co\/colombia\/#website","url":"https:\/\/www.fiscalia.gov.co\/colombia\/","name":"Fiscal\u00eda General de la Naci\u00f3n","description":"P\u00e1gina oficial de la Fiscal\u00eda General de la Naci\u00f3n \u2013 Colombia. Garantizamos el acceso efectivo a la justicia, la verdad y la reparaci\u00f3n de las v\u00edctimas de los delitos.","publisher":{"@id":"https:\/\/www.fiscalia.gov.co\/colombia\/#organization"},"potentialAction":[{"@type":"SearchAction","target":{"@type":"EntryPoint","urlTemplate":"https:\/\/www.fiscalia.gov.co\/colombia\/?s={search_term_string}"},"query-input":{"@type":"PropertyValueSpecification","valueRequired":true,"valueName":"search_term_string"}}],"inLanguage":"es-CO"},{"@type":"Organization","@id":"https:\/\/www.fiscalia.gov.co\/colombia\/#organization","name":"Fiscal\u00eda General de la Naci\u00f3n","url":"https:\/\/www.fiscalia.gov.co\/colombia\/","logo":{"@type":"ImageObject","inLanguage":"es-CO","@id":"https:\/\/www.fiscalia.gov.co\/colombia\/#\/schema\/logo\/image\/","url":"https:\/\/www.fiscalia.gov.co\/colombia\/wp-content\/uploads\/LogoHorizontal_1.jpg","contentUrl":"https:\/\/www.fiscalia.gov.co\/colombia\/wp-content\/uploads\/LogoHorizontal_1.jpg","width":300,"height":90,"caption":"Fiscal\u00eda General de la Naci\u00f3n"},"image":{"@id":"https:\/\/www.fiscalia.gov.co\/colombia\/#\/schema\/logo\/image\/"},"sameAs":["https:\/\/www.facebook.com\/FiscaliaCol","https:\/\/x.com\/FiscaliaCol","https:\/\/www.instagram.com\/fiscaliacol","https:\/\/www.linkedin.com\/company\/fiscalia-general-de-la-naci-n\/","https:\/\/youtube.com\/@fiscaliageneraldelanacion-4668?si=6nN79nyQICPU5iTh"]},{"@type":"Person","@id":"https:\/\/www.fiscalia.gov.co\/colombia\/#\/schema\/person\/06aa2210fe4d79203f428ff671dee360","name":"Ana Mar\u00eda Gomez","image":{"@type":"ImageObject","inLanguage":"es-CO","@id":"https:\/\/www.fiscalia.gov.co\/colombia\/#\/schema\/person\/image\/","url":"https:\/\/secure.gravatar.com\/avatar\/a38115d98a7f8a96cbb96af2b2c37a0b?s=96&d=mm&r=g","contentUrl":"https:\/\/secure.gravatar.com\/avatar\/a38115d98a7f8a96cbb96af2b2c37a0b?s=96&d=mm&r=g","caption":"Ana Mar\u00eda Gomez"},"url":"https:\/\/www.fiscalia.gov.co\/colombia\/author\/agomez\/"}]}},"_links":{"self":[{"href":"https:\/\/www.fiscalia.gov.co\/colombia\/wp-json\/wp\/v2\/posts\/221782","targetHints":{"allow":["GET"]}}],"collection":[{"href":"https:\/\/www.fiscalia.gov.co\/colombia\/wp-json\/wp\/v2\/posts"}],"about":[{"href":"https:\/\/www.fiscalia.gov.co\/colombia\/wp-json\/wp\/v2\/types\/post"}],"author":[{"embeddable":true,"href":"https:\/\/www.fiscalia.gov.co\/colombia\/wp-json\/wp\/v2\/users\/171"}],"replies":[{"embeddable":true,"href":"https:\/\/www.fiscalia.gov.co\/colombia\/wp-json\/wp\/v2\/comments?post=221782"}],"version-history":[{"count":2,"href":"https:\/\/www.fiscalia.gov.co\/colombia\/wp-json\/wp\/v2\/posts\/221782\/revisions"}],"predecessor-version":[{"id":221785,"href":"https:\/\/www.fiscalia.gov.co\/colombia\/wp-json\/wp\/v2\/posts\/221782\/revisions\/221785"}],"wp:attachment":[{"href":"https:\/\/www.fiscalia.gov.co\/colombia\/wp-json\/wp\/v2\/media?parent=221782"}],"wp:term":[{"taxonomy":"category","embeddable":true,"href":"https:\/\/www.fiscalia.gov.co\/colombia\/wp-json\/wp\/v2\/categories?post=221782"},{"taxonomy":"post_tag","embeddable":true,"href":"https:\/\/www.fiscalia.gov.co\/colombia\/wp-json\/wp\/v2\/tags?post=221782"}],"curies":[{"name":"wp","href":"https:\/\/api.w.org\/{rel}","templated":true}]}}