{"id":221747,"date":"2021-06-09T13:59:45","date_gmt":"2021-06-09T18:59:45","guid":{"rendered":"https:\/\/www.fiscalia.gov.co\/colombia\/?p=221747"},"modified":"2021-06-09T14:00:24","modified_gmt":"2021-06-09T19:00:24","slug":"condenados-dos-integrantes-de-la-organizacion-criminal-las-independencias-en-medellin","status":"publish","type":"post","link":"https:\/\/www.fiscalia.gov.co\/colombia\/seccionales\/seccional-medellin\/condenados-dos-integrantes-de-la-organizacion-criminal-las-independencias-en-medellin\/","title":{"rendered":"Condenados dos integrantes de la organizaci\u00f3n criminal Las Independencias en Medell\u00edn"},"content":{"rendered":"<blockquote>\n<h4 style=\"text-align: left;\"><strong><i>Uno de los procesados era el cabecilla de la estructura criminal.<\/i><\/strong><\/h4>\n<\/blockquote>\n<div>\n<div dir=\"ltr\">\n<div dir=\"ltr\">\n<p>Luego de avalar el preacuerdo pactado entre la\u00a0<strong>Fiscal\u00eda General de la Naci\u00f3n\u00a0<\/strong>y la defensa del procesado, el Juzgado 4 Penal del Circuito Especializado conden\u00f3 a dos hombres por extorsionar, desplazar y amenazar con armas de fuego a algunos habitantes de la Comuna 13 de Medell\u00edn (Antioquia).<\/p>\n<p>Durante la audiencia, el juez conden\u00f3 a\u00a0Brayan Alexis \u00c1lvarez Mesa, alias el Ruso\u00a0a 14 a\u00f1os y 6 meses de prisi\u00f3n por los delitos de\u00a0<strong>concierto para delinquir agravado en calidad de cabecilla, extorsi\u00f3n agravada, desplazamiento forzado agravado, tentativa de homicidio agravada<\/strong>\u00a0y\u00a0<strong>porte ilegal de armas de defensa personal.\u00a0 \u00a0 \u00a0<\/strong><\/p>\n<p>Por su parte, Wilfer Adri\u00e1n Salazar M\u00e9ndez\u00a0<strong>fue sentenciado a 5 a\u00f1os y 6 meses de prisi\u00f3n por los delitos de concierto para delinquir agravado y desplazamiento forzado.\u00a0<\/strong><strong>\u00a0 \u00a0<\/strong><\/p>\n<p>Seg\u00fan la investigaci\u00f3n\u00a0por un fiscal especializado de Medell\u00edn, los hoy condenados eran\u00a0integrantes del\u00a0<strong>Grupo de Delincuencia Com\u00fan Organizado (GDCO)\u00a0Las Independencias<\/strong>, el cual delinque desde el 2013,\u00a0en los sectores Las Independencias 1, 2 y 3, La Marranera, 20 de julio, El Descanso, Las Sillas Rojas, Plan del Che, Cancha del 2, Traves\u00edas, El sal\u00f3n Rojo y la Placa Deportiva, de la capital antioque\u00f1a.<\/p>\n<p>Adem\u00e1s, se estableci\u00f3 que alias El Ruso, quien era el cabecilla de la estructura criminal, es el responsable del\u00a0<a href=\"https:\/\/www.fiscalia.gov.co\/colombia\/hay-justicia\/condenado-integrante-de-organizacion-delincuencial-por-homicidio-y-desplazamiento-en-la-comuna-13-de-medellin\/\">desplazamiento forzado de un hombre que se dedicaba al alquiler de lavadoras a domicilio en la Comuna Trece<\/a>. La v\u00edctima debi\u00f3 abandonar el barrio junto a su familia, en julio de 2019, ante la\u00a0imposibilidad de pagar la suma de 300.000 que le exig\u00edan, a cambio de dejarlo trabajar.<\/p>\n<p>Durante las audiencias concentradas, \u00c1lvarez Mesa acept\u00f3 su responsabilidad en el atentado contra la vida de un joven que se neg\u00f3 a seguir haciendo parte del grupo delincuencial\u00a0Las Independencias. La v\u00edctima abandon\u00f3 la zona\u00a0el 18 de julio de 2018.<\/p>\n<p>Adem\u00e1s, se evidenci\u00f3 que\u00a0en varias oportunidades le exigi\u00f3 dinero a un hombre, quien pag\u00f3 una de las extorsiones, el condenado indemniz\u00f3 a la v\u00edctima.<\/p>\n<p>La Fiscal\u00eda hace p\u00fablica esta informaci\u00f3n por razones de inter\u00e9s general.<\/p>\n<p>NAMT\/JM\/MG<\/p>\n<p><em>La informaci\u00f3n contenida en este bolet\u00edn de prensa corresponde a la narraci\u00f3n de los hechos noticiosos objetivos, suministrados por los funcionarios encargados de adelantar las investigaciones penales al interior de la Fiscal\u00eda General de la Naci\u00f3n. Para el momento de la divulgaci\u00f3n de este comunicado, la situaci\u00f3n jur\u00eddica de la(s) persona(s) relacionada(s) se encuentra pendiente de resolver por la autoridad judicial competente, siempre bajo los preceptos de la presunci\u00f3n de inocencia, consagrados en el art\u00edculo 29 de la Constituci\u00f3n Pol\u00edtica y el art\u00edculo 7\u00ba de la Ley 906 de 2004.<\/em><\/p>\n<\/div>\n<\/div>\n<\/div>\n\n<div class=\"twitter-share\"><a href=\"https:\/\/twitter.com\/intent\/tweet?via=fiscaliacol\" class=\"twitter-share-button\">Tweet<\/a><\/div>\n","protected":false},"excerpt":{"rendered":"<p>Uno de los procesados era el cabecilla de la estructura criminal. Luego de avalar el preacuerdo pactado entre la\u00a0Fiscal\u00eda General de la Naci\u00f3n\u00a0y la defensa del procesado, el Juzgado 4 Penal del Circuito Especializado conden\u00f3 a dos hombres por extorsionar, desplazar y amenazar con armas de fuego a algunos habitantes de la Comuna 13 de [&hellip;]<\/p>\n","protected":false},"author":171,"featured_media":0,"comment_status":"closed","ping_status":"open","sticky":false,"template":"","format":"standard","meta":{"tdm_status":"","tdm_grid_status":"","footnotes":""},"categories":[24174,331,303],"tags":[1606,83,98,871,1047,27299],"class_list":{"0":"post-221747","1":"post","2":"type-post","3":"status-publish","4":"format-standard","6":"category-hay-justicia","7":"category-seccional-medellin","8":"category-seccionales","9":"tag-comuna-trece","10":"tag-concierto-para-delinquir","11":"tag-desplazamiento-forzado","12":"tag-extorion","13":"tag-fiscalia-general-de-la-nacion","14":"tag-tetativa-de-homicidio"},"yoast_head":"<!-- This site is optimized with the Yoast SEO plugin v24.3 - https:\/\/yoast.com\/wordpress\/plugins\/seo\/ -->\n<title>Fiscal\u00eda General de la Naci\u00f3n<\/title>\n<meta name=\"description\" content=\"P\u00e1gina oficial de la Fiscal\u00eda General de la Naci\u00f3n \u2013 Colombia. Garantizamos el acceso efectivo a la justicia, la verdad y la reparaci\u00f3n de las v\u00edctimas de los delitos.\" \/>\n<meta name=\"robots\" content=\"noindex, follow\" \/>\n<meta property=\"og:locale\" content=\"es_ES\" \/>\n<meta property=\"og:type\" content=\"article\" \/>\n<meta property=\"og:title\" content=\"Fiscal\u00eda General de la Naci\u00f3n\" \/>\n<meta property=\"og:description\" content=\"P\u00e1gina oficial de la Fiscal\u00eda General de la Naci\u00f3n \u2013 Colombia. Garantizamos el acceso efectivo a la justicia, la verdad y la reparaci\u00f3n de las v\u00edctimas de los delitos.\" \/>\n<meta property=\"og:url\" content=\"https:\/\/www.fiscalia.gov.co\/colombia\/seccionales\/seccional-medellin\/condenados-dos-integrantes-de-la-organizacion-criminal-las-independencias-en-medellin\/\" \/>\n<meta property=\"og:site_name\" content=\"Fiscal\u00eda General de la Naci\u00f3n\" \/>\n<meta property=\"article:publisher\" content=\"https:\/\/www.facebook.com\/FiscaliaCol\" \/>\n<meta property=\"article:published_time\" content=\"2021-06-09T18:59:45+00:00\" \/>\n<meta property=\"article:modified_time\" content=\"2021-06-09T19:00:24+00:00\" \/>\n<meta name=\"author\" content=\"Ana Mar\u00eda Gomez\" \/>\n<meta name=\"twitter:card\" content=\"summary_large_image\" \/>\n<meta name=\"twitter:creator\" content=\"@FiscaliaCol\" \/>\n<meta name=\"twitter:site\" content=\"@FiscaliaCol\" \/>\n<meta name=\"twitter:label1\" content=\"Escrito por\" \/>\n\t<meta name=\"twitter:data1\" content=\"Ana Mar\u00eda Gomez\" \/>\n\t<meta name=\"twitter:label2\" content=\"Tiempo de lectura\" \/>\n\t<meta name=\"twitter:data2\" content=\"2 minutos\" \/>\n<script type=\"application\/ld+json\" class=\"yoast-schema-graph\">{\"@context\":\"https:\/\/schema.org\",\"@graph\":[{\"@type\":\"Article\",\"@id\":\"https:\/\/www.fiscalia.gov.co\/colombia\/seccionales\/seccional-medellin\/condenados-dos-integrantes-de-la-organizacion-criminal-las-independencias-en-medellin\/#article\",\"isPartOf\":{\"@id\":\"https:\/\/www.fiscalia.gov.co\/colombia\/seccionales\/seccional-medellin\/condenados-dos-integrantes-de-la-organizacion-criminal-las-independencias-en-medellin\/\"},\"author\":{\"name\":\"Ana Mar\u00eda Gomez\",\"@id\":\"https:\/\/www.fiscalia.gov.co\/colombia\/#\/schema\/person\/06aa2210fe4d79203f428ff671dee360\"},\"headline\":\"Condenados dos integrantes de la organizaci\u00f3n criminal Las Independencias en Medell\u00edn\",\"datePublished\":\"2021-06-09T18:59:45+00:00\",\"dateModified\":\"2021-06-09T19:00:24+00:00\",\"mainEntityOfPage\":{\"@id\":\"https:\/\/www.fiscalia.gov.co\/colombia\/seccionales\/seccional-medellin\/condenados-dos-integrantes-de-la-organizacion-criminal-las-independencias-en-medellin\/\"},\"wordCount\":478,\"publisher\":{\"@id\":\"https:\/\/www.fiscalia.gov.co\/colombia\/#organization\"},\"keywords\":[\"Comuna Trece\",\"Concierto para delinquir\",\"Desplazamiento forzado\",\"Extorsi\u00f3n\",\"Fiscal\u00eda General de la Naci\u00f3n\",\"tetativa de homicidio\"],\"articleSection\":[\"Hay Justicia\",\"Seccional Medell\u00edn\",\"Seccionales\"],\"inLanguage\":\"es-CO\"},{\"@type\":\"WebPage\",\"@id\":\"https:\/\/www.fiscalia.gov.co\/colombia\/seccionales\/seccional-medellin\/condenados-dos-integrantes-de-la-organizacion-criminal-las-independencias-en-medellin\/\",\"url\":\"https:\/\/www.fiscalia.gov.co\/colombia\/seccionales\/seccional-medellin\/condenados-dos-integrantes-de-la-organizacion-criminal-las-independencias-en-medellin\/\",\"name\":\"Fiscal\u00eda General de la Naci\u00f3n\",\"isPartOf\":{\"@id\":\"https:\/\/www.fiscalia.gov.co\/colombia\/#website\"},\"datePublished\":\"2021-06-09T18:59:45+00:00\",\"dateModified\":\"2021-06-09T19:00:24+00:00\",\"description\":\"P\u00e1gina oficial de la Fiscal\u00eda General de la Naci\u00f3n \u2013 Colombia. Garantizamos el acceso efectivo a la justicia, la verdad y la reparaci\u00f3n de las v\u00edctimas de los delitos.\",\"breadcrumb\":{\"@id\":\"https:\/\/www.fiscalia.gov.co\/colombia\/seccionales\/seccional-medellin\/condenados-dos-integrantes-de-la-organizacion-criminal-las-independencias-en-medellin\/#breadcrumb\"},\"inLanguage\":\"es-CO\",\"potentialAction\":[{\"@type\":\"ReadAction\",\"target\":[\"https:\/\/www.fiscalia.gov.co\/colombia\/seccionales\/seccional-medellin\/condenados-dos-integrantes-de-la-organizacion-criminal-las-independencias-en-medellin\/\"]}]},{\"@type\":\"BreadcrumbList\",\"@id\":\"https:\/\/www.fiscalia.gov.co\/colombia\/seccionales\/seccional-medellin\/condenados-dos-integrantes-de-la-organizacion-criminal-las-independencias-en-medellin\/#breadcrumb\",\"itemListElement\":[{\"@type\":\"ListItem\",\"position\":1,\"name\":\"Home\",\"item\":\"https:\/\/www.fiscalia.gov.co\/colombia\/\"},{\"@type\":\"ListItem\",\"position\":2,\"name\":\"Condenados dos integrantes de la organizaci\u00f3n criminal Las Independencias en Medell\u00edn\"}]},{\"@type\":\"WebSite\",\"@id\":\"https:\/\/www.fiscalia.gov.co\/colombia\/#website\",\"url\":\"https:\/\/www.fiscalia.gov.co\/colombia\/\",\"name\":\"Fiscal\u00eda General de la Naci\u00f3n\",\"description\":\"P\u00e1gina oficial de la Fiscal\u00eda General de la Naci\u00f3n \u2013 Colombia. Garantizamos el acceso efectivo a la justicia, la verdad y la reparaci\u00f3n de las v\u00edctimas de los delitos.\",\"publisher\":{\"@id\":\"https:\/\/www.fiscalia.gov.co\/colombia\/#organization\"},\"potentialAction\":[{\"@type\":\"SearchAction\",\"target\":{\"@type\":\"EntryPoint\",\"urlTemplate\":\"https:\/\/www.fiscalia.gov.co\/colombia\/?s={search_term_string}\"},\"query-input\":{\"@type\":\"PropertyValueSpecification\",\"valueRequired\":true,\"valueName\":\"search_term_string\"}}],\"inLanguage\":\"es-CO\"},{\"@type\":\"Organization\",\"@id\":\"https:\/\/www.fiscalia.gov.co\/colombia\/#organization\",\"name\":\"Fiscal\u00eda General de la Naci\u00f3n\",\"url\":\"https:\/\/www.fiscalia.gov.co\/colombia\/\",\"logo\":{\"@type\":\"ImageObject\",\"inLanguage\":\"es-CO\",\"@id\":\"https:\/\/www.fiscalia.gov.co\/colombia\/#\/schema\/logo\/image\/\",\"url\":\"https:\/\/www.fiscalia.gov.co\/colombia\/wp-content\/uploads\/LogoHorizontal_1.jpg\",\"contentUrl\":\"https:\/\/www.fiscalia.gov.co\/colombia\/wp-content\/uploads\/LogoHorizontal_1.jpg\",\"width\":300,\"height\":90,\"caption\":\"Fiscal\u00eda General de la Naci\u00f3n\"},\"image\":{\"@id\":\"https:\/\/www.fiscalia.gov.co\/colombia\/#\/schema\/logo\/image\/\"},\"sameAs\":[\"https:\/\/www.facebook.com\/FiscaliaCol\",\"https:\/\/x.com\/FiscaliaCol\",\"https:\/\/www.instagram.com\/fiscaliacol\",\"https:\/\/www.linkedin.com\/company\/fiscalia-general-de-la-naci-n\/\",\"https:\/\/youtube.com\/@fiscaliageneraldelanacion-4668?si=6nN79nyQICPU5iTh\"]},{\"@type\":\"Person\",\"@id\":\"https:\/\/www.fiscalia.gov.co\/colombia\/#\/schema\/person\/06aa2210fe4d79203f428ff671dee360\",\"name\":\"Ana Mar\u00eda Gomez\",\"image\":{\"@type\":\"ImageObject\",\"inLanguage\":\"es-CO\",\"@id\":\"https:\/\/www.fiscalia.gov.co\/colombia\/#\/schema\/person\/image\/\",\"url\":\"https:\/\/secure.gravatar.com\/avatar\/a38115d98a7f8a96cbb96af2b2c37a0b?s=96&d=mm&r=g\",\"contentUrl\":\"https:\/\/secure.gravatar.com\/avatar\/a38115d98a7f8a96cbb96af2b2c37a0b?s=96&d=mm&r=g\",\"caption\":\"Ana Mar\u00eda Gomez\"},\"url\":\"https:\/\/www.fiscalia.gov.co\/colombia\/author\/agomez\/\"}]}<\/script>\n<!-- \/ Yoast SEO plugin. -->","yoast_head_json":{"title":"Fiscal\u00eda General de la Naci\u00f3n","description":"P\u00e1gina oficial de la Fiscal\u00eda General de la Naci\u00f3n \u2013 Colombia. Garantizamos el acceso efectivo a la justicia, la verdad y la reparaci\u00f3n de las v\u00edctimas de los delitos.","robots":{"index":"noindex","follow":"follow"},"og_locale":"es_ES","og_type":"article","og_title":"Fiscal\u00eda General de la Naci\u00f3n","og_description":"P\u00e1gina oficial de la Fiscal\u00eda General de la Naci\u00f3n \u2013 Colombia. Garantizamos el acceso efectivo a la justicia, la verdad y la reparaci\u00f3n de las v\u00edctimas de los delitos.","og_url":"https:\/\/www.fiscalia.gov.co\/colombia\/seccionales\/seccional-medellin\/condenados-dos-integrantes-de-la-organizacion-criminal-las-independencias-en-medellin\/","og_site_name":"Fiscal\u00eda General de la Naci\u00f3n","article_publisher":"https:\/\/www.facebook.com\/FiscaliaCol","article_published_time":"2021-06-09T18:59:45+00:00","article_modified_time":"2021-06-09T19:00:24+00:00","author":"Ana Mar\u00eda Gomez","twitter_card":"summary_large_image","twitter_creator":"@FiscaliaCol","twitter_site":"@FiscaliaCol","twitter_misc":{"Escrito por":"Ana Mar\u00eda Gomez","Tiempo de lectura":"2 minutos"},"schema":{"@context":"https:\/\/schema.org","@graph":[{"@type":"Article","@id":"https:\/\/www.fiscalia.gov.co\/colombia\/seccionales\/seccional-medellin\/condenados-dos-integrantes-de-la-organizacion-criminal-las-independencias-en-medellin\/#article","isPartOf":{"@id":"https:\/\/www.fiscalia.gov.co\/colombia\/seccionales\/seccional-medellin\/condenados-dos-integrantes-de-la-organizacion-criminal-las-independencias-en-medellin\/"},"author":{"name":"Ana Mar\u00eda Gomez","@id":"https:\/\/www.fiscalia.gov.co\/colombia\/#\/schema\/person\/06aa2210fe4d79203f428ff671dee360"},"headline":"Condenados dos integrantes de la organizaci\u00f3n criminal Las Independencias en Medell\u00edn","datePublished":"2021-06-09T18:59:45+00:00","dateModified":"2021-06-09T19:00:24+00:00","mainEntityOfPage":{"@id":"https:\/\/www.fiscalia.gov.co\/colombia\/seccionales\/seccional-medellin\/condenados-dos-integrantes-de-la-organizacion-criminal-las-independencias-en-medellin\/"},"wordCount":478,"publisher":{"@id":"https:\/\/www.fiscalia.gov.co\/colombia\/#organization"},"keywords":["Comuna Trece","Concierto para delinquir","Desplazamiento forzado","Extorsi\u00f3n","Fiscal\u00eda General de la Naci\u00f3n","tetativa de homicidio"],"articleSection":["Hay Justicia","Seccional Medell\u00edn","Seccionales"],"inLanguage":"es-CO"},{"@type":"WebPage","@id":"https:\/\/www.fiscalia.gov.co\/colombia\/seccionales\/seccional-medellin\/condenados-dos-integrantes-de-la-organizacion-criminal-las-independencias-en-medellin\/","url":"https:\/\/www.fiscalia.gov.co\/colombia\/seccionales\/seccional-medellin\/condenados-dos-integrantes-de-la-organizacion-criminal-las-independencias-en-medellin\/","name":"Fiscal\u00eda General de la Naci\u00f3n","isPartOf":{"@id":"https:\/\/www.fiscalia.gov.co\/colombia\/#website"},"datePublished":"2021-06-09T18:59:45+00:00","dateModified":"2021-06-09T19:00:24+00:00","description":"P\u00e1gina oficial de la Fiscal\u00eda General de la Naci\u00f3n \u2013 Colombia. Garantizamos el acceso efectivo a la justicia, la verdad y la reparaci\u00f3n de las v\u00edctimas de los delitos.","breadcrumb":{"@id":"https:\/\/www.fiscalia.gov.co\/colombia\/seccionales\/seccional-medellin\/condenados-dos-integrantes-de-la-organizacion-criminal-las-independencias-en-medellin\/#breadcrumb"},"inLanguage":"es-CO","potentialAction":[{"@type":"ReadAction","target":["https:\/\/www.fiscalia.gov.co\/colombia\/seccionales\/seccional-medellin\/condenados-dos-integrantes-de-la-organizacion-criminal-las-independencias-en-medellin\/"]}]},{"@type":"BreadcrumbList","@id":"https:\/\/www.fiscalia.gov.co\/colombia\/seccionales\/seccional-medellin\/condenados-dos-integrantes-de-la-organizacion-criminal-las-independencias-en-medellin\/#breadcrumb","itemListElement":[{"@type":"ListItem","position":1,"name":"Home","item":"https:\/\/www.fiscalia.gov.co\/colombia\/"},{"@type":"ListItem","position":2,"name":"Condenados dos integrantes de la organizaci\u00f3n criminal Las Independencias en Medell\u00edn"}]},{"@type":"WebSite","@id":"https:\/\/www.fiscalia.gov.co\/colombia\/#website","url":"https:\/\/www.fiscalia.gov.co\/colombia\/","name":"Fiscal\u00eda General de la Naci\u00f3n","description":"P\u00e1gina oficial de la Fiscal\u00eda General de la Naci\u00f3n \u2013 Colombia. Garantizamos el acceso efectivo a la justicia, la verdad y la reparaci\u00f3n de las v\u00edctimas de los delitos.","publisher":{"@id":"https:\/\/www.fiscalia.gov.co\/colombia\/#organization"},"potentialAction":[{"@type":"SearchAction","target":{"@type":"EntryPoint","urlTemplate":"https:\/\/www.fiscalia.gov.co\/colombia\/?s={search_term_string}"},"query-input":{"@type":"PropertyValueSpecification","valueRequired":true,"valueName":"search_term_string"}}],"inLanguage":"es-CO"},{"@type":"Organization","@id":"https:\/\/www.fiscalia.gov.co\/colombia\/#organization","name":"Fiscal\u00eda General de la Naci\u00f3n","url":"https:\/\/www.fiscalia.gov.co\/colombia\/","logo":{"@type":"ImageObject","inLanguage":"es-CO","@id":"https:\/\/www.fiscalia.gov.co\/colombia\/#\/schema\/logo\/image\/","url":"https:\/\/www.fiscalia.gov.co\/colombia\/wp-content\/uploads\/LogoHorizontal_1.jpg","contentUrl":"https:\/\/www.fiscalia.gov.co\/colombia\/wp-content\/uploads\/LogoHorizontal_1.jpg","width":300,"height":90,"caption":"Fiscal\u00eda General de la Naci\u00f3n"},"image":{"@id":"https:\/\/www.fiscalia.gov.co\/colombia\/#\/schema\/logo\/image\/"},"sameAs":["https:\/\/www.facebook.com\/FiscaliaCol","https:\/\/x.com\/FiscaliaCol","https:\/\/www.instagram.com\/fiscaliacol","https:\/\/www.linkedin.com\/company\/fiscalia-general-de-la-naci-n\/","https:\/\/youtube.com\/@fiscaliageneraldelanacion-4668?si=6nN79nyQICPU5iTh"]},{"@type":"Person","@id":"https:\/\/www.fiscalia.gov.co\/colombia\/#\/schema\/person\/06aa2210fe4d79203f428ff671dee360","name":"Ana Mar\u00eda Gomez","image":{"@type":"ImageObject","inLanguage":"es-CO","@id":"https:\/\/www.fiscalia.gov.co\/colombia\/#\/schema\/person\/image\/","url":"https:\/\/secure.gravatar.com\/avatar\/a38115d98a7f8a96cbb96af2b2c37a0b?s=96&d=mm&r=g","contentUrl":"https:\/\/secure.gravatar.com\/avatar\/a38115d98a7f8a96cbb96af2b2c37a0b?s=96&d=mm&r=g","caption":"Ana Mar\u00eda Gomez"},"url":"https:\/\/www.fiscalia.gov.co\/colombia\/author\/agomez\/"}]}},"_links":{"self":[{"href":"https:\/\/www.fiscalia.gov.co\/colombia\/wp-json\/wp\/v2\/posts\/221747","targetHints":{"allow":["GET"]}}],"collection":[{"href":"https:\/\/www.fiscalia.gov.co\/colombia\/wp-json\/wp\/v2\/posts"}],"about":[{"href":"https:\/\/www.fiscalia.gov.co\/colombia\/wp-json\/wp\/v2\/types\/post"}],"author":[{"embeddable":true,"href":"https:\/\/www.fiscalia.gov.co\/colombia\/wp-json\/wp\/v2\/users\/171"}],"replies":[{"embeddable":true,"href":"https:\/\/www.fiscalia.gov.co\/colombia\/wp-json\/wp\/v2\/comments?post=221747"}],"version-history":[{"count":2,"href":"https:\/\/www.fiscalia.gov.co\/colombia\/wp-json\/wp\/v2\/posts\/221747\/revisions"}],"predecessor-version":[{"id":221749,"href":"https:\/\/www.fiscalia.gov.co\/colombia\/wp-json\/wp\/v2\/posts\/221747\/revisions\/221749"}],"wp:attachment":[{"href":"https:\/\/www.fiscalia.gov.co\/colombia\/wp-json\/wp\/v2\/media?parent=221747"}],"wp:term":[{"taxonomy":"category","embeddable":true,"href":"https:\/\/www.fiscalia.gov.co\/colombia\/wp-json\/wp\/v2\/categories?post=221747"},{"taxonomy":"post_tag","embeddable":true,"href":"https:\/\/www.fiscalia.gov.co\/colombia\/wp-json\/wp\/v2\/tags?post=221747"}],"curies":[{"name":"wp","href":"https:\/\/api.w.org\/{rel}","templated":true}]}}