{"id":221461,"date":"2021-06-04T11:43:03","date_gmt":"2021-06-04T16:43:03","guid":{"rendered":"https:\/\/www.fiscalia.gov.co\/colombia\/?p=221461"},"modified":"2021-06-04T12:05:18","modified_gmt":"2021-06-04T17:05:18","slug":"judicializados-presuntos-responsables-de-incendiar-diferentes-cai-y-dos-motocicletas-de-la-policia-nacional-en-bogota","status":"publish","type":"post","link":"https:\/\/www.fiscalia.gov.co\/colombia\/fiscal-general-de-la-nacion\/judicializados-presuntos-responsables-de-incendiar-diferentes-cai-y-dos-motocicletas-de-la-policia-nacional-en-bogota\/","title":{"rendered":"Judicializados presuntos responsables de incendiar diferentes CAI y dos motocicletas de la Polic\u00eda Nacional en Bogot\u00e1"},"content":{"rendered":"<p><iframe loading=\"lazy\" width=\"560\" height=\"315\" src=\"https:\/\/www.youtube.com\/embed\/fElnwQO9fDA\" title=\"YouTube video player\" frameborder=\"0\" allow=\"accelerometer; autoplay; clipboard-write; encrypted-media; gyroscope; picture-in-picture\" allowfullscreen><\/iframe><\/p>\n<p>La Fiscal\u00eda General de la Naci\u00f3n contin\u00faa impactando los diferentes grupos delincuenciales que con su accionar han cometido delitos en el marco de unas manifestaciones violentas durante la protesta social que se est\u00e1 presentando a nivel nacional.<\/p>\n<p>El pasado 4 de mayo fueron vandalizadas e incendiadas las instalaciones de varios CAI de Bogot\u00e1, dentro de los cuales se encuentran los de Socorro, Engativ\u00e1, La Aurora y una motocicleta de este \u00faltimo. Otro de los hechos que se evidenci\u00f3 entre los desmanes contra la fuerza p\u00fablica, fue la quema de otra motocicleta, el 28 de abril, en la localidad de Los M\u00e1rtires.<\/p>\n<p>Estos hechos generaron miedo y zozobra en la comunidad del sector, aunado a las lesiones de las que fueron v\u00edctimas los uniformados de la Polic\u00eda Nacional.<\/p>\n<p>Los da\u00f1os ocasionados con estos actos delictivos fueron avaluados en aproximadamente $210\u2019000.000.<\/p>\n<p>El material probatorio recaudado, en desarrollo de una de las l\u00edneas de acci\u00f3n del ente acusador para judicializar a los responsables de la destrucci\u00f3n de infraestructura p\u00fablica y privada, incendios y saqueos, permiti\u00f3 que fiscales de la Direcci\u00f3n Seccional de Bogot\u00e1, con apoyo de la Sij\u00edn de Polic\u00eda Metropolitana de Bogot\u00e1, lograran individualizar e identificar a 14 personas, una de ellas menor de edad, presuntamente implicadas en tales hechos, as\u00ed:<\/p>\n<ul>\n<li><strong>CAI La Aurora<\/strong><\/li>\n<\/ul>\n<p>Un grupo de personas, armado con piedras, ladrillos, tubos y bombas incendiarias lleg\u00f3 a las instalaciones del CAI en la carrera 14 L Bis con 7, donde estaban 14 uniformados, y despu\u00e9s de romper los vidrios blindados, le prendieron fuego al lugar con los polic\u00edas que se encontraban al interior. Adem\u00e1s, tambi\u00e9n fue incendiada una motocicleta de la Polic\u00eda Nacional.<\/p>\n<p>Por este hecho fueron capturados Edwin Guillermo Quiroz Eslava, Jeimmy Alexandra Casta\u00f1eda Castellanos, Kevin Sebasti\u00e1n Hern\u00e1ndez Socha y Edwin Ra\u00fal Murcia Rodr\u00edguez. A estas personas la Fiscal\u00eda los imput\u00f3 como presuntos responsables por los delitos de violencia contra servidor p\u00fablico, da\u00f1o en bien ajeno agravado, lanzamiento de sustancias peligrosas y terrorismo.<\/p>\n<p>Se est\u00e1 a la espera de que un Juez con funci\u00f3n de control de garant\u00edas imponga las correspondientes medidas de aseguramiento.<\/p>\n<p>Adem\u00e1s, fue judicializado un menor, de 17 a\u00f1os, a quien se le imputaron los delitos de terrorismo, violencia contra servidor p\u00fablico, hurto agravado y da\u00f1o en bien ajeno agravado. Un Juez con funci\u00f3n de control de garant\u00edas del Sistema de Responsabilidad Penal para adolescentes de Bogot\u00e1 le impuso medida de internamiento preventivo.<\/p>\n<ul>\n<li><strong>CAI Socorro<\/strong><\/li>\n<\/ul>\n<p>El CAI ubicado en la Carrera 77 Q con 49 Sur, de la localidad de Kennedy, fue objeto de m\u00faltiples da\u00f1os causados con objetos contundentes y luego incendiado por personas que se reunieron en este sector.<\/p>\n<p>Las investigaciones adelantadas permitieron capturar a Alex\u00e1nder Franco Rodr\u00edguez, Jordan Smith Giraldo Moncada, Abel David Rueda Rojas y Carlos Alfredo Lengua Bustamante, a quienes la Fiscal\u00eda los imput\u00f3 como presuntos responsables por los delitos de terrorismo agravado y da\u00f1o en bien ajeno agravado. Por su parte, un juez con funci\u00f3n de control de garant\u00edas les impuso medida de aseguramiento privativa de la libertad.<\/p>\n<ul>\n<li><strong>CAI Engativ\u00e1<\/strong><\/li>\n<\/ul>\n<p>De acuerdo con el material recaudado en las instalaciones del CAI de barrio Engativ\u00e1, en la carrera 123 con calle 64, varias personas habr\u00edan \u00a0incitado a otros ciudadanos a ejercer violencia contra la Polic\u00eda. En medio del ataque con objetos contundentes, uno de los uniformados result\u00f3 lesionado. Posteriormente, cuando lograron sacar a los policiales del lugar, un grupo incendi\u00f3 la infraestructura.<\/p>\n<p>Por este suceso fueron capturados Valentina Serna Susatama y Maicol Estiben Mart\u00ednez Duarte, a quienes la Fiscal\u00eda les imput\u00f3 cargos por ser los presuntos responsables de los delitos de terrorismo agravado, violencia contra servidor p\u00fablico, da\u00f1o en bien ajeno agravado e incendio.<\/p>\n<ul>\n<li><strong>Motocicleta incendiada en la localidad de Los M\u00e1rtires<\/strong><\/li>\n<\/ul>\n<p>Iv\u00e1n Esneyder Benavides Fandi\u00f1o, Juan Pablo Leguizam\u00f3n \u00c1lvarez y Dayana Ang\u00e9lica Boh\u00f3rquez fueron capturados y judicializados como presuntos part\u00edcipes de los hechos ocurridos el pasado 28 de abril en la Avenida Caracas con calle 12, donde unos manifestantes habr\u00edan golpeado a dos funcionarios de la Polic\u00eda y despu\u00e9s le prendieron fuego a la motocicleta en la que se transportaban.<\/p>\n<p>La Fiscal\u00eda les imput\u00f3 los delitos de concierto para delinquir, violencia contra servidor p\u00fablico, da\u00f1o en bien ajeno agravado, hurto calificado y agravado y perturbaci\u00f3n en servicio de transporte p\u00fablico privado u oficial. Entretanto, un juez con funci\u00f3n de control de garant\u00edas impuso dos medidas de aseguramiento privativas de la libertad.<\/p>\n<p><strong>La Fiscal\u00eda General de la Naci\u00f3n habla con resultados<\/strong>.<\/p>\n<p>LMFO\/DLBM\/MRC\/LFO<\/p>\n<p><i>La informaci\u00f3n contenida en este bolet\u00edn de prensa corresponde a la narraci\u00f3n de los hechos noticiosos objetivos, suministrados por los funcionarios encargados de adelantar las investigaciones penales al interior de la Fiscal\u00eda General de la Naci\u00f3n. Para el momento de la divulgaci\u00f3n de este comunicado, la situaci\u00f3n jur\u00eddica de la(s) persona(s) relacionada(s) se encuentra pendiente de resolver por la autoridad judicial competente, siempre bajo los preceptos de la presunci\u00f3n de inocencia, consagrados en el art\u00edculo 29 de la Constituci\u00f3n Pol\u00edtica y el art\u00edculo 7\u00ba de la Ley 906 de 2004.<\/i><\/p>\n<p>&nbsp;<\/p>\n\n<div class=\"twitter-share\"><a href=\"https:\/\/twitter.com\/intent\/tweet?via=fiscaliacol\" class=\"twitter-share-button\">Tweet<\/a><\/div>\n","protected":false},"excerpt":{"rendered":"<p>La Fiscal\u00eda General de la Naci\u00f3n contin\u00faa impactando los diferentes grupos delincuenciales que con su accionar han cometido delitos en el marco de unas manifestaciones violentas durante la protesta social [&hellip;]<\/p>\n","protected":false},"author":171,"featured_media":0,"comment_status":"closed","ping_status":"open","sticky":false,"template":"","format":"video","meta":{"tdm_status":"","tdm_grid_status":"","footnotes":""},"categories":[24096],"tags":[24185,4614],"class_list":["post-221461","post","type-post","status-publish","format-video","category-fiscal-general-de-la-nacion","tag-fiscal-barbosa","tag-fiscalia-2","post_format-post-format-video"],"yoast_head":"<!-- This site is optimized with the Yoast SEO plugin v24.3 - https:\/\/yoast.com\/wordpress\/plugins\/seo\/ -->\n<title>Fiscal\u00eda General de la Naci\u00f3n<\/title>\n<meta name=\"description\" content=\"P\u00e1gina oficial de la Fiscal\u00eda General de la Naci\u00f3n \u2013 Colombia. Garantizamos el acceso efectivo a la justicia, la verdad y la reparaci\u00f3n de las v\u00edctimas de los delitos.\" \/>\n<meta name=\"robots\" content=\"noindex, follow\" \/>\n<meta property=\"og:locale\" content=\"es_ES\" \/>\n<meta property=\"og:type\" content=\"article\" \/>\n<meta property=\"og:title\" content=\"Fiscal\u00eda General de la Naci\u00f3n\" \/>\n<meta property=\"og:description\" content=\"P\u00e1gina oficial de la Fiscal\u00eda General de la Naci\u00f3n \u2013 Colombia. Garantizamos el acceso efectivo a la justicia, la verdad y la reparaci\u00f3n de las v\u00edctimas de los delitos.\" \/>\n<meta property=\"og:url\" content=\"https:\/\/www.fiscalia.gov.co\/colombia\/fiscal-general-de-la-nacion\/judicializados-presuntos-responsables-de-incendiar-diferentes-cai-y-dos-motocicletas-de-la-policia-nacional-en-bogota\/\" \/>\n<meta property=\"og:site_name\" content=\"Fiscal\u00eda General de la Naci\u00f3n\" \/>\n<meta property=\"article:publisher\" content=\"https:\/\/www.facebook.com\/FiscaliaCol\" \/>\n<meta property=\"article:published_time\" content=\"2021-06-04T16:43:03+00:00\" \/>\n<meta property=\"article:modified_time\" content=\"2021-06-04T17:05:18+00:00\" \/>\n<meta name=\"author\" content=\"Ana Mar\u00eda Gomez\" \/>\n<meta name=\"twitter:card\" content=\"summary_large_image\" \/>\n<meta name=\"twitter:creator\" content=\"@FiscaliaCol\" \/>\n<meta name=\"twitter:site\" content=\"@FiscaliaCol\" \/>\n<meta name=\"twitter:label1\" content=\"Escrito por\" \/>\n\t<meta name=\"twitter:data1\" content=\"Ana Mar\u00eda Gomez\" \/>\n\t<meta name=\"twitter:label2\" content=\"Tiempo de lectura\" \/>\n\t<meta name=\"twitter:data2\" content=\"4 minutos\" \/>\n<script type=\"application\/ld+json\" class=\"yoast-schema-graph\">{\"@context\":\"https:\/\/schema.org\",\"@graph\":[{\"@type\":\"Article\",\"@id\":\"https:\/\/www.fiscalia.gov.co\/colombia\/fiscal-general-de-la-nacion\/judicializados-presuntos-responsables-de-incendiar-diferentes-cai-y-dos-motocicletas-de-la-policia-nacional-en-bogota\/#article\",\"isPartOf\":{\"@id\":\"https:\/\/www.fiscalia.gov.co\/colombia\/fiscal-general-de-la-nacion\/judicializados-presuntos-responsables-de-incendiar-diferentes-cai-y-dos-motocicletas-de-la-policia-nacional-en-bogota\/\"},\"author\":{\"name\":\"Ana Mar\u00eda Gomez\",\"@id\":\"https:\/\/www.fiscalia.gov.co\/colombia\/#\/schema\/person\/06aa2210fe4d79203f428ff671dee360\"},\"headline\":\"Judicializados presuntos responsables de incendiar diferentes CAI y dos motocicletas de la Polic\u00eda Nacional en Bogot\u00e1\",\"datePublished\":\"2021-06-04T16:43:03+00:00\",\"dateModified\":\"2021-06-04T17:05:18+00:00\",\"mainEntityOfPage\":{\"@id\":\"https:\/\/www.fiscalia.gov.co\/colombia\/fiscal-general-de-la-nacion\/judicializados-presuntos-responsables-de-incendiar-diferentes-cai-y-dos-motocicletas-de-la-policia-nacional-en-bogota\/\"},\"wordCount\":908,\"publisher\":{\"@id\":\"https:\/\/www.fiscalia.gov.co\/colombia\/#organization\"},\"keywords\":[\"Fiscal Barbosa\",\"Fiscal\u00eda\"],\"articleSection\":[\"Fiscal General de la Naci\u00f3n\"],\"inLanguage\":\"es-CO\"},{\"@type\":\"WebPage\",\"@id\":\"https:\/\/www.fiscalia.gov.co\/colombia\/fiscal-general-de-la-nacion\/judicializados-presuntos-responsables-de-incendiar-diferentes-cai-y-dos-motocicletas-de-la-policia-nacional-en-bogota\/\",\"url\":\"https:\/\/www.fiscalia.gov.co\/colombia\/fiscal-general-de-la-nacion\/judicializados-presuntos-responsables-de-incendiar-diferentes-cai-y-dos-motocicletas-de-la-policia-nacional-en-bogota\/\",\"name\":\"Fiscal\u00eda General de la Naci\u00f3n\",\"isPartOf\":{\"@id\":\"https:\/\/www.fiscalia.gov.co\/colombia\/#website\"},\"datePublished\":\"2021-06-04T16:43:03+00:00\",\"dateModified\":\"2021-06-04T17:05:18+00:00\",\"description\":\"P\u00e1gina oficial de la Fiscal\u00eda General de la Naci\u00f3n \u2013 Colombia. Garantizamos el acceso efectivo a la justicia, la verdad y la reparaci\u00f3n de las v\u00edctimas de los delitos.\",\"breadcrumb\":{\"@id\":\"https:\/\/www.fiscalia.gov.co\/colombia\/fiscal-general-de-la-nacion\/judicializados-presuntos-responsables-de-incendiar-diferentes-cai-y-dos-motocicletas-de-la-policia-nacional-en-bogota\/#breadcrumb\"},\"inLanguage\":\"es-CO\",\"potentialAction\":[{\"@type\":\"ReadAction\",\"target\":[\"https:\/\/www.fiscalia.gov.co\/colombia\/fiscal-general-de-la-nacion\/judicializados-presuntos-responsables-de-incendiar-diferentes-cai-y-dos-motocicletas-de-la-policia-nacional-en-bogota\/\"]}]},{\"@type\":\"BreadcrumbList\",\"@id\":\"https:\/\/www.fiscalia.gov.co\/colombia\/fiscal-general-de-la-nacion\/judicializados-presuntos-responsables-de-incendiar-diferentes-cai-y-dos-motocicletas-de-la-policia-nacional-en-bogota\/#breadcrumb\",\"itemListElement\":[{\"@type\":\"ListItem\",\"position\":1,\"name\":\"Home\",\"item\":\"https:\/\/www.fiscalia.gov.co\/colombia\/\"},{\"@type\":\"ListItem\",\"position\":2,\"name\":\"Judicializados presuntos responsables de incendiar diferentes CAI y dos motocicletas de la Polic\u00eda Nacional en Bogot\u00e1\"}]},{\"@type\":\"WebSite\",\"@id\":\"https:\/\/www.fiscalia.gov.co\/colombia\/#website\",\"url\":\"https:\/\/www.fiscalia.gov.co\/colombia\/\",\"name\":\"Fiscal\u00eda General de la Naci\u00f3n\",\"description\":\"P\u00e1gina oficial de la Fiscal\u00eda General de la Naci\u00f3n \u2013 Colombia. Garantizamos el acceso efectivo a la justicia, la verdad y la reparaci\u00f3n de las v\u00edctimas de los delitos.\",\"publisher\":{\"@id\":\"https:\/\/www.fiscalia.gov.co\/colombia\/#organization\"},\"potentialAction\":[{\"@type\":\"SearchAction\",\"target\":{\"@type\":\"EntryPoint\",\"urlTemplate\":\"https:\/\/www.fiscalia.gov.co\/colombia\/?s={search_term_string}\"},\"query-input\":{\"@type\":\"PropertyValueSpecification\",\"valueRequired\":true,\"valueName\":\"search_term_string\"}}],\"inLanguage\":\"es-CO\"},{\"@type\":\"Organization\",\"@id\":\"https:\/\/www.fiscalia.gov.co\/colombia\/#organization\",\"name\":\"Fiscal\u00eda General de la Naci\u00f3n\",\"url\":\"https:\/\/www.fiscalia.gov.co\/colombia\/\",\"logo\":{\"@type\":\"ImageObject\",\"inLanguage\":\"es-CO\",\"@id\":\"https:\/\/www.fiscalia.gov.co\/colombia\/#\/schema\/logo\/image\/\",\"url\":\"https:\/\/www.fiscalia.gov.co\/colombia\/wp-content\/uploads\/LogoHorizontal_1.jpg\",\"contentUrl\":\"https:\/\/www.fiscalia.gov.co\/colombia\/wp-content\/uploads\/LogoHorizontal_1.jpg\",\"width\":300,\"height\":90,\"caption\":\"Fiscal\u00eda General de la Naci\u00f3n\"},\"image\":{\"@id\":\"https:\/\/www.fiscalia.gov.co\/colombia\/#\/schema\/logo\/image\/\"},\"sameAs\":[\"https:\/\/www.facebook.com\/FiscaliaCol\",\"https:\/\/x.com\/FiscaliaCol\",\"https:\/\/www.instagram.com\/fiscaliacol\",\"https:\/\/www.linkedin.com\/company\/fiscalia-general-de-la-naci-n\/\",\"https:\/\/youtube.com\/@fiscaliageneraldelanacion-4668?si=6nN79nyQICPU5iTh\"]},{\"@type\":\"Person\",\"@id\":\"https:\/\/www.fiscalia.gov.co\/colombia\/#\/schema\/person\/06aa2210fe4d79203f428ff671dee360\",\"name\":\"Ana Mar\u00eda Gomez\",\"image\":{\"@type\":\"ImageObject\",\"inLanguage\":\"es-CO\",\"@id\":\"https:\/\/www.fiscalia.gov.co\/colombia\/#\/schema\/person\/image\/\",\"url\":\"https:\/\/secure.gravatar.com\/avatar\/a38115d98a7f8a96cbb96af2b2c37a0b?s=96&d=mm&r=g\",\"contentUrl\":\"https:\/\/secure.gravatar.com\/avatar\/a38115d98a7f8a96cbb96af2b2c37a0b?s=96&d=mm&r=g\",\"caption\":\"Ana Mar\u00eda Gomez\"},\"url\":\"https:\/\/www.fiscalia.gov.co\/colombia\/author\/agomez\/\"}]}<\/script>\n<!-- \/ Yoast SEO plugin. -->","yoast_head_json":{"title":"Fiscal\u00eda General de la Naci\u00f3n","description":"P\u00e1gina oficial de la Fiscal\u00eda General de la Naci\u00f3n \u2013 Colombia. Garantizamos el acceso efectivo a la justicia, la verdad y la reparaci\u00f3n de las v\u00edctimas de los delitos.","robots":{"index":"noindex","follow":"follow"},"og_locale":"es_ES","og_type":"article","og_title":"Fiscal\u00eda General de la Naci\u00f3n","og_description":"P\u00e1gina oficial de la Fiscal\u00eda General de la Naci\u00f3n \u2013 Colombia. Garantizamos el acceso efectivo a la justicia, la verdad y la reparaci\u00f3n de las v\u00edctimas de los delitos.","og_url":"https:\/\/www.fiscalia.gov.co\/colombia\/fiscal-general-de-la-nacion\/judicializados-presuntos-responsables-de-incendiar-diferentes-cai-y-dos-motocicletas-de-la-policia-nacional-en-bogota\/","og_site_name":"Fiscal\u00eda General de la Naci\u00f3n","article_publisher":"https:\/\/www.facebook.com\/FiscaliaCol","article_published_time":"2021-06-04T16:43:03+00:00","article_modified_time":"2021-06-04T17:05:18+00:00","author":"Ana Mar\u00eda Gomez","twitter_card":"summary_large_image","twitter_creator":"@FiscaliaCol","twitter_site":"@FiscaliaCol","twitter_misc":{"Escrito por":"Ana Mar\u00eda Gomez","Tiempo de lectura":"4 minutos"},"schema":{"@context":"https:\/\/schema.org","@graph":[{"@type":"Article","@id":"https:\/\/www.fiscalia.gov.co\/colombia\/fiscal-general-de-la-nacion\/judicializados-presuntos-responsables-de-incendiar-diferentes-cai-y-dos-motocicletas-de-la-policia-nacional-en-bogota\/#article","isPartOf":{"@id":"https:\/\/www.fiscalia.gov.co\/colombia\/fiscal-general-de-la-nacion\/judicializados-presuntos-responsables-de-incendiar-diferentes-cai-y-dos-motocicletas-de-la-policia-nacional-en-bogota\/"},"author":{"name":"Ana Mar\u00eda Gomez","@id":"https:\/\/www.fiscalia.gov.co\/colombia\/#\/schema\/person\/06aa2210fe4d79203f428ff671dee360"},"headline":"Judicializados presuntos responsables de incendiar diferentes CAI y dos motocicletas de la Polic\u00eda Nacional en Bogot\u00e1","datePublished":"2021-06-04T16:43:03+00:00","dateModified":"2021-06-04T17:05:18+00:00","mainEntityOfPage":{"@id":"https:\/\/www.fiscalia.gov.co\/colombia\/fiscal-general-de-la-nacion\/judicializados-presuntos-responsables-de-incendiar-diferentes-cai-y-dos-motocicletas-de-la-policia-nacional-en-bogota\/"},"wordCount":908,"publisher":{"@id":"https:\/\/www.fiscalia.gov.co\/colombia\/#organization"},"keywords":["Fiscal Barbosa","Fiscal\u00eda"],"articleSection":["Fiscal General de la Naci\u00f3n"],"inLanguage":"es-CO"},{"@type":"WebPage","@id":"https:\/\/www.fiscalia.gov.co\/colombia\/fiscal-general-de-la-nacion\/judicializados-presuntos-responsables-de-incendiar-diferentes-cai-y-dos-motocicletas-de-la-policia-nacional-en-bogota\/","url":"https:\/\/www.fiscalia.gov.co\/colombia\/fiscal-general-de-la-nacion\/judicializados-presuntos-responsables-de-incendiar-diferentes-cai-y-dos-motocicletas-de-la-policia-nacional-en-bogota\/","name":"Fiscal\u00eda General de la Naci\u00f3n","isPartOf":{"@id":"https:\/\/www.fiscalia.gov.co\/colombia\/#website"},"datePublished":"2021-06-04T16:43:03+00:00","dateModified":"2021-06-04T17:05:18+00:00","description":"P\u00e1gina oficial de la Fiscal\u00eda General de la Naci\u00f3n \u2013 Colombia. Garantizamos el acceso efectivo a la justicia, la verdad y la reparaci\u00f3n de las v\u00edctimas de los delitos.","breadcrumb":{"@id":"https:\/\/www.fiscalia.gov.co\/colombia\/fiscal-general-de-la-nacion\/judicializados-presuntos-responsables-de-incendiar-diferentes-cai-y-dos-motocicletas-de-la-policia-nacional-en-bogota\/#breadcrumb"},"inLanguage":"es-CO","potentialAction":[{"@type":"ReadAction","target":["https:\/\/www.fiscalia.gov.co\/colombia\/fiscal-general-de-la-nacion\/judicializados-presuntos-responsables-de-incendiar-diferentes-cai-y-dos-motocicletas-de-la-policia-nacional-en-bogota\/"]}]},{"@type":"BreadcrumbList","@id":"https:\/\/www.fiscalia.gov.co\/colombia\/fiscal-general-de-la-nacion\/judicializados-presuntos-responsables-de-incendiar-diferentes-cai-y-dos-motocicletas-de-la-policia-nacional-en-bogota\/#breadcrumb","itemListElement":[{"@type":"ListItem","position":1,"name":"Home","item":"https:\/\/www.fiscalia.gov.co\/colombia\/"},{"@type":"ListItem","position":2,"name":"Judicializados presuntos responsables de incendiar diferentes CAI y dos motocicletas de la Polic\u00eda Nacional en Bogot\u00e1"}]},{"@type":"WebSite","@id":"https:\/\/www.fiscalia.gov.co\/colombia\/#website","url":"https:\/\/www.fiscalia.gov.co\/colombia\/","name":"Fiscal\u00eda General de la Naci\u00f3n","description":"P\u00e1gina oficial de la Fiscal\u00eda General de la Naci\u00f3n \u2013 Colombia. Garantizamos el acceso efectivo a la justicia, la verdad y la reparaci\u00f3n de las v\u00edctimas de los delitos.","publisher":{"@id":"https:\/\/www.fiscalia.gov.co\/colombia\/#organization"},"potentialAction":[{"@type":"SearchAction","target":{"@type":"EntryPoint","urlTemplate":"https:\/\/www.fiscalia.gov.co\/colombia\/?s={search_term_string}"},"query-input":{"@type":"PropertyValueSpecification","valueRequired":true,"valueName":"search_term_string"}}],"inLanguage":"es-CO"},{"@type":"Organization","@id":"https:\/\/www.fiscalia.gov.co\/colombia\/#organization","name":"Fiscal\u00eda General de la Naci\u00f3n","url":"https:\/\/www.fiscalia.gov.co\/colombia\/","logo":{"@type":"ImageObject","inLanguage":"es-CO","@id":"https:\/\/www.fiscalia.gov.co\/colombia\/#\/schema\/logo\/image\/","url":"https:\/\/www.fiscalia.gov.co\/colombia\/wp-content\/uploads\/LogoHorizontal_1.jpg","contentUrl":"https:\/\/www.fiscalia.gov.co\/colombia\/wp-content\/uploads\/LogoHorizontal_1.jpg","width":300,"height":90,"caption":"Fiscal\u00eda General de la Naci\u00f3n"},"image":{"@id":"https:\/\/www.fiscalia.gov.co\/colombia\/#\/schema\/logo\/image\/"},"sameAs":["https:\/\/www.facebook.com\/FiscaliaCol","https:\/\/x.com\/FiscaliaCol","https:\/\/www.instagram.com\/fiscaliacol","https:\/\/www.linkedin.com\/company\/fiscalia-general-de-la-naci-n\/","https:\/\/youtube.com\/@fiscaliageneraldelanacion-4668?si=6nN79nyQICPU5iTh"]},{"@type":"Person","@id":"https:\/\/www.fiscalia.gov.co\/colombia\/#\/schema\/person\/06aa2210fe4d79203f428ff671dee360","name":"Ana Mar\u00eda Gomez","image":{"@type":"ImageObject","inLanguage":"es-CO","@id":"https:\/\/www.fiscalia.gov.co\/colombia\/#\/schema\/person\/image\/","url":"https:\/\/secure.gravatar.com\/avatar\/a38115d98a7f8a96cbb96af2b2c37a0b?s=96&d=mm&r=g","contentUrl":"https:\/\/secure.gravatar.com\/avatar\/a38115d98a7f8a96cbb96af2b2c37a0b?s=96&d=mm&r=g","caption":"Ana Mar\u00eda Gomez"},"url":"https:\/\/www.fiscalia.gov.co\/colombia\/author\/agomez\/"}]}},"_links":{"self":[{"href":"https:\/\/www.fiscalia.gov.co\/colombia\/wp-json\/wp\/v2\/posts\/221461","targetHints":{"allow":["GET"]}}],"collection":[{"href":"https:\/\/www.fiscalia.gov.co\/colombia\/wp-json\/wp\/v2\/posts"}],"about":[{"href":"https:\/\/www.fiscalia.gov.co\/colombia\/wp-json\/wp\/v2\/types\/post"}],"author":[{"embeddable":true,"href":"https:\/\/www.fiscalia.gov.co\/colombia\/wp-json\/wp\/v2\/users\/171"}],"replies":[{"embeddable":true,"href":"https:\/\/www.fiscalia.gov.co\/colombia\/wp-json\/wp\/v2\/comments?post=221461"}],"version-history":[{"count":3,"href":"https:\/\/www.fiscalia.gov.co\/colombia\/wp-json\/wp\/v2\/posts\/221461\/revisions"}],"predecessor-version":[{"id":221465,"href":"https:\/\/www.fiscalia.gov.co\/colombia\/wp-json\/wp\/v2\/posts\/221461\/revisions\/221465"}],"wp:attachment":[{"href":"https:\/\/www.fiscalia.gov.co\/colombia\/wp-json\/wp\/v2\/media?parent=221461"}],"wp:term":[{"taxonomy":"category","embeddable":true,"href":"https:\/\/www.fiscalia.gov.co\/colombia\/wp-json\/wp\/v2\/categories?post=221461"},{"taxonomy":"post_tag","embeddable":true,"href":"https:\/\/www.fiscalia.gov.co\/colombia\/wp-json\/wp\/v2\/tags?post=221461"}],"curies":[{"name":"wp","href":"https:\/\/api.w.org\/{rel}","templated":true}]}}