{"id":221401,"date":"2021-06-03T16:52:42","date_gmt":"2021-06-03T21:52:42","guid":{"rendered":"https:\/\/www.fiscalia.gov.co\/colombia\/?p=221401"},"modified":"2021-06-03T17:04:13","modified_gmt":"2021-06-03T22:04:13","slug":"la-fiscalia-logro-legalizacion-de-la-incautacion-de-mas-de-280-kilos-de-marihuana-hallados-dentro-de-en-un-vehiculo-abandonado","status":"publish","type":"post","link":"https:\/\/www.fiscalia.gov.co\/colombia\/trafico-de-estupefacientes\/la-fiscalia-logro-legalizacion-de-la-incautacion-de-mas-de-280-kilos-de-marihuana-hallados-dentro-de-en-un-vehiculo-abandonado\/","title":{"rendered":"La Fiscal\u00eda logr\u00f3 legalizaci\u00f3n de la incautaci\u00f3n de m\u00e1s de 280 kilos de marihuana hallados dentro de en un veh\u00edculo abandonado"},"content":{"rendered":"<div dir=\"ltr\">\n<div class=\"x_x_MsoNormal\">En un veh\u00edculo que habr\u00eda sido abandonado por su conductor, personal de la\u00a0<b>Polic\u00eda de Tr\u00e1nsito\u00a0<\/b>incaut\u00f3\u00a0286 kilos de marihuana, en jurisdicci\u00f3n del municipio de\u00a0Roldanillo\u00a0(Valle del Cauca).<\/div>\n<div><\/div>\n<p>La diligencia se llev\u00f3 a cabo en\u00a0el sector de Mediacanoa \u2013 La Virginia\u00a0del municipio en menci\u00f3n, donde las autoridades registraron un automotor, en el que hallaron 198 paquetes que seg\u00fan el an\u00e1lisis qu\u00edmico preliminar dio positivo para marihuana.<\/p>\n<\/div>\n<div dir=\"ltr\">\n<figure id=\"attachment_221405\" aria-describedby=\"caption-attachment-221405\" style=\"width: 350px\" class=\"wp-caption alignleft\"><img loading=\"lazy\" decoding=\"async\" class=\"wp-image-221405\" src=\"https:\/\/www.fiscalia.gov.co\/colombia\/wp-content\/uploads\/Incautaci\u00f3n-y-legalizaci\u00f3n-de-286-kilos-de-marihuana-abandonada-dentro-de-un-veh\u00edculo-en-jurisdicci\u00f3n-del-municipio-de-Roldanillo-Valle..jpg\" alt=\"\" width=\"350\" height=\"466\" srcset=\"https:\/\/www.fiscalia.gov.co\/colombia\/wp-content\/uploads\/Incautaci\u00f3n-y-legalizaci\u00f3n-de-286-kilos-de-marihuana-abandonada-dentro-de-un-veh\u00edculo-en-jurisdicci\u00f3n-del-municipio-de-Roldanillo-Valle..jpg 457w, https:\/\/www.fiscalia.gov.co\/colombia\/wp-content\/uploads\/Incautaci\u00f3n-y-legalizaci\u00f3n-de-286-kilos-de-marihuana-abandonada-dentro-de-un-veh\u00edculo-en-jurisdicci\u00f3n-del-municipio-de-Roldanillo-Valle.-225x300.jpg 225w, https:\/\/www.fiscalia.gov.co\/colombia\/wp-content\/uploads\/Incautaci\u00f3n-y-legalizaci\u00f3n-de-286-kilos-de-marihuana-abandonada-dentro-de-un-veh\u00edculo-en-jurisdicci\u00f3n-del-municipio-de-Roldanillo-Valle.-315x420.jpg 315w\" sizes=\"auto, (max-width: 350px) 100vw, 350px\" \/><figcaption id=\"caption-attachment-221405\" class=\"wp-caption-text\">Incautados 286 kilos de marihuana, en jurisdicci\u00f3n del municipio de Roldanillo (Valle del Cauca).<\/figcaption><\/figure>\n<\/div>\n<div dir=\"ltr\">\n<p>El procedimiento de incautaci\u00f3n del estupefaciente fue legalizado ante un juez de control de garant\u00edas, por el\u00a0<a href=\"https:\/\/www.fiscalia.gov.co\/colombia\/trafico-de-estupefacientes\/fiscalia-incauta-mas-de-400-kilos-de-marihuana-halladas-dentro-de-un-vehiculo-abandonado\/\" target=\"_blank\" rel=\"noreferrer noopener\">tr\u00e1fico, fabricaci\u00f3n y porte de estupefacientes<\/a>, con fines de investigaci\u00f3n.<\/p>\n<div><\/div>\n<p>El ente acusador trata de establecer la procedencia y destino, as\u00ed como la pertenencia de la sustancia il\u00edcita incautada.<\/p>\n<\/div>\n<div dir=\"ltr\"><span style=\"color: #212121; font-family: Arial, sans-serif;\">MAP\/SMLR\/MG<\/span><\/div>\n\n<div class=\"twitter-share\"><a href=\"https:\/\/twitter.com\/intent\/tweet?via=fiscaliacol\" class=\"twitter-share-button\">Tweet<\/a><\/div>\n","protected":false},"excerpt":{"rendered":"<p>En un veh\u00edculo que habr\u00eda sido abandonado por su conductor, personal de la\u00a0Polic\u00eda de Tr\u00e1nsito\u00a0incaut\u00f3\u00a0286 kilos de marihuana, en jurisdicci\u00f3n del municipio de\u00a0Roldanillo\u00a0(Valle del Cauca). La diligencia se llev\u00f3 a [&hellip;]<\/p>\n","protected":false},"author":171,"featured_media":0,"comment_status":"closed","ping_status":"open","sticky":false,"template":"","format":"standard","meta":{"tdm_status":"","tdm_grid_status":"","footnotes":""},"categories":[324,303,24103],"tags":[11535,12424,24551,78,24187,24315,1185,24549,24918],"class_list":["post-221401","post","type-post","status-publish","format-standard","category-seccional-cali","category-seccionales","category-trafico-de-estupefacientes","tag-acceso-carnal-violento-agravado","tag-capturado","tag-centro-carcelario","tag-fiscal-general-de-la-nacion","tag-fiscalia-colombia","tag-intramuros","tag-medida-de-aseguramiento","tag-orden-judicial","tag-privado-de-la-libertad"],"yoast_head":"<!-- This site is optimized with the Yoast SEO plugin v24.3 - https:\/\/yoast.com\/wordpress\/plugins\/seo\/ -->\n<title>Fiscal\u00eda General de la Naci\u00f3n<\/title>\n<meta name=\"description\" content=\"P\u00e1gina oficial de la Fiscal\u00eda General de la Naci\u00f3n \u2013 Colombia. Garantizamos el acceso efectivo a la justicia, la verdad y la reparaci\u00f3n de las v\u00edctimas de los delitos.\" \/>\n<meta name=\"robots\" content=\"noindex, follow\" \/>\n<meta property=\"og:locale\" content=\"es_ES\" \/>\n<meta property=\"og:type\" content=\"article\" \/>\n<meta property=\"og:title\" content=\"Fiscal\u00eda General de la Naci\u00f3n\" \/>\n<meta property=\"og:description\" content=\"P\u00e1gina oficial de la Fiscal\u00eda General de la Naci\u00f3n \u2013 Colombia. Garantizamos el acceso efectivo a la justicia, la verdad y la reparaci\u00f3n de las v\u00edctimas de los delitos.\" \/>\n<meta property=\"og:url\" content=\"https:\/\/www.fiscalia.gov.co\/colombia\/trafico-de-estupefacientes\/la-fiscalia-logro-legalizacion-de-la-incautacion-de-mas-de-280-kilos-de-marihuana-hallados-dentro-de-en-un-vehiculo-abandonado\/\" \/>\n<meta property=\"og:site_name\" content=\"Fiscal\u00eda General de la Naci\u00f3n\" \/>\n<meta property=\"article:publisher\" content=\"https:\/\/www.facebook.com\/FiscaliaCol\" \/>\n<meta property=\"article:published_time\" content=\"2021-06-03T21:52:42+00:00\" \/>\n<meta property=\"article:modified_time\" content=\"2021-06-03T22:04:13+00:00\" \/>\n<meta name=\"author\" content=\"Ana Mar\u00eda Gomez\" \/>\n<meta name=\"twitter:card\" content=\"summary_large_image\" \/>\n<meta name=\"twitter:creator\" content=\"@FiscaliaCol\" \/>\n<meta name=\"twitter:site\" content=\"@FiscaliaCol\" \/>\n<meta name=\"twitter:label1\" content=\"Escrito por\" \/>\n\t<meta name=\"twitter:data1\" content=\"Ana Mar\u00eda Gomez\" \/>\n\t<meta name=\"twitter:label2\" content=\"Tiempo de lectura\" \/>\n\t<meta name=\"twitter:data2\" content=\"1 minuto\" \/>\n<script type=\"application\/ld+json\" class=\"yoast-schema-graph\">{\"@context\":\"https:\/\/schema.org\",\"@graph\":[{\"@type\":\"Article\",\"@id\":\"https:\/\/www.fiscalia.gov.co\/colombia\/trafico-de-estupefacientes\/la-fiscalia-logro-legalizacion-de-la-incautacion-de-mas-de-280-kilos-de-marihuana-hallados-dentro-de-en-un-vehiculo-abandonado\/#article\",\"isPartOf\":{\"@id\":\"https:\/\/www.fiscalia.gov.co\/colombia\/trafico-de-estupefacientes\/la-fiscalia-logro-legalizacion-de-la-incautacion-de-mas-de-280-kilos-de-marihuana-hallados-dentro-de-en-un-vehiculo-abandonado\/\"},\"author\":{\"name\":\"Ana Mar\u00eda Gomez\",\"@id\":\"https:\/\/www.fiscalia.gov.co\/colombia\/#\/schema\/person\/06aa2210fe4d79203f428ff671dee360\"},\"headline\":\"La Fiscal\u00eda logr\u00f3 legalizaci\u00f3n de la incautaci\u00f3n de m\u00e1s de 280 kilos de marihuana hallados dentro de en un veh\u00edculo abandonado\",\"datePublished\":\"2021-06-03T21:52:42+00:00\",\"dateModified\":\"2021-06-03T22:04:13+00:00\",\"mainEntityOfPage\":{\"@id\":\"https:\/\/www.fiscalia.gov.co\/colombia\/trafico-de-estupefacientes\/la-fiscalia-logro-legalizacion-de-la-incautacion-de-mas-de-280-kilos-de-marihuana-hallados-dentro-de-en-un-vehiculo-abandonado\/\"},\"wordCount\":177,\"publisher\":{\"@id\":\"https:\/\/www.fiscalia.gov.co\/colombia\/#organization\"},\"keywords\":[\"acceso carnal violento agravado\",\"Capturado\",\"centro carcelario\",\"Fiscal General de la Naci\u00f3n\",\"Fiscal\u00eda Colombia\",\"intramuros\",\"Medida de aseguramiento\",\"orden judicial\",\"privado de la libertad\"],\"articleSection\":[\"Seccional Cali\",\"Seccionales\",\"Tr\u00e1fico de estupefacientes\"],\"inLanguage\":\"es-CO\"},{\"@type\":\"WebPage\",\"@id\":\"https:\/\/www.fiscalia.gov.co\/colombia\/trafico-de-estupefacientes\/la-fiscalia-logro-legalizacion-de-la-incautacion-de-mas-de-280-kilos-de-marihuana-hallados-dentro-de-en-un-vehiculo-abandonado\/\",\"url\":\"https:\/\/www.fiscalia.gov.co\/colombia\/trafico-de-estupefacientes\/la-fiscalia-logro-legalizacion-de-la-incautacion-de-mas-de-280-kilos-de-marihuana-hallados-dentro-de-en-un-vehiculo-abandonado\/\",\"name\":\"Fiscal\u00eda General de la Naci\u00f3n\",\"isPartOf\":{\"@id\":\"https:\/\/www.fiscalia.gov.co\/colombia\/#website\"},\"datePublished\":\"2021-06-03T21:52:42+00:00\",\"dateModified\":\"2021-06-03T22:04:13+00:00\",\"description\":\"P\u00e1gina oficial de la Fiscal\u00eda General de la Naci\u00f3n \u2013 Colombia. Garantizamos el acceso efectivo a la justicia, la verdad y la reparaci\u00f3n de las v\u00edctimas de los delitos.\",\"breadcrumb\":{\"@id\":\"https:\/\/www.fiscalia.gov.co\/colombia\/trafico-de-estupefacientes\/la-fiscalia-logro-legalizacion-de-la-incautacion-de-mas-de-280-kilos-de-marihuana-hallados-dentro-de-en-un-vehiculo-abandonado\/#breadcrumb\"},\"inLanguage\":\"es-CO\",\"potentialAction\":[{\"@type\":\"ReadAction\",\"target\":[\"https:\/\/www.fiscalia.gov.co\/colombia\/trafico-de-estupefacientes\/la-fiscalia-logro-legalizacion-de-la-incautacion-de-mas-de-280-kilos-de-marihuana-hallados-dentro-de-en-un-vehiculo-abandonado\/\"]}]},{\"@type\":\"BreadcrumbList\",\"@id\":\"https:\/\/www.fiscalia.gov.co\/colombia\/trafico-de-estupefacientes\/la-fiscalia-logro-legalizacion-de-la-incautacion-de-mas-de-280-kilos-de-marihuana-hallados-dentro-de-en-un-vehiculo-abandonado\/#breadcrumb\",\"itemListElement\":[{\"@type\":\"ListItem\",\"position\":1,\"name\":\"Home\",\"item\":\"https:\/\/www.fiscalia.gov.co\/colombia\/\"},{\"@type\":\"ListItem\",\"position\":2,\"name\":\"La Fiscal\u00eda logr\u00f3 legalizaci\u00f3n de la incautaci\u00f3n de m\u00e1s de 280 kilos de marihuana hallados dentro de en un veh\u00edculo abandonado\"}]},{\"@type\":\"WebSite\",\"@id\":\"https:\/\/www.fiscalia.gov.co\/colombia\/#website\",\"url\":\"https:\/\/www.fiscalia.gov.co\/colombia\/\",\"name\":\"Fiscal\u00eda General de la Naci\u00f3n\",\"description\":\"P\u00e1gina oficial de la Fiscal\u00eda General de la Naci\u00f3n \u2013 Colombia. Garantizamos el acceso efectivo a la justicia, la verdad y la reparaci\u00f3n de las v\u00edctimas de los delitos.\",\"publisher\":{\"@id\":\"https:\/\/www.fiscalia.gov.co\/colombia\/#organization\"},\"potentialAction\":[{\"@type\":\"SearchAction\",\"target\":{\"@type\":\"EntryPoint\",\"urlTemplate\":\"https:\/\/www.fiscalia.gov.co\/colombia\/?s={search_term_string}\"},\"query-input\":{\"@type\":\"PropertyValueSpecification\",\"valueRequired\":true,\"valueName\":\"search_term_string\"}}],\"inLanguage\":\"es-CO\"},{\"@type\":\"Organization\",\"@id\":\"https:\/\/www.fiscalia.gov.co\/colombia\/#organization\",\"name\":\"Fiscal\u00eda General de la Naci\u00f3n\",\"url\":\"https:\/\/www.fiscalia.gov.co\/colombia\/\",\"logo\":{\"@type\":\"ImageObject\",\"inLanguage\":\"es-CO\",\"@id\":\"https:\/\/www.fiscalia.gov.co\/colombia\/#\/schema\/logo\/image\/\",\"url\":\"https:\/\/www.fiscalia.gov.co\/colombia\/wp-content\/uploads\/LogoHorizontal_1.jpg\",\"contentUrl\":\"https:\/\/www.fiscalia.gov.co\/colombia\/wp-content\/uploads\/LogoHorizontal_1.jpg\",\"width\":300,\"height\":90,\"caption\":\"Fiscal\u00eda General de la Naci\u00f3n\"},\"image\":{\"@id\":\"https:\/\/www.fiscalia.gov.co\/colombia\/#\/schema\/logo\/image\/\"},\"sameAs\":[\"https:\/\/www.facebook.com\/FiscaliaCol\",\"https:\/\/x.com\/FiscaliaCol\",\"https:\/\/www.instagram.com\/fiscaliacol\",\"https:\/\/www.linkedin.com\/company\/fiscalia-general-de-la-naci-n\/\",\"https:\/\/youtube.com\/@fiscaliageneraldelanacion-4668?si=6nN79nyQICPU5iTh\"]},{\"@type\":\"Person\",\"@id\":\"https:\/\/www.fiscalia.gov.co\/colombia\/#\/schema\/person\/06aa2210fe4d79203f428ff671dee360\",\"name\":\"Ana Mar\u00eda Gomez\",\"image\":{\"@type\":\"ImageObject\",\"inLanguage\":\"es-CO\",\"@id\":\"https:\/\/www.fiscalia.gov.co\/colombia\/#\/schema\/person\/image\/\",\"url\":\"https:\/\/secure.gravatar.com\/avatar\/a38115d98a7f8a96cbb96af2b2c37a0b?s=96&d=mm&r=g\",\"contentUrl\":\"https:\/\/secure.gravatar.com\/avatar\/a38115d98a7f8a96cbb96af2b2c37a0b?s=96&d=mm&r=g\",\"caption\":\"Ana Mar\u00eda Gomez\"},\"url\":\"https:\/\/www.fiscalia.gov.co\/colombia\/author\/agomez\/\"}]}<\/script>\n<!-- \/ Yoast SEO plugin. -->","yoast_head_json":{"title":"Fiscal\u00eda General de la Naci\u00f3n","description":"P\u00e1gina oficial de la Fiscal\u00eda General de la Naci\u00f3n \u2013 Colombia. Garantizamos el acceso efectivo a la justicia, la verdad y la reparaci\u00f3n de las v\u00edctimas de los delitos.","robots":{"index":"noindex","follow":"follow"},"og_locale":"es_ES","og_type":"article","og_title":"Fiscal\u00eda General de la Naci\u00f3n","og_description":"P\u00e1gina oficial de la Fiscal\u00eda General de la Naci\u00f3n \u2013 Colombia. Garantizamos el acceso efectivo a la justicia, la verdad y la reparaci\u00f3n de las v\u00edctimas de los delitos.","og_url":"https:\/\/www.fiscalia.gov.co\/colombia\/trafico-de-estupefacientes\/la-fiscalia-logro-legalizacion-de-la-incautacion-de-mas-de-280-kilos-de-marihuana-hallados-dentro-de-en-un-vehiculo-abandonado\/","og_site_name":"Fiscal\u00eda General de la Naci\u00f3n","article_publisher":"https:\/\/www.facebook.com\/FiscaliaCol","article_published_time":"2021-06-03T21:52:42+00:00","article_modified_time":"2021-06-03T22:04:13+00:00","author":"Ana Mar\u00eda Gomez","twitter_card":"summary_large_image","twitter_creator":"@FiscaliaCol","twitter_site":"@FiscaliaCol","twitter_misc":{"Escrito por":"Ana Mar\u00eda Gomez","Tiempo de lectura":"1 minuto"},"schema":{"@context":"https:\/\/schema.org","@graph":[{"@type":"Article","@id":"https:\/\/www.fiscalia.gov.co\/colombia\/trafico-de-estupefacientes\/la-fiscalia-logro-legalizacion-de-la-incautacion-de-mas-de-280-kilos-de-marihuana-hallados-dentro-de-en-un-vehiculo-abandonado\/#article","isPartOf":{"@id":"https:\/\/www.fiscalia.gov.co\/colombia\/trafico-de-estupefacientes\/la-fiscalia-logro-legalizacion-de-la-incautacion-de-mas-de-280-kilos-de-marihuana-hallados-dentro-de-en-un-vehiculo-abandonado\/"},"author":{"name":"Ana Mar\u00eda Gomez","@id":"https:\/\/www.fiscalia.gov.co\/colombia\/#\/schema\/person\/06aa2210fe4d79203f428ff671dee360"},"headline":"La Fiscal\u00eda logr\u00f3 legalizaci\u00f3n de la incautaci\u00f3n de m\u00e1s de 280 kilos de marihuana hallados dentro de en un veh\u00edculo abandonado","datePublished":"2021-06-03T21:52:42+00:00","dateModified":"2021-06-03T22:04:13+00:00","mainEntityOfPage":{"@id":"https:\/\/www.fiscalia.gov.co\/colombia\/trafico-de-estupefacientes\/la-fiscalia-logro-legalizacion-de-la-incautacion-de-mas-de-280-kilos-de-marihuana-hallados-dentro-de-en-un-vehiculo-abandonado\/"},"wordCount":177,"publisher":{"@id":"https:\/\/www.fiscalia.gov.co\/colombia\/#organization"},"keywords":["acceso carnal violento agravado","Capturado","centro carcelario","Fiscal General de la Naci\u00f3n","Fiscal\u00eda Colombia","intramuros","Medida de aseguramiento","orden judicial","privado de la libertad"],"articleSection":["Seccional Cali","Seccionales","Tr\u00e1fico de estupefacientes"],"inLanguage":"es-CO"},{"@type":"WebPage","@id":"https:\/\/www.fiscalia.gov.co\/colombia\/trafico-de-estupefacientes\/la-fiscalia-logro-legalizacion-de-la-incautacion-de-mas-de-280-kilos-de-marihuana-hallados-dentro-de-en-un-vehiculo-abandonado\/","url":"https:\/\/www.fiscalia.gov.co\/colombia\/trafico-de-estupefacientes\/la-fiscalia-logro-legalizacion-de-la-incautacion-de-mas-de-280-kilos-de-marihuana-hallados-dentro-de-en-un-vehiculo-abandonado\/","name":"Fiscal\u00eda General de la Naci\u00f3n","isPartOf":{"@id":"https:\/\/www.fiscalia.gov.co\/colombia\/#website"},"datePublished":"2021-06-03T21:52:42+00:00","dateModified":"2021-06-03T22:04:13+00:00","description":"P\u00e1gina oficial de la Fiscal\u00eda General de la Naci\u00f3n \u2013 Colombia. Garantizamos el acceso efectivo a la justicia, la verdad y la reparaci\u00f3n de las v\u00edctimas de los delitos.","breadcrumb":{"@id":"https:\/\/www.fiscalia.gov.co\/colombia\/trafico-de-estupefacientes\/la-fiscalia-logro-legalizacion-de-la-incautacion-de-mas-de-280-kilos-de-marihuana-hallados-dentro-de-en-un-vehiculo-abandonado\/#breadcrumb"},"inLanguage":"es-CO","potentialAction":[{"@type":"ReadAction","target":["https:\/\/www.fiscalia.gov.co\/colombia\/trafico-de-estupefacientes\/la-fiscalia-logro-legalizacion-de-la-incautacion-de-mas-de-280-kilos-de-marihuana-hallados-dentro-de-en-un-vehiculo-abandonado\/"]}]},{"@type":"BreadcrumbList","@id":"https:\/\/www.fiscalia.gov.co\/colombia\/trafico-de-estupefacientes\/la-fiscalia-logro-legalizacion-de-la-incautacion-de-mas-de-280-kilos-de-marihuana-hallados-dentro-de-en-un-vehiculo-abandonado\/#breadcrumb","itemListElement":[{"@type":"ListItem","position":1,"name":"Home","item":"https:\/\/www.fiscalia.gov.co\/colombia\/"},{"@type":"ListItem","position":2,"name":"La Fiscal\u00eda logr\u00f3 legalizaci\u00f3n de la incautaci\u00f3n de m\u00e1s de 280 kilos de marihuana hallados dentro de en un veh\u00edculo abandonado"}]},{"@type":"WebSite","@id":"https:\/\/www.fiscalia.gov.co\/colombia\/#website","url":"https:\/\/www.fiscalia.gov.co\/colombia\/","name":"Fiscal\u00eda General de la Naci\u00f3n","description":"P\u00e1gina oficial de la Fiscal\u00eda General de la Naci\u00f3n \u2013 Colombia. Garantizamos el acceso efectivo a la justicia, la verdad y la reparaci\u00f3n de las v\u00edctimas de los delitos.","publisher":{"@id":"https:\/\/www.fiscalia.gov.co\/colombia\/#organization"},"potentialAction":[{"@type":"SearchAction","target":{"@type":"EntryPoint","urlTemplate":"https:\/\/www.fiscalia.gov.co\/colombia\/?s={search_term_string}"},"query-input":{"@type":"PropertyValueSpecification","valueRequired":true,"valueName":"search_term_string"}}],"inLanguage":"es-CO"},{"@type":"Organization","@id":"https:\/\/www.fiscalia.gov.co\/colombia\/#organization","name":"Fiscal\u00eda General de la Naci\u00f3n","url":"https:\/\/www.fiscalia.gov.co\/colombia\/","logo":{"@type":"ImageObject","inLanguage":"es-CO","@id":"https:\/\/www.fiscalia.gov.co\/colombia\/#\/schema\/logo\/image\/","url":"https:\/\/www.fiscalia.gov.co\/colombia\/wp-content\/uploads\/LogoHorizontal_1.jpg","contentUrl":"https:\/\/www.fiscalia.gov.co\/colombia\/wp-content\/uploads\/LogoHorizontal_1.jpg","width":300,"height":90,"caption":"Fiscal\u00eda General de la Naci\u00f3n"},"image":{"@id":"https:\/\/www.fiscalia.gov.co\/colombia\/#\/schema\/logo\/image\/"},"sameAs":["https:\/\/www.facebook.com\/FiscaliaCol","https:\/\/x.com\/FiscaliaCol","https:\/\/www.instagram.com\/fiscaliacol","https:\/\/www.linkedin.com\/company\/fiscalia-general-de-la-naci-n\/","https:\/\/youtube.com\/@fiscaliageneraldelanacion-4668?si=6nN79nyQICPU5iTh"]},{"@type":"Person","@id":"https:\/\/www.fiscalia.gov.co\/colombia\/#\/schema\/person\/06aa2210fe4d79203f428ff671dee360","name":"Ana Mar\u00eda Gomez","image":{"@type":"ImageObject","inLanguage":"es-CO","@id":"https:\/\/www.fiscalia.gov.co\/colombia\/#\/schema\/person\/image\/","url":"https:\/\/secure.gravatar.com\/avatar\/a38115d98a7f8a96cbb96af2b2c37a0b?s=96&d=mm&r=g","contentUrl":"https:\/\/secure.gravatar.com\/avatar\/a38115d98a7f8a96cbb96af2b2c37a0b?s=96&d=mm&r=g","caption":"Ana Mar\u00eda Gomez"},"url":"https:\/\/www.fiscalia.gov.co\/colombia\/author\/agomez\/"}]}},"_links":{"self":[{"href":"https:\/\/www.fiscalia.gov.co\/colombia\/wp-json\/wp\/v2\/posts\/221401","targetHints":{"allow":["GET"]}}],"collection":[{"href":"https:\/\/www.fiscalia.gov.co\/colombia\/wp-json\/wp\/v2\/posts"}],"about":[{"href":"https:\/\/www.fiscalia.gov.co\/colombia\/wp-json\/wp\/v2\/types\/post"}],"author":[{"embeddable":true,"href":"https:\/\/www.fiscalia.gov.co\/colombia\/wp-json\/wp\/v2\/users\/171"}],"replies":[{"embeddable":true,"href":"https:\/\/www.fiscalia.gov.co\/colombia\/wp-json\/wp\/v2\/comments?post=221401"}],"version-history":[{"count":3,"href":"https:\/\/www.fiscalia.gov.co\/colombia\/wp-json\/wp\/v2\/posts\/221401\/revisions"}],"predecessor-version":[{"id":221406,"href":"https:\/\/www.fiscalia.gov.co\/colombia\/wp-json\/wp\/v2\/posts\/221401\/revisions\/221406"}],"wp:attachment":[{"href":"https:\/\/www.fiscalia.gov.co\/colombia\/wp-json\/wp\/v2\/media?parent=221401"}],"wp:term":[{"taxonomy":"category","embeddable":true,"href":"https:\/\/www.fiscalia.gov.co\/colombia\/wp-json\/wp\/v2\/categories?post=221401"},{"taxonomy":"post_tag","embeddable":true,"href":"https:\/\/www.fiscalia.gov.co\/colombia\/wp-json\/wp\/v2\/tags?post=221401"}],"curies":[{"name":"wp","href":"https:\/\/api.w.org\/{rel}","templated":true}]}}