{"id":221283,"date":"2021-06-02T12:56:57","date_gmt":"2021-06-02T17:56:57","guid":{"rendered":"https:\/\/www.fiscalia.gov.co\/colombia\/?p=221283"},"modified":"2021-06-02T12:57:58","modified_gmt":"2021-06-02T17:57:58","slug":"por-extorsion-a-comerciantes-de-plaza-de-mercado-envian-a-la-carcel-a-presunto-implicado","status":"publish","type":"post","link":"https:\/\/www.fiscalia.gov.co\/colombia\/seguridad-territorial\/por-extorsion-a-comerciantes-de-plaza-de-mercado-envian-a-la-carcel-a-presunto-implicado\/","title":{"rendered":"Por extorsi\u00f3n a comerciantes de plaza de mercado env\u00edan a la c\u00e1rcel a presunto implicado"},"content":{"rendered":"<blockquote>\n<h4 style=\"text-align: left;\"><strong><em>El presunto implicado formar\u00eda parte del grupo delincuencial denominado La Oficina.<\/em><\/strong><\/h4>\n<\/blockquote>\n<p>Un hombre identificado como Iv\u00e1n Andr\u00e9s Marroqu\u00edn Ram\u00edrez fue privado de la libertad en centro carcelario, como presunto responsable de extorsionar a varios comerciantes de la plaza de mercado del municipio de Tulu\u00e1 (Valle del Cauca).<\/p>\n<p>As\u00ed fue la decisi\u00f3n de un juez de control de garant\u00edas, luego de acoger la solicitud de la\u00a0<strong>Fiscal\u00eda General de la Naci\u00f3n.<\/strong><\/p>\n<figure id=\"attachment_221285\" aria-describedby=\"caption-attachment-221285\" style=\"width: 828px\" class=\"wp-caption aligncenter\"><img loading=\"lazy\" decoding=\"async\" class=\"size-full wp-image-221285\" src=\"https:\/\/www.fiscalia.gov.co\/colombia\/wp-content\/uploads\/Iv\u00e1n-Andr\u00e9s-Marroqu\u00edn-Ram\u00edrez-privado-de-la-libertad-como-presunto-responsable-de-extorsionar-a-varios-comerciantes-de-la-plaza-de-mercado-en-Tulu\u00e1-Valle.jpg\" alt=\"\" width=\"828\" height=\"698\" srcset=\"https:\/\/www.fiscalia.gov.co\/colombia\/wp-content\/uploads\/Iv\u00e1n-Andr\u00e9s-Marroqu\u00edn-Ram\u00edrez-privado-de-la-libertad-como-presunto-responsable-de-extorsionar-a-varios-comerciantes-de-la-plaza-de-mercado-en-Tulu\u00e1-Valle.jpg 828w, https:\/\/www.fiscalia.gov.co\/colombia\/wp-content\/uploads\/Iv\u00e1n-Andr\u00e9s-Marroqu\u00edn-Ram\u00edrez-privado-de-la-libertad-como-presunto-responsable-de-extorsionar-a-varios-comerciantes-de-la-plaza-de-mercado-en-Tulu\u00e1-Valle-300x253.jpg 300w, https:\/\/www.fiscalia.gov.co\/colombia\/wp-content\/uploads\/Iv\u00e1n-Andr\u00e9s-Marroqu\u00edn-Ram\u00edrez-privado-de-la-libertad-como-presunto-responsable-de-extorsionar-a-varios-comerciantes-de-la-plaza-de-mercado-en-Tulu\u00e1-Valle-768x647.jpg 768w, https:\/\/www.fiscalia.gov.co\/colombia\/wp-content\/uploads\/Iv\u00e1n-Andr\u00e9s-Marroqu\u00edn-Ram\u00edrez-privado-de-la-libertad-como-presunto-responsable-de-extorsionar-a-varios-comerciantes-de-la-plaza-de-mercado-en-Tulu\u00e1-Valle-696x587.jpg 696w, https:\/\/www.fiscalia.gov.co\/colombia\/wp-content\/uploads\/Iv\u00e1n-Andr\u00e9s-Marroqu\u00edn-Ram\u00edrez-privado-de-la-libertad-como-presunto-responsable-de-extorsionar-a-varios-comerciantes-de-la-plaza-de-mercado-en-Tulu\u00e1-Valle-498x420.jpg 498w\" sizes=\"auto, (max-width: 828px) 100vw, 828px\" \/><figcaption id=\"caption-attachment-221285\" class=\"wp-caption-text\">Iv\u00e1n Andr\u00e9s Marroqu\u00edn Ram\u00edrez fue privado de la libertad en centro carcelario<\/figcaption><\/figure>\n<p>Seg\u00fan las denuncias instauradas por las v\u00edctimas, el hoy procesado al parecer les habr\u00eda exigido dinero, a cambio de dejarlos trabajar y no atentar contra sus vidas.<\/p>\n<p>Asimismo, se evidenci\u00f3 que\u00a0Marroqu\u00edn Ram\u00edrez supuestamente\u00a0abordaba a las v\u00edctimas previamente seleccionadas, adem\u00e1s de entregar volantes con datos de contacto y n\u00famero de cuenta para las respectivas consignaciones del dinero, producto del il\u00edcito.<\/p>\n<p>Gracias a las investigaciones, la Fiscal\u00eda identific\u00f3 al imputado, quien presuntamente formar\u00eda parte del grupo delictivo La Oficina, por lo que se solicit\u00f3 orden de captura en su contra, materializada por personal del\u00a0<strong>Gaula de la Polic\u00eda Nacional.\u00a0<\/strong><\/p>\n<p>Durante las audiencias concentradas, el ente acusador le formul\u00f3 imputaci\u00f3n de cargos por los delitos de concierto para delinquir agravado y\u00a0<a href=\"https:\/\/www.fiscalia.gov.co\/colombia\/seccionales\/asegurado-un-par-de-hermanos-por-extorsion-agravada-en-grado-de-tentativa\/\">extorsi\u00f3n agravada en grado de tentativa<\/a>, los cuales no acept\u00f3.<\/p>\n<p>MAP\/SMLR\/MG<\/p>\n<p><em>La informaci\u00f3n contenida en este bolet\u00edn de prensa corresponde a la narraci\u00f3n de los hechos noticiosos objetivos, suministrados por los funcionarios encargados de adelantar las investigaciones penales al interior de la Fiscal\u00eda General de la Naci\u00f3n. Para el momento de la divulgaci\u00f3n de este comunicado, la situaci\u00f3n jur\u00eddica de la(s) persona(s) relacionada(s) se encuentra pendiente de resolver por la autoridad judicial competente, siempre bajo los preceptos de la presunci\u00f3n de inocencia, consagrados en el art\u00edculo 29 de la Constituci\u00f3n Pol\u00edtica y el art\u00edculo 7\u00ba de la Ley 906 de 2004.<\/em><\/p>\n<p>&nbsp;<\/p>\n\n<div class=\"twitter-share\"><a href=\"https:\/\/twitter.com\/intent\/tweet?via=fiscaliacol\" class=\"twitter-share-button\">Tweet<\/a><\/div>\n","protected":false},"excerpt":{"rendered":"<p>El presunto implicado formar\u00eda parte del grupo delincuencial denominado La Oficina. Un hombre identificado como Iv\u00e1n Andr\u00e9s Marroqu\u00edn Ram\u00edrez fue privado de la libertad en centro carcelario, como presunto responsable de extorsionar a varios comerciantes de la plaza de mercado del municipio de Tulu\u00e1 (Valle del Cauca). As\u00ed fue la decisi\u00f3n de un juez de [&hellip;]<\/p>\n","protected":false},"author":171,"featured_media":0,"comment_status":"closed","ping_status":"open","sticky":false,"template":"","format":"standard","meta":{"_price":"","_stock":"","_tribe_ticket_header":"","_tribe_default_ticket_provider":"","_tribe_ticket_capacity":"0","_ticket_start_date":"","_ticket_end_date":"","_tribe_ticket_show_description":"","_tribe_ticket_show_not_going":false,"_tribe_ticket_use_global_stock":"","_tribe_ticket_global_stock_level":"","_global_stock_mode":"","_global_stock_cap":"","_tribe_rsvp_for_event":"","_tribe_ticket_going_count":"","_tribe_ticket_not_going_count":"","_tribe_tickets_list":"[]","_tribe_ticket_has_attendee_info_fields":false,"tdm_status":"","tdm_grid_status":"","footnotes":""},"categories":[324,303,24099],"tags":[12424,24551,27215,78,24187,1185,24549,24290],"class_list":{"0":"post-221283","1":"post","2":"type-post","3":"status-publish","4":"format-standard","6":"category-seccional-cali","7":"category-seccionales","8":"category-seguridad-territorial","9":"tag-capturado","10":"tag-centro-carcelario","11":"tag-concierto-para-delinquir-agravado-y-extorsion-agravada-en-grado-de-tentativa","12":"tag-fiscal-general-de-la-nacion","13":"tag-fiscalia-colombia","14":"tag-medida-de-aseguramiento","15":"tag-orden-judicial","16":"tag-privo-de-la-libertad"},"yoast_head":"<!-- This site is optimized with the Yoast SEO plugin v24.3 - https:\/\/yoast.com\/wordpress\/plugins\/seo\/ -->\n<title>Fiscal\u00eda General de la Naci\u00f3n<\/title>\n<meta name=\"description\" content=\"P\u00e1gina oficial de la Fiscal\u00eda General de la Naci\u00f3n \u2013 Colombia. Garantizamos el acceso efectivo a la justicia, la verdad y la reparaci\u00f3n de las v\u00edctimas de los delitos.\" \/>\n<meta name=\"robots\" content=\"noindex, follow\" \/>\n<meta property=\"og:locale\" content=\"es_ES\" \/>\n<meta property=\"og:type\" content=\"article\" \/>\n<meta property=\"og:title\" content=\"Fiscal\u00eda General de la Naci\u00f3n\" \/>\n<meta property=\"og:description\" content=\"P\u00e1gina oficial de la Fiscal\u00eda General de la Naci\u00f3n \u2013 Colombia. Garantizamos el acceso efectivo a la justicia, la verdad y la reparaci\u00f3n de las v\u00edctimas de los delitos.\" \/>\n<meta property=\"og:url\" content=\"https:\/\/www.fiscalia.gov.co\/colombia\/seguridad-territorial\/por-extorsion-a-comerciantes-de-plaza-de-mercado-envian-a-la-carcel-a-presunto-implicado\/\" \/>\n<meta property=\"og:site_name\" content=\"Fiscal\u00eda General de la Naci\u00f3n\" \/>\n<meta property=\"article:publisher\" content=\"https:\/\/www.facebook.com\/FiscaliaCol\" \/>\n<meta property=\"article:published_time\" content=\"2021-06-02T17:56:57+00:00\" \/>\n<meta property=\"article:modified_time\" content=\"2021-06-02T17:57:58+00:00\" \/>\n<meta name=\"author\" content=\"Ana Mar\u00eda Gomez\" \/>\n<meta name=\"twitter:card\" content=\"summary_large_image\" \/>\n<meta name=\"twitter:creator\" content=\"@FiscaliaCol\" \/>\n<meta name=\"twitter:site\" content=\"@FiscaliaCol\" \/>\n<meta name=\"twitter:label1\" content=\"Escrito por\" \/>\n\t<meta name=\"twitter:data1\" content=\"Ana Mar\u00eda Gomez\" \/>\n\t<meta name=\"twitter:label2\" content=\"Tiempo de lectura\" \/>\n\t<meta name=\"twitter:data2\" content=\"2 minutos\" \/>\n<script type=\"application\/ld+json\" class=\"yoast-schema-graph\">{\"@context\":\"https:\/\/schema.org\",\"@graph\":[{\"@type\":\"Article\",\"@id\":\"https:\/\/www.fiscalia.gov.co\/colombia\/seguridad-territorial\/por-extorsion-a-comerciantes-de-plaza-de-mercado-envian-a-la-carcel-a-presunto-implicado\/#article\",\"isPartOf\":{\"@id\":\"https:\/\/www.fiscalia.gov.co\/colombia\/seguridad-territorial\/por-extorsion-a-comerciantes-de-plaza-de-mercado-envian-a-la-carcel-a-presunto-implicado\/\"},\"author\":{\"name\":\"Ana Mar\u00eda Gomez\",\"@id\":\"https:\/\/www.fiscalia.gov.co\/colombia\/#\/schema\/person\/06aa2210fe4d79203f428ff671dee360\"},\"headline\":\"Por extorsi\u00f3n a comerciantes de plaza de mercado env\u00edan a la c\u00e1rcel a presunto implicado\",\"datePublished\":\"2021-06-02T17:56:57+00:00\",\"dateModified\":\"2021-06-02T17:57:58+00:00\",\"mainEntityOfPage\":{\"@id\":\"https:\/\/www.fiscalia.gov.co\/colombia\/seguridad-territorial\/por-extorsion-a-comerciantes-de-plaza-de-mercado-envian-a-la-carcel-a-presunto-implicado\/\"},\"wordCount\":370,\"publisher\":{\"@id\":\"https:\/\/www.fiscalia.gov.co\/colombia\/#organization\"},\"keywords\":[\"Capturado\",\"centro carcelario\",\"concierto para delinquir agravado y extorsi\u00f3n agravada en grado de tentativa\",\"Fiscal General de la Naci\u00f3n\",\"Fiscal\u00eda Colombia\",\"Medida de aseguramiento\",\"orden judicial\",\"priv\u00f3 de la libertad\"],\"articleSection\":[\"Seccional Cali\",\"Seccionales\",\"Seguridad territorial\"],\"inLanguage\":\"es-CO\"},{\"@type\":\"WebPage\",\"@id\":\"https:\/\/www.fiscalia.gov.co\/colombia\/seguridad-territorial\/por-extorsion-a-comerciantes-de-plaza-de-mercado-envian-a-la-carcel-a-presunto-implicado\/\",\"url\":\"https:\/\/www.fiscalia.gov.co\/colombia\/seguridad-territorial\/por-extorsion-a-comerciantes-de-plaza-de-mercado-envian-a-la-carcel-a-presunto-implicado\/\",\"name\":\"Fiscal\u00eda General de la Naci\u00f3n\",\"isPartOf\":{\"@id\":\"https:\/\/www.fiscalia.gov.co\/colombia\/#website\"},\"datePublished\":\"2021-06-02T17:56:57+00:00\",\"dateModified\":\"2021-06-02T17:57:58+00:00\",\"description\":\"P\u00e1gina oficial de la Fiscal\u00eda General de la Naci\u00f3n \u2013 Colombia. Garantizamos el acceso efectivo a la justicia, la verdad y la reparaci\u00f3n de las v\u00edctimas de los delitos.\",\"breadcrumb\":{\"@id\":\"https:\/\/www.fiscalia.gov.co\/colombia\/seguridad-territorial\/por-extorsion-a-comerciantes-de-plaza-de-mercado-envian-a-la-carcel-a-presunto-implicado\/#breadcrumb\"},\"inLanguage\":\"es-CO\",\"potentialAction\":[{\"@type\":\"ReadAction\",\"target\":[\"https:\/\/www.fiscalia.gov.co\/colombia\/seguridad-territorial\/por-extorsion-a-comerciantes-de-plaza-de-mercado-envian-a-la-carcel-a-presunto-implicado\/\"]}]},{\"@type\":\"BreadcrumbList\",\"@id\":\"https:\/\/www.fiscalia.gov.co\/colombia\/seguridad-territorial\/por-extorsion-a-comerciantes-de-plaza-de-mercado-envian-a-la-carcel-a-presunto-implicado\/#breadcrumb\",\"itemListElement\":[{\"@type\":\"ListItem\",\"position\":1,\"name\":\"Home\",\"item\":\"https:\/\/www.fiscalia.gov.co\/colombia\/\"},{\"@type\":\"ListItem\",\"position\":2,\"name\":\"Por extorsi\u00f3n a comerciantes de plaza de mercado env\u00edan a la c\u00e1rcel a presunto implicado\"}]},{\"@type\":\"WebSite\",\"@id\":\"https:\/\/www.fiscalia.gov.co\/colombia\/#website\",\"url\":\"https:\/\/www.fiscalia.gov.co\/colombia\/\",\"name\":\"Fiscal\u00eda General de la Naci\u00f3n\",\"description\":\"P\u00e1gina oficial de la Fiscal\u00eda General de la Naci\u00f3n \u2013 Colombia. Garantizamos el acceso efectivo a la justicia, la verdad y la reparaci\u00f3n de las v\u00edctimas de los delitos.\",\"publisher\":{\"@id\":\"https:\/\/www.fiscalia.gov.co\/colombia\/#organization\"},\"potentialAction\":[{\"@type\":\"SearchAction\",\"target\":{\"@type\":\"EntryPoint\",\"urlTemplate\":\"https:\/\/www.fiscalia.gov.co\/colombia\/?s={search_term_string}\"},\"query-input\":{\"@type\":\"PropertyValueSpecification\",\"valueRequired\":true,\"valueName\":\"search_term_string\"}}],\"inLanguage\":\"es-CO\"},{\"@type\":\"Organization\",\"@id\":\"https:\/\/www.fiscalia.gov.co\/colombia\/#organization\",\"name\":\"Fiscal\u00eda General de la Naci\u00f3n\",\"url\":\"https:\/\/www.fiscalia.gov.co\/colombia\/\",\"logo\":{\"@type\":\"ImageObject\",\"inLanguage\":\"es-CO\",\"@id\":\"https:\/\/www.fiscalia.gov.co\/colombia\/#\/schema\/logo\/image\/\",\"url\":\"https:\/\/www.fiscalia.gov.co\/colombia\/wp-content\/uploads\/LogoHorizontal_1.jpg\",\"contentUrl\":\"https:\/\/www.fiscalia.gov.co\/colombia\/wp-content\/uploads\/LogoHorizontal_1.jpg\",\"width\":300,\"height\":90,\"caption\":\"Fiscal\u00eda General de la Naci\u00f3n\"},\"image\":{\"@id\":\"https:\/\/www.fiscalia.gov.co\/colombia\/#\/schema\/logo\/image\/\"},\"sameAs\":[\"https:\/\/www.facebook.com\/FiscaliaCol\",\"https:\/\/x.com\/FiscaliaCol\",\"https:\/\/www.instagram.com\/fiscaliacol\",\"https:\/\/www.linkedin.com\/company\/fiscalia-general-de-la-naci-n\/\",\"https:\/\/youtube.com\/@fiscaliageneraldelanacion-4668?si=6nN79nyQICPU5iTh\"]},{\"@type\":\"Person\",\"@id\":\"https:\/\/www.fiscalia.gov.co\/colombia\/#\/schema\/person\/06aa2210fe4d79203f428ff671dee360\",\"name\":\"Ana Mar\u00eda Gomez\",\"image\":{\"@type\":\"ImageObject\",\"inLanguage\":\"es-CO\",\"@id\":\"https:\/\/www.fiscalia.gov.co\/colombia\/#\/schema\/person\/image\/\",\"url\":\"https:\/\/secure.gravatar.com\/avatar\/a38115d98a7f8a96cbb96af2b2c37a0b?s=96&d=mm&r=g\",\"contentUrl\":\"https:\/\/secure.gravatar.com\/avatar\/a38115d98a7f8a96cbb96af2b2c37a0b?s=96&d=mm&r=g\",\"caption\":\"Ana Mar\u00eda Gomez\"},\"url\":\"https:\/\/www.fiscalia.gov.co\/colombia\/author\/agomez\/\"}]}<\/script>\n<!-- \/ Yoast SEO plugin. -->","yoast_head_json":{"title":"Fiscal\u00eda General de la Naci\u00f3n","description":"P\u00e1gina oficial de la Fiscal\u00eda General de la Naci\u00f3n \u2013 Colombia. Garantizamos el acceso efectivo a la justicia, la verdad y la reparaci\u00f3n de las v\u00edctimas de los delitos.","robots":{"index":"noindex","follow":"follow"},"og_locale":"es_ES","og_type":"article","og_title":"Fiscal\u00eda General de la Naci\u00f3n","og_description":"P\u00e1gina oficial de la Fiscal\u00eda General de la Naci\u00f3n \u2013 Colombia. Garantizamos el acceso efectivo a la justicia, la verdad y la reparaci\u00f3n de las v\u00edctimas de los delitos.","og_url":"https:\/\/www.fiscalia.gov.co\/colombia\/seguridad-territorial\/por-extorsion-a-comerciantes-de-plaza-de-mercado-envian-a-la-carcel-a-presunto-implicado\/","og_site_name":"Fiscal\u00eda General de la Naci\u00f3n","article_publisher":"https:\/\/www.facebook.com\/FiscaliaCol","article_published_time":"2021-06-02T17:56:57+00:00","article_modified_time":"2021-06-02T17:57:58+00:00","author":"Ana Mar\u00eda Gomez","twitter_card":"summary_large_image","twitter_creator":"@FiscaliaCol","twitter_site":"@FiscaliaCol","twitter_misc":{"Escrito por":"Ana Mar\u00eda Gomez","Tiempo de lectura":"2 minutos"},"schema":{"@context":"https:\/\/schema.org","@graph":[{"@type":"Article","@id":"https:\/\/www.fiscalia.gov.co\/colombia\/seguridad-territorial\/por-extorsion-a-comerciantes-de-plaza-de-mercado-envian-a-la-carcel-a-presunto-implicado\/#article","isPartOf":{"@id":"https:\/\/www.fiscalia.gov.co\/colombia\/seguridad-territorial\/por-extorsion-a-comerciantes-de-plaza-de-mercado-envian-a-la-carcel-a-presunto-implicado\/"},"author":{"name":"Ana Mar\u00eda Gomez","@id":"https:\/\/www.fiscalia.gov.co\/colombia\/#\/schema\/person\/06aa2210fe4d79203f428ff671dee360"},"headline":"Por extorsi\u00f3n a comerciantes de plaza de mercado env\u00edan a la c\u00e1rcel a presunto implicado","datePublished":"2021-06-02T17:56:57+00:00","dateModified":"2021-06-02T17:57:58+00:00","mainEntityOfPage":{"@id":"https:\/\/www.fiscalia.gov.co\/colombia\/seguridad-territorial\/por-extorsion-a-comerciantes-de-plaza-de-mercado-envian-a-la-carcel-a-presunto-implicado\/"},"wordCount":370,"publisher":{"@id":"https:\/\/www.fiscalia.gov.co\/colombia\/#organization"},"keywords":["Capturado","centro carcelario","concierto para delinquir agravado y extorsi\u00f3n agravada en grado de tentativa","Fiscal General de la Naci\u00f3n","Fiscal\u00eda Colombia","Medida de aseguramiento","orden judicial","priv\u00f3 de la libertad"],"articleSection":["Seccional Cali","Seccionales","Seguridad territorial"],"inLanguage":"es-CO"},{"@type":"WebPage","@id":"https:\/\/www.fiscalia.gov.co\/colombia\/seguridad-territorial\/por-extorsion-a-comerciantes-de-plaza-de-mercado-envian-a-la-carcel-a-presunto-implicado\/","url":"https:\/\/www.fiscalia.gov.co\/colombia\/seguridad-territorial\/por-extorsion-a-comerciantes-de-plaza-de-mercado-envian-a-la-carcel-a-presunto-implicado\/","name":"Fiscal\u00eda General de la Naci\u00f3n","isPartOf":{"@id":"https:\/\/www.fiscalia.gov.co\/colombia\/#website"},"datePublished":"2021-06-02T17:56:57+00:00","dateModified":"2021-06-02T17:57:58+00:00","description":"P\u00e1gina oficial de la Fiscal\u00eda General de la Naci\u00f3n \u2013 Colombia. Garantizamos el acceso efectivo a la justicia, la verdad y la reparaci\u00f3n de las v\u00edctimas de los delitos.","breadcrumb":{"@id":"https:\/\/www.fiscalia.gov.co\/colombia\/seguridad-territorial\/por-extorsion-a-comerciantes-de-plaza-de-mercado-envian-a-la-carcel-a-presunto-implicado\/#breadcrumb"},"inLanguage":"es-CO","potentialAction":[{"@type":"ReadAction","target":["https:\/\/www.fiscalia.gov.co\/colombia\/seguridad-territorial\/por-extorsion-a-comerciantes-de-plaza-de-mercado-envian-a-la-carcel-a-presunto-implicado\/"]}]},{"@type":"BreadcrumbList","@id":"https:\/\/www.fiscalia.gov.co\/colombia\/seguridad-territorial\/por-extorsion-a-comerciantes-de-plaza-de-mercado-envian-a-la-carcel-a-presunto-implicado\/#breadcrumb","itemListElement":[{"@type":"ListItem","position":1,"name":"Home","item":"https:\/\/www.fiscalia.gov.co\/colombia\/"},{"@type":"ListItem","position":2,"name":"Por extorsi\u00f3n a comerciantes de plaza de mercado env\u00edan a la c\u00e1rcel a presunto implicado"}]},{"@type":"WebSite","@id":"https:\/\/www.fiscalia.gov.co\/colombia\/#website","url":"https:\/\/www.fiscalia.gov.co\/colombia\/","name":"Fiscal\u00eda General de la Naci\u00f3n","description":"P\u00e1gina oficial de la Fiscal\u00eda General de la Naci\u00f3n \u2013 Colombia. Garantizamos el acceso efectivo a la justicia, la verdad y la reparaci\u00f3n de las v\u00edctimas de los delitos.","publisher":{"@id":"https:\/\/www.fiscalia.gov.co\/colombia\/#organization"},"potentialAction":[{"@type":"SearchAction","target":{"@type":"EntryPoint","urlTemplate":"https:\/\/www.fiscalia.gov.co\/colombia\/?s={search_term_string}"},"query-input":{"@type":"PropertyValueSpecification","valueRequired":true,"valueName":"search_term_string"}}],"inLanguage":"es-CO"},{"@type":"Organization","@id":"https:\/\/www.fiscalia.gov.co\/colombia\/#organization","name":"Fiscal\u00eda General de la Naci\u00f3n","url":"https:\/\/www.fiscalia.gov.co\/colombia\/","logo":{"@type":"ImageObject","inLanguage":"es-CO","@id":"https:\/\/www.fiscalia.gov.co\/colombia\/#\/schema\/logo\/image\/","url":"https:\/\/www.fiscalia.gov.co\/colombia\/wp-content\/uploads\/LogoHorizontal_1.jpg","contentUrl":"https:\/\/www.fiscalia.gov.co\/colombia\/wp-content\/uploads\/LogoHorizontal_1.jpg","width":300,"height":90,"caption":"Fiscal\u00eda General de la Naci\u00f3n"},"image":{"@id":"https:\/\/www.fiscalia.gov.co\/colombia\/#\/schema\/logo\/image\/"},"sameAs":["https:\/\/www.facebook.com\/FiscaliaCol","https:\/\/x.com\/FiscaliaCol","https:\/\/www.instagram.com\/fiscaliacol","https:\/\/www.linkedin.com\/company\/fiscalia-general-de-la-naci-n\/","https:\/\/youtube.com\/@fiscaliageneraldelanacion-4668?si=6nN79nyQICPU5iTh"]},{"@type":"Person","@id":"https:\/\/www.fiscalia.gov.co\/colombia\/#\/schema\/person\/06aa2210fe4d79203f428ff671dee360","name":"Ana Mar\u00eda Gomez","image":{"@type":"ImageObject","inLanguage":"es-CO","@id":"https:\/\/www.fiscalia.gov.co\/colombia\/#\/schema\/person\/image\/","url":"https:\/\/secure.gravatar.com\/avatar\/a38115d98a7f8a96cbb96af2b2c37a0b?s=96&d=mm&r=g","contentUrl":"https:\/\/secure.gravatar.com\/avatar\/a38115d98a7f8a96cbb96af2b2c37a0b?s=96&d=mm&r=g","caption":"Ana Mar\u00eda Gomez"},"url":"https:\/\/www.fiscalia.gov.co\/colombia\/author\/agomez\/"}]}},"_links":{"self":[{"href":"https:\/\/www.fiscalia.gov.co\/colombia\/wp-json\/wp\/v2\/posts\/221283","targetHints":{"allow":["GET"]}}],"collection":[{"href":"https:\/\/www.fiscalia.gov.co\/colombia\/wp-json\/wp\/v2\/posts"}],"about":[{"href":"https:\/\/www.fiscalia.gov.co\/colombia\/wp-json\/wp\/v2\/types\/post"}],"author":[{"embeddable":true,"href":"https:\/\/www.fiscalia.gov.co\/colombia\/wp-json\/wp\/v2\/users\/171"}],"replies":[{"embeddable":true,"href":"https:\/\/www.fiscalia.gov.co\/colombia\/wp-json\/wp\/v2\/comments?post=221283"}],"version-history":[{"count":2,"href":"https:\/\/www.fiscalia.gov.co\/colombia\/wp-json\/wp\/v2\/posts\/221283\/revisions"}],"predecessor-version":[{"id":221286,"href":"https:\/\/www.fiscalia.gov.co\/colombia\/wp-json\/wp\/v2\/posts\/221283\/revisions\/221286"}],"wp:attachment":[{"href":"https:\/\/www.fiscalia.gov.co\/colombia\/wp-json\/wp\/v2\/media?parent=221283"}],"wp:term":[{"taxonomy":"category","embeddable":true,"href":"https:\/\/www.fiscalia.gov.co\/colombia\/wp-json\/wp\/v2\/categories?post=221283"},{"taxonomy":"post_tag","embeddable":true,"href":"https:\/\/www.fiscalia.gov.co\/colombia\/wp-json\/wp\/v2\/tags?post=221283"}],"curies":[{"name":"wp","href":"https:\/\/api.w.org\/{rel}","templated":true}]}}