{"id":221265,"date":"2021-06-02T11:08:04","date_gmt":"2021-06-02T16:08:04","guid":{"rendered":"https:\/\/www.fiscalia.gov.co\/colombia\/?p=221265"},"modified":"2021-06-02T11:08:31","modified_gmt":"2021-06-02T16:08:31","slug":"capturan-exempleado-del-banco-de-la-republica-de-ibague-para-que-cumpla-una-condena-por-peculado-por-apropiacion","status":"publish","type":"post","link":"https:\/\/www.fiscalia.gov.co\/colombia\/hay-justicia\/capturan-exempleado-del-banco-de-la-republica-de-ibague-para-que-cumpla-una-condena-por-peculado-por-apropiacion\/","title":{"rendered":"Capturan exempleado del Banco de la Rep\u00fablica de Ibagu\u00e9 para que cumpla una condena por peculado por apropiaci\u00f3n"},"content":{"rendered":"<blockquote>\n<h4 style=\"text-align: left;\"><strong><em>Durante el proceso el implicado alcanz\u00f3 un preacuerdo con la Fiscal\u00eda, acept\u00f3 los cargos y devolv<\/em><em>i\u00f3\u00a0<\/em><em>el dinero hurtado.<\/em><\/strong><\/h4>\n<\/blockquote>\n<p>Un trabajo articulado entre miembros del CTI de la Seccional Tolima, adscritos a la Unidad de Delitos Contra la Administraci\u00f3n P\u00fablica, y personal del grupo de Estructura de Apoyo, permiti\u00f3 la captura de Celimo Eduardo Prada Vargas. La aprehensi\u00f3n se dio en el barrio Praderas del Sur de Ibagu\u00e9 el pasado 31 de mayo.<\/p>\n<p>La detenci\u00f3n de esta persona se dio en cumplimiento\u00a0a\u00a0una orden judicial\u00a0para\u00a0cumplir\u00a0la condena a un a\u00f1o\u00a0y\u00a0diez meses\u00a0de prisi\u00f3n\u00a0que le fue impuesta tras ser encontrado responsable del delito de\u00a0<a href=\"https:\/\/www.fiscalia.gov.co\/colombia\/corrupcion\/por-el-delito-de-peculado-por-apropiacion-fiscalia-formulo-cargos-contra-ex-funcionario-del-banco-agrario-de-fortul-arauca\/\">peculado por apropiaci\u00f3n<\/a>.<\/p>\n<p>La sentencia contra Prada Vargas fue emitida el 27 de mayo pasado y se dio tras alcanzar un preacuerdo entre las partes, el mismo que fue avalado por un juez.\u00a0 As\u00ed, el procesado acept\u00f3 su responsabilidad en los hechos y devolvi\u00f3\u00a0el dinero apropiado.\u00a0La participaci\u00f3n del implicado en el delito fue degradada de autor a c\u00f3mplice.<\/p>\n<p>Los hechos que motivaron la condena ocurrieron en marzo de 2017 cuando el encartado se desempe\u00f1aba como auxiliar de reclasificaci\u00f3n y recuento de la secci\u00f3n de tesorer\u00eda del Banco de la Rep\u00fablica, sucursal Ibagu\u00e9, cargo que aprovech\u00f3 para apropiarse, en\u00a0dos oportunidades, de diferentes sumas de dinero\u00a0para un total de $600.000.<\/p>\n<p>El hurto qued\u00f3 grabado en las c\u00e1maras de seguridad de la entidad, y en ellas se observa los\u00a0momentos\u00a0en que el implicado se apropia de\u00a0dicha cantidad.<\/p>\n<p>En la sentencia el juez del caso le impuso al procesado una cauci\u00f3n, y como pena accesoria fue inhabilitado para ejercer derechos y funciones p\u00fablicas por el mismo t\u00e9rmino de la pena principal. Adem\u00e1s, fue inhabilitado para ocupar cargos p\u00fablicos.<\/p>\n<p>La Fiscal\u00eda habla con resultados.<\/p>\n<p><strong>PAAM\/MAGA\/<\/strong><strong>ETP<\/strong><\/p>\n<p><em>La informaci\u00f3n contenida en este bolet\u00edn de prensa corresponde a la narraci\u00f3n de los hechos noticiosos objetivos, suministrados por los funcionarios encargados de adelantar las investigaciones penales al interior de la Fiscal\u00eda General de la Naci\u00f3n. Para el momento de la divulgaci\u00f3n de este comunicado, la situaci\u00f3n jur\u00eddica de la(s) persona(s) relacionada(s) se encuentra pendiente de resolver por la autoridad judicial competente, siempre bajo los preceptos de la presunci\u00f3n de inocencia, consagrados en el art\u00edculo 29 de la Constituci\u00f3n Pol\u00edtica y el art\u00edculo 7\u00ba de la Ley 906 de 2004.<\/em><strong>\u00a0<\/strong><\/p>\n<p>&nbsp;<\/p>\n\n<div class=\"twitter-share\"><a href=\"https:\/\/twitter.com\/intent\/tweet?via=fiscaliacol\" class=\"twitter-share-button\">Tweet<\/a><\/div>\n","protected":false},"excerpt":{"rendered":"<p>Durante el proceso el implicado alcanz\u00f3 un preacuerdo con la Fiscal\u00eda, acept\u00f3 los cargos y devolvi\u00f3\u00a0el dinero hurtado. Un trabajo articulado entre miembros del CTI de la Seccional Tolima, adscritos a la Unidad de Delitos Contra la Administraci\u00f3n P\u00fablica, y personal del grupo de Estructura de Apoyo, permiti\u00f3 la captura de Celimo Eduardo Prada Vargas. [&hellip;]<\/p>\n","protected":false},"author":171,"featured_media":0,"comment_status":"closed","ping_status":"open","sticky":false,"template":"","format":"standard","meta":{"_price":"","_stock":"","_tribe_ticket_header":"","_tribe_default_ticket_provider":"","_tribe_ticket_capacity":"0","_ticket_start_date":"","_ticket_end_date":"","_tribe_ticket_show_description":"","_tribe_ticket_show_not_going":false,"_tribe_ticket_use_global_stock":"","_tribe_ticket_global_stock_level":"","_global_stock_mode":"","_global_stock_cap":"","_tribe_rsvp_for_event":"","_tribe_ticket_going_count":"","_tribe_ticket_not_going_count":"","_tribe_tickets_list":"[]","_tribe_ticket_has_attendee_info_fields":false,"tdm_status":"","tdm_grid_status":"","footnotes":""},"categories":[24174,329,303],"tags":[27209,26683,427,45,1047,1229,24211,14279,4705],"class_list":{"0":"post-221265","1":"post","2":"type-post","3":"status-publish","4":"format-standard","6":"category-hay-justicia","7":"category-seccional-ibague","8":"category-seccionales","9":"tag-banco-de-la-republica-sucursal-ibague","10":"tag-consignaciones","11":"tag-corrupcion","12":"tag-cti","13":"tag-fiscalia-general-de-la-nacion","14":"tag-peculado-por-apropiacion","15":"tag-seccional-tolima","16":"tag-servidor-publico","17":"tag-unidad-de-delitos-contra-la-administracion-publica"},"yoast_head":"<!-- This site is optimized with the Yoast SEO plugin v24.3 - https:\/\/yoast.com\/wordpress\/plugins\/seo\/ -->\n<title>Fiscal\u00eda General de la Naci\u00f3n<\/title>\n<meta name=\"description\" content=\"P\u00e1gina oficial de la Fiscal\u00eda General de la Naci\u00f3n \u2013 Colombia. Garantizamos el acceso efectivo a la justicia, la verdad y la reparaci\u00f3n de las v\u00edctimas de los delitos.\" \/>\n<meta name=\"robots\" content=\"noindex, follow\" \/>\n<meta property=\"og:locale\" content=\"es_ES\" \/>\n<meta property=\"og:type\" content=\"article\" \/>\n<meta property=\"og:title\" content=\"Fiscal\u00eda General de la Naci\u00f3n\" \/>\n<meta property=\"og:description\" content=\"P\u00e1gina oficial de la Fiscal\u00eda General de la Naci\u00f3n \u2013 Colombia. Garantizamos el acceso efectivo a la justicia, la verdad y la reparaci\u00f3n de las v\u00edctimas de los delitos.\" \/>\n<meta property=\"og:url\" content=\"https:\/\/www.fiscalia.gov.co\/colombia\/hay-justicia\/capturan-exempleado-del-banco-de-la-republica-de-ibague-para-que-cumpla-una-condena-por-peculado-por-apropiacion\/\" \/>\n<meta property=\"og:site_name\" content=\"Fiscal\u00eda General de la Naci\u00f3n\" \/>\n<meta property=\"article:publisher\" content=\"https:\/\/www.facebook.com\/FiscaliaCol\" \/>\n<meta property=\"article:published_time\" content=\"2021-06-02T16:08:04+00:00\" \/>\n<meta property=\"article:modified_time\" content=\"2021-06-02T16:08:31+00:00\" \/>\n<meta name=\"author\" content=\"Ana Mar\u00eda Gomez\" \/>\n<meta name=\"twitter:card\" content=\"summary_large_image\" \/>\n<meta name=\"twitter:creator\" content=\"@FiscaliaCol\" \/>\n<meta name=\"twitter:site\" content=\"@FiscaliaCol\" \/>\n<meta name=\"twitter:label1\" content=\"Escrito por\" \/>\n\t<meta name=\"twitter:data1\" content=\"Ana Mar\u00eda Gomez\" \/>\n\t<meta name=\"twitter:label2\" content=\"Tiempo de lectura\" \/>\n\t<meta name=\"twitter:data2\" content=\"2 minutos\" \/>\n<script type=\"application\/ld+json\" class=\"yoast-schema-graph\">{\"@context\":\"https:\/\/schema.org\",\"@graph\":[{\"@type\":\"Article\",\"@id\":\"https:\/\/www.fiscalia.gov.co\/colombia\/hay-justicia\/capturan-exempleado-del-banco-de-la-republica-de-ibague-para-que-cumpla-una-condena-por-peculado-por-apropiacion\/#article\",\"isPartOf\":{\"@id\":\"https:\/\/www.fiscalia.gov.co\/colombia\/hay-justicia\/capturan-exempleado-del-banco-de-la-republica-de-ibague-para-que-cumpla-una-condena-por-peculado-por-apropiacion\/\"},\"author\":{\"name\":\"Ana Mar\u00eda Gomez\",\"@id\":\"https:\/\/www.fiscalia.gov.co\/colombia\/#\/schema\/person\/06aa2210fe4d79203f428ff671dee360\"},\"headline\":\"Capturan exempleado del Banco de la Rep\u00fablica de Ibagu\u00e9 para que cumpla una condena por peculado por apropiaci\u00f3n\",\"datePublished\":\"2021-06-02T16:08:04+00:00\",\"dateModified\":\"2021-06-02T16:08:31+00:00\",\"mainEntityOfPage\":{\"@id\":\"https:\/\/www.fiscalia.gov.co\/colombia\/hay-justicia\/capturan-exempleado-del-banco-de-la-republica-de-ibague-para-que-cumpla-una-condena-por-peculado-por-apropiacion\/\"},\"wordCount\":439,\"publisher\":{\"@id\":\"https:\/\/www.fiscalia.gov.co\/colombia\/#organization\"},\"keywords\":[\"Banco de la Rep\u00fablica sucursal Ibagu\u00e9\",\"consignaciones.\",\"Corrupci\u00f3n\",\"CTI\",\"Fiscal\u00eda General de la Naci\u00f3n\",\"Peculado por apropiaci\u00f3n\",\"Seccional Tolima\",\"Servidor p\u00fablico\",\"Unidad de Delitos contra la Administraci\u00f3n P\u00fablica\"],\"articleSection\":[\"Hay Justicia\",\"Seccional Ibagu\u00e9\",\"Seccionales\"],\"inLanguage\":\"es-CO\"},{\"@type\":\"WebPage\",\"@id\":\"https:\/\/www.fiscalia.gov.co\/colombia\/hay-justicia\/capturan-exempleado-del-banco-de-la-republica-de-ibague-para-que-cumpla-una-condena-por-peculado-por-apropiacion\/\",\"url\":\"https:\/\/www.fiscalia.gov.co\/colombia\/hay-justicia\/capturan-exempleado-del-banco-de-la-republica-de-ibague-para-que-cumpla-una-condena-por-peculado-por-apropiacion\/\",\"name\":\"Fiscal\u00eda General de la Naci\u00f3n\",\"isPartOf\":{\"@id\":\"https:\/\/www.fiscalia.gov.co\/colombia\/#website\"},\"datePublished\":\"2021-06-02T16:08:04+00:00\",\"dateModified\":\"2021-06-02T16:08:31+00:00\",\"description\":\"P\u00e1gina oficial de la Fiscal\u00eda General de la Naci\u00f3n \u2013 Colombia. Garantizamos el acceso efectivo a la justicia, la verdad y la reparaci\u00f3n de las v\u00edctimas de los delitos.\",\"breadcrumb\":{\"@id\":\"https:\/\/www.fiscalia.gov.co\/colombia\/hay-justicia\/capturan-exempleado-del-banco-de-la-republica-de-ibague-para-que-cumpla-una-condena-por-peculado-por-apropiacion\/#breadcrumb\"},\"inLanguage\":\"es-CO\",\"potentialAction\":[{\"@type\":\"ReadAction\",\"target\":[\"https:\/\/www.fiscalia.gov.co\/colombia\/hay-justicia\/capturan-exempleado-del-banco-de-la-republica-de-ibague-para-que-cumpla-una-condena-por-peculado-por-apropiacion\/\"]}]},{\"@type\":\"BreadcrumbList\",\"@id\":\"https:\/\/www.fiscalia.gov.co\/colombia\/hay-justicia\/capturan-exempleado-del-banco-de-la-republica-de-ibague-para-que-cumpla-una-condena-por-peculado-por-apropiacion\/#breadcrumb\",\"itemListElement\":[{\"@type\":\"ListItem\",\"position\":1,\"name\":\"Home\",\"item\":\"https:\/\/www.fiscalia.gov.co\/colombia\/\"},{\"@type\":\"ListItem\",\"position\":2,\"name\":\"Capturan exempleado del Banco de la Rep\u00fablica de Ibagu\u00e9 para que cumpla una condena por peculado por apropiaci\u00f3n\"}]},{\"@type\":\"WebSite\",\"@id\":\"https:\/\/www.fiscalia.gov.co\/colombia\/#website\",\"url\":\"https:\/\/www.fiscalia.gov.co\/colombia\/\",\"name\":\"Fiscal\u00eda General de la Naci\u00f3n\",\"description\":\"P\u00e1gina oficial de la Fiscal\u00eda General de la Naci\u00f3n \u2013 Colombia. Garantizamos el acceso efectivo a la justicia, la verdad y la reparaci\u00f3n de las v\u00edctimas de los delitos.\",\"publisher\":{\"@id\":\"https:\/\/www.fiscalia.gov.co\/colombia\/#organization\"},\"potentialAction\":[{\"@type\":\"SearchAction\",\"target\":{\"@type\":\"EntryPoint\",\"urlTemplate\":\"https:\/\/www.fiscalia.gov.co\/colombia\/?s={search_term_string}\"},\"query-input\":{\"@type\":\"PropertyValueSpecification\",\"valueRequired\":true,\"valueName\":\"search_term_string\"}}],\"inLanguage\":\"es-CO\"},{\"@type\":\"Organization\",\"@id\":\"https:\/\/www.fiscalia.gov.co\/colombia\/#organization\",\"name\":\"Fiscal\u00eda General de la Naci\u00f3n\",\"url\":\"https:\/\/www.fiscalia.gov.co\/colombia\/\",\"logo\":{\"@type\":\"ImageObject\",\"inLanguage\":\"es-CO\",\"@id\":\"https:\/\/www.fiscalia.gov.co\/colombia\/#\/schema\/logo\/image\/\",\"url\":\"https:\/\/www.fiscalia.gov.co\/colombia\/wp-content\/uploads\/LogoHorizontal_1.jpg\",\"contentUrl\":\"https:\/\/www.fiscalia.gov.co\/colombia\/wp-content\/uploads\/LogoHorizontal_1.jpg\",\"width\":300,\"height\":90,\"caption\":\"Fiscal\u00eda General de la Naci\u00f3n\"},\"image\":{\"@id\":\"https:\/\/www.fiscalia.gov.co\/colombia\/#\/schema\/logo\/image\/\"},\"sameAs\":[\"https:\/\/www.facebook.com\/FiscaliaCol\",\"https:\/\/x.com\/FiscaliaCol\",\"https:\/\/www.instagram.com\/fiscaliacol\",\"https:\/\/www.linkedin.com\/company\/fiscalia-general-de-la-naci-n\/\",\"https:\/\/youtube.com\/@fiscaliageneraldelanacion-4668?si=6nN79nyQICPU5iTh\"]},{\"@type\":\"Person\",\"@id\":\"https:\/\/www.fiscalia.gov.co\/colombia\/#\/schema\/person\/06aa2210fe4d79203f428ff671dee360\",\"name\":\"Ana Mar\u00eda Gomez\",\"image\":{\"@type\":\"ImageObject\",\"inLanguage\":\"es-CO\",\"@id\":\"https:\/\/www.fiscalia.gov.co\/colombia\/#\/schema\/person\/image\/\",\"url\":\"https:\/\/secure.gravatar.com\/avatar\/a38115d98a7f8a96cbb96af2b2c37a0b?s=96&d=mm&r=g\",\"contentUrl\":\"https:\/\/secure.gravatar.com\/avatar\/a38115d98a7f8a96cbb96af2b2c37a0b?s=96&d=mm&r=g\",\"caption\":\"Ana Mar\u00eda Gomez\"},\"url\":\"https:\/\/www.fiscalia.gov.co\/colombia\/author\/agomez\/\"}]}<\/script>\n<!-- \/ Yoast SEO plugin. -->","yoast_head_json":{"title":"Fiscal\u00eda General de la Naci\u00f3n","description":"P\u00e1gina oficial de la Fiscal\u00eda General de la Naci\u00f3n \u2013 Colombia. Garantizamos el acceso efectivo a la justicia, la verdad y la reparaci\u00f3n de las v\u00edctimas de los delitos.","robots":{"index":"noindex","follow":"follow"},"og_locale":"es_ES","og_type":"article","og_title":"Fiscal\u00eda General de la Naci\u00f3n","og_description":"P\u00e1gina oficial de la Fiscal\u00eda General de la Naci\u00f3n \u2013 Colombia. Garantizamos el acceso efectivo a la justicia, la verdad y la reparaci\u00f3n de las v\u00edctimas de los delitos.","og_url":"https:\/\/www.fiscalia.gov.co\/colombia\/hay-justicia\/capturan-exempleado-del-banco-de-la-republica-de-ibague-para-que-cumpla-una-condena-por-peculado-por-apropiacion\/","og_site_name":"Fiscal\u00eda General de la Naci\u00f3n","article_publisher":"https:\/\/www.facebook.com\/FiscaliaCol","article_published_time":"2021-06-02T16:08:04+00:00","article_modified_time":"2021-06-02T16:08:31+00:00","author":"Ana Mar\u00eda Gomez","twitter_card":"summary_large_image","twitter_creator":"@FiscaliaCol","twitter_site":"@FiscaliaCol","twitter_misc":{"Escrito por":"Ana Mar\u00eda Gomez","Tiempo de lectura":"2 minutos"},"schema":{"@context":"https:\/\/schema.org","@graph":[{"@type":"Article","@id":"https:\/\/www.fiscalia.gov.co\/colombia\/hay-justicia\/capturan-exempleado-del-banco-de-la-republica-de-ibague-para-que-cumpla-una-condena-por-peculado-por-apropiacion\/#article","isPartOf":{"@id":"https:\/\/www.fiscalia.gov.co\/colombia\/hay-justicia\/capturan-exempleado-del-banco-de-la-republica-de-ibague-para-que-cumpla-una-condena-por-peculado-por-apropiacion\/"},"author":{"name":"Ana Mar\u00eda Gomez","@id":"https:\/\/www.fiscalia.gov.co\/colombia\/#\/schema\/person\/06aa2210fe4d79203f428ff671dee360"},"headline":"Capturan exempleado del Banco de la Rep\u00fablica de Ibagu\u00e9 para que cumpla una condena por peculado por apropiaci\u00f3n","datePublished":"2021-06-02T16:08:04+00:00","dateModified":"2021-06-02T16:08:31+00:00","mainEntityOfPage":{"@id":"https:\/\/www.fiscalia.gov.co\/colombia\/hay-justicia\/capturan-exempleado-del-banco-de-la-republica-de-ibague-para-que-cumpla-una-condena-por-peculado-por-apropiacion\/"},"wordCount":439,"publisher":{"@id":"https:\/\/www.fiscalia.gov.co\/colombia\/#organization"},"keywords":["Banco de la Rep\u00fablica sucursal Ibagu\u00e9","consignaciones.","Corrupci\u00f3n","CTI","Fiscal\u00eda General de la Naci\u00f3n","Peculado por apropiaci\u00f3n","Seccional Tolima","Servidor p\u00fablico","Unidad de Delitos contra la Administraci\u00f3n P\u00fablica"],"articleSection":["Hay Justicia","Seccional Ibagu\u00e9","Seccionales"],"inLanguage":"es-CO"},{"@type":"WebPage","@id":"https:\/\/www.fiscalia.gov.co\/colombia\/hay-justicia\/capturan-exempleado-del-banco-de-la-republica-de-ibague-para-que-cumpla-una-condena-por-peculado-por-apropiacion\/","url":"https:\/\/www.fiscalia.gov.co\/colombia\/hay-justicia\/capturan-exempleado-del-banco-de-la-republica-de-ibague-para-que-cumpla-una-condena-por-peculado-por-apropiacion\/","name":"Fiscal\u00eda General de la Naci\u00f3n","isPartOf":{"@id":"https:\/\/www.fiscalia.gov.co\/colombia\/#website"},"datePublished":"2021-06-02T16:08:04+00:00","dateModified":"2021-06-02T16:08:31+00:00","description":"P\u00e1gina oficial de la Fiscal\u00eda General de la Naci\u00f3n \u2013 Colombia. Garantizamos el acceso efectivo a la justicia, la verdad y la reparaci\u00f3n de las v\u00edctimas de los delitos.","breadcrumb":{"@id":"https:\/\/www.fiscalia.gov.co\/colombia\/hay-justicia\/capturan-exempleado-del-banco-de-la-republica-de-ibague-para-que-cumpla-una-condena-por-peculado-por-apropiacion\/#breadcrumb"},"inLanguage":"es-CO","potentialAction":[{"@type":"ReadAction","target":["https:\/\/www.fiscalia.gov.co\/colombia\/hay-justicia\/capturan-exempleado-del-banco-de-la-republica-de-ibague-para-que-cumpla-una-condena-por-peculado-por-apropiacion\/"]}]},{"@type":"BreadcrumbList","@id":"https:\/\/www.fiscalia.gov.co\/colombia\/hay-justicia\/capturan-exempleado-del-banco-de-la-republica-de-ibague-para-que-cumpla-una-condena-por-peculado-por-apropiacion\/#breadcrumb","itemListElement":[{"@type":"ListItem","position":1,"name":"Home","item":"https:\/\/www.fiscalia.gov.co\/colombia\/"},{"@type":"ListItem","position":2,"name":"Capturan exempleado del Banco de la Rep\u00fablica de Ibagu\u00e9 para que cumpla una condena por peculado por apropiaci\u00f3n"}]},{"@type":"WebSite","@id":"https:\/\/www.fiscalia.gov.co\/colombia\/#website","url":"https:\/\/www.fiscalia.gov.co\/colombia\/","name":"Fiscal\u00eda General de la Naci\u00f3n","description":"P\u00e1gina oficial de la Fiscal\u00eda General de la Naci\u00f3n \u2013 Colombia. Garantizamos el acceso efectivo a la justicia, la verdad y la reparaci\u00f3n de las v\u00edctimas de los delitos.","publisher":{"@id":"https:\/\/www.fiscalia.gov.co\/colombia\/#organization"},"potentialAction":[{"@type":"SearchAction","target":{"@type":"EntryPoint","urlTemplate":"https:\/\/www.fiscalia.gov.co\/colombia\/?s={search_term_string}"},"query-input":{"@type":"PropertyValueSpecification","valueRequired":true,"valueName":"search_term_string"}}],"inLanguage":"es-CO"},{"@type":"Organization","@id":"https:\/\/www.fiscalia.gov.co\/colombia\/#organization","name":"Fiscal\u00eda General de la Naci\u00f3n","url":"https:\/\/www.fiscalia.gov.co\/colombia\/","logo":{"@type":"ImageObject","inLanguage":"es-CO","@id":"https:\/\/www.fiscalia.gov.co\/colombia\/#\/schema\/logo\/image\/","url":"https:\/\/www.fiscalia.gov.co\/colombia\/wp-content\/uploads\/LogoHorizontal_1.jpg","contentUrl":"https:\/\/www.fiscalia.gov.co\/colombia\/wp-content\/uploads\/LogoHorizontal_1.jpg","width":300,"height":90,"caption":"Fiscal\u00eda General de la Naci\u00f3n"},"image":{"@id":"https:\/\/www.fiscalia.gov.co\/colombia\/#\/schema\/logo\/image\/"},"sameAs":["https:\/\/www.facebook.com\/FiscaliaCol","https:\/\/x.com\/FiscaliaCol","https:\/\/www.instagram.com\/fiscaliacol","https:\/\/www.linkedin.com\/company\/fiscalia-general-de-la-naci-n\/","https:\/\/youtube.com\/@fiscaliageneraldelanacion-4668?si=6nN79nyQICPU5iTh"]},{"@type":"Person","@id":"https:\/\/www.fiscalia.gov.co\/colombia\/#\/schema\/person\/06aa2210fe4d79203f428ff671dee360","name":"Ana Mar\u00eda Gomez","image":{"@type":"ImageObject","inLanguage":"es-CO","@id":"https:\/\/www.fiscalia.gov.co\/colombia\/#\/schema\/person\/image\/","url":"https:\/\/secure.gravatar.com\/avatar\/a38115d98a7f8a96cbb96af2b2c37a0b?s=96&d=mm&r=g","contentUrl":"https:\/\/secure.gravatar.com\/avatar\/a38115d98a7f8a96cbb96af2b2c37a0b?s=96&d=mm&r=g","caption":"Ana Mar\u00eda Gomez"},"url":"https:\/\/www.fiscalia.gov.co\/colombia\/author\/agomez\/"}]}},"_links":{"self":[{"href":"https:\/\/www.fiscalia.gov.co\/colombia\/wp-json\/wp\/v2\/posts\/221265","targetHints":{"allow":["GET"]}}],"collection":[{"href":"https:\/\/www.fiscalia.gov.co\/colombia\/wp-json\/wp\/v2\/posts"}],"about":[{"href":"https:\/\/www.fiscalia.gov.co\/colombia\/wp-json\/wp\/v2\/types\/post"}],"author":[{"embeddable":true,"href":"https:\/\/www.fiscalia.gov.co\/colombia\/wp-json\/wp\/v2\/users\/171"}],"replies":[{"embeddable":true,"href":"https:\/\/www.fiscalia.gov.co\/colombia\/wp-json\/wp\/v2\/comments?post=221265"}],"version-history":[{"count":2,"href":"https:\/\/www.fiscalia.gov.co\/colombia\/wp-json\/wp\/v2\/posts\/221265\/revisions"}],"predecessor-version":[{"id":221269,"href":"https:\/\/www.fiscalia.gov.co\/colombia\/wp-json\/wp\/v2\/posts\/221265\/revisions\/221269"}],"wp:attachment":[{"href":"https:\/\/www.fiscalia.gov.co\/colombia\/wp-json\/wp\/v2\/media?parent=221265"}],"wp:term":[{"taxonomy":"category","embeddable":true,"href":"https:\/\/www.fiscalia.gov.co\/colombia\/wp-json\/wp\/v2\/categories?post=221265"},{"taxonomy":"post_tag","embeddable":true,"href":"https:\/\/www.fiscalia.gov.co\/colombia\/wp-json\/wp\/v2\/tags?post=221265"}],"curies":[{"name":"wp","href":"https:\/\/api.w.org\/{rel}","templated":true}]}}