{"id":221016,"date":"2021-05-29T10:11:34","date_gmt":"2021-05-29T15:11:34","guid":{"rendered":"https:\/\/www.fiscalia.gov.co\/colombia\/?p=221016"},"modified":"2021-05-29T10:12:52","modified_gmt":"2021-05-29T15:12:52","slug":"fiscalia-afecta-con-fines-de-extincion-de-dominio-bienes-que-pertenecerian-a-personas-investigadas-por-nexos-con-los-carteles-de-la-droga-de-la-decada-de-los-noventa","status":"publish","type":"post","link":"https:\/\/www.fiscalia.gov.co\/colombia\/seccionales\/seccional-bogota\/fiscalia-afecta-con-fines-de-extincion-de-dominio-bienes-que-pertenecerian-a-personas-investigadas-por-nexos-con-los-carteles-de-la-droga-de-la-decada-de-los-noventa\/","title":{"rendered":"Fiscal\u00eda afecta con fines de extinci\u00f3n de dominio bienes que pertenecer\u00edan a personas investigadas por nexos con los carteles de la droga de la d\u00e9cada de los noventa"},"content":{"rendered":"<h4 style=\"text-align: left;\"><em><strong>Las propiedades superar\u00edan en valor los 6.000 millones de pesos.<\/strong><\/em><\/h4>\n<p style=\"text-align: left;\">En diligencias realizadas de manera articulada por el CTI de la Fiscal\u00eda General de la Naci\u00f3n y unidades del Ej\u00e9rcito Nacional fueron ocupados tres bienes que pertenecer\u00edan a dos personas que, en los a\u00f1os noventa, fueron vinculadas a diferentes procesos por actividades il\u00edcitas relacionadas con narcotr\u00e1fico.<\/p>\n<p style=\"text-align: left;\">Un fiscal de la Direcci\u00f3n Especializada de Extinci\u00f3n del Derecho de Dominio impuso medidas cautelares de suspensi\u00f3n del poder dispositivo, embargo y secuestro sobre las propiedades, representadas en tres inmuebles, cuyo aval\u00fao comercial supera los 6.000 millones de pesos.<\/p>\n<p style=\"text-align: left;\">Estos bienes har\u00edan parte del patrimonio de\u00a0 Guillermo Ortiz Gait\u00e1n, quien en su momento fue asociado con el denominado clan Gait\u00e1n Cendales, que tuvo nexos con el extinto narcotraficante Gonzalo Rodr\u00edguez Gacha, alias El Mexicano; y Alberto Giraldo L\u00f3pez, se\u00f1alado relacionista p\u00fablico del Cartel de Cali y los hermanos Rodr\u00edguez Orejuela.<\/p>\n<p style=\"text-align: left;\">\u2022 Cajic\u00e1 (Cundinamarca)<\/p>\n<p style=\"text-align: left;\">Sobre un predio de algo m\u00e1s de dos hect\u00e1reas, ubicado en Cajic\u00e1 (Cundinamarca), la Fiscal\u00eda tiene indicios de que habr\u00eda sido adquirido con dineros producto del tr\u00e1fico de drogas.<\/p>\n<p style=\"text-align: left;\">En las verificaciones se constat\u00f3 que la propiedad fue adquirida por Guillermo Ortiz Gait\u00e1n, producto de incrementos injustificados de patrimonio y el ingreso de recursos por sus v\u00ednculos con el clan Gait\u00e1n Cendales. En julio de 1998, la Fiscal\u00eda acus\u00f3 a esta persona por tr\u00e1fico de estupefacientes y enriquecimiento il\u00edcito. En diciembre de 1998, un Tribunal de Florencia (Italia) lo conden\u00f3 por concierto para delinquir con fines de cometer delitos de narcotr\u00e1fico.<\/p>\n<p style=\"text-align: left;\">\u2022 Ci\u00e9naga (Magdalena)<\/p>\n<p style=\"text-align: left;\">La Fiscal\u00eda afect\u00f3 con fines de extinci\u00f3n de dominio dos lotes rurales, ubicados en Ci\u00e9naga (Magdalena), que aparecen a t\u00edtulo de Alberto Giraldo L\u00f3pez, condenado por el delito de enriquecimiento il\u00edcito de particulares. En el proceso penal se demostr\u00f3 que esta persona recibi\u00f3 1.381 millones de pesos, entre 1989 y 1995.<\/p>\n<p style=\"text-align: left;\">Dicho dinero proven\u00eda de cuentas fachadas de los hermanos Rodr\u00edguez Orejuela y fue girado en cheques a su nombre y al de su empresa \u2018Giraldo Ayala Ltda.\u2019, y de terceros.<br \/>\nLos tres predios quedaron a disposici\u00f3n de la Sociedad de Activos Especiales (SAE).<\/p>\n<p style=\"text-align: left;\">MAGA\/JARG\/LCB\/PSY<\/p>\n<p style=\"text-align: left;\">La Fiscal\u00eda habla con resultados.<\/p>\n<p style=\"text-align: left;\">Nota relacionada:\u00a0<a href=\"https:\/\/www.fiscalia.gov.co\/colombia\/extincion-de-dominio\/ocupados-con-fines-de-extincion-de-dominio-bienes-que-pertenecerian-a-red-de-lavado-de-activos-conformada-por-contadores-administradores-y-empresarios\/\">https:\/\/www.fiscalia.gov.co\/colombia\/extincion-de-dominio\/ocupados-con-fines-de-extincion-de-dominio-bienes-que-pertenecerian-a-red-de-lavado-de-activos-conformada-por-contadores-administradores-y-empresarios\/<\/a><\/p>\n<p><i><span lang=\"ES\">La informaci\u00f3n contenida en este bolet\u00edn de prensa corresponde a la narraci\u00f3n de los hechos noticiosos objetivos, suministrados por los funcionarios encargados de adelantar las investigaciones penales al interior de la Fiscal\u00eda General de la Naci\u00f3n. Para el momento de la divulgaci\u00f3n de este comunicado, la situaci\u00f3n jur\u00eddica de la(s) persona(s) relacionada(s) se encuentra pendiente de resolver por la autoridad judicial competente, siempre bajo los preceptos de la presunci\u00f3n de inocencia, consagrados en el art\u00edculo 29 de la Constituci\u00f3n Pol\u00edtica y el art\u00edculo 7\u00ba de la Ley 906 de 2004.<\/span><\/i><span lang=\"ES\">\u00a0\u00a0<\/span><\/p>\n\n<div class=\"twitter-share\"><a href=\"https:\/\/twitter.com\/intent\/tweet?via=fiscaliacol\" class=\"twitter-share-button\">Tweet<\/a><\/div>\n","protected":false},"excerpt":{"rendered":"<p>Las propiedades superar\u00edan en valor los 6.000 millones de pesos. En diligencias realizadas de manera articulada por el CTI de la Fiscal\u00eda General de la Naci\u00f3n y unidades del Ej\u00e9rcito Nacional fueron ocupados tres bienes que pertenecer\u00edan a dos personas que, en los a\u00f1os noventa, fueron vinculadas a diferentes procesos por actividades il\u00edcitas relacionadas con [&hellip;]<\/p>\n","protected":false},"author":171,"featured_media":0,"comment_status":"closed","ping_status":"open","sticky":false,"template":"","format":"standard","meta":{"tdm_status":"","tdm_grid_status":"","footnotes":""},"categories":[24116,321,303],"tags":[27158,1054,24475,24182,27157,147,148,27156],"class_list":{"0":"post-221016","1":"post","2":"type-post","3":"status-publish","4":"format-standard","6":"category-extincion-de-dominio","7":"category-seccional-bogota","8":"category-seccionales","9":"tag-alberto-giraldo-lopez","10":"tag-enriquecimiento-ilicito","11":"tag-extincion-del-derecho-de-dominio","12":"tag-francisco-barbosa-delgado","13":"tag-guillermo-ortiz-gaitan","14":"tag-lavado-de-activos","15":"tag-narcotrafico","16":"tag-sae"},"yoast_head":"<!-- This site is optimized with the Yoast SEO plugin v24.3 - https:\/\/yoast.com\/wordpress\/plugins\/seo\/ -->\n<title>Fiscal\u00eda General de la Naci\u00f3n<\/title>\n<meta name=\"description\" content=\"P\u00e1gina oficial de la Fiscal\u00eda General de la Naci\u00f3n \u2013 Colombia. Garantizamos el acceso efectivo a la justicia, la verdad y la reparaci\u00f3n de las v\u00edctimas de los delitos.\" \/>\n<meta name=\"robots\" content=\"noindex, follow\" \/>\n<meta property=\"og:locale\" content=\"es_ES\" \/>\n<meta property=\"og:type\" content=\"article\" \/>\n<meta property=\"og:title\" content=\"Fiscal\u00eda General de la Naci\u00f3n\" \/>\n<meta property=\"og:description\" content=\"P\u00e1gina oficial de la Fiscal\u00eda General de la Naci\u00f3n \u2013 Colombia. Garantizamos el acceso efectivo a la justicia, la verdad y la reparaci\u00f3n de las v\u00edctimas de los delitos.\" \/>\n<meta property=\"og:url\" content=\"https:\/\/www.fiscalia.gov.co\/colombia\/seccionales\/seccional-bogota\/fiscalia-afecta-con-fines-de-extincion-de-dominio-bienes-que-pertenecerian-a-personas-investigadas-por-nexos-con-los-carteles-de-la-droga-de-la-decada-de-los-noventa\/\" \/>\n<meta property=\"og:site_name\" content=\"Fiscal\u00eda General de la Naci\u00f3n\" \/>\n<meta property=\"article:publisher\" content=\"https:\/\/www.facebook.com\/FiscaliaCol\" \/>\n<meta property=\"article:published_time\" content=\"2021-05-29T15:11:34+00:00\" \/>\n<meta property=\"article:modified_time\" content=\"2021-05-29T15:12:52+00:00\" \/>\n<meta name=\"author\" content=\"Ana Mar\u00eda Gomez\" \/>\n<meta name=\"twitter:card\" content=\"summary_large_image\" \/>\n<meta name=\"twitter:creator\" content=\"@FiscaliaCol\" \/>\n<meta name=\"twitter:site\" content=\"@FiscaliaCol\" \/>\n<meta name=\"twitter:label1\" content=\"Escrito por\" \/>\n\t<meta name=\"twitter:data1\" content=\"Ana Mar\u00eda Gomez\" \/>\n\t<meta name=\"twitter:label2\" content=\"Tiempo de lectura\" \/>\n\t<meta name=\"twitter:data2\" content=\"3 minutos\" \/>\n<script type=\"application\/ld+json\" class=\"yoast-schema-graph\">{\"@context\":\"https:\/\/schema.org\",\"@graph\":[{\"@type\":\"Article\",\"@id\":\"https:\/\/www.fiscalia.gov.co\/colombia\/seccionales\/seccional-bogota\/fiscalia-afecta-con-fines-de-extincion-de-dominio-bienes-que-pertenecerian-a-personas-investigadas-por-nexos-con-los-carteles-de-la-droga-de-la-decada-de-los-noventa\/#article\",\"isPartOf\":{\"@id\":\"https:\/\/www.fiscalia.gov.co\/colombia\/seccionales\/seccional-bogota\/fiscalia-afecta-con-fines-de-extincion-de-dominio-bienes-que-pertenecerian-a-personas-investigadas-por-nexos-con-los-carteles-de-la-droga-de-la-decada-de-los-noventa\/\"},\"author\":{\"name\":\"Ana Mar\u00eda Gomez\",\"@id\":\"https:\/\/www.fiscalia.gov.co\/colombia\/#\/schema\/person\/06aa2210fe4d79203f428ff671dee360\"},\"headline\":\"Fiscal\u00eda afecta con fines de extinci\u00f3n de dominio bienes que pertenecer\u00edan a personas investigadas por nexos con los carteles de la droga de la d\u00e9cada de los noventa\",\"datePublished\":\"2021-05-29T15:11:34+00:00\",\"dateModified\":\"2021-05-29T15:12:52+00:00\",\"mainEntityOfPage\":{\"@id\":\"https:\/\/www.fiscalia.gov.co\/colombia\/seccionales\/seccional-bogota\/fiscalia-afecta-con-fines-de-extincion-de-dominio-bienes-que-pertenecerian-a-personas-investigadas-por-nexos-con-los-carteles-de-la-droga-de-la-decada-de-los-noventa\/\"},\"wordCount\":534,\"publisher\":{\"@id\":\"https:\/\/www.fiscalia.gov.co\/colombia\/#organization\"},\"keywords\":[\"Alberto Giraldo L\u00f3pez\",\"Enriquecimiento il\u00edcito\",\"extinci\u00f3n del derecho de dominio\",\"Francisco Barbosa Delgado\",\"Guillermo Ortiz Gait\u00e1n\",\"Lavado de activos\",\"Narcotr\u00e1fico\",\"SAE\"],\"articleSection\":[\"Extinci\u00f3n de dominio\",\"Seccional Bogot\u00e1\",\"Seccionales\"],\"inLanguage\":\"es-CO\"},{\"@type\":\"WebPage\",\"@id\":\"https:\/\/www.fiscalia.gov.co\/colombia\/seccionales\/seccional-bogota\/fiscalia-afecta-con-fines-de-extincion-de-dominio-bienes-que-pertenecerian-a-personas-investigadas-por-nexos-con-los-carteles-de-la-droga-de-la-decada-de-los-noventa\/\",\"url\":\"https:\/\/www.fiscalia.gov.co\/colombia\/seccionales\/seccional-bogota\/fiscalia-afecta-con-fines-de-extincion-de-dominio-bienes-que-pertenecerian-a-personas-investigadas-por-nexos-con-los-carteles-de-la-droga-de-la-decada-de-los-noventa\/\",\"name\":\"Fiscal\u00eda General de la Naci\u00f3n\",\"isPartOf\":{\"@id\":\"https:\/\/www.fiscalia.gov.co\/colombia\/#website\"},\"datePublished\":\"2021-05-29T15:11:34+00:00\",\"dateModified\":\"2021-05-29T15:12:52+00:00\",\"description\":\"P\u00e1gina oficial de la Fiscal\u00eda General de la Naci\u00f3n \u2013 Colombia. Garantizamos el acceso efectivo a la justicia, la verdad y la reparaci\u00f3n de las v\u00edctimas de los delitos.\",\"breadcrumb\":{\"@id\":\"https:\/\/www.fiscalia.gov.co\/colombia\/seccionales\/seccional-bogota\/fiscalia-afecta-con-fines-de-extincion-de-dominio-bienes-que-pertenecerian-a-personas-investigadas-por-nexos-con-los-carteles-de-la-droga-de-la-decada-de-los-noventa\/#breadcrumb\"},\"inLanguage\":\"es-CO\",\"potentialAction\":[{\"@type\":\"ReadAction\",\"target\":[\"https:\/\/www.fiscalia.gov.co\/colombia\/seccionales\/seccional-bogota\/fiscalia-afecta-con-fines-de-extincion-de-dominio-bienes-que-pertenecerian-a-personas-investigadas-por-nexos-con-los-carteles-de-la-droga-de-la-decada-de-los-noventa\/\"]}]},{\"@type\":\"BreadcrumbList\",\"@id\":\"https:\/\/www.fiscalia.gov.co\/colombia\/seccionales\/seccional-bogota\/fiscalia-afecta-con-fines-de-extincion-de-dominio-bienes-que-pertenecerian-a-personas-investigadas-por-nexos-con-los-carteles-de-la-droga-de-la-decada-de-los-noventa\/#breadcrumb\",\"itemListElement\":[{\"@type\":\"ListItem\",\"position\":1,\"name\":\"Home\",\"item\":\"https:\/\/www.fiscalia.gov.co\/colombia\/\"},{\"@type\":\"ListItem\",\"position\":2,\"name\":\"Fiscal\u00eda afecta con fines de extinci\u00f3n de dominio bienes que pertenecer\u00edan a personas investigadas por nexos con los carteles de la droga de la d\u00e9cada de los noventa\"}]},{\"@type\":\"WebSite\",\"@id\":\"https:\/\/www.fiscalia.gov.co\/colombia\/#website\",\"url\":\"https:\/\/www.fiscalia.gov.co\/colombia\/\",\"name\":\"Fiscal\u00eda General de la Naci\u00f3n\",\"description\":\"P\u00e1gina oficial de la Fiscal\u00eda General de la Naci\u00f3n \u2013 Colombia. Garantizamos el acceso efectivo a la justicia, la verdad y la reparaci\u00f3n de las v\u00edctimas de los delitos.\",\"publisher\":{\"@id\":\"https:\/\/www.fiscalia.gov.co\/colombia\/#organization\"},\"potentialAction\":[{\"@type\":\"SearchAction\",\"target\":{\"@type\":\"EntryPoint\",\"urlTemplate\":\"https:\/\/www.fiscalia.gov.co\/colombia\/?s={search_term_string}\"},\"query-input\":{\"@type\":\"PropertyValueSpecification\",\"valueRequired\":true,\"valueName\":\"search_term_string\"}}],\"inLanguage\":\"es-CO\"},{\"@type\":\"Organization\",\"@id\":\"https:\/\/www.fiscalia.gov.co\/colombia\/#organization\",\"name\":\"Fiscal\u00eda General de la Naci\u00f3n\",\"url\":\"https:\/\/www.fiscalia.gov.co\/colombia\/\",\"logo\":{\"@type\":\"ImageObject\",\"inLanguage\":\"es-CO\",\"@id\":\"https:\/\/www.fiscalia.gov.co\/colombia\/#\/schema\/logo\/image\/\",\"url\":\"https:\/\/www.fiscalia.gov.co\/colombia\/wp-content\/uploads\/LogoHorizontal_1.jpg\",\"contentUrl\":\"https:\/\/www.fiscalia.gov.co\/colombia\/wp-content\/uploads\/LogoHorizontal_1.jpg\",\"width\":300,\"height\":90,\"caption\":\"Fiscal\u00eda General de la Naci\u00f3n\"},\"image\":{\"@id\":\"https:\/\/www.fiscalia.gov.co\/colombia\/#\/schema\/logo\/image\/\"},\"sameAs\":[\"https:\/\/www.facebook.com\/FiscaliaCol\",\"https:\/\/x.com\/FiscaliaCol\",\"https:\/\/www.instagram.com\/fiscaliacol\",\"https:\/\/www.linkedin.com\/company\/fiscalia-general-de-la-naci-n\/\",\"https:\/\/youtube.com\/@fiscaliageneraldelanacion-4668?si=6nN79nyQICPU5iTh\"]},{\"@type\":\"Person\",\"@id\":\"https:\/\/www.fiscalia.gov.co\/colombia\/#\/schema\/person\/06aa2210fe4d79203f428ff671dee360\",\"name\":\"Ana Mar\u00eda Gomez\",\"image\":{\"@type\":\"ImageObject\",\"inLanguage\":\"es-CO\",\"@id\":\"https:\/\/www.fiscalia.gov.co\/colombia\/#\/schema\/person\/image\/\",\"url\":\"https:\/\/secure.gravatar.com\/avatar\/a38115d98a7f8a96cbb96af2b2c37a0b?s=96&d=mm&r=g\",\"contentUrl\":\"https:\/\/secure.gravatar.com\/avatar\/a38115d98a7f8a96cbb96af2b2c37a0b?s=96&d=mm&r=g\",\"caption\":\"Ana Mar\u00eda Gomez\"},\"url\":\"https:\/\/www.fiscalia.gov.co\/colombia\/author\/agomez\/\"}]}<\/script>\n<!-- \/ Yoast SEO plugin. -->","yoast_head_json":{"title":"Fiscal\u00eda General de la Naci\u00f3n","description":"P\u00e1gina oficial de la Fiscal\u00eda General de la Naci\u00f3n \u2013 Colombia. Garantizamos el acceso efectivo a la justicia, la verdad y la reparaci\u00f3n de las v\u00edctimas de los delitos.","robots":{"index":"noindex","follow":"follow"},"og_locale":"es_ES","og_type":"article","og_title":"Fiscal\u00eda General de la Naci\u00f3n","og_description":"P\u00e1gina oficial de la Fiscal\u00eda General de la Naci\u00f3n \u2013 Colombia. Garantizamos el acceso efectivo a la justicia, la verdad y la reparaci\u00f3n de las v\u00edctimas de los delitos.","og_url":"https:\/\/www.fiscalia.gov.co\/colombia\/seccionales\/seccional-bogota\/fiscalia-afecta-con-fines-de-extincion-de-dominio-bienes-que-pertenecerian-a-personas-investigadas-por-nexos-con-los-carteles-de-la-droga-de-la-decada-de-los-noventa\/","og_site_name":"Fiscal\u00eda General de la Naci\u00f3n","article_publisher":"https:\/\/www.facebook.com\/FiscaliaCol","article_published_time":"2021-05-29T15:11:34+00:00","article_modified_time":"2021-05-29T15:12:52+00:00","author":"Ana Mar\u00eda Gomez","twitter_card":"summary_large_image","twitter_creator":"@FiscaliaCol","twitter_site":"@FiscaliaCol","twitter_misc":{"Escrito por":"Ana Mar\u00eda Gomez","Tiempo de lectura":"3 minutos"},"schema":{"@context":"https:\/\/schema.org","@graph":[{"@type":"Article","@id":"https:\/\/www.fiscalia.gov.co\/colombia\/seccionales\/seccional-bogota\/fiscalia-afecta-con-fines-de-extincion-de-dominio-bienes-que-pertenecerian-a-personas-investigadas-por-nexos-con-los-carteles-de-la-droga-de-la-decada-de-los-noventa\/#article","isPartOf":{"@id":"https:\/\/www.fiscalia.gov.co\/colombia\/seccionales\/seccional-bogota\/fiscalia-afecta-con-fines-de-extincion-de-dominio-bienes-que-pertenecerian-a-personas-investigadas-por-nexos-con-los-carteles-de-la-droga-de-la-decada-de-los-noventa\/"},"author":{"name":"Ana Mar\u00eda Gomez","@id":"https:\/\/www.fiscalia.gov.co\/colombia\/#\/schema\/person\/06aa2210fe4d79203f428ff671dee360"},"headline":"Fiscal\u00eda afecta con fines de extinci\u00f3n de dominio bienes que pertenecer\u00edan a personas investigadas por nexos con los carteles de la droga de la d\u00e9cada de los noventa","datePublished":"2021-05-29T15:11:34+00:00","dateModified":"2021-05-29T15:12:52+00:00","mainEntityOfPage":{"@id":"https:\/\/www.fiscalia.gov.co\/colombia\/seccionales\/seccional-bogota\/fiscalia-afecta-con-fines-de-extincion-de-dominio-bienes-que-pertenecerian-a-personas-investigadas-por-nexos-con-los-carteles-de-la-droga-de-la-decada-de-los-noventa\/"},"wordCount":534,"publisher":{"@id":"https:\/\/www.fiscalia.gov.co\/colombia\/#organization"},"keywords":["Alberto Giraldo L\u00f3pez","Enriquecimiento il\u00edcito","extinci\u00f3n del derecho de dominio","Francisco Barbosa Delgado","Guillermo Ortiz Gait\u00e1n","Lavado de activos","Narcotr\u00e1fico","SAE"],"articleSection":["Extinci\u00f3n de dominio","Seccional Bogot\u00e1","Seccionales"],"inLanguage":"es-CO"},{"@type":"WebPage","@id":"https:\/\/www.fiscalia.gov.co\/colombia\/seccionales\/seccional-bogota\/fiscalia-afecta-con-fines-de-extincion-de-dominio-bienes-que-pertenecerian-a-personas-investigadas-por-nexos-con-los-carteles-de-la-droga-de-la-decada-de-los-noventa\/","url":"https:\/\/www.fiscalia.gov.co\/colombia\/seccionales\/seccional-bogota\/fiscalia-afecta-con-fines-de-extincion-de-dominio-bienes-que-pertenecerian-a-personas-investigadas-por-nexos-con-los-carteles-de-la-droga-de-la-decada-de-los-noventa\/","name":"Fiscal\u00eda General de la Naci\u00f3n","isPartOf":{"@id":"https:\/\/www.fiscalia.gov.co\/colombia\/#website"},"datePublished":"2021-05-29T15:11:34+00:00","dateModified":"2021-05-29T15:12:52+00:00","description":"P\u00e1gina oficial de la Fiscal\u00eda General de la Naci\u00f3n \u2013 Colombia. Garantizamos el acceso efectivo a la justicia, la verdad y la reparaci\u00f3n de las v\u00edctimas de los delitos.","breadcrumb":{"@id":"https:\/\/www.fiscalia.gov.co\/colombia\/seccionales\/seccional-bogota\/fiscalia-afecta-con-fines-de-extincion-de-dominio-bienes-que-pertenecerian-a-personas-investigadas-por-nexos-con-los-carteles-de-la-droga-de-la-decada-de-los-noventa\/#breadcrumb"},"inLanguage":"es-CO","potentialAction":[{"@type":"ReadAction","target":["https:\/\/www.fiscalia.gov.co\/colombia\/seccionales\/seccional-bogota\/fiscalia-afecta-con-fines-de-extincion-de-dominio-bienes-que-pertenecerian-a-personas-investigadas-por-nexos-con-los-carteles-de-la-droga-de-la-decada-de-los-noventa\/"]}]},{"@type":"BreadcrumbList","@id":"https:\/\/www.fiscalia.gov.co\/colombia\/seccionales\/seccional-bogota\/fiscalia-afecta-con-fines-de-extincion-de-dominio-bienes-que-pertenecerian-a-personas-investigadas-por-nexos-con-los-carteles-de-la-droga-de-la-decada-de-los-noventa\/#breadcrumb","itemListElement":[{"@type":"ListItem","position":1,"name":"Home","item":"https:\/\/www.fiscalia.gov.co\/colombia\/"},{"@type":"ListItem","position":2,"name":"Fiscal\u00eda afecta con fines de extinci\u00f3n de dominio bienes que pertenecer\u00edan a personas investigadas por nexos con los carteles de la droga de la d\u00e9cada de los noventa"}]},{"@type":"WebSite","@id":"https:\/\/www.fiscalia.gov.co\/colombia\/#website","url":"https:\/\/www.fiscalia.gov.co\/colombia\/","name":"Fiscal\u00eda General de la Naci\u00f3n","description":"P\u00e1gina oficial de la Fiscal\u00eda General de la Naci\u00f3n \u2013 Colombia. Garantizamos el acceso efectivo a la justicia, la verdad y la reparaci\u00f3n de las v\u00edctimas de los delitos.","publisher":{"@id":"https:\/\/www.fiscalia.gov.co\/colombia\/#organization"},"potentialAction":[{"@type":"SearchAction","target":{"@type":"EntryPoint","urlTemplate":"https:\/\/www.fiscalia.gov.co\/colombia\/?s={search_term_string}"},"query-input":{"@type":"PropertyValueSpecification","valueRequired":true,"valueName":"search_term_string"}}],"inLanguage":"es-CO"},{"@type":"Organization","@id":"https:\/\/www.fiscalia.gov.co\/colombia\/#organization","name":"Fiscal\u00eda General de la Naci\u00f3n","url":"https:\/\/www.fiscalia.gov.co\/colombia\/","logo":{"@type":"ImageObject","inLanguage":"es-CO","@id":"https:\/\/www.fiscalia.gov.co\/colombia\/#\/schema\/logo\/image\/","url":"https:\/\/www.fiscalia.gov.co\/colombia\/wp-content\/uploads\/LogoHorizontal_1.jpg","contentUrl":"https:\/\/www.fiscalia.gov.co\/colombia\/wp-content\/uploads\/LogoHorizontal_1.jpg","width":300,"height":90,"caption":"Fiscal\u00eda General de la Naci\u00f3n"},"image":{"@id":"https:\/\/www.fiscalia.gov.co\/colombia\/#\/schema\/logo\/image\/"},"sameAs":["https:\/\/www.facebook.com\/FiscaliaCol","https:\/\/x.com\/FiscaliaCol","https:\/\/www.instagram.com\/fiscaliacol","https:\/\/www.linkedin.com\/company\/fiscalia-general-de-la-naci-n\/","https:\/\/youtube.com\/@fiscaliageneraldelanacion-4668?si=6nN79nyQICPU5iTh"]},{"@type":"Person","@id":"https:\/\/www.fiscalia.gov.co\/colombia\/#\/schema\/person\/06aa2210fe4d79203f428ff671dee360","name":"Ana Mar\u00eda Gomez","image":{"@type":"ImageObject","inLanguage":"es-CO","@id":"https:\/\/www.fiscalia.gov.co\/colombia\/#\/schema\/person\/image\/","url":"https:\/\/secure.gravatar.com\/avatar\/a38115d98a7f8a96cbb96af2b2c37a0b?s=96&d=mm&r=g","contentUrl":"https:\/\/secure.gravatar.com\/avatar\/a38115d98a7f8a96cbb96af2b2c37a0b?s=96&d=mm&r=g","caption":"Ana Mar\u00eda Gomez"},"url":"https:\/\/www.fiscalia.gov.co\/colombia\/author\/agomez\/"}]}},"_links":{"self":[{"href":"https:\/\/www.fiscalia.gov.co\/colombia\/wp-json\/wp\/v2\/posts\/221016","targetHints":{"allow":["GET"]}}],"collection":[{"href":"https:\/\/www.fiscalia.gov.co\/colombia\/wp-json\/wp\/v2\/posts"}],"about":[{"href":"https:\/\/www.fiscalia.gov.co\/colombia\/wp-json\/wp\/v2\/types\/post"}],"author":[{"embeddable":true,"href":"https:\/\/www.fiscalia.gov.co\/colombia\/wp-json\/wp\/v2\/users\/171"}],"replies":[{"embeddable":true,"href":"https:\/\/www.fiscalia.gov.co\/colombia\/wp-json\/wp\/v2\/comments?post=221016"}],"version-history":[{"count":4,"href":"https:\/\/www.fiscalia.gov.co\/colombia\/wp-json\/wp\/v2\/posts\/221016\/revisions"}],"predecessor-version":[{"id":221020,"href":"https:\/\/www.fiscalia.gov.co\/colombia\/wp-json\/wp\/v2\/posts\/221016\/revisions\/221020"}],"wp:attachment":[{"href":"https:\/\/www.fiscalia.gov.co\/colombia\/wp-json\/wp\/v2\/media?parent=221016"}],"wp:term":[{"taxonomy":"category","embeddable":true,"href":"https:\/\/www.fiscalia.gov.co\/colombia\/wp-json\/wp\/v2\/categories?post=221016"},{"taxonomy":"post_tag","embeddable":true,"href":"https:\/\/www.fiscalia.gov.co\/colombia\/wp-json\/wp\/v2\/tags?post=221016"}],"curies":[{"name":"wp","href":"https:\/\/api.w.org\/{rel}","templated":true}]}}