{"id":220807,"date":"2021-05-26T14:03:41","date_gmt":"2021-05-26T19:03:41","guid":{"rendered":"https:\/\/www.fiscalia.gov.co\/colombia\/?p=220807"},"modified":"2021-05-26T14:03:41","modified_gmt":"2021-05-26T19:03:41","slug":"fiscalia-judicializo-a-cuatro-presuntos-miembros-de-la-faccion-los-chotas-de-la-banda-delictiva-la-local-en-buenaventura","status":"publish","type":"post","link":"https:\/\/www.fiscalia.gov.co\/colombia\/seccionales\/fiscalia-judicializo-a-cuatro-presuntos-miembros-de-la-faccion-los-chotas-de-la-banda-delictiva-la-local-en-buenaventura\/","title":{"rendered":"Fiscal\u00eda judicializ\u00f3 a cuatro presuntos miembros de la facci\u00f3n Los Chotas de la banda delictiva La Local en Buenaventura"},"content":{"rendered":"<figure id=\"attachment_220808\" aria-describedby=\"caption-attachment-220808\" style=\"width: 398px\" class=\"wp-caption alignleft\"><img loading=\"lazy\" decoding=\"async\" class=\" wp-image-220808\" src=\"https:\/\/www.fiscalia.gov.co\/colombia\/wp-content\/uploads\/Hernando-Sinisterra-Quintero-alias-Nando-768x1024.jpeg\" alt=\"\" width=\"398\" height=\"531\" srcset=\"https:\/\/www.fiscalia.gov.co\/colombia\/wp-content\/uploads\/Hernando-Sinisterra-Quintero-alias-Nando-768x1024.jpeg 768w, https:\/\/www.fiscalia.gov.co\/colombia\/wp-content\/uploads\/Hernando-Sinisterra-Quintero-alias-Nando-225x300.jpeg 225w, https:\/\/www.fiscalia.gov.co\/colombia\/wp-content\/uploads\/Hernando-Sinisterra-Quintero-alias-Nando-696x928.jpeg 696w, https:\/\/www.fiscalia.gov.co\/colombia\/wp-content\/uploads\/Hernando-Sinisterra-Quintero-alias-Nando-315x420.jpeg 315w, https:\/\/www.fiscalia.gov.co\/colombia\/wp-content\/uploads\/Hernando-Sinisterra-Quintero-alias-Nando.jpeg 960w\" sizes=\"auto, (max-width: 398px) 100vw, 398px\" \/><figcaption id=\"caption-attachment-220808\" class=\"wp-caption-text\"><strong>Estos cinco presuntos miembros del grupo delictivo La Local, entre ellos el supuesto cabecilla de la facci\u00f3n Los Chotas, fueron capturados en el barrio Ol\u00edmpico de Buenaventura por la Polic\u00eda Nacional.<\/strong><\/figcaption><\/figure>\n<p class=\"x_xmsonormal\"><span lang=\"ES\">Cuatro presuntos integrantes de la banda delictiva La Local, facci\u00f3n Los Chotas, fueron\u00a0<b>enviados a la c\u00e1rcel<\/b>\u00a0por el juez tercero penal municipal de\u00a0<b>Buenaventura (Valle del Cauca)<\/b>, con funci\u00f3n de control de garant\u00edas.\u00a0<\/span><\/p>\n<p class=\"x_xmsonormal\"><span lang=\"ES\">La Fiscal\u00eda les imput\u00f3 cargos por fabricaci\u00f3n, tr\u00e1fico y porte de armas de fuego, accesorios, partes y\u00a0<\/span><a href=\"https:\/\/www.fiscalia.gov.co\/colombia\/seguridad-ciudadana\/carcel-para-dos-hombres-que-presuntamente-portaban-armas-de-uso-privativo-de-las-fuerzas-militares\/\" target=\"_blank\" rel=\"noopener noreferrer\" data-auth=\"NotApplicable\" data-linkindex=\"0\"><span lang=\"ES\">municiones de uso restringido<\/span><\/a><span lang=\"ES\">, de uso privativo de las Fuerzas Armadas o explosivos agravado en concurso homog\u00e9neo con\u00a0<b>tr\u00e1fico, fabricaci\u00f3n y porte de armas de fuego, accesorios, partes y municiones.\u00a0\u00a0<\/b><\/span><\/p>\n<p class=\"x_xmsonormal\"><span lang=\"ES\">Los procesados son: Hernando Sinisterra Quintero, alias Nando; presunto cabecilla de\u00a0<\/span><a href=\"https:\/\/www.fiscalia.gov.co\/colombia\/seguridad-ciudadana\/asegurado-alias-800-presunto-miembro-de-la-banda-la-local-los-chotas-por-porte-ilegal-de-armas\/\" target=\"_blank\" rel=\"noopener noreferrer\" data-auth=\"NotApplicable\" data-linkindex=\"1\"><span lang=\"ES\">Los Chotas<\/span><\/a><span lang=\"ES\">; Hugo Fernando Vallecilla Caicedo, alias Hugonote; Jos\u00e9 Alberto Rivas Angulo, alias Juano; y Brayan David G\u00f3ngora Castro, alias David.\u00a0<\/span><\/p>\n<p class=\"x_xmsonormal\"><span lang=\"ES\">Estas personas fueron capturadas el pasado 23 de mayo en la carrera 47 con calle 7 Sur,\u00a0<b>barrio Ol\u00edmpico<\/b>\u00a0de esa ciudad vallecaucana, por agentes de la Polic\u00eda Nacional, durante operativos de control en las comunas 8 y 9.\u00a0<\/span><span lang=\"ES\">\u00a0<\/span><\/p>\n<p class=\"x_xmsonormal\"><span lang=\"ES\">Seg\u00fan lo establecido, las autoridades recibieron informaci\u00f3n de una fuente humana, quien asegur\u00f3 que cuatro hombres armados planeaban realizar un\u00a0<b>acto delictivo<\/b> en ese sector. <\/span><span lang=\"ES\">\u00a0<\/span><\/p>\n<p class=\"x_xmsonormal\"><span lang=\"ES\">Al percatarse de la presencia de la Polic\u00eda, los hoy procesados trataron de huir y al parecer arrojaron varias armas que portaban; sin embargo, los uniformados los hallaron en una casa abandonada en la que hab\u00eda municiones, y recuperaron el\u00a0<b>armamento<\/b> (2 pistolas y un rev\u00f3lver calibre 38).\u00a0<\/span><\/p>\n<p class=\"x_xmsonormal\"><span lang=\"ES\">Durante la imputaci\u00f3n por la Fiscal\u00eda, los presuntos miembros de \u2018Los Chotas\u2019 no se allanaron a cargos.\u00a0<\/span><\/p>\n<p class=\"x_xmsonormal\"><span lang=\"ES\">La Fiscal\u00eda habla con resultados.\u00a0<\/span><span lang=\"ES\">\u00a0<\/span><\/p>\n<p class=\"x_xmsonormal\"><span lang=\"ES\">JGPV\/DP\/DLBM.\u00a0<\/span><\/p>\n<p class=\"x_xmsonormal\"><i><span lang=\"ES\">La informaci\u00f3n contenida en este bolet\u00edn de prensa corresponde a la narraci\u00f3n de los hechos noticiosos objetivos, suministrados por los funcionarios encargados de adelantar las investigaciones penales al interior de la Fiscal\u00eda General de la Naci\u00f3n. Para el momento de la divulgaci\u00f3n de este comunicado, la situaci\u00f3n jur\u00eddica de la(s) persona(s) relacionada(s) se encuentra pendiente de resolver por la autoridad judicial competente, siempre bajo los preceptos de la presunci\u00f3n de inocencia, consagrados en el art\u00edculo 29 de la Constituci\u00f3n Pol\u00edtica y el art\u00edculo 7\u00ba de la Ley 906 de 2004.<\/span><\/i><span lang=\"ES\">\u00a0 \u00a0\u00a0\u00a0<\/span><\/p>\n<p><span lang=\"ES\">Le puede interesar:\u00a0<\/span><a href=\"https:\/\/www.fiscalia.gov.co\/colombia\/seguridad-ciudadana\/carcel-para-dos-presuntos-integrantes-de-la-banda-la-local-los-chotas-por-porte-ilegal-de-armas\/\" target=\"_blank\" rel=\"noopener noreferrer\" data-auth=\"NotApplicable\" data-linkindex=\"2\"><span lang=\"ES\">C\u00e1rcel para dos presuntos integrantes de la banda La Local \u2013 Los Chotas por porte ilegal de armas\u00a0<\/span><\/a><span lang=\"ES\">\u00a0<\/span><\/p>\n\n<div class=\"twitter-share\"><a href=\"https:\/\/twitter.com\/intent\/tweet?via=fiscaliacol\" class=\"twitter-share-button\">Tweet<\/a><\/div>\n","protected":false},"excerpt":{"rendered":"<p>Cuatro presuntos integrantes de la banda delictiva La Local, facci\u00f3n Los Chotas, fueron\u00a0enviados a la c\u00e1rcel\u00a0por el juez tercero penal municipal de\u00a0Buenaventura (Valle del Cauca), con funci\u00f3n de control de garant\u00edas.\u00a0 La Fiscal\u00eda les imput\u00f3 cargos por fabricaci\u00f3n, tr\u00e1fico y porte de armas de fuego, accesorios, partes y\u00a0municiones de uso restringido, de uso privativo de [&hellip;]<\/p>\n","protected":false},"author":162,"featured_media":0,"comment_status":"closed","ping_status":"open","sticky":false,"template":"","format":"standard","meta":{"_price":"","_stock":"","_tribe_ticket_header":"","_tribe_default_ticket_provider":"","_tribe_ticket_capacity":"0","_ticket_start_date":"","_ticket_end_date":"","_tribe_ticket_show_description":"","_tribe_ticket_show_not_going":false,"_tribe_ticket_use_global_stock":"","_tribe_ticket_global_stock_level":"","_global_stock_mode":"","_global_stock_cap":"","_tribe_rsvp_for_event":"","_tribe_ticket_going_count":"","_tribe_ticket_not_going_count":"","_tribe_tickets_list":"[]","_tribe_ticket_has_attendee_info_fields":false,"tdm_status":"","tdm_grid_status":"","footnotes":""},"categories":[24098,324,303,24099],"tags":[24460,27123,24526,24481,1047,25069],"class_list":{"0":"post-220807","1":"post","2":"type-post","3":"status-publish","4":"format-standard","6":"category-crimen-organizado","7":"category-seccional-cali","8":"category-seccionales","9":"category-seguridad-territorial","10":"tag-banda-delictiva-la-local","11":"tag-faccion-los-chotas","12":"tag-fiscal-general-francisco-barbosa-delgado","13":"tag-fiscalia-de-colombia","14":"tag-fiscalia-general-de-la-nacion","15":"tag-municiones-de-uso-restringido"},"yoast_head":"<!-- This site is optimized with the Yoast SEO plugin v24.3 - https:\/\/yoast.com\/wordpress\/plugins\/seo\/ -->\n<title>Fiscal\u00eda General de la Naci\u00f3n<\/title>\n<meta name=\"description\" content=\"P\u00e1gina oficial de la Fiscal\u00eda General de la Naci\u00f3n \u2013 Colombia. Garantizamos el acceso efectivo a la justicia, la verdad y la reparaci\u00f3n de las v\u00edctimas de los delitos.\" \/>\n<meta name=\"robots\" content=\"noindex, follow\" \/>\n<meta property=\"og:locale\" content=\"es_ES\" \/>\n<meta property=\"og:type\" content=\"article\" \/>\n<meta property=\"og:title\" content=\"Fiscal\u00eda General de la Naci\u00f3n\" \/>\n<meta property=\"og:description\" content=\"P\u00e1gina oficial de la Fiscal\u00eda General de la Naci\u00f3n \u2013 Colombia. Garantizamos el acceso efectivo a la justicia, la verdad y la reparaci\u00f3n de las v\u00edctimas de los delitos.\" \/>\n<meta property=\"og:url\" content=\"https:\/\/www.fiscalia.gov.co\/colombia\/seccionales\/fiscalia-judicializo-a-cuatro-presuntos-miembros-de-la-faccion-los-chotas-de-la-banda-delictiva-la-local-en-buenaventura\/\" \/>\n<meta property=\"og:site_name\" content=\"Fiscal\u00eda General de la Naci\u00f3n\" \/>\n<meta property=\"article:publisher\" content=\"https:\/\/www.facebook.com\/FiscaliaCol\" \/>\n<meta property=\"article:published_time\" content=\"2021-05-26T19:03:41+00:00\" \/>\n<meta property=\"og:image\" content=\"https:\/\/www.fiscalia.gov.co\/colombia\/wp-content\/uploads\/Hernando-Sinisterra-Quintero-alias-Nando-768x1024.jpeg\" \/>\n<meta name=\"author\" content=\"Direcci\u00f3n de Comunicaciones Fiscal\u00eda General de la Naci\u00f3n\" \/>\n<meta name=\"twitter:card\" content=\"summary_large_image\" \/>\n<meta name=\"twitter:creator\" content=\"@FiscaliaCol\" \/>\n<meta name=\"twitter:site\" content=\"@FiscaliaCol\" \/>\n<meta name=\"twitter:label1\" content=\"Escrito por\" \/>\n\t<meta name=\"twitter:data1\" content=\"Direcci\u00f3n de Comunicaciones Fiscal\u00eda General de la Naci\u00f3n\" \/>\n\t<meta name=\"twitter:label2\" content=\"Tiempo de lectura\" \/>\n\t<meta name=\"twitter:data2\" content=\"2 minutos\" \/>\n<script type=\"application\/ld+json\" class=\"yoast-schema-graph\">{\"@context\":\"https:\/\/schema.org\",\"@graph\":[{\"@type\":\"Article\",\"@id\":\"https:\/\/www.fiscalia.gov.co\/colombia\/seccionales\/fiscalia-judicializo-a-cuatro-presuntos-miembros-de-la-faccion-los-chotas-de-la-banda-delictiva-la-local-en-buenaventura\/#article\",\"isPartOf\":{\"@id\":\"https:\/\/www.fiscalia.gov.co\/colombia\/seccionales\/fiscalia-judicializo-a-cuatro-presuntos-miembros-de-la-faccion-los-chotas-de-la-banda-delictiva-la-local-en-buenaventura\/\"},\"author\":{\"name\":\"Direcci\u00f3n de Comunicaciones Fiscal\u00eda General de la Naci\u00f3n\",\"@id\":\"https:\/\/www.fiscalia.gov.co\/colombia\/#\/schema\/person\/bf28d8ae7f1b287bbe3af484b04f43ea\"},\"headline\":\"Fiscal\u00eda judicializ\u00f3 a cuatro presuntos miembros de la facci\u00f3n Los Chotas de la banda delictiva La Local en Buenaventura\",\"datePublished\":\"2021-05-26T19:03:41+00:00\",\"dateModified\":\"2021-05-26T19:03:41+00:00\",\"mainEntityOfPage\":{\"@id\":\"https:\/\/www.fiscalia.gov.co\/colombia\/seccionales\/fiscalia-judicializo-a-cuatro-presuntos-miembros-de-la-faccion-los-chotas-de-la-banda-delictiva-la-local-en-buenaventura\/\"},\"wordCount\":449,\"publisher\":{\"@id\":\"https:\/\/www.fiscalia.gov.co\/colombia\/#organization\"},\"image\":{\"@id\":\"https:\/\/www.fiscalia.gov.co\/colombia\/seccionales\/fiscalia-judicializo-a-cuatro-presuntos-miembros-de-la-faccion-los-chotas-de-la-banda-delictiva-la-local-en-buenaventura\/#primaryimage\"},\"thumbnailUrl\":\"https:\/\/www.fiscalia.gov.co\/colombia\/wp-content\/uploads\/Hernando-Sinisterra-Quintero-alias-Nando-768x1024.jpeg\",\"keywords\":[\"banda delictiva La Local\",\"Facci\u00f3n Los Chotas\",\"Fiscal General Francisco Barbosa Delgado\",\"Fiscal\u00eda de Colombia\",\"Fiscal\u00eda General de la Naci\u00f3n\",\"municiones de uso restringido\"],\"articleSection\":[\"Crimen organizado\",\"Seccional Cali\",\"Seccionales\",\"Seguridad territorial\"],\"inLanguage\":\"es-CO\"},{\"@type\":\"WebPage\",\"@id\":\"https:\/\/www.fiscalia.gov.co\/colombia\/seccionales\/fiscalia-judicializo-a-cuatro-presuntos-miembros-de-la-faccion-los-chotas-de-la-banda-delictiva-la-local-en-buenaventura\/\",\"url\":\"https:\/\/www.fiscalia.gov.co\/colombia\/seccionales\/fiscalia-judicializo-a-cuatro-presuntos-miembros-de-la-faccion-los-chotas-de-la-banda-delictiva-la-local-en-buenaventura\/\",\"name\":\"Fiscal\u00eda General de la Naci\u00f3n\",\"isPartOf\":{\"@id\":\"https:\/\/www.fiscalia.gov.co\/colombia\/#website\"},\"primaryImageOfPage\":{\"@id\":\"https:\/\/www.fiscalia.gov.co\/colombia\/seccionales\/fiscalia-judicializo-a-cuatro-presuntos-miembros-de-la-faccion-los-chotas-de-la-banda-delictiva-la-local-en-buenaventura\/#primaryimage\"},\"image\":{\"@id\":\"https:\/\/www.fiscalia.gov.co\/colombia\/seccionales\/fiscalia-judicializo-a-cuatro-presuntos-miembros-de-la-faccion-los-chotas-de-la-banda-delictiva-la-local-en-buenaventura\/#primaryimage\"},\"thumbnailUrl\":\"https:\/\/www.fiscalia.gov.co\/colombia\/wp-content\/uploads\/Hernando-Sinisterra-Quintero-alias-Nando-768x1024.jpeg\",\"datePublished\":\"2021-05-26T19:03:41+00:00\",\"dateModified\":\"2021-05-26T19:03:41+00:00\",\"description\":\"P\u00e1gina oficial de la Fiscal\u00eda General de la Naci\u00f3n \u2013 Colombia. Garantizamos el acceso efectivo a la justicia, la verdad y la reparaci\u00f3n de las v\u00edctimas de los delitos.\",\"breadcrumb\":{\"@id\":\"https:\/\/www.fiscalia.gov.co\/colombia\/seccionales\/fiscalia-judicializo-a-cuatro-presuntos-miembros-de-la-faccion-los-chotas-de-la-banda-delictiva-la-local-en-buenaventura\/#breadcrumb\"},\"inLanguage\":\"es-CO\",\"potentialAction\":[{\"@type\":\"ReadAction\",\"target\":[\"https:\/\/www.fiscalia.gov.co\/colombia\/seccionales\/fiscalia-judicializo-a-cuatro-presuntos-miembros-de-la-faccion-los-chotas-de-la-banda-delictiva-la-local-en-buenaventura\/\"]}]},{\"@type\":\"ImageObject\",\"inLanguage\":\"es-CO\",\"@id\":\"https:\/\/www.fiscalia.gov.co\/colombia\/seccionales\/fiscalia-judicializo-a-cuatro-presuntos-miembros-de-la-faccion-los-chotas-de-la-banda-delictiva-la-local-en-buenaventura\/#primaryimage\",\"url\":\"https:\/\/www.fiscalia.gov.co\/colombia\/wp-content\/uploads\/Hernando-Sinisterra-Quintero-alias-Nando-768x1024.jpeg\",\"contentUrl\":\"https:\/\/www.fiscalia.gov.co\/colombia\/wp-content\/uploads\/Hernando-Sinisterra-Quintero-alias-Nando-768x1024.jpeg\"},{\"@type\":\"BreadcrumbList\",\"@id\":\"https:\/\/www.fiscalia.gov.co\/colombia\/seccionales\/fiscalia-judicializo-a-cuatro-presuntos-miembros-de-la-faccion-los-chotas-de-la-banda-delictiva-la-local-en-buenaventura\/#breadcrumb\",\"itemListElement\":[{\"@type\":\"ListItem\",\"position\":1,\"name\":\"Home\",\"item\":\"https:\/\/www.fiscalia.gov.co\/colombia\/\"},{\"@type\":\"ListItem\",\"position\":2,\"name\":\"Fiscal\u00eda judicializ\u00f3 a cuatro presuntos miembros de la facci\u00f3n Los Chotas de la banda delictiva La Local en Buenaventura\"}]},{\"@type\":\"WebSite\",\"@id\":\"https:\/\/www.fiscalia.gov.co\/colombia\/#website\",\"url\":\"https:\/\/www.fiscalia.gov.co\/colombia\/\",\"name\":\"Fiscal\u00eda General de la Naci\u00f3n\",\"description\":\"P\u00e1gina oficial de la Fiscal\u00eda General de la Naci\u00f3n \u2013 Colombia. Garantizamos el acceso efectivo a la justicia, la verdad y la reparaci\u00f3n de las v\u00edctimas de los delitos.\",\"publisher\":{\"@id\":\"https:\/\/www.fiscalia.gov.co\/colombia\/#organization\"},\"potentialAction\":[{\"@type\":\"SearchAction\",\"target\":{\"@type\":\"EntryPoint\",\"urlTemplate\":\"https:\/\/www.fiscalia.gov.co\/colombia\/?s={search_term_string}\"},\"query-input\":{\"@type\":\"PropertyValueSpecification\",\"valueRequired\":true,\"valueName\":\"search_term_string\"}}],\"inLanguage\":\"es-CO\"},{\"@type\":\"Organization\",\"@id\":\"https:\/\/www.fiscalia.gov.co\/colombia\/#organization\",\"name\":\"Fiscal\u00eda General de la Naci\u00f3n\",\"url\":\"https:\/\/www.fiscalia.gov.co\/colombia\/\",\"logo\":{\"@type\":\"ImageObject\",\"inLanguage\":\"es-CO\",\"@id\":\"https:\/\/www.fiscalia.gov.co\/colombia\/#\/schema\/logo\/image\/\",\"url\":\"https:\/\/www.fiscalia.gov.co\/colombia\/wp-content\/uploads\/LogoHorizontal_1.jpg\",\"contentUrl\":\"https:\/\/www.fiscalia.gov.co\/colombia\/wp-content\/uploads\/LogoHorizontal_1.jpg\",\"width\":300,\"height\":90,\"caption\":\"Fiscal\u00eda General de la Naci\u00f3n\"},\"image\":{\"@id\":\"https:\/\/www.fiscalia.gov.co\/colombia\/#\/schema\/logo\/image\/\"},\"sameAs\":[\"https:\/\/www.facebook.com\/FiscaliaCol\",\"https:\/\/x.com\/FiscaliaCol\",\"https:\/\/www.instagram.com\/fiscaliacol\",\"https:\/\/www.linkedin.com\/company\/fiscalia-general-de-la-naci-n\/\",\"https:\/\/youtube.com\/@fiscaliageneraldelanacion-4668?si=6nN79nyQICPU5iTh\"]},{\"@type\":\"Person\",\"@id\":\"https:\/\/www.fiscalia.gov.co\/colombia\/#\/schema\/person\/bf28d8ae7f1b287bbe3af484b04f43ea\",\"name\":\"Direcci\u00f3n de Comunicaciones Fiscal\u00eda General de la Naci\u00f3n\",\"image\":{\"@type\":\"ImageObject\",\"inLanguage\":\"es-CO\",\"@id\":\"https:\/\/www.fiscalia.gov.co\/colombia\/#\/schema\/person\/image\/\",\"url\":\"https:\/\/secure.gravatar.com\/avatar\/9d55ae161d32da16dbdd0b380c080a5f?s=96&d=mm&r=g\",\"contentUrl\":\"https:\/\/secure.gravatar.com\/avatar\/9d55ae161d32da16dbdd0b380c080a5f?s=96&d=mm&r=g\",\"caption\":\"Direcci\u00f3n de Comunicaciones Fiscal\u00eda General de la Naci\u00f3n\"},\"url\":\"https:\/\/www.fiscalia.gov.co\/colombia\/author\/kbonilla\/\"}]}<\/script>\n<!-- \/ Yoast SEO plugin. -->","yoast_head_json":{"title":"Fiscal\u00eda General de la Naci\u00f3n","description":"P\u00e1gina oficial de la Fiscal\u00eda General de la Naci\u00f3n \u2013 Colombia. Garantizamos el acceso efectivo a la justicia, la verdad y la reparaci\u00f3n de las v\u00edctimas de los delitos.","robots":{"index":"noindex","follow":"follow"},"og_locale":"es_ES","og_type":"article","og_title":"Fiscal\u00eda General de la Naci\u00f3n","og_description":"P\u00e1gina oficial de la Fiscal\u00eda General de la Naci\u00f3n \u2013 Colombia. Garantizamos el acceso efectivo a la justicia, la verdad y la reparaci\u00f3n de las v\u00edctimas de los delitos.","og_url":"https:\/\/www.fiscalia.gov.co\/colombia\/seccionales\/fiscalia-judicializo-a-cuatro-presuntos-miembros-de-la-faccion-los-chotas-de-la-banda-delictiva-la-local-en-buenaventura\/","og_site_name":"Fiscal\u00eda General de la Naci\u00f3n","article_publisher":"https:\/\/www.facebook.com\/FiscaliaCol","article_published_time":"2021-05-26T19:03:41+00:00","og_image":[{"url":"https:\/\/www.fiscalia.gov.co\/colombia\/wp-content\/uploads\/Hernando-Sinisterra-Quintero-alias-Nando-768x1024.jpeg","type":"","width":"","height":""}],"author":"Direcci\u00f3n de Comunicaciones Fiscal\u00eda General de la Naci\u00f3n","twitter_card":"summary_large_image","twitter_creator":"@FiscaliaCol","twitter_site":"@FiscaliaCol","twitter_misc":{"Escrito por":"Direcci\u00f3n de Comunicaciones Fiscal\u00eda General de la Naci\u00f3n","Tiempo de lectura":"2 minutos"},"schema":{"@context":"https:\/\/schema.org","@graph":[{"@type":"Article","@id":"https:\/\/www.fiscalia.gov.co\/colombia\/seccionales\/fiscalia-judicializo-a-cuatro-presuntos-miembros-de-la-faccion-los-chotas-de-la-banda-delictiva-la-local-en-buenaventura\/#article","isPartOf":{"@id":"https:\/\/www.fiscalia.gov.co\/colombia\/seccionales\/fiscalia-judicializo-a-cuatro-presuntos-miembros-de-la-faccion-los-chotas-de-la-banda-delictiva-la-local-en-buenaventura\/"},"author":{"name":"Direcci\u00f3n de Comunicaciones Fiscal\u00eda General de la Naci\u00f3n","@id":"https:\/\/www.fiscalia.gov.co\/colombia\/#\/schema\/person\/bf28d8ae7f1b287bbe3af484b04f43ea"},"headline":"Fiscal\u00eda judicializ\u00f3 a cuatro presuntos miembros de la facci\u00f3n Los Chotas de la banda delictiva La Local en Buenaventura","datePublished":"2021-05-26T19:03:41+00:00","dateModified":"2021-05-26T19:03:41+00:00","mainEntityOfPage":{"@id":"https:\/\/www.fiscalia.gov.co\/colombia\/seccionales\/fiscalia-judicializo-a-cuatro-presuntos-miembros-de-la-faccion-los-chotas-de-la-banda-delictiva-la-local-en-buenaventura\/"},"wordCount":449,"publisher":{"@id":"https:\/\/www.fiscalia.gov.co\/colombia\/#organization"},"image":{"@id":"https:\/\/www.fiscalia.gov.co\/colombia\/seccionales\/fiscalia-judicializo-a-cuatro-presuntos-miembros-de-la-faccion-los-chotas-de-la-banda-delictiva-la-local-en-buenaventura\/#primaryimage"},"thumbnailUrl":"https:\/\/www.fiscalia.gov.co\/colombia\/wp-content\/uploads\/Hernando-Sinisterra-Quintero-alias-Nando-768x1024.jpeg","keywords":["banda delictiva La Local","Facci\u00f3n Los Chotas","Fiscal General Francisco Barbosa Delgado","Fiscal\u00eda de Colombia","Fiscal\u00eda General de la Naci\u00f3n","municiones de uso restringido"],"articleSection":["Crimen organizado","Seccional Cali","Seccionales","Seguridad territorial"],"inLanguage":"es-CO"},{"@type":"WebPage","@id":"https:\/\/www.fiscalia.gov.co\/colombia\/seccionales\/fiscalia-judicializo-a-cuatro-presuntos-miembros-de-la-faccion-los-chotas-de-la-banda-delictiva-la-local-en-buenaventura\/","url":"https:\/\/www.fiscalia.gov.co\/colombia\/seccionales\/fiscalia-judicializo-a-cuatro-presuntos-miembros-de-la-faccion-los-chotas-de-la-banda-delictiva-la-local-en-buenaventura\/","name":"Fiscal\u00eda General de la Naci\u00f3n","isPartOf":{"@id":"https:\/\/www.fiscalia.gov.co\/colombia\/#website"},"primaryImageOfPage":{"@id":"https:\/\/www.fiscalia.gov.co\/colombia\/seccionales\/fiscalia-judicializo-a-cuatro-presuntos-miembros-de-la-faccion-los-chotas-de-la-banda-delictiva-la-local-en-buenaventura\/#primaryimage"},"image":{"@id":"https:\/\/www.fiscalia.gov.co\/colombia\/seccionales\/fiscalia-judicializo-a-cuatro-presuntos-miembros-de-la-faccion-los-chotas-de-la-banda-delictiva-la-local-en-buenaventura\/#primaryimage"},"thumbnailUrl":"https:\/\/www.fiscalia.gov.co\/colombia\/wp-content\/uploads\/Hernando-Sinisterra-Quintero-alias-Nando-768x1024.jpeg","datePublished":"2021-05-26T19:03:41+00:00","dateModified":"2021-05-26T19:03:41+00:00","description":"P\u00e1gina oficial de la Fiscal\u00eda General de la Naci\u00f3n \u2013 Colombia. Garantizamos el acceso efectivo a la justicia, la verdad y la reparaci\u00f3n de las v\u00edctimas de los delitos.","breadcrumb":{"@id":"https:\/\/www.fiscalia.gov.co\/colombia\/seccionales\/fiscalia-judicializo-a-cuatro-presuntos-miembros-de-la-faccion-los-chotas-de-la-banda-delictiva-la-local-en-buenaventura\/#breadcrumb"},"inLanguage":"es-CO","potentialAction":[{"@type":"ReadAction","target":["https:\/\/www.fiscalia.gov.co\/colombia\/seccionales\/fiscalia-judicializo-a-cuatro-presuntos-miembros-de-la-faccion-los-chotas-de-la-banda-delictiva-la-local-en-buenaventura\/"]}]},{"@type":"ImageObject","inLanguage":"es-CO","@id":"https:\/\/www.fiscalia.gov.co\/colombia\/seccionales\/fiscalia-judicializo-a-cuatro-presuntos-miembros-de-la-faccion-los-chotas-de-la-banda-delictiva-la-local-en-buenaventura\/#primaryimage","url":"https:\/\/www.fiscalia.gov.co\/colombia\/wp-content\/uploads\/Hernando-Sinisterra-Quintero-alias-Nando-768x1024.jpeg","contentUrl":"https:\/\/www.fiscalia.gov.co\/colombia\/wp-content\/uploads\/Hernando-Sinisterra-Quintero-alias-Nando-768x1024.jpeg"},{"@type":"BreadcrumbList","@id":"https:\/\/www.fiscalia.gov.co\/colombia\/seccionales\/fiscalia-judicializo-a-cuatro-presuntos-miembros-de-la-faccion-los-chotas-de-la-banda-delictiva-la-local-en-buenaventura\/#breadcrumb","itemListElement":[{"@type":"ListItem","position":1,"name":"Home","item":"https:\/\/www.fiscalia.gov.co\/colombia\/"},{"@type":"ListItem","position":2,"name":"Fiscal\u00eda judicializ\u00f3 a cuatro presuntos miembros de la facci\u00f3n Los Chotas de la banda delictiva La Local en Buenaventura"}]},{"@type":"WebSite","@id":"https:\/\/www.fiscalia.gov.co\/colombia\/#website","url":"https:\/\/www.fiscalia.gov.co\/colombia\/","name":"Fiscal\u00eda General de la Naci\u00f3n","description":"P\u00e1gina oficial de la Fiscal\u00eda General de la Naci\u00f3n \u2013 Colombia. Garantizamos el acceso efectivo a la justicia, la verdad y la reparaci\u00f3n de las v\u00edctimas de los delitos.","publisher":{"@id":"https:\/\/www.fiscalia.gov.co\/colombia\/#organization"},"potentialAction":[{"@type":"SearchAction","target":{"@type":"EntryPoint","urlTemplate":"https:\/\/www.fiscalia.gov.co\/colombia\/?s={search_term_string}"},"query-input":{"@type":"PropertyValueSpecification","valueRequired":true,"valueName":"search_term_string"}}],"inLanguage":"es-CO"},{"@type":"Organization","@id":"https:\/\/www.fiscalia.gov.co\/colombia\/#organization","name":"Fiscal\u00eda General de la Naci\u00f3n","url":"https:\/\/www.fiscalia.gov.co\/colombia\/","logo":{"@type":"ImageObject","inLanguage":"es-CO","@id":"https:\/\/www.fiscalia.gov.co\/colombia\/#\/schema\/logo\/image\/","url":"https:\/\/www.fiscalia.gov.co\/colombia\/wp-content\/uploads\/LogoHorizontal_1.jpg","contentUrl":"https:\/\/www.fiscalia.gov.co\/colombia\/wp-content\/uploads\/LogoHorizontal_1.jpg","width":300,"height":90,"caption":"Fiscal\u00eda General de la Naci\u00f3n"},"image":{"@id":"https:\/\/www.fiscalia.gov.co\/colombia\/#\/schema\/logo\/image\/"},"sameAs":["https:\/\/www.facebook.com\/FiscaliaCol","https:\/\/x.com\/FiscaliaCol","https:\/\/www.instagram.com\/fiscaliacol","https:\/\/www.linkedin.com\/company\/fiscalia-general-de-la-naci-n\/","https:\/\/youtube.com\/@fiscaliageneraldelanacion-4668?si=6nN79nyQICPU5iTh"]},{"@type":"Person","@id":"https:\/\/www.fiscalia.gov.co\/colombia\/#\/schema\/person\/bf28d8ae7f1b287bbe3af484b04f43ea","name":"Direcci\u00f3n de Comunicaciones Fiscal\u00eda General de la Naci\u00f3n","image":{"@type":"ImageObject","inLanguage":"es-CO","@id":"https:\/\/www.fiscalia.gov.co\/colombia\/#\/schema\/person\/image\/","url":"https:\/\/secure.gravatar.com\/avatar\/9d55ae161d32da16dbdd0b380c080a5f?s=96&d=mm&r=g","contentUrl":"https:\/\/secure.gravatar.com\/avatar\/9d55ae161d32da16dbdd0b380c080a5f?s=96&d=mm&r=g","caption":"Direcci\u00f3n de Comunicaciones Fiscal\u00eda General de la Naci\u00f3n"},"url":"https:\/\/www.fiscalia.gov.co\/colombia\/author\/kbonilla\/"}]}},"_links":{"self":[{"href":"https:\/\/www.fiscalia.gov.co\/colombia\/wp-json\/wp\/v2\/posts\/220807","targetHints":{"allow":["GET"]}}],"collection":[{"href":"https:\/\/www.fiscalia.gov.co\/colombia\/wp-json\/wp\/v2\/posts"}],"about":[{"href":"https:\/\/www.fiscalia.gov.co\/colombia\/wp-json\/wp\/v2\/types\/post"}],"author":[{"embeddable":true,"href":"https:\/\/www.fiscalia.gov.co\/colombia\/wp-json\/wp\/v2\/users\/162"}],"replies":[{"embeddable":true,"href":"https:\/\/www.fiscalia.gov.co\/colombia\/wp-json\/wp\/v2\/comments?post=220807"}],"version-history":[{"count":1,"href":"https:\/\/www.fiscalia.gov.co\/colombia\/wp-json\/wp\/v2\/posts\/220807\/revisions"}],"predecessor-version":[{"id":220809,"href":"https:\/\/www.fiscalia.gov.co\/colombia\/wp-json\/wp\/v2\/posts\/220807\/revisions\/220809"}],"wp:attachment":[{"href":"https:\/\/www.fiscalia.gov.co\/colombia\/wp-json\/wp\/v2\/media?parent=220807"}],"wp:term":[{"taxonomy":"category","embeddable":true,"href":"https:\/\/www.fiscalia.gov.co\/colombia\/wp-json\/wp\/v2\/categories?post=220807"},{"taxonomy":"post_tag","embeddable":true,"href":"https:\/\/www.fiscalia.gov.co\/colombia\/wp-json\/wp\/v2\/tags?post=220807"}],"curies":[{"name":"wp","href":"https:\/\/api.w.org\/{rel}","templated":true}]}}