{"id":220732,"date":"2021-05-25T17:33:29","date_gmt":"2021-05-25T22:33:29","guid":{"rendered":"https:\/\/www.fiscalia.gov.co\/colombia\/?p=220732"},"modified":"2021-05-25T17:35:04","modified_gmt":"2021-05-25T22:35:04","slug":"judicializadas-seis-personas-que-harian-parte-del-grupo-delincuencial-los-de-la-carcel-que-delinquen-en-la-dorada-caldas","status":"publish","type":"post","link":"https:\/\/www.fiscalia.gov.co\/colombia\/seguridad-territorial\/judicializadas-seis-personas-que-harian-parte-del-grupo-delincuencial-los-de-la-carcel-que-delinquen-en-la-dorada-caldas\/","title":{"rendered":"Judicializadas seis personas que har\u00edan parte del grupo delincuencial Los de la C\u00e1rcel que delinquen en La Dorada (Caldas)"},"content":{"rendered":"<p class=\"x_x_MsoNormal\">Ante un juez de control de garant\u00edas, la\u00a0<b>Fiscal\u00eda General de la Naci\u00f3n<\/b>\u00a0judicializ\u00f3 a seis presuntos integrantes de la banda delincuencial Los de la C\u00e1rcel, por los delitos\u00a0de\u00a0<b>concierto para delinquir y tr\u00e1fico, fabricaci\u00f3n y porte de estupefacientes.\u00a0<\/b><\/p>\n<p class=\"x_x_MsoNormal\">Seg\u00fan las investigaciones adelantadas por el ente acusador, los hoy procesados al parecer eran los encargados de conseguir todo tipo de\u00a0estupefacientes, celulares, memorias\u00a0y otros encargos que, al parecer realizaban los internos\u00a0del\u00a0<b>centro penitencial de Mediana y M\u00e1xima Seguridad Do\u00f1a Juana en La Dorada (Caldas).\u00a0<\/b>Se presume que dichos objetos eran lazados\u00a0con caucheras desde la parte de afuera de la c\u00e1rcel.<\/p>\n<figure id=\"attachment_220734\" aria-describedby=\"caption-attachment-220734\" style=\"width: 696px\" class=\"wp-caption alignleft\"><img loading=\"lazy\" decoding=\"async\" class=\"size-large wp-image-220734\" src=\"https:\/\/www.fiscalia.gov.co\/colombia\/wp-content\/uploads\/Los-de-la-carcel-1-1024x768.jpg\" alt=\"\" width=\"696\" height=\"522\" srcset=\"https:\/\/www.fiscalia.gov.co\/colombia\/wp-content\/uploads\/Los-de-la-carcel-1-1024x768.jpg 1024w, https:\/\/www.fiscalia.gov.co\/colombia\/wp-content\/uploads\/Los-de-la-carcel-1-300x225.jpg 300w, https:\/\/www.fiscalia.gov.co\/colombia\/wp-content\/uploads\/Los-de-la-carcel-1-768x576.jpg 768w, https:\/\/www.fiscalia.gov.co\/colombia\/wp-content\/uploads\/Los-de-la-carcel-1-696x522.jpg 696w, https:\/\/www.fiscalia.gov.co\/colombia\/wp-content\/uploads\/Los-de-la-carcel-1-1068x801.jpg 1068w, https:\/\/www.fiscalia.gov.co\/colombia\/wp-content\/uploads\/Los-de-la-carcel-1-560x420.jpg 560w, https:\/\/www.fiscalia.gov.co\/colombia\/wp-content\/uploads\/Los-de-la-carcel-1-80x60.jpg 80w, https:\/\/www.fiscalia.gov.co\/colombia\/wp-content\/uploads\/Los-de-la-carcel-1-265x198.jpg 265w, https:\/\/www.fiscalia.gov.co\/colombia\/wp-content\/uploads\/Los-de-la-carcel-1.jpg 1280w\" sizes=\"auto, (max-width: 696px) 100vw, 696px\" \/><figcaption id=\"caption-attachment-220734\" class=\"wp-caption-text\">Presuntos integrantes de la banda delincuencial Los de la C\u00e1rcel.<\/figcaption><\/figure>\n<p class=\"x_x_MsoNormal\">Asimismo, se estableci\u00f3 que estas personas supuestamente hac\u00edan parte de dicha estructura criminal liderada por alias El Doce, quien est\u00e1 detenido por el delito de homicidio en\u00a0la c\u00e1rcel de Guaduas (Tolima)\u00a0y por\u00a0alias Camilo recluido en Do\u00f1a Juana,\u00a0encargados de dar las ordenes desde prisi\u00f3n.<\/p>\n<p class=\"x_x_MsoNormal\">Con \u00f3rdenes de captura en diligencias de registro y allanamiento fueron capturados\u00a0<b>Nelson Daniel Garz\u00f3n Jaime, alias Cacique; Arley Yesid Rodr\u00edguez Cortes, alias El Rolo; y Kevin Maguiver Aguirre Giraldo, alias Manga<\/b>, a quienes un juez de control de garant\u00edas los envi\u00f3 a la c\u00e1rcel.<\/p>\n<p class=\"x_x_MsoNormal\">Por su parte\u00a0<b>Orfa Nery Aguirre Giraldo<\/b>, suegra de alias El Rolo fue capturada en flagrancia tras tener en su habitaci\u00f3n narcoticos, el juez le concedi\u00f3 el beneficio de detenci\u00f3n domiciliaria, mientras que, a\u00a0<b>\u00d3scar C\u00e9spedes Garc\u00eda<\/b>, a quien tambi\u00e9n detuvieron en flagrancia, fue dejado en libertad; sin embargo continua vinculado en la investigaci\u00f3n.<\/p>\n<p class=\"x_x_MsoNormal\">En las diligencias fue aprehendido\u00a0<b>un menor de 16 a\u00f1os<\/b>, quien qued\u00f3 en libertad por disposici\u00f3n del\u00a0<b>Instituto Colombiano de Bienestar Familiar (ICBF)<\/b>.<\/p>\n<p class=\"x_x_MsoNormal\">Adem\u00e1s, durante las diligencias fueron incautados m\u00e1s de 2 kilos de marihuana,\u00a0bater\u00edas de celular y una gramera.<\/p>\n<p class=\"x_x_MsoNormal\">La\u00a0<b>Fiscal\u00eda General de la Naci\u00f3n<\/b>\u00a0habla con resultados.<\/p>\n<p class=\"x_x_MsoNormal\">JLH\/AMD\/MG<\/p>\n<p class=\"x_x_MsoNormal\"><i>La informaci\u00f3n contenida en este bolet\u00edn de prensa corresponde a la narraci\u00f3n de los hechos noticiosos objetivos, suministrados por los funcionarios encargados de adelantar las investigaciones penales al interior de la Fiscal\u00eda General de la Naci\u00f3n. Para el momento de la divulgaci\u00f3n de este comunicado, la situaci\u00f3n jur\u00eddica de la(s) persona(s) relacionada(s) se encuentra pendiente de resolver por la autoridad judicial competente, siempre bajo los preceptos de la presunci\u00f3n de inocencia, consagrados en el art\u00edculo 29 de la Constituci\u00f3n Pol\u00edtica y el art\u00edculo 7\u00ba de la Ley 906 de 2004.<\/i><\/p>\n\n<div class=\"twitter-share\"><a href=\"https:\/\/twitter.com\/intent\/tweet?via=fiscaliacol\" class=\"twitter-share-button\">Tweet<\/a><\/div>\n","protected":false},"excerpt":{"rendered":"<p>Ante un juez de control de garant\u00edas, la\u00a0Fiscal\u00eda General de la Naci\u00f3n\u00a0judicializ\u00f3 a seis presuntos integrantes de la banda delincuencial Los de la C\u00e1rcel, por los delitos\u00a0de\u00a0concierto para delinquir y tr\u00e1fico, fabricaci\u00f3n y porte de estupefacientes.\u00a0 Seg\u00fan las investigaciones adelantadas por el ente acusador, los hoy procesados al parecer eran los encargados de conseguir todo [&hellip;]<\/p>\n","protected":false},"author":171,"featured_media":0,"comment_status":"closed","ping_status":"open","sticky":false,"template":"","format":"standard","meta":{"_price":"","_stock":"","_tribe_ticket_header":"","_tribe_default_ticket_provider":"","_tribe_ticket_capacity":"0","_ticket_start_date":"","_ticket_end_date":"","_tribe_ticket_show_description":"","_tribe_ticket_show_not_going":false,"_tribe_ticket_use_global_stock":"","_tribe_ticket_global_stock_level":"","_global_stock_mode":"","_global_stock_cap":"","_tribe_rsvp_for_event":"","_tribe_ticket_going_count":"","_tribe_ticket_not_going_count":"","_tribe_tickets_list":"[]","_tribe_ticket_has_attendee_info_fields":false,"tdm_status":"","tdm_grid_status":"","footnotes":""},"categories":[330,303,24099],"tags":[],"class_list":{"0":"post-220732","1":"post","2":"type-post","3":"status-publish","4":"format-standard","6":"category-seccional-manizales","7":"category-seccionales","8":"category-seguridad-territorial"},"yoast_head":"<!-- This site is optimized with the Yoast SEO plugin v24.3 - https:\/\/yoast.com\/wordpress\/plugins\/seo\/ -->\n<title>Fiscal\u00eda General de la Naci\u00f3n<\/title>\n<meta name=\"description\" content=\"P\u00e1gina oficial de la Fiscal\u00eda General de la Naci\u00f3n \u2013 Colombia. Garantizamos el acceso efectivo a la justicia, la verdad y la reparaci\u00f3n de las v\u00edctimas de los delitos.\" \/>\n<meta name=\"robots\" content=\"noindex, follow\" \/>\n<meta property=\"og:locale\" content=\"es_ES\" \/>\n<meta property=\"og:type\" content=\"article\" \/>\n<meta property=\"og:title\" content=\"Fiscal\u00eda General de la Naci\u00f3n\" \/>\n<meta property=\"og:description\" content=\"P\u00e1gina oficial de la Fiscal\u00eda General de la Naci\u00f3n \u2013 Colombia. Garantizamos el acceso efectivo a la justicia, la verdad y la reparaci\u00f3n de las v\u00edctimas de los delitos.\" \/>\n<meta property=\"og:url\" content=\"https:\/\/www.fiscalia.gov.co\/colombia\/seguridad-territorial\/judicializadas-seis-personas-que-harian-parte-del-grupo-delincuencial-los-de-la-carcel-que-delinquen-en-la-dorada-caldas\/\" \/>\n<meta property=\"og:site_name\" content=\"Fiscal\u00eda General de la Naci\u00f3n\" \/>\n<meta property=\"article:publisher\" content=\"https:\/\/www.facebook.com\/FiscaliaCol\" \/>\n<meta property=\"article:published_time\" content=\"2021-05-25T22:33:29+00:00\" \/>\n<meta property=\"article:modified_time\" content=\"2021-05-25T22:35:04+00:00\" \/>\n<meta property=\"og:image\" content=\"https:\/\/www.fiscalia.gov.co\/colombia\/wp-content\/uploads\/Los-de-la-carcel-1-1024x768.jpg\" \/>\n<meta name=\"author\" content=\"Ana Mar\u00eda Gomez\" \/>\n<meta name=\"twitter:card\" content=\"summary_large_image\" \/>\n<meta name=\"twitter:creator\" content=\"@FiscaliaCol\" \/>\n<meta name=\"twitter:site\" content=\"@FiscaliaCol\" \/>\n<meta name=\"twitter:label1\" content=\"Escrito por\" \/>\n\t<meta name=\"twitter:data1\" content=\"Ana Mar\u00eda Gomez\" \/>\n\t<meta name=\"twitter:label2\" content=\"Tiempo de lectura\" \/>\n\t<meta name=\"twitter:data2\" content=\"2 minutos\" \/>\n<script type=\"application\/ld+json\" class=\"yoast-schema-graph\">{\"@context\":\"https:\/\/schema.org\",\"@graph\":[{\"@type\":\"Article\",\"@id\":\"https:\/\/www.fiscalia.gov.co\/colombia\/seguridad-territorial\/judicializadas-seis-personas-que-harian-parte-del-grupo-delincuencial-los-de-la-carcel-que-delinquen-en-la-dorada-caldas\/#article\",\"isPartOf\":{\"@id\":\"https:\/\/www.fiscalia.gov.co\/colombia\/seguridad-territorial\/judicializadas-seis-personas-que-harian-parte-del-grupo-delincuencial-los-de-la-carcel-que-delinquen-en-la-dorada-caldas\/\"},\"author\":{\"name\":\"Ana Mar\u00eda Gomez\",\"@id\":\"https:\/\/www.fiscalia.gov.co\/colombia\/#\/schema\/person\/06aa2210fe4d79203f428ff671dee360\"},\"headline\":\"Judicializadas seis personas que har\u00edan parte del grupo delincuencial Los de la C\u00e1rcel que delinquen en La Dorada (Caldas)\",\"datePublished\":\"2021-05-25T22:33:29+00:00\",\"dateModified\":\"2021-05-25T22:35:04+00:00\",\"mainEntityOfPage\":{\"@id\":\"https:\/\/www.fiscalia.gov.co\/colombia\/seguridad-territorial\/judicializadas-seis-personas-que-harian-parte-del-grupo-delincuencial-los-de-la-carcel-que-delinquen-en-la-dorada-caldas\/\"},\"wordCount\":473,\"publisher\":{\"@id\":\"https:\/\/www.fiscalia.gov.co\/colombia\/#organization\"},\"image\":{\"@id\":\"https:\/\/www.fiscalia.gov.co\/colombia\/seguridad-territorial\/judicializadas-seis-personas-que-harian-parte-del-grupo-delincuencial-los-de-la-carcel-que-delinquen-en-la-dorada-caldas\/#primaryimage\"},\"thumbnailUrl\":\"https:\/\/www.fiscalia.gov.co\/colombia\/wp-content\/uploads\/Los-de-la-carcel-1-1024x768.jpg\",\"articleSection\":[\"Seccional Manizales\",\"Seccionales\",\"Seguridad territorial\"],\"inLanguage\":\"es-CO\"},{\"@type\":\"WebPage\",\"@id\":\"https:\/\/www.fiscalia.gov.co\/colombia\/seguridad-territorial\/judicializadas-seis-personas-que-harian-parte-del-grupo-delincuencial-los-de-la-carcel-que-delinquen-en-la-dorada-caldas\/\",\"url\":\"https:\/\/www.fiscalia.gov.co\/colombia\/seguridad-territorial\/judicializadas-seis-personas-que-harian-parte-del-grupo-delincuencial-los-de-la-carcel-que-delinquen-en-la-dorada-caldas\/\",\"name\":\"Fiscal\u00eda General de la Naci\u00f3n\",\"isPartOf\":{\"@id\":\"https:\/\/www.fiscalia.gov.co\/colombia\/#website\"},\"primaryImageOfPage\":{\"@id\":\"https:\/\/www.fiscalia.gov.co\/colombia\/seguridad-territorial\/judicializadas-seis-personas-que-harian-parte-del-grupo-delincuencial-los-de-la-carcel-que-delinquen-en-la-dorada-caldas\/#primaryimage\"},\"image\":{\"@id\":\"https:\/\/www.fiscalia.gov.co\/colombia\/seguridad-territorial\/judicializadas-seis-personas-que-harian-parte-del-grupo-delincuencial-los-de-la-carcel-que-delinquen-en-la-dorada-caldas\/#primaryimage\"},\"thumbnailUrl\":\"https:\/\/www.fiscalia.gov.co\/colombia\/wp-content\/uploads\/Los-de-la-carcel-1-1024x768.jpg\",\"datePublished\":\"2021-05-25T22:33:29+00:00\",\"dateModified\":\"2021-05-25T22:35:04+00:00\",\"description\":\"P\u00e1gina oficial de la Fiscal\u00eda General de la Naci\u00f3n \u2013 Colombia. Garantizamos el acceso efectivo a la justicia, la verdad y la reparaci\u00f3n de las v\u00edctimas de los delitos.\",\"breadcrumb\":{\"@id\":\"https:\/\/www.fiscalia.gov.co\/colombia\/seguridad-territorial\/judicializadas-seis-personas-que-harian-parte-del-grupo-delincuencial-los-de-la-carcel-que-delinquen-en-la-dorada-caldas\/#breadcrumb\"},\"inLanguage\":\"es-CO\",\"potentialAction\":[{\"@type\":\"ReadAction\",\"target\":[\"https:\/\/www.fiscalia.gov.co\/colombia\/seguridad-territorial\/judicializadas-seis-personas-que-harian-parte-del-grupo-delincuencial-los-de-la-carcel-que-delinquen-en-la-dorada-caldas\/\"]}]},{\"@type\":\"ImageObject\",\"inLanguage\":\"es-CO\",\"@id\":\"https:\/\/www.fiscalia.gov.co\/colombia\/seguridad-territorial\/judicializadas-seis-personas-que-harian-parte-del-grupo-delincuencial-los-de-la-carcel-que-delinquen-en-la-dorada-caldas\/#primaryimage\",\"url\":\"https:\/\/www.fiscalia.gov.co\/colombia\/wp-content\/uploads\/Los-de-la-carcel-1.jpg\",\"contentUrl\":\"https:\/\/www.fiscalia.gov.co\/colombia\/wp-content\/uploads\/Los-de-la-carcel-1.jpg\",\"width\":1280,\"height\":960,\"caption\":\"Presuntos integrantes de la banda delincuencial Los de la C\u00e1rcel.\"},{\"@type\":\"BreadcrumbList\",\"@id\":\"https:\/\/www.fiscalia.gov.co\/colombia\/seguridad-territorial\/judicializadas-seis-personas-que-harian-parte-del-grupo-delincuencial-los-de-la-carcel-que-delinquen-en-la-dorada-caldas\/#breadcrumb\",\"itemListElement\":[{\"@type\":\"ListItem\",\"position\":1,\"name\":\"Home\",\"item\":\"https:\/\/www.fiscalia.gov.co\/colombia\/\"},{\"@type\":\"ListItem\",\"position\":2,\"name\":\"Judicializadas seis personas que har\u00edan parte del grupo delincuencial Los de la C\u00e1rcel que delinquen en La Dorada (Caldas)\"}]},{\"@type\":\"WebSite\",\"@id\":\"https:\/\/www.fiscalia.gov.co\/colombia\/#website\",\"url\":\"https:\/\/www.fiscalia.gov.co\/colombia\/\",\"name\":\"Fiscal\u00eda General de la Naci\u00f3n\",\"description\":\"P\u00e1gina oficial de la Fiscal\u00eda General de la Naci\u00f3n \u2013 Colombia. Garantizamos el acceso efectivo a la justicia, la verdad y la reparaci\u00f3n de las v\u00edctimas de los delitos.\",\"publisher\":{\"@id\":\"https:\/\/www.fiscalia.gov.co\/colombia\/#organization\"},\"potentialAction\":[{\"@type\":\"SearchAction\",\"target\":{\"@type\":\"EntryPoint\",\"urlTemplate\":\"https:\/\/www.fiscalia.gov.co\/colombia\/?s={search_term_string}\"},\"query-input\":{\"@type\":\"PropertyValueSpecification\",\"valueRequired\":true,\"valueName\":\"search_term_string\"}}],\"inLanguage\":\"es-CO\"},{\"@type\":\"Organization\",\"@id\":\"https:\/\/www.fiscalia.gov.co\/colombia\/#organization\",\"name\":\"Fiscal\u00eda General de la Naci\u00f3n\",\"url\":\"https:\/\/www.fiscalia.gov.co\/colombia\/\",\"logo\":{\"@type\":\"ImageObject\",\"inLanguage\":\"es-CO\",\"@id\":\"https:\/\/www.fiscalia.gov.co\/colombia\/#\/schema\/logo\/image\/\",\"url\":\"https:\/\/www.fiscalia.gov.co\/colombia\/wp-content\/uploads\/LogoHorizontal_1.jpg\",\"contentUrl\":\"https:\/\/www.fiscalia.gov.co\/colombia\/wp-content\/uploads\/LogoHorizontal_1.jpg\",\"width\":300,\"height\":90,\"caption\":\"Fiscal\u00eda General de la Naci\u00f3n\"},\"image\":{\"@id\":\"https:\/\/www.fiscalia.gov.co\/colombia\/#\/schema\/logo\/image\/\"},\"sameAs\":[\"https:\/\/www.facebook.com\/FiscaliaCol\",\"https:\/\/x.com\/FiscaliaCol\",\"https:\/\/www.instagram.com\/fiscaliacol\",\"https:\/\/www.linkedin.com\/company\/fiscalia-general-de-la-naci-n\/\",\"https:\/\/youtube.com\/@fiscaliageneraldelanacion-4668?si=6nN79nyQICPU5iTh\"]},{\"@type\":\"Person\",\"@id\":\"https:\/\/www.fiscalia.gov.co\/colombia\/#\/schema\/person\/06aa2210fe4d79203f428ff671dee360\",\"name\":\"Ana Mar\u00eda Gomez\",\"image\":{\"@type\":\"ImageObject\",\"inLanguage\":\"es-CO\",\"@id\":\"https:\/\/www.fiscalia.gov.co\/colombia\/#\/schema\/person\/image\/\",\"url\":\"https:\/\/secure.gravatar.com\/avatar\/a38115d98a7f8a96cbb96af2b2c37a0b?s=96&d=mm&r=g\",\"contentUrl\":\"https:\/\/secure.gravatar.com\/avatar\/a38115d98a7f8a96cbb96af2b2c37a0b?s=96&d=mm&r=g\",\"caption\":\"Ana Mar\u00eda Gomez\"},\"url\":\"https:\/\/www.fiscalia.gov.co\/colombia\/author\/agomez\/\"}]}<\/script>\n<!-- \/ Yoast SEO plugin. -->","yoast_head_json":{"title":"Fiscal\u00eda General de la Naci\u00f3n","description":"P\u00e1gina oficial de la Fiscal\u00eda General de la Naci\u00f3n \u2013 Colombia. Garantizamos el acceso efectivo a la justicia, la verdad y la reparaci\u00f3n de las v\u00edctimas de los delitos.","robots":{"index":"noindex","follow":"follow"},"og_locale":"es_ES","og_type":"article","og_title":"Fiscal\u00eda General de la Naci\u00f3n","og_description":"P\u00e1gina oficial de la Fiscal\u00eda General de la Naci\u00f3n \u2013 Colombia. Garantizamos el acceso efectivo a la justicia, la verdad y la reparaci\u00f3n de las v\u00edctimas de los delitos.","og_url":"https:\/\/www.fiscalia.gov.co\/colombia\/seguridad-territorial\/judicializadas-seis-personas-que-harian-parte-del-grupo-delincuencial-los-de-la-carcel-que-delinquen-en-la-dorada-caldas\/","og_site_name":"Fiscal\u00eda General de la Naci\u00f3n","article_publisher":"https:\/\/www.facebook.com\/FiscaliaCol","article_published_time":"2021-05-25T22:33:29+00:00","article_modified_time":"2021-05-25T22:35:04+00:00","og_image":[{"url":"https:\/\/www.fiscalia.gov.co\/colombia\/wp-content\/uploads\/Los-de-la-carcel-1-1024x768.jpg","type":"","width":"","height":""}],"author":"Ana Mar\u00eda Gomez","twitter_card":"summary_large_image","twitter_creator":"@FiscaliaCol","twitter_site":"@FiscaliaCol","twitter_misc":{"Escrito por":"Ana Mar\u00eda Gomez","Tiempo de lectura":"2 minutos"},"schema":{"@context":"https:\/\/schema.org","@graph":[{"@type":"Article","@id":"https:\/\/www.fiscalia.gov.co\/colombia\/seguridad-territorial\/judicializadas-seis-personas-que-harian-parte-del-grupo-delincuencial-los-de-la-carcel-que-delinquen-en-la-dorada-caldas\/#article","isPartOf":{"@id":"https:\/\/www.fiscalia.gov.co\/colombia\/seguridad-territorial\/judicializadas-seis-personas-que-harian-parte-del-grupo-delincuencial-los-de-la-carcel-que-delinquen-en-la-dorada-caldas\/"},"author":{"name":"Ana Mar\u00eda Gomez","@id":"https:\/\/www.fiscalia.gov.co\/colombia\/#\/schema\/person\/06aa2210fe4d79203f428ff671dee360"},"headline":"Judicializadas seis personas que har\u00edan parte del grupo delincuencial Los de la C\u00e1rcel que delinquen en La Dorada (Caldas)","datePublished":"2021-05-25T22:33:29+00:00","dateModified":"2021-05-25T22:35:04+00:00","mainEntityOfPage":{"@id":"https:\/\/www.fiscalia.gov.co\/colombia\/seguridad-territorial\/judicializadas-seis-personas-que-harian-parte-del-grupo-delincuencial-los-de-la-carcel-que-delinquen-en-la-dorada-caldas\/"},"wordCount":473,"publisher":{"@id":"https:\/\/www.fiscalia.gov.co\/colombia\/#organization"},"image":{"@id":"https:\/\/www.fiscalia.gov.co\/colombia\/seguridad-territorial\/judicializadas-seis-personas-que-harian-parte-del-grupo-delincuencial-los-de-la-carcel-que-delinquen-en-la-dorada-caldas\/#primaryimage"},"thumbnailUrl":"https:\/\/www.fiscalia.gov.co\/colombia\/wp-content\/uploads\/Los-de-la-carcel-1-1024x768.jpg","articleSection":["Seccional Manizales","Seccionales","Seguridad territorial"],"inLanguage":"es-CO"},{"@type":"WebPage","@id":"https:\/\/www.fiscalia.gov.co\/colombia\/seguridad-territorial\/judicializadas-seis-personas-que-harian-parte-del-grupo-delincuencial-los-de-la-carcel-que-delinquen-en-la-dorada-caldas\/","url":"https:\/\/www.fiscalia.gov.co\/colombia\/seguridad-territorial\/judicializadas-seis-personas-que-harian-parte-del-grupo-delincuencial-los-de-la-carcel-que-delinquen-en-la-dorada-caldas\/","name":"Fiscal\u00eda General de la Naci\u00f3n","isPartOf":{"@id":"https:\/\/www.fiscalia.gov.co\/colombia\/#website"},"primaryImageOfPage":{"@id":"https:\/\/www.fiscalia.gov.co\/colombia\/seguridad-territorial\/judicializadas-seis-personas-que-harian-parte-del-grupo-delincuencial-los-de-la-carcel-que-delinquen-en-la-dorada-caldas\/#primaryimage"},"image":{"@id":"https:\/\/www.fiscalia.gov.co\/colombia\/seguridad-territorial\/judicializadas-seis-personas-que-harian-parte-del-grupo-delincuencial-los-de-la-carcel-que-delinquen-en-la-dorada-caldas\/#primaryimage"},"thumbnailUrl":"https:\/\/www.fiscalia.gov.co\/colombia\/wp-content\/uploads\/Los-de-la-carcel-1-1024x768.jpg","datePublished":"2021-05-25T22:33:29+00:00","dateModified":"2021-05-25T22:35:04+00:00","description":"P\u00e1gina oficial de la Fiscal\u00eda General de la Naci\u00f3n \u2013 Colombia. Garantizamos el acceso efectivo a la justicia, la verdad y la reparaci\u00f3n de las v\u00edctimas de los delitos.","breadcrumb":{"@id":"https:\/\/www.fiscalia.gov.co\/colombia\/seguridad-territorial\/judicializadas-seis-personas-que-harian-parte-del-grupo-delincuencial-los-de-la-carcel-que-delinquen-en-la-dorada-caldas\/#breadcrumb"},"inLanguage":"es-CO","potentialAction":[{"@type":"ReadAction","target":["https:\/\/www.fiscalia.gov.co\/colombia\/seguridad-territorial\/judicializadas-seis-personas-que-harian-parte-del-grupo-delincuencial-los-de-la-carcel-que-delinquen-en-la-dorada-caldas\/"]}]},{"@type":"ImageObject","inLanguage":"es-CO","@id":"https:\/\/www.fiscalia.gov.co\/colombia\/seguridad-territorial\/judicializadas-seis-personas-que-harian-parte-del-grupo-delincuencial-los-de-la-carcel-que-delinquen-en-la-dorada-caldas\/#primaryimage","url":"https:\/\/www.fiscalia.gov.co\/colombia\/wp-content\/uploads\/Los-de-la-carcel-1.jpg","contentUrl":"https:\/\/www.fiscalia.gov.co\/colombia\/wp-content\/uploads\/Los-de-la-carcel-1.jpg","width":1280,"height":960,"caption":"Presuntos integrantes de la banda delincuencial Los de la C\u00e1rcel."},{"@type":"BreadcrumbList","@id":"https:\/\/www.fiscalia.gov.co\/colombia\/seguridad-territorial\/judicializadas-seis-personas-que-harian-parte-del-grupo-delincuencial-los-de-la-carcel-que-delinquen-en-la-dorada-caldas\/#breadcrumb","itemListElement":[{"@type":"ListItem","position":1,"name":"Home","item":"https:\/\/www.fiscalia.gov.co\/colombia\/"},{"@type":"ListItem","position":2,"name":"Judicializadas seis personas que har\u00edan parte del grupo delincuencial Los de la C\u00e1rcel que delinquen en La Dorada (Caldas)"}]},{"@type":"WebSite","@id":"https:\/\/www.fiscalia.gov.co\/colombia\/#website","url":"https:\/\/www.fiscalia.gov.co\/colombia\/","name":"Fiscal\u00eda General de la Naci\u00f3n","description":"P\u00e1gina oficial de la Fiscal\u00eda General de la Naci\u00f3n \u2013 Colombia. Garantizamos el acceso efectivo a la justicia, la verdad y la reparaci\u00f3n de las v\u00edctimas de los delitos.","publisher":{"@id":"https:\/\/www.fiscalia.gov.co\/colombia\/#organization"},"potentialAction":[{"@type":"SearchAction","target":{"@type":"EntryPoint","urlTemplate":"https:\/\/www.fiscalia.gov.co\/colombia\/?s={search_term_string}"},"query-input":{"@type":"PropertyValueSpecification","valueRequired":true,"valueName":"search_term_string"}}],"inLanguage":"es-CO"},{"@type":"Organization","@id":"https:\/\/www.fiscalia.gov.co\/colombia\/#organization","name":"Fiscal\u00eda General de la Naci\u00f3n","url":"https:\/\/www.fiscalia.gov.co\/colombia\/","logo":{"@type":"ImageObject","inLanguage":"es-CO","@id":"https:\/\/www.fiscalia.gov.co\/colombia\/#\/schema\/logo\/image\/","url":"https:\/\/www.fiscalia.gov.co\/colombia\/wp-content\/uploads\/LogoHorizontal_1.jpg","contentUrl":"https:\/\/www.fiscalia.gov.co\/colombia\/wp-content\/uploads\/LogoHorizontal_1.jpg","width":300,"height":90,"caption":"Fiscal\u00eda General de la Naci\u00f3n"},"image":{"@id":"https:\/\/www.fiscalia.gov.co\/colombia\/#\/schema\/logo\/image\/"},"sameAs":["https:\/\/www.facebook.com\/FiscaliaCol","https:\/\/x.com\/FiscaliaCol","https:\/\/www.instagram.com\/fiscaliacol","https:\/\/www.linkedin.com\/company\/fiscalia-general-de-la-naci-n\/","https:\/\/youtube.com\/@fiscaliageneraldelanacion-4668?si=6nN79nyQICPU5iTh"]},{"@type":"Person","@id":"https:\/\/www.fiscalia.gov.co\/colombia\/#\/schema\/person\/06aa2210fe4d79203f428ff671dee360","name":"Ana Mar\u00eda Gomez","image":{"@type":"ImageObject","inLanguage":"es-CO","@id":"https:\/\/www.fiscalia.gov.co\/colombia\/#\/schema\/person\/image\/","url":"https:\/\/secure.gravatar.com\/avatar\/a38115d98a7f8a96cbb96af2b2c37a0b?s=96&d=mm&r=g","contentUrl":"https:\/\/secure.gravatar.com\/avatar\/a38115d98a7f8a96cbb96af2b2c37a0b?s=96&d=mm&r=g","caption":"Ana Mar\u00eda Gomez"},"url":"https:\/\/www.fiscalia.gov.co\/colombia\/author\/agomez\/"}]}},"_links":{"self":[{"href":"https:\/\/www.fiscalia.gov.co\/colombia\/wp-json\/wp\/v2\/posts\/220732","targetHints":{"allow":["GET"]}}],"collection":[{"href":"https:\/\/www.fiscalia.gov.co\/colombia\/wp-json\/wp\/v2\/posts"}],"about":[{"href":"https:\/\/www.fiscalia.gov.co\/colombia\/wp-json\/wp\/v2\/types\/post"}],"author":[{"embeddable":true,"href":"https:\/\/www.fiscalia.gov.co\/colombia\/wp-json\/wp\/v2\/users\/171"}],"replies":[{"embeddable":true,"href":"https:\/\/www.fiscalia.gov.co\/colombia\/wp-json\/wp\/v2\/comments?post=220732"}],"version-history":[{"count":2,"href":"https:\/\/www.fiscalia.gov.co\/colombia\/wp-json\/wp\/v2\/posts\/220732\/revisions"}],"predecessor-version":[{"id":220735,"href":"https:\/\/www.fiscalia.gov.co\/colombia\/wp-json\/wp\/v2\/posts\/220732\/revisions\/220735"}],"wp:attachment":[{"href":"https:\/\/www.fiscalia.gov.co\/colombia\/wp-json\/wp\/v2\/media?parent=220732"}],"wp:term":[{"taxonomy":"category","embeddable":true,"href":"https:\/\/www.fiscalia.gov.co\/colombia\/wp-json\/wp\/v2\/categories?post=220732"},{"taxonomy":"post_tag","embeddable":true,"href":"https:\/\/www.fiscalia.gov.co\/colombia\/wp-json\/wp\/v2\/tags?post=220732"}],"curies":[{"name":"wp","href":"https:\/\/api.w.org\/{rel}","templated":true}]}}