{"id":220680,"date":"2021-05-25T11:15:14","date_gmt":"2021-05-25T16:15:14","guid":{"rendered":"https:\/\/www.fiscalia.gov.co\/colombia\/?p=220680"},"modified":"2021-05-25T11:17:14","modified_gmt":"2021-05-25T16:17:14","slug":"asegurados-dos-presuntos-responsables-de-extorsionar-a-un-medico-en-tulua-valle","status":"publish","type":"post","link":"https:\/\/www.fiscalia.gov.co\/colombia\/seguridad-territorial\/asegurados-dos-presuntos-responsables-de-extorsionar-a-un-medico-en-tulua-valle\/","title":{"rendered":"Asegurados dos presuntos responsables de extorsionar a un m\u00e9dico en Tulu\u00e1 (Valle)"},"content":{"rendered":"<blockquote>\n<h4 class=\"x_x_MsoNormal\" style=\"text-align: left;\"><strong><span lang=\"ES\"><i>A cambio de\u00a0no atentar contra su vida, la de su familia y empleados le exig\u00edan a la v\u00edctima\u00a0$500.000.000.\u00a0<\/i><\/span><\/strong><\/h4>\n<\/blockquote>\n<p class=\"x_x_MsoNormal\"><span lang=\"ES\">Al acoger la solicitud de la\u00a0<b>Fiscal\u00eda General de la Naci\u00f3n<\/b>\u00a0un juez de control de garant\u00edas envi\u00f3 a la c\u00e1rcel a Edwin Gonz\u00e1lez D\u00edaz y Maycol Iv\u00e1n R\u00edos Solano, como presuntos responsables de extorsionar a un m\u00e9dico traumat\u00f3logo, en el municipio de Tulu\u00e1 (Valle del Cauca).<\/span><\/p>\n<p class=\"x_x_MsoNormal\"><span lang=\"ES\">Seg\u00fan la Fiscal\u00eda, el 14, 18 y 20 de mayo pasado, por medio de un domicilio la v\u00edctima recibi\u00f3 un sobre que conten\u00eda un panfleto, en el que le hac\u00edan exigencias econ\u00f3micas de $500.000.000, a cambio de no atentar contra su vida, la de su familia y empleados. Se presume que el dinero deb\u00eda ser entregado en un plazo de 24 horas. Adem\u00e1s, los procesados<\/span>\u00a0habr\u00edan enviado mensajes de texto al celular del hombre para que hiciera efectivo dicho pago.<\/p>\n<figure id=\"attachment_220683\" aria-describedby=\"caption-attachment-220683\" style=\"width: 696px\" class=\"wp-caption aligncenter\"><img loading=\"lazy\" decoding=\"async\" class=\"wp-image-220683 size-large\" src=\"https:\/\/www.fiscalia.gov.co\/colombia\/wp-content\/uploads\/Edwin-Gonz\u00e1lez-D\u00edaz-y-Maycol-Iv\u00e1n-R\u00edos-Solano-enviados-a-la-c\u00e1rcel-como-presuntos-responsables-de-extorsionar-a-m\u00e9dico-traumat\u00f3logo-en-Tulu\u00e1-Valle--1024x1024.jpg\" alt=\"\" width=\"696\" height=\"696\" srcset=\"https:\/\/www.fiscalia.gov.co\/colombia\/wp-content\/uploads\/Edwin-Gonz\u00e1lez-D\u00edaz-y-Maycol-Iv\u00e1n-R\u00edos-Solano-enviados-a-la-c\u00e1rcel-como-presuntos-responsables-de-extorsionar-a-m\u00e9dico-traumat\u00f3logo-en-Tulu\u00e1-Valle--1024x1024.jpg 1024w, https:\/\/www.fiscalia.gov.co\/colombia\/wp-content\/uploads\/Edwin-Gonz\u00e1lez-D\u00edaz-y-Maycol-Iv\u00e1n-R\u00edos-Solano-enviados-a-la-c\u00e1rcel-como-presuntos-responsables-de-extorsionar-a-m\u00e9dico-traumat\u00f3logo-en-Tulu\u00e1-Valle--300x300.jpg 300w, https:\/\/www.fiscalia.gov.co\/colombia\/wp-content\/uploads\/Edwin-Gonz\u00e1lez-D\u00edaz-y-Maycol-Iv\u00e1n-R\u00edos-Solano-enviados-a-la-c\u00e1rcel-como-presuntos-responsables-de-extorsionar-a-m\u00e9dico-traumat\u00f3logo-en-Tulu\u00e1-Valle--150x150.jpg 150w, https:\/\/www.fiscalia.gov.co\/colombia\/wp-content\/uploads\/Edwin-Gonz\u00e1lez-D\u00edaz-y-Maycol-Iv\u00e1n-R\u00edos-Solano-enviados-a-la-c\u00e1rcel-como-presuntos-responsables-de-extorsionar-a-m\u00e9dico-traumat\u00f3logo-en-Tulu\u00e1-Valle--768x768.jpg 768w, https:\/\/www.fiscalia.gov.co\/colombia\/wp-content\/uploads\/Edwin-Gonz\u00e1lez-D\u00edaz-y-Maycol-Iv\u00e1n-R\u00edos-Solano-enviados-a-la-c\u00e1rcel-como-presuntos-responsables-de-extorsionar-a-m\u00e9dico-traumat\u00f3logo-en-Tulu\u00e1-Valle--696x696.jpg 696w, https:\/\/www.fiscalia.gov.co\/colombia\/wp-content\/uploads\/Edwin-Gonz\u00e1lez-D\u00edaz-y-Maycol-Iv\u00e1n-R\u00edos-Solano-enviados-a-la-c\u00e1rcel-como-presuntos-responsables-de-extorsionar-a-m\u00e9dico-traumat\u00f3logo-en-Tulu\u00e1-Valle--1068x1068.jpg 1068w, https:\/\/www.fiscalia.gov.co\/colombia\/wp-content\/uploads\/Edwin-Gonz\u00e1lez-D\u00edaz-y-Maycol-Iv\u00e1n-R\u00edos-Solano-enviados-a-la-c\u00e1rcel-como-presuntos-responsables-de-extorsionar-a-m\u00e9dico-traumat\u00f3logo-en-Tulu\u00e1-Valle--420x420.jpg 420w, https:\/\/www.fiscalia.gov.co\/colombia\/wp-content\/uploads\/Edwin-Gonz\u00e1lez-D\u00edaz-y-Maycol-Iv\u00e1n-R\u00edos-Solano-enviados-a-la-c\u00e1rcel-como-presuntos-responsables-de-extorsionar-a-m\u00e9dico-traumat\u00f3logo-en-Tulu\u00e1-Valle-.jpg 1280w\" sizes=\"auto, (max-width: 696px) 100vw, 696px\" \/><figcaption id=\"caption-attachment-220683\" class=\"wp-caption-text\">Edwin Gonz\u00e1lez D\u00edaz y Maycol Iv\u00e1n R\u00edos Solano presuntos responsables de extorsionar a un m\u00e9dico traumat\u00f3logo, en el municipio de Tulu\u00e1 (Valle del Cauca).<\/figcaption><\/figure>\n<p class=\"x_x_MsoNormal\">Personal del\u00a0<b>Cuerpo T\u00e9cnico de Investigaci\u00f3n (CTI)<\/b>\u00a0adscritos al Grupo Gaula, con apoyo del Gaula Militar capturaron en flagrancia a los hoy imputados, quienes formar\u00edan parte de un grupo delictivo dedicado a la extorsi\u00f3n en Tulu\u00e1 y sus alrededores. Asimismo, fueron incautados $90.000.000, al parecer producto de la extorsi\u00f3n.<\/p>\n<p class=\"x_x_MsoNormal\">En las audiencias preliminares, la Fiscal\u00eda les formul\u00f3 imputaci\u00f3n de cargos por los delitos de concierto para delinquir agravado con fines de extorsi\u00f3n y\u00a0<a href=\"https:\/\/www.fiscalia.gov.co\/colombia\/seccionales\/a-la-carcel-presunto-integrante-de-la-banda-la-local-por-extorsion-agravada\/\" target=\"_blank\" rel=\"noopener noreferrer\">extorsi\u00f3n agravada<\/a>, los cuales no aceptaron.<\/p>\n<p class=\"x_x_MsoNormal\">MAP\/SMLR\/MG<\/p>\n<p class=\"x_x_MsoNormal\"><i>La informaci\u00f3n contenida en este bolet\u00edn de prensa corresponde a la narraci\u00f3n de los hechos noticiosos objetivos, suministrados por los funcionarios encargados de adelantar las investigaciones penales al interior de la Fiscal\u00eda General de la Naci\u00f3n. Para el momento de la divulgaci\u00f3n de este comunicado, la situaci\u00f3n jur\u00eddica de la(s) persona(s) relacionada(s) se encuentra pendiente de resolver por la autoridad judicial competente, siempre bajo los preceptos de la presunci\u00f3n de inocencia, consagrados en el art\u00edculo 29 de la Constituci\u00f3n Pol\u00edtica y el art\u00edculo 7\u00ba de la Ley 906 de 2004.<\/i><\/p>\n\n<div class=\"twitter-share\"><a href=\"https:\/\/twitter.com\/intent\/tweet?via=fiscaliacol\" class=\"twitter-share-button\">Tweet<\/a><\/div>\n","protected":false},"excerpt":{"rendered":"<p>A cambio de\u00a0no atentar contra su vida, la de su familia y empleados le exig\u00edan a la v\u00edctima\u00a0$500.000.000.\u00a0 Al acoger la solicitud de la\u00a0Fiscal\u00eda General de la Naci\u00f3n\u00a0un juez de control de garant\u00edas envi\u00f3 a la c\u00e1rcel a Edwin Gonz\u00e1lez D\u00edaz y Maycol Iv\u00e1n R\u00edos Solano, como presuntos responsables de extorsionar a un m\u00e9dico traumat\u00f3logo, [&hellip;]<\/p>\n","protected":false},"author":171,"featured_media":0,"comment_status":"closed","ping_status":"open","sticky":false,"template":"","format":"standard","meta":{"_price":"","_stock":"","_tribe_ticket_header":"","_tribe_default_ticket_provider":"","_tribe_ticket_capacity":"0","_ticket_start_date":"","_ticket_end_date":"","_tribe_ticket_show_description":"","_tribe_ticket_show_not_going":false,"_tribe_ticket_use_global_stock":"","_tribe_ticket_global_stock_level":"","_global_stock_mode":"","_global_stock_cap":"","_tribe_rsvp_for_event":"","_tribe_ticket_going_count":"","_tribe_ticket_not_going_count":"","_tribe_tickets_list":"[]","_tribe_ticket_has_attendee_info_fields":false,"tdm_status":"","tdm_grid_status":"","footnotes":""},"categories":[324,303,24099],"tags":[808,14550,24551,27091,24408,3292,78,24187,7169,27092,8863,1185],"class_list":{"0":"post-220680","1":"post","2":"type-post","3":"status-publish","4":"format-standard","6":"category-seccional-cali","7":"category-seccionales","8":"category-seguridad-territorial","9":"tag-capturas","10":"tag-carcel","11":"tag-centro-carcelario","12":"tag-concierto-para-delinquir-agravado-con-fines-de-extorsion","13":"tag-exigencias-economicas","14":"tag-extorsion-agravada","15":"tag-fiscal-general-de-la-nacion","16":"tag-fiscalia-colombia","17":"tag-flagrancia","18":"tag-galeno","19":"tag-medico","20":"tag-medida-de-aseguramiento"},"yoast_head":"<!-- This site is optimized with the Yoast SEO plugin v24.3 - https:\/\/yoast.com\/wordpress\/plugins\/seo\/ -->\n<title>Fiscal\u00eda General de la Naci\u00f3n<\/title>\n<meta name=\"description\" content=\"P\u00e1gina oficial de la Fiscal\u00eda General de la Naci\u00f3n \u2013 Colombia. Garantizamos el acceso efectivo a la justicia, la verdad y la reparaci\u00f3n de las v\u00edctimas de los delitos.\" \/>\n<meta name=\"robots\" content=\"noindex, follow\" \/>\n<meta property=\"og:locale\" content=\"es_ES\" \/>\n<meta property=\"og:type\" content=\"article\" \/>\n<meta property=\"og:title\" content=\"Fiscal\u00eda General de la Naci\u00f3n\" \/>\n<meta property=\"og:description\" content=\"P\u00e1gina oficial de la Fiscal\u00eda General de la Naci\u00f3n \u2013 Colombia. Garantizamos el acceso efectivo a la justicia, la verdad y la reparaci\u00f3n de las v\u00edctimas de los delitos.\" \/>\n<meta property=\"og:url\" content=\"https:\/\/www.fiscalia.gov.co\/colombia\/seguridad-territorial\/asegurados-dos-presuntos-responsables-de-extorsionar-a-un-medico-en-tulua-valle\/\" \/>\n<meta property=\"og:site_name\" content=\"Fiscal\u00eda General de la Naci\u00f3n\" \/>\n<meta property=\"article:publisher\" content=\"https:\/\/www.facebook.com\/FiscaliaCol\" \/>\n<meta property=\"article:published_time\" content=\"2021-05-25T16:15:14+00:00\" \/>\n<meta property=\"article:modified_time\" content=\"2021-05-25T16:17:14+00:00\" \/>\n<meta name=\"author\" content=\"Ana Mar\u00eda Gomez\" \/>\n<meta name=\"twitter:card\" content=\"summary_large_image\" \/>\n<meta name=\"twitter:creator\" content=\"@FiscaliaCol\" \/>\n<meta name=\"twitter:site\" content=\"@FiscaliaCol\" \/>\n<meta name=\"twitter:label1\" content=\"Escrito por\" \/>\n\t<meta name=\"twitter:data1\" content=\"Ana Mar\u00eda Gomez\" \/>\n\t<meta name=\"twitter:label2\" content=\"Tiempo de lectura\" \/>\n\t<meta name=\"twitter:data2\" content=\"2 minutos\" \/>\n<script type=\"application\/ld+json\" class=\"yoast-schema-graph\">{\"@context\":\"https:\/\/schema.org\",\"@graph\":[{\"@type\":\"Article\",\"@id\":\"https:\/\/www.fiscalia.gov.co\/colombia\/seguridad-territorial\/asegurados-dos-presuntos-responsables-de-extorsionar-a-un-medico-en-tulua-valle\/#article\",\"isPartOf\":{\"@id\":\"https:\/\/www.fiscalia.gov.co\/colombia\/seguridad-territorial\/asegurados-dos-presuntos-responsables-de-extorsionar-a-un-medico-en-tulua-valle\/\"},\"author\":{\"name\":\"Ana Mar\u00eda Gomez\",\"@id\":\"https:\/\/www.fiscalia.gov.co\/colombia\/#\/schema\/person\/06aa2210fe4d79203f428ff671dee360\"},\"headline\":\"Asegurados dos presuntos responsables de extorsionar a un m\u00e9dico en Tulu\u00e1 (Valle)\",\"datePublished\":\"2021-05-25T16:15:14+00:00\",\"dateModified\":\"2021-05-25T16:17:14+00:00\",\"mainEntityOfPage\":{\"@id\":\"https:\/\/www.fiscalia.gov.co\/colombia\/seguridad-territorial\/asegurados-dos-presuntos-responsables-de-extorsionar-a-un-medico-en-tulua-valle\/\"},\"wordCount\":404,\"publisher\":{\"@id\":\"https:\/\/www.fiscalia.gov.co\/colombia\/#organization\"},\"keywords\":[\"Capturas\",\"C\u00e1rcel\",\"centro carcelario\",\"concierto para delinquir agravado con fines de extorsi\u00f3n\",\"exigencias econ\u00f3micas\",\"Extorsi\u00f3n agravada\",\"Fiscal General de la Naci\u00f3n\",\"Fiscal\u00eda Colombia\",\"Flagrancia\",\"galeno\",\"M\u00e9dico\",\"Medida de aseguramiento\"],\"articleSection\":[\"Seccional Cali\",\"Seccionales\",\"Seguridad territorial\"],\"inLanguage\":\"es-CO\"},{\"@type\":\"WebPage\",\"@id\":\"https:\/\/www.fiscalia.gov.co\/colombia\/seguridad-territorial\/asegurados-dos-presuntos-responsables-de-extorsionar-a-un-medico-en-tulua-valle\/\",\"url\":\"https:\/\/www.fiscalia.gov.co\/colombia\/seguridad-territorial\/asegurados-dos-presuntos-responsables-de-extorsionar-a-un-medico-en-tulua-valle\/\",\"name\":\"Fiscal\u00eda General de la Naci\u00f3n\",\"isPartOf\":{\"@id\":\"https:\/\/www.fiscalia.gov.co\/colombia\/#website\"},\"datePublished\":\"2021-05-25T16:15:14+00:00\",\"dateModified\":\"2021-05-25T16:17:14+00:00\",\"description\":\"P\u00e1gina oficial de la Fiscal\u00eda General de la Naci\u00f3n \u2013 Colombia. Garantizamos el acceso efectivo a la justicia, la verdad y la reparaci\u00f3n de las v\u00edctimas de los delitos.\",\"breadcrumb\":{\"@id\":\"https:\/\/www.fiscalia.gov.co\/colombia\/seguridad-territorial\/asegurados-dos-presuntos-responsables-de-extorsionar-a-un-medico-en-tulua-valle\/#breadcrumb\"},\"inLanguage\":\"es-CO\",\"potentialAction\":[{\"@type\":\"ReadAction\",\"target\":[\"https:\/\/www.fiscalia.gov.co\/colombia\/seguridad-territorial\/asegurados-dos-presuntos-responsables-de-extorsionar-a-un-medico-en-tulua-valle\/\"]}]},{\"@type\":\"BreadcrumbList\",\"@id\":\"https:\/\/www.fiscalia.gov.co\/colombia\/seguridad-territorial\/asegurados-dos-presuntos-responsables-de-extorsionar-a-un-medico-en-tulua-valle\/#breadcrumb\",\"itemListElement\":[{\"@type\":\"ListItem\",\"position\":1,\"name\":\"Home\",\"item\":\"https:\/\/www.fiscalia.gov.co\/colombia\/\"},{\"@type\":\"ListItem\",\"position\":2,\"name\":\"Asegurados dos presuntos responsables de extorsionar a un m\u00e9dico en Tulu\u00e1 (Valle)\"}]},{\"@type\":\"WebSite\",\"@id\":\"https:\/\/www.fiscalia.gov.co\/colombia\/#website\",\"url\":\"https:\/\/www.fiscalia.gov.co\/colombia\/\",\"name\":\"Fiscal\u00eda General de la Naci\u00f3n\",\"description\":\"P\u00e1gina oficial de la Fiscal\u00eda General de la Naci\u00f3n \u2013 Colombia. Garantizamos el acceso efectivo a la justicia, la verdad y la reparaci\u00f3n de las v\u00edctimas de los delitos.\",\"publisher\":{\"@id\":\"https:\/\/www.fiscalia.gov.co\/colombia\/#organization\"},\"potentialAction\":[{\"@type\":\"SearchAction\",\"target\":{\"@type\":\"EntryPoint\",\"urlTemplate\":\"https:\/\/www.fiscalia.gov.co\/colombia\/?s={search_term_string}\"},\"query-input\":{\"@type\":\"PropertyValueSpecification\",\"valueRequired\":true,\"valueName\":\"search_term_string\"}}],\"inLanguage\":\"es-CO\"},{\"@type\":\"Organization\",\"@id\":\"https:\/\/www.fiscalia.gov.co\/colombia\/#organization\",\"name\":\"Fiscal\u00eda General de la Naci\u00f3n\",\"url\":\"https:\/\/www.fiscalia.gov.co\/colombia\/\",\"logo\":{\"@type\":\"ImageObject\",\"inLanguage\":\"es-CO\",\"@id\":\"https:\/\/www.fiscalia.gov.co\/colombia\/#\/schema\/logo\/image\/\",\"url\":\"https:\/\/www.fiscalia.gov.co\/colombia\/wp-content\/uploads\/LogoHorizontal_1.jpg\",\"contentUrl\":\"https:\/\/www.fiscalia.gov.co\/colombia\/wp-content\/uploads\/LogoHorizontal_1.jpg\",\"width\":300,\"height\":90,\"caption\":\"Fiscal\u00eda General de la Naci\u00f3n\"},\"image\":{\"@id\":\"https:\/\/www.fiscalia.gov.co\/colombia\/#\/schema\/logo\/image\/\"},\"sameAs\":[\"https:\/\/www.facebook.com\/FiscaliaCol\",\"https:\/\/x.com\/FiscaliaCol\",\"https:\/\/www.instagram.com\/fiscaliacol\",\"https:\/\/www.linkedin.com\/company\/fiscalia-general-de-la-naci-n\/\",\"https:\/\/youtube.com\/@fiscaliageneraldelanacion-4668?si=6nN79nyQICPU5iTh\"]},{\"@type\":\"Person\",\"@id\":\"https:\/\/www.fiscalia.gov.co\/colombia\/#\/schema\/person\/06aa2210fe4d79203f428ff671dee360\",\"name\":\"Ana Mar\u00eda Gomez\",\"image\":{\"@type\":\"ImageObject\",\"inLanguage\":\"es-CO\",\"@id\":\"https:\/\/www.fiscalia.gov.co\/colombia\/#\/schema\/person\/image\/\",\"url\":\"https:\/\/secure.gravatar.com\/avatar\/a38115d98a7f8a96cbb96af2b2c37a0b?s=96&d=mm&r=g\",\"contentUrl\":\"https:\/\/secure.gravatar.com\/avatar\/a38115d98a7f8a96cbb96af2b2c37a0b?s=96&d=mm&r=g\",\"caption\":\"Ana Mar\u00eda Gomez\"},\"url\":\"https:\/\/www.fiscalia.gov.co\/colombia\/author\/agomez\/\"}]}<\/script>\n<!-- \/ Yoast SEO plugin. -->","yoast_head_json":{"title":"Fiscal\u00eda General de la Naci\u00f3n","description":"P\u00e1gina oficial de la Fiscal\u00eda General de la Naci\u00f3n \u2013 Colombia. Garantizamos el acceso efectivo a la justicia, la verdad y la reparaci\u00f3n de las v\u00edctimas de los delitos.","robots":{"index":"noindex","follow":"follow"},"og_locale":"es_ES","og_type":"article","og_title":"Fiscal\u00eda General de la Naci\u00f3n","og_description":"P\u00e1gina oficial de la Fiscal\u00eda General de la Naci\u00f3n \u2013 Colombia. Garantizamos el acceso efectivo a la justicia, la verdad y la reparaci\u00f3n de las v\u00edctimas de los delitos.","og_url":"https:\/\/www.fiscalia.gov.co\/colombia\/seguridad-territorial\/asegurados-dos-presuntos-responsables-de-extorsionar-a-un-medico-en-tulua-valle\/","og_site_name":"Fiscal\u00eda General de la Naci\u00f3n","article_publisher":"https:\/\/www.facebook.com\/FiscaliaCol","article_published_time":"2021-05-25T16:15:14+00:00","article_modified_time":"2021-05-25T16:17:14+00:00","author":"Ana Mar\u00eda Gomez","twitter_card":"summary_large_image","twitter_creator":"@FiscaliaCol","twitter_site":"@FiscaliaCol","twitter_misc":{"Escrito por":"Ana Mar\u00eda Gomez","Tiempo de lectura":"2 minutos"},"schema":{"@context":"https:\/\/schema.org","@graph":[{"@type":"Article","@id":"https:\/\/www.fiscalia.gov.co\/colombia\/seguridad-territorial\/asegurados-dos-presuntos-responsables-de-extorsionar-a-un-medico-en-tulua-valle\/#article","isPartOf":{"@id":"https:\/\/www.fiscalia.gov.co\/colombia\/seguridad-territorial\/asegurados-dos-presuntos-responsables-de-extorsionar-a-un-medico-en-tulua-valle\/"},"author":{"name":"Ana Mar\u00eda Gomez","@id":"https:\/\/www.fiscalia.gov.co\/colombia\/#\/schema\/person\/06aa2210fe4d79203f428ff671dee360"},"headline":"Asegurados dos presuntos responsables de extorsionar a un m\u00e9dico en Tulu\u00e1 (Valle)","datePublished":"2021-05-25T16:15:14+00:00","dateModified":"2021-05-25T16:17:14+00:00","mainEntityOfPage":{"@id":"https:\/\/www.fiscalia.gov.co\/colombia\/seguridad-territorial\/asegurados-dos-presuntos-responsables-de-extorsionar-a-un-medico-en-tulua-valle\/"},"wordCount":404,"publisher":{"@id":"https:\/\/www.fiscalia.gov.co\/colombia\/#organization"},"keywords":["Capturas","C\u00e1rcel","centro carcelario","concierto para delinquir agravado con fines de extorsi\u00f3n","exigencias econ\u00f3micas","Extorsi\u00f3n agravada","Fiscal General de la Naci\u00f3n","Fiscal\u00eda Colombia","Flagrancia","galeno","M\u00e9dico","Medida de aseguramiento"],"articleSection":["Seccional Cali","Seccionales","Seguridad territorial"],"inLanguage":"es-CO"},{"@type":"WebPage","@id":"https:\/\/www.fiscalia.gov.co\/colombia\/seguridad-territorial\/asegurados-dos-presuntos-responsables-de-extorsionar-a-un-medico-en-tulua-valle\/","url":"https:\/\/www.fiscalia.gov.co\/colombia\/seguridad-territorial\/asegurados-dos-presuntos-responsables-de-extorsionar-a-un-medico-en-tulua-valle\/","name":"Fiscal\u00eda General de la Naci\u00f3n","isPartOf":{"@id":"https:\/\/www.fiscalia.gov.co\/colombia\/#website"},"datePublished":"2021-05-25T16:15:14+00:00","dateModified":"2021-05-25T16:17:14+00:00","description":"P\u00e1gina oficial de la Fiscal\u00eda General de la Naci\u00f3n \u2013 Colombia. Garantizamos el acceso efectivo a la justicia, la verdad y la reparaci\u00f3n de las v\u00edctimas de los delitos.","breadcrumb":{"@id":"https:\/\/www.fiscalia.gov.co\/colombia\/seguridad-territorial\/asegurados-dos-presuntos-responsables-de-extorsionar-a-un-medico-en-tulua-valle\/#breadcrumb"},"inLanguage":"es-CO","potentialAction":[{"@type":"ReadAction","target":["https:\/\/www.fiscalia.gov.co\/colombia\/seguridad-territorial\/asegurados-dos-presuntos-responsables-de-extorsionar-a-un-medico-en-tulua-valle\/"]}]},{"@type":"BreadcrumbList","@id":"https:\/\/www.fiscalia.gov.co\/colombia\/seguridad-territorial\/asegurados-dos-presuntos-responsables-de-extorsionar-a-un-medico-en-tulua-valle\/#breadcrumb","itemListElement":[{"@type":"ListItem","position":1,"name":"Home","item":"https:\/\/www.fiscalia.gov.co\/colombia\/"},{"@type":"ListItem","position":2,"name":"Asegurados dos presuntos responsables de extorsionar a un m\u00e9dico en Tulu\u00e1 (Valle)"}]},{"@type":"WebSite","@id":"https:\/\/www.fiscalia.gov.co\/colombia\/#website","url":"https:\/\/www.fiscalia.gov.co\/colombia\/","name":"Fiscal\u00eda General de la Naci\u00f3n","description":"P\u00e1gina oficial de la Fiscal\u00eda General de la Naci\u00f3n \u2013 Colombia. Garantizamos el acceso efectivo a la justicia, la verdad y la reparaci\u00f3n de las v\u00edctimas de los delitos.","publisher":{"@id":"https:\/\/www.fiscalia.gov.co\/colombia\/#organization"},"potentialAction":[{"@type":"SearchAction","target":{"@type":"EntryPoint","urlTemplate":"https:\/\/www.fiscalia.gov.co\/colombia\/?s={search_term_string}"},"query-input":{"@type":"PropertyValueSpecification","valueRequired":true,"valueName":"search_term_string"}}],"inLanguage":"es-CO"},{"@type":"Organization","@id":"https:\/\/www.fiscalia.gov.co\/colombia\/#organization","name":"Fiscal\u00eda General de la Naci\u00f3n","url":"https:\/\/www.fiscalia.gov.co\/colombia\/","logo":{"@type":"ImageObject","inLanguage":"es-CO","@id":"https:\/\/www.fiscalia.gov.co\/colombia\/#\/schema\/logo\/image\/","url":"https:\/\/www.fiscalia.gov.co\/colombia\/wp-content\/uploads\/LogoHorizontal_1.jpg","contentUrl":"https:\/\/www.fiscalia.gov.co\/colombia\/wp-content\/uploads\/LogoHorizontal_1.jpg","width":300,"height":90,"caption":"Fiscal\u00eda General de la Naci\u00f3n"},"image":{"@id":"https:\/\/www.fiscalia.gov.co\/colombia\/#\/schema\/logo\/image\/"},"sameAs":["https:\/\/www.facebook.com\/FiscaliaCol","https:\/\/x.com\/FiscaliaCol","https:\/\/www.instagram.com\/fiscaliacol","https:\/\/www.linkedin.com\/company\/fiscalia-general-de-la-naci-n\/","https:\/\/youtube.com\/@fiscaliageneraldelanacion-4668?si=6nN79nyQICPU5iTh"]},{"@type":"Person","@id":"https:\/\/www.fiscalia.gov.co\/colombia\/#\/schema\/person\/06aa2210fe4d79203f428ff671dee360","name":"Ana Mar\u00eda Gomez","image":{"@type":"ImageObject","inLanguage":"es-CO","@id":"https:\/\/www.fiscalia.gov.co\/colombia\/#\/schema\/person\/image\/","url":"https:\/\/secure.gravatar.com\/avatar\/a38115d98a7f8a96cbb96af2b2c37a0b?s=96&d=mm&r=g","contentUrl":"https:\/\/secure.gravatar.com\/avatar\/a38115d98a7f8a96cbb96af2b2c37a0b?s=96&d=mm&r=g","caption":"Ana Mar\u00eda Gomez"},"url":"https:\/\/www.fiscalia.gov.co\/colombia\/author\/agomez\/"}]}},"_links":{"self":[{"href":"https:\/\/www.fiscalia.gov.co\/colombia\/wp-json\/wp\/v2\/posts\/220680","targetHints":{"allow":["GET"]}}],"collection":[{"href":"https:\/\/www.fiscalia.gov.co\/colombia\/wp-json\/wp\/v2\/posts"}],"about":[{"href":"https:\/\/www.fiscalia.gov.co\/colombia\/wp-json\/wp\/v2\/types\/post"}],"author":[{"embeddable":true,"href":"https:\/\/www.fiscalia.gov.co\/colombia\/wp-json\/wp\/v2\/users\/171"}],"replies":[{"embeddable":true,"href":"https:\/\/www.fiscalia.gov.co\/colombia\/wp-json\/wp\/v2\/comments?post=220680"}],"version-history":[{"count":3,"href":"https:\/\/www.fiscalia.gov.co\/colombia\/wp-json\/wp\/v2\/posts\/220680\/revisions"}],"predecessor-version":[{"id":220684,"href":"https:\/\/www.fiscalia.gov.co\/colombia\/wp-json\/wp\/v2\/posts\/220680\/revisions\/220684"}],"wp:attachment":[{"href":"https:\/\/www.fiscalia.gov.co\/colombia\/wp-json\/wp\/v2\/media?parent=220680"}],"wp:term":[{"taxonomy":"category","embeddable":true,"href":"https:\/\/www.fiscalia.gov.co\/colombia\/wp-json\/wp\/v2\/categories?post=220680"},{"taxonomy":"post_tag","embeddable":true,"href":"https:\/\/www.fiscalia.gov.co\/colombia\/wp-json\/wp\/v2\/tags?post=220680"}],"curies":[{"name":"wp","href":"https:\/\/api.w.org\/{rel}","templated":true}]}}