{"id":220487,"date":"2021-05-21T18:39:34","date_gmt":"2021-05-21T23:39:34","guid":{"rendered":"https:\/\/www.fiscalia.gov.co\/colombia\/?p=220487"},"modified":"2021-05-21T18:53:38","modified_gmt":"2021-05-21T23:53:38","slug":"a-la-carcel-seis-presuntos-implicados-en-el-incendio-del-peaje-de-irra-en-la-via-manizales-medellin-durante-las-jornadas-de-protesta","status":"publish","type":"post","link":"https:\/\/www.fiscalia.gov.co\/colombia\/fiscal-general-de-la-nacion\/a-la-carcel-seis-presuntos-implicados-en-el-incendio-del-peaje-de-irra-en-la-via-manizales-medellin-durante-las-jornadas-de-protesta\/","title":{"rendered":"A la c\u00e1rcel seis presuntos implicados en el incendio del peaje de Irra en la v\u00eda Manizales \u2013 Medell\u00edn, durante las jornadas de protesta"},"content":{"rendered":"<div>\n<blockquote>\n<h4 class=\"x_MsoNormal\" style=\"text-align: left;\"><strong><i><span lang=\"ES\">Los procesados adem\u00e1s habr\u00edan participado en otros hechos violentos como las amenazas a un l\u00edder social, los ataques contra miembros de la fuerza p\u00fablica y la quema de un cami\u00f3n.\u00a0<\/span><\/i><\/strong><\/h4>\n<\/blockquote>\n<p class=\"x_MsoNormal\"><span lang=\"ES\">El Fiscal General de la Naci\u00f3n, Francisco Barbosa Delgado, acompa\u00f1ado de la Vicefiscal Martha Janeth Mancera y la Delegada para la Seguridad Ciudadana, Luisa Obando, realiz\u00f3 un recorrido por Valle del Cauca y el Eje Cafetero donde hizo importantes anuncios de la lucha de la Fiscal\u00eda contra los delitos que afectan a la ciudadan\u00eda.\u00a0\u00a0\u00a0<\/span><\/p>\n<p class=\"x_MsoNormal\"><span lang=\"ES\">Temprano en la ma\u00f1ana se refiri\u00f3 la captura de 25 personas que al parecer hac\u00edan parte de una red delictiva denominada Diamante, que se dedicaba al tr\u00e1fico de armas tra\u00eddas desde Estados Unidos para proveer a grupos armados ilegales en Colombia.\u00a0\u00a0\u00a0<\/span><\/p>\n<figure id=\"attachment_220488\" aria-describedby=\"caption-attachment-220488\" style=\"width: 696px\" class=\"wp-caption alignleft\"><img loading=\"lazy\" decoding=\"async\" class=\"size-large wp-image-220488\" src=\"https:\/\/www.fiscalia.gov.co\/colombia\/wp-content\/uploads\/capturados-incendio-peaje-Irra-1024x518.jpeg\" alt=\"\" width=\"696\" height=\"352\" srcset=\"https:\/\/www.fiscalia.gov.co\/colombia\/wp-content\/uploads\/capturados-incendio-peaje-Irra-1024x518.jpeg 1024w, https:\/\/www.fiscalia.gov.co\/colombia\/wp-content\/uploads\/capturados-incendio-peaje-Irra-300x152.jpeg 300w, https:\/\/www.fiscalia.gov.co\/colombia\/wp-content\/uploads\/capturados-incendio-peaje-Irra-768x388.jpeg 768w, https:\/\/www.fiscalia.gov.co\/colombia\/wp-content\/uploads\/capturados-incendio-peaje-Irra-696x352.jpeg 696w, https:\/\/www.fiscalia.gov.co\/colombia\/wp-content\/uploads\/capturados-incendio-peaje-Irra-1068x540.jpeg 1068w, https:\/\/www.fiscalia.gov.co\/colombia\/wp-content\/uploads\/capturados-incendio-peaje-Irra-831x420.jpeg 831w, https:\/\/www.fiscalia.gov.co\/colombia\/wp-content\/uploads\/capturados-incendio-peaje-Irra.jpeg 1280w\" sizes=\"auto, (max-width: 696px) 100vw, 696px\" \/><figcaption id=\"caption-attachment-220488\" class=\"wp-caption-text\">Los procesados al parecer protagonizaron los actos vand\u00e1licos que se registraron en el peaje de Irra, jurisdicci\u00f3n de Neira (Caldas), y supuestamente participaron en otros hechos violentos.<\/figcaption><\/figure>\n<p class=\"x_MsoNormal\"><span lang=\"ES\">Luego se dirigi\u00f3 al peaje de Irra,\u00a0jurisdicci\u00f3n de Neira (Caldas), ubicado en la\u00a0v\u00eda que comunica a Manizales con Medell\u00edn (Antioquia), y entreg\u00f3 resultados sobre la judicializaci\u00f3n de seis personas por los actos vand\u00e1licos perpetrados en este sitio. Posteriormente se desplaz\u00f3 a la ciudad de Cartago (Valle), donde hizo un sobrevuelo y observ\u00f3 la situaci\u00f3n de la ciudad en medio de las manifestaciones. \u00a0<\/span><\/p>\n<p class=\"x_MsoNormal\"><span lang=\"ES\">Finalmente se dirigi\u00f3 a Pereira a la sede de la Seccional Risaralda para trabajar con el director y su equipo, con el fin de abordar diferentes casos ligados a la protesta social.\u00a0<\/span><span lang=\"ES\">\u00a0<\/span><\/p>\n<p class=\"x_MsoNormal\"><b><span lang=\"ES\">Judicializados por actos de vandalismo en peaje de Irra\u00a0<\/span><\/b><\/p>\n<p class=\"x_MsoNormal\"><span lang=\"ES\">El trabajo articulado entre la Seccional Caldas de la Fiscal\u00eda y\u00a0el Grupo de Crimen Organizado de la Sij\u00edn de la Polic\u00eda de Caldas permiti\u00f3 la captura de 6 indiciados, durante diligencias simult\u00e1neas de allanamiento y registro realizadas este 18 de mayo en el corregimiento de Irra, en Quinch\u00eda (Risaralda).\u00a0<\/span><\/p>\n<p class=\"x_MsoNormal\"><span lang=\"ES\">En las audiencias concentradas, un\u00a0fiscal especializado\u00a0les imput\u00f3 los delitos de\u00a0terrorismo, violencia contra servidor p\u00fablico, hurto calificado y agravado, incendio y da\u00f1o en bien ajeno.\u00a0Ninguno de los procesados acept\u00f3 los cargos.\u00a0<\/span><span lang=\"ES\">\u00a0<\/span><span lang=\"ES\">\u00a0<\/span><\/p>\n<p class=\"x_MsoNormal\"><span lang=\"ES\">Ante la contundencia de los elementos materiales probatorios, un\u00a0juez de control de garant\u00edas de Neira\u00a0impuso\u00a0medida de aseguramiento en centro carcelario\u00a0contra los investigados. No obstante, la\u00a0decisi\u00f3n fue apelada\u00a0por la defensa.<\/span><span lang=\"ES\">\u00a0<\/span><\/p>\n<p class=\"x_MsoNormal\"><span lang=\"ES\">Se trata de\u00a0Jhony Alex\u00e1nder Herrera Garc\u00eda, alias el Mec\u00e1nico; Luis Fernando Tapasco Chiquito, alias Nacional; Cristian Giovanis Garc\u00eda Largo, alias C Peludo; Carlos Leandro Berm\u00fadez Morales, alias Piolo o Piol\u00edn; Daniel Felipe Vel\u00e1squez Trejos, alias Moneque; y Esneider Ospina \u00c1lvarez, alias Chimbimbo.\u00a0<\/span><span lang=\"ES\">\u00a0<\/span><\/p>\n<p class=\"x_MsoNormal\"><span lang=\"ES\">Adem\u00e1s del incendio del peaje, a los detenidos se les atribuye la posible responsabilidad en el hurto del que fueron v\u00edctimas los empleados del lugar, as\u00ed como las\u00a0amenazas a un l\u00edder social\u00a0de la zona, las\u00a0agresiones a cuatro polic\u00edas y\u00a0la quema de un cami\u00f3n, el pasado 1 de mayo.<\/span><\/p>\n<p class=\"x_MsoNormal\"><b><span lang=\"ES\">Los hechos<\/span><\/b><span lang=\"ES\">\u00a0<\/span><\/p>\n<p class=\"x_MsoNormal\"><span lang=\"ES\">Mediante\u00a0testimonios,\u00a0videos,\u00a0reconocimientos fotogr\u00e1ficos\u00a0y\u00a0las prendas de vestir\u00a0que los procesados usaban el d\u00eda de los hechos (incautadas en los allanamientos), la Fiscal\u00eda puso en evidencia su presunta participaci\u00f3n en los desmanes registrados.<\/span><span lang=\"ES\">\u00a0<\/span><\/p>\n<p class=\"x_MsoNormal\"><span lang=\"ES\">De acuerdo con los videos de las c\u00e1maras del peaje, las instalaciones fueron quemadas con botellas de vidrio llenas de combustible que fueron lanzadas hacia el interior. Los da\u00f1os ocasionados con estos hechos fueron avaluados en unos\u00a0$4.600 millones\u00a0aproximadamente, mientras que por los d\u00edas que se dej\u00f3 de percibir el cobro del peaje se habr\u00edan generado p\u00e9rdidas por casi\u00a0$750 millones.<\/span><span lang=\"ES\">\u00a0<\/span><\/p>\n<p class=\"x_MsoNormal\"><span lang=\"ES\">Se conoci\u00f3 tambi\u00e9n, seg\u00fan una denuncia, que los atacantes les habr\u00edan hurtado a los empleados del lugar por lo menos $1.600.000 que hab\u00edan retirado ese d\u00eda.<\/span><\/p>\n<p class=\"x_MsoNormal\"><span lang=\"ES\">Por otra parte,\u00a0un l\u00edder social\u00a0de la zona denunci\u00f3 que luego de intentar frenar estos actos vand\u00e1licos, fue\u00a0amenazado de muerte\u00a0junto con su familia, por lo que tuvo que abandonar el corregimiento y desplazarse a otro municipio.<\/span><span lang=\"ES\">\u00a0<\/span><\/p>\n<p class=\"x_MsoNormal\"><span lang=\"ES\">En los\u00a0disturbios, se presume que los investigados\u00a0atacaron a cuatro polic\u00edas\u00a0lanz\u00e1ndoles piedras, con las cuales les habr\u00edan provocado lesiones en diferentes partes del cuerpo.<\/span><span lang=\"ES\">\u00a0<\/span><\/p>\n<p class=\"x_MsoNormal\"><span lang=\"ES\">Finalmente, los investigadores igualmente recopilaron la declaraci\u00f3n de un transportador que se movilizaba por el sector, quien asegur\u00f3 que los agresores le hurtaron la billetera, un bolso con\u00a0$2.500.000,\u00a0un repuesto para el veh\u00edculo. Posteriormente, le prendieron fuego al automotor. Las p\u00e9rdidas en este caso se estimaron en\u00a0$350 millones.\u00a0<\/span><\/p>\n<p class=\"x_MsoNormal\"><span lang=\"ES\">&#8220;Este es un mensaje para todas aquellas personas que pretenden no solamente destruir el patrimonio p\u00fablico y los bienes p\u00fablicos del pa\u00eds sino para todas las personas que pretenden adem\u00e1s imponerles la condici\u00f3n a los colombianos de bloqueos a trav\u00e9s de la comisi\u00f3n de delitos punibles&#8221;, enfatiz\u00f3 el jefe del ente acusador.\u00a0<\/span><\/p>\n<p class=\"x_MsoNormal\" align=\"center\"><b><span lang=\"ES\">La Fiscal\u00eda General de la Naci\u00f3n habla con resultados.<\/span><\/b><span lang=\"ES\">\u00a0<\/span><span lang=\"ES\">\u00a0<\/span><\/p>\n<p class=\"x_MsoNormal\">JLH\/JFLO\/DLBM\/AMB\/MRC\/LOG.\u00a0<span lang=\"ES\">\u00a0<\/span><\/p>\n<p class=\"x_x_MsoNormal\"><i><span lang=\"ES\">La informaci\u00f3n contenida en este bolet\u00edn de prensa corresponde a la narraci\u00f3n de los hechos noticiosos objetivos, suministrados por los funcionarios encargados de adelantar las investigaciones penales al interior de la Fiscal\u00eda General de la Naci\u00f3n. Para el momento de la divulgaci\u00f3n de este comunicado, la situaci\u00f3n jur\u00eddica de la(s) persona(s) relacionada(s) se encuentra pendiente de resolver por la autoridad judicial competente, siempre bajo los preceptos de la presunci\u00f3n de inocencia, consagrados en el art\u00edculo 29 de la Constituci\u00f3n Pol\u00edtica y el art\u00edculo 7\u00ba de la Ley 906 de 2004.<\/span><\/i><span lang=\"ES\">\u00a0 \u00a0 \u00a0 \u00a0<\/span><\/p>\n<\/div>\n<div>\n<p class=\"x_x_x_MsoNormal\"><span lang=\"ES\">Tambi\u00e9n le puede interesar:\u00a0<\/span><a href=\"https:\/\/www.fiscalia.gov.co\/colombia\/fiscal-general-de-la-nacion\/judicializados-presuntos-responsables-del-incendio-y-saqueo-a-peaje-en-cundinamarca\/\" target=\"_blank\" rel=\"noopener noreferrer\"><span lang=\"ES\">Judicializados presuntos responsables del incendio y saqueo a peaje en Cundinamarca<\/span><\/a><span lang=\"ES\">\u00a0<\/span><\/p>\n<\/div>\n\n<div class=\"twitter-share\"><a href=\"https:\/\/twitter.com\/intent\/tweet?via=fiscaliacol\" class=\"twitter-share-button\">Tweet<\/a><\/div>\n","protected":false},"excerpt":{"rendered":"<p>Los procesados adem\u00e1s habr\u00edan participado en otros hechos violentos como las amenazas a un l\u00edder social, los ataques contra miembros de la fuerza p\u00fablica y la quema de un cami\u00f3n.\u00a0 [&hellip;]<\/p>\n","protected":false},"author":171,"featured_media":0,"comment_status":"closed","ping_status":"open","sticky":false,"template":"","format":"video","meta":{"tdm_status":"","tdm_grid_status":"","footnotes":""},"categories":[25128,24096],"tags":[3119,14557,18028,1047,27068,7451,4171,27066,27065,27069,11101,381,27067,7453],"class_list":["post-220487","post","type-post","status-publish","format-video","category-el-fiscal-en-los-territorios","category-fiscal-general-de-la-nacion","tag-amenazas","tag-dano-en-bien-ajeno","tag-disturbios","tag-fiscalia-general-de-la-nacion","tag-grupo-de-crimen-organizado-de-la-sijin","tag-hurto-calificado-y-agravado","tag-incendio","tag-neira-caldas","tag-peaje-de-irra","tag-policia-de-caldas","tag-seguridad-ciudadana","tag-terrorismo","tag-via-manizales-medellin-antioquia","tag-violencia-contra-servidor-publico","post_format-post-format-video"],"yoast_head":"<!-- This site is optimized with the Yoast SEO plugin v24.3 - https:\/\/yoast.com\/wordpress\/plugins\/seo\/ -->\n<title>Fiscal\u00eda General de la Naci\u00f3n<\/title>\n<meta name=\"description\" content=\"P\u00e1gina oficial de la Fiscal\u00eda General de la Naci\u00f3n \u2013 Colombia. Garantizamos el acceso efectivo a la justicia, la verdad y la reparaci\u00f3n de las v\u00edctimas de los delitos.\" \/>\n<meta name=\"robots\" content=\"noindex, follow\" \/>\n<meta property=\"og:locale\" content=\"es_ES\" \/>\n<meta property=\"og:type\" content=\"article\" \/>\n<meta property=\"og:title\" content=\"Fiscal\u00eda General de la Naci\u00f3n\" \/>\n<meta property=\"og:description\" content=\"P\u00e1gina oficial de la Fiscal\u00eda General de la Naci\u00f3n \u2013 Colombia. Garantizamos el acceso efectivo a la justicia, la verdad y la reparaci\u00f3n de las v\u00edctimas de los delitos.\" \/>\n<meta property=\"og:url\" content=\"https:\/\/www.fiscalia.gov.co\/colombia\/fiscal-general-de-la-nacion\/a-la-carcel-seis-presuntos-implicados-en-el-incendio-del-peaje-de-irra-en-la-via-manizales-medellin-durante-las-jornadas-de-protesta\/\" \/>\n<meta property=\"og:site_name\" content=\"Fiscal\u00eda General de la Naci\u00f3n\" \/>\n<meta property=\"article:publisher\" content=\"https:\/\/www.facebook.com\/FiscaliaCol\" \/>\n<meta property=\"article:published_time\" content=\"2021-05-21T23:39:34+00:00\" \/>\n<meta property=\"article:modified_time\" content=\"2021-05-21T23:53:38+00:00\" \/>\n<meta property=\"og:image\" content=\"https:\/\/www.fiscalia.gov.co\/colombia\/wp-content\/uploads\/capturados-incendio-peaje-Irra-1024x518.jpeg\" \/>\n<meta name=\"author\" content=\"Ana Mar\u00eda Gomez\" \/>\n<meta name=\"twitter:card\" content=\"summary_large_image\" \/>\n<meta name=\"twitter:creator\" content=\"@FiscaliaCol\" \/>\n<meta name=\"twitter:site\" content=\"@FiscaliaCol\" \/>\n<meta name=\"twitter:label1\" content=\"Escrito por\" \/>\n\t<meta name=\"twitter:data1\" content=\"Ana Mar\u00eda Gomez\" \/>\n\t<meta name=\"twitter:label2\" content=\"Tiempo de lectura\" \/>\n\t<meta name=\"twitter:data2\" content=\"5 minutos\" \/>\n<script type=\"application\/ld+json\" class=\"yoast-schema-graph\">{\"@context\":\"https:\/\/schema.org\",\"@graph\":[{\"@type\":\"Article\",\"@id\":\"https:\/\/www.fiscalia.gov.co\/colombia\/fiscal-general-de-la-nacion\/a-la-carcel-seis-presuntos-implicados-en-el-incendio-del-peaje-de-irra-en-la-via-manizales-medellin-durante-las-jornadas-de-protesta\/#article\",\"isPartOf\":{\"@id\":\"https:\/\/www.fiscalia.gov.co\/colombia\/fiscal-general-de-la-nacion\/a-la-carcel-seis-presuntos-implicados-en-el-incendio-del-peaje-de-irra-en-la-via-manizales-medellin-durante-las-jornadas-de-protesta\/\"},\"author\":{\"name\":\"Ana Mar\u00eda Gomez\",\"@id\":\"https:\/\/www.fiscalia.gov.co\/colombia\/#\/schema\/person\/06aa2210fe4d79203f428ff671dee360\"},\"headline\":\"A la c\u00e1rcel seis presuntos implicados en el incendio del peaje de Irra en la v\u00eda Manizales \u2013 Medell\u00edn, durante las jornadas de protesta\",\"datePublished\":\"2021-05-21T23:39:34+00:00\",\"dateModified\":\"2021-05-21T23:53:38+00:00\",\"mainEntityOfPage\":{\"@id\":\"https:\/\/www.fiscalia.gov.co\/colombia\/fiscal-general-de-la-nacion\/a-la-carcel-seis-presuntos-implicados-en-el-incendio-del-peaje-de-irra-en-la-via-manizales-medellin-durante-las-jornadas-de-protesta\/\"},\"wordCount\":993,\"publisher\":{\"@id\":\"https:\/\/www.fiscalia.gov.co\/colombia\/#organization\"},\"image\":{\"@id\":\"https:\/\/www.fiscalia.gov.co\/colombia\/fiscal-general-de-la-nacion\/a-la-carcel-seis-presuntos-implicados-en-el-incendio-del-peaje-de-irra-en-la-via-manizales-medellin-durante-las-jornadas-de-protesta\/#primaryimage\"},\"thumbnailUrl\":\"https:\/\/www.fiscalia.gov.co\/colombia\/wp-content\/uploads\/capturados-incendio-peaje-Irra-1024x518.jpeg\",\"keywords\":[\"Amenazas\",\"Da\u00f1o en bien ajeno\",\"Disturbios\",\"Fiscal\u00eda General de la Naci\u00f3n\",\"Grupo de Crimen Organizado de la Sij\u00edn\",\"hurto calificado y agravado\",\"Incendio\",\"Neira (Caldas)\",\"peaje de Irra\",\"Polic\u00eda de Caldas\",\"Seguridad ciudadana\",\"Terrorismo\",\"v\u00eda Manizales - Medell\u00edn (Antioquia)\",\"violencia contra servidor p\u00fablico\"],\"articleSection\":[\"El Fiscal en los territorios\",\"Fiscal General de la Naci\u00f3n\"],\"inLanguage\":\"es-CO\"},{\"@type\":\"WebPage\",\"@id\":\"https:\/\/www.fiscalia.gov.co\/colombia\/fiscal-general-de-la-nacion\/a-la-carcel-seis-presuntos-implicados-en-el-incendio-del-peaje-de-irra-en-la-via-manizales-medellin-durante-las-jornadas-de-protesta\/\",\"url\":\"https:\/\/www.fiscalia.gov.co\/colombia\/fiscal-general-de-la-nacion\/a-la-carcel-seis-presuntos-implicados-en-el-incendio-del-peaje-de-irra-en-la-via-manizales-medellin-durante-las-jornadas-de-protesta\/\",\"name\":\"Fiscal\u00eda General de la Naci\u00f3n\",\"isPartOf\":{\"@id\":\"https:\/\/www.fiscalia.gov.co\/colombia\/#website\"},\"primaryImageOfPage\":{\"@id\":\"https:\/\/www.fiscalia.gov.co\/colombia\/fiscal-general-de-la-nacion\/a-la-carcel-seis-presuntos-implicados-en-el-incendio-del-peaje-de-irra-en-la-via-manizales-medellin-durante-las-jornadas-de-protesta\/#primaryimage\"},\"image\":{\"@id\":\"https:\/\/www.fiscalia.gov.co\/colombia\/fiscal-general-de-la-nacion\/a-la-carcel-seis-presuntos-implicados-en-el-incendio-del-peaje-de-irra-en-la-via-manizales-medellin-durante-las-jornadas-de-protesta\/#primaryimage\"},\"thumbnailUrl\":\"https:\/\/www.fiscalia.gov.co\/colombia\/wp-content\/uploads\/capturados-incendio-peaje-Irra-1024x518.jpeg\",\"datePublished\":\"2021-05-21T23:39:34+00:00\",\"dateModified\":\"2021-05-21T23:53:38+00:00\",\"description\":\"P\u00e1gina oficial de la Fiscal\u00eda General de la Naci\u00f3n \u2013 Colombia. Garantizamos el acceso efectivo a la justicia, la verdad y la reparaci\u00f3n de las v\u00edctimas de los delitos.\",\"breadcrumb\":{\"@id\":\"https:\/\/www.fiscalia.gov.co\/colombia\/fiscal-general-de-la-nacion\/a-la-carcel-seis-presuntos-implicados-en-el-incendio-del-peaje-de-irra-en-la-via-manizales-medellin-durante-las-jornadas-de-protesta\/#breadcrumb\"},\"inLanguage\":\"es-CO\",\"potentialAction\":[{\"@type\":\"ReadAction\",\"target\":[\"https:\/\/www.fiscalia.gov.co\/colombia\/fiscal-general-de-la-nacion\/a-la-carcel-seis-presuntos-implicados-en-el-incendio-del-peaje-de-irra-en-la-via-manizales-medellin-durante-las-jornadas-de-protesta\/\"]}]},{\"@type\":\"ImageObject\",\"inLanguage\":\"es-CO\",\"@id\":\"https:\/\/www.fiscalia.gov.co\/colombia\/fiscal-general-de-la-nacion\/a-la-carcel-seis-presuntos-implicados-en-el-incendio-del-peaje-de-irra-en-la-via-manizales-medellin-durante-las-jornadas-de-protesta\/#primaryimage\",\"url\":\"https:\/\/www.fiscalia.gov.co\/colombia\/wp-content\/uploads\/capturados-incendio-peaje-Irra-1024x518.jpeg\",\"contentUrl\":\"https:\/\/www.fiscalia.gov.co\/colombia\/wp-content\/uploads\/capturados-incendio-peaje-Irra-1024x518.jpeg\"},{\"@type\":\"BreadcrumbList\",\"@id\":\"https:\/\/www.fiscalia.gov.co\/colombia\/fiscal-general-de-la-nacion\/a-la-carcel-seis-presuntos-implicados-en-el-incendio-del-peaje-de-irra-en-la-via-manizales-medellin-durante-las-jornadas-de-protesta\/#breadcrumb\",\"itemListElement\":[{\"@type\":\"ListItem\",\"position\":1,\"name\":\"Home\",\"item\":\"https:\/\/www.fiscalia.gov.co\/colombia\/\"},{\"@type\":\"ListItem\",\"position\":2,\"name\":\"A la c\u00e1rcel seis presuntos implicados en el incendio del peaje de Irra en la v\u00eda Manizales \u2013 Medell\u00edn, durante las jornadas de protesta\"}]},{\"@type\":\"WebSite\",\"@id\":\"https:\/\/www.fiscalia.gov.co\/colombia\/#website\",\"url\":\"https:\/\/www.fiscalia.gov.co\/colombia\/\",\"name\":\"Fiscal\u00eda General de la Naci\u00f3n\",\"description\":\"P\u00e1gina oficial de la Fiscal\u00eda General de la Naci\u00f3n \u2013 Colombia. Garantizamos el acceso efectivo a la justicia, la verdad y la reparaci\u00f3n de las v\u00edctimas de los delitos.\",\"publisher\":{\"@id\":\"https:\/\/www.fiscalia.gov.co\/colombia\/#organization\"},\"potentialAction\":[{\"@type\":\"SearchAction\",\"target\":{\"@type\":\"EntryPoint\",\"urlTemplate\":\"https:\/\/www.fiscalia.gov.co\/colombia\/?s={search_term_string}\"},\"query-input\":{\"@type\":\"PropertyValueSpecification\",\"valueRequired\":true,\"valueName\":\"search_term_string\"}}],\"inLanguage\":\"es-CO\"},{\"@type\":\"Organization\",\"@id\":\"https:\/\/www.fiscalia.gov.co\/colombia\/#organization\",\"name\":\"Fiscal\u00eda General de la Naci\u00f3n\",\"url\":\"https:\/\/www.fiscalia.gov.co\/colombia\/\",\"logo\":{\"@type\":\"ImageObject\",\"inLanguage\":\"es-CO\",\"@id\":\"https:\/\/www.fiscalia.gov.co\/colombia\/#\/schema\/logo\/image\/\",\"url\":\"https:\/\/www.fiscalia.gov.co\/colombia\/wp-content\/uploads\/LogoHorizontal_1.jpg\",\"contentUrl\":\"https:\/\/www.fiscalia.gov.co\/colombia\/wp-content\/uploads\/LogoHorizontal_1.jpg\",\"width\":300,\"height\":90,\"caption\":\"Fiscal\u00eda General de la Naci\u00f3n\"},\"image\":{\"@id\":\"https:\/\/www.fiscalia.gov.co\/colombia\/#\/schema\/logo\/image\/\"},\"sameAs\":[\"https:\/\/www.facebook.com\/FiscaliaCol\",\"https:\/\/x.com\/FiscaliaCol\",\"https:\/\/www.instagram.com\/fiscaliacol\",\"https:\/\/www.linkedin.com\/company\/fiscalia-general-de-la-naci-n\/\",\"https:\/\/youtube.com\/@fiscaliageneraldelanacion-4668?si=6nN79nyQICPU5iTh\"]},{\"@type\":\"Person\",\"@id\":\"https:\/\/www.fiscalia.gov.co\/colombia\/#\/schema\/person\/06aa2210fe4d79203f428ff671dee360\",\"name\":\"Ana Mar\u00eda Gomez\",\"image\":{\"@type\":\"ImageObject\",\"inLanguage\":\"es-CO\",\"@id\":\"https:\/\/www.fiscalia.gov.co\/colombia\/#\/schema\/person\/image\/\",\"url\":\"https:\/\/secure.gravatar.com\/avatar\/a38115d98a7f8a96cbb96af2b2c37a0b?s=96&d=mm&r=g\",\"contentUrl\":\"https:\/\/secure.gravatar.com\/avatar\/a38115d98a7f8a96cbb96af2b2c37a0b?s=96&d=mm&r=g\",\"caption\":\"Ana Mar\u00eda Gomez\"},\"url\":\"https:\/\/www.fiscalia.gov.co\/colombia\/author\/agomez\/\"}]}<\/script>\n<!-- \/ Yoast SEO plugin. -->","yoast_head_json":{"title":"Fiscal\u00eda General de la Naci\u00f3n","description":"P\u00e1gina oficial de la Fiscal\u00eda General de la Naci\u00f3n \u2013 Colombia. Garantizamos el acceso efectivo a la justicia, la verdad y la reparaci\u00f3n de las v\u00edctimas de los delitos.","robots":{"index":"noindex","follow":"follow"},"og_locale":"es_ES","og_type":"article","og_title":"Fiscal\u00eda General de la Naci\u00f3n","og_description":"P\u00e1gina oficial de la Fiscal\u00eda General de la Naci\u00f3n \u2013 Colombia. Garantizamos el acceso efectivo a la justicia, la verdad y la reparaci\u00f3n de las v\u00edctimas de los delitos.","og_url":"https:\/\/www.fiscalia.gov.co\/colombia\/fiscal-general-de-la-nacion\/a-la-carcel-seis-presuntos-implicados-en-el-incendio-del-peaje-de-irra-en-la-via-manizales-medellin-durante-las-jornadas-de-protesta\/","og_site_name":"Fiscal\u00eda General de la Naci\u00f3n","article_publisher":"https:\/\/www.facebook.com\/FiscaliaCol","article_published_time":"2021-05-21T23:39:34+00:00","article_modified_time":"2021-05-21T23:53:38+00:00","og_image":[{"url":"https:\/\/www.fiscalia.gov.co\/colombia\/wp-content\/uploads\/capturados-incendio-peaje-Irra-1024x518.jpeg","type":"","width":"","height":""}],"author":"Ana Mar\u00eda Gomez","twitter_card":"summary_large_image","twitter_creator":"@FiscaliaCol","twitter_site":"@FiscaliaCol","twitter_misc":{"Escrito por":"Ana Mar\u00eda Gomez","Tiempo de lectura":"5 minutos"},"schema":{"@context":"https:\/\/schema.org","@graph":[{"@type":"Article","@id":"https:\/\/www.fiscalia.gov.co\/colombia\/fiscal-general-de-la-nacion\/a-la-carcel-seis-presuntos-implicados-en-el-incendio-del-peaje-de-irra-en-la-via-manizales-medellin-durante-las-jornadas-de-protesta\/#article","isPartOf":{"@id":"https:\/\/www.fiscalia.gov.co\/colombia\/fiscal-general-de-la-nacion\/a-la-carcel-seis-presuntos-implicados-en-el-incendio-del-peaje-de-irra-en-la-via-manizales-medellin-durante-las-jornadas-de-protesta\/"},"author":{"name":"Ana Mar\u00eda Gomez","@id":"https:\/\/www.fiscalia.gov.co\/colombia\/#\/schema\/person\/06aa2210fe4d79203f428ff671dee360"},"headline":"A la c\u00e1rcel seis presuntos implicados en el incendio del peaje de Irra en la v\u00eda Manizales \u2013 Medell\u00edn, durante las jornadas de protesta","datePublished":"2021-05-21T23:39:34+00:00","dateModified":"2021-05-21T23:53:38+00:00","mainEntityOfPage":{"@id":"https:\/\/www.fiscalia.gov.co\/colombia\/fiscal-general-de-la-nacion\/a-la-carcel-seis-presuntos-implicados-en-el-incendio-del-peaje-de-irra-en-la-via-manizales-medellin-durante-las-jornadas-de-protesta\/"},"wordCount":993,"publisher":{"@id":"https:\/\/www.fiscalia.gov.co\/colombia\/#organization"},"image":{"@id":"https:\/\/www.fiscalia.gov.co\/colombia\/fiscal-general-de-la-nacion\/a-la-carcel-seis-presuntos-implicados-en-el-incendio-del-peaje-de-irra-en-la-via-manizales-medellin-durante-las-jornadas-de-protesta\/#primaryimage"},"thumbnailUrl":"https:\/\/www.fiscalia.gov.co\/colombia\/wp-content\/uploads\/capturados-incendio-peaje-Irra-1024x518.jpeg","keywords":["Amenazas","Da\u00f1o en bien ajeno","Disturbios","Fiscal\u00eda General de la Naci\u00f3n","Grupo de Crimen Organizado de la Sij\u00edn","hurto calificado y agravado","Incendio","Neira (Caldas)","peaje de Irra","Polic\u00eda de Caldas","Seguridad ciudadana","Terrorismo","v\u00eda Manizales - Medell\u00edn (Antioquia)","violencia contra servidor p\u00fablico"],"articleSection":["El Fiscal en los territorios","Fiscal General de la Naci\u00f3n"],"inLanguage":"es-CO"},{"@type":"WebPage","@id":"https:\/\/www.fiscalia.gov.co\/colombia\/fiscal-general-de-la-nacion\/a-la-carcel-seis-presuntos-implicados-en-el-incendio-del-peaje-de-irra-en-la-via-manizales-medellin-durante-las-jornadas-de-protesta\/","url":"https:\/\/www.fiscalia.gov.co\/colombia\/fiscal-general-de-la-nacion\/a-la-carcel-seis-presuntos-implicados-en-el-incendio-del-peaje-de-irra-en-la-via-manizales-medellin-durante-las-jornadas-de-protesta\/","name":"Fiscal\u00eda General de la Naci\u00f3n","isPartOf":{"@id":"https:\/\/www.fiscalia.gov.co\/colombia\/#website"},"primaryImageOfPage":{"@id":"https:\/\/www.fiscalia.gov.co\/colombia\/fiscal-general-de-la-nacion\/a-la-carcel-seis-presuntos-implicados-en-el-incendio-del-peaje-de-irra-en-la-via-manizales-medellin-durante-las-jornadas-de-protesta\/#primaryimage"},"image":{"@id":"https:\/\/www.fiscalia.gov.co\/colombia\/fiscal-general-de-la-nacion\/a-la-carcel-seis-presuntos-implicados-en-el-incendio-del-peaje-de-irra-en-la-via-manizales-medellin-durante-las-jornadas-de-protesta\/#primaryimage"},"thumbnailUrl":"https:\/\/www.fiscalia.gov.co\/colombia\/wp-content\/uploads\/capturados-incendio-peaje-Irra-1024x518.jpeg","datePublished":"2021-05-21T23:39:34+00:00","dateModified":"2021-05-21T23:53:38+00:00","description":"P\u00e1gina oficial de la Fiscal\u00eda General de la Naci\u00f3n \u2013 Colombia. Garantizamos el acceso efectivo a la justicia, la verdad y la reparaci\u00f3n de las v\u00edctimas de los delitos.","breadcrumb":{"@id":"https:\/\/www.fiscalia.gov.co\/colombia\/fiscal-general-de-la-nacion\/a-la-carcel-seis-presuntos-implicados-en-el-incendio-del-peaje-de-irra-en-la-via-manizales-medellin-durante-las-jornadas-de-protesta\/#breadcrumb"},"inLanguage":"es-CO","potentialAction":[{"@type":"ReadAction","target":["https:\/\/www.fiscalia.gov.co\/colombia\/fiscal-general-de-la-nacion\/a-la-carcel-seis-presuntos-implicados-en-el-incendio-del-peaje-de-irra-en-la-via-manizales-medellin-durante-las-jornadas-de-protesta\/"]}]},{"@type":"ImageObject","inLanguage":"es-CO","@id":"https:\/\/www.fiscalia.gov.co\/colombia\/fiscal-general-de-la-nacion\/a-la-carcel-seis-presuntos-implicados-en-el-incendio-del-peaje-de-irra-en-la-via-manizales-medellin-durante-las-jornadas-de-protesta\/#primaryimage","url":"https:\/\/www.fiscalia.gov.co\/colombia\/wp-content\/uploads\/capturados-incendio-peaje-Irra-1024x518.jpeg","contentUrl":"https:\/\/www.fiscalia.gov.co\/colombia\/wp-content\/uploads\/capturados-incendio-peaje-Irra-1024x518.jpeg"},{"@type":"BreadcrumbList","@id":"https:\/\/www.fiscalia.gov.co\/colombia\/fiscal-general-de-la-nacion\/a-la-carcel-seis-presuntos-implicados-en-el-incendio-del-peaje-de-irra-en-la-via-manizales-medellin-durante-las-jornadas-de-protesta\/#breadcrumb","itemListElement":[{"@type":"ListItem","position":1,"name":"Home","item":"https:\/\/www.fiscalia.gov.co\/colombia\/"},{"@type":"ListItem","position":2,"name":"A la c\u00e1rcel seis presuntos implicados en el incendio del peaje de Irra en la v\u00eda Manizales \u2013 Medell\u00edn, durante las jornadas de protesta"}]},{"@type":"WebSite","@id":"https:\/\/www.fiscalia.gov.co\/colombia\/#website","url":"https:\/\/www.fiscalia.gov.co\/colombia\/","name":"Fiscal\u00eda General de la Naci\u00f3n","description":"P\u00e1gina oficial de la Fiscal\u00eda General de la Naci\u00f3n \u2013 Colombia. Garantizamos el acceso efectivo a la justicia, la verdad y la reparaci\u00f3n de las v\u00edctimas de los delitos.","publisher":{"@id":"https:\/\/www.fiscalia.gov.co\/colombia\/#organization"},"potentialAction":[{"@type":"SearchAction","target":{"@type":"EntryPoint","urlTemplate":"https:\/\/www.fiscalia.gov.co\/colombia\/?s={search_term_string}"},"query-input":{"@type":"PropertyValueSpecification","valueRequired":true,"valueName":"search_term_string"}}],"inLanguage":"es-CO"},{"@type":"Organization","@id":"https:\/\/www.fiscalia.gov.co\/colombia\/#organization","name":"Fiscal\u00eda General de la Naci\u00f3n","url":"https:\/\/www.fiscalia.gov.co\/colombia\/","logo":{"@type":"ImageObject","inLanguage":"es-CO","@id":"https:\/\/www.fiscalia.gov.co\/colombia\/#\/schema\/logo\/image\/","url":"https:\/\/www.fiscalia.gov.co\/colombia\/wp-content\/uploads\/LogoHorizontal_1.jpg","contentUrl":"https:\/\/www.fiscalia.gov.co\/colombia\/wp-content\/uploads\/LogoHorizontal_1.jpg","width":300,"height":90,"caption":"Fiscal\u00eda General de la Naci\u00f3n"},"image":{"@id":"https:\/\/www.fiscalia.gov.co\/colombia\/#\/schema\/logo\/image\/"},"sameAs":["https:\/\/www.facebook.com\/FiscaliaCol","https:\/\/x.com\/FiscaliaCol","https:\/\/www.instagram.com\/fiscaliacol","https:\/\/www.linkedin.com\/company\/fiscalia-general-de-la-naci-n\/","https:\/\/youtube.com\/@fiscaliageneraldelanacion-4668?si=6nN79nyQICPU5iTh"]},{"@type":"Person","@id":"https:\/\/www.fiscalia.gov.co\/colombia\/#\/schema\/person\/06aa2210fe4d79203f428ff671dee360","name":"Ana Mar\u00eda Gomez","image":{"@type":"ImageObject","inLanguage":"es-CO","@id":"https:\/\/www.fiscalia.gov.co\/colombia\/#\/schema\/person\/image\/","url":"https:\/\/secure.gravatar.com\/avatar\/a38115d98a7f8a96cbb96af2b2c37a0b?s=96&d=mm&r=g","contentUrl":"https:\/\/secure.gravatar.com\/avatar\/a38115d98a7f8a96cbb96af2b2c37a0b?s=96&d=mm&r=g","caption":"Ana Mar\u00eda Gomez"},"url":"https:\/\/www.fiscalia.gov.co\/colombia\/author\/agomez\/"}]}},"_links":{"self":[{"href":"https:\/\/www.fiscalia.gov.co\/colombia\/wp-json\/wp\/v2\/posts\/220487","targetHints":{"allow":["GET"]}}],"collection":[{"href":"https:\/\/www.fiscalia.gov.co\/colombia\/wp-json\/wp\/v2\/posts"}],"about":[{"href":"https:\/\/www.fiscalia.gov.co\/colombia\/wp-json\/wp\/v2\/types\/post"}],"author":[{"embeddable":true,"href":"https:\/\/www.fiscalia.gov.co\/colombia\/wp-json\/wp\/v2\/users\/171"}],"replies":[{"embeddable":true,"href":"https:\/\/www.fiscalia.gov.co\/colombia\/wp-json\/wp\/v2\/comments?post=220487"}],"version-history":[{"count":1,"href":"https:\/\/www.fiscalia.gov.co\/colombia\/wp-json\/wp\/v2\/posts\/220487\/revisions"}],"predecessor-version":[{"id":220492,"href":"https:\/\/www.fiscalia.gov.co\/colombia\/wp-json\/wp\/v2\/posts\/220487\/revisions\/220492"}],"wp:attachment":[{"href":"https:\/\/www.fiscalia.gov.co\/colombia\/wp-json\/wp\/v2\/media?parent=220487"}],"wp:term":[{"taxonomy":"category","embeddable":true,"href":"https:\/\/www.fiscalia.gov.co\/colombia\/wp-json\/wp\/v2\/categories?post=220487"},{"taxonomy":"post_tag","embeddable":true,"href":"https:\/\/www.fiscalia.gov.co\/colombia\/wp-json\/wp\/v2\/tags?post=220487"}],"curies":[{"name":"wp","href":"https:\/\/api.w.org\/{rel}","templated":true}]}}