{"id":220402,"date":"2021-05-20T18:00:56","date_gmt":"2021-05-20T23:00:56","guid":{"rendered":"https:\/\/www.fiscalia.gov.co\/colombia\/?p=220402"},"modified":"2021-05-20T18:00:56","modified_gmt":"2021-05-20T23:00:56","slug":"en-cundinamarca-fiscalia-obtuvo-medida-de-aseguramiento-contra-presunto-feminicida","status":"publish","type":"post","link":"https:\/\/www.fiscalia.gov.co\/colombia\/seguridad-territorial\/en-cundinamarca-fiscalia-obtuvo-medida-de-aseguramiento-contra-presunto-feminicida\/","title":{"rendered":"En Cundinamarca, Fiscal\u00eda obtuvo medida de aseguramiento contra presunto feminicida"},"content":{"rendered":"<p class=\"x_MsoNormal\"><span lang=\"ES-CO\">Un juez de control de garant\u00edas acogi\u00f3 la solicitud de la<b>\u00a0Fiscal\u00eda General de la Naci\u00f3n<\/b>\u00a0e impuso<b>\u00a0medida de aseguramiento intramuros<\/b>\u00a0en contra de Carlos Julio Orteg\u00f3n, quien, de acuerdo con los elementos materiales de prueba, le habr\u00eda causado la muerte a su\u00a0<b>compa\u00f1era sentimental<\/b>\u00a0en medio de una escena de celos.\u00a0<\/span><\/p>\n<p class=\"x_MsoNormal\"><span lang=\"ES-CO\">La investigaci\u00f3n indica que el pasado 16 de mayo a las 7 de la noche, en su lugar de residencia, ubicada en Viot\u00e1 (Cundinamarca), el hoy procesado supuestamente atac\u00f3 con arma blanca varias veces a la mujer, con quien convivi\u00f3 por m\u00e1s de 20 a\u00f1os.\u00a0<\/span><\/p>\n<p class=\"x_MsoNormal\"><span lang=\"ES-CO\">Un fiscal de la\u00a0<\/span><span lang=\"ES-CO\"><a href=\"https:\/\/www.fiscalia.gov.co\/colombia\/seccionales\/carcel-para-profesor-de-ingles-que-habria-abusado-sexualmente-de-algunos-de-sus-estudiantes-en-cundinamarca\/\" target=\"_blank\" rel=\"noopener noreferrer\">Seccional Cundinamarca<\/a><\/span><span lang=\"ES-CO\">\u00a0le imput\u00f3 a Orteg\u00f3n el delito de\u00a0<b>feminicidio<\/b><b>\u00a0agravado<\/b>, al inferir que hubo un ciclo de violencia f\u00edsica y psicol\u00f3gica que antecedi\u00f3 al crimen.\u00a0<\/span><\/p>\n<p class=\"x_MsoNormal\"><span lang=\"ES-CO\">Del mismo modo, las entrevistas a testigos, registros fotogr\u00e1ficos, advierten que el agresor habr\u00eda ejercido actos de instrumentalizaci\u00f3n y maltrato en su contra.\u00a0<\/span><\/p>\n<p class=\"x_MsoNormal\"><span lang=\"ES\">Durante el procedimiento de captura por parte de la Polic\u00eda Nacional, le fue encontrada el arma con la que al parecer cometi\u00f3 el\u00a0<b>crimen<\/b>.\u00a0<\/span><\/p>\n<p class=\"x_MsoNormal\"><span lang=\"ES-CO\">Orteg\u00f3n cumplir\u00e1 la medida en el centro carcelario El Diamante, en Girardot (Cundinamarca).\u00a0<\/span><\/p>\n<p class=\"x_MsoNormal\"><span lang=\"ES\">Este resultado obedece a la\u00a0<b>estrategia de priorizaci\u00f3n<\/b>\u00a0de hechos que atentan contra la integridad de las mujeres ni\u00f1as, ni\u00f1os y adolescentes.\u00a0<\/span><\/p>\n<p class=\"x_MsoNormal\"><span lang=\"ES\">La Fiscal\u00eda General de la Naci\u00f3n habla con resultados.\u00a0<\/span><\/p>\n<p class=\"x_MsoNormal\"><span lang=\"ES\">CMRM\/NCG\/DLBM\u00a0<\/span><\/p>\n<p class=\"x_MsoNormal\"><i><span lang=\"ES\">La informaci\u00f3n contenida en este bolet\u00edn de prensa corresponde a la narraci\u00f3n de los hechos noticiosos objetivos, suministrados por los funcionarios encargados de adelantar las investigaciones penales al interior de la Fiscal\u00eda General de la Naci\u00f3n. Para el momento de la divulgaci\u00f3n de este comunicado, la situaci\u00f3n jur\u00eddica de la(s) persona(s) relacionada(s) se encuentra pendiente de resolver por la autoridad judicial competente, siempre bajo los preceptos de la presunci\u00f3n de inocencia, consagrados en el art\u00edculo 29 de la Constituci\u00f3n Pol\u00edtica y el art\u00edculo 7\u00ba de la Ley 906 de 2004.<\/span><\/i><span lang=\"ES\">\u00a0\u00a0<\/span><\/p>\n\n<div class=\"twitter-share\"><a href=\"https:\/\/twitter.com\/intent\/tweet?via=fiscaliacol\" class=\"twitter-share-button\">Tweet<\/a><\/div>\n","protected":false},"excerpt":{"rendered":"<p>Un juez de control de garant\u00edas acogi\u00f3 la solicitud de la\u00a0Fiscal\u00eda General de la Naci\u00f3n\u00a0e impuso\u00a0medida de aseguramiento intramuros\u00a0en contra de Carlos Julio Orteg\u00f3n, quien, de acuerdo con los elementos materiales de prueba, le habr\u00eda causado la muerte a su\u00a0compa\u00f1era sentimental\u00a0en medio de una escena de celos.\u00a0 La investigaci\u00f3n indica que el pasado 16 de [&hellip;]<\/p>\n","protected":false},"author":171,"featured_media":0,"comment_status":"closed","ping_status":"open","sticky":false,"template":"","format":"standard","meta":{"_price":"","_stock":"","_tribe_ticket_header":"","_tribe_default_ticket_provider":"","_tribe_ticket_capacity":"0","_ticket_start_date":"","_ticket_end_date":"","_tribe_ticket_show_description":"","_tribe_ticket_show_not_going":false,"_tribe_ticket_use_global_stock":"","_tribe_ticket_global_stock_level":"","_global_stock_mode":"","_global_stock_cap":"","_tribe_rsvp_for_event":"","_tribe_ticket_going_count":"","_tribe_ticket_not_going_count":"","_tribe_tickets_list":"[]","_tribe_ticket_has_attendee_info_fields":false,"tdm_status":"","tdm_grid_status":"","footnotes":""},"categories":[327,303,24099],"tags":[27045],"class_list":{"0":"post-220402","1":"post","2":"type-post","3":"status-publish","4":"format-standard","6":"category-seccional-cundinamarca","7":"category-seccionales","8":"category-seguridad-territorial","9":"tag-fiscalia-general-seccional-cundinamarca-feminicidio-crimen"},"yoast_head":"<!-- This site is optimized with the Yoast SEO plugin v24.3 - https:\/\/yoast.com\/wordpress\/plugins\/seo\/ -->\n<title>Fiscal\u00eda General de la Naci\u00f3n<\/title>\n<meta name=\"description\" content=\"P\u00e1gina oficial de la Fiscal\u00eda General de la Naci\u00f3n \u2013 Colombia. Garantizamos el acceso efectivo a la justicia, la verdad y la reparaci\u00f3n de las v\u00edctimas de los delitos.\" \/>\n<meta name=\"robots\" content=\"noindex, follow\" \/>\n<meta property=\"og:locale\" content=\"es_ES\" \/>\n<meta property=\"og:type\" content=\"article\" \/>\n<meta property=\"og:title\" content=\"Fiscal\u00eda General de la Naci\u00f3n\" \/>\n<meta property=\"og:description\" content=\"P\u00e1gina oficial de la Fiscal\u00eda General de la Naci\u00f3n \u2013 Colombia. Garantizamos el acceso efectivo a la justicia, la verdad y la reparaci\u00f3n de las v\u00edctimas de los delitos.\" \/>\n<meta property=\"og:url\" content=\"https:\/\/www.fiscalia.gov.co\/colombia\/seguridad-territorial\/en-cundinamarca-fiscalia-obtuvo-medida-de-aseguramiento-contra-presunto-feminicida\/\" \/>\n<meta property=\"og:site_name\" content=\"Fiscal\u00eda General de la Naci\u00f3n\" \/>\n<meta property=\"article:publisher\" content=\"https:\/\/www.facebook.com\/FiscaliaCol\" \/>\n<meta property=\"article:published_time\" content=\"2021-05-20T23:00:56+00:00\" \/>\n<meta name=\"author\" content=\"Ana Mar\u00eda Gomez\" \/>\n<meta name=\"twitter:card\" content=\"summary_large_image\" \/>\n<meta name=\"twitter:creator\" content=\"@FiscaliaCol\" \/>\n<meta name=\"twitter:site\" content=\"@FiscaliaCol\" \/>\n<meta name=\"twitter:label1\" content=\"Escrito por\" \/>\n\t<meta name=\"twitter:data1\" content=\"Ana Mar\u00eda Gomez\" \/>\n\t<meta name=\"twitter:label2\" content=\"Tiempo de lectura\" \/>\n\t<meta name=\"twitter:data2\" content=\"2 minutos\" \/>\n<script type=\"application\/ld+json\" class=\"yoast-schema-graph\">{\"@context\":\"https:\/\/schema.org\",\"@graph\":[{\"@type\":\"Article\",\"@id\":\"https:\/\/www.fiscalia.gov.co\/colombia\/seguridad-territorial\/en-cundinamarca-fiscalia-obtuvo-medida-de-aseguramiento-contra-presunto-feminicida\/#article\",\"isPartOf\":{\"@id\":\"https:\/\/www.fiscalia.gov.co\/colombia\/seguridad-territorial\/en-cundinamarca-fiscalia-obtuvo-medida-de-aseguramiento-contra-presunto-feminicida\/\"},\"author\":{\"name\":\"Ana Mar\u00eda Gomez\",\"@id\":\"https:\/\/www.fiscalia.gov.co\/colombia\/#\/schema\/person\/06aa2210fe4d79203f428ff671dee360\"},\"headline\":\"En Cundinamarca, Fiscal\u00eda obtuvo medida de aseguramiento contra presunto feminicida\",\"datePublished\":\"2021-05-20T23:00:56+00:00\",\"dateModified\":\"2021-05-20T23:00:56+00:00\",\"mainEntityOfPage\":{\"@id\":\"https:\/\/www.fiscalia.gov.co\/colombia\/seguridad-territorial\/en-cundinamarca-fiscalia-obtuvo-medida-de-aseguramiento-contra-presunto-feminicida\/\"},\"wordCount\":354,\"publisher\":{\"@id\":\"https:\/\/www.fiscalia.gov.co\/colombia\/#organization\"},\"keywords\":[\"Fiscal\u00eda general. Seccional Cundinamarca. Feminicidio. Crimen\"],\"articleSection\":[\"Seccional Cundinamarca\",\"Seccionales\",\"Seguridad territorial\"],\"inLanguage\":\"es-CO\"},{\"@type\":\"WebPage\",\"@id\":\"https:\/\/www.fiscalia.gov.co\/colombia\/seguridad-territorial\/en-cundinamarca-fiscalia-obtuvo-medida-de-aseguramiento-contra-presunto-feminicida\/\",\"url\":\"https:\/\/www.fiscalia.gov.co\/colombia\/seguridad-territorial\/en-cundinamarca-fiscalia-obtuvo-medida-de-aseguramiento-contra-presunto-feminicida\/\",\"name\":\"Fiscal\u00eda General de la Naci\u00f3n\",\"isPartOf\":{\"@id\":\"https:\/\/www.fiscalia.gov.co\/colombia\/#website\"},\"datePublished\":\"2021-05-20T23:00:56+00:00\",\"dateModified\":\"2021-05-20T23:00:56+00:00\",\"description\":\"P\u00e1gina oficial de la Fiscal\u00eda General de la Naci\u00f3n \u2013 Colombia. Garantizamos el acceso efectivo a la justicia, la verdad y la reparaci\u00f3n de las v\u00edctimas de los delitos.\",\"breadcrumb\":{\"@id\":\"https:\/\/www.fiscalia.gov.co\/colombia\/seguridad-territorial\/en-cundinamarca-fiscalia-obtuvo-medida-de-aseguramiento-contra-presunto-feminicida\/#breadcrumb\"},\"inLanguage\":\"es-CO\",\"potentialAction\":[{\"@type\":\"ReadAction\",\"target\":[\"https:\/\/www.fiscalia.gov.co\/colombia\/seguridad-territorial\/en-cundinamarca-fiscalia-obtuvo-medida-de-aseguramiento-contra-presunto-feminicida\/\"]}]},{\"@type\":\"BreadcrumbList\",\"@id\":\"https:\/\/www.fiscalia.gov.co\/colombia\/seguridad-territorial\/en-cundinamarca-fiscalia-obtuvo-medida-de-aseguramiento-contra-presunto-feminicida\/#breadcrumb\",\"itemListElement\":[{\"@type\":\"ListItem\",\"position\":1,\"name\":\"Home\",\"item\":\"https:\/\/www.fiscalia.gov.co\/colombia\/\"},{\"@type\":\"ListItem\",\"position\":2,\"name\":\"En Cundinamarca, Fiscal\u00eda obtuvo medida de aseguramiento contra presunto feminicida\"}]},{\"@type\":\"WebSite\",\"@id\":\"https:\/\/www.fiscalia.gov.co\/colombia\/#website\",\"url\":\"https:\/\/www.fiscalia.gov.co\/colombia\/\",\"name\":\"Fiscal\u00eda General de la Naci\u00f3n\",\"description\":\"P\u00e1gina oficial de la Fiscal\u00eda General de la Naci\u00f3n \u2013 Colombia. Garantizamos el acceso efectivo a la justicia, la verdad y la reparaci\u00f3n de las v\u00edctimas de los delitos.\",\"publisher\":{\"@id\":\"https:\/\/www.fiscalia.gov.co\/colombia\/#organization\"},\"potentialAction\":[{\"@type\":\"SearchAction\",\"target\":{\"@type\":\"EntryPoint\",\"urlTemplate\":\"https:\/\/www.fiscalia.gov.co\/colombia\/?s={search_term_string}\"},\"query-input\":{\"@type\":\"PropertyValueSpecification\",\"valueRequired\":true,\"valueName\":\"search_term_string\"}}],\"inLanguage\":\"es-CO\"},{\"@type\":\"Organization\",\"@id\":\"https:\/\/www.fiscalia.gov.co\/colombia\/#organization\",\"name\":\"Fiscal\u00eda General de la Naci\u00f3n\",\"url\":\"https:\/\/www.fiscalia.gov.co\/colombia\/\",\"logo\":{\"@type\":\"ImageObject\",\"inLanguage\":\"es-CO\",\"@id\":\"https:\/\/www.fiscalia.gov.co\/colombia\/#\/schema\/logo\/image\/\",\"url\":\"https:\/\/www.fiscalia.gov.co\/colombia\/wp-content\/uploads\/LogoHorizontal_1.jpg\",\"contentUrl\":\"https:\/\/www.fiscalia.gov.co\/colombia\/wp-content\/uploads\/LogoHorizontal_1.jpg\",\"width\":300,\"height\":90,\"caption\":\"Fiscal\u00eda General de la Naci\u00f3n\"},\"image\":{\"@id\":\"https:\/\/www.fiscalia.gov.co\/colombia\/#\/schema\/logo\/image\/\"},\"sameAs\":[\"https:\/\/www.facebook.com\/FiscaliaCol\",\"https:\/\/x.com\/FiscaliaCol\",\"https:\/\/www.instagram.com\/fiscaliacol\",\"https:\/\/www.linkedin.com\/company\/fiscalia-general-de-la-naci-n\/\",\"https:\/\/youtube.com\/@fiscaliageneraldelanacion-4668?si=6nN79nyQICPU5iTh\"]},{\"@type\":\"Person\",\"@id\":\"https:\/\/www.fiscalia.gov.co\/colombia\/#\/schema\/person\/06aa2210fe4d79203f428ff671dee360\",\"name\":\"Ana Mar\u00eda Gomez\",\"image\":{\"@type\":\"ImageObject\",\"inLanguage\":\"es-CO\",\"@id\":\"https:\/\/www.fiscalia.gov.co\/colombia\/#\/schema\/person\/image\/\",\"url\":\"https:\/\/secure.gravatar.com\/avatar\/a38115d98a7f8a96cbb96af2b2c37a0b?s=96&d=mm&r=g\",\"contentUrl\":\"https:\/\/secure.gravatar.com\/avatar\/a38115d98a7f8a96cbb96af2b2c37a0b?s=96&d=mm&r=g\",\"caption\":\"Ana Mar\u00eda Gomez\"},\"url\":\"https:\/\/www.fiscalia.gov.co\/colombia\/author\/agomez\/\"}]}<\/script>\n<!-- \/ Yoast SEO plugin. -->","yoast_head_json":{"title":"Fiscal\u00eda General de la Naci\u00f3n","description":"P\u00e1gina oficial de la Fiscal\u00eda General de la Naci\u00f3n \u2013 Colombia. Garantizamos el acceso efectivo a la justicia, la verdad y la reparaci\u00f3n de las v\u00edctimas de los delitos.","robots":{"index":"noindex","follow":"follow"},"og_locale":"es_ES","og_type":"article","og_title":"Fiscal\u00eda General de la Naci\u00f3n","og_description":"P\u00e1gina oficial de la Fiscal\u00eda General de la Naci\u00f3n \u2013 Colombia. Garantizamos el acceso efectivo a la justicia, la verdad y la reparaci\u00f3n de las v\u00edctimas de los delitos.","og_url":"https:\/\/www.fiscalia.gov.co\/colombia\/seguridad-territorial\/en-cundinamarca-fiscalia-obtuvo-medida-de-aseguramiento-contra-presunto-feminicida\/","og_site_name":"Fiscal\u00eda General de la Naci\u00f3n","article_publisher":"https:\/\/www.facebook.com\/FiscaliaCol","article_published_time":"2021-05-20T23:00:56+00:00","author":"Ana Mar\u00eda Gomez","twitter_card":"summary_large_image","twitter_creator":"@FiscaliaCol","twitter_site":"@FiscaliaCol","twitter_misc":{"Escrito por":"Ana Mar\u00eda Gomez","Tiempo de lectura":"2 minutos"},"schema":{"@context":"https:\/\/schema.org","@graph":[{"@type":"Article","@id":"https:\/\/www.fiscalia.gov.co\/colombia\/seguridad-territorial\/en-cundinamarca-fiscalia-obtuvo-medida-de-aseguramiento-contra-presunto-feminicida\/#article","isPartOf":{"@id":"https:\/\/www.fiscalia.gov.co\/colombia\/seguridad-territorial\/en-cundinamarca-fiscalia-obtuvo-medida-de-aseguramiento-contra-presunto-feminicida\/"},"author":{"name":"Ana Mar\u00eda Gomez","@id":"https:\/\/www.fiscalia.gov.co\/colombia\/#\/schema\/person\/06aa2210fe4d79203f428ff671dee360"},"headline":"En Cundinamarca, Fiscal\u00eda obtuvo medida de aseguramiento contra presunto feminicida","datePublished":"2021-05-20T23:00:56+00:00","dateModified":"2021-05-20T23:00:56+00:00","mainEntityOfPage":{"@id":"https:\/\/www.fiscalia.gov.co\/colombia\/seguridad-territorial\/en-cundinamarca-fiscalia-obtuvo-medida-de-aseguramiento-contra-presunto-feminicida\/"},"wordCount":354,"publisher":{"@id":"https:\/\/www.fiscalia.gov.co\/colombia\/#organization"},"keywords":["Fiscal\u00eda general. Seccional Cundinamarca. Feminicidio. Crimen"],"articleSection":["Seccional Cundinamarca","Seccionales","Seguridad territorial"],"inLanguage":"es-CO"},{"@type":"WebPage","@id":"https:\/\/www.fiscalia.gov.co\/colombia\/seguridad-territorial\/en-cundinamarca-fiscalia-obtuvo-medida-de-aseguramiento-contra-presunto-feminicida\/","url":"https:\/\/www.fiscalia.gov.co\/colombia\/seguridad-territorial\/en-cundinamarca-fiscalia-obtuvo-medida-de-aseguramiento-contra-presunto-feminicida\/","name":"Fiscal\u00eda General de la Naci\u00f3n","isPartOf":{"@id":"https:\/\/www.fiscalia.gov.co\/colombia\/#website"},"datePublished":"2021-05-20T23:00:56+00:00","dateModified":"2021-05-20T23:00:56+00:00","description":"P\u00e1gina oficial de la Fiscal\u00eda General de la Naci\u00f3n \u2013 Colombia. Garantizamos el acceso efectivo a la justicia, la verdad y la reparaci\u00f3n de las v\u00edctimas de los delitos.","breadcrumb":{"@id":"https:\/\/www.fiscalia.gov.co\/colombia\/seguridad-territorial\/en-cundinamarca-fiscalia-obtuvo-medida-de-aseguramiento-contra-presunto-feminicida\/#breadcrumb"},"inLanguage":"es-CO","potentialAction":[{"@type":"ReadAction","target":["https:\/\/www.fiscalia.gov.co\/colombia\/seguridad-territorial\/en-cundinamarca-fiscalia-obtuvo-medida-de-aseguramiento-contra-presunto-feminicida\/"]}]},{"@type":"BreadcrumbList","@id":"https:\/\/www.fiscalia.gov.co\/colombia\/seguridad-territorial\/en-cundinamarca-fiscalia-obtuvo-medida-de-aseguramiento-contra-presunto-feminicida\/#breadcrumb","itemListElement":[{"@type":"ListItem","position":1,"name":"Home","item":"https:\/\/www.fiscalia.gov.co\/colombia\/"},{"@type":"ListItem","position":2,"name":"En Cundinamarca, Fiscal\u00eda obtuvo medida de aseguramiento contra presunto feminicida"}]},{"@type":"WebSite","@id":"https:\/\/www.fiscalia.gov.co\/colombia\/#website","url":"https:\/\/www.fiscalia.gov.co\/colombia\/","name":"Fiscal\u00eda General de la Naci\u00f3n","description":"P\u00e1gina oficial de la Fiscal\u00eda General de la Naci\u00f3n \u2013 Colombia. Garantizamos el acceso efectivo a la justicia, la verdad y la reparaci\u00f3n de las v\u00edctimas de los delitos.","publisher":{"@id":"https:\/\/www.fiscalia.gov.co\/colombia\/#organization"},"potentialAction":[{"@type":"SearchAction","target":{"@type":"EntryPoint","urlTemplate":"https:\/\/www.fiscalia.gov.co\/colombia\/?s={search_term_string}"},"query-input":{"@type":"PropertyValueSpecification","valueRequired":true,"valueName":"search_term_string"}}],"inLanguage":"es-CO"},{"@type":"Organization","@id":"https:\/\/www.fiscalia.gov.co\/colombia\/#organization","name":"Fiscal\u00eda General de la Naci\u00f3n","url":"https:\/\/www.fiscalia.gov.co\/colombia\/","logo":{"@type":"ImageObject","inLanguage":"es-CO","@id":"https:\/\/www.fiscalia.gov.co\/colombia\/#\/schema\/logo\/image\/","url":"https:\/\/www.fiscalia.gov.co\/colombia\/wp-content\/uploads\/LogoHorizontal_1.jpg","contentUrl":"https:\/\/www.fiscalia.gov.co\/colombia\/wp-content\/uploads\/LogoHorizontal_1.jpg","width":300,"height":90,"caption":"Fiscal\u00eda General de la Naci\u00f3n"},"image":{"@id":"https:\/\/www.fiscalia.gov.co\/colombia\/#\/schema\/logo\/image\/"},"sameAs":["https:\/\/www.facebook.com\/FiscaliaCol","https:\/\/x.com\/FiscaliaCol","https:\/\/www.instagram.com\/fiscaliacol","https:\/\/www.linkedin.com\/company\/fiscalia-general-de-la-naci-n\/","https:\/\/youtube.com\/@fiscaliageneraldelanacion-4668?si=6nN79nyQICPU5iTh"]},{"@type":"Person","@id":"https:\/\/www.fiscalia.gov.co\/colombia\/#\/schema\/person\/06aa2210fe4d79203f428ff671dee360","name":"Ana Mar\u00eda Gomez","image":{"@type":"ImageObject","inLanguage":"es-CO","@id":"https:\/\/www.fiscalia.gov.co\/colombia\/#\/schema\/person\/image\/","url":"https:\/\/secure.gravatar.com\/avatar\/a38115d98a7f8a96cbb96af2b2c37a0b?s=96&d=mm&r=g","contentUrl":"https:\/\/secure.gravatar.com\/avatar\/a38115d98a7f8a96cbb96af2b2c37a0b?s=96&d=mm&r=g","caption":"Ana Mar\u00eda Gomez"},"url":"https:\/\/www.fiscalia.gov.co\/colombia\/author\/agomez\/"}]}},"_links":{"self":[{"href":"https:\/\/www.fiscalia.gov.co\/colombia\/wp-json\/wp\/v2\/posts\/220402","targetHints":{"allow":["GET"]}}],"collection":[{"href":"https:\/\/www.fiscalia.gov.co\/colombia\/wp-json\/wp\/v2\/posts"}],"about":[{"href":"https:\/\/www.fiscalia.gov.co\/colombia\/wp-json\/wp\/v2\/types\/post"}],"author":[{"embeddable":true,"href":"https:\/\/www.fiscalia.gov.co\/colombia\/wp-json\/wp\/v2\/users\/171"}],"replies":[{"embeddable":true,"href":"https:\/\/www.fiscalia.gov.co\/colombia\/wp-json\/wp\/v2\/comments?post=220402"}],"version-history":[{"count":1,"href":"https:\/\/www.fiscalia.gov.co\/colombia\/wp-json\/wp\/v2\/posts\/220402\/revisions"}],"predecessor-version":[{"id":220403,"href":"https:\/\/www.fiscalia.gov.co\/colombia\/wp-json\/wp\/v2\/posts\/220402\/revisions\/220403"}],"wp:attachment":[{"href":"https:\/\/www.fiscalia.gov.co\/colombia\/wp-json\/wp\/v2\/media?parent=220402"}],"wp:term":[{"taxonomy":"category","embeddable":true,"href":"https:\/\/www.fiscalia.gov.co\/colombia\/wp-json\/wp\/v2\/categories?post=220402"},{"taxonomy":"post_tag","embeddable":true,"href":"https:\/\/www.fiscalia.gov.co\/colombia\/wp-json\/wp\/v2\/tags?post=220402"}],"curies":[{"name":"wp","href":"https:\/\/api.w.org\/{rel}","templated":true}]}}