{"id":220384,"date":"2021-05-20T16:18:35","date_gmt":"2021-05-20T21:18:35","guid":{"rendered":"https:\/\/www.fiscalia.gov.co\/colombia\/?p=220384"},"modified":"2021-05-20T16:20:12","modified_gmt":"2021-05-20T21:20:12","slug":"a-la-carcel-hombre-que-presuntamente-intento-asesinar-a-su-ex-companera-permanente","status":"publish","type":"post","link":"https:\/\/www.fiscalia.gov.co\/colombia\/seguridad-territorial\/a-la-carcel-hombre-que-presuntamente-intento-asesinar-a-su-ex-companera-permanente\/","title":{"rendered":"A la c\u00e1rcel hombre que presuntamente intent\u00f3 asesinar a su ex compa\u00f1era permanente"},"content":{"rendered":"<p class=\"x_xmsonormal\"><span lang=\"ES\">Un fiscal de la Unidad de Vida de Bogot\u00e1 judicializ\u00f3 a Juan Carlos Olaya Alfonso, por ser el presunto responsable del delito\u00a0<b>de feminicidio agravado en la modalidad de tentativa.\u00a0\u00a0<\/b><\/span><\/p>\n<p class=\"x_xmsonormal\"><span lang=\"ES\">Los hechos materia de investigaci\u00f3n ocurrieron el\u00a0<b>7 de septiembre de 2017<\/b>, en v\u00eda p\u00fablica, en la diagonal 49 sur con carrera 5, por donde transitaba la v\u00edctima, cuando Olaya Alfonso al parecer la hal\u00f3 desde el veh\u00edculo que \u00e9l iba conduciendo, la ingres\u00f3 por la ventana y habr\u00eda empezado a golpearla en el rostro. Una de las personas que estaba en la parte de atr\u00e1s del automotor tom\u00f3 del brazo a la mujer para evitar que se cayera, mientras el presunto agresor recorr\u00eda 8 cuadras, acelerando al m\u00e1ximo.\u00a0<\/span><\/p>\n<figure id=\"attachment_220387\" aria-describedby=\"caption-attachment-220387\" style=\"width: 350px\" class=\"wp-caption alignleft\"><img loading=\"lazy\" decoding=\"async\" class=\"wp-image-220387\" src=\"https:\/\/www.fiscalia.gov.co\/colombia\/wp-content\/uploads\/juan_carlos_olaya_alfonso_tentativa_feminicidio_2017.jpeg\" alt=\"\" width=\"350\" height=\"418\" srcset=\"https:\/\/www.fiscalia.gov.co\/colombia\/wp-content\/uploads\/juan_carlos_olaya_alfonso_tentativa_feminicidio_2017.jpeg 741w, https:\/\/www.fiscalia.gov.co\/colombia\/wp-content\/uploads\/juan_carlos_olaya_alfonso_tentativa_feminicidio_2017-251x300.jpeg 251w, https:\/\/www.fiscalia.gov.co\/colombia\/wp-content\/uploads\/juan_carlos_olaya_alfonso_tentativa_feminicidio_2017-696x830.jpeg 696w, https:\/\/www.fiscalia.gov.co\/colombia\/wp-content\/uploads\/juan_carlos_olaya_alfonso_tentativa_feminicidio_2017-352x420.jpeg 352w\" sizes=\"auto, (max-width: 350px) 100vw, 350px\" \/><figcaption id=\"caption-attachment-220387\" class=\"wp-caption-text\">Juan Carlos Olaya Alfonso, presunto responsable del delito de feminicidio agravado en la modalidad de tentativa.<\/figcaption><\/figure>\n<p class=\"x_xmsonormal\"><span lang=\"ES\">Cuando el hombre se detuvo la v\u00edctima qued\u00f3 en el piso herida, ba\u00f1ada en sangre, y alcanz\u00f3 a ser auxiliada por uno de los ocupantes del carro.\u00a0<\/span><\/p>\n<p class=\"x_xmsonormal\"><span lang=\"ES\">En desarrollo de la investigaci\u00f3n se evidenci\u00f3 que la mujer habr\u00eda sido agredida por el procesado en varias ocasiones.\u00a0<\/span><\/p>\n<p class=\"x_xmsonormal\"><span lang=\"ES\">Olaya Alfonso fue\u00a0<b>capturado en Neiva (Huila)<\/b>, donde un juez con funci\u00f3n de control de garant\u00edas legaliz\u00f3 la captura el pasado 17 de mayo. \u00a0<\/span><\/p>\n<p class=\"x_xmsonormal\"><span lang=\"ES\">Entretanto, el 18 y 19 del mismo mes, ante el Juzgado 24 Penal Municipal de Bogot\u00e1, la Fiscal\u00eda formul\u00f3 imputaci\u00f3n contra el procesado, quien no acept\u00f3 su responsabilidad y fue afectado con\u00a0<b>medida de aseguramiento en establecimiento carcelario.\u00a0\u00a0<\/b><\/span><\/p>\n<p class=\"x_xmsonormal\"><span lang=\"ES\">La Fiscal\u00eda General de la Naci\u00f3n habla con resultados.\u00a0<\/span><\/p>\n<p class=\"x_xmsonormal\"><span lang=\"ES\">LMFO\/CJGR\/DLBM\u00a0<\/span><\/p>\n<p class=\"x_xmsonormal\"><b><span lang=\"ES\">Noticias relacionadas:\u00a0<\/span><\/b><span lang=\"ES\">\u00a0<\/span><\/p>\n<p class=\"x_xmsonormal\"><a href=\"https:\/\/www.fiscalia.gov.co\/colombia\/seccionales\/asegurado-un-hombre-por-tentativa-de-feminicidio-y-violencia-intrafamiliar-en-contra-de-su-companera-permanente\/\" target=\"_blank\" rel=\"noopener noreferrer\"><span lang=\"ES\">Asegurado un hombre por tentativa de feminicidio y violencia intrafamiliar en contra de su compa\u00f1era permanente<\/span><\/a><span lang=\"ES\">.\u00a0<\/span><span lang=\"ES\">\u00a0<\/span><\/p>\n<p class=\"x_xmsonormal\"><a href=\"https:\/\/www.fiscalia.gov.co\/colombia\/hay-justicia\/fiscalia-logra-condenas-ejemplares-contra-responsables-de-feminicidios-en-putumayo-y-bogota\/\" target=\"_blank\" rel=\"noopener noreferrer\"><span lang=\"ES\">Fiscal\u00eda logra condenas ejemplares contra responsables de feminicidios en Putumayo y Bogot\u00e1<\/span><\/a><span lang=\"ES\">\u00a0<\/span><span lang=\"ES\">\u00a0<\/span><\/p>\n\n<div class=\"twitter-share\"><a href=\"https:\/\/twitter.com\/intent\/tweet?via=fiscaliacol\" class=\"twitter-share-button\">Tweet<\/a><\/div>\n","protected":false},"excerpt":{"rendered":"<p>Un fiscal de la Unidad de Vida de Bogot\u00e1 judicializ\u00f3 a Juan Carlos Olaya Alfonso, por ser el presunto responsable del delito\u00a0de feminicidio agravado en la modalidad de tentativa.\u00a0\u00a0 Los hechos materia de investigaci\u00f3n ocurrieron el\u00a07 de septiembre de 2017, en v\u00eda p\u00fablica, en la diagonal 49 sur con carrera 5, por donde transitaba la [&hellip;]<\/p>\n","protected":false},"author":171,"featured_media":0,"comment_status":"closed","ping_status":"open","sticky":false,"template":"","format":"standard","meta":{"tdm_status":"","tdm_grid_status":"","footnotes":""},"categories":[321,303,24099],"tags":[23821,24690,27042,16460],"class_list":{"0":"post-220384","1":"post","2":"type-post","3":"status-publish","4":"format-standard","6":"category-seccional-bogota","7":"category-seccionales","8":"category-seguridad-territorial","9":"tag-bogota","10":"tag-ex-companera-permanente","11":"tag-feminicidio-agravado-en-la-modalidad-de-tentativa","12":"tag-tentativa-de-feminicidio"},"yoast_head":"<!-- This site is optimized with the Yoast SEO plugin v24.3 - https:\/\/yoast.com\/wordpress\/plugins\/seo\/ -->\n<title>Fiscal\u00eda General de la Naci\u00f3n<\/title>\n<meta name=\"description\" content=\"P\u00e1gina oficial de la Fiscal\u00eda General de la Naci\u00f3n \u2013 Colombia. Garantizamos el acceso efectivo a la justicia, la verdad y la reparaci\u00f3n de las v\u00edctimas de los delitos.\" \/>\n<meta name=\"robots\" content=\"noindex, follow\" \/>\n<meta property=\"og:locale\" content=\"es_ES\" \/>\n<meta property=\"og:type\" content=\"article\" \/>\n<meta property=\"og:title\" content=\"Fiscal\u00eda General de la Naci\u00f3n\" \/>\n<meta property=\"og:description\" content=\"P\u00e1gina oficial de la Fiscal\u00eda General de la Naci\u00f3n \u2013 Colombia. Garantizamos el acceso efectivo a la justicia, la verdad y la reparaci\u00f3n de las v\u00edctimas de los delitos.\" \/>\n<meta property=\"og:url\" content=\"https:\/\/www.fiscalia.gov.co\/colombia\/seguridad-territorial\/a-la-carcel-hombre-que-presuntamente-intento-asesinar-a-su-ex-companera-permanente\/\" \/>\n<meta property=\"og:site_name\" content=\"Fiscal\u00eda General de la Naci\u00f3n\" \/>\n<meta property=\"article:publisher\" content=\"https:\/\/www.facebook.com\/FiscaliaCol\" \/>\n<meta property=\"article:published_time\" content=\"2021-05-20T21:18:35+00:00\" \/>\n<meta property=\"article:modified_time\" content=\"2021-05-20T21:20:12+00:00\" \/>\n<meta property=\"og:image\" content=\"https:\/\/www.fiscalia.gov.co\/colombia\/wp-content\/uploads\/juan_carlos_olaya_alfonso_tentativa_feminicidio_2017.jpeg\" \/>\n<meta name=\"author\" content=\"Ana Mar\u00eda Gomez\" \/>\n<meta name=\"twitter:card\" content=\"summary_large_image\" \/>\n<meta name=\"twitter:creator\" content=\"@FiscaliaCol\" \/>\n<meta name=\"twitter:site\" content=\"@FiscaliaCol\" \/>\n<meta name=\"twitter:label1\" content=\"Escrito por\" \/>\n\t<meta name=\"twitter:data1\" content=\"Ana Mar\u00eda Gomez\" \/>\n\t<meta name=\"twitter:label2\" content=\"Tiempo de lectura\" \/>\n\t<meta name=\"twitter:data2\" content=\"2 minutos\" \/>\n<script type=\"application\/ld+json\" class=\"yoast-schema-graph\">{\"@context\":\"https:\/\/schema.org\",\"@graph\":[{\"@type\":\"Article\",\"@id\":\"https:\/\/www.fiscalia.gov.co\/colombia\/seguridad-territorial\/a-la-carcel-hombre-que-presuntamente-intento-asesinar-a-su-ex-companera-permanente\/#article\",\"isPartOf\":{\"@id\":\"https:\/\/www.fiscalia.gov.co\/colombia\/seguridad-territorial\/a-la-carcel-hombre-que-presuntamente-intento-asesinar-a-su-ex-companera-permanente\/\"},\"author\":{\"name\":\"Ana Mar\u00eda Gomez\",\"@id\":\"https:\/\/www.fiscalia.gov.co\/colombia\/#\/schema\/person\/06aa2210fe4d79203f428ff671dee360\"},\"headline\":\"A la c\u00e1rcel hombre que presuntamente intent\u00f3 asesinar a su ex compa\u00f1era permanente\",\"datePublished\":\"2021-05-20T21:18:35+00:00\",\"dateModified\":\"2021-05-20T21:20:12+00:00\",\"mainEntityOfPage\":{\"@id\":\"https:\/\/www.fiscalia.gov.co\/colombia\/seguridad-territorial\/a-la-carcel-hombre-que-presuntamente-intento-asesinar-a-su-ex-companera-permanente\/\"},\"wordCount\":319,\"publisher\":{\"@id\":\"https:\/\/www.fiscalia.gov.co\/colombia\/#organization\"},\"image\":{\"@id\":\"https:\/\/www.fiscalia.gov.co\/colombia\/seguridad-territorial\/a-la-carcel-hombre-que-presuntamente-intento-asesinar-a-su-ex-companera-permanente\/#primaryimage\"},\"thumbnailUrl\":\"https:\/\/www.fiscalia.gov.co\/colombia\/wp-content\/uploads\/juan_carlos_olaya_alfonso_tentativa_feminicidio_2017.jpeg\",\"keywords\":[\"Bogot\u00e1\",\"ex compa\u00f1era permanente.\",\"feminicidio agravado en la modalidad de tentativa.\",\"Tentativa de feminicidio\"],\"articleSection\":[\"Seccional Bogot\u00e1\",\"Seccionales\",\"Seguridad territorial\"],\"inLanguage\":\"es-CO\"},{\"@type\":\"WebPage\",\"@id\":\"https:\/\/www.fiscalia.gov.co\/colombia\/seguridad-territorial\/a-la-carcel-hombre-que-presuntamente-intento-asesinar-a-su-ex-companera-permanente\/\",\"url\":\"https:\/\/www.fiscalia.gov.co\/colombia\/seguridad-territorial\/a-la-carcel-hombre-que-presuntamente-intento-asesinar-a-su-ex-companera-permanente\/\",\"name\":\"Fiscal\u00eda General de la Naci\u00f3n\",\"isPartOf\":{\"@id\":\"https:\/\/www.fiscalia.gov.co\/colombia\/#website\"},\"primaryImageOfPage\":{\"@id\":\"https:\/\/www.fiscalia.gov.co\/colombia\/seguridad-territorial\/a-la-carcel-hombre-que-presuntamente-intento-asesinar-a-su-ex-companera-permanente\/#primaryimage\"},\"image\":{\"@id\":\"https:\/\/www.fiscalia.gov.co\/colombia\/seguridad-territorial\/a-la-carcel-hombre-que-presuntamente-intento-asesinar-a-su-ex-companera-permanente\/#primaryimage\"},\"thumbnailUrl\":\"https:\/\/www.fiscalia.gov.co\/colombia\/wp-content\/uploads\/juan_carlos_olaya_alfonso_tentativa_feminicidio_2017.jpeg\",\"datePublished\":\"2021-05-20T21:18:35+00:00\",\"dateModified\":\"2021-05-20T21:20:12+00:00\",\"description\":\"P\u00e1gina oficial de la Fiscal\u00eda General de la Naci\u00f3n \u2013 Colombia. Garantizamos el acceso efectivo a la justicia, la verdad y la reparaci\u00f3n de las v\u00edctimas de los delitos.\",\"breadcrumb\":{\"@id\":\"https:\/\/www.fiscalia.gov.co\/colombia\/seguridad-territorial\/a-la-carcel-hombre-que-presuntamente-intento-asesinar-a-su-ex-companera-permanente\/#breadcrumb\"},\"inLanguage\":\"es-CO\",\"potentialAction\":[{\"@type\":\"ReadAction\",\"target\":[\"https:\/\/www.fiscalia.gov.co\/colombia\/seguridad-territorial\/a-la-carcel-hombre-que-presuntamente-intento-asesinar-a-su-ex-companera-permanente\/\"]}]},{\"@type\":\"ImageObject\",\"inLanguage\":\"es-CO\",\"@id\":\"https:\/\/www.fiscalia.gov.co\/colombia\/seguridad-territorial\/a-la-carcel-hombre-que-presuntamente-intento-asesinar-a-su-ex-companera-permanente\/#primaryimage\",\"url\":\"https:\/\/www.fiscalia.gov.co\/colombia\/wp-content\/uploads\/juan_carlos_olaya_alfonso_tentativa_feminicidio_2017.jpeg\",\"contentUrl\":\"https:\/\/www.fiscalia.gov.co\/colombia\/wp-content\/uploads\/juan_carlos_olaya_alfonso_tentativa_feminicidio_2017.jpeg\",\"width\":741,\"height\":884,\"caption\":\"Juan Carlos Olaya Alfonso, presunto responsable del delito de feminicidio agravado en la modalidad de tentativa.\"},{\"@type\":\"BreadcrumbList\",\"@id\":\"https:\/\/www.fiscalia.gov.co\/colombia\/seguridad-territorial\/a-la-carcel-hombre-que-presuntamente-intento-asesinar-a-su-ex-companera-permanente\/#breadcrumb\",\"itemListElement\":[{\"@type\":\"ListItem\",\"position\":1,\"name\":\"Home\",\"item\":\"https:\/\/www.fiscalia.gov.co\/colombia\/\"},{\"@type\":\"ListItem\",\"position\":2,\"name\":\"A la c\u00e1rcel hombre que presuntamente intent\u00f3 asesinar a su ex compa\u00f1era permanente\"}]},{\"@type\":\"WebSite\",\"@id\":\"https:\/\/www.fiscalia.gov.co\/colombia\/#website\",\"url\":\"https:\/\/www.fiscalia.gov.co\/colombia\/\",\"name\":\"Fiscal\u00eda General de la Naci\u00f3n\",\"description\":\"P\u00e1gina oficial de la Fiscal\u00eda General de la Naci\u00f3n \u2013 Colombia. Garantizamos el acceso efectivo a la justicia, la verdad y la reparaci\u00f3n de las v\u00edctimas de los delitos.\",\"publisher\":{\"@id\":\"https:\/\/www.fiscalia.gov.co\/colombia\/#organization\"},\"potentialAction\":[{\"@type\":\"SearchAction\",\"target\":{\"@type\":\"EntryPoint\",\"urlTemplate\":\"https:\/\/www.fiscalia.gov.co\/colombia\/?s={search_term_string}\"},\"query-input\":{\"@type\":\"PropertyValueSpecification\",\"valueRequired\":true,\"valueName\":\"search_term_string\"}}],\"inLanguage\":\"es-CO\"},{\"@type\":\"Organization\",\"@id\":\"https:\/\/www.fiscalia.gov.co\/colombia\/#organization\",\"name\":\"Fiscal\u00eda General de la Naci\u00f3n\",\"url\":\"https:\/\/www.fiscalia.gov.co\/colombia\/\",\"logo\":{\"@type\":\"ImageObject\",\"inLanguage\":\"es-CO\",\"@id\":\"https:\/\/www.fiscalia.gov.co\/colombia\/#\/schema\/logo\/image\/\",\"url\":\"https:\/\/www.fiscalia.gov.co\/colombia\/wp-content\/uploads\/LogoHorizontal_1.jpg\",\"contentUrl\":\"https:\/\/www.fiscalia.gov.co\/colombia\/wp-content\/uploads\/LogoHorizontal_1.jpg\",\"width\":300,\"height\":90,\"caption\":\"Fiscal\u00eda General de la Naci\u00f3n\"},\"image\":{\"@id\":\"https:\/\/www.fiscalia.gov.co\/colombia\/#\/schema\/logo\/image\/\"},\"sameAs\":[\"https:\/\/www.facebook.com\/FiscaliaCol\",\"https:\/\/x.com\/FiscaliaCol\",\"https:\/\/www.instagram.com\/fiscaliacol\",\"https:\/\/www.linkedin.com\/company\/fiscalia-general-de-la-naci-n\/\",\"https:\/\/youtube.com\/@fiscaliageneraldelanacion-4668?si=6nN79nyQICPU5iTh\"]},{\"@type\":\"Person\",\"@id\":\"https:\/\/www.fiscalia.gov.co\/colombia\/#\/schema\/person\/06aa2210fe4d79203f428ff671dee360\",\"name\":\"Ana Mar\u00eda Gomez\",\"image\":{\"@type\":\"ImageObject\",\"inLanguage\":\"es-CO\",\"@id\":\"https:\/\/www.fiscalia.gov.co\/colombia\/#\/schema\/person\/image\/\",\"url\":\"https:\/\/secure.gravatar.com\/avatar\/a38115d98a7f8a96cbb96af2b2c37a0b?s=96&d=mm&r=g\",\"contentUrl\":\"https:\/\/secure.gravatar.com\/avatar\/a38115d98a7f8a96cbb96af2b2c37a0b?s=96&d=mm&r=g\",\"caption\":\"Ana Mar\u00eda Gomez\"},\"url\":\"https:\/\/www.fiscalia.gov.co\/colombia\/author\/agomez\/\"}]}<\/script>\n<!-- \/ Yoast SEO plugin. -->","yoast_head_json":{"title":"Fiscal\u00eda General de la Naci\u00f3n","description":"P\u00e1gina oficial de la Fiscal\u00eda General de la Naci\u00f3n \u2013 Colombia. Garantizamos el acceso efectivo a la justicia, la verdad y la reparaci\u00f3n de las v\u00edctimas de los delitos.","robots":{"index":"noindex","follow":"follow"},"og_locale":"es_ES","og_type":"article","og_title":"Fiscal\u00eda General de la Naci\u00f3n","og_description":"P\u00e1gina oficial de la Fiscal\u00eda General de la Naci\u00f3n \u2013 Colombia. Garantizamos el acceso efectivo a la justicia, la verdad y la reparaci\u00f3n de las v\u00edctimas de los delitos.","og_url":"https:\/\/www.fiscalia.gov.co\/colombia\/seguridad-territorial\/a-la-carcel-hombre-que-presuntamente-intento-asesinar-a-su-ex-companera-permanente\/","og_site_name":"Fiscal\u00eda General de la Naci\u00f3n","article_publisher":"https:\/\/www.facebook.com\/FiscaliaCol","article_published_time":"2021-05-20T21:18:35+00:00","article_modified_time":"2021-05-20T21:20:12+00:00","og_image":[{"url":"https:\/\/www.fiscalia.gov.co\/colombia\/wp-content\/uploads\/juan_carlos_olaya_alfonso_tentativa_feminicidio_2017.jpeg","type":"","width":"","height":""}],"author":"Ana Mar\u00eda Gomez","twitter_card":"summary_large_image","twitter_creator":"@FiscaliaCol","twitter_site":"@FiscaliaCol","twitter_misc":{"Escrito por":"Ana Mar\u00eda Gomez","Tiempo de lectura":"2 minutos"},"schema":{"@context":"https:\/\/schema.org","@graph":[{"@type":"Article","@id":"https:\/\/www.fiscalia.gov.co\/colombia\/seguridad-territorial\/a-la-carcel-hombre-que-presuntamente-intento-asesinar-a-su-ex-companera-permanente\/#article","isPartOf":{"@id":"https:\/\/www.fiscalia.gov.co\/colombia\/seguridad-territorial\/a-la-carcel-hombre-que-presuntamente-intento-asesinar-a-su-ex-companera-permanente\/"},"author":{"name":"Ana Mar\u00eda Gomez","@id":"https:\/\/www.fiscalia.gov.co\/colombia\/#\/schema\/person\/06aa2210fe4d79203f428ff671dee360"},"headline":"A la c\u00e1rcel hombre que presuntamente intent\u00f3 asesinar a su ex compa\u00f1era permanente","datePublished":"2021-05-20T21:18:35+00:00","dateModified":"2021-05-20T21:20:12+00:00","mainEntityOfPage":{"@id":"https:\/\/www.fiscalia.gov.co\/colombia\/seguridad-territorial\/a-la-carcel-hombre-que-presuntamente-intento-asesinar-a-su-ex-companera-permanente\/"},"wordCount":319,"publisher":{"@id":"https:\/\/www.fiscalia.gov.co\/colombia\/#organization"},"image":{"@id":"https:\/\/www.fiscalia.gov.co\/colombia\/seguridad-territorial\/a-la-carcel-hombre-que-presuntamente-intento-asesinar-a-su-ex-companera-permanente\/#primaryimage"},"thumbnailUrl":"https:\/\/www.fiscalia.gov.co\/colombia\/wp-content\/uploads\/juan_carlos_olaya_alfonso_tentativa_feminicidio_2017.jpeg","keywords":["Bogot\u00e1","ex compa\u00f1era permanente.","feminicidio agravado en la modalidad de tentativa.","Tentativa de feminicidio"],"articleSection":["Seccional Bogot\u00e1","Seccionales","Seguridad territorial"],"inLanguage":"es-CO"},{"@type":"WebPage","@id":"https:\/\/www.fiscalia.gov.co\/colombia\/seguridad-territorial\/a-la-carcel-hombre-que-presuntamente-intento-asesinar-a-su-ex-companera-permanente\/","url":"https:\/\/www.fiscalia.gov.co\/colombia\/seguridad-territorial\/a-la-carcel-hombre-que-presuntamente-intento-asesinar-a-su-ex-companera-permanente\/","name":"Fiscal\u00eda General de la Naci\u00f3n","isPartOf":{"@id":"https:\/\/www.fiscalia.gov.co\/colombia\/#website"},"primaryImageOfPage":{"@id":"https:\/\/www.fiscalia.gov.co\/colombia\/seguridad-territorial\/a-la-carcel-hombre-que-presuntamente-intento-asesinar-a-su-ex-companera-permanente\/#primaryimage"},"image":{"@id":"https:\/\/www.fiscalia.gov.co\/colombia\/seguridad-territorial\/a-la-carcel-hombre-que-presuntamente-intento-asesinar-a-su-ex-companera-permanente\/#primaryimage"},"thumbnailUrl":"https:\/\/www.fiscalia.gov.co\/colombia\/wp-content\/uploads\/juan_carlos_olaya_alfonso_tentativa_feminicidio_2017.jpeg","datePublished":"2021-05-20T21:18:35+00:00","dateModified":"2021-05-20T21:20:12+00:00","description":"P\u00e1gina oficial de la Fiscal\u00eda General de la Naci\u00f3n \u2013 Colombia. Garantizamos el acceso efectivo a la justicia, la verdad y la reparaci\u00f3n de las v\u00edctimas de los delitos.","breadcrumb":{"@id":"https:\/\/www.fiscalia.gov.co\/colombia\/seguridad-territorial\/a-la-carcel-hombre-que-presuntamente-intento-asesinar-a-su-ex-companera-permanente\/#breadcrumb"},"inLanguage":"es-CO","potentialAction":[{"@type":"ReadAction","target":["https:\/\/www.fiscalia.gov.co\/colombia\/seguridad-territorial\/a-la-carcel-hombre-que-presuntamente-intento-asesinar-a-su-ex-companera-permanente\/"]}]},{"@type":"ImageObject","inLanguage":"es-CO","@id":"https:\/\/www.fiscalia.gov.co\/colombia\/seguridad-territorial\/a-la-carcel-hombre-que-presuntamente-intento-asesinar-a-su-ex-companera-permanente\/#primaryimage","url":"https:\/\/www.fiscalia.gov.co\/colombia\/wp-content\/uploads\/juan_carlos_olaya_alfonso_tentativa_feminicidio_2017.jpeg","contentUrl":"https:\/\/www.fiscalia.gov.co\/colombia\/wp-content\/uploads\/juan_carlos_olaya_alfonso_tentativa_feminicidio_2017.jpeg","width":741,"height":884,"caption":"Juan Carlos Olaya Alfonso, presunto responsable del delito de feminicidio agravado en la modalidad de tentativa."},{"@type":"BreadcrumbList","@id":"https:\/\/www.fiscalia.gov.co\/colombia\/seguridad-territorial\/a-la-carcel-hombre-que-presuntamente-intento-asesinar-a-su-ex-companera-permanente\/#breadcrumb","itemListElement":[{"@type":"ListItem","position":1,"name":"Home","item":"https:\/\/www.fiscalia.gov.co\/colombia\/"},{"@type":"ListItem","position":2,"name":"A la c\u00e1rcel hombre que presuntamente intent\u00f3 asesinar a su ex compa\u00f1era permanente"}]},{"@type":"WebSite","@id":"https:\/\/www.fiscalia.gov.co\/colombia\/#website","url":"https:\/\/www.fiscalia.gov.co\/colombia\/","name":"Fiscal\u00eda General de la Naci\u00f3n","description":"P\u00e1gina oficial de la Fiscal\u00eda General de la Naci\u00f3n \u2013 Colombia. Garantizamos el acceso efectivo a la justicia, la verdad y la reparaci\u00f3n de las v\u00edctimas de los delitos.","publisher":{"@id":"https:\/\/www.fiscalia.gov.co\/colombia\/#organization"},"potentialAction":[{"@type":"SearchAction","target":{"@type":"EntryPoint","urlTemplate":"https:\/\/www.fiscalia.gov.co\/colombia\/?s={search_term_string}"},"query-input":{"@type":"PropertyValueSpecification","valueRequired":true,"valueName":"search_term_string"}}],"inLanguage":"es-CO"},{"@type":"Organization","@id":"https:\/\/www.fiscalia.gov.co\/colombia\/#organization","name":"Fiscal\u00eda General de la Naci\u00f3n","url":"https:\/\/www.fiscalia.gov.co\/colombia\/","logo":{"@type":"ImageObject","inLanguage":"es-CO","@id":"https:\/\/www.fiscalia.gov.co\/colombia\/#\/schema\/logo\/image\/","url":"https:\/\/www.fiscalia.gov.co\/colombia\/wp-content\/uploads\/LogoHorizontal_1.jpg","contentUrl":"https:\/\/www.fiscalia.gov.co\/colombia\/wp-content\/uploads\/LogoHorizontal_1.jpg","width":300,"height":90,"caption":"Fiscal\u00eda General de la Naci\u00f3n"},"image":{"@id":"https:\/\/www.fiscalia.gov.co\/colombia\/#\/schema\/logo\/image\/"},"sameAs":["https:\/\/www.facebook.com\/FiscaliaCol","https:\/\/x.com\/FiscaliaCol","https:\/\/www.instagram.com\/fiscaliacol","https:\/\/www.linkedin.com\/company\/fiscalia-general-de-la-naci-n\/","https:\/\/youtube.com\/@fiscaliageneraldelanacion-4668?si=6nN79nyQICPU5iTh"]},{"@type":"Person","@id":"https:\/\/www.fiscalia.gov.co\/colombia\/#\/schema\/person\/06aa2210fe4d79203f428ff671dee360","name":"Ana Mar\u00eda Gomez","image":{"@type":"ImageObject","inLanguage":"es-CO","@id":"https:\/\/www.fiscalia.gov.co\/colombia\/#\/schema\/person\/image\/","url":"https:\/\/secure.gravatar.com\/avatar\/a38115d98a7f8a96cbb96af2b2c37a0b?s=96&d=mm&r=g","contentUrl":"https:\/\/secure.gravatar.com\/avatar\/a38115d98a7f8a96cbb96af2b2c37a0b?s=96&d=mm&r=g","caption":"Ana Mar\u00eda Gomez"},"url":"https:\/\/www.fiscalia.gov.co\/colombia\/author\/agomez\/"}]}},"_links":{"self":[{"href":"https:\/\/www.fiscalia.gov.co\/colombia\/wp-json\/wp\/v2\/posts\/220384","targetHints":{"allow":["GET"]}}],"collection":[{"href":"https:\/\/www.fiscalia.gov.co\/colombia\/wp-json\/wp\/v2\/posts"}],"about":[{"href":"https:\/\/www.fiscalia.gov.co\/colombia\/wp-json\/wp\/v2\/types\/post"}],"author":[{"embeddable":true,"href":"https:\/\/www.fiscalia.gov.co\/colombia\/wp-json\/wp\/v2\/users\/171"}],"replies":[{"embeddable":true,"href":"https:\/\/www.fiscalia.gov.co\/colombia\/wp-json\/wp\/v2\/comments?post=220384"}],"version-history":[{"count":3,"href":"https:\/\/www.fiscalia.gov.co\/colombia\/wp-json\/wp\/v2\/posts\/220384\/revisions"}],"predecessor-version":[{"id":220388,"href":"https:\/\/www.fiscalia.gov.co\/colombia\/wp-json\/wp\/v2\/posts\/220384\/revisions\/220388"}],"wp:attachment":[{"href":"https:\/\/www.fiscalia.gov.co\/colombia\/wp-json\/wp\/v2\/media?parent=220384"}],"wp:term":[{"taxonomy":"category","embeddable":true,"href":"https:\/\/www.fiscalia.gov.co\/colombia\/wp-json\/wp\/v2\/categories?post=220384"},{"taxonomy":"post_tag","embeddable":true,"href":"https:\/\/www.fiscalia.gov.co\/colombia\/wp-json\/wp\/v2\/tags?post=220384"}],"curies":[{"name":"wp","href":"https:\/\/api.w.org\/{rel}","templated":true}]}}