{"id":220330,"date":"2021-05-20T09:29:13","date_gmt":"2021-05-20T14:29:13","guid":{"rendered":"https:\/\/www.fiscalia.gov.co\/colombia\/?p=220330"},"modified":"2021-05-27T16:03:15","modified_gmt":"2021-05-27T21:03:15","slug":"fiscalia-logro-condenas-ejemplares-contra-los-implicados-en-dos-feminicidios-ocurridos-en-bogota-y-valle-del-cauca","status":"publish","type":"post","link":"https:\/\/www.fiscalia.gov.co\/colombia\/hay-justicia\/fiscalia-logro-condenas-ejemplares-contra-los-implicados-en-dos-feminicidios-ocurridos-en-bogota-y-valle-del-cauca\/","title":{"rendered":"Fiscal\u00eda logr\u00f3 condenas ejemplares contra los implicados en dos feminicidios ocurridos en Bogot\u00e1 y Valle del Cauca"},"content":{"rendered":"<p class=\"x_MsoNormal\"><span lang=\"ES\">La contundencia del material probatorio recaudado permiti\u00f3 que fiscales de Bogot\u00e1 y Valle del Cauca lograran condenas a m\u00e1s de 35 a\u00f1os de prisi\u00f3n contra un par de hombres, responsables del feminicidio de dos mujeres con quienes sostuvieron relaciones sentimentales.<\/span><\/p>\n<p class=\"x_MsoNormal\"><b><span lang=\"ES\">En Bogot\u00e1<\/span><\/b><\/p>\n<p class=\"x_MsoNormal\"><span lang=\"ES\">Eduard Alex\u00e1nder Beltr\u00e1n Morera\u00a0<\/span><span lang=\"ES\">fue condenado por el Juzgado 30 Penal del Circuito de Bogot\u00e1 a\u00a035 a\u00f1os, 6 meses y 10 d\u00edas de prisi\u00f3n\u00a0luego de ser encontrado responsable del delito de\u00a0feminicidio agravado.<\/span><\/p>\n<p class=\"x_MsoNormal\"><span lang=\"ES\">Los hechos judicializados se presentaron el pasado 2 de enero cuando Beltr\u00e1n ingres\u00f3 con Natalia Oviedo Javela\u00a0a un\u00a0hostal de Bosa, sur de Bogot\u00e1,\u00a0donde seg\u00fan el material probatorio la asesin\u00f3.<\/span><\/p>\n<p class=\"x_MsoNormal\"><span lang=\"ES\">Agentes de la Polic\u00eda Nacional, a quienes les fue reportado el hecho, encontraron en el lugar el cuerpo sin vida de la mujer quien, al parecer, vendr\u00eda siendo v\u00edctima de actos violentos por parte del procesado.\u00a0<\/span><\/p>\n<p class=\"x_MsoNormal\"><b><span lang=\"ES\">En Valle del Cauca<\/span><\/b><\/p>\n<p class=\"x_MsoNormal\"><span lang=\"ES\">U<\/span><span lang=\"ES\">n juez de conocimiento de Andaluc\u00eda conden\u00f3 a 36 a\u00f1os de prisi\u00f3n a Cristian Fernando Toro Sarria, responsable del feminicidio de su compa\u00f1era sentimental, Maryuri Daifeny Morales Botero.<\/span><\/p>\n<p class=\"x_MsoNormal\"><span lang=\"ES\">Los hechos ocurrieron el 29 de febrero del 2020 en el municipio de Andaluc\u00eda donde el procesado atac\u00f3 con un arma de fuego a Morales Botero. Por estos hechos el hombre fue imputado por los delitos de\u00a0<\/span><span lang=\"ES-TRAD\"><a href=\"https:\/\/www.fiscalia.gov.co\/colombia\/hay-justicia\/condenado-a-42-anos-de-prision-por-feminicidio-agravado-de-su-pareja-menor-de-edad-en-narino\/\" target=\"_blank\" rel=\"noopener noreferrer\"><span lang=\"ES\">feminicidio agravado<\/span><\/a><\/span><span lang=\"ES\">\u00a0y fabricaci\u00f3n, tr\u00e1fico o porte de armas de fuego o municiones; ninguno de los delitos fue aceptado.<\/span><\/p>\n<p class=\"x_xmsonormal\"><span lang=\"ES\">La Fiscal\u00eda sustent\u00f3 la acusaci\u00f3n en una docena de testimonios; informes entregados por el Instituto Nacional de Medicina Legal y Ciencias Forenses, y reportes de investigadores del Cuerpo T\u00e9cnico de Investigaci\u00f3n (CTI) expertos en microscopia electr\u00f3nica de barrido; as\u00ed como un experto en bal\u00edstica y pruebas documentales.<\/span><\/p>\n<p class=\"x_MsoNormal\"><span lang=\"ES\">Los procedimientos de captura de Toro fueron cumplidos por la Polic\u00eda Nacional, y en su poder fue encontrado\u00a0<\/span><span lang=\"ES\">un\u00a0<\/span><span lang=\"ES\">rev\u00f3lver con una vainilla percutida. El an\u00e1lisis t\u00e9cnico \u2013 cient\u00edfico de bal\u00edstica permiti\u00f3 establecer que con dicha arma fue cometido el crimen.\u00a0<\/span><\/p>\n<p class=\"x_xmsonormal\"><span lang=\"ES\">\u00a0<\/span><b><span lang=\"ES\">La Fiscal\u00eda habla con resultados.<\/span><\/b><\/p>\n<p class=\"x_MsoNormal\"><span lang=\"ES\">MAP\/SMLR\/MG\/<\/span><span lang=\"ES\">\u00a0LMFO\/CJGR\/DLBM\/MCRC<\/span><\/p>\n<p class=\"x_MsoNormal\"><span lang=\"ES\">\u00a0<\/span><\/p>\n\n<div class=\"twitter-share\"><a href=\"https:\/\/twitter.com\/intent\/tweet?via=fiscaliacol\" class=\"twitter-share-button\">Tweet<\/a><\/div>\n","protected":false},"excerpt":{"rendered":"<p>La contundencia del material probatorio recaudado permiti\u00f3 que fiscales de Bogot\u00e1 y Valle del Cauca lograran condenas a m\u00e1s de 35 a\u00f1os de prisi\u00f3n contra un par de hombres, responsables del feminicidio de dos mujeres con quienes sostuvieron relaciones sentimentales. En Bogot\u00e1 Eduard Alex\u00e1nder Beltr\u00e1n Morera\u00a0fue condenado por el Juzgado 30 Penal del Circuito de [&hellip;]<\/p>\n","protected":false},"author":171,"featured_media":0,"comment_status":"closed","ping_status":"open","sticky":false,"template":"","format":"video","meta":{"tdm_status":"","tdm_grid_status":"","footnotes":""},"categories":[24174,321,303],"tags":[27026,27025,23821,27024,14729,24740,1886],"class_list":{"0":"post-220330","1":"post","2":"type-post","3":"status-publish","4":"format-video","6":"category-hay-justicia","7":"category-seccional-bogota","8":"category-seccionales","9":"tag-2-de-enero-de-2021","10":"tag-andalucia","11":"tag-bogota","12":"tag-bosa","13":"tag-feminicidio-agravado","14":"tag-feminicidios","15":"tag-valle-del-cauca","16":"post_format-post-format-video"},"yoast_head":"<!-- This site is optimized with the Yoast SEO plugin v24.3 - https:\/\/yoast.com\/wordpress\/plugins\/seo\/ -->\n<title>Fiscal\u00eda General de la Naci\u00f3n<\/title>\n<meta name=\"description\" content=\"P\u00e1gina oficial de la Fiscal\u00eda General de la Naci\u00f3n \u2013 Colombia. Garantizamos el acceso efectivo a la justicia, la verdad y la reparaci\u00f3n de las v\u00edctimas de los delitos.\" \/>\n<meta name=\"robots\" content=\"noindex, follow\" \/>\n<meta property=\"og:locale\" content=\"es_ES\" \/>\n<meta property=\"og:type\" content=\"article\" \/>\n<meta property=\"og:title\" content=\"Fiscal\u00eda General de la Naci\u00f3n\" \/>\n<meta property=\"og:description\" content=\"P\u00e1gina oficial de la Fiscal\u00eda General de la Naci\u00f3n \u2013 Colombia. Garantizamos el acceso efectivo a la justicia, la verdad y la reparaci\u00f3n de las v\u00edctimas de los delitos.\" \/>\n<meta property=\"og:url\" content=\"https:\/\/www.fiscalia.gov.co\/colombia\/hay-justicia\/fiscalia-logro-condenas-ejemplares-contra-los-implicados-en-dos-feminicidios-ocurridos-en-bogota-y-valle-del-cauca\/\" \/>\n<meta property=\"og:site_name\" content=\"Fiscal\u00eda General de la Naci\u00f3n\" \/>\n<meta property=\"article:publisher\" content=\"https:\/\/www.facebook.com\/FiscaliaCol\" \/>\n<meta property=\"article:published_time\" content=\"2021-05-20T14:29:13+00:00\" \/>\n<meta property=\"article:modified_time\" content=\"2021-05-27T21:03:15+00:00\" \/>\n<meta name=\"author\" content=\"Ana Mar\u00eda Gomez\" \/>\n<meta name=\"twitter:card\" content=\"summary_large_image\" \/>\n<meta name=\"twitter:creator\" content=\"@FiscaliaCol\" \/>\n<meta name=\"twitter:site\" content=\"@FiscaliaCol\" \/>\n<meta name=\"twitter:label1\" content=\"Escrito por\" \/>\n\t<meta name=\"twitter:data1\" content=\"Ana Mar\u00eda Gomez\" \/>\n\t<meta name=\"twitter:label2\" content=\"Tiempo de lectura\" \/>\n\t<meta name=\"twitter:data2\" content=\"2 minutos\" \/>\n<script type=\"application\/ld+json\" class=\"yoast-schema-graph\">{\"@context\":\"https:\/\/schema.org\",\"@graph\":[{\"@type\":\"Article\",\"@id\":\"https:\/\/www.fiscalia.gov.co\/colombia\/hay-justicia\/fiscalia-logro-condenas-ejemplares-contra-los-implicados-en-dos-feminicidios-ocurridos-en-bogota-y-valle-del-cauca\/#article\",\"isPartOf\":{\"@id\":\"https:\/\/www.fiscalia.gov.co\/colombia\/hay-justicia\/fiscalia-logro-condenas-ejemplares-contra-los-implicados-en-dos-feminicidios-ocurridos-en-bogota-y-valle-del-cauca\/\"},\"author\":{\"name\":\"Ana Mar\u00eda Gomez\",\"@id\":\"https:\/\/www.fiscalia.gov.co\/colombia\/#\/schema\/person\/06aa2210fe4d79203f428ff671dee360\"},\"headline\":\"Fiscal\u00eda logr\u00f3 condenas ejemplares contra los implicados en dos feminicidios ocurridos en Bogot\u00e1 y Valle del Cauca\",\"datePublished\":\"2021-05-20T14:29:13+00:00\",\"dateModified\":\"2021-05-27T21:03:15+00:00\",\"mainEntityOfPage\":{\"@id\":\"https:\/\/www.fiscalia.gov.co\/colombia\/hay-justicia\/fiscalia-logro-condenas-ejemplares-contra-los-implicados-en-dos-feminicidios-ocurridos-en-bogota-y-valle-del-cauca\/\"},\"wordCount\":375,\"publisher\":{\"@id\":\"https:\/\/www.fiscalia.gov.co\/colombia\/#organization\"},\"keywords\":[\"2 de enero de 2021.\",\"Andaluc\u00eda\",\"Bogot\u00e1\",\"Bosa\",\"Feminicidio agravado\",\"feminicidios\",\"Valle del Cauca\"],\"articleSection\":[\"Hay Justicia\",\"Seccional Bogot\u00e1\",\"Seccionales\"],\"inLanguage\":\"es-CO\"},{\"@type\":\"WebPage\",\"@id\":\"https:\/\/www.fiscalia.gov.co\/colombia\/hay-justicia\/fiscalia-logro-condenas-ejemplares-contra-los-implicados-en-dos-feminicidios-ocurridos-en-bogota-y-valle-del-cauca\/\",\"url\":\"https:\/\/www.fiscalia.gov.co\/colombia\/hay-justicia\/fiscalia-logro-condenas-ejemplares-contra-los-implicados-en-dos-feminicidios-ocurridos-en-bogota-y-valle-del-cauca\/\",\"name\":\"Fiscal\u00eda General de la Naci\u00f3n\",\"isPartOf\":{\"@id\":\"https:\/\/www.fiscalia.gov.co\/colombia\/#website\"},\"datePublished\":\"2021-05-20T14:29:13+00:00\",\"dateModified\":\"2021-05-27T21:03:15+00:00\",\"description\":\"P\u00e1gina oficial de la Fiscal\u00eda General de la Naci\u00f3n \u2013 Colombia. Garantizamos el acceso efectivo a la justicia, la verdad y la reparaci\u00f3n de las v\u00edctimas de los delitos.\",\"breadcrumb\":{\"@id\":\"https:\/\/www.fiscalia.gov.co\/colombia\/hay-justicia\/fiscalia-logro-condenas-ejemplares-contra-los-implicados-en-dos-feminicidios-ocurridos-en-bogota-y-valle-del-cauca\/#breadcrumb\"},\"inLanguage\":\"es-CO\",\"potentialAction\":[{\"@type\":\"ReadAction\",\"target\":[\"https:\/\/www.fiscalia.gov.co\/colombia\/hay-justicia\/fiscalia-logro-condenas-ejemplares-contra-los-implicados-en-dos-feminicidios-ocurridos-en-bogota-y-valle-del-cauca\/\"]}]},{\"@type\":\"BreadcrumbList\",\"@id\":\"https:\/\/www.fiscalia.gov.co\/colombia\/hay-justicia\/fiscalia-logro-condenas-ejemplares-contra-los-implicados-en-dos-feminicidios-ocurridos-en-bogota-y-valle-del-cauca\/#breadcrumb\",\"itemListElement\":[{\"@type\":\"ListItem\",\"position\":1,\"name\":\"Home\",\"item\":\"https:\/\/www.fiscalia.gov.co\/colombia\/\"},{\"@type\":\"ListItem\",\"position\":2,\"name\":\"Fiscal\u00eda logr\u00f3 condenas ejemplares contra los implicados en dos feminicidios ocurridos en Bogot\u00e1 y Valle del Cauca\"}]},{\"@type\":\"WebSite\",\"@id\":\"https:\/\/www.fiscalia.gov.co\/colombia\/#website\",\"url\":\"https:\/\/www.fiscalia.gov.co\/colombia\/\",\"name\":\"Fiscal\u00eda General de la Naci\u00f3n\",\"description\":\"P\u00e1gina oficial de la Fiscal\u00eda General de la Naci\u00f3n \u2013 Colombia. Garantizamos el acceso efectivo a la justicia, la verdad y la reparaci\u00f3n de las v\u00edctimas de los delitos.\",\"publisher\":{\"@id\":\"https:\/\/www.fiscalia.gov.co\/colombia\/#organization\"},\"potentialAction\":[{\"@type\":\"SearchAction\",\"target\":{\"@type\":\"EntryPoint\",\"urlTemplate\":\"https:\/\/www.fiscalia.gov.co\/colombia\/?s={search_term_string}\"},\"query-input\":{\"@type\":\"PropertyValueSpecification\",\"valueRequired\":true,\"valueName\":\"search_term_string\"}}],\"inLanguage\":\"es-CO\"},{\"@type\":\"Organization\",\"@id\":\"https:\/\/www.fiscalia.gov.co\/colombia\/#organization\",\"name\":\"Fiscal\u00eda General de la Naci\u00f3n\",\"url\":\"https:\/\/www.fiscalia.gov.co\/colombia\/\",\"logo\":{\"@type\":\"ImageObject\",\"inLanguage\":\"es-CO\",\"@id\":\"https:\/\/www.fiscalia.gov.co\/colombia\/#\/schema\/logo\/image\/\",\"url\":\"https:\/\/www.fiscalia.gov.co\/colombia\/wp-content\/uploads\/LogoHorizontal_1.jpg\",\"contentUrl\":\"https:\/\/www.fiscalia.gov.co\/colombia\/wp-content\/uploads\/LogoHorizontal_1.jpg\",\"width\":300,\"height\":90,\"caption\":\"Fiscal\u00eda General de la Naci\u00f3n\"},\"image\":{\"@id\":\"https:\/\/www.fiscalia.gov.co\/colombia\/#\/schema\/logo\/image\/\"},\"sameAs\":[\"https:\/\/www.facebook.com\/FiscaliaCol\",\"https:\/\/x.com\/FiscaliaCol\",\"https:\/\/www.instagram.com\/fiscaliacol\",\"https:\/\/www.linkedin.com\/company\/fiscalia-general-de-la-naci-n\/\",\"https:\/\/youtube.com\/@fiscaliageneraldelanacion-4668?si=6nN79nyQICPU5iTh\"]},{\"@type\":\"Person\",\"@id\":\"https:\/\/www.fiscalia.gov.co\/colombia\/#\/schema\/person\/06aa2210fe4d79203f428ff671dee360\",\"name\":\"Ana Mar\u00eda Gomez\",\"image\":{\"@type\":\"ImageObject\",\"inLanguage\":\"es-CO\",\"@id\":\"https:\/\/www.fiscalia.gov.co\/colombia\/#\/schema\/person\/image\/\",\"url\":\"https:\/\/secure.gravatar.com\/avatar\/a38115d98a7f8a96cbb96af2b2c37a0b?s=96&d=mm&r=g\",\"contentUrl\":\"https:\/\/secure.gravatar.com\/avatar\/a38115d98a7f8a96cbb96af2b2c37a0b?s=96&d=mm&r=g\",\"caption\":\"Ana Mar\u00eda Gomez\"},\"url\":\"https:\/\/www.fiscalia.gov.co\/colombia\/author\/agomez\/\"}]}<\/script>\n<!-- \/ Yoast SEO plugin. -->","yoast_head_json":{"title":"Fiscal\u00eda General de la Naci\u00f3n","description":"P\u00e1gina oficial de la Fiscal\u00eda General de la Naci\u00f3n \u2013 Colombia. Garantizamos el acceso efectivo a la justicia, la verdad y la reparaci\u00f3n de las v\u00edctimas de los delitos.","robots":{"index":"noindex","follow":"follow"},"og_locale":"es_ES","og_type":"article","og_title":"Fiscal\u00eda General de la Naci\u00f3n","og_description":"P\u00e1gina oficial de la Fiscal\u00eda General de la Naci\u00f3n \u2013 Colombia. Garantizamos el acceso efectivo a la justicia, la verdad y la reparaci\u00f3n de las v\u00edctimas de los delitos.","og_url":"https:\/\/www.fiscalia.gov.co\/colombia\/hay-justicia\/fiscalia-logro-condenas-ejemplares-contra-los-implicados-en-dos-feminicidios-ocurridos-en-bogota-y-valle-del-cauca\/","og_site_name":"Fiscal\u00eda General de la Naci\u00f3n","article_publisher":"https:\/\/www.facebook.com\/FiscaliaCol","article_published_time":"2021-05-20T14:29:13+00:00","article_modified_time":"2021-05-27T21:03:15+00:00","author":"Ana Mar\u00eda Gomez","twitter_card":"summary_large_image","twitter_creator":"@FiscaliaCol","twitter_site":"@FiscaliaCol","twitter_misc":{"Escrito por":"Ana Mar\u00eda Gomez","Tiempo de lectura":"2 minutos"},"schema":{"@context":"https:\/\/schema.org","@graph":[{"@type":"Article","@id":"https:\/\/www.fiscalia.gov.co\/colombia\/hay-justicia\/fiscalia-logro-condenas-ejemplares-contra-los-implicados-en-dos-feminicidios-ocurridos-en-bogota-y-valle-del-cauca\/#article","isPartOf":{"@id":"https:\/\/www.fiscalia.gov.co\/colombia\/hay-justicia\/fiscalia-logro-condenas-ejemplares-contra-los-implicados-en-dos-feminicidios-ocurridos-en-bogota-y-valle-del-cauca\/"},"author":{"name":"Ana Mar\u00eda Gomez","@id":"https:\/\/www.fiscalia.gov.co\/colombia\/#\/schema\/person\/06aa2210fe4d79203f428ff671dee360"},"headline":"Fiscal\u00eda logr\u00f3 condenas ejemplares contra los implicados en dos feminicidios ocurridos en Bogot\u00e1 y Valle del Cauca","datePublished":"2021-05-20T14:29:13+00:00","dateModified":"2021-05-27T21:03:15+00:00","mainEntityOfPage":{"@id":"https:\/\/www.fiscalia.gov.co\/colombia\/hay-justicia\/fiscalia-logro-condenas-ejemplares-contra-los-implicados-en-dos-feminicidios-ocurridos-en-bogota-y-valle-del-cauca\/"},"wordCount":375,"publisher":{"@id":"https:\/\/www.fiscalia.gov.co\/colombia\/#organization"},"keywords":["2 de enero de 2021.","Andaluc\u00eda","Bogot\u00e1","Bosa","Feminicidio agravado","feminicidios","Valle del Cauca"],"articleSection":["Hay Justicia","Seccional Bogot\u00e1","Seccionales"],"inLanguage":"es-CO"},{"@type":"WebPage","@id":"https:\/\/www.fiscalia.gov.co\/colombia\/hay-justicia\/fiscalia-logro-condenas-ejemplares-contra-los-implicados-en-dos-feminicidios-ocurridos-en-bogota-y-valle-del-cauca\/","url":"https:\/\/www.fiscalia.gov.co\/colombia\/hay-justicia\/fiscalia-logro-condenas-ejemplares-contra-los-implicados-en-dos-feminicidios-ocurridos-en-bogota-y-valle-del-cauca\/","name":"Fiscal\u00eda General de la Naci\u00f3n","isPartOf":{"@id":"https:\/\/www.fiscalia.gov.co\/colombia\/#website"},"datePublished":"2021-05-20T14:29:13+00:00","dateModified":"2021-05-27T21:03:15+00:00","description":"P\u00e1gina oficial de la Fiscal\u00eda General de la Naci\u00f3n \u2013 Colombia. Garantizamos el acceso efectivo a la justicia, la verdad y la reparaci\u00f3n de las v\u00edctimas de los delitos.","breadcrumb":{"@id":"https:\/\/www.fiscalia.gov.co\/colombia\/hay-justicia\/fiscalia-logro-condenas-ejemplares-contra-los-implicados-en-dos-feminicidios-ocurridos-en-bogota-y-valle-del-cauca\/#breadcrumb"},"inLanguage":"es-CO","potentialAction":[{"@type":"ReadAction","target":["https:\/\/www.fiscalia.gov.co\/colombia\/hay-justicia\/fiscalia-logro-condenas-ejemplares-contra-los-implicados-en-dos-feminicidios-ocurridos-en-bogota-y-valle-del-cauca\/"]}]},{"@type":"BreadcrumbList","@id":"https:\/\/www.fiscalia.gov.co\/colombia\/hay-justicia\/fiscalia-logro-condenas-ejemplares-contra-los-implicados-en-dos-feminicidios-ocurridos-en-bogota-y-valle-del-cauca\/#breadcrumb","itemListElement":[{"@type":"ListItem","position":1,"name":"Home","item":"https:\/\/www.fiscalia.gov.co\/colombia\/"},{"@type":"ListItem","position":2,"name":"Fiscal\u00eda logr\u00f3 condenas ejemplares contra los implicados en dos feminicidios ocurridos en Bogot\u00e1 y Valle del Cauca"}]},{"@type":"WebSite","@id":"https:\/\/www.fiscalia.gov.co\/colombia\/#website","url":"https:\/\/www.fiscalia.gov.co\/colombia\/","name":"Fiscal\u00eda General de la Naci\u00f3n","description":"P\u00e1gina oficial de la Fiscal\u00eda General de la Naci\u00f3n \u2013 Colombia. Garantizamos el acceso efectivo a la justicia, la verdad y la reparaci\u00f3n de las v\u00edctimas de los delitos.","publisher":{"@id":"https:\/\/www.fiscalia.gov.co\/colombia\/#organization"},"potentialAction":[{"@type":"SearchAction","target":{"@type":"EntryPoint","urlTemplate":"https:\/\/www.fiscalia.gov.co\/colombia\/?s={search_term_string}"},"query-input":{"@type":"PropertyValueSpecification","valueRequired":true,"valueName":"search_term_string"}}],"inLanguage":"es-CO"},{"@type":"Organization","@id":"https:\/\/www.fiscalia.gov.co\/colombia\/#organization","name":"Fiscal\u00eda General de la Naci\u00f3n","url":"https:\/\/www.fiscalia.gov.co\/colombia\/","logo":{"@type":"ImageObject","inLanguage":"es-CO","@id":"https:\/\/www.fiscalia.gov.co\/colombia\/#\/schema\/logo\/image\/","url":"https:\/\/www.fiscalia.gov.co\/colombia\/wp-content\/uploads\/LogoHorizontal_1.jpg","contentUrl":"https:\/\/www.fiscalia.gov.co\/colombia\/wp-content\/uploads\/LogoHorizontal_1.jpg","width":300,"height":90,"caption":"Fiscal\u00eda General de la Naci\u00f3n"},"image":{"@id":"https:\/\/www.fiscalia.gov.co\/colombia\/#\/schema\/logo\/image\/"},"sameAs":["https:\/\/www.facebook.com\/FiscaliaCol","https:\/\/x.com\/FiscaliaCol","https:\/\/www.instagram.com\/fiscaliacol","https:\/\/www.linkedin.com\/company\/fiscalia-general-de-la-naci-n\/","https:\/\/youtube.com\/@fiscaliageneraldelanacion-4668?si=6nN79nyQICPU5iTh"]},{"@type":"Person","@id":"https:\/\/www.fiscalia.gov.co\/colombia\/#\/schema\/person\/06aa2210fe4d79203f428ff671dee360","name":"Ana Mar\u00eda Gomez","image":{"@type":"ImageObject","inLanguage":"es-CO","@id":"https:\/\/www.fiscalia.gov.co\/colombia\/#\/schema\/person\/image\/","url":"https:\/\/secure.gravatar.com\/avatar\/a38115d98a7f8a96cbb96af2b2c37a0b?s=96&d=mm&r=g","contentUrl":"https:\/\/secure.gravatar.com\/avatar\/a38115d98a7f8a96cbb96af2b2c37a0b?s=96&d=mm&r=g","caption":"Ana Mar\u00eda Gomez"},"url":"https:\/\/www.fiscalia.gov.co\/colombia\/author\/agomez\/"}]}},"_links":{"self":[{"href":"https:\/\/www.fiscalia.gov.co\/colombia\/wp-json\/wp\/v2\/posts\/220330","targetHints":{"allow":["GET"]}}],"collection":[{"href":"https:\/\/www.fiscalia.gov.co\/colombia\/wp-json\/wp\/v2\/posts"}],"about":[{"href":"https:\/\/www.fiscalia.gov.co\/colombia\/wp-json\/wp\/v2\/types\/post"}],"author":[{"embeddable":true,"href":"https:\/\/www.fiscalia.gov.co\/colombia\/wp-json\/wp\/v2\/users\/171"}],"replies":[{"embeddable":true,"href":"https:\/\/www.fiscalia.gov.co\/colombia\/wp-json\/wp\/v2\/comments?post=220330"}],"version-history":[{"count":1,"href":"https:\/\/www.fiscalia.gov.co\/colombia\/wp-json\/wp\/v2\/posts\/220330\/revisions"}],"predecessor-version":[{"id":220331,"href":"https:\/\/www.fiscalia.gov.co\/colombia\/wp-json\/wp\/v2\/posts\/220330\/revisions\/220331"}],"wp:attachment":[{"href":"https:\/\/www.fiscalia.gov.co\/colombia\/wp-json\/wp\/v2\/media?parent=220330"}],"wp:term":[{"taxonomy":"category","embeddable":true,"href":"https:\/\/www.fiscalia.gov.co\/colombia\/wp-json\/wp\/v2\/categories?post=220330"},{"taxonomy":"post_tag","embeddable":true,"href":"https:\/\/www.fiscalia.gov.co\/colombia\/wp-json\/wp\/v2\/tags?post=220330"}],"curies":[{"name":"wp","href":"https:\/\/api.w.org\/{rel}","templated":true}]}}