{"id":220123,"date":"2021-05-18T08:01:06","date_gmt":"2021-05-18T13:01:06","guid":{"rendered":"https:\/\/www.fiscalia.gov.co\/colombia\/?p=220123"},"modified":"2021-05-20T10:09:14","modified_gmt":"2021-05-20T15:09:14","slug":"medidas-cautelares-con-fines-de-extincion-de-dominio-a-dos-vehiculos-que-habrian-sido-usados-para-actividades-ilicitas-durante-las-movilizaciones-sociales","status":"publish","type":"post","link":"https:\/\/www.fiscalia.gov.co\/colombia\/extincion-de-dominio\/medidas-cautelares-con-fines-de-extincion-de-dominio-a-dos-vehiculos-que-habrian-sido-usados-para-actividades-ilicitas-durante-las-movilizaciones-sociales\/","title":{"rendered":"Medidas cautelares con fines de extinci\u00f3n de dominio a dos veh\u00edculos que habr\u00edan sido usados para actividades il\u00edcitas durante las movilizaciones sociales"},"content":{"rendered":"<p>En un trabajo articulado de la Fiscal\u00eda General de la Naci\u00f3n y la Polic\u00eda Nacional se obtuvieron elementos de prueba suficientes para decretar medidas cautelares con fines de extinci\u00f3n del derecho de dominio\u00a0a dos veh\u00edculos, que habr\u00edan sido utilizados para acciones delictivas ocurridas en las jornadas de protesta registradas durante la \u00faltima semana en Cali (Valle del Cauca).<\/p>\n<p>El primer automotor, tipo cami\u00f3n, habr\u00eda sido usado el pasado 9 de mayo para abrir violentamente la puerta de un conjunto residencial en el sector de Pance, en el sur de la ciudad. Con esta acci\u00f3n se facilit\u00f3 el ingreso de varias personas que generaron da\u00f1os a la propiedad y a, por lo menos, tres veh\u00edculos de los residentes.<\/p>\n<p>El otro bien afectado con medidas de suspensi\u00f3n del poder dispositivo y secuestro es un bus escalera que fue interceptado por la Polic\u00eda Nacional en un procedimiento realizado el 12 de mayo \u00faltimo, en el sector conocido como La Viga, en Cali.<\/p>\n<p>En la inspecci\u00f3n realizada por los uniformados fueron encontrados cerca de ocho kilogramos de marihuana. En ese sentido, fueron capturados los pasajeros se\u00f1alados como los presuntos responsables del alijo por el delito de fabricaci\u00f3n, tr\u00e1fico y porte de estupefacientes.<\/p>\n<p>Estas dos acciones de la Fiscal\u00eda proceden de acuerdo con la causal quinta del art\u00edculo 16 del C\u00f3digo de Extinci\u00f3n de Dominio, que destaca: \u201cse declarar\u00e1 extinguido el dominio sobre los bienes que hayan sido utilizados como medio o instrumento para la ejecuci\u00f3n de actividades il\u00edcitas\u201d.<\/p>\n<p>MAGA\/JARG\/LABF\/MCRC<\/p>\n<p><strong>La Fiscal\u00eda habla con resultados.<\/strong><\/p>\n<p><i><span lang=\"ES\">La informaci\u00f3n contenida en este bolet\u00edn de prensa corresponde a la narraci\u00f3n de los hechos noticiosos objetivos, suministrados por los funcionarios encargados de adelantar las investigaciones penales al interior de la Fiscal\u00eda General de la Naci\u00f3n. Para el momento de la divulgaci\u00f3n de este comunicado, la situaci\u00f3n jur\u00eddica de la(s) persona(s) relacionada(s) se encuentra pendiente de resolver por la autoridad judicial competente, siempre bajo los preceptos de la presunci\u00f3n de inocencia, consagrados en el art\u00edculo 29 de la Constituci\u00f3n Pol\u00edtica y el art\u00edculo 7\u00ba de la Ley 906 de 2004.<\/span><\/i><span lang=\"ES\">\u00a0\u00a0\u00a0\u00a0\u00a0<\/span><\/p>\n<p>&nbsp;<\/p>\n\n<div class=\"twitter-share\"><a href=\"https:\/\/twitter.com\/intent\/tweet?via=fiscaliacol\" class=\"twitter-share-button\">Tweet<\/a><\/div>\n","protected":false},"excerpt":{"rendered":"<p>En un trabajo articulado de la Fiscal\u00eda General de la Naci\u00f3n y la Polic\u00eda Nacional se obtuvieron elementos de prueba suficientes para decretar medidas cautelares con fines de extinci\u00f3n del derecho de dominio\u00a0a dos veh\u00edculos, que habr\u00edan sido utilizados para acciones delictivas ocurridas en las jornadas de protesta registradas durante la \u00faltima semana en Cali [&hellip;]<\/p>\n","protected":false},"author":171,"featured_media":0,"comment_status":"closed","ping_status":"open","sticky":false,"template":"","format":"video","meta":{"tdm_status":"","tdm_grid_status":"","footnotes":""},"categories":[24116,321,303],"tags":[18901,26999,78,4614,1047,24200,25369,26812,4700],"class_list":{"0":"post-220123","1":"post","2":"type-post","3":"status-publish","4":"format-video","6":"category-extincion-de-dominio","7":"category-seccional-bogota","8":"category-seccionales","9":"tag-camion","10":"tag-extincion-de-domino","11":"tag-fiscal-general-de-la-nacion","12":"tag-fiscalia-2","13":"tag-fiscalia-general-de-la-nacion","14":"tag-francisco-barbosa","15":"tag-manifestaciones","16":"tag-paro-nacional","17":"tag-protestas","18":"post_format-post-format-video"},"yoast_head":"<!-- This site is optimized with the Yoast SEO plugin v24.3 - https:\/\/yoast.com\/wordpress\/plugins\/seo\/ -->\n<title>Fiscal\u00eda General de la Naci\u00f3n<\/title>\n<meta name=\"description\" content=\"P\u00e1gina oficial de la Fiscal\u00eda General de la Naci\u00f3n \u2013 Colombia. Garantizamos el acceso efectivo a la justicia, la verdad y la reparaci\u00f3n de las v\u00edctimas de los delitos.\" \/>\n<meta name=\"robots\" content=\"noindex, follow\" \/>\n<meta property=\"og:locale\" content=\"es_ES\" \/>\n<meta property=\"og:type\" content=\"article\" \/>\n<meta property=\"og:title\" content=\"Fiscal\u00eda General de la Naci\u00f3n\" \/>\n<meta property=\"og:description\" content=\"P\u00e1gina oficial de la Fiscal\u00eda General de la Naci\u00f3n \u2013 Colombia. Garantizamos el acceso efectivo a la justicia, la verdad y la reparaci\u00f3n de las v\u00edctimas de los delitos.\" \/>\n<meta property=\"og:url\" content=\"https:\/\/www.fiscalia.gov.co\/colombia\/extincion-de-dominio\/medidas-cautelares-con-fines-de-extincion-de-dominio-a-dos-vehiculos-que-habrian-sido-usados-para-actividades-ilicitas-durante-las-movilizaciones-sociales\/\" \/>\n<meta property=\"og:site_name\" content=\"Fiscal\u00eda General de la Naci\u00f3n\" \/>\n<meta property=\"article:publisher\" content=\"https:\/\/www.facebook.com\/FiscaliaCol\" \/>\n<meta property=\"article:published_time\" content=\"2021-05-18T13:01:06+00:00\" \/>\n<meta property=\"article:modified_time\" content=\"2021-05-20T15:09:14+00:00\" \/>\n<meta name=\"author\" content=\"Ana Mar\u00eda Gomez\" \/>\n<meta name=\"twitter:card\" content=\"summary_large_image\" \/>\n<meta name=\"twitter:creator\" content=\"@FiscaliaCol\" \/>\n<meta name=\"twitter:site\" content=\"@FiscaliaCol\" \/>\n<meta name=\"twitter:label1\" content=\"Escrito por\" \/>\n\t<meta name=\"twitter:data1\" content=\"Ana Mar\u00eda Gomez\" \/>\n\t<meta name=\"twitter:label2\" content=\"Tiempo de lectura\" \/>\n\t<meta name=\"twitter:data2\" content=\"2 minutos\" \/>\n<script type=\"application\/ld+json\" class=\"yoast-schema-graph\">{\"@context\":\"https:\/\/schema.org\",\"@graph\":[{\"@type\":\"Article\",\"@id\":\"https:\/\/www.fiscalia.gov.co\/colombia\/extincion-de-dominio\/medidas-cautelares-con-fines-de-extincion-de-dominio-a-dos-vehiculos-que-habrian-sido-usados-para-actividades-ilicitas-durante-las-movilizaciones-sociales\/#article\",\"isPartOf\":{\"@id\":\"https:\/\/www.fiscalia.gov.co\/colombia\/extincion-de-dominio\/medidas-cautelares-con-fines-de-extincion-de-dominio-a-dos-vehiculos-que-habrian-sido-usados-para-actividades-ilicitas-durante-las-movilizaciones-sociales\/\"},\"author\":{\"name\":\"Ana Mar\u00eda Gomez\",\"@id\":\"https:\/\/www.fiscalia.gov.co\/colombia\/#\/schema\/person\/06aa2210fe4d79203f428ff671dee360\"},\"headline\":\"Medidas cautelares con fines de extinci\u00f3n de dominio a dos veh\u00edculos que habr\u00edan sido usados para actividades il\u00edcitas durante las movilizaciones sociales\",\"datePublished\":\"2021-05-18T13:01:06+00:00\",\"dateModified\":\"2021-05-20T15:09:14+00:00\",\"mainEntityOfPage\":{\"@id\":\"https:\/\/www.fiscalia.gov.co\/colombia\/extincion-de-dominio\/medidas-cautelares-con-fines-de-extincion-de-dominio-a-dos-vehiculos-que-habrian-sido-usados-para-actividades-ilicitas-durante-las-movilizaciones-sociales\/\"},\"wordCount\":404,\"publisher\":{\"@id\":\"https:\/\/www.fiscalia.gov.co\/colombia\/#organization\"},\"keywords\":[\"Cami\u00f3n\",\"extinci\u00f3n de domino\",\"Fiscal General de la Naci\u00f3n\",\"Fiscal\u00eda\",\"Fiscal\u00eda General de la Naci\u00f3n\",\"Francisco Barbosa\",\"manifestaciones\",\"paro nacional\",\"Protestas\"],\"articleSection\":[\"Extinci\u00f3n de dominio\",\"Seccional Bogot\u00e1\",\"Seccionales\"],\"inLanguage\":\"es-CO\"},{\"@type\":\"WebPage\",\"@id\":\"https:\/\/www.fiscalia.gov.co\/colombia\/extincion-de-dominio\/medidas-cautelares-con-fines-de-extincion-de-dominio-a-dos-vehiculos-que-habrian-sido-usados-para-actividades-ilicitas-durante-las-movilizaciones-sociales\/\",\"url\":\"https:\/\/www.fiscalia.gov.co\/colombia\/extincion-de-dominio\/medidas-cautelares-con-fines-de-extincion-de-dominio-a-dos-vehiculos-que-habrian-sido-usados-para-actividades-ilicitas-durante-las-movilizaciones-sociales\/\",\"name\":\"Fiscal\u00eda General de la Naci\u00f3n\",\"isPartOf\":{\"@id\":\"https:\/\/www.fiscalia.gov.co\/colombia\/#website\"},\"datePublished\":\"2021-05-18T13:01:06+00:00\",\"dateModified\":\"2021-05-20T15:09:14+00:00\",\"description\":\"P\u00e1gina oficial de la Fiscal\u00eda General de la Naci\u00f3n \u2013 Colombia. Garantizamos el acceso efectivo a la justicia, la verdad y la reparaci\u00f3n de las v\u00edctimas de los delitos.\",\"breadcrumb\":{\"@id\":\"https:\/\/www.fiscalia.gov.co\/colombia\/extincion-de-dominio\/medidas-cautelares-con-fines-de-extincion-de-dominio-a-dos-vehiculos-que-habrian-sido-usados-para-actividades-ilicitas-durante-las-movilizaciones-sociales\/#breadcrumb\"},\"inLanguage\":\"es-CO\",\"potentialAction\":[{\"@type\":\"ReadAction\",\"target\":[\"https:\/\/www.fiscalia.gov.co\/colombia\/extincion-de-dominio\/medidas-cautelares-con-fines-de-extincion-de-dominio-a-dos-vehiculos-que-habrian-sido-usados-para-actividades-ilicitas-durante-las-movilizaciones-sociales\/\"]}]},{\"@type\":\"BreadcrumbList\",\"@id\":\"https:\/\/www.fiscalia.gov.co\/colombia\/extincion-de-dominio\/medidas-cautelares-con-fines-de-extincion-de-dominio-a-dos-vehiculos-que-habrian-sido-usados-para-actividades-ilicitas-durante-las-movilizaciones-sociales\/#breadcrumb\",\"itemListElement\":[{\"@type\":\"ListItem\",\"position\":1,\"name\":\"Home\",\"item\":\"https:\/\/www.fiscalia.gov.co\/colombia\/\"},{\"@type\":\"ListItem\",\"position\":2,\"name\":\"Medidas cautelares con fines de extinci\u00f3n de dominio a dos veh\u00edculos que habr\u00edan sido usados para actividades il\u00edcitas durante las movilizaciones sociales\"}]},{\"@type\":\"WebSite\",\"@id\":\"https:\/\/www.fiscalia.gov.co\/colombia\/#website\",\"url\":\"https:\/\/www.fiscalia.gov.co\/colombia\/\",\"name\":\"Fiscal\u00eda General de la Naci\u00f3n\",\"description\":\"P\u00e1gina oficial de la Fiscal\u00eda General de la Naci\u00f3n \u2013 Colombia. Garantizamos el acceso efectivo a la justicia, la verdad y la reparaci\u00f3n de las v\u00edctimas de los delitos.\",\"publisher\":{\"@id\":\"https:\/\/www.fiscalia.gov.co\/colombia\/#organization\"},\"potentialAction\":[{\"@type\":\"SearchAction\",\"target\":{\"@type\":\"EntryPoint\",\"urlTemplate\":\"https:\/\/www.fiscalia.gov.co\/colombia\/?s={search_term_string}\"},\"query-input\":{\"@type\":\"PropertyValueSpecification\",\"valueRequired\":true,\"valueName\":\"search_term_string\"}}],\"inLanguage\":\"es-CO\"},{\"@type\":\"Organization\",\"@id\":\"https:\/\/www.fiscalia.gov.co\/colombia\/#organization\",\"name\":\"Fiscal\u00eda General de la Naci\u00f3n\",\"url\":\"https:\/\/www.fiscalia.gov.co\/colombia\/\",\"logo\":{\"@type\":\"ImageObject\",\"inLanguage\":\"es-CO\",\"@id\":\"https:\/\/www.fiscalia.gov.co\/colombia\/#\/schema\/logo\/image\/\",\"url\":\"https:\/\/www.fiscalia.gov.co\/colombia\/wp-content\/uploads\/LogoHorizontal_1.jpg\",\"contentUrl\":\"https:\/\/www.fiscalia.gov.co\/colombia\/wp-content\/uploads\/LogoHorizontal_1.jpg\",\"width\":300,\"height\":90,\"caption\":\"Fiscal\u00eda General de la Naci\u00f3n\"},\"image\":{\"@id\":\"https:\/\/www.fiscalia.gov.co\/colombia\/#\/schema\/logo\/image\/\"},\"sameAs\":[\"https:\/\/www.facebook.com\/FiscaliaCol\",\"https:\/\/x.com\/FiscaliaCol\",\"https:\/\/www.instagram.com\/fiscaliacol\",\"https:\/\/www.linkedin.com\/company\/fiscalia-general-de-la-naci-n\/\",\"https:\/\/youtube.com\/@fiscaliageneraldelanacion-4668?si=6nN79nyQICPU5iTh\"]},{\"@type\":\"Person\",\"@id\":\"https:\/\/www.fiscalia.gov.co\/colombia\/#\/schema\/person\/06aa2210fe4d79203f428ff671dee360\",\"name\":\"Ana Mar\u00eda Gomez\",\"image\":{\"@type\":\"ImageObject\",\"inLanguage\":\"es-CO\",\"@id\":\"https:\/\/www.fiscalia.gov.co\/colombia\/#\/schema\/person\/image\/\",\"url\":\"https:\/\/secure.gravatar.com\/avatar\/a38115d98a7f8a96cbb96af2b2c37a0b?s=96&d=mm&r=g\",\"contentUrl\":\"https:\/\/secure.gravatar.com\/avatar\/a38115d98a7f8a96cbb96af2b2c37a0b?s=96&d=mm&r=g\",\"caption\":\"Ana Mar\u00eda Gomez\"},\"url\":\"https:\/\/www.fiscalia.gov.co\/colombia\/author\/agomez\/\"}]}<\/script>\n<!-- \/ Yoast SEO plugin. -->","yoast_head_json":{"title":"Fiscal\u00eda General de la Naci\u00f3n","description":"P\u00e1gina oficial de la Fiscal\u00eda General de la Naci\u00f3n \u2013 Colombia. Garantizamos el acceso efectivo a la justicia, la verdad y la reparaci\u00f3n de las v\u00edctimas de los delitos.","robots":{"index":"noindex","follow":"follow"},"og_locale":"es_ES","og_type":"article","og_title":"Fiscal\u00eda General de la Naci\u00f3n","og_description":"P\u00e1gina oficial de la Fiscal\u00eda General de la Naci\u00f3n \u2013 Colombia. Garantizamos el acceso efectivo a la justicia, la verdad y la reparaci\u00f3n de las v\u00edctimas de los delitos.","og_url":"https:\/\/www.fiscalia.gov.co\/colombia\/extincion-de-dominio\/medidas-cautelares-con-fines-de-extincion-de-dominio-a-dos-vehiculos-que-habrian-sido-usados-para-actividades-ilicitas-durante-las-movilizaciones-sociales\/","og_site_name":"Fiscal\u00eda General de la Naci\u00f3n","article_publisher":"https:\/\/www.facebook.com\/FiscaliaCol","article_published_time":"2021-05-18T13:01:06+00:00","article_modified_time":"2021-05-20T15:09:14+00:00","author":"Ana Mar\u00eda Gomez","twitter_card":"summary_large_image","twitter_creator":"@FiscaliaCol","twitter_site":"@FiscaliaCol","twitter_misc":{"Escrito por":"Ana Mar\u00eda Gomez","Tiempo de lectura":"2 minutos"},"schema":{"@context":"https:\/\/schema.org","@graph":[{"@type":"Article","@id":"https:\/\/www.fiscalia.gov.co\/colombia\/extincion-de-dominio\/medidas-cautelares-con-fines-de-extincion-de-dominio-a-dos-vehiculos-que-habrian-sido-usados-para-actividades-ilicitas-durante-las-movilizaciones-sociales\/#article","isPartOf":{"@id":"https:\/\/www.fiscalia.gov.co\/colombia\/extincion-de-dominio\/medidas-cautelares-con-fines-de-extincion-de-dominio-a-dos-vehiculos-que-habrian-sido-usados-para-actividades-ilicitas-durante-las-movilizaciones-sociales\/"},"author":{"name":"Ana Mar\u00eda Gomez","@id":"https:\/\/www.fiscalia.gov.co\/colombia\/#\/schema\/person\/06aa2210fe4d79203f428ff671dee360"},"headline":"Medidas cautelares con fines de extinci\u00f3n de dominio a dos veh\u00edculos que habr\u00edan sido usados para actividades il\u00edcitas durante las movilizaciones sociales","datePublished":"2021-05-18T13:01:06+00:00","dateModified":"2021-05-20T15:09:14+00:00","mainEntityOfPage":{"@id":"https:\/\/www.fiscalia.gov.co\/colombia\/extincion-de-dominio\/medidas-cautelares-con-fines-de-extincion-de-dominio-a-dos-vehiculos-que-habrian-sido-usados-para-actividades-ilicitas-durante-las-movilizaciones-sociales\/"},"wordCount":404,"publisher":{"@id":"https:\/\/www.fiscalia.gov.co\/colombia\/#organization"},"keywords":["Cami\u00f3n","extinci\u00f3n de domino","Fiscal General de la Naci\u00f3n","Fiscal\u00eda","Fiscal\u00eda General de la Naci\u00f3n","Francisco Barbosa","manifestaciones","paro nacional","Protestas"],"articleSection":["Extinci\u00f3n de dominio","Seccional Bogot\u00e1","Seccionales"],"inLanguage":"es-CO"},{"@type":"WebPage","@id":"https:\/\/www.fiscalia.gov.co\/colombia\/extincion-de-dominio\/medidas-cautelares-con-fines-de-extincion-de-dominio-a-dos-vehiculos-que-habrian-sido-usados-para-actividades-ilicitas-durante-las-movilizaciones-sociales\/","url":"https:\/\/www.fiscalia.gov.co\/colombia\/extincion-de-dominio\/medidas-cautelares-con-fines-de-extincion-de-dominio-a-dos-vehiculos-que-habrian-sido-usados-para-actividades-ilicitas-durante-las-movilizaciones-sociales\/","name":"Fiscal\u00eda General de la Naci\u00f3n","isPartOf":{"@id":"https:\/\/www.fiscalia.gov.co\/colombia\/#website"},"datePublished":"2021-05-18T13:01:06+00:00","dateModified":"2021-05-20T15:09:14+00:00","description":"P\u00e1gina oficial de la Fiscal\u00eda General de la Naci\u00f3n \u2013 Colombia. Garantizamos el acceso efectivo a la justicia, la verdad y la reparaci\u00f3n de las v\u00edctimas de los delitos.","breadcrumb":{"@id":"https:\/\/www.fiscalia.gov.co\/colombia\/extincion-de-dominio\/medidas-cautelares-con-fines-de-extincion-de-dominio-a-dos-vehiculos-que-habrian-sido-usados-para-actividades-ilicitas-durante-las-movilizaciones-sociales\/#breadcrumb"},"inLanguage":"es-CO","potentialAction":[{"@type":"ReadAction","target":["https:\/\/www.fiscalia.gov.co\/colombia\/extincion-de-dominio\/medidas-cautelares-con-fines-de-extincion-de-dominio-a-dos-vehiculos-que-habrian-sido-usados-para-actividades-ilicitas-durante-las-movilizaciones-sociales\/"]}]},{"@type":"BreadcrumbList","@id":"https:\/\/www.fiscalia.gov.co\/colombia\/extincion-de-dominio\/medidas-cautelares-con-fines-de-extincion-de-dominio-a-dos-vehiculos-que-habrian-sido-usados-para-actividades-ilicitas-durante-las-movilizaciones-sociales\/#breadcrumb","itemListElement":[{"@type":"ListItem","position":1,"name":"Home","item":"https:\/\/www.fiscalia.gov.co\/colombia\/"},{"@type":"ListItem","position":2,"name":"Medidas cautelares con fines de extinci\u00f3n de dominio a dos veh\u00edculos que habr\u00edan sido usados para actividades il\u00edcitas durante las movilizaciones sociales"}]},{"@type":"WebSite","@id":"https:\/\/www.fiscalia.gov.co\/colombia\/#website","url":"https:\/\/www.fiscalia.gov.co\/colombia\/","name":"Fiscal\u00eda General de la Naci\u00f3n","description":"P\u00e1gina oficial de la Fiscal\u00eda General de la Naci\u00f3n \u2013 Colombia. Garantizamos el acceso efectivo a la justicia, la verdad y la reparaci\u00f3n de las v\u00edctimas de los delitos.","publisher":{"@id":"https:\/\/www.fiscalia.gov.co\/colombia\/#organization"},"potentialAction":[{"@type":"SearchAction","target":{"@type":"EntryPoint","urlTemplate":"https:\/\/www.fiscalia.gov.co\/colombia\/?s={search_term_string}"},"query-input":{"@type":"PropertyValueSpecification","valueRequired":true,"valueName":"search_term_string"}}],"inLanguage":"es-CO"},{"@type":"Organization","@id":"https:\/\/www.fiscalia.gov.co\/colombia\/#organization","name":"Fiscal\u00eda General de la Naci\u00f3n","url":"https:\/\/www.fiscalia.gov.co\/colombia\/","logo":{"@type":"ImageObject","inLanguage":"es-CO","@id":"https:\/\/www.fiscalia.gov.co\/colombia\/#\/schema\/logo\/image\/","url":"https:\/\/www.fiscalia.gov.co\/colombia\/wp-content\/uploads\/LogoHorizontal_1.jpg","contentUrl":"https:\/\/www.fiscalia.gov.co\/colombia\/wp-content\/uploads\/LogoHorizontal_1.jpg","width":300,"height":90,"caption":"Fiscal\u00eda General de la Naci\u00f3n"},"image":{"@id":"https:\/\/www.fiscalia.gov.co\/colombia\/#\/schema\/logo\/image\/"},"sameAs":["https:\/\/www.facebook.com\/FiscaliaCol","https:\/\/x.com\/FiscaliaCol","https:\/\/www.instagram.com\/fiscaliacol","https:\/\/www.linkedin.com\/company\/fiscalia-general-de-la-naci-n\/","https:\/\/youtube.com\/@fiscaliageneraldelanacion-4668?si=6nN79nyQICPU5iTh"]},{"@type":"Person","@id":"https:\/\/www.fiscalia.gov.co\/colombia\/#\/schema\/person\/06aa2210fe4d79203f428ff671dee360","name":"Ana Mar\u00eda Gomez","image":{"@type":"ImageObject","inLanguage":"es-CO","@id":"https:\/\/www.fiscalia.gov.co\/colombia\/#\/schema\/person\/image\/","url":"https:\/\/secure.gravatar.com\/avatar\/a38115d98a7f8a96cbb96af2b2c37a0b?s=96&d=mm&r=g","contentUrl":"https:\/\/secure.gravatar.com\/avatar\/a38115d98a7f8a96cbb96af2b2c37a0b?s=96&d=mm&r=g","caption":"Ana Mar\u00eda Gomez"},"url":"https:\/\/www.fiscalia.gov.co\/colombia\/author\/agomez\/"}]}},"_links":{"self":[{"href":"https:\/\/www.fiscalia.gov.co\/colombia\/wp-json\/wp\/v2\/posts\/220123","targetHints":{"allow":["GET"]}}],"collection":[{"href":"https:\/\/www.fiscalia.gov.co\/colombia\/wp-json\/wp\/v2\/posts"}],"about":[{"href":"https:\/\/www.fiscalia.gov.co\/colombia\/wp-json\/wp\/v2\/types\/post"}],"author":[{"embeddable":true,"href":"https:\/\/www.fiscalia.gov.co\/colombia\/wp-json\/wp\/v2\/users\/171"}],"replies":[{"embeddable":true,"href":"https:\/\/www.fiscalia.gov.co\/colombia\/wp-json\/wp\/v2\/comments?post=220123"}],"version-history":[{"count":1,"href":"https:\/\/www.fiscalia.gov.co\/colombia\/wp-json\/wp\/v2\/posts\/220123\/revisions"}],"predecessor-version":[{"id":220124,"href":"https:\/\/www.fiscalia.gov.co\/colombia\/wp-json\/wp\/v2\/posts\/220123\/revisions\/220124"}],"wp:attachment":[{"href":"https:\/\/www.fiscalia.gov.co\/colombia\/wp-json\/wp\/v2\/media?parent=220123"}],"wp:term":[{"taxonomy":"category","embeddable":true,"href":"https:\/\/www.fiscalia.gov.co\/colombia\/wp-json\/wp\/v2\/categories?post=220123"},{"taxonomy":"post_tag","embeddable":true,"href":"https:\/\/www.fiscalia.gov.co\/colombia\/wp-json\/wp\/v2\/tags?post=220123"}],"curies":[{"name":"wp","href":"https:\/\/api.w.org\/{rel}","templated":true}]}}