{"id":219927,"date":"2021-05-13T13:01:09","date_gmt":"2021-05-13T18:01:09","guid":{"rendered":"https:\/\/www.fiscalia.gov.co\/colombia\/?p=219927"},"modified":"2021-05-13T13:11:42","modified_gmt":"2021-05-13T18:11:42","slug":"judicializados-presuntos-responsables-del-incendio-y-saqueo-a-peaje-en-cundinamarca","status":"publish","type":"post","link":"https:\/\/www.fiscalia.gov.co\/colombia\/fiscal-general-de-la-nacion\/judicializados-presuntos-responsables-del-incendio-y-saqueo-a-peaje-en-cundinamarca\/","title":{"rendered":"Judicializados presuntos responsables del incendio y saqueo a peaje en Cundinamarca"},"content":{"rendered":"<blockquote>\n<h4 style=\"text-align: left;\"><strong><em>Los da\u00f1os por los actos violentos fueron avaluados en m\u00e1s de $708\u2019000.000.<\/em><\/strong><\/h4>\n<\/blockquote>\n<p>Desde el peaje San Miguel en Sibat\u00e9 (Cundinamarca), lugar donde ocurrieron los hechos, el Fiscal General de la Naci\u00f3n Francisco Barbosa Delgado, acompa\u00f1ado del Director de la Polic\u00eda Nacional General Jorge Luis Vargas Valencia; \u00a0y el Gobernador de Cundinamarca, Nicol\u00e1s Garc\u00eda Bustos, anunci\u00f3 la captura y judicializaci\u00f3n de cuatro personas que son investigadas por su presunta responsabilidad en los actos vand\u00e1licos que se presentaron en ese sitio el pasado 3 de mayo.<\/p>\n<p>\u201cQueremos decirle a la opini\u00f3n p\u00fablica lo siguiente, en este punto, en el punto donde fue vandalizado, que hemos capturado y judicializado a los cuatro presuntos responsables del incendio y saqueo en este peaje ubicado en la v\u00eda \u00a0de Sibat\u00e9, que conduce a Fusagasug\u00e1\u201d se\u00f1al\u00f3 el Fiscal General.<\/p>\n<p>Gracias al abundante material de prueba, la evidencia f\u00edsica y los videos de las c\u00e1maras de seguridad, se pudo establecer que los hoy procesados habr\u00edan llegado al lugar, intimidaron al personal de la concesi\u00f3n vial, prendieron fuego a las casetas de recaudo y hurtaron varios elementos de valor de las taquillas.<\/p>\n<p>Los presuntos responsables del incendio y el saqueo fueron capturados en una acci\u00f3n conjunta del CTI de la Fiscal\u00eda y la Sijin de la Polic\u00eda Nacional en Sibat\u00e9.<\/p>\n<p>Un fiscal de la Seccional Cundinamarca les imput\u00f3 los delitos de hurto calificado y agravado, en concurso con incendio y da\u00f1o en bien ajeno agravado. Los cargos no fueron aceptados por los detenidos, a quienes el juez de control de garant\u00edas les impuso medida de aseguramiento privativa de la libertad en el lugar de residencia.<\/p>\n<p>Los afectados con la decisi\u00f3n son: Andr\u00e9s Felipe P\u00e9rez Landinez, Jefferson Steven Mart\u00ednez Prieto, Omar Fernando Far\u00edas Bello y Johan Esteban Z\u00fa\u00f1iga Mu\u00f1oz.<\/p>\n<p>\u201cEs importante decir, y este es un mensaje tambi\u00e9n para aquellos que utilizan los bienes en la ejecuci\u00f3n de conductas criminales, que durante las audiencias fue avalada la incautaci\u00f3n con fines de comiso de tres veh\u00edculos entre ellos un furg\u00f3n utilizados para la comisi\u00f3n de los actos vand\u00e1licos. La Fiscal\u00eda reitera que bienes que sean utilizados para cometer delitos ser\u00e1n afectados con los mecanismos que tiene a disposici\u00f3n por la ley\u201d, advirti\u00f3 el Fiscal Barbosa.<\/p>\n<p>En este sentido, se solicitar\u00e1 la suspensi\u00f3n del poder dispositivo, \u201cEs decir, que no se podr\u00e1n ni vender, ni negociar esos bienes y se impondr\u00e1n medidas con fines de comiso ante un juez de garant\u00edas y la Fiscal\u00eda de ahora en adelante administrar\u00e1 esos bienes hasta que exista una sentencia judicial\u201d aclar\u00f3 el Fiscal General.<\/p>\n<p>Igualmente se insiste que tambi\u00e9n se recurrir\u00e1 a las medidas cautelares de suspensi\u00f3n del poder dispositivo, embargo y secuestro en el marco del tr\u00e1mite de extinci\u00f3n de dominio, cuando a ello haya lugar, para que la SAE administre los bienes. Cuando exista una decisi\u00f3n de procedencia de la acci\u00f3n por parte de un juez, el valor de los bienes ser\u00e1 distribuido entre las Ramas Ejecutiva y Judicial.<\/p>\n<p>\u201cEste es un hecho concreto de resultados a pocos d\u00edas de haberse cometidos los hechos. Aqu\u00ed no puede permitirse, desde ning\u00fan punto de vista, que se pretenda a trav\u00e9s de la delincuencia y de la vandalizaci\u00f3n pensar que la judicializaci\u00f3n se detuvo en Colombia y que mientras existan este tipo de cosas la Fiscal\u00eda no va a actuar\u201d Advirti\u00f3\u00a0 el jefe del ente acusador.<\/p>\n<p>CMRM\/EU\/JARG\/ MRC\/LAB\/<\/p>\n<p><strong>La Fiscal\u00eda habla con resultados.<\/strong><\/p>\n<p><i><span lang=\"ES\">La informaci\u00f3n contenida en este bolet\u00edn de prensa corresponde a la narraci\u00f3n de los hechos noticiosos objetivos, suministrados por los funcionarios encargados de adelantar las investigaciones penales al interior de la Fiscal\u00eda General de la Naci\u00f3n. Para el momento de la divulgaci\u00f3n de este comunicado, la situaci\u00f3n jur\u00eddica de la(s) persona(s) relacionada(s) se encuentra pendiente de resolver por la autoridad judicial competente, siempre bajo los preceptos de la presunci\u00f3n de inocencia, consagrados en el art\u00edculo 29 de la Constituci\u00f3n Pol\u00edtica y el art\u00edculo 7\u00ba de la Ley 906 de 2004.<\/span><\/i><span lang=\"ES\">\u00a0\u00a0<\/span><\/p>\n<p>&nbsp;<\/p>\n\n<div class=\"twitter-share\"><a href=\"https:\/\/twitter.com\/intent\/tweet?via=fiscaliacol\" class=\"twitter-share-button\">Tweet<\/a><\/div>\n","protected":false},"excerpt":{"rendered":"<p>Los da\u00f1os por los actos violentos fueron avaluados en m\u00e1s de $708\u2019000.000. Desde el peaje San Miguel en Sibat\u00e9 (Cundinamarca), lugar donde ocurrieron los hechos, el Fiscal General de la [&hellip;]<\/p>\n","protected":false},"author":171,"featured_media":0,"comment_status":"closed","ping_status":"open","sticky":false,"template":"","format":"video","meta":{"tdm_status":"","tdm_grid_status":"","footnotes":""},"categories":[25128,24096],"tags":[24185,4614],"class_list":["post-219927","post","type-post","status-publish","format-video","category-el-fiscal-en-los-territorios","category-fiscal-general-de-la-nacion","tag-fiscal-barbosa","tag-fiscalia-2","post_format-post-format-video"],"yoast_head":"<!-- This site is optimized with the Yoast SEO plugin v24.3 - https:\/\/yoast.com\/wordpress\/plugins\/seo\/ -->\n<title>Fiscal\u00eda General de la Naci\u00f3n<\/title>\n<meta name=\"description\" content=\"P\u00e1gina oficial de la Fiscal\u00eda General de la Naci\u00f3n \u2013 Colombia. Garantizamos el acceso efectivo a la justicia, la verdad y la reparaci\u00f3n de las v\u00edctimas de los delitos.\" \/>\n<meta name=\"robots\" content=\"noindex, follow\" \/>\n<meta property=\"og:locale\" content=\"es_ES\" \/>\n<meta property=\"og:type\" content=\"article\" \/>\n<meta property=\"og:title\" content=\"Fiscal\u00eda General de la Naci\u00f3n\" \/>\n<meta property=\"og:description\" content=\"P\u00e1gina oficial de la Fiscal\u00eda General de la Naci\u00f3n \u2013 Colombia. Garantizamos el acceso efectivo a la justicia, la verdad y la reparaci\u00f3n de las v\u00edctimas de los delitos.\" \/>\n<meta property=\"og:url\" content=\"https:\/\/www.fiscalia.gov.co\/colombia\/fiscal-general-de-la-nacion\/judicializados-presuntos-responsables-del-incendio-y-saqueo-a-peaje-en-cundinamarca\/\" \/>\n<meta property=\"og:site_name\" content=\"Fiscal\u00eda General de la Naci\u00f3n\" \/>\n<meta property=\"article:publisher\" content=\"https:\/\/www.facebook.com\/FiscaliaCol\" \/>\n<meta property=\"article:published_time\" content=\"2021-05-13T18:01:09+00:00\" \/>\n<meta property=\"article:modified_time\" content=\"2021-05-13T18:11:42+00:00\" \/>\n<meta name=\"author\" content=\"Ana Mar\u00eda Gomez\" \/>\n<meta name=\"twitter:card\" content=\"summary_large_image\" \/>\n<meta name=\"twitter:creator\" content=\"@FiscaliaCol\" \/>\n<meta name=\"twitter:site\" content=\"@FiscaliaCol\" \/>\n<meta name=\"twitter:label1\" content=\"Escrito por\" \/>\n\t<meta name=\"twitter:data1\" content=\"Ana Mar\u00eda Gomez\" \/>\n\t<meta name=\"twitter:label2\" content=\"Tiempo de lectura\" \/>\n\t<meta name=\"twitter:data2\" content=\"4 minutos\" \/>\n<script type=\"application\/ld+json\" class=\"yoast-schema-graph\">{\"@context\":\"https:\/\/schema.org\",\"@graph\":[{\"@type\":\"Article\",\"@id\":\"https:\/\/www.fiscalia.gov.co\/colombia\/fiscal-general-de-la-nacion\/judicializados-presuntos-responsables-del-incendio-y-saqueo-a-peaje-en-cundinamarca\/#article\",\"isPartOf\":{\"@id\":\"https:\/\/www.fiscalia.gov.co\/colombia\/fiscal-general-de-la-nacion\/judicializados-presuntos-responsables-del-incendio-y-saqueo-a-peaje-en-cundinamarca\/\"},\"author\":{\"name\":\"Ana Mar\u00eda Gomez\",\"@id\":\"https:\/\/www.fiscalia.gov.co\/colombia\/#\/schema\/person\/06aa2210fe4d79203f428ff671dee360\"},\"headline\":\"Judicializados presuntos responsables del incendio y saqueo a peaje en Cundinamarca\",\"datePublished\":\"2021-05-13T18:01:09+00:00\",\"dateModified\":\"2021-05-13T18:11:42+00:00\",\"mainEntityOfPage\":{\"@id\":\"https:\/\/www.fiscalia.gov.co\/colombia\/fiscal-general-de-la-nacion\/judicializados-presuntos-responsables-del-incendio-y-saqueo-a-peaje-en-cundinamarca\/\"},\"wordCount\":729,\"publisher\":{\"@id\":\"https:\/\/www.fiscalia.gov.co\/colombia\/#organization\"},\"keywords\":[\"Fiscal Barbosa\",\"Fiscal\u00eda\"],\"articleSection\":[\"El Fiscal en los territorios\",\"Fiscal General de la Naci\u00f3n\"],\"inLanguage\":\"es-CO\"},{\"@type\":\"WebPage\",\"@id\":\"https:\/\/www.fiscalia.gov.co\/colombia\/fiscal-general-de-la-nacion\/judicializados-presuntos-responsables-del-incendio-y-saqueo-a-peaje-en-cundinamarca\/\",\"url\":\"https:\/\/www.fiscalia.gov.co\/colombia\/fiscal-general-de-la-nacion\/judicializados-presuntos-responsables-del-incendio-y-saqueo-a-peaje-en-cundinamarca\/\",\"name\":\"Fiscal\u00eda General de la Naci\u00f3n\",\"isPartOf\":{\"@id\":\"https:\/\/www.fiscalia.gov.co\/colombia\/#website\"},\"datePublished\":\"2021-05-13T18:01:09+00:00\",\"dateModified\":\"2021-05-13T18:11:42+00:00\",\"description\":\"P\u00e1gina oficial de la Fiscal\u00eda General de la Naci\u00f3n \u2013 Colombia. Garantizamos el acceso efectivo a la justicia, la verdad y la reparaci\u00f3n de las v\u00edctimas de los delitos.\",\"breadcrumb\":{\"@id\":\"https:\/\/www.fiscalia.gov.co\/colombia\/fiscal-general-de-la-nacion\/judicializados-presuntos-responsables-del-incendio-y-saqueo-a-peaje-en-cundinamarca\/#breadcrumb\"},\"inLanguage\":\"es-CO\",\"potentialAction\":[{\"@type\":\"ReadAction\",\"target\":[\"https:\/\/www.fiscalia.gov.co\/colombia\/fiscal-general-de-la-nacion\/judicializados-presuntos-responsables-del-incendio-y-saqueo-a-peaje-en-cundinamarca\/\"]}]},{\"@type\":\"BreadcrumbList\",\"@id\":\"https:\/\/www.fiscalia.gov.co\/colombia\/fiscal-general-de-la-nacion\/judicializados-presuntos-responsables-del-incendio-y-saqueo-a-peaje-en-cundinamarca\/#breadcrumb\",\"itemListElement\":[{\"@type\":\"ListItem\",\"position\":1,\"name\":\"Home\",\"item\":\"https:\/\/www.fiscalia.gov.co\/colombia\/\"},{\"@type\":\"ListItem\",\"position\":2,\"name\":\"Judicializados presuntos responsables del incendio y saqueo a peaje en Cundinamarca\"}]},{\"@type\":\"WebSite\",\"@id\":\"https:\/\/www.fiscalia.gov.co\/colombia\/#website\",\"url\":\"https:\/\/www.fiscalia.gov.co\/colombia\/\",\"name\":\"Fiscal\u00eda General de la Naci\u00f3n\",\"description\":\"P\u00e1gina oficial de la Fiscal\u00eda General de la Naci\u00f3n \u2013 Colombia. Garantizamos el acceso efectivo a la justicia, la verdad y la reparaci\u00f3n de las v\u00edctimas de los delitos.\",\"publisher\":{\"@id\":\"https:\/\/www.fiscalia.gov.co\/colombia\/#organization\"},\"potentialAction\":[{\"@type\":\"SearchAction\",\"target\":{\"@type\":\"EntryPoint\",\"urlTemplate\":\"https:\/\/www.fiscalia.gov.co\/colombia\/?s={search_term_string}\"},\"query-input\":{\"@type\":\"PropertyValueSpecification\",\"valueRequired\":true,\"valueName\":\"search_term_string\"}}],\"inLanguage\":\"es-CO\"},{\"@type\":\"Organization\",\"@id\":\"https:\/\/www.fiscalia.gov.co\/colombia\/#organization\",\"name\":\"Fiscal\u00eda General de la Naci\u00f3n\",\"url\":\"https:\/\/www.fiscalia.gov.co\/colombia\/\",\"logo\":{\"@type\":\"ImageObject\",\"inLanguage\":\"es-CO\",\"@id\":\"https:\/\/www.fiscalia.gov.co\/colombia\/#\/schema\/logo\/image\/\",\"url\":\"https:\/\/www.fiscalia.gov.co\/colombia\/wp-content\/uploads\/LogoHorizontal_1.jpg\",\"contentUrl\":\"https:\/\/www.fiscalia.gov.co\/colombia\/wp-content\/uploads\/LogoHorizontal_1.jpg\",\"width\":300,\"height\":90,\"caption\":\"Fiscal\u00eda General de la Naci\u00f3n\"},\"image\":{\"@id\":\"https:\/\/www.fiscalia.gov.co\/colombia\/#\/schema\/logo\/image\/\"},\"sameAs\":[\"https:\/\/www.facebook.com\/FiscaliaCol\",\"https:\/\/x.com\/FiscaliaCol\",\"https:\/\/www.instagram.com\/fiscaliacol\",\"https:\/\/www.linkedin.com\/company\/fiscalia-general-de-la-naci-n\/\",\"https:\/\/youtube.com\/@fiscaliageneraldelanacion-4668?si=6nN79nyQICPU5iTh\"]},{\"@type\":\"Person\",\"@id\":\"https:\/\/www.fiscalia.gov.co\/colombia\/#\/schema\/person\/06aa2210fe4d79203f428ff671dee360\",\"name\":\"Ana Mar\u00eda Gomez\",\"image\":{\"@type\":\"ImageObject\",\"inLanguage\":\"es-CO\",\"@id\":\"https:\/\/www.fiscalia.gov.co\/colombia\/#\/schema\/person\/image\/\",\"url\":\"https:\/\/secure.gravatar.com\/avatar\/a38115d98a7f8a96cbb96af2b2c37a0b?s=96&d=mm&r=g\",\"contentUrl\":\"https:\/\/secure.gravatar.com\/avatar\/a38115d98a7f8a96cbb96af2b2c37a0b?s=96&d=mm&r=g\",\"caption\":\"Ana Mar\u00eda Gomez\"},\"url\":\"https:\/\/www.fiscalia.gov.co\/colombia\/author\/agomez\/\"}]}<\/script>\n<!-- \/ Yoast SEO plugin. -->","yoast_head_json":{"title":"Fiscal\u00eda General de la Naci\u00f3n","description":"P\u00e1gina oficial de la Fiscal\u00eda General de la Naci\u00f3n \u2013 Colombia. Garantizamos el acceso efectivo a la justicia, la verdad y la reparaci\u00f3n de las v\u00edctimas de los delitos.","robots":{"index":"noindex","follow":"follow"},"og_locale":"es_ES","og_type":"article","og_title":"Fiscal\u00eda General de la Naci\u00f3n","og_description":"P\u00e1gina oficial de la Fiscal\u00eda General de la Naci\u00f3n \u2013 Colombia. Garantizamos el acceso efectivo a la justicia, la verdad y la reparaci\u00f3n de las v\u00edctimas de los delitos.","og_url":"https:\/\/www.fiscalia.gov.co\/colombia\/fiscal-general-de-la-nacion\/judicializados-presuntos-responsables-del-incendio-y-saqueo-a-peaje-en-cundinamarca\/","og_site_name":"Fiscal\u00eda General de la Naci\u00f3n","article_publisher":"https:\/\/www.facebook.com\/FiscaliaCol","article_published_time":"2021-05-13T18:01:09+00:00","article_modified_time":"2021-05-13T18:11:42+00:00","author":"Ana Mar\u00eda Gomez","twitter_card":"summary_large_image","twitter_creator":"@FiscaliaCol","twitter_site":"@FiscaliaCol","twitter_misc":{"Escrito por":"Ana Mar\u00eda Gomez","Tiempo de lectura":"4 minutos"},"schema":{"@context":"https:\/\/schema.org","@graph":[{"@type":"Article","@id":"https:\/\/www.fiscalia.gov.co\/colombia\/fiscal-general-de-la-nacion\/judicializados-presuntos-responsables-del-incendio-y-saqueo-a-peaje-en-cundinamarca\/#article","isPartOf":{"@id":"https:\/\/www.fiscalia.gov.co\/colombia\/fiscal-general-de-la-nacion\/judicializados-presuntos-responsables-del-incendio-y-saqueo-a-peaje-en-cundinamarca\/"},"author":{"name":"Ana Mar\u00eda Gomez","@id":"https:\/\/www.fiscalia.gov.co\/colombia\/#\/schema\/person\/06aa2210fe4d79203f428ff671dee360"},"headline":"Judicializados presuntos responsables del incendio y saqueo a peaje en Cundinamarca","datePublished":"2021-05-13T18:01:09+00:00","dateModified":"2021-05-13T18:11:42+00:00","mainEntityOfPage":{"@id":"https:\/\/www.fiscalia.gov.co\/colombia\/fiscal-general-de-la-nacion\/judicializados-presuntos-responsables-del-incendio-y-saqueo-a-peaje-en-cundinamarca\/"},"wordCount":729,"publisher":{"@id":"https:\/\/www.fiscalia.gov.co\/colombia\/#organization"},"keywords":["Fiscal Barbosa","Fiscal\u00eda"],"articleSection":["El Fiscal en los territorios","Fiscal General de la Naci\u00f3n"],"inLanguage":"es-CO"},{"@type":"WebPage","@id":"https:\/\/www.fiscalia.gov.co\/colombia\/fiscal-general-de-la-nacion\/judicializados-presuntos-responsables-del-incendio-y-saqueo-a-peaje-en-cundinamarca\/","url":"https:\/\/www.fiscalia.gov.co\/colombia\/fiscal-general-de-la-nacion\/judicializados-presuntos-responsables-del-incendio-y-saqueo-a-peaje-en-cundinamarca\/","name":"Fiscal\u00eda General de la Naci\u00f3n","isPartOf":{"@id":"https:\/\/www.fiscalia.gov.co\/colombia\/#website"},"datePublished":"2021-05-13T18:01:09+00:00","dateModified":"2021-05-13T18:11:42+00:00","description":"P\u00e1gina oficial de la Fiscal\u00eda General de la Naci\u00f3n \u2013 Colombia. Garantizamos el acceso efectivo a la justicia, la verdad y la reparaci\u00f3n de las v\u00edctimas de los delitos.","breadcrumb":{"@id":"https:\/\/www.fiscalia.gov.co\/colombia\/fiscal-general-de-la-nacion\/judicializados-presuntos-responsables-del-incendio-y-saqueo-a-peaje-en-cundinamarca\/#breadcrumb"},"inLanguage":"es-CO","potentialAction":[{"@type":"ReadAction","target":["https:\/\/www.fiscalia.gov.co\/colombia\/fiscal-general-de-la-nacion\/judicializados-presuntos-responsables-del-incendio-y-saqueo-a-peaje-en-cundinamarca\/"]}]},{"@type":"BreadcrumbList","@id":"https:\/\/www.fiscalia.gov.co\/colombia\/fiscal-general-de-la-nacion\/judicializados-presuntos-responsables-del-incendio-y-saqueo-a-peaje-en-cundinamarca\/#breadcrumb","itemListElement":[{"@type":"ListItem","position":1,"name":"Home","item":"https:\/\/www.fiscalia.gov.co\/colombia\/"},{"@type":"ListItem","position":2,"name":"Judicializados presuntos responsables del incendio y saqueo a peaje en Cundinamarca"}]},{"@type":"WebSite","@id":"https:\/\/www.fiscalia.gov.co\/colombia\/#website","url":"https:\/\/www.fiscalia.gov.co\/colombia\/","name":"Fiscal\u00eda General de la Naci\u00f3n","description":"P\u00e1gina oficial de la Fiscal\u00eda General de la Naci\u00f3n \u2013 Colombia. Garantizamos el acceso efectivo a la justicia, la verdad y la reparaci\u00f3n de las v\u00edctimas de los delitos.","publisher":{"@id":"https:\/\/www.fiscalia.gov.co\/colombia\/#organization"},"potentialAction":[{"@type":"SearchAction","target":{"@type":"EntryPoint","urlTemplate":"https:\/\/www.fiscalia.gov.co\/colombia\/?s={search_term_string}"},"query-input":{"@type":"PropertyValueSpecification","valueRequired":true,"valueName":"search_term_string"}}],"inLanguage":"es-CO"},{"@type":"Organization","@id":"https:\/\/www.fiscalia.gov.co\/colombia\/#organization","name":"Fiscal\u00eda General de la Naci\u00f3n","url":"https:\/\/www.fiscalia.gov.co\/colombia\/","logo":{"@type":"ImageObject","inLanguage":"es-CO","@id":"https:\/\/www.fiscalia.gov.co\/colombia\/#\/schema\/logo\/image\/","url":"https:\/\/www.fiscalia.gov.co\/colombia\/wp-content\/uploads\/LogoHorizontal_1.jpg","contentUrl":"https:\/\/www.fiscalia.gov.co\/colombia\/wp-content\/uploads\/LogoHorizontal_1.jpg","width":300,"height":90,"caption":"Fiscal\u00eda General de la Naci\u00f3n"},"image":{"@id":"https:\/\/www.fiscalia.gov.co\/colombia\/#\/schema\/logo\/image\/"},"sameAs":["https:\/\/www.facebook.com\/FiscaliaCol","https:\/\/x.com\/FiscaliaCol","https:\/\/www.instagram.com\/fiscaliacol","https:\/\/www.linkedin.com\/company\/fiscalia-general-de-la-naci-n\/","https:\/\/youtube.com\/@fiscaliageneraldelanacion-4668?si=6nN79nyQICPU5iTh"]},{"@type":"Person","@id":"https:\/\/www.fiscalia.gov.co\/colombia\/#\/schema\/person\/06aa2210fe4d79203f428ff671dee360","name":"Ana Mar\u00eda Gomez","image":{"@type":"ImageObject","inLanguage":"es-CO","@id":"https:\/\/www.fiscalia.gov.co\/colombia\/#\/schema\/person\/image\/","url":"https:\/\/secure.gravatar.com\/avatar\/a38115d98a7f8a96cbb96af2b2c37a0b?s=96&d=mm&r=g","contentUrl":"https:\/\/secure.gravatar.com\/avatar\/a38115d98a7f8a96cbb96af2b2c37a0b?s=96&d=mm&r=g","caption":"Ana Mar\u00eda Gomez"},"url":"https:\/\/www.fiscalia.gov.co\/colombia\/author\/agomez\/"}]}},"_links":{"self":[{"href":"https:\/\/www.fiscalia.gov.co\/colombia\/wp-json\/wp\/v2\/posts\/219927","targetHints":{"allow":["GET"]}}],"collection":[{"href":"https:\/\/www.fiscalia.gov.co\/colombia\/wp-json\/wp\/v2\/posts"}],"about":[{"href":"https:\/\/www.fiscalia.gov.co\/colombia\/wp-json\/wp\/v2\/types\/post"}],"author":[{"embeddable":true,"href":"https:\/\/www.fiscalia.gov.co\/colombia\/wp-json\/wp\/v2\/users\/171"}],"replies":[{"embeddable":true,"href":"https:\/\/www.fiscalia.gov.co\/colombia\/wp-json\/wp\/v2\/comments?post=219927"}],"version-history":[{"count":2,"href":"https:\/\/www.fiscalia.gov.co\/colombia\/wp-json\/wp\/v2\/posts\/219927\/revisions"}],"predecessor-version":[{"id":219929,"href":"https:\/\/www.fiscalia.gov.co\/colombia\/wp-json\/wp\/v2\/posts\/219927\/revisions\/219929"}],"wp:attachment":[{"href":"https:\/\/www.fiscalia.gov.co\/colombia\/wp-json\/wp\/v2\/media?parent=219927"}],"wp:term":[{"taxonomy":"category","embeddable":true,"href":"https:\/\/www.fiscalia.gov.co\/colombia\/wp-json\/wp\/v2\/categories?post=219927"},{"taxonomy":"post_tag","embeddable":true,"href":"https:\/\/www.fiscalia.gov.co\/colombia\/wp-json\/wp\/v2\/tags?post=219927"}],"curies":[{"name":"wp","href":"https:\/\/api.w.org\/{rel}","templated":true}]}}