{"id":219903,"date":"2021-05-12T18:29:18","date_gmt":"2021-05-12T23:29:18","guid":{"rendered":"https:\/\/www.fiscalia.gov.co\/colombia\/?p=219903"},"modified":"2021-05-12T18:33:57","modified_gmt":"2021-05-12T23:33:57","slug":"fiscal-general-reporta-avances-de-acciones-investigativas-adelantadas-con-ocasion-de-las-jornadas-de-protesta-en-el-pais","status":"publish","type":"post","link":"https:\/\/www.fiscalia.gov.co\/colombia\/fiscal-general-de-la-nacion\/fiscal-general-reporta-avances-de-acciones-investigativas-adelantadas-con-ocasion-de-las-jornadas-de-protesta-en-el-pais\/","title":{"rendered":"Fiscal General reporta avances de acciones investigativas adelantadas con ocasi\u00f3n de las jornadas de protesta en el pa\u00eds"},"content":{"rendered":"<blockquote>\n<ul>\n<li>\n<h4 style=\"text-align: left;\"><strong><i><span lang=\"ES-CO\">Se tiene registro de 14 homicidios relacionados directamente con las manifestaciones y se activ\u00f3 el mecanismo de b\u00fasqueda urgente en 168 casos de personas que fueron reportadas como desaparecidas. \u00a0<\/span><\/i><\/strong><\/h4>\n<\/li>\n<li style=\"text-align: left;\">\n<h4><strong><i><span lang=\"ES-CO\">Por distintos delitos, 152 personas fueron imputadas y a 43 de ellas se les impuso medida de aseguramiento. Adem\u00e1s, se aperturaron 70 noticias criminales por presunto abuso de autoridad.\u00a0<\/span><\/i><\/strong><\/h4>\n<\/li>\n<li>\n<h4 style=\"text-align: left;\"><strong><i><span lang=\"ES-CO\">La Fiscal\u00eda plante\u00f3 el conflicto de jurisdicci\u00f3n en los casos de presunta violaci\u00f3n de los derechos humanos por parte de la fuerza p\u00fablica para garantizar la transparencia en las investigaciones.\u00a0<\/span><\/i><\/strong><\/h4>\n<\/li>\n<\/ul>\n<\/blockquote>\n<p class=\"x_MsoNormal\"><span lang=\"ES-CO\">Durante su intervenci\u00f3n en la Plenaria de la C\u00e1mara de Representantes, en la que se analiz\u00f3 la contingencia por la que atraviesa el pa\u00eds debido al paro nacional, el Fiscal General de la Naci\u00f3n, Francisco Barbosa Delgado, se refiri\u00f3 a la manera c\u00f3mo la entidad ha enfrentado la situaci\u00f3n desde el pasado 28 de abril.\u00a0<\/span><\/p>\n<p class=\"x_MsoNormal\"><span lang=\"ES-CO\">En ese sentido, el jefe del ente acusador revel\u00f3 las acciones contundentes desarrolladas a trav\u00e9s de equipos que trabajan en 7 l\u00edneas de investigaci\u00f3n sobre los diferentes hechos delictivos\u00a0<\/span><span lang=\"ES-CO\">que se han generado durante las manifestaciones.\u00a0<\/span><\/p>\n<p class=\"x_MsoNormal\"><span lang=\"ES-CO\">Al respecto, dio a conocer el balance en los siguientes aspectos:<\/span><span lang=\"ES-CO\">\u00a0<\/span><\/p>\n<ul>\n<li><b><span lang=\"ES-TRAD\">Situaci\u00f3n en Cali\u00a0<\/span><\/b><\/li>\n<\/ul>\n<p class=\"x_MsoNormal\"><span lang=\"ES-CO\">Tras su visita a la ciudad de Cali, donde se reuni\u00f3 con su equipo y el director seccional para hacer seguimiento a la estrategia de esclarecimiento por los diferentes sucesos, el Fiscal manifest\u00f3 que \u201cUno no puede bloquear una ciudad, ni una sociedad. Estuve observando filas de 200, 300 carros para proveerse de gasolina. No hay recolecci\u00f3n de basura, entre el norte y centro, se est\u00e1 quemando la basura en las calles. Tenemos una situaci\u00f3n de zozobra, destruyeron parte de sistema de transporte masivo M\u00edo. La protesta est\u00e1 muy bien, pero lo que no podemos permitir, y debemos rechazar todos los colombianos sin excepci\u00f3n y sin justificaciones, ni dobleces, es la delincuencia detr\u00e1s de todas estas manifestaciones, eso da\u00f1a a una sociedad, eso afecta la constituci\u00f3n institucional de un pa\u00eds\u201d.\u00a0<\/span><span lang=\"ES-CO\">\u00a0<\/span><\/p>\n<ul>\n<li><b><span lang=\"ES-CO\">Homicidios\u00a0<\/span><\/b><span lang=\"ES-CO\">\u00a0<\/span><span lang=\"ES\">Sobre las muertes registradas, conocidas por distintas fuentes, se tiene un balance de 34 casos ocurridos\u00a0<\/span><span lang=\"ES-CO\">entre el 28 de abril y este 11 de mayo.\u00a0<\/span><span lang=\"ES\">A trav\u00e9s de equipos focalizados e interdisciplinarios\u00a0<\/span><span lang=\"ES-CO\">creados en las diferentes seccionales se recopil\u00f3 material probatorio que permite evidenciar que 14 homicidios tienen relaci\u00f3n directa con las manifestaciones, as\u00ed:\u00a0<\/span><span lang=\"ES\">7 en Cali (Valle del Cauca), 1 en Bogot\u00e1, 1 en Soacha, 2 en Madrid (Cundinamarca); 1 en Pereira, 1 en La Virginia (Risaralda); y 1 en Ibagu\u00e9 (Tolima).\u00a0<\/span>\n<p><span lang=\"ES\">\u201cFrente a los homicidios, a los 14 homicidios, debemos decir lo siguiente: tenemos cuatro homicidios esclarecidos, esto es muy importante. En un tiempo muy r\u00e1pido, con todas las dificultades, tres homicidios fueron cometidos por polic\u00edas en el marco de las protestas, y un homicidio que fue cometido contra un capit\u00e1n de la polic\u00eda en la ciudad de Soacha\u201d, indic\u00f3 el Fiscal Barbosa. <\/span><span lang=\"ES\">\u00a0<\/span><\/li>\n<\/ul>\n<p class=\"x_MsoNormal\"><span lang=\"ES-CO\">Por otra parte, 10 de los casos\u00a0<\/span><span lang=\"ES\">est\u00e1n en proceso de verificaci\u00f3n para conocer las circunstancias de los hechos, y\u00a0<\/span><span lang=\"ES-CO\">de\u00a0<\/span><span lang=\"ES\">los 1<\/span><span lang=\"ES-CO\">0<\/span><span lang=\"ES-CO\">\u00a0<\/span><span lang=\"ES\">homicidios restantes<\/span><span lang=\"ES-CO\">, ocurridos en Valle del Cauca, Norte de Santander y Huila, al igual que en las ciudades de Medell\u00edn y Bogot\u00e1, se determin\u00f3 que<\/span><span lang=\"ES\">\u00a0no\u00a0<\/span><span lang=\"ES-CO\">guardan<\/span><span lang=\"ES\">\u00a0relaci\u00f3n directa con las\u00a0<\/span><span lang=\"ES-CO\">protestas. \u00a0<\/span><\/p>\n<ul>\n<li><b><span lang=\"ES-CO\">Desaparecidos\u00a0<\/span><\/b><\/li>\n<\/ul>\n<p class=\"x_MsoNormal\"><span lang=\"ES-CO\">Por medio de la mesa interinstitucional establecida entre la Fiscal\u00eda General de la Naci\u00f3n y la Defensor\u00eda del Pueblo, se conoci\u00f3 que, a la fecha, se ha logrado ubicar a 227 personas que hab\u00edan sido reportadas como desaparecidas, por distintas fuentes.\u00a0<\/span><\/p>\n<p class=\"x_MsoNormal\"><span lang=\"ES-CO\">Asimismo, se activ\u00f3 el Mecanismo de B\u00fasqueda Urgente (MBU) en 168 casos y, por otros 153 hechos la b\u00fasqueda no fue admitida por falta de informaci\u00f3n o inconsistencias en los datos reportados. \u00a0<\/span><\/p>\n<p class=\"x_Default\"><span lang=\"ES\">Seg\u00fan el sistema de informaci\u00f3n de la Fiscal\u00eda SPOA,\u00a0no existen denuncias formales por el delito de desaparici\u00f3n, en el marco de las protestas.<b>\u00a0<\/b>\u00a0<\/span><\/p>\n<ul>\n<li><b><span lang=\"ES-CO\">Investigaciones y judicializaciones\u00a0<\/span><\/b><\/li>\n<\/ul>\n<p class=\"x_MsoNormal\"><span lang=\"ES-CO\">La Fiscal\u00eda tiene 180 denuncias de casos de personas civiles lesionadas, al parecer, por abuso de autoridad. En cuanto a integrantes de la fuerza p\u00fablica que resultaron heridos en los disturbios, se adelantan 547 investigaciones por 612 lesionados.\u00a0<\/span><\/p>\n<p class=\"x_MsoNormal\"><span lang=\"ES-CO\">Con ocasi\u00f3n de las jornadas se tiene registro de 625 personas capturadas, de las cuales 152 fueron imputadas por delitos como: obstrucci\u00f3n de la v\u00eda p\u00fablica, da\u00f1o en bien ajeno, violencia contra servidor p\u00fablico, hurto, asonada y perturbaci\u00f3n en servicio de transporte colectivo u oficial. Tras las respectivas audiencias, jueces de control de garant\u00edas impusieron medida de aseguramiento contra 43 personas. \u00a0<\/span><\/p>\n<ul>\n<li><b><span lang=\"ES-TRAD\">Conflicto de jurisdicci\u00f3n <\/span><\/b><b><span lang=\"ES-CO\">\u00a0<\/span><\/b><\/li>\n<\/ul>\n<p class=\"x_MsoNormal\"><span lang=\"ES-CO\">En lo referente a los homicidios que se les atribuyen a integrantes de la fuerza p\u00fablica, por uno de los cuales fue capturado un uniformado y cuyo caso asumir\u00eda la jurisdicci\u00f3n penal militar, el Fiscal Barbosa fue enf\u00e1tico al afirmar que se respald\u00f3 la decisi\u00f3n de la fiscal que hab\u00eda conocido el caso para continuar con la competencia sobre el mismo, con el fin de garantizar la transparencia en la investigaci\u00f3n.\u00a0<\/span><\/p>\n<p class=\"x_MsoNormal\"><span lang=\"ES-CO\">\u201cLa Fiscal\u00eda plate\u00f3 un conflicto de jurisdicci\u00f3n, porque consideramos que esos casos, cuando se configure claramente esa violaci\u00f3n de derechos humanos, en los casos concretos, son competencia de la Fiscal\u00eda General de la Naci\u00f3n y no voy a permitir que ning\u00fan caso, en donde existan esos an\u00e1lisis y esos requisitos en el marco de la competencia, vayan a la jurisdicci\u00f3n penal militar sino que est\u00e9n en la jurisdicci\u00f3n ordinaria\u201d, puntualiz\u00f3 el Fiscal Francisco Barbosa.\u00a0<\/span><\/p>\n<p class=\"x_MsoNormal\"><span lang=\"ES-CO\">Esta informaci\u00f3n es publicada por razones de inter\u00e9s general. \u00a0<\/span><\/p>\n<p class=\"x_MsoNormal\"><span lang=\"ES-CO\">\u00a0<\/span><b><span lang=\"ES-CO\">La Fiscal\u00eda General de la Naci\u00f3n habla con resultados.\u00a0<\/span><\/b><b><span lang=\"ES-CO\">\u00a0<\/span><\/b><\/p>\n<p class=\"x_MsoNormal\"><span lang=\"ES-CO\">LAGP\/MAGA\/DLBM\/MRC\u00a0<\/span><\/p>\n<p><i>La informaci\u00f3n contenida en este bolet\u00edn de prensa corresponde a la narraci\u00f3n de los hechos noticiosos objetivos, suministrados por los funcionarios encargados de adelantar las investigaciones penales al interior de la Fiscal\u00eda General de la Naci\u00f3n. Para el momento de la divulgaci\u00f3n de este comunicado, la situaci\u00f3n jur\u00eddica de la(s) persona(s) relacionada(s) se encuentra pendiente de resolver por la autoridad judicial competente, siempre bajo los preceptos de la presunci\u00f3n de inocencia, consagrados en el art\u00edculo 29 de la Constituci\u00f3n Pol\u00edtica y el art\u00edculo 7\u00ba de la Ley 906 de 2004.<\/i><\/p>\n<p class=\"x_MsoNormal\"><span lang=\"ES-CO\">\u00a0<\/span><\/p>\n\n<div class=\"twitter-share\"><a href=\"https:\/\/twitter.com\/intent\/tweet?via=fiscaliacol\" class=\"twitter-share-button\">Tweet<\/a><\/div>\n","protected":false},"excerpt":{"rendered":"<p>Se tiene registro de 14 homicidios relacionados directamente con las manifestaciones y se activ\u00f3 el mecanismo de b\u00fasqueda urgente en 168 casos de personas que fueron reportadas como desaparecidas. \u00a0 [&hellip;]<\/p>\n","protected":false},"author":171,"featured_media":0,"comment_status":"closed","ping_status":"open","sticky":false,"template":"","format":"video","meta":{"tdm_status":"","tdm_grid_status":"","footnotes":""},"categories":[24096],"tags":[],"class_list":["post-219903","post","type-post","status-publish","format-video","category-fiscal-general-de-la-nacion","post_format-post-format-video"],"yoast_head":"<!-- This site is optimized with the Yoast SEO plugin v24.3 - https:\/\/yoast.com\/wordpress\/plugins\/seo\/ -->\n<title>Fiscal\u00eda General de la Naci\u00f3n<\/title>\n<meta name=\"description\" content=\"P\u00e1gina oficial de la Fiscal\u00eda General de la Naci\u00f3n \u2013 Colombia. Garantizamos el acceso efectivo a la justicia, la verdad y la reparaci\u00f3n de las v\u00edctimas de los delitos.\" \/>\n<meta name=\"robots\" content=\"noindex, follow\" \/>\n<meta property=\"og:locale\" content=\"es_ES\" \/>\n<meta property=\"og:type\" content=\"article\" \/>\n<meta property=\"og:title\" content=\"Fiscal\u00eda General de la Naci\u00f3n\" \/>\n<meta property=\"og:description\" content=\"P\u00e1gina oficial de la Fiscal\u00eda General de la Naci\u00f3n \u2013 Colombia. Garantizamos el acceso efectivo a la justicia, la verdad y la reparaci\u00f3n de las v\u00edctimas de los delitos.\" \/>\n<meta property=\"og:url\" content=\"https:\/\/www.fiscalia.gov.co\/colombia\/fiscal-general-de-la-nacion\/fiscal-general-reporta-avances-de-acciones-investigativas-adelantadas-con-ocasion-de-las-jornadas-de-protesta-en-el-pais\/\" \/>\n<meta property=\"og:site_name\" content=\"Fiscal\u00eda General de la Naci\u00f3n\" \/>\n<meta property=\"article:publisher\" content=\"https:\/\/www.facebook.com\/FiscaliaCol\" \/>\n<meta property=\"article:published_time\" content=\"2021-05-12T23:29:18+00:00\" \/>\n<meta property=\"article:modified_time\" content=\"2021-05-12T23:33:57+00:00\" \/>\n<meta name=\"author\" content=\"Ana Mar\u00eda Gomez\" \/>\n<meta name=\"twitter:card\" content=\"summary_large_image\" \/>\n<meta name=\"twitter:creator\" content=\"@FiscaliaCol\" \/>\n<meta name=\"twitter:site\" content=\"@FiscaliaCol\" \/>\n<meta name=\"twitter:label1\" content=\"Escrito por\" \/>\n\t<meta name=\"twitter:data1\" content=\"Ana Mar\u00eda Gomez\" \/>\n\t<meta name=\"twitter:label2\" content=\"Tiempo de lectura\" \/>\n\t<meta name=\"twitter:data2\" content=\"5 minutos\" \/>\n<script type=\"application\/ld+json\" class=\"yoast-schema-graph\">{\"@context\":\"https:\/\/schema.org\",\"@graph\":[{\"@type\":\"Article\",\"@id\":\"https:\/\/www.fiscalia.gov.co\/colombia\/fiscal-general-de-la-nacion\/fiscal-general-reporta-avances-de-acciones-investigativas-adelantadas-con-ocasion-de-las-jornadas-de-protesta-en-el-pais\/#article\",\"isPartOf\":{\"@id\":\"https:\/\/www.fiscalia.gov.co\/colombia\/fiscal-general-de-la-nacion\/fiscal-general-reporta-avances-de-acciones-investigativas-adelantadas-con-ocasion-de-las-jornadas-de-protesta-en-el-pais\/\"},\"author\":{\"name\":\"Ana Mar\u00eda Gomez\",\"@id\":\"https:\/\/www.fiscalia.gov.co\/colombia\/#\/schema\/person\/06aa2210fe4d79203f428ff671dee360\"},\"headline\":\"Fiscal General reporta avances de acciones investigativas adelantadas con ocasi\u00f3n de las jornadas de protesta en el pa\u00eds\",\"datePublished\":\"2021-05-12T23:29:18+00:00\",\"dateModified\":\"2021-05-12T23:33:57+00:00\",\"mainEntityOfPage\":{\"@id\":\"https:\/\/www.fiscalia.gov.co\/colombia\/fiscal-general-de-la-nacion\/fiscal-general-reporta-avances-de-acciones-investigativas-adelantadas-con-ocasion-de-las-jornadas-de-protesta-en-el-pais\/\"},\"wordCount\":1062,\"publisher\":{\"@id\":\"https:\/\/www.fiscalia.gov.co\/colombia\/#organization\"},\"articleSection\":[\"Fiscal General de la Naci\u00f3n\"],\"inLanguage\":\"es-CO\"},{\"@type\":\"WebPage\",\"@id\":\"https:\/\/www.fiscalia.gov.co\/colombia\/fiscal-general-de-la-nacion\/fiscal-general-reporta-avances-de-acciones-investigativas-adelantadas-con-ocasion-de-las-jornadas-de-protesta-en-el-pais\/\",\"url\":\"https:\/\/www.fiscalia.gov.co\/colombia\/fiscal-general-de-la-nacion\/fiscal-general-reporta-avances-de-acciones-investigativas-adelantadas-con-ocasion-de-las-jornadas-de-protesta-en-el-pais\/\",\"name\":\"Fiscal\u00eda General de la Naci\u00f3n\",\"isPartOf\":{\"@id\":\"https:\/\/www.fiscalia.gov.co\/colombia\/#website\"},\"datePublished\":\"2021-05-12T23:29:18+00:00\",\"dateModified\":\"2021-05-12T23:33:57+00:00\",\"description\":\"P\u00e1gina oficial de la Fiscal\u00eda General de la Naci\u00f3n \u2013 Colombia. Garantizamos el acceso efectivo a la justicia, la verdad y la reparaci\u00f3n de las v\u00edctimas de los delitos.\",\"breadcrumb\":{\"@id\":\"https:\/\/www.fiscalia.gov.co\/colombia\/fiscal-general-de-la-nacion\/fiscal-general-reporta-avances-de-acciones-investigativas-adelantadas-con-ocasion-de-las-jornadas-de-protesta-en-el-pais\/#breadcrumb\"},\"inLanguage\":\"es-CO\",\"potentialAction\":[{\"@type\":\"ReadAction\",\"target\":[\"https:\/\/www.fiscalia.gov.co\/colombia\/fiscal-general-de-la-nacion\/fiscal-general-reporta-avances-de-acciones-investigativas-adelantadas-con-ocasion-de-las-jornadas-de-protesta-en-el-pais\/\"]}]},{\"@type\":\"BreadcrumbList\",\"@id\":\"https:\/\/www.fiscalia.gov.co\/colombia\/fiscal-general-de-la-nacion\/fiscal-general-reporta-avances-de-acciones-investigativas-adelantadas-con-ocasion-de-las-jornadas-de-protesta-en-el-pais\/#breadcrumb\",\"itemListElement\":[{\"@type\":\"ListItem\",\"position\":1,\"name\":\"Home\",\"item\":\"https:\/\/www.fiscalia.gov.co\/colombia\/\"},{\"@type\":\"ListItem\",\"position\":2,\"name\":\"Fiscal General reporta avances de acciones investigativas adelantadas con ocasi\u00f3n de las jornadas de protesta en el pa\u00eds\"}]},{\"@type\":\"WebSite\",\"@id\":\"https:\/\/www.fiscalia.gov.co\/colombia\/#website\",\"url\":\"https:\/\/www.fiscalia.gov.co\/colombia\/\",\"name\":\"Fiscal\u00eda General de la Naci\u00f3n\",\"description\":\"P\u00e1gina oficial de la Fiscal\u00eda General de la Naci\u00f3n \u2013 Colombia. Garantizamos el acceso efectivo a la justicia, la verdad y la reparaci\u00f3n de las v\u00edctimas de los delitos.\",\"publisher\":{\"@id\":\"https:\/\/www.fiscalia.gov.co\/colombia\/#organization\"},\"potentialAction\":[{\"@type\":\"SearchAction\",\"target\":{\"@type\":\"EntryPoint\",\"urlTemplate\":\"https:\/\/www.fiscalia.gov.co\/colombia\/?s={search_term_string}\"},\"query-input\":{\"@type\":\"PropertyValueSpecification\",\"valueRequired\":true,\"valueName\":\"search_term_string\"}}],\"inLanguage\":\"es-CO\"},{\"@type\":\"Organization\",\"@id\":\"https:\/\/www.fiscalia.gov.co\/colombia\/#organization\",\"name\":\"Fiscal\u00eda General de la Naci\u00f3n\",\"url\":\"https:\/\/www.fiscalia.gov.co\/colombia\/\",\"logo\":{\"@type\":\"ImageObject\",\"inLanguage\":\"es-CO\",\"@id\":\"https:\/\/www.fiscalia.gov.co\/colombia\/#\/schema\/logo\/image\/\",\"url\":\"https:\/\/www.fiscalia.gov.co\/colombia\/wp-content\/uploads\/LogoHorizontal_1.jpg\",\"contentUrl\":\"https:\/\/www.fiscalia.gov.co\/colombia\/wp-content\/uploads\/LogoHorizontal_1.jpg\",\"width\":300,\"height\":90,\"caption\":\"Fiscal\u00eda General de la Naci\u00f3n\"},\"image\":{\"@id\":\"https:\/\/www.fiscalia.gov.co\/colombia\/#\/schema\/logo\/image\/\"},\"sameAs\":[\"https:\/\/www.facebook.com\/FiscaliaCol\",\"https:\/\/x.com\/FiscaliaCol\",\"https:\/\/www.instagram.com\/fiscaliacol\",\"https:\/\/www.linkedin.com\/company\/fiscalia-general-de-la-naci-n\/\",\"https:\/\/youtube.com\/@fiscaliageneraldelanacion-4668?si=6nN79nyQICPU5iTh\"]},{\"@type\":\"Person\",\"@id\":\"https:\/\/www.fiscalia.gov.co\/colombia\/#\/schema\/person\/06aa2210fe4d79203f428ff671dee360\",\"name\":\"Ana Mar\u00eda Gomez\",\"image\":{\"@type\":\"ImageObject\",\"inLanguage\":\"es-CO\",\"@id\":\"https:\/\/www.fiscalia.gov.co\/colombia\/#\/schema\/person\/image\/\",\"url\":\"https:\/\/secure.gravatar.com\/avatar\/a38115d98a7f8a96cbb96af2b2c37a0b?s=96&d=mm&r=g\",\"contentUrl\":\"https:\/\/secure.gravatar.com\/avatar\/a38115d98a7f8a96cbb96af2b2c37a0b?s=96&d=mm&r=g\",\"caption\":\"Ana Mar\u00eda Gomez\"},\"url\":\"https:\/\/www.fiscalia.gov.co\/colombia\/author\/agomez\/\"}]}<\/script>\n<!-- \/ Yoast SEO plugin. -->","yoast_head_json":{"title":"Fiscal\u00eda General de la Naci\u00f3n","description":"P\u00e1gina oficial de la Fiscal\u00eda General de la Naci\u00f3n \u2013 Colombia. Garantizamos el acceso efectivo a la justicia, la verdad y la reparaci\u00f3n de las v\u00edctimas de los delitos.","robots":{"index":"noindex","follow":"follow"},"og_locale":"es_ES","og_type":"article","og_title":"Fiscal\u00eda General de la Naci\u00f3n","og_description":"P\u00e1gina oficial de la Fiscal\u00eda General de la Naci\u00f3n \u2013 Colombia. Garantizamos el acceso efectivo a la justicia, la verdad y la reparaci\u00f3n de las v\u00edctimas de los delitos.","og_url":"https:\/\/www.fiscalia.gov.co\/colombia\/fiscal-general-de-la-nacion\/fiscal-general-reporta-avances-de-acciones-investigativas-adelantadas-con-ocasion-de-las-jornadas-de-protesta-en-el-pais\/","og_site_name":"Fiscal\u00eda General de la Naci\u00f3n","article_publisher":"https:\/\/www.facebook.com\/FiscaliaCol","article_published_time":"2021-05-12T23:29:18+00:00","article_modified_time":"2021-05-12T23:33:57+00:00","author":"Ana Mar\u00eda Gomez","twitter_card":"summary_large_image","twitter_creator":"@FiscaliaCol","twitter_site":"@FiscaliaCol","twitter_misc":{"Escrito por":"Ana Mar\u00eda Gomez","Tiempo de lectura":"5 minutos"},"schema":{"@context":"https:\/\/schema.org","@graph":[{"@type":"Article","@id":"https:\/\/www.fiscalia.gov.co\/colombia\/fiscal-general-de-la-nacion\/fiscal-general-reporta-avances-de-acciones-investigativas-adelantadas-con-ocasion-de-las-jornadas-de-protesta-en-el-pais\/#article","isPartOf":{"@id":"https:\/\/www.fiscalia.gov.co\/colombia\/fiscal-general-de-la-nacion\/fiscal-general-reporta-avances-de-acciones-investigativas-adelantadas-con-ocasion-de-las-jornadas-de-protesta-en-el-pais\/"},"author":{"name":"Ana Mar\u00eda Gomez","@id":"https:\/\/www.fiscalia.gov.co\/colombia\/#\/schema\/person\/06aa2210fe4d79203f428ff671dee360"},"headline":"Fiscal General reporta avances de acciones investigativas adelantadas con ocasi\u00f3n de las jornadas de protesta en el pa\u00eds","datePublished":"2021-05-12T23:29:18+00:00","dateModified":"2021-05-12T23:33:57+00:00","mainEntityOfPage":{"@id":"https:\/\/www.fiscalia.gov.co\/colombia\/fiscal-general-de-la-nacion\/fiscal-general-reporta-avances-de-acciones-investigativas-adelantadas-con-ocasion-de-las-jornadas-de-protesta-en-el-pais\/"},"wordCount":1062,"publisher":{"@id":"https:\/\/www.fiscalia.gov.co\/colombia\/#organization"},"articleSection":["Fiscal General de la Naci\u00f3n"],"inLanguage":"es-CO"},{"@type":"WebPage","@id":"https:\/\/www.fiscalia.gov.co\/colombia\/fiscal-general-de-la-nacion\/fiscal-general-reporta-avances-de-acciones-investigativas-adelantadas-con-ocasion-de-las-jornadas-de-protesta-en-el-pais\/","url":"https:\/\/www.fiscalia.gov.co\/colombia\/fiscal-general-de-la-nacion\/fiscal-general-reporta-avances-de-acciones-investigativas-adelantadas-con-ocasion-de-las-jornadas-de-protesta-en-el-pais\/","name":"Fiscal\u00eda General de la Naci\u00f3n","isPartOf":{"@id":"https:\/\/www.fiscalia.gov.co\/colombia\/#website"},"datePublished":"2021-05-12T23:29:18+00:00","dateModified":"2021-05-12T23:33:57+00:00","description":"P\u00e1gina oficial de la Fiscal\u00eda General de la Naci\u00f3n \u2013 Colombia. Garantizamos el acceso efectivo a la justicia, la verdad y la reparaci\u00f3n de las v\u00edctimas de los delitos.","breadcrumb":{"@id":"https:\/\/www.fiscalia.gov.co\/colombia\/fiscal-general-de-la-nacion\/fiscal-general-reporta-avances-de-acciones-investigativas-adelantadas-con-ocasion-de-las-jornadas-de-protesta-en-el-pais\/#breadcrumb"},"inLanguage":"es-CO","potentialAction":[{"@type":"ReadAction","target":["https:\/\/www.fiscalia.gov.co\/colombia\/fiscal-general-de-la-nacion\/fiscal-general-reporta-avances-de-acciones-investigativas-adelantadas-con-ocasion-de-las-jornadas-de-protesta-en-el-pais\/"]}]},{"@type":"BreadcrumbList","@id":"https:\/\/www.fiscalia.gov.co\/colombia\/fiscal-general-de-la-nacion\/fiscal-general-reporta-avances-de-acciones-investigativas-adelantadas-con-ocasion-de-las-jornadas-de-protesta-en-el-pais\/#breadcrumb","itemListElement":[{"@type":"ListItem","position":1,"name":"Home","item":"https:\/\/www.fiscalia.gov.co\/colombia\/"},{"@type":"ListItem","position":2,"name":"Fiscal General reporta avances de acciones investigativas adelantadas con ocasi\u00f3n de las jornadas de protesta en el pa\u00eds"}]},{"@type":"WebSite","@id":"https:\/\/www.fiscalia.gov.co\/colombia\/#website","url":"https:\/\/www.fiscalia.gov.co\/colombia\/","name":"Fiscal\u00eda General de la Naci\u00f3n","description":"P\u00e1gina oficial de la Fiscal\u00eda General de la Naci\u00f3n \u2013 Colombia. Garantizamos el acceso efectivo a la justicia, la verdad y la reparaci\u00f3n de las v\u00edctimas de los delitos.","publisher":{"@id":"https:\/\/www.fiscalia.gov.co\/colombia\/#organization"},"potentialAction":[{"@type":"SearchAction","target":{"@type":"EntryPoint","urlTemplate":"https:\/\/www.fiscalia.gov.co\/colombia\/?s={search_term_string}"},"query-input":{"@type":"PropertyValueSpecification","valueRequired":true,"valueName":"search_term_string"}}],"inLanguage":"es-CO"},{"@type":"Organization","@id":"https:\/\/www.fiscalia.gov.co\/colombia\/#organization","name":"Fiscal\u00eda General de la Naci\u00f3n","url":"https:\/\/www.fiscalia.gov.co\/colombia\/","logo":{"@type":"ImageObject","inLanguage":"es-CO","@id":"https:\/\/www.fiscalia.gov.co\/colombia\/#\/schema\/logo\/image\/","url":"https:\/\/www.fiscalia.gov.co\/colombia\/wp-content\/uploads\/LogoHorizontal_1.jpg","contentUrl":"https:\/\/www.fiscalia.gov.co\/colombia\/wp-content\/uploads\/LogoHorizontal_1.jpg","width":300,"height":90,"caption":"Fiscal\u00eda General de la Naci\u00f3n"},"image":{"@id":"https:\/\/www.fiscalia.gov.co\/colombia\/#\/schema\/logo\/image\/"},"sameAs":["https:\/\/www.facebook.com\/FiscaliaCol","https:\/\/x.com\/FiscaliaCol","https:\/\/www.instagram.com\/fiscaliacol","https:\/\/www.linkedin.com\/company\/fiscalia-general-de-la-naci-n\/","https:\/\/youtube.com\/@fiscaliageneraldelanacion-4668?si=6nN79nyQICPU5iTh"]},{"@type":"Person","@id":"https:\/\/www.fiscalia.gov.co\/colombia\/#\/schema\/person\/06aa2210fe4d79203f428ff671dee360","name":"Ana Mar\u00eda Gomez","image":{"@type":"ImageObject","inLanguage":"es-CO","@id":"https:\/\/www.fiscalia.gov.co\/colombia\/#\/schema\/person\/image\/","url":"https:\/\/secure.gravatar.com\/avatar\/a38115d98a7f8a96cbb96af2b2c37a0b?s=96&d=mm&r=g","contentUrl":"https:\/\/secure.gravatar.com\/avatar\/a38115d98a7f8a96cbb96af2b2c37a0b?s=96&d=mm&r=g","caption":"Ana Mar\u00eda Gomez"},"url":"https:\/\/www.fiscalia.gov.co\/colombia\/author\/agomez\/"}]}},"_links":{"self":[{"href":"https:\/\/www.fiscalia.gov.co\/colombia\/wp-json\/wp\/v2\/posts\/219903","targetHints":{"allow":["GET"]}}],"collection":[{"href":"https:\/\/www.fiscalia.gov.co\/colombia\/wp-json\/wp\/v2\/posts"}],"about":[{"href":"https:\/\/www.fiscalia.gov.co\/colombia\/wp-json\/wp\/v2\/types\/post"}],"author":[{"embeddable":true,"href":"https:\/\/www.fiscalia.gov.co\/colombia\/wp-json\/wp\/v2\/users\/171"}],"replies":[{"embeddable":true,"href":"https:\/\/www.fiscalia.gov.co\/colombia\/wp-json\/wp\/v2\/comments?post=219903"}],"version-history":[{"count":3,"href":"https:\/\/www.fiscalia.gov.co\/colombia\/wp-json\/wp\/v2\/posts\/219903\/revisions"}],"predecessor-version":[{"id":219907,"href":"https:\/\/www.fiscalia.gov.co\/colombia\/wp-json\/wp\/v2\/posts\/219903\/revisions\/219907"}],"wp:attachment":[{"href":"https:\/\/www.fiscalia.gov.co\/colombia\/wp-json\/wp\/v2\/media?parent=219903"}],"wp:term":[{"taxonomy":"category","embeddable":true,"href":"https:\/\/www.fiscalia.gov.co\/colombia\/wp-json\/wp\/v2\/categories?post=219903"},{"taxonomy":"post_tag","embeddable":true,"href":"https:\/\/www.fiscalia.gov.co\/colombia\/wp-json\/wp\/v2\/tags?post=219903"}],"curies":[{"name":"wp","href":"https:\/\/api.w.org\/{rel}","templated":true}]}}