{"id":219876,"date":"2021-05-12T11:24:29","date_gmt":"2021-05-12T16:24:29","guid":{"rendered":"https:\/\/www.fiscalia.gov.co\/colombia\/?p=219876"},"modified":"2021-05-20T09:49:20","modified_gmt":"2021-05-20T14:49:20","slug":"imputado-alcalde-de-betulia-santander-y-tres-personas-mas-por-irregularidades-en-contratacion","status":"publish","type":"post","link":"https:\/\/www.fiscalia.gov.co\/colombia\/corrupcion\/imputado-alcalde-de-betulia-santander-y-tres-personas-mas-por-irregularidades-en-contratacion\/","title":{"rendered":"Imputado alcalde de Betulia (Santander) y tres personas m\u00e1s por irregularidades en contrataci\u00f3n"},"content":{"rendered":"<p class=\"x_x_MsoNormal\"><span lang=\"ES-CO\">Ante un juez con funci\u00f3n de control de garant\u00edas la\u00a0<b>Fiscal\u00eda<\/b>, le imput\u00f3 cargos a Angel Miro Melo Orostegu\u00ed, mandatario actual del municipio de Betulia (Santander), por hechos que se presentaron en al a\u00f1o 2015, en su primer periodo como alcalde, as\u00ed como a dos funcionarios de su <a href=\"http:\/\/www.fiscalia.gov.co\/colombia\/?s=acto+sexual\" target=\"_blank\" rel=\"noopener noreferrer\">administraci\u00f3n<\/a>\u00a0y otra persona, por presuntas irregularidades en las etapas precontractual, contractual y liquidaci\u00f3n en un contrato entre la Alcald\u00eda y la Corporaci\u00f3n para el Desarrollo Integral Corpoding ONG.<\/span><\/p>\n<p class=\"x_x_MsoNormal\"><span lang=\"ES-CO\">Los procesados son: la exsecretaria de Gobierno, Flor Smith Gonzalez Franco; la exsecretaria de Obras, Russmarit Duarte Mayorga y el contratista, Roberto Uribe M\u00e1rquez, representante legal de Corpoding ONG.<\/span><\/p>\n<p class=\"x_x_MsoNormal\"><span lang=\"ES-CO\">De acuerdo con la investigaci\u00f3n, el 4 de febrero de 2015 se celebr\u00f3 el contrato de obra p\u00fablica, cuyo objeto era el mantenimiento de la Casa de La Laguna, del municipio en menci\u00f3n, por un valor de $57&#8217;809.462 en un plazo de tres meses.<\/span><\/p>\n<p class=\"x_x_MsoNormal\"><span lang=\"ES-CO\">Se pudo establecer que se habr\u00eda presentado una apropiaci\u00f3n de recursos de naturaleza p\u00fablica, por un valor aproximado a los $16&#8217;000.000. Adem\u00e1s, que al parecer Corpoding ONG no cumpl\u00eda con los requisitos de experiencia exigidos en los pliegos de condiciones definitivos, entre otros.<\/span><\/p>\n<p class=\"x_x_MsoNormal\"><span lang=\"ES-CO\">Es de aclarar que el 10 de marzo de 2015 se present\u00f3 en Colombia un sismo fuerte, el cual caus\u00f3 graves da\u00f1os a la Casa de La Laguna, por lo que toc\u00f3 demolerla de acuerdo al concepto t\u00e9cnico de la\u00a0<b>Unidad Nacional de Gesti\u00f3n del Riesgo.<\/b><\/span><span lang=\"ES-CO\">\u00a0<\/span><\/p>\n<p class=\"x_x_MsoNormal\"><span lang=\"ES-CO\">Durante las audiencias concentradas Melo Orostegui fue imputado por los delitos de contrato sin cumplimiento de requisitos legales, peculado por apropiaci\u00f3n a favor de terceros, y falsedad ideol\u00f3gica en documento p\u00fablico.<\/span><\/p>\n<p class=\"x_x_MsoNormal\"><span lang=\"ES-CO\">Mientras que la exsecretaria de Gobierno deber\u00e1 responder por los delitos de contrato sin cumplimiento de requisitos legales esenciales, y falsedad ideol\u00f3gica en documento p\u00fablico. Por su parte, la exsecretaria de Obras fue imputada por los delitos de contrato sin cumplimiento de requisitos legales esenciales, peculado por apropiaci\u00f3n a favor de terceros y falsedad ideol\u00f3gica en documento p\u00fablico.<\/span><\/p>\n<p class=\"x_x_MsoNormal\"><span lang=\"ES-CO\">El representante legal de Corpoding ONG se le endilg\u00f3 los delitos de contrato sin cumplimiento de requisitos legales, falsedad ideol\u00f3gica en documento p\u00fablico, falsedad ideol\u00f3gica y documento privado y peculado por apropiaci\u00f3n.<\/span><\/p>\n<p class=\"x_x_MsoNormal\"><span lang=\"ES-CO\">El ente acusador peticionar\u00e1 mediada de aseguramiento de detenci\u00f3n preventiva en establecimiento de reclusi\u00f3n, para el alcalde, la cual se sustentar\u00e1 en audiencia programada para el jueves 13 de mayo a las 9 de la ma\u00f1ana.<\/span><\/p>\n<p class=\"x_x_MsoNormal\"><span lang=\"ES-CO\">La Fiscal\u00eda hace p\u00fablica la informaci\u00f3n por considerarlo de inter\u00e9s general.<\/span><\/p>\n<p class=\"x_x_MsoNormal\"><span lang=\"ES-CO\">DRAO\/MG\/OR<br \/>\n<\/span><\/p>\n<p class=\"x_x_MsoNormal\"><span lang=\"ES-CO\"><i>La informaci\u00f3n contenida en este bolet\u00edn de prensa corresponde a la narraci\u00f3n de los hechos noticiosos objetivos, suministrados por los funcionarios encargados de adelantar las investigaciones penales al interior de la Fiscal\u00eda General de la Naci\u00f3n. Para el momento de la divulgaci\u00f3n de este comunicado, la situaci\u00f3n jur\u00eddica de la(s) persona(s) relacionada(s) se encuentra pendiente de resolver por la autoridad judicial competente, siempre bajo los preceptos de la presunci\u00f3n de inocencia, consagrados en el art\u00edculo 29 de la Constituci\u00f3n Pol\u00edtica y el art\u00edculo 7\u00ba de la Ley 906 de 200<\/i>4.<\/span><\/p>\n<p class=\"x_x_MsoNormal\"><span lang=\"ES-CO\"><a href=\"http:\/\/www.fiscalia.gov.co\/colombia\/?s=acto+sexual\" target=\"_blank\" rel=\"noopener noreferrer\">B\u00fasqueda relacionada<\/a><\/span><\/p>\n\n<div class=\"twitter-share\"><a href=\"https:\/\/twitter.com\/intent\/tweet?via=fiscaliacol\" class=\"twitter-share-button\">Tweet<\/a><\/div>\n","protected":false},"excerpt":{"rendered":"<p>Ante un juez con funci\u00f3n de control de garant\u00edas la\u00a0Fiscal\u00eda, le imput\u00f3 cargos a Angel Miro Melo Orostegu\u00ed, mandatario actual del municipio de Betulia (Santander), por hechos que se presentaron en al a\u00f1o 2015, en su primer periodo como alcalde, as\u00ed como a dos funcionarios de su administraci\u00f3n\u00a0y otra persona, por presuntas irregularidades en las [&hellip;]<\/p>\n","protected":false},"author":171,"featured_media":0,"comment_status":"closed","ping_status":"open","sticky":false,"template":"","format":"video","meta":{"_price":"","_stock":"","_tribe_ticket_header":"","_tribe_default_ticket_provider":"","_tribe_ticket_capacity":"0","_ticket_start_date":"","_ticket_end_date":"","_tribe_ticket_show_description":"","_tribe_ticket_show_not_going":false,"_tribe_ticket_use_global_stock":"","_tribe_ticket_global_stock_level":"","_global_stock_mode":"","_global_stock_cap":"","_tribe_rsvp_for_event":"","_tribe_ticket_going_count":"","_tribe_ticket_not_going_count":"","_tribe_tickets_list":"[]","_tribe_ticket_has_attendee_info_fields":false,"tdm_status":"","tdm_grid_status":"","footnotes":""},"categories":[24097,322,303],"tags":[26952,427,1561],"class_list":{"0":"post-219876","1":"post","2":"type-post","3":"status-publish","4":"format-video","6":"category-corrupcion","7":"category-seccional-bucaramanga","8":"category-seccionales","9":"tag-betulia","10":"tag-corrupcion","11":"tag-santander","12":"post_format-post-format-video"},"yoast_head":"<!-- This site is optimized with the Yoast SEO plugin v24.3 - https:\/\/yoast.com\/wordpress\/plugins\/seo\/ -->\n<title>Fiscal\u00eda General de la Naci\u00f3n<\/title>\n<meta name=\"description\" content=\"P\u00e1gina oficial de la Fiscal\u00eda General de la Naci\u00f3n \u2013 Colombia. Garantizamos el acceso efectivo a la justicia, la verdad y la reparaci\u00f3n de las v\u00edctimas de los delitos.\" \/>\n<meta name=\"robots\" content=\"noindex, follow\" \/>\n<meta property=\"og:locale\" content=\"es_ES\" \/>\n<meta property=\"og:type\" content=\"article\" \/>\n<meta property=\"og:title\" content=\"Fiscal\u00eda General de la Naci\u00f3n\" \/>\n<meta property=\"og:description\" content=\"P\u00e1gina oficial de la Fiscal\u00eda General de la Naci\u00f3n \u2013 Colombia. Garantizamos el acceso efectivo a la justicia, la verdad y la reparaci\u00f3n de las v\u00edctimas de los delitos.\" \/>\n<meta property=\"og:url\" content=\"https:\/\/www.fiscalia.gov.co\/colombia\/corrupcion\/imputado-alcalde-de-betulia-santander-y-tres-personas-mas-por-irregularidades-en-contratacion\/\" \/>\n<meta property=\"og:site_name\" content=\"Fiscal\u00eda General de la Naci\u00f3n\" \/>\n<meta property=\"article:publisher\" content=\"https:\/\/www.facebook.com\/FiscaliaCol\" \/>\n<meta property=\"article:published_time\" content=\"2021-05-12T16:24:29+00:00\" \/>\n<meta property=\"article:modified_time\" content=\"2021-05-20T14:49:20+00:00\" \/>\n<meta name=\"author\" content=\"Ana Mar\u00eda Gomez\" \/>\n<meta name=\"twitter:card\" content=\"summary_large_image\" \/>\n<meta name=\"twitter:creator\" content=\"@FiscaliaCol\" \/>\n<meta name=\"twitter:site\" content=\"@FiscaliaCol\" \/>\n<meta name=\"twitter:label1\" content=\"Escrito por\" \/>\n\t<meta name=\"twitter:data1\" content=\"Ana Mar\u00eda Gomez\" \/>\n\t<meta name=\"twitter:label2\" content=\"Tiempo de lectura\" \/>\n\t<meta name=\"twitter:data2\" content=\"3 minutos\" \/>\n<script type=\"application\/ld+json\" class=\"yoast-schema-graph\">{\"@context\":\"https:\/\/schema.org\",\"@graph\":[{\"@type\":\"Article\",\"@id\":\"https:\/\/www.fiscalia.gov.co\/colombia\/corrupcion\/imputado-alcalde-de-betulia-santander-y-tres-personas-mas-por-irregularidades-en-contratacion\/#article\",\"isPartOf\":{\"@id\":\"https:\/\/www.fiscalia.gov.co\/colombia\/corrupcion\/imputado-alcalde-de-betulia-santander-y-tres-personas-mas-por-irregularidades-en-contratacion\/\"},\"author\":{\"name\":\"Ana Mar\u00eda Gomez\",\"@id\":\"https:\/\/www.fiscalia.gov.co\/colombia\/#\/schema\/person\/06aa2210fe4d79203f428ff671dee360\"},\"headline\":\"Imputado alcalde de Betulia (Santander) y tres personas m\u00e1s por irregularidades en contrataci\u00f3n\",\"datePublished\":\"2021-05-12T16:24:29+00:00\",\"dateModified\":\"2021-05-20T14:49:20+00:00\",\"mainEntityOfPage\":{\"@id\":\"https:\/\/www.fiscalia.gov.co\/colombia\/corrupcion\/imputado-alcalde-de-betulia-santander-y-tres-personas-mas-por-irregularidades-en-contratacion\/\"},\"wordCount\":562,\"publisher\":{\"@id\":\"https:\/\/www.fiscalia.gov.co\/colombia\/#organization\"},\"keywords\":[\"Betulia\",\"Corrupci\u00f3n\",\"Santander\"],\"articleSection\":[\"Corrupci\u00f3n\",\"Seccional Bucaramanga\",\"Seccionales\"],\"inLanguage\":\"es-CO\"},{\"@type\":\"WebPage\",\"@id\":\"https:\/\/www.fiscalia.gov.co\/colombia\/corrupcion\/imputado-alcalde-de-betulia-santander-y-tres-personas-mas-por-irregularidades-en-contratacion\/\",\"url\":\"https:\/\/www.fiscalia.gov.co\/colombia\/corrupcion\/imputado-alcalde-de-betulia-santander-y-tres-personas-mas-por-irregularidades-en-contratacion\/\",\"name\":\"Fiscal\u00eda General de la Naci\u00f3n\",\"isPartOf\":{\"@id\":\"https:\/\/www.fiscalia.gov.co\/colombia\/#website\"},\"datePublished\":\"2021-05-12T16:24:29+00:00\",\"dateModified\":\"2021-05-20T14:49:20+00:00\",\"description\":\"P\u00e1gina oficial de la Fiscal\u00eda General de la Naci\u00f3n \u2013 Colombia. Garantizamos el acceso efectivo a la justicia, la verdad y la reparaci\u00f3n de las v\u00edctimas de los delitos.\",\"breadcrumb\":{\"@id\":\"https:\/\/www.fiscalia.gov.co\/colombia\/corrupcion\/imputado-alcalde-de-betulia-santander-y-tres-personas-mas-por-irregularidades-en-contratacion\/#breadcrumb\"},\"inLanguage\":\"es-CO\",\"potentialAction\":[{\"@type\":\"ReadAction\",\"target\":[\"https:\/\/www.fiscalia.gov.co\/colombia\/corrupcion\/imputado-alcalde-de-betulia-santander-y-tres-personas-mas-por-irregularidades-en-contratacion\/\"]}]},{\"@type\":\"BreadcrumbList\",\"@id\":\"https:\/\/www.fiscalia.gov.co\/colombia\/corrupcion\/imputado-alcalde-de-betulia-santander-y-tres-personas-mas-por-irregularidades-en-contratacion\/#breadcrumb\",\"itemListElement\":[{\"@type\":\"ListItem\",\"position\":1,\"name\":\"Home\",\"item\":\"https:\/\/www.fiscalia.gov.co\/colombia\/\"},{\"@type\":\"ListItem\",\"position\":2,\"name\":\"Imputado alcalde de Betulia (Santander) y tres personas m\u00e1s por irregularidades en contrataci\u00f3n\"}]},{\"@type\":\"WebSite\",\"@id\":\"https:\/\/www.fiscalia.gov.co\/colombia\/#website\",\"url\":\"https:\/\/www.fiscalia.gov.co\/colombia\/\",\"name\":\"Fiscal\u00eda General de la Naci\u00f3n\",\"description\":\"P\u00e1gina oficial de la Fiscal\u00eda General de la Naci\u00f3n \u2013 Colombia. Garantizamos el acceso efectivo a la justicia, la verdad y la reparaci\u00f3n de las v\u00edctimas de los delitos.\",\"publisher\":{\"@id\":\"https:\/\/www.fiscalia.gov.co\/colombia\/#organization\"},\"potentialAction\":[{\"@type\":\"SearchAction\",\"target\":{\"@type\":\"EntryPoint\",\"urlTemplate\":\"https:\/\/www.fiscalia.gov.co\/colombia\/?s={search_term_string}\"},\"query-input\":{\"@type\":\"PropertyValueSpecification\",\"valueRequired\":true,\"valueName\":\"search_term_string\"}}],\"inLanguage\":\"es-CO\"},{\"@type\":\"Organization\",\"@id\":\"https:\/\/www.fiscalia.gov.co\/colombia\/#organization\",\"name\":\"Fiscal\u00eda General de la Naci\u00f3n\",\"url\":\"https:\/\/www.fiscalia.gov.co\/colombia\/\",\"logo\":{\"@type\":\"ImageObject\",\"inLanguage\":\"es-CO\",\"@id\":\"https:\/\/www.fiscalia.gov.co\/colombia\/#\/schema\/logo\/image\/\",\"url\":\"https:\/\/www.fiscalia.gov.co\/colombia\/wp-content\/uploads\/LogoHorizontal_1.jpg\",\"contentUrl\":\"https:\/\/www.fiscalia.gov.co\/colombia\/wp-content\/uploads\/LogoHorizontal_1.jpg\",\"width\":300,\"height\":90,\"caption\":\"Fiscal\u00eda General de la Naci\u00f3n\"},\"image\":{\"@id\":\"https:\/\/www.fiscalia.gov.co\/colombia\/#\/schema\/logo\/image\/\"},\"sameAs\":[\"https:\/\/www.facebook.com\/FiscaliaCol\",\"https:\/\/x.com\/FiscaliaCol\",\"https:\/\/www.instagram.com\/fiscaliacol\",\"https:\/\/www.linkedin.com\/company\/fiscalia-general-de-la-naci-n\/\",\"https:\/\/youtube.com\/@fiscaliageneraldelanacion-4668?si=6nN79nyQICPU5iTh\"]},{\"@type\":\"Person\",\"@id\":\"https:\/\/www.fiscalia.gov.co\/colombia\/#\/schema\/person\/06aa2210fe4d79203f428ff671dee360\",\"name\":\"Ana Mar\u00eda Gomez\",\"image\":{\"@type\":\"ImageObject\",\"inLanguage\":\"es-CO\",\"@id\":\"https:\/\/www.fiscalia.gov.co\/colombia\/#\/schema\/person\/image\/\",\"url\":\"https:\/\/secure.gravatar.com\/avatar\/a38115d98a7f8a96cbb96af2b2c37a0b?s=96&d=mm&r=g\",\"contentUrl\":\"https:\/\/secure.gravatar.com\/avatar\/a38115d98a7f8a96cbb96af2b2c37a0b?s=96&d=mm&r=g\",\"caption\":\"Ana Mar\u00eda Gomez\"},\"url\":\"https:\/\/www.fiscalia.gov.co\/colombia\/author\/agomez\/\"}]}<\/script>\n<!-- \/ Yoast SEO plugin. -->","yoast_head_json":{"title":"Fiscal\u00eda General de la Naci\u00f3n","description":"P\u00e1gina oficial de la Fiscal\u00eda General de la Naci\u00f3n \u2013 Colombia. Garantizamos el acceso efectivo a la justicia, la verdad y la reparaci\u00f3n de las v\u00edctimas de los delitos.","robots":{"index":"noindex","follow":"follow"},"og_locale":"es_ES","og_type":"article","og_title":"Fiscal\u00eda General de la Naci\u00f3n","og_description":"P\u00e1gina oficial de la Fiscal\u00eda General de la Naci\u00f3n \u2013 Colombia. Garantizamos el acceso efectivo a la justicia, la verdad y la reparaci\u00f3n de las v\u00edctimas de los delitos.","og_url":"https:\/\/www.fiscalia.gov.co\/colombia\/corrupcion\/imputado-alcalde-de-betulia-santander-y-tres-personas-mas-por-irregularidades-en-contratacion\/","og_site_name":"Fiscal\u00eda General de la Naci\u00f3n","article_publisher":"https:\/\/www.facebook.com\/FiscaliaCol","article_published_time":"2021-05-12T16:24:29+00:00","article_modified_time":"2021-05-20T14:49:20+00:00","author":"Ana Mar\u00eda Gomez","twitter_card":"summary_large_image","twitter_creator":"@FiscaliaCol","twitter_site":"@FiscaliaCol","twitter_misc":{"Escrito por":"Ana Mar\u00eda Gomez","Tiempo de lectura":"3 minutos"},"schema":{"@context":"https:\/\/schema.org","@graph":[{"@type":"Article","@id":"https:\/\/www.fiscalia.gov.co\/colombia\/corrupcion\/imputado-alcalde-de-betulia-santander-y-tres-personas-mas-por-irregularidades-en-contratacion\/#article","isPartOf":{"@id":"https:\/\/www.fiscalia.gov.co\/colombia\/corrupcion\/imputado-alcalde-de-betulia-santander-y-tres-personas-mas-por-irregularidades-en-contratacion\/"},"author":{"name":"Ana Mar\u00eda Gomez","@id":"https:\/\/www.fiscalia.gov.co\/colombia\/#\/schema\/person\/06aa2210fe4d79203f428ff671dee360"},"headline":"Imputado alcalde de Betulia (Santander) y tres personas m\u00e1s por irregularidades en contrataci\u00f3n","datePublished":"2021-05-12T16:24:29+00:00","dateModified":"2021-05-20T14:49:20+00:00","mainEntityOfPage":{"@id":"https:\/\/www.fiscalia.gov.co\/colombia\/corrupcion\/imputado-alcalde-de-betulia-santander-y-tres-personas-mas-por-irregularidades-en-contratacion\/"},"wordCount":562,"publisher":{"@id":"https:\/\/www.fiscalia.gov.co\/colombia\/#organization"},"keywords":["Betulia","Corrupci\u00f3n","Santander"],"articleSection":["Corrupci\u00f3n","Seccional Bucaramanga","Seccionales"],"inLanguage":"es-CO"},{"@type":"WebPage","@id":"https:\/\/www.fiscalia.gov.co\/colombia\/corrupcion\/imputado-alcalde-de-betulia-santander-y-tres-personas-mas-por-irregularidades-en-contratacion\/","url":"https:\/\/www.fiscalia.gov.co\/colombia\/corrupcion\/imputado-alcalde-de-betulia-santander-y-tres-personas-mas-por-irregularidades-en-contratacion\/","name":"Fiscal\u00eda General de la Naci\u00f3n","isPartOf":{"@id":"https:\/\/www.fiscalia.gov.co\/colombia\/#website"},"datePublished":"2021-05-12T16:24:29+00:00","dateModified":"2021-05-20T14:49:20+00:00","description":"P\u00e1gina oficial de la Fiscal\u00eda General de la Naci\u00f3n \u2013 Colombia. Garantizamos el acceso efectivo a la justicia, la verdad y la reparaci\u00f3n de las v\u00edctimas de los delitos.","breadcrumb":{"@id":"https:\/\/www.fiscalia.gov.co\/colombia\/corrupcion\/imputado-alcalde-de-betulia-santander-y-tres-personas-mas-por-irregularidades-en-contratacion\/#breadcrumb"},"inLanguage":"es-CO","potentialAction":[{"@type":"ReadAction","target":["https:\/\/www.fiscalia.gov.co\/colombia\/corrupcion\/imputado-alcalde-de-betulia-santander-y-tres-personas-mas-por-irregularidades-en-contratacion\/"]}]},{"@type":"BreadcrumbList","@id":"https:\/\/www.fiscalia.gov.co\/colombia\/corrupcion\/imputado-alcalde-de-betulia-santander-y-tres-personas-mas-por-irregularidades-en-contratacion\/#breadcrumb","itemListElement":[{"@type":"ListItem","position":1,"name":"Home","item":"https:\/\/www.fiscalia.gov.co\/colombia\/"},{"@type":"ListItem","position":2,"name":"Imputado alcalde de Betulia (Santander) y tres personas m\u00e1s por irregularidades en contrataci\u00f3n"}]},{"@type":"WebSite","@id":"https:\/\/www.fiscalia.gov.co\/colombia\/#website","url":"https:\/\/www.fiscalia.gov.co\/colombia\/","name":"Fiscal\u00eda General de la Naci\u00f3n","description":"P\u00e1gina oficial de la Fiscal\u00eda General de la Naci\u00f3n \u2013 Colombia. Garantizamos el acceso efectivo a la justicia, la verdad y la reparaci\u00f3n de las v\u00edctimas de los delitos.","publisher":{"@id":"https:\/\/www.fiscalia.gov.co\/colombia\/#organization"},"potentialAction":[{"@type":"SearchAction","target":{"@type":"EntryPoint","urlTemplate":"https:\/\/www.fiscalia.gov.co\/colombia\/?s={search_term_string}"},"query-input":{"@type":"PropertyValueSpecification","valueRequired":true,"valueName":"search_term_string"}}],"inLanguage":"es-CO"},{"@type":"Organization","@id":"https:\/\/www.fiscalia.gov.co\/colombia\/#organization","name":"Fiscal\u00eda General de la Naci\u00f3n","url":"https:\/\/www.fiscalia.gov.co\/colombia\/","logo":{"@type":"ImageObject","inLanguage":"es-CO","@id":"https:\/\/www.fiscalia.gov.co\/colombia\/#\/schema\/logo\/image\/","url":"https:\/\/www.fiscalia.gov.co\/colombia\/wp-content\/uploads\/LogoHorizontal_1.jpg","contentUrl":"https:\/\/www.fiscalia.gov.co\/colombia\/wp-content\/uploads\/LogoHorizontal_1.jpg","width":300,"height":90,"caption":"Fiscal\u00eda General de la Naci\u00f3n"},"image":{"@id":"https:\/\/www.fiscalia.gov.co\/colombia\/#\/schema\/logo\/image\/"},"sameAs":["https:\/\/www.facebook.com\/FiscaliaCol","https:\/\/x.com\/FiscaliaCol","https:\/\/www.instagram.com\/fiscaliacol","https:\/\/www.linkedin.com\/company\/fiscalia-general-de-la-naci-n\/","https:\/\/youtube.com\/@fiscaliageneraldelanacion-4668?si=6nN79nyQICPU5iTh"]},{"@type":"Person","@id":"https:\/\/www.fiscalia.gov.co\/colombia\/#\/schema\/person\/06aa2210fe4d79203f428ff671dee360","name":"Ana Mar\u00eda Gomez","image":{"@type":"ImageObject","inLanguage":"es-CO","@id":"https:\/\/www.fiscalia.gov.co\/colombia\/#\/schema\/person\/image\/","url":"https:\/\/secure.gravatar.com\/avatar\/a38115d98a7f8a96cbb96af2b2c37a0b?s=96&d=mm&r=g","contentUrl":"https:\/\/secure.gravatar.com\/avatar\/a38115d98a7f8a96cbb96af2b2c37a0b?s=96&d=mm&r=g","caption":"Ana Mar\u00eda Gomez"},"url":"https:\/\/www.fiscalia.gov.co\/colombia\/author\/agomez\/"}]}},"_links":{"self":[{"href":"https:\/\/www.fiscalia.gov.co\/colombia\/wp-json\/wp\/v2\/posts\/219876","targetHints":{"allow":["GET"]}}],"collection":[{"href":"https:\/\/www.fiscalia.gov.co\/colombia\/wp-json\/wp\/v2\/posts"}],"about":[{"href":"https:\/\/www.fiscalia.gov.co\/colombia\/wp-json\/wp\/v2\/types\/post"}],"author":[{"embeddable":true,"href":"https:\/\/www.fiscalia.gov.co\/colombia\/wp-json\/wp\/v2\/users\/171"}],"replies":[{"embeddable":true,"href":"https:\/\/www.fiscalia.gov.co\/colombia\/wp-json\/wp\/v2\/comments?post=219876"}],"version-history":[{"count":3,"href":"https:\/\/www.fiscalia.gov.co\/colombia\/wp-json\/wp\/v2\/posts\/219876\/revisions"}],"predecessor-version":[{"id":219879,"href":"https:\/\/www.fiscalia.gov.co\/colombia\/wp-json\/wp\/v2\/posts\/219876\/revisions\/219879"}],"wp:attachment":[{"href":"https:\/\/www.fiscalia.gov.co\/colombia\/wp-json\/wp\/v2\/media?parent=219876"}],"wp:term":[{"taxonomy":"category","embeddable":true,"href":"https:\/\/www.fiscalia.gov.co\/colombia\/wp-json\/wp\/v2\/categories?post=219876"},{"taxonomy":"post_tag","embeddable":true,"href":"https:\/\/www.fiscalia.gov.co\/colombia\/wp-json\/wp\/v2\/tags?post=219876"}],"curies":[{"name":"wp","href":"https:\/\/api.w.org\/{rel}","templated":true}]}}