{"id":219728,"date":"2021-05-10T16:00:31","date_gmt":"2021-05-10T21:00:31","guid":{"rendered":"https:\/\/www.fiscalia.gov.co\/colombia\/?p=219728"},"modified":"2021-05-10T16:01:00","modified_gmt":"2021-05-10T21:01:00","slug":"a-la-carcel-presunto-responsable-de-transportar-32-paquetes-de-marihuana-en-carreteras-de-la-guajira","status":"publish","type":"post","link":"https:\/\/www.fiscalia.gov.co\/colombia\/trafico-de-estupefacientes\/a-la-carcel-presunto-responsable-de-transportar-32-paquetes-de-marihuana-en-carreteras-de-la-guajira\/","title":{"rendered":"A la c\u00e1rcel presunto responsable de transportar 32 paquetes de marihuana en carreteras de La Guajira"},"content":{"rendered":"<p>Ante el Juzgado Primero Penal Municipal con Funciones de\u00a0\u00a0 Control de garant\u00edas de Riohacha (Guajira),\u00a0<strong>la Fiscal\u00eda General de la Naci\u00f3n imput\u00f3 cargos en contra de Andis Alberto Bula Fl\u00f3rez, presunto responsable de los delitos de<\/strong>\u00a0<a href=\"https:\/\/www.fiscalia.gov.co\/colombia\/trafico-de-estupefacientes\/capturados-por-presunta-venta-de-estupefacientes-en-leticia-amazonas\/\">tr\u00e1fico, fabricaci\u00f3n o porte de estupefacientes.<\/a><\/p>\n<figure id=\"attachment_219730\" aria-describedby=\"caption-attachment-219730\" style=\"width: 712px\" class=\"wp-caption alignleft\"><img loading=\"lazy\" decoding=\"async\" class=\"size-full wp-image-219730\" src=\"https:\/\/www.fiscalia.gov.co\/colombia\/wp-content\/uploads\/32-paquetes-de-marihuana-decomisados.jpg\" alt=\"\" width=\"712\" height=\"433\" srcset=\"https:\/\/www.fiscalia.gov.co\/colombia\/wp-content\/uploads\/32-paquetes-de-marihuana-decomisados.jpg 712w, https:\/\/www.fiscalia.gov.co\/colombia\/wp-content\/uploads\/32-paquetes-de-marihuana-decomisados-300x182.jpg 300w, https:\/\/www.fiscalia.gov.co\/colombia\/wp-content\/uploads\/32-paquetes-de-marihuana-decomisados-696x423.jpg 696w, https:\/\/www.fiscalia.gov.co\/colombia\/wp-content\/uploads\/32-paquetes-de-marihuana-decomisados-691x420.jpg 691w\" sizes=\"auto, (max-width: 712px) 100vw, 712px\" \/><figcaption id=\"caption-attachment-219730\" class=\"wp-caption-text\">32 paquetes de marihuana decomisados.<\/figcaption><\/figure>\n<p><strong>Bula Fl\u00f3rez fue capturado el pasado 6 de mayo cuando uniformados\u00a0 de la Polic\u00eda Fiscal y Aduanera<\/strong>, apoyados por\u00a0 personal\u00a0 del Ej\u00e9rcito, \u00a0\u00a0adelantaban requisas\u00a0 en un puesto de control ubicado en el sector conocido como el Ebanal, v\u00eda Palomino \u2013 Riohacha.<\/p>\n<p><strong>Los uniformados al solicitar el registro\u00a0 de un veh\u00edculo encontraron en el maletero dos cajas con logos\u00a0 de gatos hidr\u00e1ulicos, y en una de ellas\u00a0 se percatan de un fuerte olor.<\/strong><\/p>\n<p><strong>En la b\u00fasqueda fueron encontrados 32 paquetes con envoltorios metalizados en cuyo interior hab\u00eda una sustancia tipo vegetal color verde con caracter\u00edsticas similares\u00a0 a la marihuana.<\/strong><\/p>\n<p>Al hoy imputado, quien se allan\u00f3 a\u00a0 los cargos, el Juez le impuso medida de aseguramiento privativa\u00a0 de la libertad\u00a0 en\u00a0 establecimiento de reclusi\u00f3n.<\/p>\n<p>Seg\u00fan las\u00a0 autoridades, la sustancia decomisada \u00a0estar\u00eda \u00a0avaluada\u00a0 en 160 millones de pesos y, al parecer, tendr\u00eda como destino el municipio de Maicao (Guajira).<\/p>\n<p>La Fiscal\u00eda General de la Naci\u00f3n habla con resultados.<\/p>\n<p>EDH\/MAGA\/DFHI<\/p>\n<p><em>La informaci\u00f3n contenida en este bolet\u00edn de prensa corresponde a la narraci\u00f3n de los hechos noticiosos objetivos, suministrados por los funcionarios encargados de adelantar las investigaciones penales al interior de la Fiscal\u00eda General de la Naci\u00f3n. Para el momento de la divulgaci\u00f3n de este comunicado, la situaci\u00f3n jur\u00eddica de la(s) persona(s) relacionada(s) se encuentra pendiente de resolver por la autoridad judicial competente, siempre bajo los preceptos de la presunci\u00f3n de inocencia, consagrados en el art\u00edculo 29 de la Constituci\u00f3n Pol\u00edtica y el art\u00edculo 7\u00ba de la Ley 906 de 2004.<\/em><\/p>\n<p>&nbsp;<\/p>\n\n<div class=\"twitter-share\"><a href=\"https:\/\/twitter.com\/intent\/tweet?via=fiscaliacol\" class=\"twitter-share-button\">Tweet<\/a><\/div>\n","protected":false},"excerpt":{"rendered":"<p>Ante el Juzgado Primero Penal Municipal con Funciones de\u00a0\u00a0 Control de garant\u00edas de Riohacha (Guajira),\u00a0la Fiscal\u00eda General de la Naci\u00f3n imput\u00f3 cargos en contra de Andis Alberto Bula Fl\u00f3rez, presunto [&hellip;]<\/p>\n","protected":false},"author":171,"featured_media":0,"comment_status":"closed","ping_status":"open","sticky":false,"template":"","format":"standard","meta":{"tdm_status":"","tdm_grid_status":"","footnotes":""},"categories":[797,303,24103],"tags":[4140,26937,12476],"class_list":["post-219728","post","type-post","status-publish","format-standard","category-seccional-riohacha","category-seccionales","category-trafico-de-estupefacientes","tag-fabricacion","tag-riohacha-guajira","tag-trafico-o-porte-de-estupefacientes"],"yoast_head":"<!-- This site is optimized with the Yoast SEO plugin v24.3 - https:\/\/yoast.com\/wordpress\/plugins\/seo\/ -->\n<title>Fiscal\u00eda General de la Naci\u00f3n<\/title>\n<meta name=\"description\" content=\"P\u00e1gina oficial de la Fiscal\u00eda General de la Naci\u00f3n \u2013 Colombia. Garantizamos el acceso efectivo a la justicia, la verdad y la reparaci\u00f3n de las v\u00edctimas de los delitos.\" \/>\n<meta name=\"robots\" content=\"noindex, follow\" \/>\n<meta property=\"og:locale\" content=\"es_ES\" \/>\n<meta property=\"og:type\" content=\"article\" \/>\n<meta property=\"og:title\" content=\"Fiscal\u00eda General de la Naci\u00f3n\" \/>\n<meta property=\"og:description\" content=\"P\u00e1gina oficial de la Fiscal\u00eda General de la Naci\u00f3n \u2013 Colombia. Garantizamos el acceso efectivo a la justicia, la verdad y la reparaci\u00f3n de las v\u00edctimas de los delitos.\" \/>\n<meta property=\"og:url\" content=\"https:\/\/www.fiscalia.gov.co\/colombia\/trafico-de-estupefacientes\/a-la-carcel-presunto-responsable-de-transportar-32-paquetes-de-marihuana-en-carreteras-de-la-guajira\/\" \/>\n<meta property=\"og:site_name\" content=\"Fiscal\u00eda General de la Naci\u00f3n\" \/>\n<meta property=\"article:publisher\" content=\"https:\/\/www.facebook.com\/FiscaliaCol\" \/>\n<meta property=\"article:published_time\" content=\"2021-05-10T21:00:31+00:00\" \/>\n<meta property=\"article:modified_time\" content=\"2021-05-10T21:01:00+00:00\" \/>\n<meta property=\"og:image\" content=\"https:\/\/www.fiscalia.gov.co\/colombia\/wp-content\/uploads\/32-paquetes-de-marihuana-decomisados.jpg\" \/>\n<meta name=\"author\" content=\"Ana Mar\u00eda Gomez\" \/>\n<meta name=\"twitter:card\" content=\"summary_large_image\" \/>\n<meta name=\"twitter:creator\" content=\"@FiscaliaCol\" \/>\n<meta name=\"twitter:site\" content=\"@FiscaliaCol\" \/>\n<meta name=\"twitter:label1\" content=\"Escrito por\" \/>\n\t<meta name=\"twitter:data1\" content=\"Ana Mar\u00eda Gomez\" \/>\n\t<meta name=\"twitter:label2\" content=\"Tiempo de lectura\" \/>\n\t<meta name=\"twitter:data2\" content=\"2 minutos\" \/>\n<script type=\"application\/ld+json\" class=\"yoast-schema-graph\">{\"@context\":\"https:\/\/schema.org\",\"@graph\":[{\"@type\":\"Article\",\"@id\":\"https:\/\/www.fiscalia.gov.co\/colombia\/trafico-de-estupefacientes\/a-la-carcel-presunto-responsable-de-transportar-32-paquetes-de-marihuana-en-carreteras-de-la-guajira\/#article\",\"isPartOf\":{\"@id\":\"https:\/\/www.fiscalia.gov.co\/colombia\/trafico-de-estupefacientes\/a-la-carcel-presunto-responsable-de-transportar-32-paquetes-de-marihuana-en-carreteras-de-la-guajira\/\"},\"author\":{\"name\":\"Ana Mar\u00eda Gomez\",\"@id\":\"https:\/\/www.fiscalia.gov.co\/colombia\/#\/schema\/person\/06aa2210fe4d79203f428ff671dee360\"},\"headline\":\"A la c\u00e1rcel presunto responsable de transportar 32 paquetes de marihuana en carreteras de La Guajira\",\"datePublished\":\"2021-05-10T21:00:31+00:00\",\"dateModified\":\"2021-05-10T21:01:00+00:00\",\"mainEntityOfPage\":{\"@id\":\"https:\/\/www.fiscalia.gov.co\/colombia\/trafico-de-estupefacientes\/a-la-carcel-presunto-responsable-de-transportar-32-paquetes-de-marihuana-en-carreteras-de-la-guajira\/\"},\"wordCount\":347,\"publisher\":{\"@id\":\"https:\/\/www.fiscalia.gov.co\/colombia\/#organization\"},\"image\":{\"@id\":\"https:\/\/www.fiscalia.gov.co\/colombia\/trafico-de-estupefacientes\/a-la-carcel-presunto-responsable-de-transportar-32-paquetes-de-marihuana-en-carreteras-de-la-guajira\/#primaryimage\"},\"thumbnailUrl\":\"https:\/\/www.fiscalia.gov.co\/colombia\/wp-content\/uploads\/32-paquetes-de-marihuana-decomisados.jpg\",\"keywords\":[\"Fabricaci\u00f3n\",\"Riohacha (Guajira).\",\"tr\u00e1fico o porte de estupefacientes\"],\"articleSection\":[\"Seccional Riohacha\",\"Seccionales\",\"Tr\u00e1fico de estupefacientes\"],\"inLanguage\":\"es-CO\"},{\"@type\":\"WebPage\",\"@id\":\"https:\/\/www.fiscalia.gov.co\/colombia\/trafico-de-estupefacientes\/a-la-carcel-presunto-responsable-de-transportar-32-paquetes-de-marihuana-en-carreteras-de-la-guajira\/\",\"url\":\"https:\/\/www.fiscalia.gov.co\/colombia\/trafico-de-estupefacientes\/a-la-carcel-presunto-responsable-de-transportar-32-paquetes-de-marihuana-en-carreteras-de-la-guajira\/\",\"name\":\"Fiscal\u00eda General de la Naci\u00f3n\",\"isPartOf\":{\"@id\":\"https:\/\/www.fiscalia.gov.co\/colombia\/#website\"},\"primaryImageOfPage\":{\"@id\":\"https:\/\/www.fiscalia.gov.co\/colombia\/trafico-de-estupefacientes\/a-la-carcel-presunto-responsable-de-transportar-32-paquetes-de-marihuana-en-carreteras-de-la-guajira\/#primaryimage\"},\"image\":{\"@id\":\"https:\/\/www.fiscalia.gov.co\/colombia\/trafico-de-estupefacientes\/a-la-carcel-presunto-responsable-de-transportar-32-paquetes-de-marihuana-en-carreteras-de-la-guajira\/#primaryimage\"},\"thumbnailUrl\":\"https:\/\/www.fiscalia.gov.co\/colombia\/wp-content\/uploads\/32-paquetes-de-marihuana-decomisados.jpg\",\"datePublished\":\"2021-05-10T21:00:31+00:00\",\"dateModified\":\"2021-05-10T21:01:00+00:00\",\"description\":\"P\u00e1gina oficial de la Fiscal\u00eda General de la Naci\u00f3n \u2013 Colombia. Garantizamos el acceso efectivo a la justicia, la verdad y la reparaci\u00f3n de las v\u00edctimas de los delitos.\",\"breadcrumb\":{\"@id\":\"https:\/\/www.fiscalia.gov.co\/colombia\/trafico-de-estupefacientes\/a-la-carcel-presunto-responsable-de-transportar-32-paquetes-de-marihuana-en-carreteras-de-la-guajira\/#breadcrumb\"},\"inLanguage\":\"es-CO\",\"potentialAction\":[{\"@type\":\"ReadAction\",\"target\":[\"https:\/\/www.fiscalia.gov.co\/colombia\/trafico-de-estupefacientes\/a-la-carcel-presunto-responsable-de-transportar-32-paquetes-de-marihuana-en-carreteras-de-la-guajira\/\"]}]},{\"@type\":\"ImageObject\",\"inLanguage\":\"es-CO\",\"@id\":\"https:\/\/www.fiscalia.gov.co\/colombia\/trafico-de-estupefacientes\/a-la-carcel-presunto-responsable-de-transportar-32-paquetes-de-marihuana-en-carreteras-de-la-guajira\/#primaryimage\",\"url\":\"https:\/\/www.fiscalia.gov.co\/colombia\/wp-content\/uploads\/32-paquetes-de-marihuana-decomisados.jpg\",\"contentUrl\":\"https:\/\/www.fiscalia.gov.co\/colombia\/wp-content\/uploads\/32-paquetes-de-marihuana-decomisados.jpg\",\"width\":712,\"height\":433,\"caption\":\"32 paquetes de marihuana decomisados.\"},{\"@type\":\"BreadcrumbList\",\"@id\":\"https:\/\/www.fiscalia.gov.co\/colombia\/trafico-de-estupefacientes\/a-la-carcel-presunto-responsable-de-transportar-32-paquetes-de-marihuana-en-carreteras-de-la-guajira\/#breadcrumb\",\"itemListElement\":[{\"@type\":\"ListItem\",\"position\":1,\"name\":\"Home\",\"item\":\"https:\/\/www.fiscalia.gov.co\/colombia\/\"},{\"@type\":\"ListItem\",\"position\":2,\"name\":\"A la c\u00e1rcel presunto responsable de transportar 32 paquetes de marihuana en carreteras de La Guajira\"}]},{\"@type\":\"WebSite\",\"@id\":\"https:\/\/www.fiscalia.gov.co\/colombia\/#website\",\"url\":\"https:\/\/www.fiscalia.gov.co\/colombia\/\",\"name\":\"Fiscal\u00eda General de la Naci\u00f3n\",\"description\":\"P\u00e1gina oficial de la Fiscal\u00eda General de la Naci\u00f3n \u2013 Colombia. Garantizamos el acceso efectivo a la justicia, la verdad y la reparaci\u00f3n de las v\u00edctimas de los delitos.\",\"publisher\":{\"@id\":\"https:\/\/www.fiscalia.gov.co\/colombia\/#organization\"},\"potentialAction\":[{\"@type\":\"SearchAction\",\"target\":{\"@type\":\"EntryPoint\",\"urlTemplate\":\"https:\/\/www.fiscalia.gov.co\/colombia\/?s={search_term_string}\"},\"query-input\":{\"@type\":\"PropertyValueSpecification\",\"valueRequired\":true,\"valueName\":\"search_term_string\"}}],\"inLanguage\":\"es-CO\"},{\"@type\":\"Organization\",\"@id\":\"https:\/\/www.fiscalia.gov.co\/colombia\/#organization\",\"name\":\"Fiscal\u00eda General de la Naci\u00f3n\",\"url\":\"https:\/\/www.fiscalia.gov.co\/colombia\/\",\"logo\":{\"@type\":\"ImageObject\",\"inLanguage\":\"es-CO\",\"@id\":\"https:\/\/www.fiscalia.gov.co\/colombia\/#\/schema\/logo\/image\/\",\"url\":\"https:\/\/www.fiscalia.gov.co\/colombia\/wp-content\/uploads\/LogoHorizontal_1.jpg\",\"contentUrl\":\"https:\/\/www.fiscalia.gov.co\/colombia\/wp-content\/uploads\/LogoHorizontal_1.jpg\",\"width\":300,\"height\":90,\"caption\":\"Fiscal\u00eda General de la Naci\u00f3n\"},\"image\":{\"@id\":\"https:\/\/www.fiscalia.gov.co\/colombia\/#\/schema\/logo\/image\/\"},\"sameAs\":[\"https:\/\/www.facebook.com\/FiscaliaCol\",\"https:\/\/x.com\/FiscaliaCol\",\"https:\/\/www.instagram.com\/fiscaliacol\",\"https:\/\/www.linkedin.com\/company\/fiscalia-general-de-la-naci-n\/\",\"https:\/\/youtube.com\/@fiscaliageneraldelanacion-4668?si=6nN79nyQICPU5iTh\"]},{\"@type\":\"Person\",\"@id\":\"https:\/\/www.fiscalia.gov.co\/colombia\/#\/schema\/person\/06aa2210fe4d79203f428ff671dee360\",\"name\":\"Ana Mar\u00eda Gomez\",\"image\":{\"@type\":\"ImageObject\",\"inLanguage\":\"es-CO\",\"@id\":\"https:\/\/www.fiscalia.gov.co\/colombia\/#\/schema\/person\/image\/\",\"url\":\"https:\/\/secure.gravatar.com\/avatar\/a38115d98a7f8a96cbb96af2b2c37a0b?s=96&d=mm&r=g\",\"contentUrl\":\"https:\/\/secure.gravatar.com\/avatar\/a38115d98a7f8a96cbb96af2b2c37a0b?s=96&d=mm&r=g\",\"caption\":\"Ana Mar\u00eda Gomez\"},\"url\":\"https:\/\/www.fiscalia.gov.co\/colombia\/author\/agomez\/\"}]}<\/script>\n<!-- \/ Yoast SEO plugin. -->","yoast_head_json":{"title":"Fiscal\u00eda General de la Naci\u00f3n","description":"P\u00e1gina oficial de la Fiscal\u00eda General de la Naci\u00f3n \u2013 Colombia. Garantizamos el acceso efectivo a la justicia, la verdad y la reparaci\u00f3n de las v\u00edctimas de los delitos.","robots":{"index":"noindex","follow":"follow"},"og_locale":"es_ES","og_type":"article","og_title":"Fiscal\u00eda General de la Naci\u00f3n","og_description":"P\u00e1gina oficial de la Fiscal\u00eda General de la Naci\u00f3n \u2013 Colombia. Garantizamos el acceso efectivo a la justicia, la verdad y la reparaci\u00f3n de las v\u00edctimas de los delitos.","og_url":"https:\/\/www.fiscalia.gov.co\/colombia\/trafico-de-estupefacientes\/a-la-carcel-presunto-responsable-de-transportar-32-paquetes-de-marihuana-en-carreteras-de-la-guajira\/","og_site_name":"Fiscal\u00eda General de la Naci\u00f3n","article_publisher":"https:\/\/www.facebook.com\/FiscaliaCol","article_published_time":"2021-05-10T21:00:31+00:00","article_modified_time":"2021-05-10T21:01:00+00:00","og_image":[{"url":"https:\/\/www.fiscalia.gov.co\/colombia\/wp-content\/uploads\/32-paquetes-de-marihuana-decomisados.jpg","type":"","width":"","height":""}],"author":"Ana Mar\u00eda Gomez","twitter_card":"summary_large_image","twitter_creator":"@FiscaliaCol","twitter_site":"@FiscaliaCol","twitter_misc":{"Escrito por":"Ana Mar\u00eda Gomez","Tiempo de lectura":"2 minutos"},"schema":{"@context":"https:\/\/schema.org","@graph":[{"@type":"Article","@id":"https:\/\/www.fiscalia.gov.co\/colombia\/trafico-de-estupefacientes\/a-la-carcel-presunto-responsable-de-transportar-32-paquetes-de-marihuana-en-carreteras-de-la-guajira\/#article","isPartOf":{"@id":"https:\/\/www.fiscalia.gov.co\/colombia\/trafico-de-estupefacientes\/a-la-carcel-presunto-responsable-de-transportar-32-paquetes-de-marihuana-en-carreteras-de-la-guajira\/"},"author":{"name":"Ana Mar\u00eda Gomez","@id":"https:\/\/www.fiscalia.gov.co\/colombia\/#\/schema\/person\/06aa2210fe4d79203f428ff671dee360"},"headline":"A la c\u00e1rcel presunto responsable de transportar 32 paquetes de marihuana en carreteras de La Guajira","datePublished":"2021-05-10T21:00:31+00:00","dateModified":"2021-05-10T21:01:00+00:00","mainEntityOfPage":{"@id":"https:\/\/www.fiscalia.gov.co\/colombia\/trafico-de-estupefacientes\/a-la-carcel-presunto-responsable-de-transportar-32-paquetes-de-marihuana-en-carreteras-de-la-guajira\/"},"wordCount":347,"publisher":{"@id":"https:\/\/www.fiscalia.gov.co\/colombia\/#organization"},"image":{"@id":"https:\/\/www.fiscalia.gov.co\/colombia\/trafico-de-estupefacientes\/a-la-carcel-presunto-responsable-de-transportar-32-paquetes-de-marihuana-en-carreteras-de-la-guajira\/#primaryimage"},"thumbnailUrl":"https:\/\/www.fiscalia.gov.co\/colombia\/wp-content\/uploads\/32-paquetes-de-marihuana-decomisados.jpg","keywords":["Fabricaci\u00f3n","Riohacha (Guajira).","tr\u00e1fico o porte de estupefacientes"],"articleSection":["Seccional Riohacha","Seccionales","Tr\u00e1fico de estupefacientes"],"inLanguage":"es-CO"},{"@type":"WebPage","@id":"https:\/\/www.fiscalia.gov.co\/colombia\/trafico-de-estupefacientes\/a-la-carcel-presunto-responsable-de-transportar-32-paquetes-de-marihuana-en-carreteras-de-la-guajira\/","url":"https:\/\/www.fiscalia.gov.co\/colombia\/trafico-de-estupefacientes\/a-la-carcel-presunto-responsable-de-transportar-32-paquetes-de-marihuana-en-carreteras-de-la-guajira\/","name":"Fiscal\u00eda General de la Naci\u00f3n","isPartOf":{"@id":"https:\/\/www.fiscalia.gov.co\/colombia\/#website"},"primaryImageOfPage":{"@id":"https:\/\/www.fiscalia.gov.co\/colombia\/trafico-de-estupefacientes\/a-la-carcel-presunto-responsable-de-transportar-32-paquetes-de-marihuana-en-carreteras-de-la-guajira\/#primaryimage"},"image":{"@id":"https:\/\/www.fiscalia.gov.co\/colombia\/trafico-de-estupefacientes\/a-la-carcel-presunto-responsable-de-transportar-32-paquetes-de-marihuana-en-carreteras-de-la-guajira\/#primaryimage"},"thumbnailUrl":"https:\/\/www.fiscalia.gov.co\/colombia\/wp-content\/uploads\/32-paquetes-de-marihuana-decomisados.jpg","datePublished":"2021-05-10T21:00:31+00:00","dateModified":"2021-05-10T21:01:00+00:00","description":"P\u00e1gina oficial de la Fiscal\u00eda General de la Naci\u00f3n \u2013 Colombia. Garantizamos el acceso efectivo a la justicia, la verdad y la reparaci\u00f3n de las v\u00edctimas de los delitos.","breadcrumb":{"@id":"https:\/\/www.fiscalia.gov.co\/colombia\/trafico-de-estupefacientes\/a-la-carcel-presunto-responsable-de-transportar-32-paquetes-de-marihuana-en-carreteras-de-la-guajira\/#breadcrumb"},"inLanguage":"es-CO","potentialAction":[{"@type":"ReadAction","target":["https:\/\/www.fiscalia.gov.co\/colombia\/trafico-de-estupefacientes\/a-la-carcel-presunto-responsable-de-transportar-32-paquetes-de-marihuana-en-carreteras-de-la-guajira\/"]}]},{"@type":"ImageObject","inLanguage":"es-CO","@id":"https:\/\/www.fiscalia.gov.co\/colombia\/trafico-de-estupefacientes\/a-la-carcel-presunto-responsable-de-transportar-32-paquetes-de-marihuana-en-carreteras-de-la-guajira\/#primaryimage","url":"https:\/\/www.fiscalia.gov.co\/colombia\/wp-content\/uploads\/32-paquetes-de-marihuana-decomisados.jpg","contentUrl":"https:\/\/www.fiscalia.gov.co\/colombia\/wp-content\/uploads\/32-paquetes-de-marihuana-decomisados.jpg","width":712,"height":433,"caption":"32 paquetes de marihuana decomisados."},{"@type":"BreadcrumbList","@id":"https:\/\/www.fiscalia.gov.co\/colombia\/trafico-de-estupefacientes\/a-la-carcel-presunto-responsable-de-transportar-32-paquetes-de-marihuana-en-carreteras-de-la-guajira\/#breadcrumb","itemListElement":[{"@type":"ListItem","position":1,"name":"Home","item":"https:\/\/www.fiscalia.gov.co\/colombia\/"},{"@type":"ListItem","position":2,"name":"A la c\u00e1rcel presunto responsable de transportar 32 paquetes de marihuana en carreteras de La Guajira"}]},{"@type":"WebSite","@id":"https:\/\/www.fiscalia.gov.co\/colombia\/#website","url":"https:\/\/www.fiscalia.gov.co\/colombia\/","name":"Fiscal\u00eda General de la Naci\u00f3n","description":"P\u00e1gina oficial de la Fiscal\u00eda General de la Naci\u00f3n \u2013 Colombia. Garantizamos el acceso efectivo a la justicia, la verdad y la reparaci\u00f3n de las v\u00edctimas de los delitos.","publisher":{"@id":"https:\/\/www.fiscalia.gov.co\/colombia\/#organization"},"potentialAction":[{"@type":"SearchAction","target":{"@type":"EntryPoint","urlTemplate":"https:\/\/www.fiscalia.gov.co\/colombia\/?s={search_term_string}"},"query-input":{"@type":"PropertyValueSpecification","valueRequired":true,"valueName":"search_term_string"}}],"inLanguage":"es-CO"},{"@type":"Organization","@id":"https:\/\/www.fiscalia.gov.co\/colombia\/#organization","name":"Fiscal\u00eda General de la Naci\u00f3n","url":"https:\/\/www.fiscalia.gov.co\/colombia\/","logo":{"@type":"ImageObject","inLanguage":"es-CO","@id":"https:\/\/www.fiscalia.gov.co\/colombia\/#\/schema\/logo\/image\/","url":"https:\/\/www.fiscalia.gov.co\/colombia\/wp-content\/uploads\/LogoHorizontal_1.jpg","contentUrl":"https:\/\/www.fiscalia.gov.co\/colombia\/wp-content\/uploads\/LogoHorizontal_1.jpg","width":300,"height":90,"caption":"Fiscal\u00eda General de la Naci\u00f3n"},"image":{"@id":"https:\/\/www.fiscalia.gov.co\/colombia\/#\/schema\/logo\/image\/"},"sameAs":["https:\/\/www.facebook.com\/FiscaliaCol","https:\/\/x.com\/FiscaliaCol","https:\/\/www.instagram.com\/fiscaliacol","https:\/\/www.linkedin.com\/company\/fiscalia-general-de-la-naci-n\/","https:\/\/youtube.com\/@fiscaliageneraldelanacion-4668?si=6nN79nyQICPU5iTh"]},{"@type":"Person","@id":"https:\/\/www.fiscalia.gov.co\/colombia\/#\/schema\/person\/06aa2210fe4d79203f428ff671dee360","name":"Ana Mar\u00eda Gomez","image":{"@type":"ImageObject","inLanguage":"es-CO","@id":"https:\/\/www.fiscalia.gov.co\/colombia\/#\/schema\/person\/image\/","url":"https:\/\/secure.gravatar.com\/avatar\/a38115d98a7f8a96cbb96af2b2c37a0b?s=96&d=mm&r=g","contentUrl":"https:\/\/secure.gravatar.com\/avatar\/a38115d98a7f8a96cbb96af2b2c37a0b?s=96&d=mm&r=g","caption":"Ana Mar\u00eda Gomez"},"url":"https:\/\/www.fiscalia.gov.co\/colombia\/author\/agomez\/"}]}},"_links":{"self":[{"href":"https:\/\/www.fiscalia.gov.co\/colombia\/wp-json\/wp\/v2\/posts\/219728","targetHints":{"allow":["GET"]}}],"collection":[{"href":"https:\/\/www.fiscalia.gov.co\/colombia\/wp-json\/wp\/v2\/posts"}],"about":[{"href":"https:\/\/www.fiscalia.gov.co\/colombia\/wp-json\/wp\/v2\/types\/post"}],"author":[{"embeddable":true,"href":"https:\/\/www.fiscalia.gov.co\/colombia\/wp-json\/wp\/v2\/users\/171"}],"replies":[{"embeddable":true,"href":"https:\/\/www.fiscalia.gov.co\/colombia\/wp-json\/wp\/v2\/comments?post=219728"}],"version-history":[{"count":2,"href":"https:\/\/www.fiscalia.gov.co\/colombia\/wp-json\/wp\/v2\/posts\/219728\/revisions"}],"predecessor-version":[{"id":219731,"href":"https:\/\/www.fiscalia.gov.co\/colombia\/wp-json\/wp\/v2\/posts\/219728\/revisions\/219731"}],"wp:attachment":[{"href":"https:\/\/www.fiscalia.gov.co\/colombia\/wp-json\/wp\/v2\/media?parent=219728"}],"wp:term":[{"taxonomy":"category","embeddable":true,"href":"https:\/\/www.fiscalia.gov.co\/colombia\/wp-json\/wp\/v2\/categories?post=219728"},{"taxonomy":"post_tag","embeddable":true,"href":"https:\/\/www.fiscalia.gov.co\/colombia\/wp-json\/wp\/v2\/tags?post=219728"}],"curies":[{"name":"wp","href":"https:\/\/api.w.org\/{rel}","templated":true}]}}