{"id":219539,"date":"2021-05-07T09:56:00","date_gmt":"2021-05-07T14:56:00","guid":{"rendered":"https:\/\/www.fiscalia.gov.co\/colombia\/?p=219539"},"modified":"2021-05-07T09:56:00","modified_gmt":"2021-05-07T14:56:00","slug":"internamiento-preventivo-contra-un-menor-presunto-responsable-de-homicidio-y-otros-delitos","status":"publish","type":"post","link":"https:\/\/www.fiscalia.gov.co\/colombia\/seguridad-territorial\/internamiento-preventivo-contra-un-menor-presunto-responsable-de-homicidio-y-otros-delitos\/","title":{"rendered":"Internamiento preventivo contra un menor presunto responsable de homicidio y otros delitos"},"content":{"rendered":"<blockquote>\n<h4 style=\"text-align: left;\"><strong><em>La Fiscal\u00eda investiga al adolescente infractor por su presunta participaci\u00f3n en 3 eventos delictivos, ocurridos en mayo, junio y julio del a\u00f1o 2018.<\/em><\/strong><\/h4>\n<\/blockquote>\n<p>Un juez de Infancia y Adolescencia acogi\u00f3 la solicitud de la\u00a0<strong>Fiscal\u00eda General de la Naci\u00f3n\u00a0<\/strong>y decidi\u00f3 enviar a\u00a0<a href=\"https:\/\/www.fiscalia.gov.co\/colombia\/seguridad-ciudadana\/internamiento-preventivo-para-un-menor-de-edad-por-el-homicidio-de-un-ciudadano\/\">internamiento preventivo<\/a>\u00a0a un menor, presunto integrante de un grupo delictivo, dedicado a la comisi\u00f3n de il\u00edcitos, entre ellos homicidio y hurtos, en el municipio de Tulu\u00e1 (Valle del Cauca).<\/p>\n<p>La Fiscal\u00eda investiga al hoy imputado porque al parecer particip\u00f3 en 3 eventos delictivos, ocurridos en mayo, junio y julio del a\u00f1o 2018, tiempo en el cual contaba con 17 a\u00f1os.<\/p>\n<p>El primer evento, ocurri\u00f3 el 18 de mayo del 2018, en una finca ubicada en el corregimiento de Ceil\u00e1n, jurisdicci\u00f3n del municipio en menci\u00f3n, donde personas con armas de fuego habr\u00edan ingresado al lugar disparando. Se presume que all\u00ed amordazaron a los moradores, hurtaron varios electrodom\u00e9sticos, una camioneta, dos motocicletas y un cuatrimoto. Asimismo, habr\u00edan secuestrado al propietario de la finca con el fin de obligar a una de sus hijas a firmar las escrituras de una de sus viviendas.<\/p>\n<p>El segundo caso ocurri\u00f3 el 20 de junio de ese mismo a\u00f1o, en el barrio San Pedro Claver de Tulu\u00e1, donde fue atacado con arma de fuego Giovanni Andr\u00e9s Cruz Rodas.<\/p>\n<p>Por \u00faltimo, uno de los hechos ocurri\u00f3 el 27 de julio del 2018, en el municipio de La Uni\u00f3n (Valle del Cauca), en una compraventa, lugar a donde llegaron dos sujetos con armas de fuego e intimidaron a una pareja, a quienes les hurtaron varias de sus pertenencias y en contra de su voluntad los trasladaron a un ca\u00f1aduzal, para exigirles el pago 35 millones de pesos, a cambio de dejarlos en libertad. La pareja fue liberada horas despu\u00e9s, luego de que llegar\u00e1n a un acuerdo de entregar $25 millones.<\/p>\n<p>Las investigaciones le permitieron al a Fiscal\u00eda identificar la plena identidad del presunto menor infractor, quien habr\u00eda participado en los 3 eventos delictivos, por lo que solicit\u00f3 orden de aprehensi\u00f3n en su contra, la cual se hizo efectiva el pasado 3 de mayo en esta localidad, por personal de la Sij\u00edn y de la Polic\u00eda de Infancia y Adolescencia.<\/p>\n<p>En las audiencias preliminares, el ente acusador le formul\u00f3 cargos al menor aprehendido por los delitos de concierto para delinquir agravado; homicidio agravado; fabricaci\u00f3n, tr\u00e1fico, porte o tenencia de armas de fuego, accesorios, partes o municiones; secuestro, secuestro extorsivo agravado, hurto calificado y agravado, los cuales no acept\u00f3.<\/p>\n<p>MAP\/SMLR\/MG<\/p>\n<p><em>La informaci\u00f3n contenida en este bolet\u00edn de prensa corresponde a la narraci\u00f3n de los hechos noticiosos objetivos, suministrados por los funcionarios encargados de adelantar las investigaciones penales al interior de la Fiscal\u00eda General de la Naci\u00f3n. Para el momento de la divulgaci\u00f3n de este comunicado, la situaci\u00f3n jur\u00eddica de la(s) persona(s) relacionada(s) se encuentra pendiente de resolver por la autoridad judicial competente, siempre bajo los preceptos de la presunci\u00f3n de inocencia, consagrados en el art\u00edculo 29 de la Constituci\u00f3n Pol\u00edtica y el art\u00edculo 7\u00ba de la Ley 906 de 2004.<\/em><\/p>\n<p>&nbsp;<\/p>\n\n<div class=\"twitter-share\"><a href=\"https:\/\/twitter.com\/intent\/tweet?via=fiscaliacol\" class=\"twitter-share-button\">Tweet<\/a><\/div>\n","protected":false},"excerpt":{"rendered":"<p>La Fiscal\u00eda investiga al adolescente infractor por su presunta participaci\u00f3n en 3 eventos delictivos, ocurridos en mayo, junio y julio del a\u00f1o 2018. Un juez de Infancia y Adolescencia acogi\u00f3 la solicitud de la\u00a0Fiscal\u00eda General de la Naci\u00f3n\u00a0y decidi\u00f3 enviar a\u00a0internamiento preventivo\u00a0a un menor, presunto integrante de un grupo delictivo, dedicado a la comisi\u00f3n de [&hellip;]<\/p>\n","protected":false},"author":171,"featured_media":0,"comment_status":"closed","ping_status":"open","sticky":false,"template":"","format":"standard","meta":{"tdm_status":"","tdm_grid_status":"","footnotes":""},"categories":[324,303,24099],"tags":[25146,24508,14550,26881,26879,4140,78,24187,686,26880,26878,14817,23964,916],"class_list":{"0":"post-219539","1":"post","2":"type-post","3":"status-publish","4":"format-standard","6":"category-seccional-cali","7":"category-seccionales","8":"category-seguridad-territorial","9":"tag-accesorios","10":"tag-aprehendido","11":"tag-carcel","12":"tag-centro-centro-especializado","13":"tag-concierto-para-delinquir-agravado-y-hurto-calificado-y-agravado","14":"tag-fabricacion","15":"tag-fiscal-general-de-la-nacion","16":"tag-fiscalia-colombia","17":"tag-homicidio-agravado","18":"tag-medida-internamiento-preventivo","19":"tag-parte-o-municiones-secuestro-extorsivo-agravado","20":"tag-porte-o-tenencia-de-armas-de-fuego","21":"tag-secuestro","22":"tag-trafico"},"yoast_head":"<!-- This site is optimized with the Yoast SEO plugin v24.3 - https:\/\/yoast.com\/wordpress\/plugins\/seo\/ -->\n<title>Fiscal\u00eda General de la Naci\u00f3n<\/title>\n<meta name=\"description\" content=\"P\u00e1gina oficial de la Fiscal\u00eda General de la Naci\u00f3n \u2013 Colombia. Garantizamos el acceso efectivo a la justicia, la verdad y la reparaci\u00f3n de las v\u00edctimas de los delitos.\" \/>\n<meta name=\"robots\" content=\"noindex, follow\" \/>\n<meta property=\"og:locale\" content=\"es_ES\" \/>\n<meta property=\"og:type\" content=\"article\" \/>\n<meta property=\"og:title\" content=\"Fiscal\u00eda General de la Naci\u00f3n\" \/>\n<meta property=\"og:description\" content=\"P\u00e1gina oficial de la Fiscal\u00eda General de la Naci\u00f3n \u2013 Colombia. Garantizamos el acceso efectivo a la justicia, la verdad y la reparaci\u00f3n de las v\u00edctimas de los delitos.\" \/>\n<meta property=\"og:url\" content=\"https:\/\/www.fiscalia.gov.co\/colombia\/seguridad-territorial\/internamiento-preventivo-contra-un-menor-presunto-responsable-de-homicidio-y-otros-delitos\/\" \/>\n<meta property=\"og:site_name\" content=\"Fiscal\u00eda General de la Naci\u00f3n\" \/>\n<meta property=\"article:publisher\" content=\"https:\/\/www.facebook.com\/FiscaliaCol\" \/>\n<meta property=\"article:published_time\" content=\"2021-05-07T14:56:00+00:00\" \/>\n<meta name=\"author\" content=\"Ana Mar\u00eda Gomez\" \/>\n<meta name=\"twitter:card\" content=\"summary_large_image\" \/>\n<meta name=\"twitter:creator\" content=\"@FiscaliaCol\" \/>\n<meta name=\"twitter:site\" content=\"@FiscaliaCol\" \/>\n<meta name=\"twitter:label1\" content=\"Escrito por\" \/>\n\t<meta name=\"twitter:data1\" content=\"Ana Mar\u00eda Gomez\" \/>\n\t<meta name=\"twitter:label2\" content=\"Tiempo de lectura\" \/>\n\t<meta name=\"twitter:data2\" content=\"3 minutos\" \/>\n<script type=\"application\/ld+json\" class=\"yoast-schema-graph\">{\"@context\":\"https:\/\/schema.org\",\"@graph\":[{\"@type\":\"Article\",\"@id\":\"https:\/\/www.fiscalia.gov.co\/colombia\/seguridad-territorial\/internamiento-preventivo-contra-un-menor-presunto-responsable-de-homicidio-y-otros-delitos\/#article\",\"isPartOf\":{\"@id\":\"https:\/\/www.fiscalia.gov.co\/colombia\/seguridad-territorial\/internamiento-preventivo-contra-un-menor-presunto-responsable-de-homicidio-y-otros-delitos\/\"},\"author\":{\"name\":\"Ana Mar\u00eda Gomez\",\"@id\":\"https:\/\/www.fiscalia.gov.co\/colombia\/#\/schema\/person\/06aa2210fe4d79203f428ff671dee360\"},\"headline\":\"Internamiento preventivo contra un menor presunto responsable de homicidio y otros delitos\",\"datePublished\":\"2021-05-07T14:56:00+00:00\",\"dateModified\":\"2021-05-07T14:56:00+00:00\",\"mainEntityOfPage\":{\"@id\":\"https:\/\/www.fiscalia.gov.co\/colombia\/seguridad-territorial\/internamiento-preventivo-contra-un-menor-presunto-responsable-de-homicidio-y-otros-delitos\/\"},\"wordCount\":545,\"publisher\":{\"@id\":\"https:\/\/www.fiscalia.gov.co\/colombia\/#organization\"},\"keywords\":[\"accesorios\",\"aprehendido\",\"C\u00e1rcel\",\"centro centro especializado\",\"concierto para delinquir agravado y hurto calificado y agravado\",\"Fabricaci\u00f3n\",\"Fiscal General de la Naci\u00f3n\",\"Fiscal\u00eda Colombia\",\"Homicidio agravado\",\"medida internamiento preventivo\",\"parte o municiones; secuestro extorsivo agravado\",\"porte o tenencia de armas de fuego\",\"Secuestro\",\"Tr\u00e1fico\"],\"articleSection\":[\"Seccional Cali\",\"Seccionales\",\"Seguridad territorial\"],\"inLanguage\":\"es-CO\"},{\"@type\":\"WebPage\",\"@id\":\"https:\/\/www.fiscalia.gov.co\/colombia\/seguridad-territorial\/internamiento-preventivo-contra-un-menor-presunto-responsable-de-homicidio-y-otros-delitos\/\",\"url\":\"https:\/\/www.fiscalia.gov.co\/colombia\/seguridad-territorial\/internamiento-preventivo-contra-un-menor-presunto-responsable-de-homicidio-y-otros-delitos\/\",\"name\":\"Fiscal\u00eda General de la Naci\u00f3n\",\"isPartOf\":{\"@id\":\"https:\/\/www.fiscalia.gov.co\/colombia\/#website\"},\"datePublished\":\"2021-05-07T14:56:00+00:00\",\"dateModified\":\"2021-05-07T14:56:00+00:00\",\"description\":\"P\u00e1gina oficial de la Fiscal\u00eda General de la Naci\u00f3n \u2013 Colombia. Garantizamos el acceso efectivo a la justicia, la verdad y la reparaci\u00f3n de las v\u00edctimas de los delitos.\",\"breadcrumb\":{\"@id\":\"https:\/\/www.fiscalia.gov.co\/colombia\/seguridad-territorial\/internamiento-preventivo-contra-un-menor-presunto-responsable-de-homicidio-y-otros-delitos\/#breadcrumb\"},\"inLanguage\":\"es-CO\",\"potentialAction\":[{\"@type\":\"ReadAction\",\"target\":[\"https:\/\/www.fiscalia.gov.co\/colombia\/seguridad-territorial\/internamiento-preventivo-contra-un-menor-presunto-responsable-de-homicidio-y-otros-delitos\/\"]}]},{\"@type\":\"BreadcrumbList\",\"@id\":\"https:\/\/www.fiscalia.gov.co\/colombia\/seguridad-territorial\/internamiento-preventivo-contra-un-menor-presunto-responsable-de-homicidio-y-otros-delitos\/#breadcrumb\",\"itemListElement\":[{\"@type\":\"ListItem\",\"position\":1,\"name\":\"Home\",\"item\":\"https:\/\/www.fiscalia.gov.co\/colombia\/\"},{\"@type\":\"ListItem\",\"position\":2,\"name\":\"Internamiento preventivo contra un menor presunto responsable de homicidio y otros delitos\"}]},{\"@type\":\"WebSite\",\"@id\":\"https:\/\/www.fiscalia.gov.co\/colombia\/#website\",\"url\":\"https:\/\/www.fiscalia.gov.co\/colombia\/\",\"name\":\"Fiscal\u00eda General de la Naci\u00f3n\",\"description\":\"P\u00e1gina oficial de la Fiscal\u00eda General de la Naci\u00f3n \u2013 Colombia. Garantizamos el acceso efectivo a la justicia, la verdad y la reparaci\u00f3n de las v\u00edctimas de los delitos.\",\"publisher\":{\"@id\":\"https:\/\/www.fiscalia.gov.co\/colombia\/#organization\"},\"potentialAction\":[{\"@type\":\"SearchAction\",\"target\":{\"@type\":\"EntryPoint\",\"urlTemplate\":\"https:\/\/www.fiscalia.gov.co\/colombia\/?s={search_term_string}\"},\"query-input\":{\"@type\":\"PropertyValueSpecification\",\"valueRequired\":true,\"valueName\":\"search_term_string\"}}],\"inLanguage\":\"es-CO\"},{\"@type\":\"Organization\",\"@id\":\"https:\/\/www.fiscalia.gov.co\/colombia\/#organization\",\"name\":\"Fiscal\u00eda General de la Naci\u00f3n\",\"url\":\"https:\/\/www.fiscalia.gov.co\/colombia\/\",\"logo\":{\"@type\":\"ImageObject\",\"inLanguage\":\"es-CO\",\"@id\":\"https:\/\/www.fiscalia.gov.co\/colombia\/#\/schema\/logo\/image\/\",\"url\":\"https:\/\/www.fiscalia.gov.co\/colombia\/wp-content\/uploads\/LogoHorizontal_1.jpg\",\"contentUrl\":\"https:\/\/www.fiscalia.gov.co\/colombia\/wp-content\/uploads\/LogoHorizontal_1.jpg\",\"width\":300,\"height\":90,\"caption\":\"Fiscal\u00eda General de la Naci\u00f3n\"},\"image\":{\"@id\":\"https:\/\/www.fiscalia.gov.co\/colombia\/#\/schema\/logo\/image\/\"},\"sameAs\":[\"https:\/\/www.facebook.com\/FiscaliaCol\",\"https:\/\/x.com\/FiscaliaCol\",\"https:\/\/www.instagram.com\/fiscaliacol\",\"https:\/\/www.linkedin.com\/company\/fiscalia-general-de-la-naci-n\/\",\"https:\/\/youtube.com\/@fiscaliageneraldelanacion-4668?si=6nN79nyQICPU5iTh\"]},{\"@type\":\"Person\",\"@id\":\"https:\/\/www.fiscalia.gov.co\/colombia\/#\/schema\/person\/06aa2210fe4d79203f428ff671dee360\",\"name\":\"Ana Mar\u00eda Gomez\",\"image\":{\"@type\":\"ImageObject\",\"inLanguage\":\"es-CO\",\"@id\":\"https:\/\/www.fiscalia.gov.co\/colombia\/#\/schema\/person\/image\/\",\"url\":\"https:\/\/secure.gravatar.com\/avatar\/a38115d98a7f8a96cbb96af2b2c37a0b?s=96&d=mm&r=g\",\"contentUrl\":\"https:\/\/secure.gravatar.com\/avatar\/a38115d98a7f8a96cbb96af2b2c37a0b?s=96&d=mm&r=g\",\"caption\":\"Ana Mar\u00eda Gomez\"},\"url\":\"https:\/\/www.fiscalia.gov.co\/colombia\/author\/agomez\/\"}]}<\/script>\n<!-- \/ Yoast SEO plugin. -->","yoast_head_json":{"title":"Fiscal\u00eda General de la Naci\u00f3n","description":"P\u00e1gina oficial de la Fiscal\u00eda General de la Naci\u00f3n \u2013 Colombia. Garantizamos el acceso efectivo a la justicia, la verdad y la reparaci\u00f3n de las v\u00edctimas de los delitos.","robots":{"index":"noindex","follow":"follow"},"og_locale":"es_ES","og_type":"article","og_title":"Fiscal\u00eda General de la Naci\u00f3n","og_description":"P\u00e1gina oficial de la Fiscal\u00eda General de la Naci\u00f3n \u2013 Colombia. Garantizamos el acceso efectivo a la justicia, la verdad y la reparaci\u00f3n de las v\u00edctimas de los delitos.","og_url":"https:\/\/www.fiscalia.gov.co\/colombia\/seguridad-territorial\/internamiento-preventivo-contra-un-menor-presunto-responsable-de-homicidio-y-otros-delitos\/","og_site_name":"Fiscal\u00eda General de la Naci\u00f3n","article_publisher":"https:\/\/www.facebook.com\/FiscaliaCol","article_published_time":"2021-05-07T14:56:00+00:00","author":"Ana Mar\u00eda Gomez","twitter_card":"summary_large_image","twitter_creator":"@FiscaliaCol","twitter_site":"@FiscaliaCol","twitter_misc":{"Escrito por":"Ana Mar\u00eda Gomez","Tiempo de lectura":"3 minutos"},"schema":{"@context":"https:\/\/schema.org","@graph":[{"@type":"Article","@id":"https:\/\/www.fiscalia.gov.co\/colombia\/seguridad-territorial\/internamiento-preventivo-contra-un-menor-presunto-responsable-de-homicidio-y-otros-delitos\/#article","isPartOf":{"@id":"https:\/\/www.fiscalia.gov.co\/colombia\/seguridad-territorial\/internamiento-preventivo-contra-un-menor-presunto-responsable-de-homicidio-y-otros-delitos\/"},"author":{"name":"Ana Mar\u00eda Gomez","@id":"https:\/\/www.fiscalia.gov.co\/colombia\/#\/schema\/person\/06aa2210fe4d79203f428ff671dee360"},"headline":"Internamiento preventivo contra un menor presunto responsable de homicidio y otros delitos","datePublished":"2021-05-07T14:56:00+00:00","dateModified":"2021-05-07T14:56:00+00:00","mainEntityOfPage":{"@id":"https:\/\/www.fiscalia.gov.co\/colombia\/seguridad-territorial\/internamiento-preventivo-contra-un-menor-presunto-responsable-de-homicidio-y-otros-delitos\/"},"wordCount":545,"publisher":{"@id":"https:\/\/www.fiscalia.gov.co\/colombia\/#organization"},"keywords":["accesorios","aprehendido","C\u00e1rcel","centro centro especializado","concierto para delinquir agravado y hurto calificado y agravado","Fabricaci\u00f3n","Fiscal General de la Naci\u00f3n","Fiscal\u00eda Colombia","Homicidio agravado","medida internamiento preventivo","parte o municiones; secuestro extorsivo agravado","porte o tenencia de armas de fuego","Secuestro","Tr\u00e1fico"],"articleSection":["Seccional Cali","Seccionales","Seguridad territorial"],"inLanguage":"es-CO"},{"@type":"WebPage","@id":"https:\/\/www.fiscalia.gov.co\/colombia\/seguridad-territorial\/internamiento-preventivo-contra-un-menor-presunto-responsable-de-homicidio-y-otros-delitos\/","url":"https:\/\/www.fiscalia.gov.co\/colombia\/seguridad-territorial\/internamiento-preventivo-contra-un-menor-presunto-responsable-de-homicidio-y-otros-delitos\/","name":"Fiscal\u00eda General de la Naci\u00f3n","isPartOf":{"@id":"https:\/\/www.fiscalia.gov.co\/colombia\/#website"},"datePublished":"2021-05-07T14:56:00+00:00","dateModified":"2021-05-07T14:56:00+00:00","description":"P\u00e1gina oficial de la Fiscal\u00eda General de la Naci\u00f3n \u2013 Colombia. Garantizamos el acceso efectivo a la justicia, la verdad y la reparaci\u00f3n de las v\u00edctimas de los delitos.","breadcrumb":{"@id":"https:\/\/www.fiscalia.gov.co\/colombia\/seguridad-territorial\/internamiento-preventivo-contra-un-menor-presunto-responsable-de-homicidio-y-otros-delitos\/#breadcrumb"},"inLanguage":"es-CO","potentialAction":[{"@type":"ReadAction","target":["https:\/\/www.fiscalia.gov.co\/colombia\/seguridad-territorial\/internamiento-preventivo-contra-un-menor-presunto-responsable-de-homicidio-y-otros-delitos\/"]}]},{"@type":"BreadcrumbList","@id":"https:\/\/www.fiscalia.gov.co\/colombia\/seguridad-territorial\/internamiento-preventivo-contra-un-menor-presunto-responsable-de-homicidio-y-otros-delitos\/#breadcrumb","itemListElement":[{"@type":"ListItem","position":1,"name":"Home","item":"https:\/\/www.fiscalia.gov.co\/colombia\/"},{"@type":"ListItem","position":2,"name":"Internamiento preventivo contra un menor presunto responsable de homicidio y otros delitos"}]},{"@type":"WebSite","@id":"https:\/\/www.fiscalia.gov.co\/colombia\/#website","url":"https:\/\/www.fiscalia.gov.co\/colombia\/","name":"Fiscal\u00eda General de la Naci\u00f3n","description":"P\u00e1gina oficial de la Fiscal\u00eda General de la Naci\u00f3n \u2013 Colombia. Garantizamos el acceso efectivo a la justicia, la verdad y la reparaci\u00f3n de las v\u00edctimas de los delitos.","publisher":{"@id":"https:\/\/www.fiscalia.gov.co\/colombia\/#organization"},"potentialAction":[{"@type":"SearchAction","target":{"@type":"EntryPoint","urlTemplate":"https:\/\/www.fiscalia.gov.co\/colombia\/?s={search_term_string}"},"query-input":{"@type":"PropertyValueSpecification","valueRequired":true,"valueName":"search_term_string"}}],"inLanguage":"es-CO"},{"@type":"Organization","@id":"https:\/\/www.fiscalia.gov.co\/colombia\/#organization","name":"Fiscal\u00eda General de la Naci\u00f3n","url":"https:\/\/www.fiscalia.gov.co\/colombia\/","logo":{"@type":"ImageObject","inLanguage":"es-CO","@id":"https:\/\/www.fiscalia.gov.co\/colombia\/#\/schema\/logo\/image\/","url":"https:\/\/www.fiscalia.gov.co\/colombia\/wp-content\/uploads\/LogoHorizontal_1.jpg","contentUrl":"https:\/\/www.fiscalia.gov.co\/colombia\/wp-content\/uploads\/LogoHorizontal_1.jpg","width":300,"height":90,"caption":"Fiscal\u00eda General de la Naci\u00f3n"},"image":{"@id":"https:\/\/www.fiscalia.gov.co\/colombia\/#\/schema\/logo\/image\/"},"sameAs":["https:\/\/www.facebook.com\/FiscaliaCol","https:\/\/x.com\/FiscaliaCol","https:\/\/www.instagram.com\/fiscaliacol","https:\/\/www.linkedin.com\/company\/fiscalia-general-de-la-naci-n\/","https:\/\/youtube.com\/@fiscaliageneraldelanacion-4668?si=6nN79nyQICPU5iTh"]},{"@type":"Person","@id":"https:\/\/www.fiscalia.gov.co\/colombia\/#\/schema\/person\/06aa2210fe4d79203f428ff671dee360","name":"Ana Mar\u00eda Gomez","image":{"@type":"ImageObject","inLanguage":"es-CO","@id":"https:\/\/www.fiscalia.gov.co\/colombia\/#\/schema\/person\/image\/","url":"https:\/\/secure.gravatar.com\/avatar\/a38115d98a7f8a96cbb96af2b2c37a0b?s=96&d=mm&r=g","contentUrl":"https:\/\/secure.gravatar.com\/avatar\/a38115d98a7f8a96cbb96af2b2c37a0b?s=96&d=mm&r=g","caption":"Ana Mar\u00eda Gomez"},"url":"https:\/\/www.fiscalia.gov.co\/colombia\/author\/agomez\/"}]}},"_links":{"self":[{"href":"https:\/\/www.fiscalia.gov.co\/colombia\/wp-json\/wp\/v2\/posts\/219539","targetHints":{"allow":["GET"]}}],"collection":[{"href":"https:\/\/www.fiscalia.gov.co\/colombia\/wp-json\/wp\/v2\/posts"}],"about":[{"href":"https:\/\/www.fiscalia.gov.co\/colombia\/wp-json\/wp\/v2\/types\/post"}],"author":[{"embeddable":true,"href":"https:\/\/www.fiscalia.gov.co\/colombia\/wp-json\/wp\/v2\/users\/171"}],"replies":[{"embeddable":true,"href":"https:\/\/www.fiscalia.gov.co\/colombia\/wp-json\/wp\/v2\/comments?post=219539"}],"version-history":[{"count":1,"href":"https:\/\/www.fiscalia.gov.co\/colombia\/wp-json\/wp\/v2\/posts\/219539\/revisions"}],"predecessor-version":[{"id":219540,"href":"https:\/\/www.fiscalia.gov.co\/colombia\/wp-json\/wp\/v2\/posts\/219539\/revisions\/219540"}],"wp:attachment":[{"href":"https:\/\/www.fiscalia.gov.co\/colombia\/wp-json\/wp\/v2\/media?parent=219539"}],"wp:term":[{"taxonomy":"category","embeddable":true,"href":"https:\/\/www.fiscalia.gov.co\/colombia\/wp-json\/wp\/v2\/categories?post=219539"},{"taxonomy":"post_tag","embeddable":true,"href":"https:\/\/www.fiscalia.gov.co\/colombia\/wp-json\/wp\/v2\/tags?post=219539"}],"curies":[{"name":"wp","href":"https:\/\/api.w.org\/{rel}","templated":true}]}}