{"id":219422,"date":"2021-05-06T11:41:19","date_gmt":"2021-05-06T16:41:19","guid":{"rendered":"https:\/\/www.fiscalia.gov.co\/colombia\/?p=219422"},"modified":"2021-05-06T11:41:19","modified_gmt":"2021-05-06T16:41:19","slug":"a-18-y-4-anos-de-prision-fueron-condenados-dos-integrantes-del-grupo-delictivo-los-juniors-en-cali","status":"publish","type":"post","link":"https:\/\/www.fiscalia.gov.co\/colombia\/hay-justicia\/a-18-y-4-anos-de-prision-fueron-condenados-dos-integrantes-del-grupo-delictivo-los-juniors-en-cali\/","title":{"rendered":"A 18 y 4 a\u00f1os de prisi\u00f3n fueron condenados dos integrantes del grupo delictivo Los Juniors en Cali"},"content":{"rendered":"<blockquote>\n<h4 class=\"x_x_MsoNormal\" style=\"text-align: left;\"><strong><i>En julio del 2019 fueron capturados y judicializados por tr\u00e1fico de sustancias estupefacientes en tres comunas del oriente de la capital vallecaucana.<\/i><\/strong><\/h4>\n<\/blockquote>\n<p class=\"x_x_MsoNormal\">Luego de avalar las pruebas recaudadas por la\u00a0<b>Fiscal\u00eda<\/b>, un juez de conocimiento\u00a0conden\u00f3 a Julio C\u00e9sar Angulo Jim\u00e9nez y Andr\u00e9s Fernando Orozco Cajares,\u00a0a 18 y 4 a\u00f1os de prisi\u00f3n, respectivamente,\u00a0integrantes del grupo delincuencial\u00a0<a href=\"https:\/\/www.fiscalia.gov.co\/colombia\/seccionales\/a-la-carcel-11-presuntos-integrantes-de-los-juniors-por-trafico-de-estupefacientes-sicariato-y-hurto\/\" target=\"_blank\" rel=\"noopener noreferrer\">Los Juniors<\/a>, dedicado al tr\u00e1fico de estupefacientes en el oriente de Cali (Valle del Cauca).<\/p>\n<p class=\"x_x_MsoNormal\">Seg\u00fan las investigaciones adelantas por la\u00a0<b>Sij\u00edn de la Polic\u00eda Nacional<\/b>, se estableci\u00f3 que dicho grupo ejerc\u00eda su accionar delictivo en las Comunas 13, 14 y 16, oriente de la capital vallecaucana, as\u00ed como su participaci\u00f3n en homicidios y hurtos a mano armada.<\/p>\n<p class=\"x_x_MsoNormal\">Los hoy sentenciados, junto con otros presuntos integrantes de \u2018Los Juniors\u2019 fueron capturados en julio del a\u00f1o 2019, durante varias diligencias de registro y allanamiento coordinadas por la\u00a0<b>Fiscal\u00eda y ejecutadas por la Polic\u00eda Nacional.<\/b><\/p>\n<p class=\"x_x_MsoNormal\">Durante las audiencias concentras el ente acusador le imput\u00f3 a Julio C\u00e9sar Angulo Jim\u00e9nez los delitos de concierto para delinquir agravado, homicidio simple y porte ilegal de armas de fuego de defensa personal. Entretanto, a Andr\u00e9s Fernando Orozco Cajares le endilg\u00f3 los delitos de concierto para delinquir agravado, hurto calificado y agravado y porte de armas de fuego de defensa personal.<\/p>\n<p class=\"x_x_MsoNormal\">Las sentencias quedaron en firme y ejecutoriadas.<\/p>\n<p class=\"x_x_MsoNormal\">MAP\/AJM\/MG<\/p>\n\n<div class=\"twitter-share\"><a href=\"https:\/\/twitter.com\/intent\/tweet?via=fiscaliacol\" class=\"twitter-share-button\">Tweet<\/a><\/div>\n","protected":false},"excerpt":{"rendered":"<p>En julio del 2019 fueron capturados y judicializados por tr\u00e1fico de sustancias estupefacientes en tres comunas del oriente de la capital vallecaucana. Luego de avalar las pruebas recaudadas por la\u00a0Fiscal\u00eda, un juez de conocimiento\u00a0conden\u00f3 a Julio C\u00e9sar Angulo Jim\u00e9nez y Andr\u00e9s Fernando Orozco Cajares,\u00a0a 18 y 4 a\u00f1os de prisi\u00f3n, respectivamente,\u00a0integrantes del grupo delincuencial\u00a0Los Juniors, [&hellip;]<\/p>\n","protected":false},"author":171,"featured_media":0,"comment_status":"closed","ping_status":"open","sticky":false,"template":"","format":"standard","meta":{"_price":"","_stock":"","_tribe_ticket_header":"","_tribe_default_ticket_provider":"","_tribe_ticket_capacity":"0","_ticket_start_date":"","_ticket_end_date":"","_tribe_ticket_show_description":"","_tribe_ticket_show_not_going":false,"_tribe_ticket_use_global_stock":"","_tribe_ticket_global_stock_level":"","_global_stock_mode":"","_global_stock_cap":"","_tribe_rsvp_for_event":"","_tribe_ticket_going_count":"","_tribe_ticket_not_going_count":"","_tribe_tickets_list":"[]","_tribe_ticket_has_attendee_info_fields":false,"tdm_status":"","tdm_grid_status":"","footnotes":""},"categories":[24174,324,303],"tags":[26868,7336,78,24187,26867,7451,26198,13084],"class_list":{"0":"post-219422","1":"post","2":"type-post","3":"status-publish","4":"format-standard","6":"category-hay-justicia","7":"category-seccional-cali","8":"category-seccionales","9":"tag-centros-penitenciarios","10":"tag-concierto-para-delinquir-agravado","11":"tag-fiscal-general-de-la-nacion","12":"tag-fiscalia-colombia","13":"tag-homicidio-simple-y-porte-ilegal-de-armas-de-fuego-de-defensa-personal","14":"tag-hurto-calificado-y-agravado","15":"tag-purgar-condena","16":"tag-sentencia-condenatoria"},"yoast_head":"<!-- This site is optimized with the Yoast SEO plugin v24.3 - https:\/\/yoast.com\/wordpress\/plugins\/seo\/ -->\n<title>Fiscal\u00eda General de la Naci\u00f3n<\/title>\n<meta name=\"description\" content=\"P\u00e1gina oficial de la Fiscal\u00eda General de la Naci\u00f3n \u2013 Colombia. Garantizamos el acceso efectivo a la justicia, la verdad y la reparaci\u00f3n de las v\u00edctimas de los delitos.\" \/>\n<meta name=\"robots\" content=\"noindex, follow\" \/>\n<meta property=\"og:locale\" content=\"es_ES\" \/>\n<meta property=\"og:type\" content=\"article\" \/>\n<meta property=\"og:title\" content=\"Fiscal\u00eda General de la Naci\u00f3n\" \/>\n<meta property=\"og:description\" content=\"P\u00e1gina oficial de la Fiscal\u00eda General de la Naci\u00f3n \u2013 Colombia. Garantizamos el acceso efectivo a la justicia, la verdad y la reparaci\u00f3n de las v\u00edctimas de los delitos.\" \/>\n<meta property=\"og:url\" content=\"https:\/\/www.fiscalia.gov.co\/colombia\/hay-justicia\/a-18-y-4-anos-de-prision-fueron-condenados-dos-integrantes-del-grupo-delictivo-los-juniors-en-cali\/\" \/>\n<meta property=\"og:site_name\" content=\"Fiscal\u00eda General de la Naci\u00f3n\" \/>\n<meta property=\"article:publisher\" content=\"https:\/\/www.facebook.com\/FiscaliaCol\" \/>\n<meta property=\"article:published_time\" content=\"2021-05-06T16:41:19+00:00\" \/>\n<meta name=\"author\" content=\"Ana Mar\u00eda Gomez\" \/>\n<meta name=\"twitter:card\" content=\"summary_large_image\" \/>\n<meta name=\"twitter:creator\" content=\"@FiscaliaCol\" \/>\n<meta name=\"twitter:site\" content=\"@FiscaliaCol\" \/>\n<meta name=\"twitter:label1\" content=\"Escrito por\" \/>\n\t<meta name=\"twitter:data1\" content=\"Ana Mar\u00eda Gomez\" \/>\n\t<meta name=\"twitter:label2\" content=\"Tiempo de lectura\" \/>\n\t<meta name=\"twitter:data2\" content=\"1 minuto\" \/>\n<script type=\"application\/ld+json\" class=\"yoast-schema-graph\">{\"@context\":\"https:\/\/schema.org\",\"@graph\":[{\"@type\":\"Article\",\"@id\":\"https:\/\/www.fiscalia.gov.co\/colombia\/hay-justicia\/a-18-y-4-anos-de-prision-fueron-condenados-dos-integrantes-del-grupo-delictivo-los-juniors-en-cali\/#article\",\"isPartOf\":{\"@id\":\"https:\/\/www.fiscalia.gov.co\/colombia\/hay-justicia\/a-18-y-4-anos-de-prision-fueron-condenados-dos-integrantes-del-grupo-delictivo-los-juniors-en-cali\/\"},\"author\":{\"name\":\"Ana Mar\u00eda Gomez\",\"@id\":\"https:\/\/www.fiscalia.gov.co\/colombia\/#\/schema\/person\/06aa2210fe4d79203f428ff671dee360\"},\"headline\":\"A 18 y 4 a\u00f1os de prisi\u00f3n fueron condenados dos integrantes del grupo delictivo Los Juniors en Cali\",\"datePublished\":\"2021-05-06T16:41:19+00:00\",\"dateModified\":\"2021-05-06T16:41:19+00:00\",\"mainEntityOfPage\":{\"@id\":\"https:\/\/www.fiscalia.gov.co\/colombia\/hay-justicia\/a-18-y-4-anos-de-prision-fueron-condenados-dos-integrantes-del-grupo-delictivo-los-juniors-en-cali\/\"},\"wordCount\":252,\"publisher\":{\"@id\":\"https:\/\/www.fiscalia.gov.co\/colombia\/#organization\"},\"keywords\":[\"centros penitenciarios.\",\"Concierto para delinquir agravado\",\"Fiscal General de la Naci\u00f3n\",\"Fiscal\u00eda Colombia\",\"homicidio simple y porte ilegal de armas de fuego de defensa personal\",\"hurto calificado y agravado\",\"purgar condena\",\"Sentencia condenatoria\"],\"articleSection\":[\"Hay Justicia\",\"Seccional Cali\",\"Seccionales\"],\"inLanguage\":\"es-CO\"},{\"@type\":\"WebPage\",\"@id\":\"https:\/\/www.fiscalia.gov.co\/colombia\/hay-justicia\/a-18-y-4-anos-de-prision-fueron-condenados-dos-integrantes-del-grupo-delictivo-los-juniors-en-cali\/\",\"url\":\"https:\/\/www.fiscalia.gov.co\/colombia\/hay-justicia\/a-18-y-4-anos-de-prision-fueron-condenados-dos-integrantes-del-grupo-delictivo-los-juniors-en-cali\/\",\"name\":\"Fiscal\u00eda General de la Naci\u00f3n\",\"isPartOf\":{\"@id\":\"https:\/\/www.fiscalia.gov.co\/colombia\/#website\"},\"datePublished\":\"2021-05-06T16:41:19+00:00\",\"dateModified\":\"2021-05-06T16:41:19+00:00\",\"description\":\"P\u00e1gina oficial de la Fiscal\u00eda General de la Naci\u00f3n \u2013 Colombia. Garantizamos el acceso efectivo a la justicia, la verdad y la reparaci\u00f3n de las v\u00edctimas de los delitos.\",\"breadcrumb\":{\"@id\":\"https:\/\/www.fiscalia.gov.co\/colombia\/hay-justicia\/a-18-y-4-anos-de-prision-fueron-condenados-dos-integrantes-del-grupo-delictivo-los-juniors-en-cali\/#breadcrumb\"},\"inLanguage\":\"es-CO\",\"potentialAction\":[{\"@type\":\"ReadAction\",\"target\":[\"https:\/\/www.fiscalia.gov.co\/colombia\/hay-justicia\/a-18-y-4-anos-de-prision-fueron-condenados-dos-integrantes-del-grupo-delictivo-los-juniors-en-cali\/\"]}]},{\"@type\":\"BreadcrumbList\",\"@id\":\"https:\/\/www.fiscalia.gov.co\/colombia\/hay-justicia\/a-18-y-4-anos-de-prision-fueron-condenados-dos-integrantes-del-grupo-delictivo-los-juniors-en-cali\/#breadcrumb\",\"itemListElement\":[{\"@type\":\"ListItem\",\"position\":1,\"name\":\"Home\",\"item\":\"https:\/\/www.fiscalia.gov.co\/colombia\/\"},{\"@type\":\"ListItem\",\"position\":2,\"name\":\"A 18 y 4 a\u00f1os de prisi\u00f3n fueron condenados dos integrantes del grupo delictivo Los Juniors en Cali\"}]},{\"@type\":\"WebSite\",\"@id\":\"https:\/\/www.fiscalia.gov.co\/colombia\/#website\",\"url\":\"https:\/\/www.fiscalia.gov.co\/colombia\/\",\"name\":\"Fiscal\u00eda General de la Naci\u00f3n\",\"description\":\"P\u00e1gina oficial de la Fiscal\u00eda General de la Naci\u00f3n \u2013 Colombia. Garantizamos el acceso efectivo a la justicia, la verdad y la reparaci\u00f3n de las v\u00edctimas de los delitos.\",\"publisher\":{\"@id\":\"https:\/\/www.fiscalia.gov.co\/colombia\/#organization\"},\"potentialAction\":[{\"@type\":\"SearchAction\",\"target\":{\"@type\":\"EntryPoint\",\"urlTemplate\":\"https:\/\/www.fiscalia.gov.co\/colombia\/?s={search_term_string}\"},\"query-input\":{\"@type\":\"PropertyValueSpecification\",\"valueRequired\":true,\"valueName\":\"search_term_string\"}}],\"inLanguage\":\"es-CO\"},{\"@type\":\"Organization\",\"@id\":\"https:\/\/www.fiscalia.gov.co\/colombia\/#organization\",\"name\":\"Fiscal\u00eda General de la Naci\u00f3n\",\"url\":\"https:\/\/www.fiscalia.gov.co\/colombia\/\",\"logo\":{\"@type\":\"ImageObject\",\"inLanguage\":\"es-CO\",\"@id\":\"https:\/\/www.fiscalia.gov.co\/colombia\/#\/schema\/logo\/image\/\",\"url\":\"https:\/\/www.fiscalia.gov.co\/colombia\/wp-content\/uploads\/LogoHorizontal_1.jpg\",\"contentUrl\":\"https:\/\/www.fiscalia.gov.co\/colombia\/wp-content\/uploads\/LogoHorizontal_1.jpg\",\"width\":300,\"height\":90,\"caption\":\"Fiscal\u00eda General de la Naci\u00f3n\"},\"image\":{\"@id\":\"https:\/\/www.fiscalia.gov.co\/colombia\/#\/schema\/logo\/image\/\"},\"sameAs\":[\"https:\/\/www.facebook.com\/FiscaliaCol\",\"https:\/\/x.com\/FiscaliaCol\",\"https:\/\/www.instagram.com\/fiscaliacol\",\"https:\/\/www.linkedin.com\/company\/fiscalia-general-de-la-naci-n\/\",\"https:\/\/youtube.com\/@fiscaliageneraldelanacion-4668?si=6nN79nyQICPU5iTh\"]},{\"@type\":\"Person\",\"@id\":\"https:\/\/www.fiscalia.gov.co\/colombia\/#\/schema\/person\/06aa2210fe4d79203f428ff671dee360\",\"name\":\"Ana Mar\u00eda Gomez\",\"image\":{\"@type\":\"ImageObject\",\"inLanguage\":\"es-CO\",\"@id\":\"https:\/\/www.fiscalia.gov.co\/colombia\/#\/schema\/person\/image\/\",\"url\":\"https:\/\/secure.gravatar.com\/avatar\/a38115d98a7f8a96cbb96af2b2c37a0b?s=96&d=mm&r=g\",\"contentUrl\":\"https:\/\/secure.gravatar.com\/avatar\/a38115d98a7f8a96cbb96af2b2c37a0b?s=96&d=mm&r=g\",\"caption\":\"Ana Mar\u00eda Gomez\"},\"url\":\"https:\/\/www.fiscalia.gov.co\/colombia\/author\/agomez\/\"}]}<\/script>\n<!-- \/ Yoast SEO plugin. -->","yoast_head_json":{"title":"Fiscal\u00eda General de la Naci\u00f3n","description":"P\u00e1gina oficial de la Fiscal\u00eda General de la Naci\u00f3n \u2013 Colombia. Garantizamos el acceso efectivo a la justicia, la verdad y la reparaci\u00f3n de las v\u00edctimas de los delitos.","robots":{"index":"noindex","follow":"follow"},"og_locale":"es_ES","og_type":"article","og_title":"Fiscal\u00eda General de la Naci\u00f3n","og_description":"P\u00e1gina oficial de la Fiscal\u00eda General de la Naci\u00f3n \u2013 Colombia. Garantizamos el acceso efectivo a la justicia, la verdad y la reparaci\u00f3n de las v\u00edctimas de los delitos.","og_url":"https:\/\/www.fiscalia.gov.co\/colombia\/hay-justicia\/a-18-y-4-anos-de-prision-fueron-condenados-dos-integrantes-del-grupo-delictivo-los-juniors-en-cali\/","og_site_name":"Fiscal\u00eda General de la Naci\u00f3n","article_publisher":"https:\/\/www.facebook.com\/FiscaliaCol","article_published_time":"2021-05-06T16:41:19+00:00","author":"Ana Mar\u00eda Gomez","twitter_card":"summary_large_image","twitter_creator":"@FiscaliaCol","twitter_site":"@FiscaliaCol","twitter_misc":{"Escrito por":"Ana Mar\u00eda Gomez","Tiempo de lectura":"1 minuto"},"schema":{"@context":"https:\/\/schema.org","@graph":[{"@type":"Article","@id":"https:\/\/www.fiscalia.gov.co\/colombia\/hay-justicia\/a-18-y-4-anos-de-prision-fueron-condenados-dos-integrantes-del-grupo-delictivo-los-juniors-en-cali\/#article","isPartOf":{"@id":"https:\/\/www.fiscalia.gov.co\/colombia\/hay-justicia\/a-18-y-4-anos-de-prision-fueron-condenados-dos-integrantes-del-grupo-delictivo-los-juniors-en-cali\/"},"author":{"name":"Ana Mar\u00eda Gomez","@id":"https:\/\/www.fiscalia.gov.co\/colombia\/#\/schema\/person\/06aa2210fe4d79203f428ff671dee360"},"headline":"A 18 y 4 a\u00f1os de prisi\u00f3n fueron condenados dos integrantes del grupo delictivo Los Juniors en Cali","datePublished":"2021-05-06T16:41:19+00:00","dateModified":"2021-05-06T16:41:19+00:00","mainEntityOfPage":{"@id":"https:\/\/www.fiscalia.gov.co\/colombia\/hay-justicia\/a-18-y-4-anos-de-prision-fueron-condenados-dos-integrantes-del-grupo-delictivo-los-juniors-en-cali\/"},"wordCount":252,"publisher":{"@id":"https:\/\/www.fiscalia.gov.co\/colombia\/#organization"},"keywords":["centros penitenciarios.","Concierto para delinquir agravado","Fiscal General de la Naci\u00f3n","Fiscal\u00eda Colombia","homicidio simple y porte ilegal de armas de fuego de defensa personal","hurto calificado y agravado","purgar condena","Sentencia condenatoria"],"articleSection":["Hay Justicia","Seccional Cali","Seccionales"],"inLanguage":"es-CO"},{"@type":"WebPage","@id":"https:\/\/www.fiscalia.gov.co\/colombia\/hay-justicia\/a-18-y-4-anos-de-prision-fueron-condenados-dos-integrantes-del-grupo-delictivo-los-juniors-en-cali\/","url":"https:\/\/www.fiscalia.gov.co\/colombia\/hay-justicia\/a-18-y-4-anos-de-prision-fueron-condenados-dos-integrantes-del-grupo-delictivo-los-juniors-en-cali\/","name":"Fiscal\u00eda General de la Naci\u00f3n","isPartOf":{"@id":"https:\/\/www.fiscalia.gov.co\/colombia\/#website"},"datePublished":"2021-05-06T16:41:19+00:00","dateModified":"2021-05-06T16:41:19+00:00","description":"P\u00e1gina oficial de la Fiscal\u00eda General de la Naci\u00f3n \u2013 Colombia. Garantizamos el acceso efectivo a la justicia, la verdad y la reparaci\u00f3n de las v\u00edctimas de los delitos.","breadcrumb":{"@id":"https:\/\/www.fiscalia.gov.co\/colombia\/hay-justicia\/a-18-y-4-anos-de-prision-fueron-condenados-dos-integrantes-del-grupo-delictivo-los-juniors-en-cali\/#breadcrumb"},"inLanguage":"es-CO","potentialAction":[{"@type":"ReadAction","target":["https:\/\/www.fiscalia.gov.co\/colombia\/hay-justicia\/a-18-y-4-anos-de-prision-fueron-condenados-dos-integrantes-del-grupo-delictivo-los-juniors-en-cali\/"]}]},{"@type":"BreadcrumbList","@id":"https:\/\/www.fiscalia.gov.co\/colombia\/hay-justicia\/a-18-y-4-anos-de-prision-fueron-condenados-dos-integrantes-del-grupo-delictivo-los-juniors-en-cali\/#breadcrumb","itemListElement":[{"@type":"ListItem","position":1,"name":"Home","item":"https:\/\/www.fiscalia.gov.co\/colombia\/"},{"@type":"ListItem","position":2,"name":"A 18 y 4 a\u00f1os de prisi\u00f3n fueron condenados dos integrantes del grupo delictivo Los Juniors en Cali"}]},{"@type":"WebSite","@id":"https:\/\/www.fiscalia.gov.co\/colombia\/#website","url":"https:\/\/www.fiscalia.gov.co\/colombia\/","name":"Fiscal\u00eda General de la Naci\u00f3n","description":"P\u00e1gina oficial de la Fiscal\u00eda General de la Naci\u00f3n \u2013 Colombia. Garantizamos el acceso efectivo a la justicia, la verdad y la reparaci\u00f3n de las v\u00edctimas de los delitos.","publisher":{"@id":"https:\/\/www.fiscalia.gov.co\/colombia\/#organization"},"potentialAction":[{"@type":"SearchAction","target":{"@type":"EntryPoint","urlTemplate":"https:\/\/www.fiscalia.gov.co\/colombia\/?s={search_term_string}"},"query-input":{"@type":"PropertyValueSpecification","valueRequired":true,"valueName":"search_term_string"}}],"inLanguage":"es-CO"},{"@type":"Organization","@id":"https:\/\/www.fiscalia.gov.co\/colombia\/#organization","name":"Fiscal\u00eda General de la Naci\u00f3n","url":"https:\/\/www.fiscalia.gov.co\/colombia\/","logo":{"@type":"ImageObject","inLanguage":"es-CO","@id":"https:\/\/www.fiscalia.gov.co\/colombia\/#\/schema\/logo\/image\/","url":"https:\/\/www.fiscalia.gov.co\/colombia\/wp-content\/uploads\/LogoHorizontal_1.jpg","contentUrl":"https:\/\/www.fiscalia.gov.co\/colombia\/wp-content\/uploads\/LogoHorizontal_1.jpg","width":300,"height":90,"caption":"Fiscal\u00eda General de la Naci\u00f3n"},"image":{"@id":"https:\/\/www.fiscalia.gov.co\/colombia\/#\/schema\/logo\/image\/"},"sameAs":["https:\/\/www.facebook.com\/FiscaliaCol","https:\/\/x.com\/FiscaliaCol","https:\/\/www.instagram.com\/fiscaliacol","https:\/\/www.linkedin.com\/company\/fiscalia-general-de-la-naci-n\/","https:\/\/youtube.com\/@fiscaliageneraldelanacion-4668?si=6nN79nyQICPU5iTh"]},{"@type":"Person","@id":"https:\/\/www.fiscalia.gov.co\/colombia\/#\/schema\/person\/06aa2210fe4d79203f428ff671dee360","name":"Ana Mar\u00eda Gomez","image":{"@type":"ImageObject","inLanguage":"es-CO","@id":"https:\/\/www.fiscalia.gov.co\/colombia\/#\/schema\/person\/image\/","url":"https:\/\/secure.gravatar.com\/avatar\/a38115d98a7f8a96cbb96af2b2c37a0b?s=96&d=mm&r=g","contentUrl":"https:\/\/secure.gravatar.com\/avatar\/a38115d98a7f8a96cbb96af2b2c37a0b?s=96&d=mm&r=g","caption":"Ana Mar\u00eda Gomez"},"url":"https:\/\/www.fiscalia.gov.co\/colombia\/author\/agomez\/"}]}},"_links":{"self":[{"href":"https:\/\/www.fiscalia.gov.co\/colombia\/wp-json\/wp\/v2\/posts\/219422","targetHints":{"allow":["GET"]}}],"collection":[{"href":"https:\/\/www.fiscalia.gov.co\/colombia\/wp-json\/wp\/v2\/posts"}],"about":[{"href":"https:\/\/www.fiscalia.gov.co\/colombia\/wp-json\/wp\/v2\/types\/post"}],"author":[{"embeddable":true,"href":"https:\/\/www.fiscalia.gov.co\/colombia\/wp-json\/wp\/v2\/users\/171"}],"replies":[{"embeddable":true,"href":"https:\/\/www.fiscalia.gov.co\/colombia\/wp-json\/wp\/v2\/comments?post=219422"}],"version-history":[{"count":1,"href":"https:\/\/www.fiscalia.gov.co\/colombia\/wp-json\/wp\/v2\/posts\/219422\/revisions"}],"predecessor-version":[{"id":219423,"href":"https:\/\/www.fiscalia.gov.co\/colombia\/wp-json\/wp\/v2\/posts\/219422\/revisions\/219423"}],"wp:attachment":[{"href":"https:\/\/www.fiscalia.gov.co\/colombia\/wp-json\/wp\/v2\/media?parent=219422"}],"wp:term":[{"taxonomy":"category","embeddable":true,"href":"https:\/\/www.fiscalia.gov.co\/colombia\/wp-json\/wp\/v2\/categories?post=219422"},{"taxonomy":"post_tag","embeddable":true,"href":"https:\/\/www.fiscalia.gov.co\/colombia\/wp-json\/wp\/v2\/tags?post=219422"}],"curies":[{"name":"wp","href":"https:\/\/api.w.org\/{rel}","templated":true}]}}