{"id":219363,"date":"2021-05-05T16:27:26","date_gmt":"2021-05-05T21:27:26","guid":{"rendered":"https:\/\/www.fiscalia.gov.co\/colombia\/?p=219363"},"modified":"2021-05-05T16:27:26","modified_gmt":"2021-05-05T21:27:26","slug":"fiscalia-imputo-cargos-a-exdirector-y-exfuncionaria-de-la-area-metropolitana-de-bucaramanga-por-irregularidades-en-contratacion","status":"publish","type":"post","link":"https:\/\/www.fiscalia.gov.co\/colombia\/lucha-contra-corrupcion\/fiscalia-imputo-cargos-a-exdirector-y-exfuncionaria-de-la-area-metropolitana-de-bucaramanga-por-irregularidades-en-contratacion\/","title":{"rendered":"Fiscal\u00eda imput\u00f3 cargos a exdirector y exfuncionaria de la \u00c1rea Metropolitana de Bucaramanga por irregularidades en contrataci\u00f3n"},"content":{"rendered":"<div dir=\"ltr\">\n<p><span lang=\"ES-MX\">Ante un juez con funci\u00f3n de control de garant\u00edas, la\u00a0Fiscal\u00eda General de la Naci\u00f3n<\/span><span lang=\"ES-MX\">\u00a0le imput\u00f3 cargos al exdirector del \u00c1rea Metropolitana de Bucaramanga (AMB), Rodolfo Torres Puyana y a la exfuncionaria de la o<\/span>ficina de contrataci\u00f3n de la misma entidad, Silvia Juliana Villareal Meza.<\/p>\n<p>De acuerdo con la investigaci\u00f3n y el material probatorio recaudado, el contrato suscrito el 1 de octubre de 2019, con un plazo de tres meses, entre el entonces director encargado de AMB, y el representante legal Rayco ltda, ya investigado por estos hechos, el cual ten\u00eda\u00a0 un monto $3.724.774.000, presentaba m\u00faltiples irregularidades.<\/p>\n<div>Dicho contrato ten\u00eda como objeto &#8220;la adquisici\u00f3n, instalaci\u00f3n, articulaci\u00f3n y puesta en funcionamiento de la primera fase del proyecto territorios inteligentes&#8221;.<\/div>\n<div><\/div>\n<p>Se estableci\u00f3 que la adici\u00f3n del contrato por un valor de 397&#8217;131.496 pesos, se realiz\u00f3 pese a que exist\u00eda una medida cautelar proferida por el\u00a0<b>Tribunal Administrativo Contencioso de Santander<\/b>, quien en acci\u00f3n de nulidad como medida cautelar suspendi\u00f3 la autoridad ambiental del \u00c1rea Metropolitana de Bucaramanga, y como consecuencia la utilizaci\u00f3n de los recursos de la sobretasa ambiental, con los que se le pag\u00f3 al contratista.<\/div>\n<div dir=\"ltr\">\nPor lo anterior, durante las audiencias concentradas la Fiscal\u00eda le imput\u00f3 a\u00a0Torres Puyana los delitos de coautor doloso del delito de contrato sin cumplimiento de requisitos legales en concurso con inter\u00e9s indebido en la celebraci\u00f3n de\u00a0<a href=\"http:\/\/www.fiscalia.gov.co\/colombia\/?s=contrataci%C3%B3n\" target=\"_blank\" rel=\"noopener noreferrer\">contratos<\/a>, los cuales no acept\u00f3.<\/p>\n<p><span lang=\"ES-MX\">Entretanto, Villareal Meza\u00a0<\/span><span lang=\"ES-MX\">deber\u00e1 responder por los delitos de coautora dolosa en calidad de c\u00f3mplice del delito de contrato sin cumplimiento de requisitos legales y coautora dolosa de falsedad ideol\u00f3gica en documento p\u00fablico, a los cuales no se allan\u00f3.<\/span><\/p>\n<p><span lang=\"ES-MX\">Es de aclarar que por esta misma investigaci\u00f3n, en marzo pasado, tras la solicitud de la Fiscal\u00eda, un juez con funci\u00f3n de control de garant\u00edas dict\u00f3 medida de aseguramiento en centro carcelario en contra de Gilberto Moreno Ardila, exdirector encargado de la AMB.\u00a0<\/span><\/p>\n<p><span lang=\"ES-MX\">Mientras que el exrepresentante legal de Rayco ltda, Fernando Aristiz\u00e1bal fue cobijado con medida de aseguramiento no privativa de la libertad consistente en la prohibici\u00f3n del salir del pa\u00eds.<\/span><\/p>\n<p><span lang=\"ES-MX\">La Fiscal\u00eda hace p\u00fablica esta informaci\u00f3n por considerarla de inter\u00e9s general.<\/span><\/p>\n<p dir=\"auto\"><span lang=\"ES-MX\">DRA\/MG\/GM<\/span><\/p>\n<p><span lang=\"ES-MX\"><a href=\"http:\/\/www.fiscalia.gov.co\/colombia\/?s=contrataci%C3%B3n\" target=\"_blank\" rel=\"noopener noreferrer\">B\u00fasqueda relacionada:<\/a><\/span><\/p>\n<p><i><span lang=\"ES\">La informaci\u00f3n contenida en este bolet\u00edn de prensa corresponde a la narraci\u00f3n de los hechos noticiosos objetivos, suministrados por los funcionarios encargados de adelantar las investigaciones penales al interior de la Fiscal\u00eda General de la Naci\u00f3n. Para el momento de la divulgaci\u00f3n de este comunicado, la situaci\u00f3n jur\u00eddica de la(s) persona(s) relacionada(s) se encuentra pendiente de resolver por la autoridad judicial competente, siempre bajo los preceptos de la presunci\u00f3n de inocencia, consagrados en el art\u00edculo 29 de la Constituci\u00f3n Pol\u00edtica y el art\u00edculo 7\u00ba de la Ley 906 de 2004.<\/span><\/i><span lang=\"ES\">\u00a0\u00a0\u00a0\u00a0<\/span><\/p>\n<\/div>\n\n<div class=\"twitter-share\"><a href=\"https:\/\/twitter.com\/intent\/tweet?via=fiscaliacol\" class=\"twitter-share-button\">Tweet<\/a><\/div>\n","protected":false},"excerpt":{"rendered":"<p>Ante un juez con funci\u00f3n de control de garant\u00edas, la\u00a0Fiscal\u00eda General de la Naci\u00f3n\u00a0le imput\u00f3 cargos al exdirector del \u00c1rea Metropolitana de Bucaramanga (AMB), Rodolfo Torres Puyana y a la [&hellip;]<\/p>\n","protected":false},"author":171,"featured_media":0,"comment_status":"closed","ping_status":"open","sticky":false,"template":"","format":"standard","meta":{"tdm_status":"","tdm_grid_status":"","footnotes":""},"categories":[24107,322,303],"tags":[465,26182,427,10],"class_list":["post-219363","post","type-post","status-publish","format-standard","category-lucha-contra-corrupcion","category-seccional-bucaramanga","category-seccionales","tag-administracion-publica","tag-amb","tag-corrupcion","tag-fiscal-general"],"yoast_head":"<!-- This site is optimized with the Yoast SEO plugin v24.3 - https:\/\/yoast.com\/wordpress\/plugins\/seo\/ -->\n<title>Fiscal\u00eda General de la Naci\u00f3n<\/title>\n<meta name=\"description\" content=\"P\u00e1gina oficial de la Fiscal\u00eda General de la Naci\u00f3n \u2013 Colombia. Garantizamos el acceso efectivo a la justicia, la verdad y la reparaci\u00f3n de las v\u00edctimas de los delitos.\" \/>\n<meta name=\"robots\" content=\"noindex, follow\" \/>\n<meta property=\"og:locale\" content=\"es_ES\" \/>\n<meta property=\"og:type\" content=\"article\" \/>\n<meta property=\"og:title\" content=\"Fiscal\u00eda General de la Naci\u00f3n\" \/>\n<meta property=\"og:description\" content=\"P\u00e1gina oficial de la Fiscal\u00eda General de la Naci\u00f3n \u2013 Colombia. Garantizamos el acceso efectivo a la justicia, la verdad y la reparaci\u00f3n de las v\u00edctimas de los delitos.\" \/>\n<meta property=\"og:url\" content=\"https:\/\/www.fiscalia.gov.co\/colombia\/lucha-contra-corrupcion\/fiscalia-imputo-cargos-a-exdirector-y-exfuncionaria-de-la-area-metropolitana-de-bucaramanga-por-irregularidades-en-contratacion\/\" \/>\n<meta property=\"og:site_name\" content=\"Fiscal\u00eda General de la Naci\u00f3n\" \/>\n<meta property=\"article:publisher\" content=\"https:\/\/www.facebook.com\/FiscaliaCol\" \/>\n<meta property=\"article:published_time\" content=\"2021-05-05T21:27:26+00:00\" \/>\n<meta name=\"author\" content=\"Ana Mar\u00eda Gomez\" \/>\n<meta name=\"twitter:card\" content=\"summary_large_image\" \/>\n<meta name=\"twitter:creator\" content=\"@FiscaliaCol\" \/>\n<meta name=\"twitter:site\" content=\"@FiscaliaCol\" \/>\n<meta name=\"twitter:label1\" content=\"Escrito por\" \/>\n\t<meta name=\"twitter:data1\" content=\"Ana Mar\u00eda Gomez\" \/>\n\t<meta name=\"twitter:label2\" content=\"Tiempo de lectura\" \/>\n\t<meta name=\"twitter:data2\" content=\"2 minutos\" \/>\n<script type=\"application\/ld+json\" class=\"yoast-schema-graph\">{\"@context\":\"https:\/\/schema.org\",\"@graph\":[{\"@type\":\"Article\",\"@id\":\"https:\/\/www.fiscalia.gov.co\/colombia\/lucha-contra-corrupcion\/fiscalia-imputo-cargos-a-exdirector-y-exfuncionaria-de-la-area-metropolitana-de-bucaramanga-por-irregularidades-en-contratacion\/#article\",\"isPartOf\":{\"@id\":\"https:\/\/www.fiscalia.gov.co\/colombia\/lucha-contra-corrupcion\/fiscalia-imputo-cargos-a-exdirector-y-exfuncionaria-de-la-area-metropolitana-de-bucaramanga-por-irregularidades-en-contratacion\/\"},\"author\":{\"name\":\"Ana Mar\u00eda Gomez\",\"@id\":\"https:\/\/www.fiscalia.gov.co\/colombia\/#\/schema\/person\/06aa2210fe4d79203f428ff671dee360\"},\"headline\":\"Fiscal\u00eda imput\u00f3 cargos a exdirector y exfuncionaria de la \u00c1rea Metropolitana de Bucaramanga por irregularidades en contrataci\u00f3n\",\"datePublished\":\"2021-05-05T21:27:26+00:00\",\"dateModified\":\"2021-05-05T21:27:26+00:00\",\"mainEntityOfPage\":{\"@id\":\"https:\/\/www.fiscalia.gov.co\/colombia\/lucha-contra-corrupcion\/fiscalia-imputo-cargos-a-exdirector-y-exfuncionaria-de-la-area-metropolitana-de-bucaramanga-por-irregularidades-en-contratacion\/\"},\"wordCount\":507,\"publisher\":{\"@id\":\"https:\/\/www.fiscalia.gov.co\/colombia\/#organization\"},\"keywords\":[\"Administraci\u00f3n p\u00fablica\",\"AMB\",\"Corrupci\u00f3n\",\"Fiscal General\"],\"articleSection\":[\"Corrupci\u00f3n\",\"Seccional Bucaramanga\",\"Seccionales\"],\"inLanguage\":\"es-CO\"},{\"@type\":\"WebPage\",\"@id\":\"https:\/\/www.fiscalia.gov.co\/colombia\/lucha-contra-corrupcion\/fiscalia-imputo-cargos-a-exdirector-y-exfuncionaria-de-la-area-metropolitana-de-bucaramanga-por-irregularidades-en-contratacion\/\",\"url\":\"https:\/\/www.fiscalia.gov.co\/colombia\/lucha-contra-corrupcion\/fiscalia-imputo-cargos-a-exdirector-y-exfuncionaria-de-la-area-metropolitana-de-bucaramanga-por-irregularidades-en-contratacion\/\",\"name\":\"Fiscal\u00eda General de la Naci\u00f3n\",\"isPartOf\":{\"@id\":\"https:\/\/www.fiscalia.gov.co\/colombia\/#website\"},\"datePublished\":\"2021-05-05T21:27:26+00:00\",\"dateModified\":\"2021-05-05T21:27:26+00:00\",\"description\":\"P\u00e1gina oficial de la Fiscal\u00eda General de la Naci\u00f3n \u2013 Colombia. Garantizamos el acceso efectivo a la justicia, la verdad y la reparaci\u00f3n de las v\u00edctimas de los delitos.\",\"breadcrumb\":{\"@id\":\"https:\/\/www.fiscalia.gov.co\/colombia\/lucha-contra-corrupcion\/fiscalia-imputo-cargos-a-exdirector-y-exfuncionaria-de-la-area-metropolitana-de-bucaramanga-por-irregularidades-en-contratacion\/#breadcrumb\"},\"inLanguage\":\"es-CO\",\"potentialAction\":[{\"@type\":\"ReadAction\",\"target\":[\"https:\/\/www.fiscalia.gov.co\/colombia\/lucha-contra-corrupcion\/fiscalia-imputo-cargos-a-exdirector-y-exfuncionaria-de-la-area-metropolitana-de-bucaramanga-por-irregularidades-en-contratacion\/\"]}]},{\"@type\":\"BreadcrumbList\",\"@id\":\"https:\/\/www.fiscalia.gov.co\/colombia\/lucha-contra-corrupcion\/fiscalia-imputo-cargos-a-exdirector-y-exfuncionaria-de-la-area-metropolitana-de-bucaramanga-por-irregularidades-en-contratacion\/#breadcrumb\",\"itemListElement\":[{\"@type\":\"ListItem\",\"position\":1,\"name\":\"Home\",\"item\":\"https:\/\/www.fiscalia.gov.co\/colombia\/\"},{\"@type\":\"ListItem\",\"position\":2,\"name\":\"Fiscal\u00eda imput\u00f3 cargos a exdirector y exfuncionaria de la \u00c1rea Metropolitana de Bucaramanga por irregularidades en contrataci\u00f3n\"}]},{\"@type\":\"WebSite\",\"@id\":\"https:\/\/www.fiscalia.gov.co\/colombia\/#website\",\"url\":\"https:\/\/www.fiscalia.gov.co\/colombia\/\",\"name\":\"Fiscal\u00eda General de la Naci\u00f3n\",\"description\":\"P\u00e1gina oficial de la Fiscal\u00eda General de la Naci\u00f3n \u2013 Colombia. Garantizamos el acceso efectivo a la justicia, la verdad y la reparaci\u00f3n de las v\u00edctimas de los delitos.\",\"publisher\":{\"@id\":\"https:\/\/www.fiscalia.gov.co\/colombia\/#organization\"},\"potentialAction\":[{\"@type\":\"SearchAction\",\"target\":{\"@type\":\"EntryPoint\",\"urlTemplate\":\"https:\/\/www.fiscalia.gov.co\/colombia\/?s={search_term_string}\"},\"query-input\":{\"@type\":\"PropertyValueSpecification\",\"valueRequired\":true,\"valueName\":\"search_term_string\"}}],\"inLanguage\":\"es-CO\"},{\"@type\":\"Organization\",\"@id\":\"https:\/\/www.fiscalia.gov.co\/colombia\/#organization\",\"name\":\"Fiscal\u00eda General de la Naci\u00f3n\",\"url\":\"https:\/\/www.fiscalia.gov.co\/colombia\/\",\"logo\":{\"@type\":\"ImageObject\",\"inLanguage\":\"es-CO\",\"@id\":\"https:\/\/www.fiscalia.gov.co\/colombia\/#\/schema\/logo\/image\/\",\"url\":\"https:\/\/www.fiscalia.gov.co\/colombia\/wp-content\/uploads\/LogoHorizontal_1.jpg\",\"contentUrl\":\"https:\/\/www.fiscalia.gov.co\/colombia\/wp-content\/uploads\/LogoHorizontal_1.jpg\",\"width\":300,\"height\":90,\"caption\":\"Fiscal\u00eda General de la Naci\u00f3n\"},\"image\":{\"@id\":\"https:\/\/www.fiscalia.gov.co\/colombia\/#\/schema\/logo\/image\/\"},\"sameAs\":[\"https:\/\/www.facebook.com\/FiscaliaCol\",\"https:\/\/x.com\/FiscaliaCol\",\"https:\/\/www.instagram.com\/fiscaliacol\",\"https:\/\/www.linkedin.com\/company\/fiscalia-general-de-la-naci-n\/\",\"https:\/\/youtube.com\/@fiscaliageneraldelanacion-4668?si=6nN79nyQICPU5iTh\"]},{\"@type\":\"Person\",\"@id\":\"https:\/\/www.fiscalia.gov.co\/colombia\/#\/schema\/person\/06aa2210fe4d79203f428ff671dee360\",\"name\":\"Ana Mar\u00eda Gomez\",\"image\":{\"@type\":\"ImageObject\",\"inLanguage\":\"es-CO\",\"@id\":\"https:\/\/www.fiscalia.gov.co\/colombia\/#\/schema\/person\/image\/\",\"url\":\"https:\/\/secure.gravatar.com\/avatar\/a38115d98a7f8a96cbb96af2b2c37a0b?s=96&d=mm&r=g\",\"contentUrl\":\"https:\/\/secure.gravatar.com\/avatar\/a38115d98a7f8a96cbb96af2b2c37a0b?s=96&d=mm&r=g\",\"caption\":\"Ana Mar\u00eda Gomez\"},\"url\":\"https:\/\/www.fiscalia.gov.co\/colombia\/author\/agomez\/\"}]}<\/script>\n<!-- \/ Yoast SEO plugin. -->","yoast_head_json":{"title":"Fiscal\u00eda General de la Naci\u00f3n","description":"P\u00e1gina oficial de la Fiscal\u00eda General de la Naci\u00f3n \u2013 Colombia. Garantizamos el acceso efectivo a la justicia, la verdad y la reparaci\u00f3n de las v\u00edctimas de los delitos.","robots":{"index":"noindex","follow":"follow"},"og_locale":"es_ES","og_type":"article","og_title":"Fiscal\u00eda General de la Naci\u00f3n","og_description":"P\u00e1gina oficial de la Fiscal\u00eda General de la Naci\u00f3n \u2013 Colombia. Garantizamos el acceso efectivo a la justicia, la verdad y la reparaci\u00f3n de las v\u00edctimas de los delitos.","og_url":"https:\/\/www.fiscalia.gov.co\/colombia\/lucha-contra-corrupcion\/fiscalia-imputo-cargos-a-exdirector-y-exfuncionaria-de-la-area-metropolitana-de-bucaramanga-por-irregularidades-en-contratacion\/","og_site_name":"Fiscal\u00eda General de la Naci\u00f3n","article_publisher":"https:\/\/www.facebook.com\/FiscaliaCol","article_published_time":"2021-05-05T21:27:26+00:00","author":"Ana Mar\u00eda Gomez","twitter_card":"summary_large_image","twitter_creator":"@FiscaliaCol","twitter_site":"@FiscaliaCol","twitter_misc":{"Escrito por":"Ana Mar\u00eda Gomez","Tiempo de lectura":"2 minutos"},"schema":{"@context":"https:\/\/schema.org","@graph":[{"@type":"Article","@id":"https:\/\/www.fiscalia.gov.co\/colombia\/lucha-contra-corrupcion\/fiscalia-imputo-cargos-a-exdirector-y-exfuncionaria-de-la-area-metropolitana-de-bucaramanga-por-irregularidades-en-contratacion\/#article","isPartOf":{"@id":"https:\/\/www.fiscalia.gov.co\/colombia\/lucha-contra-corrupcion\/fiscalia-imputo-cargos-a-exdirector-y-exfuncionaria-de-la-area-metropolitana-de-bucaramanga-por-irregularidades-en-contratacion\/"},"author":{"name":"Ana Mar\u00eda Gomez","@id":"https:\/\/www.fiscalia.gov.co\/colombia\/#\/schema\/person\/06aa2210fe4d79203f428ff671dee360"},"headline":"Fiscal\u00eda imput\u00f3 cargos a exdirector y exfuncionaria de la \u00c1rea Metropolitana de Bucaramanga por irregularidades en contrataci\u00f3n","datePublished":"2021-05-05T21:27:26+00:00","dateModified":"2021-05-05T21:27:26+00:00","mainEntityOfPage":{"@id":"https:\/\/www.fiscalia.gov.co\/colombia\/lucha-contra-corrupcion\/fiscalia-imputo-cargos-a-exdirector-y-exfuncionaria-de-la-area-metropolitana-de-bucaramanga-por-irregularidades-en-contratacion\/"},"wordCount":507,"publisher":{"@id":"https:\/\/www.fiscalia.gov.co\/colombia\/#organization"},"keywords":["Administraci\u00f3n p\u00fablica","AMB","Corrupci\u00f3n","Fiscal General"],"articleSection":["Corrupci\u00f3n","Seccional Bucaramanga","Seccionales"],"inLanguage":"es-CO"},{"@type":"WebPage","@id":"https:\/\/www.fiscalia.gov.co\/colombia\/lucha-contra-corrupcion\/fiscalia-imputo-cargos-a-exdirector-y-exfuncionaria-de-la-area-metropolitana-de-bucaramanga-por-irregularidades-en-contratacion\/","url":"https:\/\/www.fiscalia.gov.co\/colombia\/lucha-contra-corrupcion\/fiscalia-imputo-cargos-a-exdirector-y-exfuncionaria-de-la-area-metropolitana-de-bucaramanga-por-irregularidades-en-contratacion\/","name":"Fiscal\u00eda General de la Naci\u00f3n","isPartOf":{"@id":"https:\/\/www.fiscalia.gov.co\/colombia\/#website"},"datePublished":"2021-05-05T21:27:26+00:00","dateModified":"2021-05-05T21:27:26+00:00","description":"P\u00e1gina oficial de la Fiscal\u00eda General de la Naci\u00f3n \u2013 Colombia. Garantizamos el acceso efectivo a la justicia, la verdad y la reparaci\u00f3n de las v\u00edctimas de los delitos.","breadcrumb":{"@id":"https:\/\/www.fiscalia.gov.co\/colombia\/lucha-contra-corrupcion\/fiscalia-imputo-cargos-a-exdirector-y-exfuncionaria-de-la-area-metropolitana-de-bucaramanga-por-irregularidades-en-contratacion\/#breadcrumb"},"inLanguage":"es-CO","potentialAction":[{"@type":"ReadAction","target":["https:\/\/www.fiscalia.gov.co\/colombia\/lucha-contra-corrupcion\/fiscalia-imputo-cargos-a-exdirector-y-exfuncionaria-de-la-area-metropolitana-de-bucaramanga-por-irregularidades-en-contratacion\/"]}]},{"@type":"BreadcrumbList","@id":"https:\/\/www.fiscalia.gov.co\/colombia\/lucha-contra-corrupcion\/fiscalia-imputo-cargos-a-exdirector-y-exfuncionaria-de-la-area-metropolitana-de-bucaramanga-por-irregularidades-en-contratacion\/#breadcrumb","itemListElement":[{"@type":"ListItem","position":1,"name":"Home","item":"https:\/\/www.fiscalia.gov.co\/colombia\/"},{"@type":"ListItem","position":2,"name":"Fiscal\u00eda imput\u00f3 cargos a exdirector y exfuncionaria de la \u00c1rea Metropolitana de Bucaramanga por irregularidades en contrataci\u00f3n"}]},{"@type":"WebSite","@id":"https:\/\/www.fiscalia.gov.co\/colombia\/#website","url":"https:\/\/www.fiscalia.gov.co\/colombia\/","name":"Fiscal\u00eda General de la Naci\u00f3n","description":"P\u00e1gina oficial de la Fiscal\u00eda General de la Naci\u00f3n \u2013 Colombia. Garantizamos el acceso efectivo a la justicia, la verdad y la reparaci\u00f3n de las v\u00edctimas de los delitos.","publisher":{"@id":"https:\/\/www.fiscalia.gov.co\/colombia\/#organization"},"potentialAction":[{"@type":"SearchAction","target":{"@type":"EntryPoint","urlTemplate":"https:\/\/www.fiscalia.gov.co\/colombia\/?s={search_term_string}"},"query-input":{"@type":"PropertyValueSpecification","valueRequired":true,"valueName":"search_term_string"}}],"inLanguage":"es-CO"},{"@type":"Organization","@id":"https:\/\/www.fiscalia.gov.co\/colombia\/#organization","name":"Fiscal\u00eda General de la Naci\u00f3n","url":"https:\/\/www.fiscalia.gov.co\/colombia\/","logo":{"@type":"ImageObject","inLanguage":"es-CO","@id":"https:\/\/www.fiscalia.gov.co\/colombia\/#\/schema\/logo\/image\/","url":"https:\/\/www.fiscalia.gov.co\/colombia\/wp-content\/uploads\/LogoHorizontal_1.jpg","contentUrl":"https:\/\/www.fiscalia.gov.co\/colombia\/wp-content\/uploads\/LogoHorizontal_1.jpg","width":300,"height":90,"caption":"Fiscal\u00eda General de la Naci\u00f3n"},"image":{"@id":"https:\/\/www.fiscalia.gov.co\/colombia\/#\/schema\/logo\/image\/"},"sameAs":["https:\/\/www.facebook.com\/FiscaliaCol","https:\/\/x.com\/FiscaliaCol","https:\/\/www.instagram.com\/fiscaliacol","https:\/\/www.linkedin.com\/company\/fiscalia-general-de-la-naci-n\/","https:\/\/youtube.com\/@fiscaliageneraldelanacion-4668?si=6nN79nyQICPU5iTh"]},{"@type":"Person","@id":"https:\/\/www.fiscalia.gov.co\/colombia\/#\/schema\/person\/06aa2210fe4d79203f428ff671dee360","name":"Ana Mar\u00eda Gomez","image":{"@type":"ImageObject","inLanguage":"es-CO","@id":"https:\/\/www.fiscalia.gov.co\/colombia\/#\/schema\/person\/image\/","url":"https:\/\/secure.gravatar.com\/avatar\/a38115d98a7f8a96cbb96af2b2c37a0b?s=96&d=mm&r=g","contentUrl":"https:\/\/secure.gravatar.com\/avatar\/a38115d98a7f8a96cbb96af2b2c37a0b?s=96&d=mm&r=g","caption":"Ana Mar\u00eda Gomez"},"url":"https:\/\/www.fiscalia.gov.co\/colombia\/author\/agomez\/"}]}},"_links":{"self":[{"href":"https:\/\/www.fiscalia.gov.co\/colombia\/wp-json\/wp\/v2\/posts\/219363","targetHints":{"allow":["GET"]}}],"collection":[{"href":"https:\/\/www.fiscalia.gov.co\/colombia\/wp-json\/wp\/v2\/posts"}],"about":[{"href":"https:\/\/www.fiscalia.gov.co\/colombia\/wp-json\/wp\/v2\/types\/post"}],"author":[{"embeddable":true,"href":"https:\/\/www.fiscalia.gov.co\/colombia\/wp-json\/wp\/v2\/users\/171"}],"replies":[{"embeddable":true,"href":"https:\/\/www.fiscalia.gov.co\/colombia\/wp-json\/wp\/v2\/comments?post=219363"}],"version-history":[{"count":1,"href":"https:\/\/www.fiscalia.gov.co\/colombia\/wp-json\/wp\/v2\/posts\/219363\/revisions"}],"predecessor-version":[{"id":219364,"href":"https:\/\/www.fiscalia.gov.co\/colombia\/wp-json\/wp\/v2\/posts\/219363\/revisions\/219364"}],"wp:attachment":[{"href":"https:\/\/www.fiscalia.gov.co\/colombia\/wp-json\/wp\/v2\/media?parent=219363"}],"wp:term":[{"taxonomy":"category","embeddable":true,"href":"https:\/\/www.fiscalia.gov.co\/colombia\/wp-json\/wp\/v2\/categories?post=219363"},{"taxonomy":"post_tag","embeddable":true,"href":"https:\/\/www.fiscalia.gov.co\/colombia\/wp-json\/wp\/v2\/tags?post=219363"}],"curies":[{"name":"wp","href":"https:\/\/api.w.org\/{rel}","templated":true}]}}