{"id":219310,"date":"2021-05-05T10:20:33","date_gmt":"2021-05-05T15:20:33","guid":{"rendered":"https:\/\/www.fiscalia.gov.co\/colombia\/?p=219310"},"modified":"2021-05-12T14:48:53","modified_gmt":"2021-05-12T19:48:53","slug":"a-34-anos-de-prision-fue-condenado-un-hombre-por-el-feminicidio-de-su-esposa","status":"publish","type":"post","link":"https:\/\/www.fiscalia.gov.co\/colombia\/hay-justicia\/a-34-anos-de-prision-fue-condenado-un-hombre-por-el-feminicidio-de-su-esposa\/","title":{"rendered":"A 34 a\u00f1os de prisi\u00f3n fue condenado un hombre por el feminicidio de su esposa"},"content":{"rendered":"<p>Jhon Fredy Piedrahita Fajardo fue condenado a 34 a\u00f1os y 20 d\u00edas de prisi\u00f3n tras ser encontrado responsable del\u00a0<a href=\"https:\/\/www.fiscalia.gov.co\/colombia\/violencia-sexual-e-intrafamiliar\/a-la-carcel-un-hombre-por-el-feminicidio-de-su-esposa-ocurrido-en-2018-en-caqueta\/\">feminicidio agravado<\/a>\u00a0del que fue v\u00edctima su pareja sentimental. Los hechos se registraron en 2018 en zona rural de La Monta\u00f1ita (Caquet\u00e1).<\/p>\n<figure id=\"attachment_219312\" aria-describedby=\"caption-attachment-219312\" style=\"width: 745px\" class=\"wp-caption alignleft\"><img loading=\"lazy\" decoding=\"async\" class=\"size-full wp-image-219312\" src=\"https:\/\/www.fiscalia.gov.co\/colombia\/wp-content\/uploads\/Jhon-Fredy-Piedrahita-Fajardo-feminicidio-caqueta.jpeg\" alt=\"\" width=\"745\" height=\"685\" srcset=\"https:\/\/www.fiscalia.gov.co\/colombia\/wp-content\/uploads\/Jhon-Fredy-Piedrahita-Fajardo-feminicidio-caqueta.jpeg 745w, https:\/\/www.fiscalia.gov.co\/colombia\/wp-content\/uploads\/Jhon-Fredy-Piedrahita-Fajardo-feminicidio-caqueta-300x276.jpeg 300w, https:\/\/www.fiscalia.gov.co\/colombia\/wp-content\/uploads\/Jhon-Fredy-Piedrahita-Fajardo-feminicidio-caqueta-696x640.jpeg 696w, https:\/\/www.fiscalia.gov.co\/colombia\/wp-content\/uploads\/Jhon-Fredy-Piedrahita-Fajardo-feminicidio-caqueta-457x420.jpeg 457w\" sizes=\"auto, (max-width: 745px) 100vw, 745px\" \/><figcaption id=\"caption-attachment-219312\" class=\"wp-caption-text\">Jhon Fredy Piedrahita Fajardo fue capturado cuatro a\u00f1os despu\u00e9s de ocurridos los hechos, pues hu\u00eda de la justicia al saber que era requerido para responder por el feminicidio de su esposa a quien atac\u00f3 por la espalda con arma blanca.<\/figcaption><\/figure>\n<p>La sentencia fue impartida por un juzgado del circuito de Florencia, y fue adoptada el pasado 3 de mayo cuando la Fiscal\u00eda General de la Naci\u00f3n pretend\u00eda realizar la audiencia de formulaci\u00f3n de acusaci\u00f3n.<\/p>\n<p>En el marco de la diligencia judicial se dio a conocer ante el juez el acuerdo judicial al que hab\u00edan llegado las partes, luego de que el implicado aceptara su responsabilidad en el\u00a0ataque con arma blanca contra su pareja sentimental. Dicho acuerdo fue aprobado por\u00a0el togado.<\/p>\n<p>Los hechos se presentaron en medio de una ri\u00f1a entre Piedrahita y la v\u00edctima, durante la jornada de trabajo que cumpl\u00edan en una carnicer\u00eda.\u00a0Durante la discusi\u00f3n\u00a0el encartado\u00a0agredi\u00f3 a la mujer, de 32 a\u00f1os de edad, quien sali\u00f3 en b\u00fasqueda de ayuda, perdiendo la vida cuando\u00a0se desplom\u00f3 sobre\u00a0una motocicleta.<\/p>\n<p>El\u00a0sentenciado\u00a0fue capturado por la Polic\u00eda Nacional en febrero pasado en Putumayo y fue enviado a prisi\u00f3n.<\/p>\n<p>Todas las decisiones quedaron en firme.<\/p>\n<p>La Fiscal\u00eda habla con resultados.<\/p>\n<p><strong>PAAM\/MAGA\/<\/strong><strong>MPTG<\/strong><\/p>\n<p>&nbsp;<\/p>\n\n<div class=\"twitter-share\"><a href=\"https:\/\/twitter.com\/intent\/tweet?via=fiscaliacol\" class=\"twitter-share-button\">Tweet<\/a><\/div>\n","protected":false},"excerpt":{"rendered":"<p>Jhon Fredy Piedrahita Fajardo fue condenado a 34 a\u00f1os y 20 d\u00edas de prisi\u00f3n tras ser encontrado responsable del\u00a0feminicidio agravado\u00a0del que fue v\u00edctima su pareja sentimental. Los hechos se registraron [&hellip;]<\/p>\n","protected":false},"author":171,"featured_media":0,"comment_status":"closed","ping_status":"open","sticky":false,"template":"","format":"video","meta":{"tdm_status":"","tdm_grid_status":"","footnotes":""},"categories":[24174,328,303],"tags":[25231,6489,7815,14729,1047,23822,25288,558,26833,2279,24379,11101],"class_list":["post-219310","post","type-post","status-publish","format-video","category-hay-justicia","category-seccional-florencia","category-seccionales","tag-ataque-con-arma-blanca","tag-caqueta","tag-companera-sentimental","tag-feminicidio-agravado","tag-fiscalia-general-de-la-nacion","tag-florencia","tag-la-montanita","tag-policia-nacional","tag-profugo-de-la-justicia","tag-putumayo","tag-seccional-caqueta","tag-seguridad-ciudadana","post_format-post-format-video"],"yoast_head":"<!-- This site is optimized with the Yoast SEO plugin v24.3 - https:\/\/yoast.com\/wordpress\/plugins\/seo\/ -->\n<title>Fiscal\u00eda General de la Naci\u00f3n<\/title>\n<meta name=\"description\" content=\"P\u00e1gina oficial de la Fiscal\u00eda General de la Naci\u00f3n \u2013 Colombia. Garantizamos el acceso efectivo a la justicia, la verdad y la reparaci\u00f3n de las v\u00edctimas de los delitos.\" \/>\n<meta name=\"robots\" content=\"noindex, follow\" \/>\n<meta property=\"og:locale\" content=\"es_ES\" \/>\n<meta property=\"og:type\" content=\"article\" \/>\n<meta property=\"og:title\" content=\"Fiscal\u00eda General de la Naci\u00f3n\" \/>\n<meta property=\"og:description\" content=\"P\u00e1gina oficial de la Fiscal\u00eda General de la Naci\u00f3n \u2013 Colombia. Garantizamos el acceso efectivo a la justicia, la verdad y la reparaci\u00f3n de las v\u00edctimas de los delitos.\" \/>\n<meta property=\"og:url\" content=\"https:\/\/www.fiscalia.gov.co\/colombia\/hay-justicia\/a-34-anos-de-prision-fue-condenado-un-hombre-por-el-feminicidio-de-su-esposa\/\" \/>\n<meta property=\"og:site_name\" content=\"Fiscal\u00eda General de la Naci\u00f3n\" \/>\n<meta property=\"article:publisher\" content=\"https:\/\/www.facebook.com\/FiscaliaCol\" \/>\n<meta property=\"article:published_time\" content=\"2021-05-05T15:20:33+00:00\" \/>\n<meta property=\"article:modified_time\" content=\"2021-05-12T19:48:53+00:00\" \/>\n<meta property=\"og:image\" content=\"https:\/\/www.fiscalia.gov.co\/colombia\/wp-content\/uploads\/Jhon-Fredy-Piedrahita-Fajardo-feminicidio-caqueta.jpeg\" \/>\n<meta name=\"author\" content=\"Ana Mar\u00eda Gomez\" \/>\n<meta name=\"twitter:card\" content=\"summary_large_image\" \/>\n<meta name=\"twitter:creator\" content=\"@FiscaliaCol\" \/>\n<meta name=\"twitter:site\" content=\"@FiscaliaCol\" \/>\n<meta name=\"twitter:label1\" content=\"Escrito por\" \/>\n\t<meta name=\"twitter:data1\" content=\"Ana Mar\u00eda Gomez\" \/>\n\t<meta name=\"twitter:label2\" content=\"Tiempo de lectura\" \/>\n\t<meta name=\"twitter:data2\" content=\"1 minuto\" \/>\n<script type=\"application\/ld+json\" class=\"yoast-schema-graph\">{\"@context\":\"https:\/\/schema.org\",\"@graph\":[{\"@type\":\"Article\",\"@id\":\"https:\/\/www.fiscalia.gov.co\/colombia\/hay-justicia\/a-34-anos-de-prision-fue-condenado-un-hombre-por-el-feminicidio-de-su-esposa\/#article\",\"isPartOf\":{\"@id\":\"https:\/\/www.fiscalia.gov.co\/colombia\/hay-justicia\/a-34-anos-de-prision-fue-condenado-un-hombre-por-el-feminicidio-de-su-esposa\/\"},\"author\":{\"name\":\"Ana Mar\u00eda Gomez\",\"@id\":\"https:\/\/www.fiscalia.gov.co\/colombia\/#\/schema\/person\/06aa2210fe4d79203f428ff671dee360\"},\"headline\":\"A 34 a\u00f1os de prisi\u00f3n fue condenado un hombre por el feminicidio de su esposa\",\"datePublished\":\"2021-05-05T15:20:33+00:00\",\"dateModified\":\"2021-05-12T19:48:53+00:00\",\"mainEntityOfPage\":{\"@id\":\"https:\/\/www.fiscalia.gov.co\/colombia\/hay-justicia\/a-34-anos-de-prision-fue-condenado-un-hombre-por-el-feminicidio-de-su-esposa\/\"},\"wordCount\":291,\"publisher\":{\"@id\":\"https:\/\/www.fiscalia.gov.co\/colombia\/#organization\"},\"image\":{\"@id\":\"https:\/\/www.fiscalia.gov.co\/colombia\/hay-justicia\/a-34-anos-de-prision-fue-condenado-un-hombre-por-el-feminicidio-de-su-esposa\/#primaryimage\"},\"thumbnailUrl\":\"https:\/\/www.fiscalia.gov.co\/colombia\/wp-content\/uploads\/Jhon-Fredy-Piedrahita-Fajardo-feminicidio-caqueta.jpeg\",\"keywords\":[\"ATAQUE CON ARMA BLANCA\",\"Caquet\u00e1\",\"Compa\u00f1era sentimental\",\"Feminicidio agravado\",\"Fiscal\u00eda General de la Naci\u00f3n\",\"Florencia\",\"La Monta\u00f1ita\",\"Polic\u00eda Nacional\",\"pr\u00f3fugo de la justicia\",\"Putumayo\",\"Seccional Caquet\u00e1.\",\"Seguridad ciudadana\"],\"articleSection\":[\"Hay Justicia\",\"Seccional Florencia\",\"Seccionales\"],\"inLanguage\":\"es-CO\"},{\"@type\":\"WebPage\",\"@id\":\"https:\/\/www.fiscalia.gov.co\/colombia\/hay-justicia\/a-34-anos-de-prision-fue-condenado-un-hombre-por-el-feminicidio-de-su-esposa\/\",\"url\":\"https:\/\/www.fiscalia.gov.co\/colombia\/hay-justicia\/a-34-anos-de-prision-fue-condenado-un-hombre-por-el-feminicidio-de-su-esposa\/\",\"name\":\"Fiscal\u00eda General de la Naci\u00f3n\",\"isPartOf\":{\"@id\":\"https:\/\/www.fiscalia.gov.co\/colombia\/#website\"},\"primaryImageOfPage\":{\"@id\":\"https:\/\/www.fiscalia.gov.co\/colombia\/hay-justicia\/a-34-anos-de-prision-fue-condenado-un-hombre-por-el-feminicidio-de-su-esposa\/#primaryimage\"},\"image\":{\"@id\":\"https:\/\/www.fiscalia.gov.co\/colombia\/hay-justicia\/a-34-anos-de-prision-fue-condenado-un-hombre-por-el-feminicidio-de-su-esposa\/#primaryimage\"},\"thumbnailUrl\":\"https:\/\/www.fiscalia.gov.co\/colombia\/wp-content\/uploads\/Jhon-Fredy-Piedrahita-Fajardo-feminicidio-caqueta.jpeg\",\"datePublished\":\"2021-05-05T15:20:33+00:00\",\"dateModified\":\"2021-05-12T19:48:53+00:00\",\"description\":\"P\u00e1gina oficial de la Fiscal\u00eda General de la Naci\u00f3n \u2013 Colombia. Garantizamos el acceso efectivo a la justicia, la verdad y la reparaci\u00f3n de las v\u00edctimas de los delitos.\",\"breadcrumb\":{\"@id\":\"https:\/\/www.fiscalia.gov.co\/colombia\/hay-justicia\/a-34-anos-de-prision-fue-condenado-un-hombre-por-el-feminicidio-de-su-esposa\/#breadcrumb\"},\"inLanguage\":\"es-CO\",\"potentialAction\":[{\"@type\":\"ReadAction\",\"target\":[\"https:\/\/www.fiscalia.gov.co\/colombia\/hay-justicia\/a-34-anos-de-prision-fue-condenado-un-hombre-por-el-feminicidio-de-su-esposa\/\"]}]},{\"@type\":\"ImageObject\",\"inLanguage\":\"es-CO\",\"@id\":\"https:\/\/www.fiscalia.gov.co\/colombia\/hay-justicia\/a-34-anos-de-prision-fue-condenado-un-hombre-por-el-feminicidio-de-su-esposa\/#primaryimage\",\"url\":\"https:\/\/www.fiscalia.gov.co\/colombia\/wp-content\/uploads\/Jhon-Fredy-Piedrahita-Fajardo-feminicidio-caqueta.jpeg\",\"contentUrl\":\"https:\/\/www.fiscalia.gov.co\/colombia\/wp-content\/uploads\/Jhon-Fredy-Piedrahita-Fajardo-feminicidio-caqueta.jpeg\",\"width\":745,\"height\":685,\"caption\":\"Jhon Fredy Piedrahita Fajardo fue capturado cuatro a\u00f1os despu\u00e9s de ocurridos los hechos, pues hu\u00eda de la justicia al saber que era requerido para responder por el feminicidio de su esposa a quien atac\u00f3 por la espalda con arma blanca.\"},{\"@type\":\"BreadcrumbList\",\"@id\":\"https:\/\/www.fiscalia.gov.co\/colombia\/hay-justicia\/a-34-anos-de-prision-fue-condenado-un-hombre-por-el-feminicidio-de-su-esposa\/#breadcrumb\",\"itemListElement\":[{\"@type\":\"ListItem\",\"position\":1,\"name\":\"Home\",\"item\":\"https:\/\/www.fiscalia.gov.co\/colombia\/\"},{\"@type\":\"ListItem\",\"position\":2,\"name\":\"A 34 a\u00f1os de prisi\u00f3n fue condenado un hombre por el feminicidio de su esposa\"}]},{\"@type\":\"WebSite\",\"@id\":\"https:\/\/www.fiscalia.gov.co\/colombia\/#website\",\"url\":\"https:\/\/www.fiscalia.gov.co\/colombia\/\",\"name\":\"Fiscal\u00eda General de la Naci\u00f3n\",\"description\":\"P\u00e1gina oficial de la Fiscal\u00eda General de la Naci\u00f3n \u2013 Colombia. Garantizamos el acceso efectivo a la justicia, la verdad y la reparaci\u00f3n de las v\u00edctimas de los delitos.\",\"publisher\":{\"@id\":\"https:\/\/www.fiscalia.gov.co\/colombia\/#organization\"},\"potentialAction\":[{\"@type\":\"SearchAction\",\"target\":{\"@type\":\"EntryPoint\",\"urlTemplate\":\"https:\/\/www.fiscalia.gov.co\/colombia\/?s={search_term_string}\"},\"query-input\":{\"@type\":\"PropertyValueSpecification\",\"valueRequired\":true,\"valueName\":\"search_term_string\"}}],\"inLanguage\":\"es-CO\"},{\"@type\":\"Organization\",\"@id\":\"https:\/\/www.fiscalia.gov.co\/colombia\/#organization\",\"name\":\"Fiscal\u00eda General de la Naci\u00f3n\",\"url\":\"https:\/\/www.fiscalia.gov.co\/colombia\/\",\"logo\":{\"@type\":\"ImageObject\",\"inLanguage\":\"es-CO\",\"@id\":\"https:\/\/www.fiscalia.gov.co\/colombia\/#\/schema\/logo\/image\/\",\"url\":\"https:\/\/www.fiscalia.gov.co\/colombia\/wp-content\/uploads\/LogoHorizontal_1.jpg\",\"contentUrl\":\"https:\/\/www.fiscalia.gov.co\/colombia\/wp-content\/uploads\/LogoHorizontal_1.jpg\",\"width\":300,\"height\":90,\"caption\":\"Fiscal\u00eda General de la Naci\u00f3n\"},\"image\":{\"@id\":\"https:\/\/www.fiscalia.gov.co\/colombia\/#\/schema\/logo\/image\/\"},\"sameAs\":[\"https:\/\/www.facebook.com\/FiscaliaCol\",\"https:\/\/x.com\/FiscaliaCol\",\"https:\/\/www.instagram.com\/fiscaliacol\",\"https:\/\/www.linkedin.com\/company\/fiscalia-general-de-la-naci-n\/\",\"https:\/\/youtube.com\/@fiscaliageneraldelanacion-4668?si=6nN79nyQICPU5iTh\"]},{\"@type\":\"Person\",\"@id\":\"https:\/\/www.fiscalia.gov.co\/colombia\/#\/schema\/person\/06aa2210fe4d79203f428ff671dee360\",\"name\":\"Ana Mar\u00eda Gomez\",\"image\":{\"@type\":\"ImageObject\",\"inLanguage\":\"es-CO\",\"@id\":\"https:\/\/www.fiscalia.gov.co\/colombia\/#\/schema\/person\/image\/\",\"url\":\"https:\/\/secure.gravatar.com\/avatar\/a38115d98a7f8a96cbb96af2b2c37a0b?s=96&d=mm&r=g\",\"contentUrl\":\"https:\/\/secure.gravatar.com\/avatar\/a38115d98a7f8a96cbb96af2b2c37a0b?s=96&d=mm&r=g\",\"caption\":\"Ana Mar\u00eda Gomez\"},\"url\":\"https:\/\/www.fiscalia.gov.co\/colombia\/author\/agomez\/\"}]}<\/script>\n<!-- \/ Yoast SEO plugin. -->","yoast_head_json":{"title":"Fiscal\u00eda General de la Naci\u00f3n","description":"P\u00e1gina oficial de la Fiscal\u00eda General de la Naci\u00f3n \u2013 Colombia. Garantizamos el acceso efectivo a la justicia, la verdad y la reparaci\u00f3n de las v\u00edctimas de los delitos.","robots":{"index":"noindex","follow":"follow"},"og_locale":"es_ES","og_type":"article","og_title":"Fiscal\u00eda General de la Naci\u00f3n","og_description":"P\u00e1gina oficial de la Fiscal\u00eda General de la Naci\u00f3n \u2013 Colombia. Garantizamos el acceso efectivo a la justicia, la verdad y la reparaci\u00f3n de las v\u00edctimas de los delitos.","og_url":"https:\/\/www.fiscalia.gov.co\/colombia\/hay-justicia\/a-34-anos-de-prision-fue-condenado-un-hombre-por-el-feminicidio-de-su-esposa\/","og_site_name":"Fiscal\u00eda General de la Naci\u00f3n","article_publisher":"https:\/\/www.facebook.com\/FiscaliaCol","article_published_time":"2021-05-05T15:20:33+00:00","article_modified_time":"2021-05-12T19:48:53+00:00","og_image":[{"url":"https:\/\/www.fiscalia.gov.co\/colombia\/wp-content\/uploads\/Jhon-Fredy-Piedrahita-Fajardo-feminicidio-caqueta.jpeg","type":"","width":"","height":""}],"author":"Ana Mar\u00eda Gomez","twitter_card":"summary_large_image","twitter_creator":"@FiscaliaCol","twitter_site":"@FiscaliaCol","twitter_misc":{"Escrito por":"Ana Mar\u00eda Gomez","Tiempo de lectura":"1 minuto"},"schema":{"@context":"https:\/\/schema.org","@graph":[{"@type":"Article","@id":"https:\/\/www.fiscalia.gov.co\/colombia\/hay-justicia\/a-34-anos-de-prision-fue-condenado-un-hombre-por-el-feminicidio-de-su-esposa\/#article","isPartOf":{"@id":"https:\/\/www.fiscalia.gov.co\/colombia\/hay-justicia\/a-34-anos-de-prision-fue-condenado-un-hombre-por-el-feminicidio-de-su-esposa\/"},"author":{"name":"Ana Mar\u00eda Gomez","@id":"https:\/\/www.fiscalia.gov.co\/colombia\/#\/schema\/person\/06aa2210fe4d79203f428ff671dee360"},"headline":"A 34 a\u00f1os de prisi\u00f3n fue condenado un hombre por el feminicidio de su esposa","datePublished":"2021-05-05T15:20:33+00:00","dateModified":"2021-05-12T19:48:53+00:00","mainEntityOfPage":{"@id":"https:\/\/www.fiscalia.gov.co\/colombia\/hay-justicia\/a-34-anos-de-prision-fue-condenado-un-hombre-por-el-feminicidio-de-su-esposa\/"},"wordCount":291,"publisher":{"@id":"https:\/\/www.fiscalia.gov.co\/colombia\/#organization"},"image":{"@id":"https:\/\/www.fiscalia.gov.co\/colombia\/hay-justicia\/a-34-anos-de-prision-fue-condenado-un-hombre-por-el-feminicidio-de-su-esposa\/#primaryimage"},"thumbnailUrl":"https:\/\/www.fiscalia.gov.co\/colombia\/wp-content\/uploads\/Jhon-Fredy-Piedrahita-Fajardo-feminicidio-caqueta.jpeg","keywords":["ATAQUE CON ARMA BLANCA","Caquet\u00e1","Compa\u00f1era sentimental","Feminicidio agravado","Fiscal\u00eda General de la Naci\u00f3n","Florencia","La Monta\u00f1ita","Polic\u00eda Nacional","pr\u00f3fugo de la justicia","Putumayo","Seccional Caquet\u00e1.","Seguridad ciudadana"],"articleSection":["Hay Justicia","Seccional Florencia","Seccionales"],"inLanguage":"es-CO"},{"@type":"WebPage","@id":"https:\/\/www.fiscalia.gov.co\/colombia\/hay-justicia\/a-34-anos-de-prision-fue-condenado-un-hombre-por-el-feminicidio-de-su-esposa\/","url":"https:\/\/www.fiscalia.gov.co\/colombia\/hay-justicia\/a-34-anos-de-prision-fue-condenado-un-hombre-por-el-feminicidio-de-su-esposa\/","name":"Fiscal\u00eda General de la Naci\u00f3n","isPartOf":{"@id":"https:\/\/www.fiscalia.gov.co\/colombia\/#website"},"primaryImageOfPage":{"@id":"https:\/\/www.fiscalia.gov.co\/colombia\/hay-justicia\/a-34-anos-de-prision-fue-condenado-un-hombre-por-el-feminicidio-de-su-esposa\/#primaryimage"},"image":{"@id":"https:\/\/www.fiscalia.gov.co\/colombia\/hay-justicia\/a-34-anos-de-prision-fue-condenado-un-hombre-por-el-feminicidio-de-su-esposa\/#primaryimage"},"thumbnailUrl":"https:\/\/www.fiscalia.gov.co\/colombia\/wp-content\/uploads\/Jhon-Fredy-Piedrahita-Fajardo-feminicidio-caqueta.jpeg","datePublished":"2021-05-05T15:20:33+00:00","dateModified":"2021-05-12T19:48:53+00:00","description":"P\u00e1gina oficial de la Fiscal\u00eda General de la Naci\u00f3n \u2013 Colombia. Garantizamos el acceso efectivo a la justicia, la verdad y la reparaci\u00f3n de las v\u00edctimas de los delitos.","breadcrumb":{"@id":"https:\/\/www.fiscalia.gov.co\/colombia\/hay-justicia\/a-34-anos-de-prision-fue-condenado-un-hombre-por-el-feminicidio-de-su-esposa\/#breadcrumb"},"inLanguage":"es-CO","potentialAction":[{"@type":"ReadAction","target":["https:\/\/www.fiscalia.gov.co\/colombia\/hay-justicia\/a-34-anos-de-prision-fue-condenado-un-hombre-por-el-feminicidio-de-su-esposa\/"]}]},{"@type":"ImageObject","inLanguage":"es-CO","@id":"https:\/\/www.fiscalia.gov.co\/colombia\/hay-justicia\/a-34-anos-de-prision-fue-condenado-un-hombre-por-el-feminicidio-de-su-esposa\/#primaryimage","url":"https:\/\/www.fiscalia.gov.co\/colombia\/wp-content\/uploads\/Jhon-Fredy-Piedrahita-Fajardo-feminicidio-caqueta.jpeg","contentUrl":"https:\/\/www.fiscalia.gov.co\/colombia\/wp-content\/uploads\/Jhon-Fredy-Piedrahita-Fajardo-feminicidio-caqueta.jpeg","width":745,"height":685,"caption":"Jhon Fredy Piedrahita Fajardo fue capturado cuatro a\u00f1os despu\u00e9s de ocurridos los hechos, pues hu\u00eda de la justicia al saber que era requerido para responder por el feminicidio de su esposa a quien atac\u00f3 por la espalda con arma blanca."},{"@type":"BreadcrumbList","@id":"https:\/\/www.fiscalia.gov.co\/colombia\/hay-justicia\/a-34-anos-de-prision-fue-condenado-un-hombre-por-el-feminicidio-de-su-esposa\/#breadcrumb","itemListElement":[{"@type":"ListItem","position":1,"name":"Home","item":"https:\/\/www.fiscalia.gov.co\/colombia\/"},{"@type":"ListItem","position":2,"name":"A 34 a\u00f1os de prisi\u00f3n fue condenado un hombre por el feminicidio de su esposa"}]},{"@type":"WebSite","@id":"https:\/\/www.fiscalia.gov.co\/colombia\/#website","url":"https:\/\/www.fiscalia.gov.co\/colombia\/","name":"Fiscal\u00eda General de la Naci\u00f3n","description":"P\u00e1gina oficial de la Fiscal\u00eda General de la Naci\u00f3n \u2013 Colombia. Garantizamos el acceso efectivo a la justicia, la verdad y la reparaci\u00f3n de las v\u00edctimas de los delitos.","publisher":{"@id":"https:\/\/www.fiscalia.gov.co\/colombia\/#organization"},"potentialAction":[{"@type":"SearchAction","target":{"@type":"EntryPoint","urlTemplate":"https:\/\/www.fiscalia.gov.co\/colombia\/?s={search_term_string}"},"query-input":{"@type":"PropertyValueSpecification","valueRequired":true,"valueName":"search_term_string"}}],"inLanguage":"es-CO"},{"@type":"Organization","@id":"https:\/\/www.fiscalia.gov.co\/colombia\/#organization","name":"Fiscal\u00eda General de la Naci\u00f3n","url":"https:\/\/www.fiscalia.gov.co\/colombia\/","logo":{"@type":"ImageObject","inLanguage":"es-CO","@id":"https:\/\/www.fiscalia.gov.co\/colombia\/#\/schema\/logo\/image\/","url":"https:\/\/www.fiscalia.gov.co\/colombia\/wp-content\/uploads\/LogoHorizontal_1.jpg","contentUrl":"https:\/\/www.fiscalia.gov.co\/colombia\/wp-content\/uploads\/LogoHorizontal_1.jpg","width":300,"height":90,"caption":"Fiscal\u00eda General de la Naci\u00f3n"},"image":{"@id":"https:\/\/www.fiscalia.gov.co\/colombia\/#\/schema\/logo\/image\/"},"sameAs":["https:\/\/www.facebook.com\/FiscaliaCol","https:\/\/x.com\/FiscaliaCol","https:\/\/www.instagram.com\/fiscaliacol","https:\/\/www.linkedin.com\/company\/fiscalia-general-de-la-naci-n\/","https:\/\/youtube.com\/@fiscaliageneraldelanacion-4668?si=6nN79nyQICPU5iTh"]},{"@type":"Person","@id":"https:\/\/www.fiscalia.gov.co\/colombia\/#\/schema\/person\/06aa2210fe4d79203f428ff671dee360","name":"Ana Mar\u00eda Gomez","image":{"@type":"ImageObject","inLanguage":"es-CO","@id":"https:\/\/www.fiscalia.gov.co\/colombia\/#\/schema\/person\/image\/","url":"https:\/\/secure.gravatar.com\/avatar\/a38115d98a7f8a96cbb96af2b2c37a0b?s=96&d=mm&r=g","contentUrl":"https:\/\/secure.gravatar.com\/avatar\/a38115d98a7f8a96cbb96af2b2c37a0b?s=96&d=mm&r=g","caption":"Ana Mar\u00eda Gomez"},"url":"https:\/\/www.fiscalia.gov.co\/colombia\/author\/agomez\/"}]}},"_links":{"self":[{"href":"https:\/\/www.fiscalia.gov.co\/colombia\/wp-json\/wp\/v2\/posts\/219310","targetHints":{"allow":["GET"]}}],"collection":[{"href":"https:\/\/www.fiscalia.gov.co\/colombia\/wp-json\/wp\/v2\/posts"}],"about":[{"href":"https:\/\/www.fiscalia.gov.co\/colombia\/wp-json\/wp\/v2\/types\/post"}],"author":[{"embeddable":true,"href":"https:\/\/www.fiscalia.gov.co\/colombia\/wp-json\/wp\/v2\/users\/171"}],"replies":[{"embeddable":true,"href":"https:\/\/www.fiscalia.gov.co\/colombia\/wp-json\/wp\/v2\/comments?post=219310"}],"version-history":[{"count":2,"href":"https:\/\/www.fiscalia.gov.co\/colombia\/wp-json\/wp\/v2\/posts\/219310\/revisions"}],"predecessor-version":[{"id":219313,"href":"https:\/\/www.fiscalia.gov.co\/colombia\/wp-json\/wp\/v2\/posts\/219310\/revisions\/219313"}],"wp:attachment":[{"href":"https:\/\/www.fiscalia.gov.co\/colombia\/wp-json\/wp\/v2\/media?parent=219310"}],"wp:term":[{"taxonomy":"category","embeddable":true,"href":"https:\/\/www.fiscalia.gov.co\/colombia\/wp-json\/wp\/v2\/categories?post=219310"},{"taxonomy":"post_tag","embeddable":true,"href":"https:\/\/www.fiscalia.gov.co\/colombia\/wp-json\/wp\/v2\/tags?post=219310"}],"curies":[{"name":"wp","href":"https:\/\/api.w.org\/{rel}","templated":true}]}}