{"id":219295,"date":"2021-05-04T20:16:25","date_gmt":"2021-05-05T01:16:25","guid":{"rendered":"https:\/\/www.fiscalia.gov.co\/colombia\/?p=219295"},"modified":"2021-05-04T20:17:21","modified_gmt":"2021-05-05T01:17:21","slug":"estructuras-ligadas-al-narcotrafico-el-eln-y-las-disidencias-de-las-farc-serian-las-responsables-de-actos-vandalicos-en-cali-fiscal-general-de-la-nacion","status":"publish","type":"post","link":"https:\/\/www.fiscalia.gov.co\/colombia\/fiscal-general-de-la-nacion\/estructuras-ligadas-al-narcotrafico-el-eln-y-las-disidencias-de-las-farc-serian-las-responsables-de-actos-vandalicos-en-cali-fiscal-general-de-la-nacion\/","title":{"rendered":"Estructuras ligadas al narcotr\u00e1fico, el ELN y las disidencias de las Farc ser\u00edan las responsables de actos vand\u00e1licos en Cali: Fiscal General de la Naci\u00f3n"},"content":{"rendered":"<blockquote>\n<ul>\n<li>\n<h4 style=\"text-align: left;\"><strong><em>Avanzan las investigaciones para esclarecer siete homicidios que habr\u00edan ocurrido durante los des\u00f3rdenes en Cali. Hay m\u00e1s de 185 procesos en marcha por terrorismo urbano.<\/em><\/strong><\/h4>\n<\/li>\n<li>\n<h4 style=\"text-align: left;\"><strong><em>El Fiscal General de la Naci\u00f3n, Francisco Barbosa Delgado, enfatiz\u00f3 en que la entidad investigar\u00e1 con rigor las denuncias recibidas sobre posibles agresiones de la fuerza p\u00fablica contra la poblaci\u00f3n, como los ataques de algunas personas contra los integrantes de la Polic\u00eda Nacional.<\/em><\/strong><\/h4>\n<\/li>\n<\/ul>\n<\/blockquote>\n<p>El Fiscal General de la Naci\u00f3n, Francisco Barbosa Delgado, en compa\u00f1\u00eda de su equipo directivo, se traslad\u00f3 a Cali (Valle del Cauca) para hacer una primera valoraci\u00f3n de los elementos de prueba obtenidos por el equipo especializado de fiscales, que trabaja de manera articulada con los grupos investigativos de la Polic\u00eda Nacional y el CTI para establecer el origen de los actos vand\u00e1licos ocurridos durante los \u00faltimos d\u00edas en la ciudad.<\/p>\n<p>\u201cSe ha logrado determinar que en los des\u00f3rdenes y hechos vand\u00e1licos acontecidos en la ciudad de Cali en los \u00faltimos d\u00edas, hay estructuras ligadas al narcotr\u00e1fico, ELN y a las disidencias de las FARC que operan en el departamento de Cauca\u201d, revel\u00f3 el Fiscal Barbosa Delgado.<\/p>\n<p>Por ahora, son investigados siete homicidios que tendr\u00edan relaci\u00f3n con los des\u00f3rdenes en Cali; sin embargo, son verificadas las circunstancias en las que se presentaron otras muertes conocidas en el transcurso de la semana.<\/p>\n<p>Asimismo, se ha establecido que los bloqueos en inmediaciones de la ciudad, adem\u00e1s de afectar el abastecimiento de alimentos, tambi\u00e9n ha impactado el derecho a la salud. El Fiscal General advirti\u00f3 que varias dosis de la vacuna para el Covid \u2013 19 no pudieron llegar a los centros m\u00e9dicos para inmunizar a la ciudadan\u00eda de Cali.<\/p>\n<p>\u201cQuiero ser enf\u00e1tico: investigaremos todas las agresiones de la fuerza p\u00fablica contra la poblaci\u00f3n civil, pero tambi\u00e9n seremos implacables con todas las agresiones que se cometen contra la fuerza p\u00fablica y la Polic\u00eda Nacional\u201d, puntualiz\u00f3 el Fiscal General.<\/p>\n<p>La Fiscal\u00eda avanza en 185 investigaciones por terrorismo urbano en el pa\u00eds. En cada regi\u00f3n los fiscales y grupos de polic\u00eda judicial han identificado diferentes situaciones y personas que inciden en los sabotajes a la protesta leg\u00edtima.<\/p>\n<p>\u201cHemos determinado tambi\u00e9n la existencia de funcionarios p\u00fablicos que han instigado y organizado los desmanes que se han presentado. Por ello tendr\u00e1n responsabilidad penal\u201d, concluy\u00f3 el jefe del ente investigador.<\/p>\n<p>El Fiscal General de la Naci\u00f3n anunci\u00f3 que, en Bogot\u00e1, se dispuso de un Puesto de Mando Unificado Judicial para concentrar y hacer seguimiento a las acciones investigativas, orientar a los equipos de polic\u00eda judicial y buscar resultados r\u00e1pidos.<\/p>\n<p><strong>La Fiscal\u00eda habla con resultados.<\/strong><\/p>\n<p><i>La informaci\u00f3n contenida en este bolet\u00edn de prensa corresponde a la narraci\u00f3n de los hechos noticiosos objetivos, suministrados por los funcionarios encargados de adelantar las investigaciones penales al interior de la Fiscal\u00eda General de la Naci\u00f3n. Para el momento de la divulgaci\u00f3n de este comunicado, la situaci\u00f3n jur\u00eddica de la(s) persona(s) relacionada(s) se encuentra pendiente de resolver por la autoridad judicial competente, siempre bajo los preceptos de la presunci\u00f3n de inocencia, consagrados en el art\u00edculo 29 de la Constituci\u00f3n Pol\u00edtica y el art\u00edculo 7\u00ba de la Ley 906 de 2004.<\/i><\/p>\n<p>&nbsp;<\/p>\n<p>&nbsp;<\/p>\n\n<div class=\"twitter-share\"><a href=\"https:\/\/twitter.com\/intent\/tweet?via=fiscaliacol\" class=\"twitter-share-button\">Tweet<\/a><\/div>\n","protected":false},"excerpt":{"rendered":"<p>Avanzan las investigaciones para esclarecer siete homicidios que habr\u00edan ocurrido durante los des\u00f3rdenes en Cali. Hay m\u00e1s de 185 procesos en marcha por terrorismo urbano. El Fiscal General de la Naci\u00f3n, Francisco Barbosa Delgado, enfatiz\u00f3 en que la entidad investigar\u00e1 con rigor las denuncias recibidas sobre posibles agresiones de la fuerza p\u00fablica contra la poblaci\u00f3n, [&hellip;]<\/p>\n","protected":false},"author":171,"featured_media":0,"comment_status":"closed","ping_status":"open","sticky":false,"template":"","format":"video","meta":{"tdm_status":"","tdm_grid_status":"","footnotes":""},"categories":[24096],"tags":[24185,4614],"class_list":{"0":"post-219295","1":"post","2":"type-post","3":"status-publish","4":"format-video","6":"category-fiscal-general-de-la-nacion","7":"tag-fiscal-barbosa","8":"tag-fiscalia-2","9":"post_format-post-format-video"},"yoast_head":"<!-- This site is optimized with the Yoast SEO plugin v24.3 - https:\/\/yoast.com\/wordpress\/plugins\/seo\/ -->\n<title>Fiscal\u00eda General de la Naci\u00f3n<\/title>\n<meta name=\"description\" content=\"P\u00e1gina oficial de la Fiscal\u00eda General de la Naci\u00f3n \u2013 Colombia. Garantizamos el acceso efectivo a la justicia, la verdad y la reparaci\u00f3n de las v\u00edctimas de los delitos.\" \/>\n<meta name=\"robots\" content=\"noindex, follow\" \/>\n<meta property=\"og:locale\" content=\"es_ES\" \/>\n<meta property=\"og:type\" content=\"article\" \/>\n<meta property=\"og:title\" content=\"Fiscal\u00eda General de la Naci\u00f3n\" \/>\n<meta property=\"og:description\" content=\"P\u00e1gina oficial de la Fiscal\u00eda General de la Naci\u00f3n \u2013 Colombia. Garantizamos el acceso efectivo a la justicia, la verdad y la reparaci\u00f3n de las v\u00edctimas de los delitos.\" \/>\n<meta property=\"og:url\" content=\"https:\/\/www.fiscalia.gov.co\/colombia\/fiscal-general-de-la-nacion\/estructuras-ligadas-al-narcotrafico-el-eln-y-las-disidencias-de-las-farc-serian-las-responsables-de-actos-vandalicos-en-cali-fiscal-general-de-la-nacion\/\" \/>\n<meta property=\"og:site_name\" content=\"Fiscal\u00eda General de la Naci\u00f3n\" \/>\n<meta property=\"article:publisher\" content=\"https:\/\/www.facebook.com\/FiscaliaCol\" \/>\n<meta property=\"article:published_time\" content=\"2021-05-05T01:16:25+00:00\" \/>\n<meta property=\"article:modified_time\" content=\"2021-05-05T01:17:21+00:00\" \/>\n<meta name=\"author\" content=\"Ana Mar\u00eda Gomez\" \/>\n<meta name=\"twitter:card\" content=\"summary_large_image\" \/>\n<meta name=\"twitter:creator\" content=\"@FiscaliaCol\" \/>\n<meta name=\"twitter:site\" content=\"@FiscaliaCol\" \/>\n<meta name=\"twitter:label1\" content=\"Escrito por\" \/>\n\t<meta name=\"twitter:data1\" content=\"Ana Mar\u00eda Gomez\" \/>\n\t<meta name=\"twitter:label2\" content=\"Tiempo de lectura\" \/>\n\t<meta name=\"twitter:data2\" content=\"3 minutos\" \/>\n<script type=\"application\/ld+json\" class=\"yoast-schema-graph\">{\"@context\":\"https:\/\/schema.org\",\"@graph\":[{\"@type\":\"Article\",\"@id\":\"https:\/\/www.fiscalia.gov.co\/colombia\/fiscal-general-de-la-nacion\/estructuras-ligadas-al-narcotrafico-el-eln-y-las-disidencias-de-las-farc-serian-las-responsables-de-actos-vandalicos-en-cali-fiscal-general-de-la-nacion\/#article\",\"isPartOf\":{\"@id\":\"https:\/\/www.fiscalia.gov.co\/colombia\/fiscal-general-de-la-nacion\/estructuras-ligadas-al-narcotrafico-el-eln-y-las-disidencias-de-las-farc-serian-las-responsables-de-actos-vandalicos-en-cali-fiscal-general-de-la-nacion\/\"},\"author\":{\"name\":\"Ana Mar\u00eda Gomez\",\"@id\":\"https:\/\/www.fiscalia.gov.co\/colombia\/#\/schema\/person\/06aa2210fe4d79203f428ff671dee360\"},\"headline\":\"Estructuras ligadas al narcotr\u00e1fico, el ELN y las disidencias de las Farc ser\u00edan las responsables de actos vand\u00e1licos en Cali: Fiscal General de la Naci\u00f3n\",\"datePublished\":\"2021-05-05T01:16:25+00:00\",\"dateModified\":\"2021-05-05T01:17:21+00:00\",\"mainEntityOfPage\":{\"@id\":\"https:\/\/www.fiscalia.gov.co\/colombia\/fiscal-general-de-la-nacion\/estructuras-ligadas-al-narcotrafico-el-eln-y-las-disidencias-de-las-farc-serian-las-responsables-de-actos-vandalicos-en-cali-fiscal-general-de-la-nacion\/\"},\"wordCount\":595,\"publisher\":{\"@id\":\"https:\/\/www.fiscalia.gov.co\/colombia\/#organization\"},\"keywords\":[\"Fiscal Barbosa\",\"Fiscal\u00eda\"],\"articleSection\":[\"Fiscal General de la Naci\u00f3n\"],\"inLanguage\":\"es-CO\"},{\"@type\":\"WebPage\",\"@id\":\"https:\/\/www.fiscalia.gov.co\/colombia\/fiscal-general-de-la-nacion\/estructuras-ligadas-al-narcotrafico-el-eln-y-las-disidencias-de-las-farc-serian-las-responsables-de-actos-vandalicos-en-cali-fiscal-general-de-la-nacion\/\",\"url\":\"https:\/\/www.fiscalia.gov.co\/colombia\/fiscal-general-de-la-nacion\/estructuras-ligadas-al-narcotrafico-el-eln-y-las-disidencias-de-las-farc-serian-las-responsables-de-actos-vandalicos-en-cali-fiscal-general-de-la-nacion\/\",\"name\":\"Fiscal\u00eda General de la Naci\u00f3n\",\"isPartOf\":{\"@id\":\"https:\/\/www.fiscalia.gov.co\/colombia\/#website\"},\"datePublished\":\"2021-05-05T01:16:25+00:00\",\"dateModified\":\"2021-05-05T01:17:21+00:00\",\"description\":\"P\u00e1gina oficial de la Fiscal\u00eda General de la Naci\u00f3n \u2013 Colombia. Garantizamos el acceso efectivo a la justicia, la verdad y la reparaci\u00f3n de las v\u00edctimas de los delitos.\",\"breadcrumb\":{\"@id\":\"https:\/\/www.fiscalia.gov.co\/colombia\/fiscal-general-de-la-nacion\/estructuras-ligadas-al-narcotrafico-el-eln-y-las-disidencias-de-las-farc-serian-las-responsables-de-actos-vandalicos-en-cali-fiscal-general-de-la-nacion\/#breadcrumb\"},\"inLanguage\":\"es-CO\",\"potentialAction\":[{\"@type\":\"ReadAction\",\"target\":[\"https:\/\/www.fiscalia.gov.co\/colombia\/fiscal-general-de-la-nacion\/estructuras-ligadas-al-narcotrafico-el-eln-y-las-disidencias-de-las-farc-serian-las-responsables-de-actos-vandalicos-en-cali-fiscal-general-de-la-nacion\/\"]}]},{\"@type\":\"BreadcrumbList\",\"@id\":\"https:\/\/www.fiscalia.gov.co\/colombia\/fiscal-general-de-la-nacion\/estructuras-ligadas-al-narcotrafico-el-eln-y-las-disidencias-de-las-farc-serian-las-responsables-de-actos-vandalicos-en-cali-fiscal-general-de-la-nacion\/#breadcrumb\",\"itemListElement\":[{\"@type\":\"ListItem\",\"position\":1,\"name\":\"Home\",\"item\":\"https:\/\/www.fiscalia.gov.co\/colombia\/\"},{\"@type\":\"ListItem\",\"position\":2,\"name\":\"Estructuras ligadas al narcotr\u00e1fico, el ELN y las disidencias de las Farc ser\u00edan las responsables de actos vand\u00e1licos en Cali: Fiscal General de la Naci\u00f3n\"}]},{\"@type\":\"WebSite\",\"@id\":\"https:\/\/www.fiscalia.gov.co\/colombia\/#website\",\"url\":\"https:\/\/www.fiscalia.gov.co\/colombia\/\",\"name\":\"Fiscal\u00eda General de la Naci\u00f3n\",\"description\":\"P\u00e1gina oficial de la Fiscal\u00eda General de la Naci\u00f3n \u2013 Colombia. Garantizamos el acceso efectivo a la justicia, la verdad y la reparaci\u00f3n de las v\u00edctimas de los delitos.\",\"publisher\":{\"@id\":\"https:\/\/www.fiscalia.gov.co\/colombia\/#organization\"},\"potentialAction\":[{\"@type\":\"SearchAction\",\"target\":{\"@type\":\"EntryPoint\",\"urlTemplate\":\"https:\/\/www.fiscalia.gov.co\/colombia\/?s={search_term_string}\"},\"query-input\":{\"@type\":\"PropertyValueSpecification\",\"valueRequired\":true,\"valueName\":\"search_term_string\"}}],\"inLanguage\":\"es-CO\"},{\"@type\":\"Organization\",\"@id\":\"https:\/\/www.fiscalia.gov.co\/colombia\/#organization\",\"name\":\"Fiscal\u00eda General de la Naci\u00f3n\",\"url\":\"https:\/\/www.fiscalia.gov.co\/colombia\/\",\"logo\":{\"@type\":\"ImageObject\",\"inLanguage\":\"es-CO\",\"@id\":\"https:\/\/www.fiscalia.gov.co\/colombia\/#\/schema\/logo\/image\/\",\"url\":\"https:\/\/www.fiscalia.gov.co\/colombia\/wp-content\/uploads\/LogoHorizontal_1.jpg\",\"contentUrl\":\"https:\/\/www.fiscalia.gov.co\/colombia\/wp-content\/uploads\/LogoHorizontal_1.jpg\",\"width\":300,\"height\":90,\"caption\":\"Fiscal\u00eda General de la Naci\u00f3n\"},\"image\":{\"@id\":\"https:\/\/www.fiscalia.gov.co\/colombia\/#\/schema\/logo\/image\/\"},\"sameAs\":[\"https:\/\/www.facebook.com\/FiscaliaCol\",\"https:\/\/x.com\/FiscaliaCol\",\"https:\/\/www.instagram.com\/fiscaliacol\",\"https:\/\/www.linkedin.com\/company\/fiscalia-general-de-la-naci-n\/\",\"https:\/\/youtube.com\/@fiscaliageneraldelanacion-4668?si=6nN79nyQICPU5iTh\"]},{\"@type\":\"Person\",\"@id\":\"https:\/\/www.fiscalia.gov.co\/colombia\/#\/schema\/person\/06aa2210fe4d79203f428ff671dee360\",\"name\":\"Ana Mar\u00eda Gomez\",\"image\":{\"@type\":\"ImageObject\",\"inLanguage\":\"es-CO\",\"@id\":\"https:\/\/www.fiscalia.gov.co\/colombia\/#\/schema\/person\/image\/\",\"url\":\"https:\/\/secure.gravatar.com\/avatar\/a38115d98a7f8a96cbb96af2b2c37a0b?s=96&d=mm&r=g\",\"contentUrl\":\"https:\/\/secure.gravatar.com\/avatar\/a38115d98a7f8a96cbb96af2b2c37a0b?s=96&d=mm&r=g\",\"caption\":\"Ana Mar\u00eda Gomez\"},\"url\":\"https:\/\/www.fiscalia.gov.co\/colombia\/author\/agomez\/\"}]}<\/script>\n<!-- \/ Yoast SEO plugin. -->","yoast_head_json":{"title":"Fiscal\u00eda General de la Naci\u00f3n","description":"P\u00e1gina oficial de la Fiscal\u00eda General de la Naci\u00f3n \u2013 Colombia. Garantizamos el acceso efectivo a la justicia, la verdad y la reparaci\u00f3n de las v\u00edctimas de los delitos.","robots":{"index":"noindex","follow":"follow"},"og_locale":"es_ES","og_type":"article","og_title":"Fiscal\u00eda General de la Naci\u00f3n","og_description":"P\u00e1gina oficial de la Fiscal\u00eda General de la Naci\u00f3n \u2013 Colombia. Garantizamos el acceso efectivo a la justicia, la verdad y la reparaci\u00f3n de las v\u00edctimas de los delitos.","og_url":"https:\/\/www.fiscalia.gov.co\/colombia\/fiscal-general-de-la-nacion\/estructuras-ligadas-al-narcotrafico-el-eln-y-las-disidencias-de-las-farc-serian-las-responsables-de-actos-vandalicos-en-cali-fiscal-general-de-la-nacion\/","og_site_name":"Fiscal\u00eda General de la Naci\u00f3n","article_publisher":"https:\/\/www.facebook.com\/FiscaliaCol","article_published_time":"2021-05-05T01:16:25+00:00","article_modified_time":"2021-05-05T01:17:21+00:00","author":"Ana Mar\u00eda Gomez","twitter_card":"summary_large_image","twitter_creator":"@FiscaliaCol","twitter_site":"@FiscaliaCol","twitter_misc":{"Escrito por":"Ana Mar\u00eda Gomez","Tiempo de lectura":"3 minutos"},"schema":{"@context":"https:\/\/schema.org","@graph":[{"@type":"Article","@id":"https:\/\/www.fiscalia.gov.co\/colombia\/fiscal-general-de-la-nacion\/estructuras-ligadas-al-narcotrafico-el-eln-y-las-disidencias-de-las-farc-serian-las-responsables-de-actos-vandalicos-en-cali-fiscal-general-de-la-nacion\/#article","isPartOf":{"@id":"https:\/\/www.fiscalia.gov.co\/colombia\/fiscal-general-de-la-nacion\/estructuras-ligadas-al-narcotrafico-el-eln-y-las-disidencias-de-las-farc-serian-las-responsables-de-actos-vandalicos-en-cali-fiscal-general-de-la-nacion\/"},"author":{"name":"Ana Mar\u00eda Gomez","@id":"https:\/\/www.fiscalia.gov.co\/colombia\/#\/schema\/person\/06aa2210fe4d79203f428ff671dee360"},"headline":"Estructuras ligadas al narcotr\u00e1fico, el ELN y las disidencias de las Farc ser\u00edan las responsables de actos vand\u00e1licos en Cali: Fiscal General de la Naci\u00f3n","datePublished":"2021-05-05T01:16:25+00:00","dateModified":"2021-05-05T01:17:21+00:00","mainEntityOfPage":{"@id":"https:\/\/www.fiscalia.gov.co\/colombia\/fiscal-general-de-la-nacion\/estructuras-ligadas-al-narcotrafico-el-eln-y-las-disidencias-de-las-farc-serian-las-responsables-de-actos-vandalicos-en-cali-fiscal-general-de-la-nacion\/"},"wordCount":595,"publisher":{"@id":"https:\/\/www.fiscalia.gov.co\/colombia\/#organization"},"keywords":["Fiscal Barbosa","Fiscal\u00eda"],"articleSection":["Fiscal General de la Naci\u00f3n"],"inLanguage":"es-CO"},{"@type":"WebPage","@id":"https:\/\/www.fiscalia.gov.co\/colombia\/fiscal-general-de-la-nacion\/estructuras-ligadas-al-narcotrafico-el-eln-y-las-disidencias-de-las-farc-serian-las-responsables-de-actos-vandalicos-en-cali-fiscal-general-de-la-nacion\/","url":"https:\/\/www.fiscalia.gov.co\/colombia\/fiscal-general-de-la-nacion\/estructuras-ligadas-al-narcotrafico-el-eln-y-las-disidencias-de-las-farc-serian-las-responsables-de-actos-vandalicos-en-cali-fiscal-general-de-la-nacion\/","name":"Fiscal\u00eda General de la Naci\u00f3n","isPartOf":{"@id":"https:\/\/www.fiscalia.gov.co\/colombia\/#website"},"datePublished":"2021-05-05T01:16:25+00:00","dateModified":"2021-05-05T01:17:21+00:00","description":"P\u00e1gina oficial de la Fiscal\u00eda General de la Naci\u00f3n \u2013 Colombia. Garantizamos el acceso efectivo a la justicia, la verdad y la reparaci\u00f3n de las v\u00edctimas de los delitos.","breadcrumb":{"@id":"https:\/\/www.fiscalia.gov.co\/colombia\/fiscal-general-de-la-nacion\/estructuras-ligadas-al-narcotrafico-el-eln-y-las-disidencias-de-las-farc-serian-las-responsables-de-actos-vandalicos-en-cali-fiscal-general-de-la-nacion\/#breadcrumb"},"inLanguage":"es-CO","potentialAction":[{"@type":"ReadAction","target":["https:\/\/www.fiscalia.gov.co\/colombia\/fiscal-general-de-la-nacion\/estructuras-ligadas-al-narcotrafico-el-eln-y-las-disidencias-de-las-farc-serian-las-responsables-de-actos-vandalicos-en-cali-fiscal-general-de-la-nacion\/"]}]},{"@type":"BreadcrumbList","@id":"https:\/\/www.fiscalia.gov.co\/colombia\/fiscal-general-de-la-nacion\/estructuras-ligadas-al-narcotrafico-el-eln-y-las-disidencias-de-las-farc-serian-las-responsables-de-actos-vandalicos-en-cali-fiscal-general-de-la-nacion\/#breadcrumb","itemListElement":[{"@type":"ListItem","position":1,"name":"Home","item":"https:\/\/www.fiscalia.gov.co\/colombia\/"},{"@type":"ListItem","position":2,"name":"Estructuras ligadas al narcotr\u00e1fico, el ELN y las disidencias de las Farc ser\u00edan las responsables de actos vand\u00e1licos en Cali: Fiscal General de la Naci\u00f3n"}]},{"@type":"WebSite","@id":"https:\/\/www.fiscalia.gov.co\/colombia\/#website","url":"https:\/\/www.fiscalia.gov.co\/colombia\/","name":"Fiscal\u00eda General de la Naci\u00f3n","description":"P\u00e1gina oficial de la Fiscal\u00eda General de la Naci\u00f3n \u2013 Colombia. Garantizamos el acceso efectivo a la justicia, la verdad y la reparaci\u00f3n de las v\u00edctimas de los delitos.","publisher":{"@id":"https:\/\/www.fiscalia.gov.co\/colombia\/#organization"},"potentialAction":[{"@type":"SearchAction","target":{"@type":"EntryPoint","urlTemplate":"https:\/\/www.fiscalia.gov.co\/colombia\/?s={search_term_string}"},"query-input":{"@type":"PropertyValueSpecification","valueRequired":true,"valueName":"search_term_string"}}],"inLanguage":"es-CO"},{"@type":"Organization","@id":"https:\/\/www.fiscalia.gov.co\/colombia\/#organization","name":"Fiscal\u00eda General de la Naci\u00f3n","url":"https:\/\/www.fiscalia.gov.co\/colombia\/","logo":{"@type":"ImageObject","inLanguage":"es-CO","@id":"https:\/\/www.fiscalia.gov.co\/colombia\/#\/schema\/logo\/image\/","url":"https:\/\/www.fiscalia.gov.co\/colombia\/wp-content\/uploads\/LogoHorizontal_1.jpg","contentUrl":"https:\/\/www.fiscalia.gov.co\/colombia\/wp-content\/uploads\/LogoHorizontal_1.jpg","width":300,"height":90,"caption":"Fiscal\u00eda General de la Naci\u00f3n"},"image":{"@id":"https:\/\/www.fiscalia.gov.co\/colombia\/#\/schema\/logo\/image\/"},"sameAs":["https:\/\/www.facebook.com\/FiscaliaCol","https:\/\/x.com\/FiscaliaCol","https:\/\/www.instagram.com\/fiscaliacol","https:\/\/www.linkedin.com\/company\/fiscalia-general-de-la-naci-n\/","https:\/\/youtube.com\/@fiscaliageneraldelanacion-4668?si=6nN79nyQICPU5iTh"]},{"@type":"Person","@id":"https:\/\/www.fiscalia.gov.co\/colombia\/#\/schema\/person\/06aa2210fe4d79203f428ff671dee360","name":"Ana Mar\u00eda Gomez","image":{"@type":"ImageObject","inLanguage":"es-CO","@id":"https:\/\/www.fiscalia.gov.co\/colombia\/#\/schema\/person\/image\/","url":"https:\/\/secure.gravatar.com\/avatar\/a38115d98a7f8a96cbb96af2b2c37a0b?s=96&d=mm&r=g","contentUrl":"https:\/\/secure.gravatar.com\/avatar\/a38115d98a7f8a96cbb96af2b2c37a0b?s=96&d=mm&r=g","caption":"Ana Mar\u00eda Gomez"},"url":"https:\/\/www.fiscalia.gov.co\/colombia\/author\/agomez\/"}]}},"_links":{"self":[{"href":"https:\/\/www.fiscalia.gov.co\/colombia\/wp-json\/wp\/v2\/posts\/219295","targetHints":{"allow":["GET"]}}],"collection":[{"href":"https:\/\/www.fiscalia.gov.co\/colombia\/wp-json\/wp\/v2\/posts"}],"about":[{"href":"https:\/\/www.fiscalia.gov.co\/colombia\/wp-json\/wp\/v2\/types\/post"}],"author":[{"embeddable":true,"href":"https:\/\/www.fiscalia.gov.co\/colombia\/wp-json\/wp\/v2\/users\/171"}],"replies":[{"embeddable":true,"href":"https:\/\/www.fiscalia.gov.co\/colombia\/wp-json\/wp\/v2\/comments?post=219295"}],"version-history":[{"count":2,"href":"https:\/\/www.fiscalia.gov.co\/colombia\/wp-json\/wp\/v2\/posts\/219295\/revisions"}],"predecessor-version":[{"id":219297,"href":"https:\/\/www.fiscalia.gov.co\/colombia\/wp-json\/wp\/v2\/posts\/219295\/revisions\/219297"}],"wp:attachment":[{"href":"https:\/\/www.fiscalia.gov.co\/colombia\/wp-json\/wp\/v2\/media?parent=219295"}],"wp:term":[{"taxonomy":"category","embeddable":true,"href":"https:\/\/www.fiscalia.gov.co\/colombia\/wp-json\/wp\/v2\/categories?post=219295"},{"taxonomy":"post_tag","embeddable":true,"href":"https:\/\/www.fiscalia.gov.co\/colombia\/wp-json\/wp\/v2\/tags?post=219295"}],"curies":[{"name":"wp","href":"https:\/\/api.w.org\/{rel}","templated":true}]}}