{"id":219243,"date":"2021-05-04T10:11:44","date_gmt":"2021-05-04T15:11:44","guid":{"rendered":"https:\/\/www.fiscalia.gov.co\/colombia\/?p=219243"},"modified":"2021-05-04T10:12:15","modified_gmt":"2021-05-04T15:12:15","slug":"judicializado-exfuncionario-de-la-policia-por-transportar-mas-de-49-kilos-de-estupefacientes","status":"publish","type":"post","link":"https:\/\/www.fiscalia.gov.co\/colombia\/trafico-de-estupefacientes\/judicializado-exfuncionario-de-la-policia-por-transportar-mas-de-49-kilos-de-estupefacientes\/","title":{"rendered":"Judicializado exfuncionario de la Polic\u00eda por transportar m\u00e1s de 49 kilos de estupefacientes"},"content":{"rendered":"<p class=\"x_x_MsoNormal\">Luego de acoger los argumentos de la\u00a0<b>Fiscal\u00eda General de la Naci\u00f3n<\/b>, un\u00a0juez con funciones de control de garant\u00edas de Arauca (Arauca), envi\u00f3 a la c\u00e1rcel a\u00a0Euder Cort\u00e9s Pedroza<span lang=\"ES\">, exfuncionario de la Polic\u00eda,\u00a0<\/span><span lang=\"ES\">por los\u00a0delitos de tr\u00e1fico, fabricaci\u00f3n o porte de estupefacientes y falsedad en documento p\u00fablico.<\/span><\/p>\n<figure id=\"attachment_219245\" aria-describedby=\"caption-attachment-219245\" style=\"width: 696px\" class=\"wp-caption aligncenter\"><img loading=\"lazy\" decoding=\"async\" class=\"size-large wp-image-219245\" src=\"https:\/\/www.fiscalia.gov.co\/colombia\/wp-content\/uploads\/INCAUTACION-DE-49-KILOS-DE-CLORHIDRATO-DE-COCAINA-ARAUCA-1024x576.jpg\" alt=\"\" width=\"696\" height=\"392\" srcset=\"https:\/\/www.fiscalia.gov.co\/colombia\/wp-content\/uploads\/INCAUTACION-DE-49-KILOS-DE-CLORHIDRATO-DE-COCAINA-ARAUCA-1024x576.jpg 1024w, https:\/\/www.fiscalia.gov.co\/colombia\/wp-content\/uploads\/INCAUTACION-DE-49-KILOS-DE-CLORHIDRATO-DE-COCAINA-ARAUCA-300x169.jpg 300w, https:\/\/www.fiscalia.gov.co\/colombia\/wp-content\/uploads\/INCAUTACION-DE-49-KILOS-DE-CLORHIDRATO-DE-COCAINA-ARAUCA-768x432.jpg 768w, https:\/\/www.fiscalia.gov.co\/colombia\/wp-content\/uploads\/INCAUTACION-DE-49-KILOS-DE-CLORHIDRATO-DE-COCAINA-ARAUCA-696x392.jpg 696w, https:\/\/www.fiscalia.gov.co\/colombia\/wp-content\/uploads\/INCAUTACION-DE-49-KILOS-DE-CLORHIDRATO-DE-COCAINA-ARAUCA-1068x601.jpg 1068w, https:\/\/www.fiscalia.gov.co\/colombia\/wp-content\/uploads\/INCAUTACION-DE-49-KILOS-DE-CLORHIDRATO-DE-COCAINA-ARAUCA-747x420.jpg 747w, https:\/\/www.fiscalia.gov.co\/colombia\/wp-content\/uploads\/INCAUTACION-DE-49-KILOS-DE-CLORHIDRATO-DE-COCAINA-ARAUCA.jpg 1152w\" sizes=\"auto, (max-width: 696px) 100vw, 696px\" \/><figcaption id=\"caption-attachment-219245\" class=\"wp-caption-text\">Euder Cort\u00e9s Pedroza, exfuncionario de la Polic\u00eda presunto responsable de los delitos de tr\u00e1fico, fabricaci\u00f3n o porte de estupefacientes y falsedad en documento p\u00fablico.<\/figcaption><\/figure>\n<p class=\"x_x_MsoNormal\"><span lang=\"ES\">El pasado 26 de abril, agentes de la<b>\u00a0Polic\u00eda Nacional<\/b>\u00a0capturaron al hombre en flagrancia, cuando se movilizaba en un veh\u00edculo\u00a0en el barrio San Carlos de esa ciudad,\u00a0durante un operativo de registro y control de automotores. \u00a0<\/span><\/p>\n<p class=\"x_x_MsoNormal\">Al revisar la parte interior del carro, fueron hallados\u00a0<span lang=\"ES\">49 paquetes de\u00a0<\/span><a href=\"https:\/\/www.fiscalia.gov.co\/colombia\/trafico-de-estupefacientes\/judicializados-dos-hombres-por-trafico-de-estupefacientes-en-popayan-cauca\/\" target=\"_blank\" rel=\"noopener noreferrer\"><span lang=\"ES\">clorhidrato de coca\u00edna<\/span><\/a><span lang=\"ES\">.\u00a0<\/span>En el procedimiento las autoridades incautaron un tel\u00e9fono celular, una licencia de conducir falsa y el veh\u00edculo con fines de comiso.<\/p>\n<p class=\"x_x_MsoNormal\">La Fiscal\u00eda hace p\u00fablica esta informaci\u00f3n por razones de inter\u00e9s general.<\/p>\n<p class=\"x_x_MsoNormal\">MPHA\/APS\/MG<\/p>\n<div class=\"x_x_MsoNormal\"><i>La informaci\u00f3n contenida en este bolet\u00edn de prensa corresponde a la narraci\u00f3n de los hechos noticiosos objetivos, suministrados por los funcionarios encargados de adelantar las investigaciones penales al interior de la Fiscal\u00eda General de la Naci\u00f3n. Para el momento de la divulgaci\u00f3n de este comunicado, la situaci\u00f3n jur\u00eddica de la(s) persona(s) relacionada(s) se encuentra pendiente de resolver por la autoridad judicial competente, siempre bajo los preceptos de la presunci\u00f3n de inocencia, consagrados en el art\u00edculo 29 de la Constituci\u00f3n Pol\u00edtica y el art\u00edculo 7\u00ba de la Ley 906 de 2004.<\/i><\/div>\n\n<div class=\"twitter-share\"><a href=\"https:\/\/twitter.com\/intent\/tweet?via=fiscaliacol\" class=\"twitter-share-button\">Tweet<\/a><\/div>\n","protected":false},"excerpt":{"rendered":"<p>Luego de acoger los argumentos de la\u00a0Fiscal\u00eda General de la Naci\u00f3n, un\u00a0juez con funciones de control de garant\u00edas de Arauca (Arauca), envi\u00f3 a la c\u00e1rcel a\u00a0Euder Cort\u00e9s Pedroza, exfuncionario de la Polic\u00eda,\u00a0por los\u00a0delitos de tr\u00e1fico, fabricaci\u00f3n o porte de estupefacientes y falsedad en documento p\u00fablico. El pasado 26 de abril, agentes de la\u00a0Polic\u00eda Nacional\u00a0capturaron al [&hellip;]<\/p>\n","protected":false},"author":171,"featured_media":0,"comment_status":"closed","ping_status":"open","sticky":false,"template":"","format":"standard","meta":{"_price":"","_stock":"","_tribe_ticket_header":"","_tribe_default_ticket_provider":"","_tribe_ticket_capacity":"0","_ticket_start_date":"","_ticket_end_date":"","_tribe_ticket_show_description":"","_tribe_ticket_show_not_going":false,"_tribe_ticket_use_global_stock":"","_tribe_ticket_global_stock_level":"","_global_stock_mode":"","_global_stock_cap":"","_tribe_rsvp_for_event":"","_tribe_ticket_going_count":"","_tribe_ticket_not_going_count":"","_tribe_tickets_list":"[]","_tribe_ticket_has_attendee_info_fields":false,"tdm_status":"","tdm_grid_status":"","footnotes":""},"categories":[12632,303,24103],"tags":[14550,19,26826,155],"class_list":{"0":"post-219243","1":"post","2":"type-post","3":"status-publish","4":"format-standard","6":"category-seccional-arauca","7":"category-seccionales","8":"category-trafico-de-estupefacientes","9":"tag-carcel","10":"tag-cocaina","11":"tag-no-aceptacion-de-carcel","12":"tag-trafico-de-estupefacientes"},"yoast_head":"<!-- This site is optimized with the Yoast SEO plugin v24.3 - https:\/\/yoast.com\/wordpress\/plugins\/seo\/ -->\n<title>Fiscal\u00eda General de la Naci\u00f3n<\/title>\n<meta name=\"description\" content=\"P\u00e1gina oficial de la Fiscal\u00eda General de la Naci\u00f3n \u2013 Colombia. Garantizamos el acceso efectivo a la justicia, la verdad y la reparaci\u00f3n de las v\u00edctimas de los delitos.\" \/>\n<meta name=\"robots\" content=\"noindex, follow\" \/>\n<meta property=\"og:locale\" content=\"es_ES\" \/>\n<meta property=\"og:type\" content=\"article\" \/>\n<meta property=\"og:title\" content=\"Fiscal\u00eda General de la Naci\u00f3n\" \/>\n<meta property=\"og:description\" content=\"P\u00e1gina oficial de la Fiscal\u00eda General de la Naci\u00f3n \u2013 Colombia. Garantizamos el acceso efectivo a la justicia, la verdad y la reparaci\u00f3n de las v\u00edctimas de los delitos.\" \/>\n<meta property=\"og:url\" content=\"https:\/\/www.fiscalia.gov.co\/colombia\/trafico-de-estupefacientes\/judicializado-exfuncionario-de-la-policia-por-transportar-mas-de-49-kilos-de-estupefacientes\/\" \/>\n<meta property=\"og:site_name\" content=\"Fiscal\u00eda General de la Naci\u00f3n\" \/>\n<meta property=\"article:publisher\" content=\"https:\/\/www.facebook.com\/FiscaliaCol\" \/>\n<meta property=\"article:published_time\" content=\"2021-05-04T15:11:44+00:00\" \/>\n<meta property=\"article:modified_time\" content=\"2021-05-04T15:12:15+00:00\" \/>\n<meta property=\"og:image\" content=\"https:\/\/www.fiscalia.gov.co\/colombia\/wp-content\/uploads\/INCAUTACION-DE-49-KILOS-DE-CLORHIDRATO-DE-COCAINA-ARAUCA-1024x576.jpg\" \/>\n<meta name=\"author\" content=\"Ana Mar\u00eda Gomez\" \/>\n<meta name=\"twitter:card\" content=\"summary_large_image\" \/>\n<meta name=\"twitter:creator\" content=\"@FiscaliaCol\" \/>\n<meta name=\"twitter:site\" content=\"@FiscaliaCol\" \/>\n<meta name=\"twitter:label1\" content=\"Escrito por\" \/>\n\t<meta name=\"twitter:data1\" content=\"Ana Mar\u00eda Gomez\" \/>\n\t<meta name=\"twitter:label2\" content=\"Tiempo de lectura\" \/>\n\t<meta name=\"twitter:data2\" content=\"1 minuto\" \/>\n<script type=\"application\/ld+json\" class=\"yoast-schema-graph\">{\"@context\":\"https:\/\/schema.org\",\"@graph\":[{\"@type\":\"Article\",\"@id\":\"https:\/\/www.fiscalia.gov.co\/colombia\/trafico-de-estupefacientes\/judicializado-exfuncionario-de-la-policia-por-transportar-mas-de-49-kilos-de-estupefacientes\/#article\",\"isPartOf\":{\"@id\":\"https:\/\/www.fiscalia.gov.co\/colombia\/trafico-de-estupefacientes\/judicializado-exfuncionario-de-la-policia-por-transportar-mas-de-49-kilos-de-estupefacientes\/\"},\"author\":{\"name\":\"Ana Mar\u00eda Gomez\",\"@id\":\"https:\/\/www.fiscalia.gov.co\/colombia\/#\/schema\/person\/06aa2210fe4d79203f428ff671dee360\"},\"headline\":\"Judicializado exfuncionario de la Polic\u00eda por transportar m\u00e1s de 49 kilos de estupefacientes\",\"datePublished\":\"2021-05-04T15:11:44+00:00\",\"dateModified\":\"2021-05-04T15:12:15+00:00\",\"mainEntityOfPage\":{\"@id\":\"https:\/\/www.fiscalia.gov.co\/colombia\/trafico-de-estupefacientes\/judicializado-exfuncionario-de-la-policia-por-transportar-mas-de-49-kilos-de-estupefacientes\/\"},\"wordCount\":306,\"publisher\":{\"@id\":\"https:\/\/www.fiscalia.gov.co\/colombia\/#organization\"},\"image\":{\"@id\":\"https:\/\/www.fiscalia.gov.co\/colombia\/trafico-de-estupefacientes\/judicializado-exfuncionario-de-la-policia-por-transportar-mas-de-49-kilos-de-estupefacientes\/#primaryimage\"},\"thumbnailUrl\":\"https:\/\/www.fiscalia.gov.co\/colombia\/wp-content\/uploads\/INCAUTACION-DE-49-KILOS-DE-CLORHIDRATO-DE-COCAINA-ARAUCA-1024x576.jpg\",\"keywords\":[\"C\u00e1rcel\",\"Coca\u00edna\",\"no aceptaci\u00f3n de c\u00e1rcel\",\"Tr\u00e1fico de estupefacientes\"],\"articleSection\":[\"Seccional Arauca\",\"Seccionales\",\"Tr\u00e1fico de estupefacientes\"],\"inLanguage\":\"es-CO\"},{\"@type\":\"WebPage\",\"@id\":\"https:\/\/www.fiscalia.gov.co\/colombia\/trafico-de-estupefacientes\/judicializado-exfuncionario-de-la-policia-por-transportar-mas-de-49-kilos-de-estupefacientes\/\",\"url\":\"https:\/\/www.fiscalia.gov.co\/colombia\/trafico-de-estupefacientes\/judicializado-exfuncionario-de-la-policia-por-transportar-mas-de-49-kilos-de-estupefacientes\/\",\"name\":\"Fiscal\u00eda General de la Naci\u00f3n\",\"isPartOf\":{\"@id\":\"https:\/\/www.fiscalia.gov.co\/colombia\/#website\"},\"primaryImageOfPage\":{\"@id\":\"https:\/\/www.fiscalia.gov.co\/colombia\/trafico-de-estupefacientes\/judicializado-exfuncionario-de-la-policia-por-transportar-mas-de-49-kilos-de-estupefacientes\/#primaryimage\"},\"image\":{\"@id\":\"https:\/\/www.fiscalia.gov.co\/colombia\/trafico-de-estupefacientes\/judicializado-exfuncionario-de-la-policia-por-transportar-mas-de-49-kilos-de-estupefacientes\/#primaryimage\"},\"thumbnailUrl\":\"https:\/\/www.fiscalia.gov.co\/colombia\/wp-content\/uploads\/INCAUTACION-DE-49-KILOS-DE-CLORHIDRATO-DE-COCAINA-ARAUCA-1024x576.jpg\",\"datePublished\":\"2021-05-04T15:11:44+00:00\",\"dateModified\":\"2021-05-04T15:12:15+00:00\",\"description\":\"P\u00e1gina oficial de la Fiscal\u00eda General de la Naci\u00f3n \u2013 Colombia. Garantizamos el acceso efectivo a la justicia, la verdad y la reparaci\u00f3n de las v\u00edctimas de los delitos.\",\"breadcrumb\":{\"@id\":\"https:\/\/www.fiscalia.gov.co\/colombia\/trafico-de-estupefacientes\/judicializado-exfuncionario-de-la-policia-por-transportar-mas-de-49-kilos-de-estupefacientes\/#breadcrumb\"},\"inLanguage\":\"es-CO\",\"potentialAction\":[{\"@type\":\"ReadAction\",\"target\":[\"https:\/\/www.fiscalia.gov.co\/colombia\/trafico-de-estupefacientes\/judicializado-exfuncionario-de-la-policia-por-transportar-mas-de-49-kilos-de-estupefacientes\/\"]}]},{\"@type\":\"ImageObject\",\"inLanguage\":\"es-CO\",\"@id\":\"https:\/\/www.fiscalia.gov.co\/colombia\/trafico-de-estupefacientes\/judicializado-exfuncionario-de-la-policia-por-transportar-mas-de-49-kilos-de-estupefacientes\/#primaryimage\",\"url\":\"https:\/\/www.fiscalia.gov.co\/colombia\/wp-content\/uploads\/INCAUTACION-DE-49-KILOS-DE-CLORHIDRATO-DE-COCAINA-ARAUCA.jpg\",\"contentUrl\":\"https:\/\/www.fiscalia.gov.co\/colombia\/wp-content\/uploads\/INCAUTACION-DE-49-KILOS-DE-CLORHIDRATO-DE-COCAINA-ARAUCA.jpg\",\"width\":1152,\"height\":648,\"caption\":\"Euder Cort\u00e9s Pedroza, exfuncionario de la Polic\u00eda presunto responsable de los delitos de tr\u00e1fico, fabricaci\u00f3n o porte de estupefacientes y falsedad en documento p\u00fablico.\"},{\"@type\":\"BreadcrumbList\",\"@id\":\"https:\/\/www.fiscalia.gov.co\/colombia\/trafico-de-estupefacientes\/judicializado-exfuncionario-de-la-policia-por-transportar-mas-de-49-kilos-de-estupefacientes\/#breadcrumb\",\"itemListElement\":[{\"@type\":\"ListItem\",\"position\":1,\"name\":\"Home\",\"item\":\"https:\/\/www.fiscalia.gov.co\/colombia\/\"},{\"@type\":\"ListItem\",\"position\":2,\"name\":\"Judicializado exfuncionario de la Polic\u00eda por transportar m\u00e1s de 49 kilos de estupefacientes\"}]},{\"@type\":\"WebSite\",\"@id\":\"https:\/\/www.fiscalia.gov.co\/colombia\/#website\",\"url\":\"https:\/\/www.fiscalia.gov.co\/colombia\/\",\"name\":\"Fiscal\u00eda General de la Naci\u00f3n\",\"description\":\"P\u00e1gina oficial de la Fiscal\u00eda General de la Naci\u00f3n \u2013 Colombia. Garantizamos el acceso efectivo a la justicia, la verdad y la reparaci\u00f3n de las v\u00edctimas de los delitos.\",\"publisher\":{\"@id\":\"https:\/\/www.fiscalia.gov.co\/colombia\/#organization\"},\"potentialAction\":[{\"@type\":\"SearchAction\",\"target\":{\"@type\":\"EntryPoint\",\"urlTemplate\":\"https:\/\/www.fiscalia.gov.co\/colombia\/?s={search_term_string}\"},\"query-input\":{\"@type\":\"PropertyValueSpecification\",\"valueRequired\":true,\"valueName\":\"search_term_string\"}}],\"inLanguage\":\"es-CO\"},{\"@type\":\"Organization\",\"@id\":\"https:\/\/www.fiscalia.gov.co\/colombia\/#organization\",\"name\":\"Fiscal\u00eda General de la Naci\u00f3n\",\"url\":\"https:\/\/www.fiscalia.gov.co\/colombia\/\",\"logo\":{\"@type\":\"ImageObject\",\"inLanguage\":\"es-CO\",\"@id\":\"https:\/\/www.fiscalia.gov.co\/colombia\/#\/schema\/logo\/image\/\",\"url\":\"https:\/\/www.fiscalia.gov.co\/colombia\/wp-content\/uploads\/LogoHorizontal_1.jpg\",\"contentUrl\":\"https:\/\/www.fiscalia.gov.co\/colombia\/wp-content\/uploads\/LogoHorizontal_1.jpg\",\"width\":300,\"height\":90,\"caption\":\"Fiscal\u00eda General de la Naci\u00f3n\"},\"image\":{\"@id\":\"https:\/\/www.fiscalia.gov.co\/colombia\/#\/schema\/logo\/image\/\"},\"sameAs\":[\"https:\/\/www.facebook.com\/FiscaliaCol\",\"https:\/\/x.com\/FiscaliaCol\",\"https:\/\/www.instagram.com\/fiscaliacol\",\"https:\/\/www.linkedin.com\/company\/fiscalia-general-de-la-naci-n\/\",\"https:\/\/youtube.com\/@fiscaliageneraldelanacion-4668?si=6nN79nyQICPU5iTh\"]},{\"@type\":\"Person\",\"@id\":\"https:\/\/www.fiscalia.gov.co\/colombia\/#\/schema\/person\/06aa2210fe4d79203f428ff671dee360\",\"name\":\"Ana Mar\u00eda Gomez\",\"image\":{\"@type\":\"ImageObject\",\"inLanguage\":\"es-CO\",\"@id\":\"https:\/\/www.fiscalia.gov.co\/colombia\/#\/schema\/person\/image\/\",\"url\":\"https:\/\/secure.gravatar.com\/avatar\/a38115d98a7f8a96cbb96af2b2c37a0b?s=96&d=mm&r=g\",\"contentUrl\":\"https:\/\/secure.gravatar.com\/avatar\/a38115d98a7f8a96cbb96af2b2c37a0b?s=96&d=mm&r=g\",\"caption\":\"Ana Mar\u00eda Gomez\"},\"url\":\"https:\/\/www.fiscalia.gov.co\/colombia\/author\/agomez\/\"}]}<\/script>\n<!-- \/ Yoast SEO plugin. -->","yoast_head_json":{"title":"Fiscal\u00eda General de la Naci\u00f3n","description":"P\u00e1gina oficial de la Fiscal\u00eda General de la Naci\u00f3n \u2013 Colombia. Garantizamos el acceso efectivo a la justicia, la verdad y la reparaci\u00f3n de las v\u00edctimas de los delitos.","robots":{"index":"noindex","follow":"follow"},"og_locale":"es_ES","og_type":"article","og_title":"Fiscal\u00eda General de la Naci\u00f3n","og_description":"P\u00e1gina oficial de la Fiscal\u00eda General de la Naci\u00f3n \u2013 Colombia. Garantizamos el acceso efectivo a la justicia, la verdad y la reparaci\u00f3n de las v\u00edctimas de los delitos.","og_url":"https:\/\/www.fiscalia.gov.co\/colombia\/trafico-de-estupefacientes\/judicializado-exfuncionario-de-la-policia-por-transportar-mas-de-49-kilos-de-estupefacientes\/","og_site_name":"Fiscal\u00eda General de la Naci\u00f3n","article_publisher":"https:\/\/www.facebook.com\/FiscaliaCol","article_published_time":"2021-05-04T15:11:44+00:00","article_modified_time":"2021-05-04T15:12:15+00:00","og_image":[{"url":"https:\/\/www.fiscalia.gov.co\/colombia\/wp-content\/uploads\/INCAUTACION-DE-49-KILOS-DE-CLORHIDRATO-DE-COCAINA-ARAUCA-1024x576.jpg","type":"","width":"","height":""}],"author":"Ana Mar\u00eda Gomez","twitter_card":"summary_large_image","twitter_creator":"@FiscaliaCol","twitter_site":"@FiscaliaCol","twitter_misc":{"Escrito por":"Ana Mar\u00eda Gomez","Tiempo de lectura":"1 minuto"},"schema":{"@context":"https:\/\/schema.org","@graph":[{"@type":"Article","@id":"https:\/\/www.fiscalia.gov.co\/colombia\/trafico-de-estupefacientes\/judicializado-exfuncionario-de-la-policia-por-transportar-mas-de-49-kilos-de-estupefacientes\/#article","isPartOf":{"@id":"https:\/\/www.fiscalia.gov.co\/colombia\/trafico-de-estupefacientes\/judicializado-exfuncionario-de-la-policia-por-transportar-mas-de-49-kilos-de-estupefacientes\/"},"author":{"name":"Ana Mar\u00eda Gomez","@id":"https:\/\/www.fiscalia.gov.co\/colombia\/#\/schema\/person\/06aa2210fe4d79203f428ff671dee360"},"headline":"Judicializado exfuncionario de la Polic\u00eda por transportar m\u00e1s de 49 kilos de estupefacientes","datePublished":"2021-05-04T15:11:44+00:00","dateModified":"2021-05-04T15:12:15+00:00","mainEntityOfPage":{"@id":"https:\/\/www.fiscalia.gov.co\/colombia\/trafico-de-estupefacientes\/judicializado-exfuncionario-de-la-policia-por-transportar-mas-de-49-kilos-de-estupefacientes\/"},"wordCount":306,"publisher":{"@id":"https:\/\/www.fiscalia.gov.co\/colombia\/#organization"},"image":{"@id":"https:\/\/www.fiscalia.gov.co\/colombia\/trafico-de-estupefacientes\/judicializado-exfuncionario-de-la-policia-por-transportar-mas-de-49-kilos-de-estupefacientes\/#primaryimage"},"thumbnailUrl":"https:\/\/www.fiscalia.gov.co\/colombia\/wp-content\/uploads\/INCAUTACION-DE-49-KILOS-DE-CLORHIDRATO-DE-COCAINA-ARAUCA-1024x576.jpg","keywords":["C\u00e1rcel","Coca\u00edna","no aceptaci\u00f3n de c\u00e1rcel","Tr\u00e1fico de estupefacientes"],"articleSection":["Seccional Arauca","Seccionales","Tr\u00e1fico de estupefacientes"],"inLanguage":"es-CO"},{"@type":"WebPage","@id":"https:\/\/www.fiscalia.gov.co\/colombia\/trafico-de-estupefacientes\/judicializado-exfuncionario-de-la-policia-por-transportar-mas-de-49-kilos-de-estupefacientes\/","url":"https:\/\/www.fiscalia.gov.co\/colombia\/trafico-de-estupefacientes\/judicializado-exfuncionario-de-la-policia-por-transportar-mas-de-49-kilos-de-estupefacientes\/","name":"Fiscal\u00eda General de la Naci\u00f3n","isPartOf":{"@id":"https:\/\/www.fiscalia.gov.co\/colombia\/#website"},"primaryImageOfPage":{"@id":"https:\/\/www.fiscalia.gov.co\/colombia\/trafico-de-estupefacientes\/judicializado-exfuncionario-de-la-policia-por-transportar-mas-de-49-kilos-de-estupefacientes\/#primaryimage"},"image":{"@id":"https:\/\/www.fiscalia.gov.co\/colombia\/trafico-de-estupefacientes\/judicializado-exfuncionario-de-la-policia-por-transportar-mas-de-49-kilos-de-estupefacientes\/#primaryimage"},"thumbnailUrl":"https:\/\/www.fiscalia.gov.co\/colombia\/wp-content\/uploads\/INCAUTACION-DE-49-KILOS-DE-CLORHIDRATO-DE-COCAINA-ARAUCA-1024x576.jpg","datePublished":"2021-05-04T15:11:44+00:00","dateModified":"2021-05-04T15:12:15+00:00","description":"P\u00e1gina oficial de la Fiscal\u00eda General de la Naci\u00f3n \u2013 Colombia. Garantizamos el acceso efectivo a la justicia, la verdad y la reparaci\u00f3n de las v\u00edctimas de los delitos.","breadcrumb":{"@id":"https:\/\/www.fiscalia.gov.co\/colombia\/trafico-de-estupefacientes\/judicializado-exfuncionario-de-la-policia-por-transportar-mas-de-49-kilos-de-estupefacientes\/#breadcrumb"},"inLanguage":"es-CO","potentialAction":[{"@type":"ReadAction","target":["https:\/\/www.fiscalia.gov.co\/colombia\/trafico-de-estupefacientes\/judicializado-exfuncionario-de-la-policia-por-transportar-mas-de-49-kilos-de-estupefacientes\/"]}]},{"@type":"ImageObject","inLanguage":"es-CO","@id":"https:\/\/www.fiscalia.gov.co\/colombia\/trafico-de-estupefacientes\/judicializado-exfuncionario-de-la-policia-por-transportar-mas-de-49-kilos-de-estupefacientes\/#primaryimage","url":"https:\/\/www.fiscalia.gov.co\/colombia\/wp-content\/uploads\/INCAUTACION-DE-49-KILOS-DE-CLORHIDRATO-DE-COCAINA-ARAUCA.jpg","contentUrl":"https:\/\/www.fiscalia.gov.co\/colombia\/wp-content\/uploads\/INCAUTACION-DE-49-KILOS-DE-CLORHIDRATO-DE-COCAINA-ARAUCA.jpg","width":1152,"height":648,"caption":"Euder Cort\u00e9s Pedroza, exfuncionario de la Polic\u00eda presunto responsable de los delitos de tr\u00e1fico, fabricaci\u00f3n o porte de estupefacientes y falsedad en documento p\u00fablico."},{"@type":"BreadcrumbList","@id":"https:\/\/www.fiscalia.gov.co\/colombia\/trafico-de-estupefacientes\/judicializado-exfuncionario-de-la-policia-por-transportar-mas-de-49-kilos-de-estupefacientes\/#breadcrumb","itemListElement":[{"@type":"ListItem","position":1,"name":"Home","item":"https:\/\/www.fiscalia.gov.co\/colombia\/"},{"@type":"ListItem","position":2,"name":"Judicializado exfuncionario de la Polic\u00eda por transportar m\u00e1s de 49 kilos de estupefacientes"}]},{"@type":"WebSite","@id":"https:\/\/www.fiscalia.gov.co\/colombia\/#website","url":"https:\/\/www.fiscalia.gov.co\/colombia\/","name":"Fiscal\u00eda General de la Naci\u00f3n","description":"P\u00e1gina oficial de la Fiscal\u00eda General de la Naci\u00f3n \u2013 Colombia. Garantizamos el acceso efectivo a la justicia, la verdad y la reparaci\u00f3n de las v\u00edctimas de los delitos.","publisher":{"@id":"https:\/\/www.fiscalia.gov.co\/colombia\/#organization"},"potentialAction":[{"@type":"SearchAction","target":{"@type":"EntryPoint","urlTemplate":"https:\/\/www.fiscalia.gov.co\/colombia\/?s={search_term_string}"},"query-input":{"@type":"PropertyValueSpecification","valueRequired":true,"valueName":"search_term_string"}}],"inLanguage":"es-CO"},{"@type":"Organization","@id":"https:\/\/www.fiscalia.gov.co\/colombia\/#organization","name":"Fiscal\u00eda General de la Naci\u00f3n","url":"https:\/\/www.fiscalia.gov.co\/colombia\/","logo":{"@type":"ImageObject","inLanguage":"es-CO","@id":"https:\/\/www.fiscalia.gov.co\/colombia\/#\/schema\/logo\/image\/","url":"https:\/\/www.fiscalia.gov.co\/colombia\/wp-content\/uploads\/LogoHorizontal_1.jpg","contentUrl":"https:\/\/www.fiscalia.gov.co\/colombia\/wp-content\/uploads\/LogoHorizontal_1.jpg","width":300,"height":90,"caption":"Fiscal\u00eda General de la Naci\u00f3n"},"image":{"@id":"https:\/\/www.fiscalia.gov.co\/colombia\/#\/schema\/logo\/image\/"},"sameAs":["https:\/\/www.facebook.com\/FiscaliaCol","https:\/\/x.com\/FiscaliaCol","https:\/\/www.instagram.com\/fiscaliacol","https:\/\/www.linkedin.com\/company\/fiscalia-general-de-la-naci-n\/","https:\/\/youtube.com\/@fiscaliageneraldelanacion-4668?si=6nN79nyQICPU5iTh"]},{"@type":"Person","@id":"https:\/\/www.fiscalia.gov.co\/colombia\/#\/schema\/person\/06aa2210fe4d79203f428ff671dee360","name":"Ana Mar\u00eda Gomez","image":{"@type":"ImageObject","inLanguage":"es-CO","@id":"https:\/\/www.fiscalia.gov.co\/colombia\/#\/schema\/person\/image\/","url":"https:\/\/secure.gravatar.com\/avatar\/a38115d98a7f8a96cbb96af2b2c37a0b?s=96&d=mm&r=g","contentUrl":"https:\/\/secure.gravatar.com\/avatar\/a38115d98a7f8a96cbb96af2b2c37a0b?s=96&d=mm&r=g","caption":"Ana Mar\u00eda Gomez"},"url":"https:\/\/www.fiscalia.gov.co\/colombia\/author\/agomez\/"}]}},"_links":{"self":[{"href":"https:\/\/www.fiscalia.gov.co\/colombia\/wp-json\/wp\/v2\/posts\/219243","targetHints":{"allow":["GET"]}}],"collection":[{"href":"https:\/\/www.fiscalia.gov.co\/colombia\/wp-json\/wp\/v2\/posts"}],"about":[{"href":"https:\/\/www.fiscalia.gov.co\/colombia\/wp-json\/wp\/v2\/types\/post"}],"author":[{"embeddable":true,"href":"https:\/\/www.fiscalia.gov.co\/colombia\/wp-json\/wp\/v2\/users\/171"}],"replies":[{"embeddable":true,"href":"https:\/\/www.fiscalia.gov.co\/colombia\/wp-json\/wp\/v2\/comments?post=219243"}],"version-history":[{"count":2,"href":"https:\/\/www.fiscalia.gov.co\/colombia\/wp-json\/wp\/v2\/posts\/219243\/revisions"}],"predecessor-version":[{"id":219246,"href":"https:\/\/www.fiscalia.gov.co\/colombia\/wp-json\/wp\/v2\/posts\/219243\/revisions\/219246"}],"wp:attachment":[{"href":"https:\/\/www.fiscalia.gov.co\/colombia\/wp-json\/wp\/v2\/media?parent=219243"}],"wp:term":[{"taxonomy":"category","embeddable":true,"href":"https:\/\/www.fiscalia.gov.co\/colombia\/wp-json\/wp\/v2\/categories?post=219243"},{"taxonomy":"post_tag","embeddable":true,"href":"https:\/\/www.fiscalia.gov.co\/colombia\/wp-json\/wp\/v2\/tags?post=219243"}],"curies":[{"name":"wp","href":"https:\/\/api.w.org\/{rel}","templated":true}]}}