{"id":219214,"date":"2021-05-03T19:12:35","date_gmt":"2021-05-04T00:12:35","guid":{"rendered":"https:\/\/www.fiscalia.gov.co\/colombia\/?p=219214"},"modified":"2021-05-03T19:12:35","modified_gmt":"2021-05-04T00:12:35","slug":"exrectora-de-colegio-fue-condenada-a-diez-anos-y-ocho-meses-de-prision-por-muerte-de-estudiante-sergio-urrego","status":"publish","type":"post","link":"https:\/\/www.fiscalia.gov.co\/colombia\/hay-justicia\/exrectora-de-colegio-fue-condenada-a-diez-anos-y-ocho-meses-de-prision-por-muerte-de-estudiante-sergio-urrego\/","title":{"rendered":"Exrectora de colegio fue condenada a diez a\u00f1os y ocho meses de prisi\u00f3n por muerte de estudiante Sergio Urrego"},"content":{"rendered":"<blockquote>\n<h4 style=\"text-align: left;\"><strong><em>La Fiscal\u00eda General de la Naci\u00f3n demostr\u00f3 que Amanda Azucena Castillo incurri\u00f3 en diversos actos il\u00edcitos para evitar que se conocieran las verdaderas causas de la muerte del estudiante. El juez orden\u00f3 su captura inmediata.<\/em><\/strong><\/h4>\n<\/blockquote>\n<p>Luego de valorar los elementos de prueba presentados en juicio por la Fiscal\u00eda General de la Naci\u00f3n, el juez 43 Penal de Conocimiento de Bogot\u00e1 conden\u00f3 a 130 meses de prisi\u00f3n a Amanda Azucena Castillo, exrectora del colegio donde estudiaba Sergio Urrego, y la declar\u00f3 responsable de los delitos de falsa denuncia en persona determinada, y ocultamiento, alteraci\u00f3n o destrucci\u00f3n de elementos materiales probatorios.<\/p>\n<p>En consecuencia, el juez emiti\u00f3 orden de captura en su contra para hacer efectiva la sentencia condenatoria en un centro carcelario que determine el Inpec.\u00a0 Adem\u00e1s, en el fallo se orden\u00f3 el pago de una multa 500 salarios m\u00ednimos legales mensuales vigentes.<\/p>\n<p>La Fiscal\u00eda evidenci\u00f3 que la procesada promovi\u00f3 denuncias contra uno de sus alumnos menor de edad, Sergio Urrego, por presunto acoso sexual, la cual fue interpuesta por los padres de uno de sus compa\u00f1eros.<\/p>\n<p>Est\u00e1 acreditado que estas personas fueron presionadas para presentar esta acci\u00f3n ante varias entidades, con el supuesto de que su hijo ser\u00eda retirado del plantel educativo si no lo hac\u00edan.<\/p>\n<p>La autopsia psicol\u00f3gica, el peritaje de la psiquiatra forense y otras evidencias advirtieron que los detonantes de la muerte del estudiante de grado d\u00e9cimo fueron la falsa denuncia en su contra y los continuos actos de discriminaci\u00f3n por su orientaci\u00f3n sexual, los cuales fueron impulsados por la entonces rectora.<\/p>\n<p>En el curso del proceso tambi\u00e9n se constat\u00f3 que, luego del fallecimiento de Sergio Urrego, el 4 de agosto de 2014, la se\u00f1ora Amanda Azucena Castillo Cort\u00e9s ocult\u00f3 actas y dem\u00e1s documentaci\u00f3n que daba cuenta de la coacci\u00f3n que ejerci\u00f3 entre docentes, estudiantes y padres de familia para auspiciar el rechazo hacia el menor de edad.<\/p>\n<p>Por este caso, la Fiscal\u00eda logr\u00f3 condenas de 26 y 35 meses prisi\u00f3n para la psic\u00f3loga y la veedora del colegio, respectivamente. Las dos procesadas aceptaron su responsabilidad en los actos de discriminaci\u00f3n.<\/p>\n<p><strong><u>B\u00fasqueda de la verdad <\/u><\/strong><\/p>\n<p>El 1 de julio de 2020, el Fiscal General de la Naci\u00f3n, Francisco Barbosa Delgado, design\u00f3 para el caso Sergio Urrego dos fiscales de apoyo expertos en enfoque diferencial, en atenci\u00f3n a los retrasos evidenciados en el proceso.<\/p>\n<p>Adicionalmente, la Fiscal\u00eda solicit\u00f3 vigilancia judicial administrativa en el juicio contra Amanda Azucena Castillo, en aras de evitar la prescripci\u00f3n de los delitos de falsa denuncia y ocultamiento de pruebas. La petici\u00f3n fue acogida favorablemente por la Sala Administrativa del Consejo seccional de la Judicatura de Bogot\u00e1.<\/p>\n<p>De esta manera, se programaron sesiones extraordinarias hasta llegar a la audiencia en la que hoy fue condenada la exrectora.<\/p>\n<p><strong>La Fiscal\u00eda habla con resultado<\/strong><\/p>\n<p>CMRM\/LAGP\/JARG\/LO<\/p>\n<p>&nbsp;<\/p>\n\n<div class=\"twitter-share\"><a href=\"https:\/\/twitter.com\/intent\/tweet?via=fiscaliacol\" class=\"twitter-share-button\">Tweet<\/a><\/div>\n","protected":false},"excerpt":{"rendered":"<p>La Fiscal\u00eda General de la Naci\u00f3n demostr\u00f3 que Amanda Azucena Castillo incurri\u00f3 en diversos actos il\u00edcitos para evitar que se conocieran las verdaderas causas de la muerte del estudiante. El juez orden\u00f3 su captura inmediata. Luego de valorar los elementos de prueba presentados en juicio por la Fiscal\u00eda General de la Naci\u00f3n, el juez 43 [&hellip;]<\/p>\n","protected":false},"author":171,"featured_media":0,"comment_status":"closed","ping_status":"open","sticky":false,"template":"","format":"standard","meta":{"_price":"","_stock":"","_tribe_ticket_header":"","_tribe_default_ticket_provider":"","_tribe_ticket_capacity":"0","_ticket_start_date":"","_ticket_end_date":"","_tribe_ticket_show_description":"","_tribe_ticket_show_not_going":false,"_tribe_ticket_use_global_stock":"","_tribe_ticket_global_stock_level":"","_global_stock_mode":"","_global_stock_cap":"","_tribe_rsvp_for_event":"","_tribe_ticket_going_count":"","_tribe_ticket_not_going_count":"","_tribe_tickets_list":"[]","_tribe_ticket_has_attendee_info_fields":false,"tdm_status":"","tdm_grid_status":"","footnotes":""},"categories":[24174],"tags":[24185,4614],"class_list":{"0":"post-219214","1":"post","2":"type-post","3":"status-publish","4":"format-standard","6":"category-hay-justicia","7":"tag-fiscal-barbosa","8":"tag-fiscalia-2"},"yoast_head":"<!-- This site is optimized with the Yoast SEO plugin v24.3 - https:\/\/yoast.com\/wordpress\/plugins\/seo\/ -->\n<title>Fiscal\u00eda General de la Naci\u00f3n<\/title>\n<meta name=\"description\" content=\"P\u00e1gina oficial de la Fiscal\u00eda General de la Naci\u00f3n \u2013 Colombia. Garantizamos el acceso efectivo a la justicia, la verdad y la reparaci\u00f3n de las v\u00edctimas de los delitos.\" \/>\n<meta name=\"robots\" content=\"noindex, follow\" \/>\n<meta property=\"og:locale\" content=\"es_ES\" \/>\n<meta property=\"og:type\" content=\"article\" \/>\n<meta property=\"og:title\" content=\"Fiscal\u00eda General de la Naci\u00f3n\" \/>\n<meta property=\"og:description\" content=\"P\u00e1gina oficial de la Fiscal\u00eda General de la Naci\u00f3n \u2013 Colombia. Garantizamos el acceso efectivo a la justicia, la verdad y la reparaci\u00f3n de las v\u00edctimas de los delitos.\" \/>\n<meta property=\"og:url\" content=\"https:\/\/www.fiscalia.gov.co\/colombia\/hay-justicia\/exrectora-de-colegio-fue-condenada-a-diez-anos-y-ocho-meses-de-prision-por-muerte-de-estudiante-sergio-urrego\/\" \/>\n<meta property=\"og:site_name\" content=\"Fiscal\u00eda General de la Naci\u00f3n\" \/>\n<meta property=\"article:publisher\" content=\"https:\/\/www.facebook.com\/FiscaliaCol\" \/>\n<meta property=\"article:published_time\" content=\"2021-05-04T00:12:35+00:00\" \/>\n<meta name=\"author\" content=\"Ana Mar\u00eda Gomez\" \/>\n<meta name=\"twitter:card\" content=\"summary_large_image\" \/>\n<meta name=\"twitter:creator\" content=\"@FiscaliaCol\" \/>\n<meta name=\"twitter:site\" content=\"@FiscaliaCol\" \/>\n<meta name=\"twitter:label1\" content=\"Escrito por\" \/>\n\t<meta name=\"twitter:data1\" content=\"Ana Mar\u00eda Gomez\" \/>\n\t<meta name=\"twitter:label2\" content=\"Tiempo de lectura\" \/>\n\t<meta name=\"twitter:data2\" content=\"2 minutos\" \/>\n<script type=\"application\/ld+json\" class=\"yoast-schema-graph\">{\"@context\":\"https:\/\/schema.org\",\"@graph\":[{\"@type\":\"Article\",\"@id\":\"https:\/\/www.fiscalia.gov.co\/colombia\/hay-justicia\/exrectora-de-colegio-fue-condenada-a-diez-anos-y-ocho-meses-de-prision-por-muerte-de-estudiante-sergio-urrego\/#article\",\"isPartOf\":{\"@id\":\"https:\/\/www.fiscalia.gov.co\/colombia\/hay-justicia\/exrectora-de-colegio-fue-condenada-a-diez-anos-y-ocho-meses-de-prision-por-muerte-de-estudiante-sergio-urrego\/\"},\"author\":{\"name\":\"Ana Mar\u00eda Gomez\",\"@id\":\"https:\/\/www.fiscalia.gov.co\/colombia\/#\/schema\/person\/06aa2210fe4d79203f428ff671dee360\"},\"headline\":\"Exrectora de colegio fue condenada a diez a\u00f1os y ocho meses de prisi\u00f3n por muerte de estudiante Sergio Urrego\",\"datePublished\":\"2021-05-04T00:12:35+00:00\",\"dateModified\":\"2021-05-04T00:12:35+00:00\",\"mainEntityOfPage\":{\"@id\":\"https:\/\/www.fiscalia.gov.co\/colombia\/hay-justicia\/exrectora-de-colegio-fue-condenada-a-diez-anos-y-ocho-meses-de-prision-por-muerte-de-estudiante-sergio-urrego\/\"},\"wordCount\":510,\"publisher\":{\"@id\":\"https:\/\/www.fiscalia.gov.co\/colombia\/#organization\"},\"keywords\":[\"Fiscal Barbosa\",\"Fiscal\u00eda\"],\"articleSection\":[\"Hay Justicia\"],\"inLanguage\":\"es-CO\"},{\"@type\":\"WebPage\",\"@id\":\"https:\/\/www.fiscalia.gov.co\/colombia\/hay-justicia\/exrectora-de-colegio-fue-condenada-a-diez-anos-y-ocho-meses-de-prision-por-muerte-de-estudiante-sergio-urrego\/\",\"url\":\"https:\/\/www.fiscalia.gov.co\/colombia\/hay-justicia\/exrectora-de-colegio-fue-condenada-a-diez-anos-y-ocho-meses-de-prision-por-muerte-de-estudiante-sergio-urrego\/\",\"name\":\"Fiscal\u00eda General de la Naci\u00f3n\",\"isPartOf\":{\"@id\":\"https:\/\/www.fiscalia.gov.co\/colombia\/#website\"},\"datePublished\":\"2021-05-04T00:12:35+00:00\",\"dateModified\":\"2021-05-04T00:12:35+00:00\",\"description\":\"P\u00e1gina oficial de la Fiscal\u00eda General de la Naci\u00f3n \u2013 Colombia. Garantizamos el acceso efectivo a la justicia, la verdad y la reparaci\u00f3n de las v\u00edctimas de los delitos.\",\"breadcrumb\":{\"@id\":\"https:\/\/www.fiscalia.gov.co\/colombia\/hay-justicia\/exrectora-de-colegio-fue-condenada-a-diez-anos-y-ocho-meses-de-prision-por-muerte-de-estudiante-sergio-urrego\/#breadcrumb\"},\"inLanguage\":\"es-CO\",\"potentialAction\":[{\"@type\":\"ReadAction\",\"target\":[\"https:\/\/www.fiscalia.gov.co\/colombia\/hay-justicia\/exrectora-de-colegio-fue-condenada-a-diez-anos-y-ocho-meses-de-prision-por-muerte-de-estudiante-sergio-urrego\/\"]}]},{\"@type\":\"BreadcrumbList\",\"@id\":\"https:\/\/www.fiscalia.gov.co\/colombia\/hay-justicia\/exrectora-de-colegio-fue-condenada-a-diez-anos-y-ocho-meses-de-prision-por-muerte-de-estudiante-sergio-urrego\/#breadcrumb\",\"itemListElement\":[{\"@type\":\"ListItem\",\"position\":1,\"name\":\"Home\",\"item\":\"https:\/\/www.fiscalia.gov.co\/colombia\/\"},{\"@type\":\"ListItem\",\"position\":2,\"name\":\"Exrectora de colegio fue condenada a diez a\u00f1os y ocho meses de prisi\u00f3n por muerte de estudiante Sergio Urrego\"}]},{\"@type\":\"WebSite\",\"@id\":\"https:\/\/www.fiscalia.gov.co\/colombia\/#website\",\"url\":\"https:\/\/www.fiscalia.gov.co\/colombia\/\",\"name\":\"Fiscal\u00eda General de la Naci\u00f3n\",\"description\":\"P\u00e1gina oficial de la Fiscal\u00eda General de la Naci\u00f3n \u2013 Colombia. Garantizamos el acceso efectivo a la justicia, la verdad y la reparaci\u00f3n de las v\u00edctimas de los delitos.\",\"publisher\":{\"@id\":\"https:\/\/www.fiscalia.gov.co\/colombia\/#organization\"},\"potentialAction\":[{\"@type\":\"SearchAction\",\"target\":{\"@type\":\"EntryPoint\",\"urlTemplate\":\"https:\/\/www.fiscalia.gov.co\/colombia\/?s={search_term_string}\"},\"query-input\":{\"@type\":\"PropertyValueSpecification\",\"valueRequired\":true,\"valueName\":\"search_term_string\"}}],\"inLanguage\":\"es-CO\"},{\"@type\":\"Organization\",\"@id\":\"https:\/\/www.fiscalia.gov.co\/colombia\/#organization\",\"name\":\"Fiscal\u00eda General de la Naci\u00f3n\",\"url\":\"https:\/\/www.fiscalia.gov.co\/colombia\/\",\"logo\":{\"@type\":\"ImageObject\",\"inLanguage\":\"es-CO\",\"@id\":\"https:\/\/www.fiscalia.gov.co\/colombia\/#\/schema\/logo\/image\/\",\"url\":\"https:\/\/www.fiscalia.gov.co\/colombia\/wp-content\/uploads\/LogoHorizontal_1.jpg\",\"contentUrl\":\"https:\/\/www.fiscalia.gov.co\/colombia\/wp-content\/uploads\/LogoHorizontal_1.jpg\",\"width\":300,\"height\":90,\"caption\":\"Fiscal\u00eda General de la Naci\u00f3n\"},\"image\":{\"@id\":\"https:\/\/www.fiscalia.gov.co\/colombia\/#\/schema\/logo\/image\/\"},\"sameAs\":[\"https:\/\/www.facebook.com\/FiscaliaCol\",\"https:\/\/x.com\/FiscaliaCol\",\"https:\/\/www.instagram.com\/fiscaliacol\",\"https:\/\/www.linkedin.com\/company\/fiscalia-general-de-la-naci-n\/\",\"https:\/\/youtube.com\/@fiscaliageneraldelanacion-4668?si=6nN79nyQICPU5iTh\"]},{\"@type\":\"Person\",\"@id\":\"https:\/\/www.fiscalia.gov.co\/colombia\/#\/schema\/person\/06aa2210fe4d79203f428ff671dee360\",\"name\":\"Ana Mar\u00eda Gomez\",\"image\":{\"@type\":\"ImageObject\",\"inLanguage\":\"es-CO\",\"@id\":\"https:\/\/www.fiscalia.gov.co\/colombia\/#\/schema\/person\/image\/\",\"url\":\"https:\/\/secure.gravatar.com\/avatar\/a38115d98a7f8a96cbb96af2b2c37a0b?s=96&d=mm&r=g\",\"contentUrl\":\"https:\/\/secure.gravatar.com\/avatar\/a38115d98a7f8a96cbb96af2b2c37a0b?s=96&d=mm&r=g\",\"caption\":\"Ana Mar\u00eda Gomez\"},\"url\":\"https:\/\/www.fiscalia.gov.co\/colombia\/author\/agomez\/\"}]}<\/script>\n<!-- \/ Yoast SEO plugin. -->","yoast_head_json":{"title":"Fiscal\u00eda General de la Naci\u00f3n","description":"P\u00e1gina oficial de la Fiscal\u00eda General de la Naci\u00f3n \u2013 Colombia. Garantizamos el acceso efectivo a la justicia, la verdad y la reparaci\u00f3n de las v\u00edctimas de los delitos.","robots":{"index":"noindex","follow":"follow"},"og_locale":"es_ES","og_type":"article","og_title":"Fiscal\u00eda General de la Naci\u00f3n","og_description":"P\u00e1gina oficial de la Fiscal\u00eda General de la Naci\u00f3n \u2013 Colombia. Garantizamos el acceso efectivo a la justicia, la verdad y la reparaci\u00f3n de las v\u00edctimas de los delitos.","og_url":"https:\/\/www.fiscalia.gov.co\/colombia\/hay-justicia\/exrectora-de-colegio-fue-condenada-a-diez-anos-y-ocho-meses-de-prision-por-muerte-de-estudiante-sergio-urrego\/","og_site_name":"Fiscal\u00eda General de la Naci\u00f3n","article_publisher":"https:\/\/www.facebook.com\/FiscaliaCol","article_published_time":"2021-05-04T00:12:35+00:00","author":"Ana Mar\u00eda Gomez","twitter_card":"summary_large_image","twitter_creator":"@FiscaliaCol","twitter_site":"@FiscaliaCol","twitter_misc":{"Escrito por":"Ana Mar\u00eda Gomez","Tiempo de lectura":"2 minutos"},"schema":{"@context":"https:\/\/schema.org","@graph":[{"@type":"Article","@id":"https:\/\/www.fiscalia.gov.co\/colombia\/hay-justicia\/exrectora-de-colegio-fue-condenada-a-diez-anos-y-ocho-meses-de-prision-por-muerte-de-estudiante-sergio-urrego\/#article","isPartOf":{"@id":"https:\/\/www.fiscalia.gov.co\/colombia\/hay-justicia\/exrectora-de-colegio-fue-condenada-a-diez-anos-y-ocho-meses-de-prision-por-muerte-de-estudiante-sergio-urrego\/"},"author":{"name":"Ana Mar\u00eda Gomez","@id":"https:\/\/www.fiscalia.gov.co\/colombia\/#\/schema\/person\/06aa2210fe4d79203f428ff671dee360"},"headline":"Exrectora de colegio fue condenada a diez a\u00f1os y ocho meses de prisi\u00f3n por muerte de estudiante Sergio Urrego","datePublished":"2021-05-04T00:12:35+00:00","dateModified":"2021-05-04T00:12:35+00:00","mainEntityOfPage":{"@id":"https:\/\/www.fiscalia.gov.co\/colombia\/hay-justicia\/exrectora-de-colegio-fue-condenada-a-diez-anos-y-ocho-meses-de-prision-por-muerte-de-estudiante-sergio-urrego\/"},"wordCount":510,"publisher":{"@id":"https:\/\/www.fiscalia.gov.co\/colombia\/#organization"},"keywords":["Fiscal Barbosa","Fiscal\u00eda"],"articleSection":["Hay Justicia"],"inLanguage":"es-CO"},{"@type":"WebPage","@id":"https:\/\/www.fiscalia.gov.co\/colombia\/hay-justicia\/exrectora-de-colegio-fue-condenada-a-diez-anos-y-ocho-meses-de-prision-por-muerte-de-estudiante-sergio-urrego\/","url":"https:\/\/www.fiscalia.gov.co\/colombia\/hay-justicia\/exrectora-de-colegio-fue-condenada-a-diez-anos-y-ocho-meses-de-prision-por-muerte-de-estudiante-sergio-urrego\/","name":"Fiscal\u00eda General de la Naci\u00f3n","isPartOf":{"@id":"https:\/\/www.fiscalia.gov.co\/colombia\/#website"},"datePublished":"2021-05-04T00:12:35+00:00","dateModified":"2021-05-04T00:12:35+00:00","description":"P\u00e1gina oficial de la Fiscal\u00eda General de la Naci\u00f3n \u2013 Colombia. Garantizamos el acceso efectivo a la justicia, la verdad y la reparaci\u00f3n de las v\u00edctimas de los delitos.","breadcrumb":{"@id":"https:\/\/www.fiscalia.gov.co\/colombia\/hay-justicia\/exrectora-de-colegio-fue-condenada-a-diez-anos-y-ocho-meses-de-prision-por-muerte-de-estudiante-sergio-urrego\/#breadcrumb"},"inLanguage":"es-CO","potentialAction":[{"@type":"ReadAction","target":["https:\/\/www.fiscalia.gov.co\/colombia\/hay-justicia\/exrectora-de-colegio-fue-condenada-a-diez-anos-y-ocho-meses-de-prision-por-muerte-de-estudiante-sergio-urrego\/"]}]},{"@type":"BreadcrumbList","@id":"https:\/\/www.fiscalia.gov.co\/colombia\/hay-justicia\/exrectora-de-colegio-fue-condenada-a-diez-anos-y-ocho-meses-de-prision-por-muerte-de-estudiante-sergio-urrego\/#breadcrumb","itemListElement":[{"@type":"ListItem","position":1,"name":"Home","item":"https:\/\/www.fiscalia.gov.co\/colombia\/"},{"@type":"ListItem","position":2,"name":"Exrectora de colegio fue condenada a diez a\u00f1os y ocho meses de prisi\u00f3n por muerte de estudiante Sergio Urrego"}]},{"@type":"WebSite","@id":"https:\/\/www.fiscalia.gov.co\/colombia\/#website","url":"https:\/\/www.fiscalia.gov.co\/colombia\/","name":"Fiscal\u00eda General de la Naci\u00f3n","description":"P\u00e1gina oficial de la Fiscal\u00eda General de la Naci\u00f3n \u2013 Colombia. Garantizamos el acceso efectivo a la justicia, la verdad y la reparaci\u00f3n de las v\u00edctimas de los delitos.","publisher":{"@id":"https:\/\/www.fiscalia.gov.co\/colombia\/#organization"},"potentialAction":[{"@type":"SearchAction","target":{"@type":"EntryPoint","urlTemplate":"https:\/\/www.fiscalia.gov.co\/colombia\/?s={search_term_string}"},"query-input":{"@type":"PropertyValueSpecification","valueRequired":true,"valueName":"search_term_string"}}],"inLanguage":"es-CO"},{"@type":"Organization","@id":"https:\/\/www.fiscalia.gov.co\/colombia\/#organization","name":"Fiscal\u00eda General de la Naci\u00f3n","url":"https:\/\/www.fiscalia.gov.co\/colombia\/","logo":{"@type":"ImageObject","inLanguage":"es-CO","@id":"https:\/\/www.fiscalia.gov.co\/colombia\/#\/schema\/logo\/image\/","url":"https:\/\/www.fiscalia.gov.co\/colombia\/wp-content\/uploads\/LogoHorizontal_1.jpg","contentUrl":"https:\/\/www.fiscalia.gov.co\/colombia\/wp-content\/uploads\/LogoHorizontal_1.jpg","width":300,"height":90,"caption":"Fiscal\u00eda General de la Naci\u00f3n"},"image":{"@id":"https:\/\/www.fiscalia.gov.co\/colombia\/#\/schema\/logo\/image\/"},"sameAs":["https:\/\/www.facebook.com\/FiscaliaCol","https:\/\/x.com\/FiscaliaCol","https:\/\/www.instagram.com\/fiscaliacol","https:\/\/www.linkedin.com\/company\/fiscalia-general-de-la-naci-n\/","https:\/\/youtube.com\/@fiscaliageneraldelanacion-4668?si=6nN79nyQICPU5iTh"]},{"@type":"Person","@id":"https:\/\/www.fiscalia.gov.co\/colombia\/#\/schema\/person\/06aa2210fe4d79203f428ff671dee360","name":"Ana Mar\u00eda Gomez","image":{"@type":"ImageObject","inLanguage":"es-CO","@id":"https:\/\/www.fiscalia.gov.co\/colombia\/#\/schema\/person\/image\/","url":"https:\/\/secure.gravatar.com\/avatar\/a38115d98a7f8a96cbb96af2b2c37a0b?s=96&d=mm&r=g","contentUrl":"https:\/\/secure.gravatar.com\/avatar\/a38115d98a7f8a96cbb96af2b2c37a0b?s=96&d=mm&r=g","caption":"Ana Mar\u00eda Gomez"},"url":"https:\/\/www.fiscalia.gov.co\/colombia\/author\/agomez\/"}]}},"_links":{"self":[{"href":"https:\/\/www.fiscalia.gov.co\/colombia\/wp-json\/wp\/v2\/posts\/219214","targetHints":{"allow":["GET"]}}],"collection":[{"href":"https:\/\/www.fiscalia.gov.co\/colombia\/wp-json\/wp\/v2\/posts"}],"about":[{"href":"https:\/\/www.fiscalia.gov.co\/colombia\/wp-json\/wp\/v2\/types\/post"}],"author":[{"embeddable":true,"href":"https:\/\/www.fiscalia.gov.co\/colombia\/wp-json\/wp\/v2\/users\/171"}],"replies":[{"embeddable":true,"href":"https:\/\/www.fiscalia.gov.co\/colombia\/wp-json\/wp\/v2\/comments?post=219214"}],"version-history":[{"count":1,"href":"https:\/\/www.fiscalia.gov.co\/colombia\/wp-json\/wp\/v2\/posts\/219214\/revisions"}],"predecessor-version":[{"id":219215,"href":"https:\/\/www.fiscalia.gov.co\/colombia\/wp-json\/wp\/v2\/posts\/219214\/revisions\/219215"}],"wp:attachment":[{"href":"https:\/\/www.fiscalia.gov.co\/colombia\/wp-json\/wp\/v2\/media?parent=219214"}],"wp:term":[{"taxonomy":"category","embeddable":true,"href":"https:\/\/www.fiscalia.gov.co\/colombia\/wp-json\/wp\/v2\/categories?post=219214"},{"taxonomy":"post_tag","embeddable":true,"href":"https:\/\/www.fiscalia.gov.co\/colombia\/wp-json\/wp\/v2\/tags?post=219214"}],"curies":[{"name":"wp","href":"https:\/\/api.w.org\/{rel}","templated":true}]}}