{"id":218821,"date":"2021-04-28T08:19:08","date_gmt":"2021-04-28T13:19:08","guid":{"rendered":"https:\/\/www.fiscalia.gov.co\/colombia\/?p=218821"},"modified":"2021-04-28T08:26:20","modified_gmt":"2021-04-28T13:26:20","slug":"trabajo-itinerante-en-la-calle-y-en-los-territorios-ha-permitido-indice-historico-del-66-59-en-avance-de-esclarecimiento-de-homicidios-contra-defensores-de-derechos-humanos","status":"publish","type":"post","link":"https:\/\/www.fiscalia.gov.co\/colombia\/defensores\/trabajo-itinerante-en-la-calle-y-en-los-territorios-ha-permitido-indice-historico-del-66-59-en-avance-de-esclarecimiento-de-homicidios-contra-defensores-de-derechos-humanos\/","title":{"rendered":"Trabajo itinerante en la calle y en los territorios ha permitido \u00edndice hist\u00f3rico del 66.59% en avance de esclarecimiento de homicidios contra defensores de derechos humanos"},"content":{"rendered":"<blockquote>\n<ul>\n<li>\n<h4 style=\"text-align: left;\"><strong><i><span lang=\"ES\">277 homicidios de los 416 que investiga la Fiscal\u00eda ocurridos entre 2016-2020, reivindicados por la Oficina de Naciones Unidas (ONU), tienen avances investigativos.\u00a0<\/span><\/i><i><span lang=\"ES\">\u00a0<\/span><\/i><\/strong><\/h4>\n<\/li>\n<\/ul>\n<\/blockquote>\n<p class=\"x_MsoNormal\"><span lang=\"ES\">A trav\u00e9s de la estrategia institucional de investigaci\u00f3n y judicializaci\u00f3n por graves afectaciones a defensores de derechos humanos, la Fiscal\u00eda General de la Naci\u00f3n registra una hist\u00f3rica tasa de\u00a0<b>avance en esclarecimiento<\/b>\u00a0de homicidios contra esta poblaci\u00f3n de especial protecci\u00f3n. Con importantes resultados en\u00a0<b>277 casos, se alcanz\u00f3 un \u00edndice del 66.59%.\u00a0<\/b><\/span><\/p>\n<p class=\"x_MsoNormal\"><span lang=\"ES\">La articulaci\u00f3n entre la\u00a0<b>Unidad Especial de Investigaci\u00f3n<\/b>\u00a0y la\u00a0<b>Delegada para la Seguridad Ciudadana<\/b>, desarrollando un trabajo diferencial en las calles y en los territorios con grupos itinerantes de fiscales e investigadores, ha permitido en 14 meses de la actual administraci\u00f3n, aumentar 14 puntos porcentuales este \u00edndice que, en febrero de 2020, estaba en el 52%.\u00a0<\/span><\/p>\n<p class=\"x_MsoNormal\"><span lang=\"ES\">De los 277 procesos referidos con avances investigativos,<b>\u00a070 tienen sentencia condenatoria<\/b>, 111 est\u00e1n en juicio, 26 en investigaci\u00f3n con imputaci\u00f3n y 52 en indagaci\u00f3n con orden de captura.\u00a0<\/span><\/p>\n<p class=\"x_MsoNormal\"><span lang=\"ES\">Seg\u00fan el \u00faltimo censo de la entidad sobre defensores de derechos humanos, el 67.37% de los homicidios perpetrados entre 2016-2020, reivindicados por la Oficina de Naciones Unidas (ONU), ocurrieron en zona rural, y el 32.61% restante en \u00e1rea urbana, <\/span><span lang=\"ES-TRAD\">evidenciando la necesidad de continuar con un enfoque geogr\u00e1fico a partir del conocimiento probatorio y en contexto de los territorios para afrontar estos fen\u00f3menos delictivos.\u00a0<\/span><span lang=\"ES\">\u00a0\u00a0<\/span><\/p>\n<p class=\"x_MsoNormal\"><span lang=\"ES\">Las cifras tambi\u00e9n revelan que los departamentos de Cauca, Antioquia, Norte de Santander, Putumayo y Nari\u00f1o son lo que presentan mayor incidencia de cr\u00edmenes contra defensores.\u00a0<\/span><\/p>\n<p class=\"x_MsoNormal\"><span lang=\"ES\">Por otra parte, en 9\u00a0<\/span><span lang=\"ES\">seccionales de la Fiscal\u00eda General de la Naci\u00f3n, entre ellas La Guajira, Atl\u00e1ntico, Bogot\u00e1, Cundinamarca, Sucre, Santander, Boyac\u00e1 y Quind\u00edo se ha logrado el\u00a0<b>100% de avance en esclarecimiento<\/b>\u00a0de los homicidios.\u00a0<\/span><\/p>\n<p class=\"x_MsoNormal\"><b><span lang=\"ES\">V\u00edctimas y victimarios\u00a0<\/span><\/b><\/p>\n<p class=\"x_MsoNormal\"><span lang=\"ES\">Entre las v\u00edctimas de los homicidios y casos reportados que han sido esclarecidos, 135 eran l\u00edderes comunales, 79 l\u00edderes comunitarios, 57 l\u00edderes ind\u00edgenas, 35 campesinos, 11 l\u00edderes sindicalistas, 11 l\u00edderes de v\u00edctimas, 11 l\u00edderes juveniles, 10 l\u00edderes afrodescendientes y 8 l\u00edderes ambientales y 7 l\u00edderes de poblaci\u00f3n Lgbti, entre otros.\u00a0<\/span><\/p>\n<p class=\"x_MsoNormal\"><span lang=\"ES\">Las investigaciones priorizadas y los an\u00e1lisis evidencian que, en los 277 homicidios con avances en el esclarecimiento, la responsabilidad es atribuible a organizaciones criminales en un 69.12%, tales como disidencias, \u2018Clan del Golfo\u2019, ELN y \u2018Los Caparros\u2019, entre otros.\u00a0<\/span><\/p>\n<p class=\"x_MsoNormal\"><b><span lang=\"ES\">Resultados recientes\u00a0<\/span><\/b><\/p>\n<p class=\"x_MsoNormal\"><span lang=\"ES\">En los \u00faltimos dos meses, la Fiscal\u00eda obtuvo importantes resultados tras las acciones investigativas desplegadas por los casos de: \u00a0<\/span><\/p>\n<ul>\n<li><span lang=\"ES-TRAD\">L\u00edder social\u00a0<\/span>Eduardo\u00a0Alarc\u00f3n C\u00f3rdoba, asesinado el 19 de octubre de 2020 en Campoalegre (Huila). Se\u00a0<span lang=\"ES-TRAD\">obtuvo\u00a0medida de aseguramiento en centro carcelario\u00a0contra tres presuntos integrantes de la\u00a0<b>estructura delincuencial\u00a0Los Chuma<\/b>, dedicada al sicariato y a la comercializaci\u00f3n de estupefacientes en ese municipio huilense.\u00a0<\/span><\/li>\n<\/ul>\n<ul>\n<li><span lang=\"ES\">L\u00edder social \u00d3mar Moreno Ibagu\u00e9<\/span><span lang=\"ES\">, cometido el 28 de diciembre de 2020 en el sector\u00a0La Guayacana del municipio de Tumaco (Nari\u00f1o).\u00a0Fueron asegurados e<\/span>l presunto cabecilla de una comisi\u00f3n del grupo armado \u00d3liver Sinisterra, Jhon Jarwin Casierra Cuero,\u00a0<b>alias el Abuelo<\/b>; y a Jefferson Humberto Arciniegas Palma,<b>\u00a0<\/b><b>alias el Gordo<\/b>.<br \/>\n<span lang=\"ES\">\u00a0<\/span><\/li>\n<li><span lang=\"ES\">L\u00edder campesino Nixon Willington Valencia Cobe\u00f1a<\/span><span lang=\"ES\">, ocurrido el 22 de abril de 2019, en la vereda Tres Islas de San Miguel (Putumayo). Por el crimen fue enviado a la c\u00e1rcel Diego Fernando Montenegro Yepes,\u00a0<b>alias Libardo<\/b>, presunto disidente del frente 48 de las Farc. \u00a0<\/span><br \/>\n<span lang=\"ES\">\u00a0<\/span><\/li>\n<li><span lang=\"ES\">L\u00edder social V\u00edctor Trujillo Trujillo<\/span><span lang=\"ES\">, ocurrido el 15 de enero de 2019, en la vereda Puerto Guamo de\u00a0Montecristo (Bol\u00edvar).\u00a0La Fiscal\u00eda j<\/span>udicializ\u00f3 a Dub\u00e1n Daniel Hern\u00e1ndez Mart\u00ednez,\u00a0<b>alias P\u00e1jaro<\/b> o Pajarito, supuesto disidente de las Farc, que permanece recluido por\u00a0los delitos de\u00a0homicidio en persona protegida\u00a0y\u00a0rebeli\u00f3n.<\/li>\n<\/ul>\n<p class=\"x_MsoNoSpacing\"><span lang=\"ES\">Esta informaci\u00f3n se publica por razones de inter\u00e9s general.\u00a0<\/span><\/p>\n<p class=\"x_MsoNoSpacing\"><span lang=\"ES\">\u00a0<\/span><b><span lang=\"ES\">La Fiscal\u00eda General de la Naci\u00f3n habla con resultados.\u00a0<\/span><\/b><\/p>\n<p class=\"x_MsoNoSpacing\"><span lang=\"ES\">DLBM\/HC\/MRC\/LOG<\/span><span lang=\"ES\">\u00a0<\/span><\/p>\n<p><i>La informaci\u00f3n contenida en este bolet\u00edn de prensa corresponde a la narraci\u00f3n de los hechos noticiosos objetivos, suministrados por los funcionarios encargados de adelantar las investigaciones penales al interior de la Fiscal\u00eda General de la Naci\u00f3n. Para el momento de la divulgaci\u00f3n de este comunicado, la situaci\u00f3n jur\u00eddica de la(s) persona(s) relacionada(s) se encuentra pendiente de resolver por la autoridad judicial competente, siempre bajo los preceptos de la presunci\u00f3n de inocencia, consagrados en el art\u00edculo 29 de la Constituci\u00f3n Pol\u00edtica y el art\u00edculo 7\u00ba de la Ley 906 de 2004.<\/i><\/p>\n\n<div class=\"twitter-share\"><a href=\"https:\/\/twitter.com\/intent\/tweet?via=fiscaliacol\" class=\"twitter-share-button\">Tweet<\/a><\/div>\n","protected":false},"excerpt":{"rendered":"<p>277 homicidios de los 416 que investiga la Fiscal\u00eda ocurridos entre 2016-2020, reivindicados por la Oficina de Naciones Unidas (ONU), tienen avances investigativos.\u00a0\u00a0 A trav\u00e9s de la estrategia institucional de [&hellip;]<\/p>\n","protected":false},"author":171,"featured_media":0,"comment_status":"closed","ping_status":"open","sticky":false,"template":"","format":"video","meta":{"tdm_status":"","tdm_grid_status":"","footnotes":""},"categories":[24176,25128,24096],"tags":[24185,4614],"class_list":["post-218821","post","type-post","status-publish","format-video","category-defensores","category-el-fiscal-en-los-territorios","category-fiscal-general-de-la-nacion","tag-fiscal-barbosa","tag-fiscalia-2","post_format-post-format-video"],"yoast_head":"<!-- This site is optimized with the Yoast SEO plugin v24.3 - https:\/\/yoast.com\/wordpress\/plugins\/seo\/ -->\n<title>Fiscal\u00eda General de la Naci\u00f3n<\/title>\n<meta name=\"description\" content=\"P\u00e1gina oficial de la Fiscal\u00eda General de la Naci\u00f3n \u2013 Colombia. Garantizamos el acceso efectivo a la justicia, la verdad y la reparaci\u00f3n de las v\u00edctimas de los delitos.\" \/>\n<meta name=\"robots\" content=\"noindex, follow\" \/>\n<meta property=\"og:locale\" content=\"es_ES\" \/>\n<meta property=\"og:type\" content=\"article\" \/>\n<meta property=\"og:title\" content=\"Fiscal\u00eda General de la Naci\u00f3n\" \/>\n<meta property=\"og:description\" content=\"P\u00e1gina oficial de la Fiscal\u00eda General de la Naci\u00f3n \u2013 Colombia. Garantizamos el acceso efectivo a la justicia, la verdad y la reparaci\u00f3n de las v\u00edctimas de los delitos.\" \/>\n<meta property=\"og:url\" content=\"https:\/\/www.fiscalia.gov.co\/colombia\/defensores\/trabajo-itinerante-en-la-calle-y-en-los-territorios-ha-permitido-indice-historico-del-66-59-en-avance-de-esclarecimiento-de-homicidios-contra-defensores-de-derechos-humanos\/\" \/>\n<meta property=\"og:site_name\" content=\"Fiscal\u00eda General de la Naci\u00f3n\" \/>\n<meta property=\"article:publisher\" content=\"https:\/\/www.facebook.com\/FiscaliaCol\" \/>\n<meta property=\"article:published_time\" content=\"2021-04-28T13:19:08+00:00\" \/>\n<meta property=\"article:modified_time\" content=\"2021-04-28T13:26:20+00:00\" \/>\n<meta name=\"author\" content=\"Ana Mar\u00eda Gomez\" \/>\n<meta name=\"twitter:card\" content=\"summary_large_image\" \/>\n<meta name=\"twitter:creator\" content=\"@FiscaliaCol\" \/>\n<meta name=\"twitter:site\" content=\"@FiscaliaCol\" \/>\n<meta name=\"twitter:label1\" content=\"Escrito por\" \/>\n\t<meta name=\"twitter:data1\" content=\"Ana Mar\u00eda Gomez\" \/>\n\t<meta name=\"twitter:label2\" content=\"Tiempo de lectura\" \/>\n\t<meta name=\"twitter:data2\" content=\"4 minutos\" \/>\n<script type=\"application\/ld+json\" class=\"yoast-schema-graph\">{\"@context\":\"https:\/\/schema.org\",\"@graph\":[{\"@type\":\"Article\",\"@id\":\"https:\/\/www.fiscalia.gov.co\/colombia\/defensores\/trabajo-itinerante-en-la-calle-y-en-los-territorios-ha-permitido-indice-historico-del-66-59-en-avance-de-esclarecimiento-de-homicidios-contra-defensores-de-derechos-humanos\/#article\",\"isPartOf\":{\"@id\":\"https:\/\/www.fiscalia.gov.co\/colombia\/defensores\/trabajo-itinerante-en-la-calle-y-en-los-territorios-ha-permitido-indice-historico-del-66-59-en-avance-de-esclarecimiento-de-homicidios-contra-defensores-de-derechos-humanos\/\"},\"author\":{\"name\":\"Ana Mar\u00eda Gomez\",\"@id\":\"https:\/\/www.fiscalia.gov.co\/colombia\/#\/schema\/person\/06aa2210fe4d79203f428ff671dee360\"},\"headline\":\"Trabajo itinerante en la calle y en los territorios ha permitido \u00edndice hist\u00f3rico del 66.59% en avance de esclarecimiento de homicidios contra defensores de derechos humanos\",\"datePublished\":\"2021-04-28T13:19:08+00:00\",\"dateModified\":\"2021-04-28T13:26:20+00:00\",\"mainEntityOfPage\":{\"@id\":\"https:\/\/www.fiscalia.gov.co\/colombia\/defensores\/trabajo-itinerante-en-la-calle-y-en-los-territorios-ha-permitido-indice-historico-del-66-59-en-avance-de-esclarecimiento-de-homicidios-contra-defensores-de-derechos-humanos\/\"},\"wordCount\":769,\"publisher\":{\"@id\":\"https:\/\/www.fiscalia.gov.co\/colombia\/#organization\"},\"keywords\":[\"Fiscal Barbosa\",\"Fiscal\u00eda\"],\"articleSection\":[\"Defensores\",\"El Fiscal en los territorios\",\"Fiscal General de la Naci\u00f3n\"],\"inLanguage\":\"es-CO\"},{\"@type\":\"WebPage\",\"@id\":\"https:\/\/www.fiscalia.gov.co\/colombia\/defensores\/trabajo-itinerante-en-la-calle-y-en-los-territorios-ha-permitido-indice-historico-del-66-59-en-avance-de-esclarecimiento-de-homicidios-contra-defensores-de-derechos-humanos\/\",\"url\":\"https:\/\/www.fiscalia.gov.co\/colombia\/defensores\/trabajo-itinerante-en-la-calle-y-en-los-territorios-ha-permitido-indice-historico-del-66-59-en-avance-de-esclarecimiento-de-homicidios-contra-defensores-de-derechos-humanos\/\",\"name\":\"Fiscal\u00eda General de la Naci\u00f3n\",\"isPartOf\":{\"@id\":\"https:\/\/www.fiscalia.gov.co\/colombia\/#website\"},\"datePublished\":\"2021-04-28T13:19:08+00:00\",\"dateModified\":\"2021-04-28T13:26:20+00:00\",\"description\":\"P\u00e1gina oficial de la Fiscal\u00eda General de la Naci\u00f3n \u2013 Colombia. Garantizamos el acceso efectivo a la justicia, la verdad y la reparaci\u00f3n de las v\u00edctimas de los delitos.\",\"breadcrumb\":{\"@id\":\"https:\/\/www.fiscalia.gov.co\/colombia\/defensores\/trabajo-itinerante-en-la-calle-y-en-los-territorios-ha-permitido-indice-historico-del-66-59-en-avance-de-esclarecimiento-de-homicidios-contra-defensores-de-derechos-humanos\/#breadcrumb\"},\"inLanguage\":\"es-CO\",\"potentialAction\":[{\"@type\":\"ReadAction\",\"target\":[\"https:\/\/www.fiscalia.gov.co\/colombia\/defensores\/trabajo-itinerante-en-la-calle-y-en-los-territorios-ha-permitido-indice-historico-del-66-59-en-avance-de-esclarecimiento-de-homicidios-contra-defensores-de-derechos-humanos\/\"]}]},{\"@type\":\"BreadcrumbList\",\"@id\":\"https:\/\/www.fiscalia.gov.co\/colombia\/defensores\/trabajo-itinerante-en-la-calle-y-en-los-territorios-ha-permitido-indice-historico-del-66-59-en-avance-de-esclarecimiento-de-homicidios-contra-defensores-de-derechos-humanos\/#breadcrumb\",\"itemListElement\":[{\"@type\":\"ListItem\",\"position\":1,\"name\":\"Home\",\"item\":\"https:\/\/www.fiscalia.gov.co\/colombia\/\"},{\"@type\":\"ListItem\",\"position\":2,\"name\":\"Trabajo itinerante en la calle y en los territorios ha permitido \u00edndice hist\u00f3rico del 66.59% en avance de esclarecimiento de homicidios contra defensores de derechos humanos\"}]},{\"@type\":\"WebSite\",\"@id\":\"https:\/\/www.fiscalia.gov.co\/colombia\/#website\",\"url\":\"https:\/\/www.fiscalia.gov.co\/colombia\/\",\"name\":\"Fiscal\u00eda General de la Naci\u00f3n\",\"description\":\"P\u00e1gina oficial de la Fiscal\u00eda General de la Naci\u00f3n \u2013 Colombia. Garantizamos el acceso efectivo a la justicia, la verdad y la reparaci\u00f3n de las v\u00edctimas de los delitos.\",\"publisher\":{\"@id\":\"https:\/\/www.fiscalia.gov.co\/colombia\/#organization\"},\"potentialAction\":[{\"@type\":\"SearchAction\",\"target\":{\"@type\":\"EntryPoint\",\"urlTemplate\":\"https:\/\/www.fiscalia.gov.co\/colombia\/?s={search_term_string}\"},\"query-input\":{\"@type\":\"PropertyValueSpecification\",\"valueRequired\":true,\"valueName\":\"search_term_string\"}}],\"inLanguage\":\"es-CO\"},{\"@type\":\"Organization\",\"@id\":\"https:\/\/www.fiscalia.gov.co\/colombia\/#organization\",\"name\":\"Fiscal\u00eda General de la Naci\u00f3n\",\"url\":\"https:\/\/www.fiscalia.gov.co\/colombia\/\",\"logo\":{\"@type\":\"ImageObject\",\"inLanguage\":\"es-CO\",\"@id\":\"https:\/\/www.fiscalia.gov.co\/colombia\/#\/schema\/logo\/image\/\",\"url\":\"https:\/\/www.fiscalia.gov.co\/colombia\/wp-content\/uploads\/LogoHorizontal_1.jpg\",\"contentUrl\":\"https:\/\/www.fiscalia.gov.co\/colombia\/wp-content\/uploads\/LogoHorizontal_1.jpg\",\"width\":300,\"height\":90,\"caption\":\"Fiscal\u00eda General de la Naci\u00f3n\"},\"image\":{\"@id\":\"https:\/\/www.fiscalia.gov.co\/colombia\/#\/schema\/logo\/image\/\"},\"sameAs\":[\"https:\/\/www.facebook.com\/FiscaliaCol\",\"https:\/\/x.com\/FiscaliaCol\",\"https:\/\/www.instagram.com\/fiscaliacol\",\"https:\/\/www.linkedin.com\/company\/fiscalia-general-de-la-naci-n\/\",\"https:\/\/youtube.com\/@fiscaliageneraldelanacion-4668?si=6nN79nyQICPU5iTh\"]},{\"@type\":\"Person\",\"@id\":\"https:\/\/www.fiscalia.gov.co\/colombia\/#\/schema\/person\/06aa2210fe4d79203f428ff671dee360\",\"name\":\"Ana Mar\u00eda Gomez\",\"image\":{\"@type\":\"ImageObject\",\"inLanguage\":\"es-CO\",\"@id\":\"https:\/\/www.fiscalia.gov.co\/colombia\/#\/schema\/person\/image\/\",\"url\":\"https:\/\/secure.gravatar.com\/avatar\/a38115d98a7f8a96cbb96af2b2c37a0b?s=96&d=mm&r=g\",\"contentUrl\":\"https:\/\/secure.gravatar.com\/avatar\/a38115d98a7f8a96cbb96af2b2c37a0b?s=96&d=mm&r=g\",\"caption\":\"Ana Mar\u00eda Gomez\"},\"url\":\"https:\/\/www.fiscalia.gov.co\/colombia\/author\/agomez\/\"}]}<\/script>\n<!-- \/ Yoast SEO plugin. -->","yoast_head_json":{"title":"Fiscal\u00eda General de la Naci\u00f3n","description":"P\u00e1gina oficial de la Fiscal\u00eda General de la Naci\u00f3n \u2013 Colombia. Garantizamos el acceso efectivo a la justicia, la verdad y la reparaci\u00f3n de las v\u00edctimas de los delitos.","robots":{"index":"noindex","follow":"follow"},"og_locale":"es_ES","og_type":"article","og_title":"Fiscal\u00eda General de la Naci\u00f3n","og_description":"P\u00e1gina oficial de la Fiscal\u00eda General de la Naci\u00f3n \u2013 Colombia. Garantizamos el acceso efectivo a la justicia, la verdad y la reparaci\u00f3n de las v\u00edctimas de los delitos.","og_url":"https:\/\/www.fiscalia.gov.co\/colombia\/defensores\/trabajo-itinerante-en-la-calle-y-en-los-territorios-ha-permitido-indice-historico-del-66-59-en-avance-de-esclarecimiento-de-homicidios-contra-defensores-de-derechos-humanos\/","og_site_name":"Fiscal\u00eda General de la Naci\u00f3n","article_publisher":"https:\/\/www.facebook.com\/FiscaliaCol","article_published_time":"2021-04-28T13:19:08+00:00","article_modified_time":"2021-04-28T13:26:20+00:00","author":"Ana Mar\u00eda Gomez","twitter_card":"summary_large_image","twitter_creator":"@FiscaliaCol","twitter_site":"@FiscaliaCol","twitter_misc":{"Escrito por":"Ana Mar\u00eda Gomez","Tiempo de lectura":"4 minutos"},"schema":{"@context":"https:\/\/schema.org","@graph":[{"@type":"Article","@id":"https:\/\/www.fiscalia.gov.co\/colombia\/defensores\/trabajo-itinerante-en-la-calle-y-en-los-territorios-ha-permitido-indice-historico-del-66-59-en-avance-de-esclarecimiento-de-homicidios-contra-defensores-de-derechos-humanos\/#article","isPartOf":{"@id":"https:\/\/www.fiscalia.gov.co\/colombia\/defensores\/trabajo-itinerante-en-la-calle-y-en-los-territorios-ha-permitido-indice-historico-del-66-59-en-avance-de-esclarecimiento-de-homicidios-contra-defensores-de-derechos-humanos\/"},"author":{"name":"Ana Mar\u00eda Gomez","@id":"https:\/\/www.fiscalia.gov.co\/colombia\/#\/schema\/person\/06aa2210fe4d79203f428ff671dee360"},"headline":"Trabajo itinerante en la calle y en los territorios ha permitido \u00edndice hist\u00f3rico del 66.59% en avance de esclarecimiento de homicidios contra defensores de derechos humanos","datePublished":"2021-04-28T13:19:08+00:00","dateModified":"2021-04-28T13:26:20+00:00","mainEntityOfPage":{"@id":"https:\/\/www.fiscalia.gov.co\/colombia\/defensores\/trabajo-itinerante-en-la-calle-y-en-los-territorios-ha-permitido-indice-historico-del-66-59-en-avance-de-esclarecimiento-de-homicidios-contra-defensores-de-derechos-humanos\/"},"wordCount":769,"publisher":{"@id":"https:\/\/www.fiscalia.gov.co\/colombia\/#organization"},"keywords":["Fiscal Barbosa","Fiscal\u00eda"],"articleSection":["Defensores","El Fiscal en los territorios","Fiscal General de la Naci\u00f3n"],"inLanguage":"es-CO"},{"@type":"WebPage","@id":"https:\/\/www.fiscalia.gov.co\/colombia\/defensores\/trabajo-itinerante-en-la-calle-y-en-los-territorios-ha-permitido-indice-historico-del-66-59-en-avance-de-esclarecimiento-de-homicidios-contra-defensores-de-derechos-humanos\/","url":"https:\/\/www.fiscalia.gov.co\/colombia\/defensores\/trabajo-itinerante-en-la-calle-y-en-los-territorios-ha-permitido-indice-historico-del-66-59-en-avance-de-esclarecimiento-de-homicidios-contra-defensores-de-derechos-humanos\/","name":"Fiscal\u00eda General de la Naci\u00f3n","isPartOf":{"@id":"https:\/\/www.fiscalia.gov.co\/colombia\/#website"},"datePublished":"2021-04-28T13:19:08+00:00","dateModified":"2021-04-28T13:26:20+00:00","description":"P\u00e1gina oficial de la Fiscal\u00eda General de la Naci\u00f3n \u2013 Colombia. Garantizamos el acceso efectivo a la justicia, la verdad y la reparaci\u00f3n de las v\u00edctimas de los delitos.","breadcrumb":{"@id":"https:\/\/www.fiscalia.gov.co\/colombia\/defensores\/trabajo-itinerante-en-la-calle-y-en-los-territorios-ha-permitido-indice-historico-del-66-59-en-avance-de-esclarecimiento-de-homicidios-contra-defensores-de-derechos-humanos\/#breadcrumb"},"inLanguage":"es-CO","potentialAction":[{"@type":"ReadAction","target":["https:\/\/www.fiscalia.gov.co\/colombia\/defensores\/trabajo-itinerante-en-la-calle-y-en-los-territorios-ha-permitido-indice-historico-del-66-59-en-avance-de-esclarecimiento-de-homicidios-contra-defensores-de-derechos-humanos\/"]}]},{"@type":"BreadcrumbList","@id":"https:\/\/www.fiscalia.gov.co\/colombia\/defensores\/trabajo-itinerante-en-la-calle-y-en-los-territorios-ha-permitido-indice-historico-del-66-59-en-avance-de-esclarecimiento-de-homicidios-contra-defensores-de-derechos-humanos\/#breadcrumb","itemListElement":[{"@type":"ListItem","position":1,"name":"Home","item":"https:\/\/www.fiscalia.gov.co\/colombia\/"},{"@type":"ListItem","position":2,"name":"Trabajo itinerante en la calle y en los territorios ha permitido \u00edndice hist\u00f3rico del 66.59% en avance de esclarecimiento de homicidios contra defensores de derechos humanos"}]},{"@type":"WebSite","@id":"https:\/\/www.fiscalia.gov.co\/colombia\/#website","url":"https:\/\/www.fiscalia.gov.co\/colombia\/","name":"Fiscal\u00eda General de la Naci\u00f3n","description":"P\u00e1gina oficial de la Fiscal\u00eda General de la Naci\u00f3n \u2013 Colombia. Garantizamos el acceso efectivo a la justicia, la verdad y la reparaci\u00f3n de las v\u00edctimas de los delitos.","publisher":{"@id":"https:\/\/www.fiscalia.gov.co\/colombia\/#organization"},"potentialAction":[{"@type":"SearchAction","target":{"@type":"EntryPoint","urlTemplate":"https:\/\/www.fiscalia.gov.co\/colombia\/?s={search_term_string}"},"query-input":{"@type":"PropertyValueSpecification","valueRequired":true,"valueName":"search_term_string"}}],"inLanguage":"es-CO"},{"@type":"Organization","@id":"https:\/\/www.fiscalia.gov.co\/colombia\/#organization","name":"Fiscal\u00eda General de la Naci\u00f3n","url":"https:\/\/www.fiscalia.gov.co\/colombia\/","logo":{"@type":"ImageObject","inLanguage":"es-CO","@id":"https:\/\/www.fiscalia.gov.co\/colombia\/#\/schema\/logo\/image\/","url":"https:\/\/www.fiscalia.gov.co\/colombia\/wp-content\/uploads\/LogoHorizontal_1.jpg","contentUrl":"https:\/\/www.fiscalia.gov.co\/colombia\/wp-content\/uploads\/LogoHorizontal_1.jpg","width":300,"height":90,"caption":"Fiscal\u00eda General de la Naci\u00f3n"},"image":{"@id":"https:\/\/www.fiscalia.gov.co\/colombia\/#\/schema\/logo\/image\/"},"sameAs":["https:\/\/www.facebook.com\/FiscaliaCol","https:\/\/x.com\/FiscaliaCol","https:\/\/www.instagram.com\/fiscaliacol","https:\/\/www.linkedin.com\/company\/fiscalia-general-de-la-naci-n\/","https:\/\/youtube.com\/@fiscaliageneraldelanacion-4668?si=6nN79nyQICPU5iTh"]},{"@type":"Person","@id":"https:\/\/www.fiscalia.gov.co\/colombia\/#\/schema\/person\/06aa2210fe4d79203f428ff671dee360","name":"Ana Mar\u00eda Gomez","image":{"@type":"ImageObject","inLanguage":"es-CO","@id":"https:\/\/www.fiscalia.gov.co\/colombia\/#\/schema\/person\/image\/","url":"https:\/\/secure.gravatar.com\/avatar\/a38115d98a7f8a96cbb96af2b2c37a0b?s=96&d=mm&r=g","contentUrl":"https:\/\/secure.gravatar.com\/avatar\/a38115d98a7f8a96cbb96af2b2c37a0b?s=96&d=mm&r=g","caption":"Ana Mar\u00eda Gomez"},"url":"https:\/\/www.fiscalia.gov.co\/colombia\/author\/agomez\/"}]}},"_links":{"self":[{"href":"https:\/\/www.fiscalia.gov.co\/colombia\/wp-json\/wp\/v2\/posts\/218821","targetHints":{"allow":["GET"]}}],"collection":[{"href":"https:\/\/www.fiscalia.gov.co\/colombia\/wp-json\/wp\/v2\/posts"}],"about":[{"href":"https:\/\/www.fiscalia.gov.co\/colombia\/wp-json\/wp\/v2\/types\/post"}],"author":[{"embeddable":true,"href":"https:\/\/www.fiscalia.gov.co\/colombia\/wp-json\/wp\/v2\/users\/171"}],"replies":[{"embeddable":true,"href":"https:\/\/www.fiscalia.gov.co\/colombia\/wp-json\/wp\/v2\/comments?post=218821"}],"version-history":[{"count":2,"href":"https:\/\/www.fiscalia.gov.co\/colombia\/wp-json\/wp\/v2\/posts\/218821\/revisions"}],"predecessor-version":[{"id":218823,"href":"https:\/\/www.fiscalia.gov.co\/colombia\/wp-json\/wp\/v2\/posts\/218821\/revisions\/218823"}],"wp:attachment":[{"href":"https:\/\/www.fiscalia.gov.co\/colombia\/wp-json\/wp\/v2\/media?parent=218821"}],"wp:term":[{"taxonomy":"category","embeddable":true,"href":"https:\/\/www.fiscalia.gov.co\/colombia\/wp-json\/wp\/v2\/categories?post=218821"},{"taxonomy":"post_tag","embeddable":true,"href":"https:\/\/www.fiscalia.gov.co\/colombia\/wp-json\/wp\/v2\/tags?post=218821"}],"curies":[{"name":"wp","href":"https:\/\/api.w.org\/{rel}","templated":true}]}}