{"id":218623,"date":"2021-04-26T11:11:45","date_gmt":"2021-04-26T16:11:45","guid":{"rendered":"https:\/\/www.fiscalia.gov.co\/colombia\/?p=218623"},"modified":"2021-04-26T11:14:33","modified_gmt":"2021-04-26T16:14:33","slug":"ofensiva-de-la-fiscalia-y-la-policia-nacional-contra-la-estructuras-que-afectan-la-seguridad-ciudadana","status":"publish","type":"post","link":"https:\/\/www.fiscalia.gov.co\/colombia\/fiscal-general-de-la-nacion\/ofensiva-de-la-fiscalia-y-la-policia-nacional-contra-la-estructuras-que-afectan-la-seguridad-ciudadana\/","title":{"rendered":"Ofensiva de la Fiscal\u00eda y la Polic\u00eda Nacional contra la estructuras que afectan la seguridad ciudadana"},"content":{"rendered":"<blockquote>\n<h4 style=\"text-align: left;\"><strong><em>En una semana de actividades investigativas fueron impactadas cuatro grandes organizaciones delincuenciales. <\/em><\/strong><\/h4>\n<\/blockquote>\n<p>La Fiscal\u00eda General de la Naci\u00f3n y la Polic\u00eda Nacional articularon sus capacidades investigativas y pusieron en marcha procedimientos judiciales, que permitieron capturar a 25 personas e impactar a cuatro bandas delincuenciales se\u00f1aladas de participar en las conductas il\u00edcitas que m\u00e1s afectan la seguridad ciudadana en Bogot\u00e1 y Cali.<\/p>\n<p>Las estructuras impactadas son:<\/p>\n<p><strong><u>CALI<\/u><\/strong><\/p>\n<ul>\n<li><strong>Golpe a \u2018Los Keta\u2019<\/strong><\/li>\n<\/ul>\n<p>La Fiscal\u00eda logr\u00f3 la judicializaci\u00f3n de 15 presuntos integrantes de \u2018Los Keta\u2019, una organizaci\u00f3n delincuencial que ser\u00eda la responsable de homicidios selectivos, secuestros, hurtos y la comercializaci\u00f3n de drogas sint\u00e9ticas en fiestas, establecimientos comerciales nocturnos o entregas a domicilio en Cali (Valle del Cauca).<\/p>\n<p>Las investigaciones permitieron conocer que esta banda, supuestamente, controlaba el tr\u00e1fico de \u00e9xtasis y Tucibi (2CB). Al parecer, vend\u00eda hasta 730 dosis semanales, obteniendo rentas il\u00edcitas de $350\u2019000.000 mensuales.<\/p>\n<p>Esta estructura tendr\u00eda un componente armado, encargado de controlar el mercado il\u00edcito de la distribuci\u00f3n de las sustancias estupefacientes, sancionar a quienes distribuyeran sustancias de otros grupos, cobrar deudas y prestar servicios de sicariato, con personas encargadas de asesinar, secuestrar y desplazar a sus v\u00edctimas.<\/p>\n<p>\u2018Los Keta\u2019 fueron capturados en diligencias realizadas en Cali y Bogot\u00e1 por la Sij\u00edn de la Polic\u00eda Metropolitana de Cali. En los procedimientos fueron incautadas diversas cantidades de marihuana, coca\u00edna, \u00e9xtasis, 2CB y hero\u00edna; adem\u00e1s de ketamina, frascos de colorantes y otros elementos utilizados para elaborar drogas sint\u00e9ticas.<\/p>\n<p>De igual manera, se encontraron celulares, armas de fuego, cartuchos calibre 22, prendas de uso privativo de la fuerza p\u00fablica, grameras, m\u00e1quinas para prensar cigarrillos e informaci\u00f3n de relevancia para el desarrollo del proceso.<\/p>\n<p>Un fiscal de la Seccional Cali present\u00f3 a los detenidos ante un juez de control de garant\u00edas y les imput\u00f3 delitos como: homicidio agravado, homicidio agravado en grado de tentativa, hurto calificado, desplazamiento forzado, concierto para delinquir agravado; fabricaci\u00f3n, tr\u00e1fico y porte de estupefacientes; tr\u00e1fico, fabricaci\u00f3n y porte de armas de fuego, accesorios, partes y municiones; y constre\u00f1imiento ilegal.<\/p>\n<p>Los cargos no fueron aceptados por los procesados, quienes deber\u00e1n cumplir medida de aseguramiento en centro carcelario.<\/p>\n<p>Entre los afectados con la decisi\u00f3n est\u00e1n Esteban Alex\u00e1nder Obando Quiceno, alias Mandarina, presunto cabecilla de la organizaci\u00f3n delictiva; y Diego Andr\u00e9s Quintero Henr\u00edquez, alias Ner\u00f3n o el Negro, se\u00f1alado articulador de los grupos de sicarios.<\/p>\n<p>Durante el curso de las investigaciones contra \u2018Los Keta\u2019, la Fiscal\u00eda logr\u00f3 el esclarecimiento de un homicidio, tres tentativas de homicidio, un secuestro y dos hurtos cometidos en 2020. Asimismo, fueron frustrados ocho eventos (cinco homicidios, dos secuestros y un hurto).<\/p>\n<p><strong><u>BOGOT\u00c1.<\/u><\/strong><\/p>\n<ul>\n<li><strong>Judicializados \u2018Los Corraleros\u2019<\/strong><\/li>\n<\/ul>\n<p>La Fiscal\u00eda General de la Naci\u00f3n present\u00f3 ante un juez de control de garant\u00edas a cinco presuntos integrantes de una organizaci\u00f3n delincuencial conocida como \u2018Los Corraleros\u2019, que estar\u00eda involucrada en hurtos a personas en el sistema de transporte Transmilenio, en Bogot\u00e1.<\/p>\n<p>Estos hombres fueron capturados en flagrancia por unidades de la Polic\u00eda Nacional. Al parecer, intimidaron a una mujer con un arma cortopunzante en la estaci\u00f3n de Marsella, en el suroccidente de la ciudad, y le arrebataron el tel\u00e9fono. Posteriormente, habr\u00edan intentado arrojarla a v\u00eda p\u00fablica. El ataque qued\u00f3 registrado por las c\u00e1maras de seguridad.<\/p>\n<p>De acuerdo con las investigaciones estas personas ser\u00edan las responsables de varios hurtos que se hab\u00edan presentado en esta estaci\u00f3n.<\/p>\n<p>Un fiscal de la Unidad de Reacci\u00f3n Inmediata (URI) de Puente Aranda imput\u00f3 a los cinco detenidos el delito de hurto calificado y agravado. Los cargos no fueron aceptados. Cuatro de los procesados recibieron medida de aseguramiento en centro carcelario. Los privados de la libertad son: Brayan Steven Portilla Gordillo, Eddie Santiago Salcedo Barrios, Cristian Darley \u00c1lvarez Hern\u00e1ndez y Fabio Alex\u00e1nder G\u00f3mez Pach\u00f3n.<\/p>\n<ul>\n<li><strong>Asegurados ciudadanos extranjeros se\u00f1alados de robar caf\u00e9 en Bogot\u00e1<\/strong><\/li>\n<\/ul>\n<p>Al acoger los argumentos de la Fiscal\u00eda General de la Naci\u00f3n, un juez de control de garant\u00edas impuso medidas de aseguramiento privativas de la libertad a tres ciudadanos extranjeros, quienes habr\u00edan participado en un robo ocurrido el pasado 5 de abril, en una de las sedes de una cadena internacional de caf\u00e9, en el norte de Bogot\u00e1.<\/p>\n<p>La investigaci\u00f3n, coordinada por un fiscal de la Unidad de Hurtos de la Direcci\u00f3n Seccional de Bogot\u00e1, permiti\u00f3 establecer que estas personas ingresaron al establecimiento comercial ubicado en la localidad de Usaqu\u00e9n y, supuestamente, amenazaron al vigilante con armas de fuego. Al parecer, les arrebataron objetos de valor a los clientes y, posteriormente, escaparon en dos motocicletas.<\/p>\n<p>Durante el asalto una de las v\u00edctimas result\u00f3 herida. De acuerdo con las denuncias recibidas, los elementos robados ascender\u00edan en valor a $20\u00b4000.000.\u00a0 La Fiscal\u00eda imput\u00f3 a los tres presuntos responsables los delitos de hurto calificado y agravado, y lesiones personales dolosas agravadas. Los cargos no fueron aceptados.<\/p>\n<p>Dos de los procesados, identificados como H\u00e9ctor David Mendoza Santiago y Tony Rafael Pern\u00eda Varela, recibieron medida de aseguramiento en c\u00e1rcel. Por su parte, Yancarlos Jos\u00e9 Urbina Cegarra fue cobijado con detenci\u00f3n en el lugar de residencia.<\/p>\n<ul>\n<li><strong>Fiscal\u00eda impacta a \u2018Los Rolex\u2019<\/strong><\/li>\n<\/ul>\n<p>La Fiscal\u00eda General de la Naci\u00f3n, a trav\u00e9s de la Seccional Bogot\u00e1, obtuvo medida de aseguramiento contra dos presuntos integrantes de la red delincuencial denominada Los Rolex. Se trata de Steven Ossa Gonz\u00e1lez y Walter Steven Guzm\u00e1n Restrepo, quienes fueron capturados en Medell\u00edn (Antioquia), mediante orden judicial.<\/p>\n<p>Estos hombres, supuestamente, participaron en el hurto ocurrido el pasado 6 de febrero en la zona del Parque de la 93, en el norte de la ciudad. La v\u00edctima estaba en un establecimiento comercial y fue intimidada con arma de fuego por uno de los asaltantes, que le rob\u00f3 el reloj.<\/p>\n<p>Las investigaciones pusieron en evidencia el <em>modus operandi<\/em> de \u2018Los Rolex\u2019. Una persona se encargaba de marcar a la v\u00edctima; despu\u00e9s, otra se acercaba, la intimidaba con arma de fuego y la obligaba a entregar sus pertenencias; y un tercer c\u00f3mplice espera al asaltante en una motocicleta para escapar.<\/p>\n<p>La Fiscal\u00eda imput\u00f3 a los dos detenidos los delitos de hurto calificado y agravado, y concierto para delinquir. Los indicios dan cuenta de que estar\u00edan involucrados en cuatro eventos entre noviembre de 2020 y febrero de 2021. La cuant\u00eda de los objetos reportados como robados ascender\u00eda a $211\u00b4000.000.<\/p>\n<p>\u201cNo vamos a permitir que la delincuencia se pretenda tomar las calles de nuestras ciudades. La Fiscal\u00eda General de la Naci\u00f3n con todo su cuerpo investigativo, con tos sus fiscales, con toda la infraestructura, con la Dij\u00edn, con la Sij\u00edn, con la Polic\u00eda, no vamos a permitir porque adem\u00e1s estamos en las calles. Hacemos itinerancia y queremos que la ciudadan\u00eda se sienta conforme con el trabajo que estamos realizando para preservar la institucionalidad y la seguridad p\u00fablica\u201d, asegur\u00f3 el Fiscal General Francisco Barbosa al referirse a la gran ofensiva.<\/p>\n<p>JGPV\/LMFO\/JARG\/<\/p>\n<p><strong>La Fiscal\u00eda habla con resultados<\/strong><\/p>\n<p><i><span lang=\"ES\">La informaci\u00f3n contenida en este bolet\u00edn de prensa corresponde a la narraci\u00f3n de los hechos noticiosos objetivos, suministrados por los funcionarios encargados de adelantar las investigaciones penales al interior de la Fiscal\u00eda General de la Naci\u00f3n. Para el momento de la divulgaci\u00f3n de este comunicado, la situaci\u00f3n jur\u00eddica de la(s) persona(s) relacionada(s) se encuentra pendiente de resolver por la autoridad judicial competente, siempre bajo los preceptos de la presunci\u00f3n de inocencia, consagrados en el art\u00edculo 29 de la Constituci\u00f3n Pol\u00edtica y el art\u00edculo 7\u00ba de la Ley 906 de 2004.<\/span><\/i>\u00a0<span lang=\"ES\">\u00a0<\/span><\/p>\n\n<div class=\"twitter-share\"><a href=\"https:\/\/twitter.com\/intent\/tweet?via=fiscaliacol\" class=\"twitter-share-button\">Tweet<\/a><\/div>\n","protected":false},"excerpt":{"rendered":"<p>En una semana de actividades investigativas fueron impactadas cuatro grandes organizaciones delincuenciales. La Fiscal\u00eda General de la Naci\u00f3n y la Polic\u00eda Nacional articularon sus capacidades investigativas y pusieron en marcha procedimientos judiciales, que permitieron capturar a 25 personas e impactar a cuatro bandas delincuenciales se\u00f1aladas de participar en las conductas il\u00edcitas que m\u00e1s afectan la [&hellip;]<\/p>\n","protected":false},"author":171,"featured_media":0,"comment_status":"closed","ping_status":"open","sticky":false,"template":"","format":"video","meta":{"tdm_status":"","tdm_grid_status":"","footnotes":""},"categories":[24096],"tags":[24185,4614],"class_list":{"0":"post-218623","1":"post","2":"type-post","3":"status-publish","4":"format-video","6":"category-fiscal-general-de-la-nacion","7":"tag-fiscal-barbosa","8":"tag-fiscalia-2","9":"post_format-post-format-video"},"yoast_head":"<!-- This site is optimized with the Yoast SEO plugin v24.3 - https:\/\/yoast.com\/wordpress\/plugins\/seo\/ -->\n<title>Fiscal\u00eda General de la Naci\u00f3n<\/title>\n<meta name=\"description\" content=\"P\u00e1gina oficial de la Fiscal\u00eda General de la Naci\u00f3n \u2013 Colombia. Garantizamos el acceso efectivo a la justicia, la verdad y la reparaci\u00f3n de las v\u00edctimas de los delitos.\" \/>\n<meta name=\"robots\" content=\"noindex, follow\" \/>\n<meta property=\"og:locale\" content=\"es_ES\" \/>\n<meta property=\"og:type\" content=\"article\" \/>\n<meta property=\"og:title\" content=\"Fiscal\u00eda General de la Naci\u00f3n\" \/>\n<meta property=\"og:description\" content=\"P\u00e1gina oficial de la Fiscal\u00eda General de la Naci\u00f3n \u2013 Colombia. Garantizamos el acceso efectivo a la justicia, la verdad y la reparaci\u00f3n de las v\u00edctimas de los delitos.\" \/>\n<meta property=\"og:url\" content=\"https:\/\/www.fiscalia.gov.co\/colombia\/fiscal-general-de-la-nacion\/ofensiva-de-la-fiscalia-y-la-policia-nacional-contra-la-estructuras-que-afectan-la-seguridad-ciudadana\/\" \/>\n<meta property=\"og:site_name\" content=\"Fiscal\u00eda General de la Naci\u00f3n\" \/>\n<meta property=\"article:publisher\" content=\"https:\/\/www.facebook.com\/FiscaliaCol\" \/>\n<meta property=\"article:published_time\" content=\"2021-04-26T16:11:45+00:00\" \/>\n<meta property=\"article:modified_time\" content=\"2021-04-26T16:14:33+00:00\" \/>\n<meta name=\"author\" content=\"Ana Mar\u00eda Gomez\" \/>\n<meta name=\"twitter:card\" content=\"summary_large_image\" \/>\n<meta name=\"twitter:creator\" content=\"@FiscaliaCol\" \/>\n<meta name=\"twitter:site\" content=\"@FiscaliaCol\" \/>\n<meta name=\"twitter:label1\" content=\"Escrito por\" \/>\n\t<meta name=\"twitter:data1\" content=\"Ana Mar\u00eda Gomez\" \/>\n\t<meta name=\"twitter:label2\" content=\"Tiempo de lectura\" \/>\n\t<meta name=\"twitter:data2\" content=\"7 minutos\" \/>\n<script type=\"application\/ld+json\" class=\"yoast-schema-graph\">{\"@context\":\"https:\/\/schema.org\",\"@graph\":[{\"@type\":\"Article\",\"@id\":\"https:\/\/www.fiscalia.gov.co\/colombia\/fiscal-general-de-la-nacion\/ofensiva-de-la-fiscalia-y-la-policia-nacional-contra-la-estructuras-que-afectan-la-seguridad-ciudadana\/#article\",\"isPartOf\":{\"@id\":\"https:\/\/www.fiscalia.gov.co\/colombia\/fiscal-general-de-la-nacion\/ofensiva-de-la-fiscalia-y-la-policia-nacional-contra-la-estructuras-que-afectan-la-seguridad-ciudadana\/\"},\"author\":{\"name\":\"Ana Mar\u00eda Gomez\",\"@id\":\"https:\/\/www.fiscalia.gov.co\/colombia\/#\/schema\/person\/06aa2210fe4d79203f428ff671dee360\"},\"headline\":\"Ofensiva de la Fiscal\u00eda y la Polic\u00eda Nacional contra la estructuras que afectan la seguridad ciudadana\",\"datePublished\":\"2021-04-26T16:11:45+00:00\",\"dateModified\":\"2021-04-26T16:14:33+00:00\",\"mainEntityOfPage\":{\"@id\":\"https:\/\/www.fiscalia.gov.co\/colombia\/fiscal-general-de-la-nacion\/ofensiva-de-la-fiscalia-y-la-policia-nacional-contra-la-estructuras-que-afectan-la-seguridad-ciudadana\/\"},\"wordCount\":1320,\"publisher\":{\"@id\":\"https:\/\/www.fiscalia.gov.co\/colombia\/#organization\"},\"keywords\":[\"Fiscal Barbosa\",\"Fiscal\u00eda\"],\"articleSection\":[\"Fiscal General de la Naci\u00f3n\"],\"inLanguage\":\"es-CO\"},{\"@type\":\"WebPage\",\"@id\":\"https:\/\/www.fiscalia.gov.co\/colombia\/fiscal-general-de-la-nacion\/ofensiva-de-la-fiscalia-y-la-policia-nacional-contra-la-estructuras-que-afectan-la-seguridad-ciudadana\/\",\"url\":\"https:\/\/www.fiscalia.gov.co\/colombia\/fiscal-general-de-la-nacion\/ofensiva-de-la-fiscalia-y-la-policia-nacional-contra-la-estructuras-que-afectan-la-seguridad-ciudadana\/\",\"name\":\"Fiscal\u00eda General de la Naci\u00f3n\",\"isPartOf\":{\"@id\":\"https:\/\/www.fiscalia.gov.co\/colombia\/#website\"},\"datePublished\":\"2021-04-26T16:11:45+00:00\",\"dateModified\":\"2021-04-26T16:14:33+00:00\",\"description\":\"P\u00e1gina oficial de la Fiscal\u00eda General de la Naci\u00f3n \u2013 Colombia. Garantizamos el acceso efectivo a la justicia, la verdad y la reparaci\u00f3n de las v\u00edctimas de los delitos.\",\"breadcrumb\":{\"@id\":\"https:\/\/www.fiscalia.gov.co\/colombia\/fiscal-general-de-la-nacion\/ofensiva-de-la-fiscalia-y-la-policia-nacional-contra-la-estructuras-que-afectan-la-seguridad-ciudadana\/#breadcrumb\"},\"inLanguage\":\"es-CO\",\"potentialAction\":[{\"@type\":\"ReadAction\",\"target\":[\"https:\/\/www.fiscalia.gov.co\/colombia\/fiscal-general-de-la-nacion\/ofensiva-de-la-fiscalia-y-la-policia-nacional-contra-la-estructuras-que-afectan-la-seguridad-ciudadana\/\"]}]},{\"@type\":\"BreadcrumbList\",\"@id\":\"https:\/\/www.fiscalia.gov.co\/colombia\/fiscal-general-de-la-nacion\/ofensiva-de-la-fiscalia-y-la-policia-nacional-contra-la-estructuras-que-afectan-la-seguridad-ciudadana\/#breadcrumb\",\"itemListElement\":[{\"@type\":\"ListItem\",\"position\":1,\"name\":\"Home\",\"item\":\"https:\/\/www.fiscalia.gov.co\/colombia\/\"},{\"@type\":\"ListItem\",\"position\":2,\"name\":\"Ofensiva de la Fiscal\u00eda y la Polic\u00eda Nacional contra la estructuras que afectan la seguridad ciudadana\"}]},{\"@type\":\"WebSite\",\"@id\":\"https:\/\/www.fiscalia.gov.co\/colombia\/#website\",\"url\":\"https:\/\/www.fiscalia.gov.co\/colombia\/\",\"name\":\"Fiscal\u00eda General de la Naci\u00f3n\",\"description\":\"P\u00e1gina oficial de la Fiscal\u00eda General de la Naci\u00f3n \u2013 Colombia. Garantizamos el acceso efectivo a la justicia, la verdad y la reparaci\u00f3n de las v\u00edctimas de los delitos.\",\"publisher\":{\"@id\":\"https:\/\/www.fiscalia.gov.co\/colombia\/#organization\"},\"potentialAction\":[{\"@type\":\"SearchAction\",\"target\":{\"@type\":\"EntryPoint\",\"urlTemplate\":\"https:\/\/www.fiscalia.gov.co\/colombia\/?s={search_term_string}\"},\"query-input\":{\"@type\":\"PropertyValueSpecification\",\"valueRequired\":true,\"valueName\":\"search_term_string\"}}],\"inLanguage\":\"es-CO\"},{\"@type\":\"Organization\",\"@id\":\"https:\/\/www.fiscalia.gov.co\/colombia\/#organization\",\"name\":\"Fiscal\u00eda General de la Naci\u00f3n\",\"url\":\"https:\/\/www.fiscalia.gov.co\/colombia\/\",\"logo\":{\"@type\":\"ImageObject\",\"inLanguage\":\"es-CO\",\"@id\":\"https:\/\/www.fiscalia.gov.co\/colombia\/#\/schema\/logo\/image\/\",\"url\":\"https:\/\/www.fiscalia.gov.co\/colombia\/wp-content\/uploads\/LogoHorizontal_1.jpg\",\"contentUrl\":\"https:\/\/www.fiscalia.gov.co\/colombia\/wp-content\/uploads\/LogoHorizontal_1.jpg\",\"width\":300,\"height\":90,\"caption\":\"Fiscal\u00eda General de la Naci\u00f3n\"},\"image\":{\"@id\":\"https:\/\/www.fiscalia.gov.co\/colombia\/#\/schema\/logo\/image\/\"},\"sameAs\":[\"https:\/\/www.facebook.com\/FiscaliaCol\",\"https:\/\/x.com\/FiscaliaCol\",\"https:\/\/www.instagram.com\/fiscaliacol\",\"https:\/\/www.linkedin.com\/company\/fiscalia-general-de-la-naci-n\/\",\"https:\/\/youtube.com\/@fiscaliageneraldelanacion-4668?si=6nN79nyQICPU5iTh\"]},{\"@type\":\"Person\",\"@id\":\"https:\/\/www.fiscalia.gov.co\/colombia\/#\/schema\/person\/06aa2210fe4d79203f428ff671dee360\",\"name\":\"Ana Mar\u00eda Gomez\",\"image\":{\"@type\":\"ImageObject\",\"inLanguage\":\"es-CO\",\"@id\":\"https:\/\/www.fiscalia.gov.co\/colombia\/#\/schema\/person\/image\/\",\"url\":\"https:\/\/secure.gravatar.com\/avatar\/a38115d98a7f8a96cbb96af2b2c37a0b?s=96&d=mm&r=g\",\"contentUrl\":\"https:\/\/secure.gravatar.com\/avatar\/a38115d98a7f8a96cbb96af2b2c37a0b?s=96&d=mm&r=g\",\"caption\":\"Ana Mar\u00eda Gomez\"},\"url\":\"https:\/\/www.fiscalia.gov.co\/colombia\/author\/agomez\/\"}]}<\/script>\n<!-- \/ Yoast SEO plugin. -->","yoast_head_json":{"title":"Fiscal\u00eda General de la Naci\u00f3n","description":"P\u00e1gina oficial de la Fiscal\u00eda General de la Naci\u00f3n \u2013 Colombia. Garantizamos el acceso efectivo a la justicia, la verdad y la reparaci\u00f3n de las v\u00edctimas de los delitos.","robots":{"index":"noindex","follow":"follow"},"og_locale":"es_ES","og_type":"article","og_title":"Fiscal\u00eda General de la Naci\u00f3n","og_description":"P\u00e1gina oficial de la Fiscal\u00eda General de la Naci\u00f3n \u2013 Colombia. Garantizamos el acceso efectivo a la justicia, la verdad y la reparaci\u00f3n de las v\u00edctimas de los delitos.","og_url":"https:\/\/www.fiscalia.gov.co\/colombia\/fiscal-general-de-la-nacion\/ofensiva-de-la-fiscalia-y-la-policia-nacional-contra-la-estructuras-que-afectan-la-seguridad-ciudadana\/","og_site_name":"Fiscal\u00eda General de la Naci\u00f3n","article_publisher":"https:\/\/www.facebook.com\/FiscaliaCol","article_published_time":"2021-04-26T16:11:45+00:00","article_modified_time":"2021-04-26T16:14:33+00:00","author":"Ana Mar\u00eda Gomez","twitter_card":"summary_large_image","twitter_creator":"@FiscaliaCol","twitter_site":"@FiscaliaCol","twitter_misc":{"Escrito por":"Ana Mar\u00eda Gomez","Tiempo de lectura":"7 minutos"},"schema":{"@context":"https:\/\/schema.org","@graph":[{"@type":"Article","@id":"https:\/\/www.fiscalia.gov.co\/colombia\/fiscal-general-de-la-nacion\/ofensiva-de-la-fiscalia-y-la-policia-nacional-contra-la-estructuras-que-afectan-la-seguridad-ciudadana\/#article","isPartOf":{"@id":"https:\/\/www.fiscalia.gov.co\/colombia\/fiscal-general-de-la-nacion\/ofensiva-de-la-fiscalia-y-la-policia-nacional-contra-la-estructuras-que-afectan-la-seguridad-ciudadana\/"},"author":{"name":"Ana Mar\u00eda Gomez","@id":"https:\/\/www.fiscalia.gov.co\/colombia\/#\/schema\/person\/06aa2210fe4d79203f428ff671dee360"},"headline":"Ofensiva de la Fiscal\u00eda y la Polic\u00eda Nacional contra la estructuras que afectan la seguridad ciudadana","datePublished":"2021-04-26T16:11:45+00:00","dateModified":"2021-04-26T16:14:33+00:00","mainEntityOfPage":{"@id":"https:\/\/www.fiscalia.gov.co\/colombia\/fiscal-general-de-la-nacion\/ofensiva-de-la-fiscalia-y-la-policia-nacional-contra-la-estructuras-que-afectan-la-seguridad-ciudadana\/"},"wordCount":1320,"publisher":{"@id":"https:\/\/www.fiscalia.gov.co\/colombia\/#organization"},"keywords":["Fiscal Barbosa","Fiscal\u00eda"],"articleSection":["Fiscal General de la Naci\u00f3n"],"inLanguage":"es-CO"},{"@type":"WebPage","@id":"https:\/\/www.fiscalia.gov.co\/colombia\/fiscal-general-de-la-nacion\/ofensiva-de-la-fiscalia-y-la-policia-nacional-contra-la-estructuras-que-afectan-la-seguridad-ciudadana\/","url":"https:\/\/www.fiscalia.gov.co\/colombia\/fiscal-general-de-la-nacion\/ofensiva-de-la-fiscalia-y-la-policia-nacional-contra-la-estructuras-que-afectan-la-seguridad-ciudadana\/","name":"Fiscal\u00eda General de la Naci\u00f3n","isPartOf":{"@id":"https:\/\/www.fiscalia.gov.co\/colombia\/#website"},"datePublished":"2021-04-26T16:11:45+00:00","dateModified":"2021-04-26T16:14:33+00:00","description":"P\u00e1gina oficial de la Fiscal\u00eda General de la Naci\u00f3n \u2013 Colombia. Garantizamos el acceso efectivo a la justicia, la verdad y la reparaci\u00f3n de las v\u00edctimas de los delitos.","breadcrumb":{"@id":"https:\/\/www.fiscalia.gov.co\/colombia\/fiscal-general-de-la-nacion\/ofensiva-de-la-fiscalia-y-la-policia-nacional-contra-la-estructuras-que-afectan-la-seguridad-ciudadana\/#breadcrumb"},"inLanguage":"es-CO","potentialAction":[{"@type":"ReadAction","target":["https:\/\/www.fiscalia.gov.co\/colombia\/fiscal-general-de-la-nacion\/ofensiva-de-la-fiscalia-y-la-policia-nacional-contra-la-estructuras-que-afectan-la-seguridad-ciudadana\/"]}]},{"@type":"BreadcrumbList","@id":"https:\/\/www.fiscalia.gov.co\/colombia\/fiscal-general-de-la-nacion\/ofensiva-de-la-fiscalia-y-la-policia-nacional-contra-la-estructuras-que-afectan-la-seguridad-ciudadana\/#breadcrumb","itemListElement":[{"@type":"ListItem","position":1,"name":"Home","item":"https:\/\/www.fiscalia.gov.co\/colombia\/"},{"@type":"ListItem","position":2,"name":"Ofensiva de la Fiscal\u00eda y la Polic\u00eda Nacional contra la estructuras que afectan la seguridad ciudadana"}]},{"@type":"WebSite","@id":"https:\/\/www.fiscalia.gov.co\/colombia\/#website","url":"https:\/\/www.fiscalia.gov.co\/colombia\/","name":"Fiscal\u00eda General de la Naci\u00f3n","description":"P\u00e1gina oficial de la Fiscal\u00eda General de la Naci\u00f3n \u2013 Colombia. Garantizamos el acceso efectivo a la justicia, la verdad y la reparaci\u00f3n de las v\u00edctimas de los delitos.","publisher":{"@id":"https:\/\/www.fiscalia.gov.co\/colombia\/#organization"},"potentialAction":[{"@type":"SearchAction","target":{"@type":"EntryPoint","urlTemplate":"https:\/\/www.fiscalia.gov.co\/colombia\/?s={search_term_string}"},"query-input":{"@type":"PropertyValueSpecification","valueRequired":true,"valueName":"search_term_string"}}],"inLanguage":"es-CO"},{"@type":"Organization","@id":"https:\/\/www.fiscalia.gov.co\/colombia\/#organization","name":"Fiscal\u00eda General de la Naci\u00f3n","url":"https:\/\/www.fiscalia.gov.co\/colombia\/","logo":{"@type":"ImageObject","inLanguage":"es-CO","@id":"https:\/\/www.fiscalia.gov.co\/colombia\/#\/schema\/logo\/image\/","url":"https:\/\/www.fiscalia.gov.co\/colombia\/wp-content\/uploads\/LogoHorizontal_1.jpg","contentUrl":"https:\/\/www.fiscalia.gov.co\/colombia\/wp-content\/uploads\/LogoHorizontal_1.jpg","width":300,"height":90,"caption":"Fiscal\u00eda General de la Naci\u00f3n"},"image":{"@id":"https:\/\/www.fiscalia.gov.co\/colombia\/#\/schema\/logo\/image\/"},"sameAs":["https:\/\/www.facebook.com\/FiscaliaCol","https:\/\/x.com\/FiscaliaCol","https:\/\/www.instagram.com\/fiscaliacol","https:\/\/www.linkedin.com\/company\/fiscalia-general-de-la-naci-n\/","https:\/\/youtube.com\/@fiscaliageneraldelanacion-4668?si=6nN79nyQICPU5iTh"]},{"@type":"Person","@id":"https:\/\/www.fiscalia.gov.co\/colombia\/#\/schema\/person\/06aa2210fe4d79203f428ff671dee360","name":"Ana Mar\u00eda Gomez","image":{"@type":"ImageObject","inLanguage":"es-CO","@id":"https:\/\/www.fiscalia.gov.co\/colombia\/#\/schema\/person\/image\/","url":"https:\/\/secure.gravatar.com\/avatar\/a38115d98a7f8a96cbb96af2b2c37a0b?s=96&d=mm&r=g","contentUrl":"https:\/\/secure.gravatar.com\/avatar\/a38115d98a7f8a96cbb96af2b2c37a0b?s=96&d=mm&r=g","caption":"Ana Mar\u00eda Gomez"},"url":"https:\/\/www.fiscalia.gov.co\/colombia\/author\/agomez\/"}]}},"_links":{"self":[{"href":"https:\/\/www.fiscalia.gov.co\/colombia\/wp-json\/wp\/v2\/posts\/218623","targetHints":{"allow":["GET"]}}],"collection":[{"href":"https:\/\/www.fiscalia.gov.co\/colombia\/wp-json\/wp\/v2\/posts"}],"about":[{"href":"https:\/\/www.fiscalia.gov.co\/colombia\/wp-json\/wp\/v2\/types\/post"}],"author":[{"embeddable":true,"href":"https:\/\/www.fiscalia.gov.co\/colombia\/wp-json\/wp\/v2\/users\/171"}],"replies":[{"embeddable":true,"href":"https:\/\/www.fiscalia.gov.co\/colombia\/wp-json\/wp\/v2\/comments?post=218623"}],"version-history":[{"count":2,"href":"https:\/\/www.fiscalia.gov.co\/colombia\/wp-json\/wp\/v2\/posts\/218623\/revisions"}],"predecessor-version":[{"id":218626,"href":"https:\/\/www.fiscalia.gov.co\/colombia\/wp-json\/wp\/v2\/posts\/218623\/revisions\/218626"}],"wp:attachment":[{"href":"https:\/\/www.fiscalia.gov.co\/colombia\/wp-json\/wp\/v2\/media?parent=218623"}],"wp:term":[{"taxonomy":"category","embeddable":true,"href":"https:\/\/www.fiscalia.gov.co\/colombia\/wp-json\/wp\/v2\/categories?post=218623"},{"taxonomy":"post_tag","embeddable":true,"href":"https:\/\/www.fiscalia.gov.co\/colombia\/wp-json\/wp\/v2\/tags?post=218623"}],"curies":[{"name":"wp","href":"https:\/\/api.w.org\/{rel}","templated":true}]}}