{"id":218583,"date":"2021-04-25T15:03:58","date_gmt":"2021-04-25T20:03:58","guid":{"rendered":"https:\/\/www.fiscalia.gov.co\/colombia\/?p=218583"},"modified":"2021-04-29T15:56:46","modified_gmt":"2021-04-29T20:56:46","slug":"fiscalia-logra-condenas-y-realiza-imputaciones-por-casos-de-maltrato-animal-en-cundinamarca-cordoba-caldas-y-bogota","status":"publish","type":"post","link":"https:\/\/www.fiscalia.gov.co\/colombia\/hay-justicia\/fiscalia-logra-condenas-y-realiza-imputaciones-por-casos-de-maltrato-animal-en-cundinamarca-cordoba-caldas-y-bogota\/","title":{"rendered":"Fiscal\u00eda logra condenas y realiza imputaciones por casos de maltrato animal en Cundinamarca, C\u00f3rdoba, Caldas y Bogot\u00e1"},"content":{"rendered":"<p><span lang=\"ES\">El trabajo investigativo realizado por el Grupo Especial para la Lucha contra el Maltrato Animal (Gelma) permiti\u00f3 a la Fiscal\u00eda General de la Naci\u00f3n avanzar en i<a href=\"https:\/\/www.fiscalia.gov.co\/colombia\/noticias\/nuevas-acciones-judiciales-de-la-fiscalia-por-ataques-a-perros-en-tolima-santander-y-valle-del-cauca\/\" target=\"_blank\" rel=\"noopener noreferrer\" data-saferedirecturl=\"https:\/\/www.google.com\/url?q=https:\/\/www.fiscalia.gov.co\/colombia\/noticias\/nuevas-acciones-judiciales-de-la-fiscalia-por-ataques-a-perros-en-tolima-santander-y-valle-del-cauca\/&amp;source=gmail&amp;ust=1619441950679000&amp;usg=AFQjCNFyySqzAuxWzStrKoNLi16KZQyB8w\">mportantes acciones judiciales en cuatro puntos distintos del pa\u00eds.<\/a><u><\/u>\u00a0<u><\/u><\/span><\/p>\n<p><b><u><span lang=\"ES\">Justicia por agresi\u00f3n a \u2018Nen\u00e9\u2019\u00a0<\/span><\/u><\/b><\/p>\n<p><b><span lang=\"ES\">A seis meses de prisi\u00f3n, inhabilidad para la tenencia de animales por el mismo tiempo y una multa de 2,5 salarios m\u00ednimos mensuales legales vigentes, fue condenado Alberto Jaimes Gait\u00e1n, quien golpe\u00f3 a un perro llamado Nen\u00e9, caus\u00e1ndole una fractura en el cr\u00e1neo.<u><\/u>\u00a0<u><\/u><\/span><\/b><\/p>\n<p><span lang=\"ES\">Los hechos sucedieron en febrero de 2018, en la vereda La Esmeralda, en Anapoima (Cundinamarca). Este hombre atac\u00f3 con una piedra al canino porque le ladr\u00f3. El animal fue trasladado a un m\u00e9dico veterinario donde recibi\u00f3 atenci\u00f3n oportuna.<u><\/u>\u00a0<u><\/u><\/span><\/p>\n<p><span lang=\"ES\"><a href=\"https:\/\/www.fiscalia.gov.co\/colombia\/noticias\/importantes-acciones-judiciales-contra-el-maltrato-animal-en-caldas-cundinamarca-valle-del-cauca-sucre-y-tolima\/\" target=\"_blank\" rel=\"noopener noreferrer\" data-saferedirecturl=\"https:\/\/www.google.com\/url?q=https:\/\/www.fiscalia.gov.co\/colombia\/noticias\/importantes-acciones-judiciales-contra-el-maltrato-animal-en-caldas-cundinamarca-valle-del-cauca-sucre-y-tolima\/&amp;source=gmail&amp;ust=1619441950679000&amp;usg=AFQjCNE5KOhpGYUkOSCKbD2r4mhqY7PXWg\">En el curso del proceso, Jaimes Gait\u00e1n acept\u00f3 el delito de maltrato animal.<\/a><u><\/u>\u00a0<u><\/u><\/span><\/p>\n<p><b><u><span lang=\"ES\">Condena por ataque a \u00b4Luna\u00b4\u00a0<\/span><\/u><\/b><\/p>\n<p><b><span lang=\"ES\">Jairo Cristancho Pineda fue sentenciado a 9 meses de prisi\u00f3n y a una multa de 3.75 salarios m\u00ednimos mensuales legales vigentes, por agredir y realizar actos sexuales con una canina de nombre \u2018Luna\u2019, en el barrio Egipto de Bogot\u00e1.<u><\/u>\u00a0<u><\/u><\/span><\/b><\/p>\n<p><span lang=\"ES\">El ataque ocurri\u00f3 el 1 de junio de 2019. Los vecinos del sector llamaron a la Polic\u00eda Nacional luego de percatarse que el hombre agred\u00eda a la perra en la terraza de una vivienda. El animal fue rescatado y trasladado a un veterinario.\u00a0<u><\/u>\u00a0<u><\/u><\/span><\/p>\n<p><span lang=\"ES\">Ante los elementos de prueba en su contra, Cristancho Pineda acept\u00f3 el delito de maltrato animal agravado y lleg\u00f3 a un preacuerdo con la Fiscal\u00eda.<u><\/u>\u00a0<u><\/u><\/span><\/p>\n<p><b><u><span lang=\"ES\">Ataque con arma blanca\u00a0\u00a0<\/span><\/u><\/b><\/p>\n<p><span lang=\"ES\">Un fiscal Gelma present\u00f3 ante un juez de control de garant\u00edas a Fabi\u00e1n L\u00f3pez Casta\u00f1o,\u00a0<a>presunto responsable de atacar con arma blanca a un perro en Chinchin\u00e1 (Caldas).<u><\/u>\u00a0<u><\/u><\/a><\/span><\/p>\n<p><span lang=\"ES\">El 20 de julio de 2020, esta persona habr\u00eda agredi\u00f3 al canino de una vecina porque, supuestamente, se estaba peleando en la calle con su animal de compa\u00f1\u00eda.<\/span><span lang=\"ES\"><u><\/u>\u00a0<u><\/u><\/span><\/p>\n<p><b><span lang=\"ES\">La Fiscal\u00eda\u00a0<a>imput\u00f3 a Fabi\u00e1n L\u00f3pez Casta\u00f1o el delito de maltrato animal.<\/a><u><\/u>\u00a0<u><\/u><\/span><\/b><\/p>\n<p><b><u><span lang=\"ES\">Imputaci\u00f3n por maltrato animal en C\u00f3rdoba\u00a0<\/span><\/u><\/b><\/p>\n<p><b><span lang=\"ES\">Jos\u00e9 Pascual Medina Ballesteros fue imputado por el delito de maltrato animal agravado, por presuntamente atacar con arma blanca a una perra y causarle heridas graves en San Bernardo del Viento (C\u00f3rdoba).<u><\/u>\u00a0<u><\/u><\/span><\/b><\/p>\n<p><span lang=\"ES\">De acuerdo con las investigaciones,\u00a0<a>el 16 de abril<\/a>\u00a0del a\u00f1o en curso, Medina Ballesteros agredi\u00f3 a la canina, que se encuentra en estado de embarazo. El animal perdi\u00f3 una de las extremidades por la agresi\u00f3n.<u><\/u>\u00a0<u><\/u><\/span><\/p>\n<p><span lang=\"ES\">El fiscal coordinador de Gelma, Alejandro Gaviria, reiter\u00f3 el llamado a la tolerancia y se\u00f1al\u00f3 que el maltrato hacia los animales puede escalar a otros integrantes de la sociedad.<u><\/u>\u00a0<u><\/u><\/span><\/p>\n<p><span lang=\"ES\">AMCJ\/JARG\/AG<u><\/u>\u00a0<\/span><\/p>\n<p><u><\/u><b><span lang=\"ES\">La Fiscal\u00eda habla con resultados<u><\/u>\u00a0<\/span><\/b><\/p>\n<div class=\"td-post-content tagdiv-type\">\n<div class=\"td-post-content tagdiv-type\">\n<div class=\"td-post-content tagdiv-type\">\n<p><i><span lang=\"ES\">La informaci\u00f3n contenida en este bolet\u00edn de prensa corresponde a la narraci\u00f3n de los hechos noticiosos objetivos, suministrados por los funcionarios encargados de adelantar las investigaciones penales al interior de la Fiscal\u00eda General de la Naci\u00f3n. Para el momento de la divulgaci\u00f3n de este comunicado, la situaci\u00f3n jur\u00eddica de la(s) persona(s) relacionada(s) se encuentra pendiente de resolver por la autoridad judicial competente, siempre bajo los preceptos de la presunci\u00f3n de inocencia, consagrados en el art\u00edculo 29 de la Constituci\u00f3n Pol\u00edtica y el art\u00edculo 7\u00ba de la Ley 906 de 2004.<\/span><\/i><span lang=\"ES\">\u00a0\u00a0\u00a0<u><\/u>\u00a0<\/span><\/p>\n<\/div>\n<\/div>\n<\/div>\n<footer>\n<div class=\"td-post-source-tags\"><\/div>\n<div class=\"td-post-sharing-bottom\"><\/div>\n<\/footer>\n\n<div class=\"twitter-share\"><a href=\"https:\/\/twitter.com\/intent\/tweet?via=fiscaliacol\" class=\"twitter-share-button\">Tweet<\/a><\/div>\n","protected":false},"excerpt":{"rendered":"<p>El trabajo investigativo realizado por el Grupo Especial para la Lucha contra el Maltrato Animal (Gelma) permiti\u00f3 a la Fiscal\u00eda General de la Naci\u00f3n avanzar en importantes acciones judiciales en cuatro puntos distintos del pa\u00eds.\u00a0 Justicia por agresi\u00f3n a \u2018Nen\u00e9\u2019\u00a0 A seis meses de prisi\u00f3n, inhabilidad para la tenencia de animales por el mismo tiempo [&hellip;]<\/p>\n","protected":false},"author":175,"featured_media":0,"comment_status":"closed","ping_status":"open","sticky":false,"template":"","format":"video","meta":{"_price":"","_stock":"","_tribe_ticket_header":"","_tribe_default_ticket_provider":"","_tribe_ticket_capacity":"0","_ticket_start_date":"","_ticket_end_date":"","_tribe_ticket_show_description":"","_tribe_ticket_show_not_going":false,"_tribe_ticket_use_global_stock":"","_tribe_ticket_global_stock_level":"","_global_stock_mode":"","_global_stock_cap":"","_tribe_rsvp_for_event":"","_tribe_ticket_going_count":"","_tribe_ticket_not_going_count":"","_tribe_tickets_list":"[]","_tribe_ticket_has_attendee_info_fields":false,"tdm_status":"","tdm_grid_status":"","footnotes":""},"categories":[24174],"tags":[24283,24401,24188,24448,18566],"class_list":{"0":"post-218583","1":"post","2":"type-post","3":"status-publish","4":"format-video","6":"category-hay-justicia","7":"tag-buen-trato-animal","8":"tag-fiscal-barbosa-delgado","9":"tag-fiscal-francisco-barbosa","10":"tag-hay-justicia","11":"tag-maltrato-animal","12":"post_format-post-format-video"},"yoast_head":"<!-- This site is optimized with the Yoast SEO plugin v24.3 - https:\/\/yoast.com\/wordpress\/plugins\/seo\/ -->\n<title>Fiscal\u00eda General de la Naci\u00f3n<\/title>\n<meta name=\"description\" content=\"P\u00e1gina oficial de la Fiscal\u00eda General de la Naci\u00f3n \u2013 Colombia. Garantizamos el acceso efectivo a la justicia, la verdad y la reparaci\u00f3n de las v\u00edctimas de los delitos.\" \/>\n<meta name=\"robots\" content=\"noindex, follow\" \/>\n<meta property=\"og:locale\" content=\"es_ES\" \/>\n<meta property=\"og:type\" content=\"article\" \/>\n<meta property=\"og:title\" content=\"Fiscal\u00eda General de la Naci\u00f3n\" \/>\n<meta property=\"og:description\" content=\"P\u00e1gina oficial de la Fiscal\u00eda General de la Naci\u00f3n \u2013 Colombia. Garantizamos el acceso efectivo a la justicia, la verdad y la reparaci\u00f3n de las v\u00edctimas de los delitos.\" \/>\n<meta property=\"og:url\" content=\"https:\/\/www.fiscalia.gov.co\/colombia\/hay-justicia\/fiscalia-logra-condenas-y-realiza-imputaciones-por-casos-de-maltrato-animal-en-cundinamarca-cordoba-caldas-y-bogota\/\" \/>\n<meta property=\"og:site_name\" content=\"Fiscal\u00eda General de la Naci\u00f3n\" \/>\n<meta property=\"article:publisher\" content=\"https:\/\/www.facebook.com\/FiscaliaCol\" \/>\n<meta property=\"article:published_time\" content=\"2021-04-25T20:03:58+00:00\" \/>\n<meta property=\"article:modified_time\" content=\"2021-04-29T20:56:46+00:00\" \/>\n<meta name=\"author\" content=\"Katherine Loaiza Mart\u00ednez\" \/>\n<meta name=\"twitter:card\" content=\"summary_large_image\" \/>\n<meta name=\"twitter:creator\" content=\"@FiscaliaCol\" \/>\n<meta name=\"twitter:site\" content=\"@FiscaliaCol\" \/>\n<meta name=\"twitter:label1\" content=\"Escrito por\" \/>\n\t<meta name=\"twitter:data1\" content=\"Katherine Loaiza Mart\u00ednez\" \/>\n\t<meta name=\"twitter:label2\" content=\"Tiempo de lectura\" \/>\n\t<meta name=\"twitter:data2\" content=\"3 minutos\" \/>\n<script type=\"application\/ld+json\" class=\"yoast-schema-graph\">{\"@context\":\"https:\/\/schema.org\",\"@graph\":[{\"@type\":\"Article\",\"@id\":\"https:\/\/www.fiscalia.gov.co\/colombia\/hay-justicia\/fiscalia-logra-condenas-y-realiza-imputaciones-por-casos-de-maltrato-animal-en-cundinamarca-cordoba-caldas-y-bogota\/#article\",\"isPartOf\":{\"@id\":\"https:\/\/www.fiscalia.gov.co\/colombia\/hay-justicia\/fiscalia-logra-condenas-y-realiza-imputaciones-por-casos-de-maltrato-animal-en-cundinamarca-cordoba-caldas-y-bogota\/\"},\"author\":{\"name\":\"Katherine Loaiza Mart\u00ednez\",\"@id\":\"https:\/\/www.fiscalia.gov.co\/colombia\/#\/schema\/person\/2e76b9aba5ecf875ed565ce4de0e0415\"},\"headline\":\"Fiscal\u00eda logra condenas y realiza imputaciones por casos de maltrato animal en Cundinamarca, C\u00f3rdoba, Caldas y Bogot\u00e1\",\"datePublished\":\"2021-04-25T20:03:58+00:00\",\"dateModified\":\"2021-04-29T20:56:46+00:00\",\"mainEntityOfPage\":{\"@id\":\"https:\/\/www.fiscalia.gov.co\/colombia\/hay-justicia\/fiscalia-logra-condenas-y-realiza-imputaciones-por-casos-de-maltrato-animal-en-cundinamarca-cordoba-caldas-y-bogota\/\"},\"wordCount\":575,\"publisher\":{\"@id\":\"https:\/\/www.fiscalia.gov.co\/colombia\/#organization\"},\"keywords\":[\"buen trato animal\",\"Fiscal Barbosa Delgado\",\"Fiscal Francisco Barbosa\",\"Hay Justicia\",\"Maltrato animal\"],\"articleSection\":[\"Hay Justicia\"],\"inLanguage\":\"es-CO\"},{\"@type\":\"WebPage\",\"@id\":\"https:\/\/www.fiscalia.gov.co\/colombia\/hay-justicia\/fiscalia-logra-condenas-y-realiza-imputaciones-por-casos-de-maltrato-animal-en-cundinamarca-cordoba-caldas-y-bogota\/\",\"url\":\"https:\/\/www.fiscalia.gov.co\/colombia\/hay-justicia\/fiscalia-logra-condenas-y-realiza-imputaciones-por-casos-de-maltrato-animal-en-cundinamarca-cordoba-caldas-y-bogota\/\",\"name\":\"Fiscal\u00eda General de la Naci\u00f3n\",\"isPartOf\":{\"@id\":\"https:\/\/www.fiscalia.gov.co\/colombia\/#website\"},\"datePublished\":\"2021-04-25T20:03:58+00:00\",\"dateModified\":\"2021-04-29T20:56:46+00:00\",\"description\":\"P\u00e1gina oficial de la Fiscal\u00eda General de la Naci\u00f3n \u2013 Colombia. Garantizamos el acceso efectivo a la justicia, la verdad y la reparaci\u00f3n de las v\u00edctimas de los delitos.\",\"breadcrumb\":{\"@id\":\"https:\/\/www.fiscalia.gov.co\/colombia\/hay-justicia\/fiscalia-logra-condenas-y-realiza-imputaciones-por-casos-de-maltrato-animal-en-cundinamarca-cordoba-caldas-y-bogota\/#breadcrumb\"},\"inLanguage\":\"es-CO\",\"potentialAction\":[{\"@type\":\"ReadAction\",\"target\":[\"https:\/\/www.fiscalia.gov.co\/colombia\/hay-justicia\/fiscalia-logra-condenas-y-realiza-imputaciones-por-casos-de-maltrato-animal-en-cundinamarca-cordoba-caldas-y-bogota\/\"]}]},{\"@type\":\"BreadcrumbList\",\"@id\":\"https:\/\/www.fiscalia.gov.co\/colombia\/hay-justicia\/fiscalia-logra-condenas-y-realiza-imputaciones-por-casos-de-maltrato-animal-en-cundinamarca-cordoba-caldas-y-bogota\/#breadcrumb\",\"itemListElement\":[{\"@type\":\"ListItem\",\"position\":1,\"name\":\"Home\",\"item\":\"https:\/\/www.fiscalia.gov.co\/colombia\/\"},{\"@type\":\"ListItem\",\"position\":2,\"name\":\"Fiscal\u00eda logra condenas y realiza imputaciones por casos de maltrato animal en Cundinamarca, C\u00f3rdoba, Caldas y Bogot\u00e1\"}]},{\"@type\":\"WebSite\",\"@id\":\"https:\/\/www.fiscalia.gov.co\/colombia\/#website\",\"url\":\"https:\/\/www.fiscalia.gov.co\/colombia\/\",\"name\":\"Fiscal\u00eda General de la Naci\u00f3n\",\"description\":\"P\u00e1gina oficial de la Fiscal\u00eda General de la Naci\u00f3n \u2013 Colombia. Garantizamos el acceso efectivo a la justicia, la verdad y la reparaci\u00f3n de las v\u00edctimas de los delitos.\",\"publisher\":{\"@id\":\"https:\/\/www.fiscalia.gov.co\/colombia\/#organization\"},\"potentialAction\":[{\"@type\":\"SearchAction\",\"target\":{\"@type\":\"EntryPoint\",\"urlTemplate\":\"https:\/\/www.fiscalia.gov.co\/colombia\/?s={search_term_string}\"},\"query-input\":{\"@type\":\"PropertyValueSpecification\",\"valueRequired\":true,\"valueName\":\"search_term_string\"}}],\"inLanguage\":\"es-CO\"},{\"@type\":\"Organization\",\"@id\":\"https:\/\/www.fiscalia.gov.co\/colombia\/#organization\",\"name\":\"Fiscal\u00eda General de la Naci\u00f3n\",\"url\":\"https:\/\/www.fiscalia.gov.co\/colombia\/\",\"logo\":{\"@type\":\"ImageObject\",\"inLanguage\":\"es-CO\",\"@id\":\"https:\/\/www.fiscalia.gov.co\/colombia\/#\/schema\/logo\/image\/\",\"url\":\"https:\/\/www.fiscalia.gov.co\/colombia\/wp-content\/uploads\/LogoHorizontal_1.jpg\",\"contentUrl\":\"https:\/\/www.fiscalia.gov.co\/colombia\/wp-content\/uploads\/LogoHorizontal_1.jpg\",\"width\":300,\"height\":90,\"caption\":\"Fiscal\u00eda General de la Naci\u00f3n\"},\"image\":{\"@id\":\"https:\/\/www.fiscalia.gov.co\/colombia\/#\/schema\/logo\/image\/\"},\"sameAs\":[\"https:\/\/www.facebook.com\/FiscaliaCol\",\"https:\/\/x.com\/FiscaliaCol\",\"https:\/\/www.instagram.com\/fiscaliacol\",\"https:\/\/www.linkedin.com\/company\/fiscalia-general-de-la-naci-n\/\",\"https:\/\/youtube.com\/@fiscaliageneraldelanacion-4668?si=6nN79nyQICPU5iTh\"]},{\"@type\":\"Person\",\"@id\":\"https:\/\/www.fiscalia.gov.co\/colombia\/#\/schema\/person\/2e76b9aba5ecf875ed565ce4de0e0415\",\"name\":\"Katherine Loaiza Mart\u00ednez\",\"image\":{\"@type\":\"ImageObject\",\"inLanguage\":\"es-CO\",\"@id\":\"https:\/\/www.fiscalia.gov.co\/colombia\/#\/schema\/person\/image\/\",\"url\":\"https:\/\/secure.gravatar.com\/avatar\/ab775a2f394c1b83b6d6f78680e57b50?s=96&d=mm&r=g\",\"contentUrl\":\"https:\/\/secure.gravatar.com\/avatar\/ab775a2f394c1b83b6d6f78680e57b50?s=96&d=mm&r=g\",\"caption\":\"Katherine Loaiza Mart\u00ednez\"},\"url\":\"https:\/\/www.fiscalia.gov.co\/colombia\/author\/kloaiza\/\"}]}<\/script>\n<!-- \/ Yoast SEO plugin. -->","yoast_head_json":{"title":"Fiscal\u00eda General de la Naci\u00f3n","description":"P\u00e1gina oficial de la Fiscal\u00eda General de la Naci\u00f3n \u2013 Colombia. Garantizamos el acceso efectivo a la justicia, la verdad y la reparaci\u00f3n de las v\u00edctimas de los delitos.","robots":{"index":"noindex","follow":"follow"},"og_locale":"es_ES","og_type":"article","og_title":"Fiscal\u00eda General de la Naci\u00f3n","og_description":"P\u00e1gina oficial de la Fiscal\u00eda General de la Naci\u00f3n \u2013 Colombia. Garantizamos el acceso efectivo a la justicia, la verdad y la reparaci\u00f3n de las v\u00edctimas de los delitos.","og_url":"https:\/\/www.fiscalia.gov.co\/colombia\/hay-justicia\/fiscalia-logra-condenas-y-realiza-imputaciones-por-casos-de-maltrato-animal-en-cundinamarca-cordoba-caldas-y-bogota\/","og_site_name":"Fiscal\u00eda General de la Naci\u00f3n","article_publisher":"https:\/\/www.facebook.com\/FiscaliaCol","article_published_time":"2021-04-25T20:03:58+00:00","article_modified_time":"2021-04-29T20:56:46+00:00","author":"Katherine Loaiza Mart\u00ednez","twitter_card":"summary_large_image","twitter_creator":"@FiscaliaCol","twitter_site":"@FiscaliaCol","twitter_misc":{"Escrito por":"Katherine Loaiza Mart\u00ednez","Tiempo de lectura":"3 minutos"},"schema":{"@context":"https:\/\/schema.org","@graph":[{"@type":"Article","@id":"https:\/\/www.fiscalia.gov.co\/colombia\/hay-justicia\/fiscalia-logra-condenas-y-realiza-imputaciones-por-casos-de-maltrato-animal-en-cundinamarca-cordoba-caldas-y-bogota\/#article","isPartOf":{"@id":"https:\/\/www.fiscalia.gov.co\/colombia\/hay-justicia\/fiscalia-logra-condenas-y-realiza-imputaciones-por-casos-de-maltrato-animal-en-cundinamarca-cordoba-caldas-y-bogota\/"},"author":{"name":"Katherine Loaiza Mart\u00ednez","@id":"https:\/\/www.fiscalia.gov.co\/colombia\/#\/schema\/person\/2e76b9aba5ecf875ed565ce4de0e0415"},"headline":"Fiscal\u00eda logra condenas y realiza imputaciones por casos de maltrato animal en Cundinamarca, C\u00f3rdoba, Caldas y Bogot\u00e1","datePublished":"2021-04-25T20:03:58+00:00","dateModified":"2021-04-29T20:56:46+00:00","mainEntityOfPage":{"@id":"https:\/\/www.fiscalia.gov.co\/colombia\/hay-justicia\/fiscalia-logra-condenas-y-realiza-imputaciones-por-casos-de-maltrato-animal-en-cundinamarca-cordoba-caldas-y-bogota\/"},"wordCount":575,"publisher":{"@id":"https:\/\/www.fiscalia.gov.co\/colombia\/#organization"},"keywords":["buen trato animal","Fiscal Barbosa Delgado","Fiscal Francisco Barbosa","Hay Justicia","Maltrato animal"],"articleSection":["Hay Justicia"],"inLanguage":"es-CO"},{"@type":"WebPage","@id":"https:\/\/www.fiscalia.gov.co\/colombia\/hay-justicia\/fiscalia-logra-condenas-y-realiza-imputaciones-por-casos-de-maltrato-animal-en-cundinamarca-cordoba-caldas-y-bogota\/","url":"https:\/\/www.fiscalia.gov.co\/colombia\/hay-justicia\/fiscalia-logra-condenas-y-realiza-imputaciones-por-casos-de-maltrato-animal-en-cundinamarca-cordoba-caldas-y-bogota\/","name":"Fiscal\u00eda General de la Naci\u00f3n","isPartOf":{"@id":"https:\/\/www.fiscalia.gov.co\/colombia\/#website"},"datePublished":"2021-04-25T20:03:58+00:00","dateModified":"2021-04-29T20:56:46+00:00","description":"P\u00e1gina oficial de la Fiscal\u00eda General de la Naci\u00f3n \u2013 Colombia. Garantizamos el acceso efectivo a la justicia, la verdad y la reparaci\u00f3n de las v\u00edctimas de los delitos.","breadcrumb":{"@id":"https:\/\/www.fiscalia.gov.co\/colombia\/hay-justicia\/fiscalia-logra-condenas-y-realiza-imputaciones-por-casos-de-maltrato-animal-en-cundinamarca-cordoba-caldas-y-bogota\/#breadcrumb"},"inLanguage":"es-CO","potentialAction":[{"@type":"ReadAction","target":["https:\/\/www.fiscalia.gov.co\/colombia\/hay-justicia\/fiscalia-logra-condenas-y-realiza-imputaciones-por-casos-de-maltrato-animal-en-cundinamarca-cordoba-caldas-y-bogota\/"]}]},{"@type":"BreadcrumbList","@id":"https:\/\/www.fiscalia.gov.co\/colombia\/hay-justicia\/fiscalia-logra-condenas-y-realiza-imputaciones-por-casos-de-maltrato-animal-en-cundinamarca-cordoba-caldas-y-bogota\/#breadcrumb","itemListElement":[{"@type":"ListItem","position":1,"name":"Home","item":"https:\/\/www.fiscalia.gov.co\/colombia\/"},{"@type":"ListItem","position":2,"name":"Fiscal\u00eda logra condenas y realiza imputaciones por casos de maltrato animal en Cundinamarca, C\u00f3rdoba, Caldas y Bogot\u00e1"}]},{"@type":"WebSite","@id":"https:\/\/www.fiscalia.gov.co\/colombia\/#website","url":"https:\/\/www.fiscalia.gov.co\/colombia\/","name":"Fiscal\u00eda General de la Naci\u00f3n","description":"P\u00e1gina oficial de la Fiscal\u00eda General de la Naci\u00f3n \u2013 Colombia. Garantizamos el acceso efectivo a la justicia, la verdad y la reparaci\u00f3n de las v\u00edctimas de los delitos.","publisher":{"@id":"https:\/\/www.fiscalia.gov.co\/colombia\/#organization"},"potentialAction":[{"@type":"SearchAction","target":{"@type":"EntryPoint","urlTemplate":"https:\/\/www.fiscalia.gov.co\/colombia\/?s={search_term_string}"},"query-input":{"@type":"PropertyValueSpecification","valueRequired":true,"valueName":"search_term_string"}}],"inLanguage":"es-CO"},{"@type":"Organization","@id":"https:\/\/www.fiscalia.gov.co\/colombia\/#organization","name":"Fiscal\u00eda General de la Naci\u00f3n","url":"https:\/\/www.fiscalia.gov.co\/colombia\/","logo":{"@type":"ImageObject","inLanguage":"es-CO","@id":"https:\/\/www.fiscalia.gov.co\/colombia\/#\/schema\/logo\/image\/","url":"https:\/\/www.fiscalia.gov.co\/colombia\/wp-content\/uploads\/LogoHorizontal_1.jpg","contentUrl":"https:\/\/www.fiscalia.gov.co\/colombia\/wp-content\/uploads\/LogoHorizontal_1.jpg","width":300,"height":90,"caption":"Fiscal\u00eda General de la Naci\u00f3n"},"image":{"@id":"https:\/\/www.fiscalia.gov.co\/colombia\/#\/schema\/logo\/image\/"},"sameAs":["https:\/\/www.facebook.com\/FiscaliaCol","https:\/\/x.com\/FiscaliaCol","https:\/\/www.instagram.com\/fiscaliacol","https:\/\/www.linkedin.com\/company\/fiscalia-general-de-la-naci-n\/","https:\/\/youtube.com\/@fiscaliageneraldelanacion-4668?si=6nN79nyQICPU5iTh"]},{"@type":"Person","@id":"https:\/\/www.fiscalia.gov.co\/colombia\/#\/schema\/person\/2e76b9aba5ecf875ed565ce4de0e0415","name":"Katherine Loaiza Mart\u00ednez","image":{"@type":"ImageObject","inLanguage":"es-CO","@id":"https:\/\/www.fiscalia.gov.co\/colombia\/#\/schema\/person\/image\/","url":"https:\/\/secure.gravatar.com\/avatar\/ab775a2f394c1b83b6d6f78680e57b50?s=96&d=mm&r=g","contentUrl":"https:\/\/secure.gravatar.com\/avatar\/ab775a2f394c1b83b6d6f78680e57b50?s=96&d=mm&r=g","caption":"Katherine Loaiza Mart\u00ednez"},"url":"https:\/\/www.fiscalia.gov.co\/colombia\/author\/kloaiza\/"}]}},"_links":{"self":[{"href":"https:\/\/www.fiscalia.gov.co\/colombia\/wp-json\/wp\/v2\/posts\/218583","targetHints":{"allow":["GET"]}}],"collection":[{"href":"https:\/\/www.fiscalia.gov.co\/colombia\/wp-json\/wp\/v2\/posts"}],"about":[{"href":"https:\/\/www.fiscalia.gov.co\/colombia\/wp-json\/wp\/v2\/types\/post"}],"author":[{"embeddable":true,"href":"https:\/\/www.fiscalia.gov.co\/colombia\/wp-json\/wp\/v2\/users\/175"}],"replies":[{"embeddable":true,"href":"https:\/\/www.fiscalia.gov.co\/colombia\/wp-json\/wp\/v2\/comments?post=218583"}],"version-history":[{"count":1,"href":"https:\/\/www.fiscalia.gov.co\/colombia\/wp-json\/wp\/v2\/posts\/218583\/revisions"}],"predecessor-version":[{"id":218584,"href":"https:\/\/www.fiscalia.gov.co\/colombia\/wp-json\/wp\/v2\/posts\/218583\/revisions\/218584"}],"wp:attachment":[{"href":"https:\/\/www.fiscalia.gov.co\/colombia\/wp-json\/wp\/v2\/media?parent=218583"}],"wp:term":[{"taxonomy":"category","embeddable":true,"href":"https:\/\/www.fiscalia.gov.co\/colombia\/wp-json\/wp\/v2\/categories?post=218583"},{"taxonomy":"post_tag","embeddable":true,"href":"https:\/\/www.fiscalia.gov.co\/colombia\/wp-json\/wp\/v2\/tags?post=218583"}],"curies":[{"name":"wp","href":"https:\/\/api.w.org\/{rel}","templated":true}]}}