{"id":218567,"date":"2021-04-25T07:34:06","date_gmt":"2021-04-25T12:34:06","guid":{"rendered":"https:\/\/www.fiscalia.gov.co\/colombia\/?p=218567"},"modified":"2021-04-29T15:47:47","modified_gmt":"2021-04-29T20:47:47","slug":"descubiertas-cerca-de-cuatro-toneladas-de-cocaina-que-pertenecerian-a-las-disidencias-de-las-farc","status":"publish","type":"post","link":"https:\/\/www.fiscalia.gov.co\/colombia\/narcotrafico\/descubiertas-cerca-de-cuatro-toneladas-de-cocaina-que-pertenecerian-a-las-disidencias-de-las-farc\/","title":{"rendered":"Descubiertas cerca de cuatro toneladas de coca\u00edna que pertenecer\u00edan a las disidencias de las Farc"},"content":{"rendered":"<h4><strong><em>El estupefaciente fue encontrado en un gigantesco complejo narcotraficante en zona rural de Tumaco (Nari\u00f1o). <\/em><\/strong><\/h4>\n<p>El CTI de la Fiscal\u00eda General de la Naci\u00f3n, la Fuerza A\u00e9rea Colombiana y el Ej\u00e9rcito Nacional, con apoyo de la agencia estadounidense DEA, llegaron a una zona selv\u00e1tica de la vereda Chorrera de Curay, en Tumaco (Nari\u00f1o), y ubicaron un \u2018<strong>megalaboratorio\u2019 de producci\u00f3n de clorhidrato de coca\u00edna<\/strong> que pertenecer\u00eda al denominado Bloque Occidental Alfonso Cano de las <a href=\"https:\/\/www.fiscalia.gov.co\/colombia\/narcotrafico\/incautadas-mas-de-tres-toneladas-de-cocaina-en-gigantesco-complejo-narcotraficante-de-las-disidencias-de-las-farc\/\">disidencias de las Farc<\/a>.<\/p>\n<p>El complejo ilegal estaba conformado por estructuras r\u00fasticas comunicadas por caminos de madera, que atravesaban la espesa vegetaci\u00f3n nativa. En el lugar se encontraron cerca de cuatro <a href=\"https:\/\/www.fiscalia.gov.co\/colombia\/narcotrafico\/labores-investigativas-de-la-fiscalia-permiten-ubicar-laboratorio-de-procesamiento-de-heroina-en-narino\/\">toneladas de coca\u00edna,<\/a> exactamente <strong>3.814 kilogramos<\/strong>, que estaban en proceso de empaque, embalaje y transporte.<\/p>\n<p>Adicionalmente, los investigadores hallaron 447 kilogramos de pasta base de coca, 5 toneladas de insumos qu\u00edmicos, 9.880 galones de precursores l\u00edquidos, equipos industriales y maquinaria para la producci\u00f3n del alcaloide. De acuerdo con los c\u00e1lculos preliminares, este <a href=\"https:\/\/www.fiscalia.gov.co\/colombia\/narcotrafico\/cae-aldo-senalado-narcotraficante-que-cumplio-pena-en-estados-unidos-y-regreso-a-colombia-para-presuntamente-conformar-una-estructura-criminal-con-contactos-en-europa\/\">andamiaje criminal<\/a> y el estupefaciente podr\u00edan superar <strong>en valor los 5.762 millones de d\u00f3lares<\/strong>.<\/p>\n<p>Las investigaciones dan cuenta de que los cargamentos, supuestamente, sal\u00edan de este punto, a trav\u00e9s del r\u00edo Curay, hacia las costas del Pac\u00edfico. Posteriormente, en lanchas r\u00e1pidas eran enviados a contactos de los <strong>carteles mexicanos en Centroam\u00e9rica<\/strong>.<\/p>\n<p>Esta acci\u00f3n y los elementos descubiertos ser\u00e1n judicializados ante un juez de control de garant\u00edas <a href=\"https:\/\/www.fiscalia.gov.co\/colombia\/narcotrafico\/fiscalia-logra-judicializacion-de-tripulantes-de-lancha-que-pretendia-salir-con-mas-de-tonelada-y-media-de-marihuana\/\">por un fiscal<\/a> adscrito al CTI.<\/p>\n<p>En el transcurso de la semana, el CTI de la <strong>Fiscal\u00eda incaut\u00f3 siete toneladas de clorhidrato coca\u00edna<\/strong> y 1.500 kilogramos de pasta de base de coca en Nari\u00f1o. Esto reafirma el compromiso de atacar las econom\u00edas ilegales de los Grupos Armados Organizados Residuales (GAOR), como el Bloque Occidental Alfonso Cano y la estructura Ur\u00edas Rond\u00f3n, que se lucran del narcotr\u00e1fico.<\/p>\n<p>La Fiscal\u00eda publica esta informaci\u00f3n por razones de inter\u00e9s general.<\/p>\n<p><strong>La Fiscal\u00eda habla con resultados.<\/strong><\/p>\n<p>LAGP\/JARG\/AAQ\/MCRC<\/p>\n<div class=\"td-post-content tagdiv-type\">\n<p><i><span lang=\"ES\">La informaci\u00f3n contenida en este bolet\u00edn de prensa corresponde a la narraci\u00f3n de los hechos noticiosos objetivos, suministrados por los funcionarios encargados de adelantar las investigaciones penales al interior de la Fiscal\u00eda General de la Naci\u00f3n. Para el momento de la divulgaci\u00f3n de este comunicado, la situaci\u00f3n jur\u00eddica de la(s) persona(s) relacionada(s) se encuentra pendiente de resolver por la autoridad judicial competente, siempre bajo los preceptos de la presunci\u00f3n de inocencia, consagrados en el art\u00edculo 29 de la Constituci\u00f3n Pol\u00edtica y el art\u00edculo 7\u00ba de la Ley 906 de 2004.<\/span><\/i><span lang=\"ES\">\u00a0\u00a0\u00a0<u><\/u>\u00a0<u><\/u><\/span><\/p>\n<\/div>\n<footer>\n<div class=\"td-post-source-tags\"><\/div>\n<div class=\"td-post-sharing-bottom\"><\/div>\n<\/footer>\n\n<div class=\"twitter-share\"><a href=\"https:\/\/twitter.com\/intent\/tweet?via=fiscaliacol\" class=\"twitter-share-button\">Tweet<\/a><\/div>\n","protected":false},"excerpt":{"rendered":"<p>El estupefaciente fue encontrado en un gigantesco complejo narcotraficante en zona rural de Tumaco (Nari\u00f1o). El CTI de la Fiscal\u00eda General de la Naci\u00f3n, la Fuerza A\u00e9rea Colombiana y el Ej\u00e9rcito Nacional, con apoyo de la agencia estadounidense DEA, llegaron a una zona selv\u00e1tica de la vereda Chorrera de Curay, en Tumaco (Nari\u00f1o), y ubicaron [&hellip;]<\/p>\n","protected":false},"author":175,"featured_media":0,"comment_status":"closed","ping_status":"open","sticky":false,"template":"","format":"video","meta":{"tdm_status":"","tdm_grid_status":"","footnotes":""},"categories":[24105,24115],"tags":[25422,26728,24185,24188,148],"class_list":{"0":"post-218567","1":"post","2":"type-post","3":"status-publish","4":"format-video","6":"category-cooperacion-interinstitucional","7":"category-narcotrafico","8":"tag-cuerpo-tecnico-de-investigaciones","9":"tag-delitos-trasnacionales","10":"tag-fiscal-barbosa","11":"tag-fiscal-francisco-barbosa","12":"tag-narcotrafico","13":"post_format-post-format-video"},"yoast_head":"<!-- This site is optimized with the Yoast SEO plugin v24.3 - https:\/\/yoast.com\/wordpress\/plugins\/seo\/ -->\n<title>Fiscal\u00eda General de la Naci\u00f3n<\/title>\n<meta name=\"description\" content=\"P\u00e1gina oficial de la Fiscal\u00eda General de la Naci\u00f3n \u2013 Colombia. Garantizamos el acceso efectivo a la justicia, la verdad y la reparaci\u00f3n de las v\u00edctimas de los delitos.\" \/>\n<meta name=\"robots\" content=\"noindex, follow\" \/>\n<meta property=\"og:locale\" content=\"es_ES\" \/>\n<meta property=\"og:type\" content=\"article\" \/>\n<meta property=\"og:title\" content=\"Fiscal\u00eda General de la Naci\u00f3n\" \/>\n<meta property=\"og:description\" content=\"P\u00e1gina oficial de la Fiscal\u00eda General de la Naci\u00f3n \u2013 Colombia. Garantizamos el acceso efectivo a la justicia, la verdad y la reparaci\u00f3n de las v\u00edctimas de los delitos.\" \/>\n<meta property=\"og:url\" content=\"https:\/\/www.fiscalia.gov.co\/colombia\/narcotrafico\/descubiertas-cerca-de-cuatro-toneladas-de-cocaina-que-pertenecerian-a-las-disidencias-de-las-farc\/\" \/>\n<meta property=\"og:site_name\" content=\"Fiscal\u00eda General de la Naci\u00f3n\" \/>\n<meta property=\"article:publisher\" content=\"https:\/\/www.facebook.com\/FiscaliaCol\" \/>\n<meta property=\"article:published_time\" content=\"2021-04-25T12:34:06+00:00\" \/>\n<meta property=\"article:modified_time\" content=\"2021-04-29T20:47:47+00:00\" \/>\n<meta name=\"author\" content=\"Katherine Loaiza Mart\u00ednez\" \/>\n<meta name=\"twitter:card\" content=\"summary_large_image\" \/>\n<meta name=\"twitter:creator\" content=\"@FiscaliaCol\" \/>\n<meta name=\"twitter:site\" content=\"@FiscaliaCol\" \/>\n<meta name=\"twitter:label1\" content=\"Escrito por\" \/>\n\t<meta name=\"twitter:data1\" content=\"Katherine Loaiza Mart\u00ednez\" \/>\n\t<meta name=\"twitter:label2\" content=\"Tiempo de lectura\" \/>\n\t<meta name=\"twitter:data2\" content=\"2 minutos\" \/>\n<script type=\"application\/ld+json\" class=\"yoast-schema-graph\">{\"@context\":\"https:\/\/schema.org\",\"@graph\":[{\"@type\":\"Article\",\"@id\":\"https:\/\/www.fiscalia.gov.co\/colombia\/narcotrafico\/descubiertas-cerca-de-cuatro-toneladas-de-cocaina-que-pertenecerian-a-las-disidencias-de-las-farc\/#article\",\"isPartOf\":{\"@id\":\"https:\/\/www.fiscalia.gov.co\/colombia\/narcotrafico\/descubiertas-cerca-de-cuatro-toneladas-de-cocaina-que-pertenecerian-a-las-disidencias-de-las-farc\/\"},\"author\":{\"name\":\"Katherine Loaiza Mart\u00ednez\",\"@id\":\"https:\/\/www.fiscalia.gov.co\/colombia\/#\/schema\/person\/2e76b9aba5ecf875ed565ce4de0e0415\"},\"headline\":\"Descubiertas cerca de cuatro toneladas de coca\u00edna que pertenecer\u00edan a las disidencias de las Farc\",\"datePublished\":\"2021-04-25T12:34:06+00:00\",\"dateModified\":\"2021-04-29T20:47:47+00:00\",\"mainEntityOfPage\":{\"@id\":\"https:\/\/www.fiscalia.gov.co\/colombia\/narcotrafico\/descubiertas-cerca-de-cuatro-toneladas-de-cocaina-que-pertenecerian-a-las-disidencias-de-las-farc\/\"},\"wordCount\":459,\"publisher\":{\"@id\":\"https:\/\/www.fiscalia.gov.co\/colombia\/#organization\"},\"keywords\":[\"Cuerpo T\u00e9cnico de Investigaciones\",\"Delitos Trasnacionales\",\"Fiscal Barbosa\",\"Fiscal Francisco Barbosa\",\"Narcotr\u00e1fico\"],\"articleSection\":[\"Cooperaci\u00f3n interinstitucional\",\"Narcotr\u00e1fico\"],\"inLanguage\":\"es-CO\"},{\"@type\":\"WebPage\",\"@id\":\"https:\/\/www.fiscalia.gov.co\/colombia\/narcotrafico\/descubiertas-cerca-de-cuatro-toneladas-de-cocaina-que-pertenecerian-a-las-disidencias-de-las-farc\/\",\"url\":\"https:\/\/www.fiscalia.gov.co\/colombia\/narcotrafico\/descubiertas-cerca-de-cuatro-toneladas-de-cocaina-que-pertenecerian-a-las-disidencias-de-las-farc\/\",\"name\":\"Fiscal\u00eda General de la Naci\u00f3n\",\"isPartOf\":{\"@id\":\"https:\/\/www.fiscalia.gov.co\/colombia\/#website\"},\"datePublished\":\"2021-04-25T12:34:06+00:00\",\"dateModified\":\"2021-04-29T20:47:47+00:00\",\"description\":\"P\u00e1gina oficial de la Fiscal\u00eda General de la Naci\u00f3n \u2013 Colombia. Garantizamos el acceso efectivo a la justicia, la verdad y la reparaci\u00f3n de las v\u00edctimas de los delitos.\",\"breadcrumb\":{\"@id\":\"https:\/\/www.fiscalia.gov.co\/colombia\/narcotrafico\/descubiertas-cerca-de-cuatro-toneladas-de-cocaina-que-pertenecerian-a-las-disidencias-de-las-farc\/#breadcrumb\"},\"inLanguage\":\"es-CO\",\"potentialAction\":[{\"@type\":\"ReadAction\",\"target\":[\"https:\/\/www.fiscalia.gov.co\/colombia\/narcotrafico\/descubiertas-cerca-de-cuatro-toneladas-de-cocaina-que-pertenecerian-a-las-disidencias-de-las-farc\/\"]}]},{\"@type\":\"BreadcrumbList\",\"@id\":\"https:\/\/www.fiscalia.gov.co\/colombia\/narcotrafico\/descubiertas-cerca-de-cuatro-toneladas-de-cocaina-que-pertenecerian-a-las-disidencias-de-las-farc\/#breadcrumb\",\"itemListElement\":[{\"@type\":\"ListItem\",\"position\":1,\"name\":\"Home\",\"item\":\"https:\/\/www.fiscalia.gov.co\/colombia\/\"},{\"@type\":\"ListItem\",\"position\":2,\"name\":\"Descubiertas cerca de cuatro toneladas de coca\u00edna que pertenecer\u00edan a las disidencias de las Farc\"}]},{\"@type\":\"WebSite\",\"@id\":\"https:\/\/www.fiscalia.gov.co\/colombia\/#website\",\"url\":\"https:\/\/www.fiscalia.gov.co\/colombia\/\",\"name\":\"Fiscal\u00eda General de la Naci\u00f3n\",\"description\":\"P\u00e1gina oficial de la Fiscal\u00eda General de la Naci\u00f3n \u2013 Colombia. Garantizamos el acceso efectivo a la justicia, la verdad y la reparaci\u00f3n de las v\u00edctimas de los delitos.\",\"publisher\":{\"@id\":\"https:\/\/www.fiscalia.gov.co\/colombia\/#organization\"},\"potentialAction\":[{\"@type\":\"SearchAction\",\"target\":{\"@type\":\"EntryPoint\",\"urlTemplate\":\"https:\/\/www.fiscalia.gov.co\/colombia\/?s={search_term_string}\"},\"query-input\":{\"@type\":\"PropertyValueSpecification\",\"valueRequired\":true,\"valueName\":\"search_term_string\"}}],\"inLanguage\":\"es-CO\"},{\"@type\":\"Organization\",\"@id\":\"https:\/\/www.fiscalia.gov.co\/colombia\/#organization\",\"name\":\"Fiscal\u00eda General de la Naci\u00f3n\",\"url\":\"https:\/\/www.fiscalia.gov.co\/colombia\/\",\"logo\":{\"@type\":\"ImageObject\",\"inLanguage\":\"es-CO\",\"@id\":\"https:\/\/www.fiscalia.gov.co\/colombia\/#\/schema\/logo\/image\/\",\"url\":\"https:\/\/www.fiscalia.gov.co\/colombia\/wp-content\/uploads\/LogoHorizontal_1.jpg\",\"contentUrl\":\"https:\/\/www.fiscalia.gov.co\/colombia\/wp-content\/uploads\/LogoHorizontal_1.jpg\",\"width\":300,\"height\":90,\"caption\":\"Fiscal\u00eda General de la Naci\u00f3n\"},\"image\":{\"@id\":\"https:\/\/www.fiscalia.gov.co\/colombia\/#\/schema\/logo\/image\/\"},\"sameAs\":[\"https:\/\/www.facebook.com\/FiscaliaCol\",\"https:\/\/x.com\/FiscaliaCol\",\"https:\/\/www.instagram.com\/fiscaliacol\",\"https:\/\/www.linkedin.com\/company\/fiscalia-general-de-la-naci-n\/\",\"https:\/\/youtube.com\/@fiscaliageneraldelanacion-4668?si=6nN79nyQICPU5iTh\"]},{\"@type\":\"Person\",\"@id\":\"https:\/\/www.fiscalia.gov.co\/colombia\/#\/schema\/person\/2e76b9aba5ecf875ed565ce4de0e0415\",\"name\":\"Katherine Loaiza Mart\u00ednez\",\"image\":{\"@type\":\"ImageObject\",\"inLanguage\":\"es-CO\",\"@id\":\"https:\/\/www.fiscalia.gov.co\/colombia\/#\/schema\/person\/image\/\",\"url\":\"https:\/\/secure.gravatar.com\/avatar\/ab775a2f394c1b83b6d6f78680e57b50?s=96&d=mm&r=g\",\"contentUrl\":\"https:\/\/secure.gravatar.com\/avatar\/ab775a2f394c1b83b6d6f78680e57b50?s=96&d=mm&r=g\",\"caption\":\"Katherine Loaiza Mart\u00ednez\"},\"url\":\"https:\/\/www.fiscalia.gov.co\/colombia\/author\/kloaiza\/\"}]}<\/script>\n<!-- \/ Yoast SEO plugin. -->","yoast_head_json":{"title":"Fiscal\u00eda General de la Naci\u00f3n","description":"P\u00e1gina oficial de la Fiscal\u00eda General de la Naci\u00f3n \u2013 Colombia. Garantizamos el acceso efectivo a la justicia, la verdad y la reparaci\u00f3n de las v\u00edctimas de los delitos.","robots":{"index":"noindex","follow":"follow"},"og_locale":"es_ES","og_type":"article","og_title":"Fiscal\u00eda General de la Naci\u00f3n","og_description":"P\u00e1gina oficial de la Fiscal\u00eda General de la Naci\u00f3n \u2013 Colombia. Garantizamos el acceso efectivo a la justicia, la verdad y la reparaci\u00f3n de las v\u00edctimas de los delitos.","og_url":"https:\/\/www.fiscalia.gov.co\/colombia\/narcotrafico\/descubiertas-cerca-de-cuatro-toneladas-de-cocaina-que-pertenecerian-a-las-disidencias-de-las-farc\/","og_site_name":"Fiscal\u00eda General de la Naci\u00f3n","article_publisher":"https:\/\/www.facebook.com\/FiscaliaCol","article_published_time":"2021-04-25T12:34:06+00:00","article_modified_time":"2021-04-29T20:47:47+00:00","author":"Katherine Loaiza Mart\u00ednez","twitter_card":"summary_large_image","twitter_creator":"@FiscaliaCol","twitter_site":"@FiscaliaCol","twitter_misc":{"Escrito por":"Katherine Loaiza Mart\u00ednez","Tiempo de lectura":"2 minutos"},"schema":{"@context":"https:\/\/schema.org","@graph":[{"@type":"Article","@id":"https:\/\/www.fiscalia.gov.co\/colombia\/narcotrafico\/descubiertas-cerca-de-cuatro-toneladas-de-cocaina-que-pertenecerian-a-las-disidencias-de-las-farc\/#article","isPartOf":{"@id":"https:\/\/www.fiscalia.gov.co\/colombia\/narcotrafico\/descubiertas-cerca-de-cuatro-toneladas-de-cocaina-que-pertenecerian-a-las-disidencias-de-las-farc\/"},"author":{"name":"Katherine Loaiza Mart\u00ednez","@id":"https:\/\/www.fiscalia.gov.co\/colombia\/#\/schema\/person\/2e76b9aba5ecf875ed565ce4de0e0415"},"headline":"Descubiertas cerca de cuatro toneladas de coca\u00edna que pertenecer\u00edan a las disidencias de las Farc","datePublished":"2021-04-25T12:34:06+00:00","dateModified":"2021-04-29T20:47:47+00:00","mainEntityOfPage":{"@id":"https:\/\/www.fiscalia.gov.co\/colombia\/narcotrafico\/descubiertas-cerca-de-cuatro-toneladas-de-cocaina-que-pertenecerian-a-las-disidencias-de-las-farc\/"},"wordCount":459,"publisher":{"@id":"https:\/\/www.fiscalia.gov.co\/colombia\/#organization"},"keywords":["Cuerpo T\u00e9cnico de Investigaciones","Delitos Trasnacionales","Fiscal Barbosa","Fiscal Francisco Barbosa","Narcotr\u00e1fico"],"articleSection":["Cooperaci\u00f3n interinstitucional","Narcotr\u00e1fico"],"inLanguage":"es-CO"},{"@type":"WebPage","@id":"https:\/\/www.fiscalia.gov.co\/colombia\/narcotrafico\/descubiertas-cerca-de-cuatro-toneladas-de-cocaina-que-pertenecerian-a-las-disidencias-de-las-farc\/","url":"https:\/\/www.fiscalia.gov.co\/colombia\/narcotrafico\/descubiertas-cerca-de-cuatro-toneladas-de-cocaina-que-pertenecerian-a-las-disidencias-de-las-farc\/","name":"Fiscal\u00eda General de la Naci\u00f3n","isPartOf":{"@id":"https:\/\/www.fiscalia.gov.co\/colombia\/#website"},"datePublished":"2021-04-25T12:34:06+00:00","dateModified":"2021-04-29T20:47:47+00:00","description":"P\u00e1gina oficial de la Fiscal\u00eda General de la Naci\u00f3n \u2013 Colombia. Garantizamos el acceso efectivo a la justicia, la verdad y la reparaci\u00f3n de las v\u00edctimas de los delitos.","breadcrumb":{"@id":"https:\/\/www.fiscalia.gov.co\/colombia\/narcotrafico\/descubiertas-cerca-de-cuatro-toneladas-de-cocaina-que-pertenecerian-a-las-disidencias-de-las-farc\/#breadcrumb"},"inLanguage":"es-CO","potentialAction":[{"@type":"ReadAction","target":["https:\/\/www.fiscalia.gov.co\/colombia\/narcotrafico\/descubiertas-cerca-de-cuatro-toneladas-de-cocaina-que-pertenecerian-a-las-disidencias-de-las-farc\/"]}]},{"@type":"BreadcrumbList","@id":"https:\/\/www.fiscalia.gov.co\/colombia\/narcotrafico\/descubiertas-cerca-de-cuatro-toneladas-de-cocaina-que-pertenecerian-a-las-disidencias-de-las-farc\/#breadcrumb","itemListElement":[{"@type":"ListItem","position":1,"name":"Home","item":"https:\/\/www.fiscalia.gov.co\/colombia\/"},{"@type":"ListItem","position":2,"name":"Descubiertas cerca de cuatro toneladas de coca\u00edna que pertenecer\u00edan a las disidencias de las Farc"}]},{"@type":"WebSite","@id":"https:\/\/www.fiscalia.gov.co\/colombia\/#website","url":"https:\/\/www.fiscalia.gov.co\/colombia\/","name":"Fiscal\u00eda General de la Naci\u00f3n","description":"P\u00e1gina oficial de la Fiscal\u00eda General de la Naci\u00f3n \u2013 Colombia. Garantizamos el acceso efectivo a la justicia, la verdad y la reparaci\u00f3n de las v\u00edctimas de los delitos.","publisher":{"@id":"https:\/\/www.fiscalia.gov.co\/colombia\/#organization"},"potentialAction":[{"@type":"SearchAction","target":{"@type":"EntryPoint","urlTemplate":"https:\/\/www.fiscalia.gov.co\/colombia\/?s={search_term_string}"},"query-input":{"@type":"PropertyValueSpecification","valueRequired":true,"valueName":"search_term_string"}}],"inLanguage":"es-CO"},{"@type":"Organization","@id":"https:\/\/www.fiscalia.gov.co\/colombia\/#organization","name":"Fiscal\u00eda General de la Naci\u00f3n","url":"https:\/\/www.fiscalia.gov.co\/colombia\/","logo":{"@type":"ImageObject","inLanguage":"es-CO","@id":"https:\/\/www.fiscalia.gov.co\/colombia\/#\/schema\/logo\/image\/","url":"https:\/\/www.fiscalia.gov.co\/colombia\/wp-content\/uploads\/LogoHorizontal_1.jpg","contentUrl":"https:\/\/www.fiscalia.gov.co\/colombia\/wp-content\/uploads\/LogoHorizontal_1.jpg","width":300,"height":90,"caption":"Fiscal\u00eda General de la Naci\u00f3n"},"image":{"@id":"https:\/\/www.fiscalia.gov.co\/colombia\/#\/schema\/logo\/image\/"},"sameAs":["https:\/\/www.facebook.com\/FiscaliaCol","https:\/\/x.com\/FiscaliaCol","https:\/\/www.instagram.com\/fiscaliacol","https:\/\/www.linkedin.com\/company\/fiscalia-general-de-la-naci-n\/","https:\/\/youtube.com\/@fiscaliageneraldelanacion-4668?si=6nN79nyQICPU5iTh"]},{"@type":"Person","@id":"https:\/\/www.fiscalia.gov.co\/colombia\/#\/schema\/person\/2e76b9aba5ecf875ed565ce4de0e0415","name":"Katherine Loaiza Mart\u00ednez","image":{"@type":"ImageObject","inLanguage":"es-CO","@id":"https:\/\/www.fiscalia.gov.co\/colombia\/#\/schema\/person\/image\/","url":"https:\/\/secure.gravatar.com\/avatar\/ab775a2f394c1b83b6d6f78680e57b50?s=96&d=mm&r=g","contentUrl":"https:\/\/secure.gravatar.com\/avatar\/ab775a2f394c1b83b6d6f78680e57b50?s=96&d=mm&r=g","caption":"Katherine Loaiza Mart\u00ednez"},"url":"https:\/\/www.fiscalia.gov.co\/colombia\/author\/kloaiza\/"}]}},"_links":{"self":[{"href":"https:\/\/www.fiscalia.gov.co\/colombia\/wp-json\/wp\/v2\/posts\/218567","targetHints":{"allow":["GET"]}}],"collection":[{"href":"https:\/\/www.fiscalia.gov.co\/colombia\/wp-json\/wp\/v2\/posts"}],"about":[{"href":"https:\/\/www.fiscalia.gov.co\/colombia\/wp-json\/wp\/v2\/types\/post"}],"author":[{"embeddable":true,"href":"https:\/\/www.fiscalia.gov.co\/colombia\/wp-json\/wp\/v2\/users\/175"}],"replies":[{"embeddable":true,"href":"https:\/\/www.fiscalia.gov.co\/colombia\/wp-json\/wp\/v2\/comments?post=218567"}],"version-history":[{"count":3,"href":"https:\/\/www.fiscalia.gov.co\/colombia\/wp-json\/wp\/v2\/posts\/218567\/revisions"}],"predecessor-version":[{"id":218571,"href":"https:\/\/www.fiscalia.gov.co\/colombia\/wp-json\/wp\/v2\/posts\/218567\/revisions\/218571"}],"wp:attachment":[{"href":"https:\/\/www.fiscalia.gov.co\/colombia\/wp-json\/wp\/v2\/media?parent=218567"}],"wp:term":[{"taxonomy":"category","embeddable":true,"href":"https:\/\/www.fiscalia.gov.co\/colombia\/wp-json\/wp\/v2\/categories?post=218567"},{"taxonomy":"post_tag","embeddable":true,"href":"https:\/\/www.fiscalia.gov.co\/colombia\/wp-json\/wp\/v2\/tags?post=218567"}],"curies":[{"name":"wp","href":"https:\/\/api.w.org\/{rel}","templated":true}]}}