{"id":218396,"date":"2021-04-22T10:29:54","date_gmt":"2021-04-22T15:29:54","guid":{"rendered":"https:\/\/www.fiscalia.gov.co\/colombia\/?p=218396"},"modified":"2021-04-28T16:39:21","modified_gmt":"2021-04-28T21:39:21","slug":"fiscalia-llama-a-juicio-al-exdirector-de-la-car-cundinamarca-por-presuntas-irregualidades-en-la-celebracion-de-contratos","status":"publish","type":"post","link":"https:\/\/www.fiscalia.gov.co\/colombia\/corrupcion\/fiscalia-llama-a-juicio-al-exdirector-de-la-car-cundinamarca-por-presuntas-irregualidades-en-la-celebracion-de-contratos\/","title":{"rendered":"Fiscal\u00eda llama a juicio al exdirector de la CAR Cundinamarca por presuntas irregualidades en la celebraci\u00f3n de contratos"},"content":{"rendered":"<blockquote>\n<h4 style=\"text-align: left;\"><strong><em>De acuerdo con las investigaciones adelantas por CTI, el procesado habr\u00eda faltado a los principios de econom\u00eda y planeaci\u00f3n al celebrar un convenio para la construcci\u00f3n de una planta de aguas residuales en Ch\u00eda (Cundinamarca).<\/em><\/strong><\/h4>\n<\/blockquote>\n<p>La Fiscal\u00eda General de la Naci\u00f3n, a trav\u00e9s de un fiscal adscrito a la <a href=\"https:\/\/www.fiscalia.gov.co\/colombia\/hechos-concretos\/capturan-a-los-turbo-presuntos-responsables-de-robo-de-vehiculos-en-bogota-y-cundinamarca\/\">Seccional Cundinamarca<\/a>, acus\u00f3 al exdirector de la <strong>Corporaci\u00f3n Aut\u00f3noma Regional de Cundinamarca, N\u00e9stor Guillermo Franco Gonz\u00e1lez, <\/strong>por el delito de<strong> contrato sin cumplimiento de requisitos legales. <\/strong><\/p>\n<p>Las investigaciones desarrolladas por el CTI indican que, en 2015, el procesado, en ejercicio de su cargo, celebr\u00f3 el convenio interadministrativo 1267 para el proyecto de construcci\u00f3n de la <strong>Planta de Tratamiento de Aguas Residuales <\/strong>del municipio de Ch\u00eda (Cundinamarca), al parecer sin verificar el cumplimiento de los requisitos para firmarlo.<\/p>\n<p>Presuntamente, para la aprobaci\u00f3n presupuestal, el entonces funcionario <strong>no confirm\u00f3 los costos de las obras fundamentales<\/strong> y estructurales, como son: columnas, zapatas, vigas de cimentaci\u00f3n, vigas a\u00e9reas, placa de contrapiso, losa superior, acero de refuerzo, acero estructural y los pilotes.<\/p>\n<p>Adem\u00e1s, se evidenci\u00f3 una adici\u00f3n de <strong>17.783 millones de pesos <\/strong>al valor inicial del contrato que era por 35.748 millones de pesos, posiblemente por sobrecostos. El valor total de la obra alcanz\u00f3 los 53.531 millones.<\/p>\n<p>Del mismo modo, se detectaron irregularidades en los dise\u00f1os de infraestructura para satisfacer las necesidades futuras, por no tener en cuenta la cantidad de poblaci\u00f3n y el caudal de agua que la planta deb\u00eda tratar despu\u00e9s de 2015.<\/p>\n<p>Frente a este convenio, los elementos materiales probatorios se\u00f1alan que el exdirectivo habr\u00eda faltado a los principios de econom\u00eda y planeaci\u00f3n de los recursos, pues aparecieron 171 \u00edtems de obras no previstas en el convenio inicial.<\/p>\n<p>La Fiscal\u00eda habla con resultados.<\/p>\n<p>CMRM\/JB\/DLBM<\/p>\n<p><em>La informaci\u00f3n contenida en este bolet\u00edn de prensa corresponde a la narraci\u00f3n de los hechos noticiosos objetivos, suministrados por los funcionarios encargados de adelantar las investigaciones penales al interior de la Fiscal\u00eda General de la Naci\u00f3n. Para el momento de la divulgaci\u00f3n de este comunicado, la situaci\u00f3n jur\u00eddica de la(s) persona(s) relacionada(s) se encuentra pendiente de resolver por la autoridad judicial competente, siempre bajo los preceptos de la presunci\u00f3n de inocencia, consagrados en el art\u00edculo 29 de la Constituci\u00f3n Pol\u00edtica y el art\u00edculo 7\u00ba de la Ley 906 de 2004.<\/em><\/p>\n\n<div class=\"twitter-share\"><a href=\"https:\/\/twitter.com\/intent\/tweet?via=fiscaliacol\" class=\"twitter-share-button\">Tweet<\/a><\/div>\n","protected":false},"excerpt":{"rendered":"<p>De acuerdo con las investigaciones adelantas por CTI, el procesado habr\u00eda faltado a los principios de econom\u00eda y planeaci\u00f3n al celebrar un convenio para la construcci\u00f3n de una planta de aguas residuales en Ch\u00eda (Cundinamarca). La Fiscal\u00eda General de la Naci\u00f3n, a trav\u00e9s de un fiscal adscrito a la Seccional Cundinamarca, acus\u00f3 al exdirector de [&hellip;]<\/p>\n","protected":false},"author":171,"featured_media":0,"comment_status":"closed","ping_status":"open","sticky":false,"template":"","format":"video","meta":{"tdm_status":"","tdm_grid_status":"","footnotes":""},"categories":[24097,327,303],"tags":[24185,4614],"class_list":{"0":"post-218396","1":"post","2":"type-post","3":"status-publish","4":"format-video","6":"category-corrupcion","7":"category-seccional-cundinamarca","8":"category-seccionales","9":"tag-fiscal-barbosa","10":"tag-fiscalia-2","11":"post_format-post-format-video"},"yoast_head":"<!-- This site is optimized with the Yoast SEO plugin v24.3 - https:\/\/yoast.com\/wordpress\/plugins\/seo\/ -->\n<title>Fiscal\u00eda General de la Naci\u00f3n<\/title>\n<meta name=\"description\" content=\"P\u00e1gina oficial de la Fiscal\u00eda General de la Naci\u00f3n \u2013 Colombia. Garantizamos el acceso efectivo a la justicia, la verdad y la reparaci\u00f3n de las v\u00edctimas de los delitos.\" \/>\n<meta name=\"robots\" content=\"noindex, follow\" \/>\n<meta property=\"og:locale\" content=\"es_ES\" \/>\n<meta property=\"og:type\" content=\"article\" \/>\n<meta property=\"og:title\" content=\"Fiscal\u00eda General de la Naci\u00f3n\" \/>\n<meta property=\"og:description\" content=\"P\u00e1gina oficial de la Fiscal\u00eda General de la Naci\u00f3n \u2013 Colombia. Garantizamos el acceso efectivo a la justicia, la verdad y la reparaci\u00f3n de las v\u00edctimas de los delitos.\" \/>\n<meta property=\"og:url\" content=\"https:\/\/www.fiscalia.gov.co\/colombia\/corrupcion\/fiscalia-llama-a-juicio-al-exdirector-de-la-car-cundinamarca-por-presuntas-irregualidades-en-la-celebracion-de-contratos\/\" \/>\n<meta property=\"og:site_name\" content=\"Fiscal\u00eda General de la Naci\u00f3n\" \/>\n<meta property=\"article:publisher\" content=\"https:\/\/www.facebook.com\/FiscaliaCol\" \/>\n<meta property=\"article:published_time\" content=\"2021-04-22T15:29:54+00:00\" \/>\n<meta property=\"article:modified_time\" content=\"2021-04-28T21:39:21+00:00\" \/>\n<meta name=\"author\" content=\"Ana Mar\u00eda Gomez\" \/>\n<meta name=\"twitter:card\" content=\"summary_large_image\" \/>\n<meta name=\"twitter:creator\" content=\"@FiscaliaCol\" \/>\n<meta name=\"twitter:site\" content=\"@FiscaliaCol\" \/>\n<meta name=\"twitter:label1\" content=\"Escrito por\" \/>\n\t<meta name=\"twitter:data1\" content=\"Ana Mar\u00eda Gomez\" \/>\n\t<meta name=\"twitter:label2\" content=\"Tiempo de lectura\" \/>\n\t<meta name=\"twitter:data2\" content=\"2 minutos\" \/>\n<script type=\"application\/ld+json\" class=\"yoast-schema-graph\">{\"@context\":\"https:\/\/schema.org\",\"@graph\":[{\"@type\":\"Article\",\"@id\":\"https:\/\/www.fiscalia.gov.co\/colombia\/corrupcion\/fiscalia-llama-a-juicio-al-exdirector-de-la-car-cundinamarca-por-presuntas-irregualidades-en-la-celebracion-de-contratos\/#article\",\"isPartOf\":{\"@id\":\"https:\/\/www.fiscalia.gov.co\/colombia\/corrupcion\/fiscalia-llama-a-juicio-al-exdirector-de-la-car-cundinamarca-por-presuntas-irregualidades-en-la-celebracion-de-contratos\/\"},\"author\":{\"name\":\"Ana Mar\u00eda Gomez\",\"@id\":\"https:\/\/www.fiscalia.gov.co\/colombia\/#\/schema\/person\/06aa2210fe4d79203f428ff671dee360\"},\"headline\":\"Fiscal\u00eda llama a juicio al exdirector de la CAR Cundinamarca por presuntas irregualidades en la celebraci\u00f3n de contratos\",\"datePublished\":\"2021-04-22T15:29:54+00:00\",\"dateModified\":\"2021-04-28T21:39:21+00:00\",\"mainEntityOfPage\":{\"@id\":\"https:\/\/www.fiscalia.gov.co\/colombia\/corrupcion\/fiscalia-llama-a-juicio-al-exdirector-de-la-car-cundinamarca-por-presuntas-irregualidades-en-la-celebracion-de-contratos\/\"},\"wordCount\":426,\"publisher\":{\"@id\":\"https:\/\/www.fiscalia.gov.co\/colombia\/#organization\"},\"keywords\":[\"Fiscal Barbosa\",\"Fiscal\u00eda\"],\"articleSection\":[\"Corrupci\u00f3n\",\"Seccional Cundinamarca\",\"Seccionales\"],\"inLanguage\":\"es-CO\"},{\"@type\":\"WebPage\",\"@id\":\"https:\/\/www.fiscalia.gov.co\/colombia\/corrupcion\/fiscalia-llama-a-juicio-al-exdirector-de-la-car-cundinamarca-por-presuntas-irregualidades-en-la-celebracion-de-contratos\/\",\"url\":\"https:\/\/www.fiscalia.gov.co\/colombia\/corrupcion\/fiscalia-llama-a-juicio-al-exdirector-de-la-car-cundinamarca-por-presuntas-irregualidades-en-la-celebracion-de-contratos\/\",\"name\":\"Fiscal\u00eda General de la Naci\u00f3n\",\"isPartOf\":{\"@id\":\"https:\/\/www.fiscalia.gov.co\/colombia\/#website\"},\"datePublished\":\"2021-04-22T15:29:54+00:00\",\"dateModified\":\"2021-04-28T21:39:21+00:00\",\"description\":\"P\u00e1gina oficial de la Fiscal\u00eda General de la Naci\u00f3n \u2013 Colombia. Garantizamos el acceso efectivo a la justicia, la verdad y la reparaci\u00f3n de las v\u00edctimas de los delitos.\",\"breadcrumb\":{\"@id\":\"https:\/\/www.fiscalia.gov.co\/colombia\/corrupcion\/fiscalia-llama-a-juicio-al-exdirector-de-la-car-cundinamarca-por-presuntas-irregualidades-en-la-celebracion-de-contratos\/#breadcrumb\"},\"inLanguage\":\"es-CO\",\"potentialAction\":[{\"@type\":\"ReadAction\",\"target\":[\"https:\/\/www.fiscalia.gov.co\/colombia\/corrupcion\/fiscalia-llama-a-juicio-al-exdirector-de-la-car-cundinamarca-por-presuntas-irregualidades-en-la-celebracion-de-contratos\/\"]}]},{\"@type\":\"BreadcrumbList\",\"@id\":\"https:\/\/www.fiscalia.gov.co\/colombia\/corrupcion\/fiscalia-llama-a-juicio-al-exdirector-de-la-car-cundinamarca-por-presuntas-irregualidades-en-la-celebracion-de-contratos\/#breadcrumb\",\"itemListElement\":[{\"@type\":\"ListItem\",\"position\":1,\"name\":\"Home\",\"item\":\"https:\/\/www.fiscalia.gov.co\/colombia\/\"},{\"@type\":\"ListItem\",\"position\":2,\"name\":\"Fiscal\u00eda llama a juicio al exdirector de la CAR Cundinamarca por presuntas irregualidades en la celebraci\u00f3n de contratos\"}]},{\"@type\":\"WebSite\",\"@id\":\"https:\/\/www.fiscalia.gov.co\/colombia\/#website\",\"url\":\"https:\/\/www.fiscalia.gov.co\/colombia\/\",\"name\":\"Fiscal\u00eda General de la Naci\u00f3n\",\"description\":\"P\u00e1gina oficial de la Fiscal\u00eda General de la Naci\u00f3n \u2013 Colombia. Garantizamos el acceso efectivo a la justicia, la verdad y la reparaci\u00f3n de las v\u00edctimas de los delitos.\",\"publisher\":{\"@id\":\"https:\/\/www.fiscalia.gov.co\/colombia\/#organization\"},\"potentialAction\":[{\"@type\":\"SearchAction\",\"target\":{\"@type\":\"EntryPoint\",\"urlTemplate\":\"https:\/\/www.fiscalia.gov.co\/colombia\/?s={search_term_string}\"},\"query-input\":{\"@type\":\"PropertyValueSpecification\",\"valueRequired\":true,\"valueName\":\"search_term_string\"}}],\"inLanguage\":\"es-CO\"},{\"@type\":\"Organization\",\"@id\":\"https:\/\/www.fiscalia.gov.co\/colombia\/#organization\",\"name\":\"Fiscal\u00eda General de la Naci\u00f3n\",\"url\":\"https:\/\/www.fiscalia.gov.co\/colombia\/\",\"logo\":{\"@type\":\"ImageObject\",\"inLanguage\":\"es-CO\",\"@id\":\"https:\/\/www.fiscalia.gov.co\/colombia\/#\/schema\/logo\/image\/\",\"url\":\"https:\/\/www.fiscalia.gov.co\/colombia\/wp-content\/uploads\/LogoHorizontal_1.jpg\",\"contentUrl\":\"https:\/\/www.fiscalia.gov.co\/colombia\/wp-content\/uploads\/LogoHorizontal_1.jpg\",\"width\":300,\"height\":90,\"caption\":\"Fiscal\u00eda General de la Naci\u00f3n\"},\"image\":{\"@id\":\"https:\/\/www.fiscalia.gov.co\/colombia\/#\/schema\/logo\/image\/\"},\"sameAs\":[\"https:\/\/www.facebook.com\/FiscaliaCol\",\"https:\/\/x.com\/FiscaliaCol\",\"https:\/\/www.instagram.com\/fiscaliacol\",\"https:\/\/www.linkedin.com\/company\/fiscalia-general-de-la-naci-n\/\",\"https:\/\/youtube.com\/@fiscaliageneraldelanacion-4668?si=6nN79nyQICPU5iTh\"]},{\"@type\":\"Person\",\"@id\":\"https:\/\/www.fiscalia.gov.co\/colombia\/#\/schema\/person\/06aa2210fe4d79203f428ff671dee360\",\"name\":\"Ana Mar\u00eda Gomez\",\"image\":{\"@type\":\"ImageObject\",\"inLanguage\":\"es-CO\",\"@id\":\"https:\/\/www.fiscalia.gov.co\/colombia\/#\/schema\/person\/image\/\",\"url\":\"https:\/\/secure.gravatar.com\/avatar\/a38115d98a7f8a96cbb96af2b2c37a0b?s=96&d=mm&r=g\",\"contentUrl\":\"https:\/\/secure.gravatar.com\/avatar\/a38115d98a7f8a96cbb96af2b2c37a0b?s=96&d=mm&r=g\",\"caption\":\"Ana Mar\u00eda Gomez\"},\"url\":\"https:\/\/www.fiscalia.gov.co\/colombia\/author\/agomez\/\"}]}<\/script>\n<!-- \/ Yoast SEO plugin. -->","yoast_head_json":{"title":"Fiscal\u00eda General de la Naci\u00f3n","description":"P\u00e1gina oficial de la Fiscal\u00eda General de la Naci\u00f3n \u2013 Colombia. Garantizamos el acceso efectivo a la justicia, la verdad y la reparaci\u00f3n de las v\u00edctimas de los delitos.","robots":{"index":"noindex","follow":"follow"},"og_locale":"es_ES","og_type":"article","og_title":"Fiscal\u00eda General de la Naci\u00f3n","og_description":"P\u00e1gina oficial de la Fiscal\u00eda General de la Naci\u00f3n \u2013 Colombia. Garantizamos el acceso efectivo a la justicia, la verdad y la reparaci\u00f3n de las v\u00edctimas de los delitos.","og_url":"https:\/\/www.fiscalia.gov.co\/colombia\/corrupcion\/fiscalia-llama-a-juicio-al-exdirector-de-la-car-cundinamarca-por-presuntas-irregualidades-en-la-celebracion-de-contratos\/","og_site_name":"Fiscal\u00eda General de la Naci\u00f3n","article_publisher":"https:\/\/www.facebook.com\/FiscaliaCol","article_published_time":"2021-04-22T15:29:54+00:00","article_modified_time":"2021-04-28T21:39:21+00:00","author":"Ana Mar\u00eda Gomez","twitter_card":"summary_large_image","twitter_creator":"@FiscaliaCol","twitter_site":"@FiscaliaCol","twitter_misc":{"Escrito por":"Ana Mar\u00eda Gomez","Tiempo de lectura":"2 minutos"},"schema":{"@context":"https:\/\/schema.org","@graph":[{"@type":"Article","@id":"https:\/\/www.fiscalia.gov.co\/colombia\/corrupcion\/fiscalia-llama-a-juicio-al-exdirector-de-la-car-cundinamarca-por-presuntas-irregualidades-en-la-celebracion-de-contratos\/#article","isPartOf":{"@id":"https:\/\/www.fiscalia.gov.co\/colombia\/corrupcion\/fiscalia-llama-a-juicio-al-exdirector-de-la-car-cundinamarca-por-presuntas-irregualidades-en-la-celebracion-de-contratos\/"},"author":{"name":"Ana Mar\u00eda Gomez","@id":"https:\/\/www.fiscalia.gov.co\/colombia\/#\/schema\/person\/06aa2210fe4d79203f428ff671dee360"},"headline":"Fiscal\u00eda llama a juicio al exdirector de la CAR Cundinamarca por presuntas irregualidades en la celebraci\u00f3n de contratos","datePublished":"2021-04-22T15:29:54+00:00","dateModified":"2021-04-28T21:39:21+00:00","mainEntityOfPage":{"@id":"https:\/\/www.fiscalia.gov.co\/colombia\/corrupcion\/fiscalia-llama-a-juicio-al-exdirector-de-la-car-cundinamarca-por-presuntas-irregualidades-en-la-celebracion-de-contratos\/"},"wordCount":426,"publisher":{"@id":"https:\/\/www.fiscalia.gov.co\/colombia\/#organization"},"keywords":["Fiscal Barbosa","Fiscal\u00eda"],"articleSection":["Corrupci\u00f3n","Seccional Cundinamarca","Seccionales"],"inLanguage":"es-CO"},{"@type":"WebPage","@id":"https:\/\/www.fiscalia.gov.co\/colombia\/corrupcion\/fiscalia-llama-a-juicio-al-exdirector-de-la-car-cundinamarca-por-presuntas-irregualidades-en-la-celebracion-de-contratos\/","url":"https:\/\/www.fiscalia.gov.co\/colombia\/corrupcion\/fiscalia-llama-a-juicio-al-exdirector-de-la-car-cundinamarca-por-presuntas-irregualidades-en-la-celebracion-de-contratos\/","name":"Fiscal\u00eda General de la Naci\u00f3n","isPartOf":{"@id":"https:\/\/www.fiscalia.gov.co\/colombia\/#website"},"datePublished":"2021-04-22T15:29:54+00:00","dateModified":"2021-04-28T21:39:21+00:00","description":"P\u00e1gina oficial de la Fiscal\u00eda General de la Naci\u00f3n \u2013 Colombia. Garantizamos el acceso efectivo a la justicia, la verdad y la reparaci\u00f3n de las v\u00edctimas de los delitos.","breadcrumb":{"@id":"https:\/\/www.fiscalia.gov.co\/colombia\/corrupcion\/fiscalia-llama-a-juicio-al-exdirector-de-la-car-cundinamarca-por-presuntas-irregualidades-en-la-celebracion-de-contratos\/#breadcrumb"},"inLanguage":"es-CO","potentialAction":[{"@type":"ReadAction","target":["https:\/\/www.fiscalia.gov.co\/colombia\/corrupcion\/fiscalia-llama-a-juicio-al-exdirector-de-la-car-cundinamarca-por-presuntas-irregualidades-en-la-celebracion-de-contratos\/"]}]},{"@type":"BreadcrumbList","@id":"https:\/\/www.fiscalia.gov.co\/colombia\/corrupcion\/fiscalia-llama-a-juicio-al-exdirector-de-la-car-cundinamarca-por-presuntas-irregualidades-en-la-celebracion-de-contratos\/#breadcrumb","itemListElement":[{"@type":"ListItem","position":1,"name":"Home","item":"https:\/\/www.fiscalia.gov.co\/colombia\/"},{"@type":"ListItem","position":2,"name":"Fiscal\u00eda llama a juicio al exdirector de la CAR Cundinamarca por presuntas irregualidades en la celebraci\u00f3n de contratos"}]},{"@type":"WebSite","@id":"https:\/\/www.fiscalia.gov.co\/colombia\/#website","url":"https:\/\/www.fiscalia.gov.co\/colombia\/","name":"Fiscal\u00eda General de la Naci\u00f3n","description":"P\u00e1gina oficial de la Fiscal\u00eda General de la Naci\u00f3n \u2013 Colombia. Garantizamos el acceso efectivo a la justicia, la verdad y la reparaci\u00f3n de las v\u00edctimas de los delitos.","publisher":{"@id":"https:\/\/www.fiscalia.gov.co\/colombia\/#organization"},"potentialAction":[{"@type":"SearchAction","target":{"@type":"EntryPoint","urlTemplate":"https:\/\/www.fiscalia.gov.co\/colombia\/?s={search_term_string}"},"query-input":{"@type":"PropertyValueSpecification","valueRequired":true,"valueName":"search_term_string"}}],"inLanguage":"es-CO"},{"@type":"Organization","@id":"https:\/\/www.fiscalia.gov.co\/colombia\/#organization","name":"Fiscal\u00eda General de la Naci\u00f3n","url":"https:\/\/www.fiscalia.gov.co\/colombia\/","logo":{"@type":"ImageObject","inLanguage":"es-CO","@id":"https:\/\/www.fiscalia.gov.co\/colombia\/#\/schema\/logo\/image\/","url":"https:\/\/www.fiscalia.gov.co\/colombia\/wp-content\/uploads\/LogoHorizontal_1.jpg","contentUrl":"https:\/\/www.fiscalia.gov.co\/colombia\/wp-content\/uploads\/LogoHorizontal_1.jpg","width":300,"height":90,"caption":"Fiscal\u00eda General de la Naci\u00f3n"},"image":{"@id":"https:\/\/www.fiscalia.gov.co\/colombia\/#\/schema\/logo\/image\/"},"sameAs":["https:\/\/www.facebook.com\/FiscaliaCol","https:\/\/x.com\/FiscaliaCol","https:\/\/www.instagram.com\/fiscaliacol","https:\/\/www.linkedin.com\/company\/fiscalia-general-de-la-naci-n\/","https:\/\/youtube.com\/@fiscaliageneraldelanacion-4668?si=6nN79nyQICPU5iTh"]},{"@type":"Person","@id":"https:\/\/www.fiscalia.gov.co\/colombia\/#\/schema\/person\/06aa2210fe4d79203f428ff671dee360","name":"Ana Mar\u00eda Gomez","image":{"@type":"ImageObject","inLanguage":"es-CO","@id":"https:\/\/www.fiscalia.gov.co\/colombia\/#\/schema\/person\/image\/","url":"https:\/\/secure.gravatar.com\/avatar\/a38115d98a7f8a96cbb96af2b2c37a0b?s=96&d=mm&r=g","contentUrl":"https:\/\/secure.gravatar.com\/avatar\/a38115d98a7f8a96cbb96af2b2c37a0b?s=96&d=mm&r=g","caption":"Ana Mar\u00eda Gomez"},"url":"https:\/\/www.fiscalia.gov.co\/colombia\/author\/agomez\/"}]}},"_links":{"self":[{"href":"https:\/\/www.fiscalia.gov.co\/colombia\/wp-json\/wp\/v2\/posts\/218396","targetHints":{"allow":["GET"]}}],"collection":[{"href":"https:\/\/www.fiscalia.gov.co\/colombia\/wp-json\/wp\/v2\/posts"}],"about":[{"href":"https:\/\/www.fiscalia.gov.co\/colombia\/wp-json\/wp\/v2\/types\/post"}],"author":[{"embeddable":true,"href":"https:\/\/www.fiscalia.gov.co\/colombia\/wp-json\/wp\/v2\/users\/171"}],"replies":[{"embeddable":true,"href":"https:\/\/www.fiscalia.gov.co\/colombia\/wp-json\/wp\/v2\/comments?post=218396"}],"version-history":[{"count":1,"href":"https:\/\/www.fiscalia.gov.co\/colombia\/wp-json\/wp\/v2\/posts\/218396\/revisions"}],"predecessor-version":[{"id":218397,"href":"https:\/\/www.fiscalia.gov.co\/colombia\/wp-json\/wp\/v2\/posts\/218396\/revisions\/218397"}],"wp:attachment":[{"href":"https:\/\/www.fiscalia.gov.co\/colombia\/wp-json\/wp\/v2\/media?parent=218396"}],"wp:term":[{"taxonomy":"category","embeddable":true,"href":"https:\/\/www.fiscalia.gov.co\/colombia\/wp-json\/wp\/v2\/categories?post=218396"},{"taxonomy":"post_tag","embeddable":true,"href":"https:\/\/www.fiscalia.gov.co\/colombia\/wp-json\/wp\/v2\/tags?post=218396"}],"curies":[{"name":"wp","href":"https:\/\/api.w.org\/{rel}","templated":true}]}}