{"id":218333,"date":"2021-04-21T16:33:27","date_gmt":"2021-04-21T21:33:27","guid":{"rendered":"https:\/\/www.fiscalia.gov.co\/colombia\/?p=218333"},"modified":"2021-04-21T16:33:27","modified_gmt":"2021-04-21T21:33:27","slug":"acusado-presunto-responsable-del-homicidio-de-un-joven-de-20-anos-en-caqueta","status":"publish","type":"post","link":"https:\/\/www.fiscalia.gov.co\/colombia\/seguridad-territorial\/acusado-presunto-responsable-del-homicidio-de-un-joven-de-20-anos-en-caqueta\/","title":{"rendered":"Acusado presunto responsable del homicidio de un joven de 20 a\u00f1os en Caquet\u00e1"},"content":{"rendered":"<p>Un fiscal de la seccional Caquet\u00e1 acus\u00f3 a Uriel Caicedo\u00a0Fonseca como presunto responsable del\u00a0<a href=\"https:\/\/www.fiscalia.gov.co\/colombia\/seguridad-ciudadana\/asegurado-por-homicidio-en-medio-de-la-celebracion-de-ano-nuevo-en-caqueta-en-2019\/\">homicidio agravado<\/a>\u00a0de Juan Camilo Rubiano Solozano. Los hechos investigados ocurrieron el 22 de septiembre del a\u00f1o 2019 en zona rural de Puerto Rico (Caquet\u00e1).<\/p>\n<p>Caicedo\u00a0Fonseca se present\u00f3 ante las autoridades despu\u00e9s de, presuntamente, haber disparado contra la v\u00edctima, al parecer, porque este embaraz\u00f3 a su hija de 14 a\u00f1os de edad, y agrediera a su otra hija, tambi\u00e9n menor de edad, de lo cual hay una denuncia.<\/p>\n<p>La audiencia preparatoria de este caso fue fijada para las 9 de la ma\u00f1ana del 19 de noviembre pr\u00f3ximo.<\/p>\n<p>La Fiscal\u00eda habla con resultados.<\/p>\n<p><strong>PAAM\/MAGA\/<\/strong><strong>PAGJ<\/strong><\/p>\n<p><em>L<\/em><em>a informaci\u00f3n contenida en este bolet\u00edn de prensa corresponde a la narraci\u00f3n de los hechos noticiosos objetivos, suministrados por los funcionarios encargados de adelantar las investigaciones penales al interior de la Fiscal\u00eda General de la Naci\u00f3n. Para el momento de la divulgaci\u00f3n de este comunicado, la situaci\u00f3n jur\u00eddica de la(s) persona(s) relacionada(s) se encuentra pendiente de resolver por la autoridad judicial competente, siempre bajo los preceptos de la presunci\u00f3n de inocencia, consagrados en el art\u00edculo 29 de la Constituci\u00f3n Pol\u00edtica y el art\u00edculo 7\u00ba de la Ley 906 de 2004.<\/em><\/p>\n<p>&nbsp;<\/p>\n\n<div class=\"twitter-share\"><a href=\"https:\/\/twitter.com\/intent\/tweet?via=fiscaliacol\" class=\"twitter-share-button\">Tweet<\/a><\/div>\n","protected":false},"excerpt":{"rendered":"<p>Un fiscal de la seccional Caquet\u00e1 acus\u00f3 a Uriel Caicedo\u00a0Fonseca como presunto responsable del\u00a0homicidio agravado\u00a0de Juan Camilo Rubiano Solozano. Los hechos investigados ocurrieron el 22 de septiembre del a\u00f1o 2019 [&hellip;]<\/p>\n","protected":false},"author":171,"featured_media":0,"comment_status":"closed","ping_status":"open","sticky":false,"template":"","format":"standard","meta":{"tdm_status":"","tdm_grid_status":"","footnotes":""},"categories":[328,303,24099],"tags":[6489,2369,20087,1047,686,26675,23955,24379],"class_list":["post-218333","post","type-post","status-publish","format-standard","category-seccional-florencia","category-seccionales","category-seguridad-territorial","tag-caqueta","tag-de4litos-sexuales","tag-discusion","tag-fiscalia-general-de-la-nacion","tag-homicidio-agravado","tag-problemas-personales","tag-puerto-rico","tag-seccional-caqueta"],"yoast_head":"<!-- This site is optimized with the Yoast SEO plugin v24.3 - https:\/\/yoast.com\/wordpress\/plugins\/seo\/ -->\n<title>Fiscal\u00eda General de la Naci\u00f3n<\/title>\n<meta name=\"description\" content=\"P\u00e1gina oficial de la Fiscal\u00eda General de la Naci\u00f3n \u2013 Colombia. Garantizamos el acceso efectivo a la justicia, la verdad y la reparaci\u00f3n de las v\u00edctimas de los delitos.\" \/>\n<meta name=\"robots\" content=\"noindex, follow\" \/>\n<meta property=\"og:locale\" content=\"es_ES\" \/>\n<meta property=\"og:type\" content=\"article\" \/>\n<meta property=\"og:title\" content=\"Fiscal\u00eda General de la Naci\u00f3n\" \/>\n<meta property=\"og:description\" content=\"P\u00e1gina oficial de la Fiscal\u00eda General de la Naci\u00f3n \u2013 Colombia. Garantizamos el acceso efectivo a la justicia, la verdad y la reparaci\u00f3n de las v\u00edctimas de los delitos.\" \/>\n<meta property=\"og:url\" content=\"https:\/\/www.fiscalia.gov.co\/colombia\/seguridad-territorial\/acusado-presunto-responsable-del-homicidio-de-un-joven-de-20-anos-en-caqueta\/\" \/>\n<meta property=\"og:site_name\" content=\"Fiscal\u00eda General de la Naci\u00f3n\" \/>\n<meta property=\"article:publisher\" content=\"https:\/\/www.facebook.com\/FiscaliaCol\" \/>\n<meta property=\"article:published_time\" content=\"2021-04-21T21:33:27+00:00\" \/>\n<meta name=\"author\" content=\"Ana Mar\u00eda Gomez\" \/>\n<meta name=\"twitter:card\" content=\"summary_large_image\" \/>\n<meta name=\"twitter:creator\" content=\"@FiscaliaCol\" \/>\n<meta name=\"twitter:site\" content=\"@FiscaliaCol\" \/>\n<meta name=\"twitter:label1\" content=\"Escrito por\" \/>\n\t<meta name=\"twitter:data1\" content=\"Ana Mar\u00eda Gomez\" \/>\n\t<meta name=\"twitter:label2\" content=\"Tiempo de lectura\" \/>\n\t<meta name=\"twitter:data2\" content=\"1 minuto\" \/>\n<script type=\"application\/ld+json\" class=\"yoast-schema-graph\">{\"@context\":\"https:\/\/schema.org\",\"@graph\":[{\"@type\":\"Article\",\"@id\":\"https:\/\/www.fiscalia.gov.co\/colombia\/seguridad-territorial\/acusado-presunto-responsable-del-homicidio-de-un-joven-de-20-anos-en-caqueta\/#article\",\"isPartOf\":{\"@id\":\"https:\/\/www.fiscalia.gov.co\/colombia\/seguridad-territorial\/acusado-presunto-responsable-del-homicidio-de-un-joven-de-20-anos-en-caqueta\/\"},\"author\":{\"name\":\"Ana Mar\u00eda Gomez\",\"@id\":\"https:\/\/www.fiscalia.gov.co\/colombia\/#\/schema\/person\/06aa2210fe4d79203f428ff671dee360\"},\"headline\":\"Acusado presunto responsable del homicidio de un joven de 20 a\u00f1os en Caquet\u00e1\",\"datePublished\":\"2021-04-21T21:33:27+00:00\",\"dateModified\":\"2021-04-21T21:33:27+00:00\",\"mainEntityOfPage\":{\"@id\":\"https:\/\/www.fiscalia.gov.co\/colombia\/seguridad-territorial\/acusado-presunto-responsable-del-homicidio-de-un-joven-de-20-anos-en-caqueta\/\"},\"wordCount\":231,\"publisher\":{\"@id\":\"https:\/\/www.fiscalia.gov.co\/colombia\/#organization\"},\"keywords\":[\"Caquet\u00e1\",\"Delitos sexuales\",\"Discusi\u00f3n\",\"Fiscal\u00eda General de la Naci\u00f3n\",\"Homicidio agravado\",\"problemas personales\",\"Puerto Rico\",\"Seccional Caquet\u00e1.\"],\"articleSection\":[\"Seccional Florencia\",\"Seccionales\",\"Seguridad territorial\"],\"inLanguage\":\"es-CO\"},{\"@type\":\"WebPage\",\"@id\":\"https:\/\/www.fiscalia.gov.co\/colombia\/seguridad-territorial\/acusado-presunto-responsable-del-homicidio-de-un-joven-de-20-anos-en-caqueta\/\",\"url\":\"https:\/\/www.fiscalia.gov.co\/colombia\/seguridad-territorial\/acusado-presunto-responsable-del-homicidio-de-un-joven-de-20-anos-en-caqueta\/\",\"name\":\"Fiscal\u00eda General de la Naci\u00f3n\",\"isPartOf\":{\"@id\":\"https:\/\/www.fiscalia.gov.co\/colombia\/#website\"},\"datePublished\":\"2021-04-21T21:33:27+00:00\",\"dateModified\":\"2021-04-21T21:33:27+00:00\",\"description\":\"P\u00e1gina oficial de la Fiscal\u00eda General de la Naci\u00f3n \u2013 Colombia. Garantizamos el acceso efectivo a la justicia, la verdad y la reparaci\u00f3n de las v\u00edctimas de los delitos.\",\"breadcrumb\":{\"@id\":\"https:\/\/www.fiscalia.gov.co\/colombia\/seguridad-territorial\/acusado-presunto-responsable-del-homicidio-de-un-joven-de-20-anos-en-caqueta\/#breadcrumb\"},\"inLanguage\":\"es-CO\",\"potentialAction\":[{\"@type\":\"ReadAction\",\"target\":[\"https:\/\/www.fiscalia.gov.co\/colombia\/seguridad-territorial\/acusado-presunto-responsable-del-homicidio-de-un-joven-de-20-anos-en-caqueta\/\"]}]},{\"@type\":\"BreadcrumbList\",\"@id\":\"https:\/\/www.fiscalia.gov.co\/colombia\/seguridad-territorial\/acusado-presunto-responsable-del-homicidio-de-un-joven-de-20-anos-en-caqueta\/#breadcrumb\",\"itemListElement\":[{\"@type\":\"ListItem\",\"position\":1,\"name\":\"Home\",\"item\":\"https:\/\/www.fiscalia.gov.co\/colombia\/\"},{\"@type\":\"ListItem\",\"position\":2,\"name\":\"Acusado presunto responsable del homicidio de un joven de 20 a\u00f1os en Caquet\u00e1\"}]},{\"@type\":\"WebSite\",\"@id\":\"https:\/\/www.fiscalia.gov.co\/colombia\/#website\",\"url\":\"https:\/\/www.fiscalia.gov.co\/colombia\/\",\"name\":\"Fiscal\u00eda General de la Naci\u00f3n\",\"description\":\"P\u00e1gina oficial de la Fiscal\u00eda General de la Naci\u00f3n \u2013 Colombia. Garantizamos el acceso efectivo a la justicia, la verdad y la reparaci\u00f3n de las v\u00edctimas de los delitos.\",\"publisher\":{\"@id\":\"https:\/\/www.fiscalia.gov.co\/colombia\/#organization\"},\"potentialAction\":[{\"@type\":\"SearchAction\",\"target\":{\"@type\":\"EntryPoint\",\"urlTemplate\":\"https:\/\/www.fiscalia.gov.co\/colombia\/?s={search_term_string}\"},\"query-input\":{\"@type\":\"PropertyValueSpecification\",\"valueRequired\":true,\"valueName\":\"search_term_string\"}}],\"inLanguage\":\"es-CO\"},{\"@type\":\"Organization\",\"@id\":\"https:\/\/www.fiscalia.gov.co\/colombia\/#organization\",\"name\":\"Fiscal\u00eda General de la Naci\u00f3n\",\"url\":\"https:\/\/www.fiscalia.gov.co\/colombia\/\",\"logo\":{\"@type\":\"ImageObject\",\"inLanguage\":\"es-CO\",\"@id\":\"https:\/\/www.fiscalia.gov.co\/colombia\/#\/schema\/logo\/image\/\",\"url\":\"https:\/\/www.fiscalia.gov.co\/colombia\/wp-content\/uploads\/LogoHorizontal_1.jpg\",\"contentUrl\":\"https:\/\/www.fiscalia.gov.co\/colombia\/wp-content\/uploads\/LogoHorizontal_1.jpg\",\"width\":300,\"height\":90,\"caption\":\"Fiscal\u00eda General de la Naci\u00f3n\"},\"image\":{\"@id\":\"https:\/\/www.fiscalia.gov.co\/colombia\/#\/schema\/logo\/image\/\"},\"sameAs\":[\"https:\/\/www.facebook.com\/FiscaliaCol\",\"https:\/\/x.com\/FiscaliaCol\",\"https:\/\/www.instagram.com\/fiscaliacol\",\"https:\/\/www.linkedin.com\/company\/fiscalia-general-de-la-naci-n\/\",\"https:\/\/youtube.com\/@fiscaliageneraldelanacion-4668?si=6nN79nyQICPU5iTh\"]},{\"@type\":\"Person\",\"@id\":\"https:\/\/www.fiscalia.gov.co\/colombia\/#\/schema\/person\/06aa2210fe4d79203f428ff671dee360\",\"name\":\"Ana Mar\u00eda Gomez\",\"image\":{\"@type\":\"ImageObject\",\"inLanguage\":\"es-CO\",\"@id\":\"https:\/\/www.fiscalia.gov.co\/colombia\/#\/schema\/person\/image\/\",\"url\":\"https:\/\/secure.gravatar.com\/avatar\/a38115d98a7f8a96cbb96af2b2c37a0b?s=96&d=mm&r=g\",\"contentUrl\":\"https:\/\/secure.gravatar.com\/avatar\/a38115d98a7f8a96cbb96af2b2c37a0b?s=96&d=mm&r=g\",\"caption\":\"Ana Mar\u00eda Gomez\"},\"url\":\"https:\/\/www.fiscalia.gov.co\/colombia\/author\/agomez\/\"}]}<\/script>\n<!-- \/ Yoast SEO plugin. -->","yoast_head_json":{"title":"Fiscal\u00eda General de la Naci\u00f3n","description":"P\u00e1gina oficial de la Fiscal\u00eda General de la Naci\u00f3n \u2013 Colombia. Garantizamos el acceso efectivo a la justicia, la verdad y la reparaci\u00f3n de las v\u00edctimas de los delitos.","robots":{"index":"noindex","follow":"follow"},"og_locale":"es_ES","og_type":"article","og_title":"Fiscal\u00eda General de la Naci\u00f3n","og_description":"P\u00e1gina oficial de la Fiscal\u00eda General de la Naci\u00f3n \u2013 Colombia. Garantizamos el acceso efectivo a la justicia, la verdad y la reparaci\u00f3n de las v\u00edctimas de los delitos.","og_url":"https:\/\/www.fiscalia.gov.co\/colombia\/seguridad-territorial\/acusado-presunto-responsable-del-homicidio-de-un-joven-de-20-anos-en-caqueta\/","og_site_name":"Fiscal\u00eda General de la Naci\u00f3n","article_publisher":"https:\/\/www.facebook.com\/FiscaliaCol","article_published_time":"2021-04-21T21:33:27+00:00","author":"Ana Mar\u00eda Gomez","twitter_card":"summary_large_image","twitter_creator":"@FiscaliaCol","twitter_site":"@FiscaliaCol","twitter_misc":{"Escrito por":"Ana Mar\u00eda Gomez","Tiempo de lectura":"1 minuto"},"schema":{"@context":"https:\/\/schema.org","@graph":[{"@type":"Article","@id":"https:\/\/www.fiscalia.gov.co\/colombia\/seguridad-territorial\/acusado-presunto-responsable-del-homicidio-de-un-joven-de-20-anos-en-caqueta\/#article","isPartOf":{"@id":"https:\/\/www.fiscalia.gov.co\/colombia\/seguridad-territorial\/acusado-presunto-responsable-del-homicidio-de-un-joven-de-20-anos-en-caqueta\/"},"author":{"name":"Ana Mar\u00eda Gomez","@id":"https:\/\/www.fiscalia.gov.co\/colombia\/#\/schema\/person\/06aa2210fe4d79203f428ff671dee360"},"headline":"Acusado presunto responsable del homicidio de un joven de 20 a\u00f1os en Caquet\u00e1","datePublished":"2021-04-21T21:33:27+00:00","dateModified":"2021-04-21T21:33:27+00:00","mainEntityOfPage":{"@id":"https:\/\/www.fiscalia.gov.co\/colombia\/seguridad-territorial\/acusado-presunto-responsable-del-homicidio-de-un-joven-de-20-anos-en-caqueta\/"},"wordCount":231,"publisher":{"@id":"https:\/\/www.fiscalia.gov.co\/colombia\/#organization"},"keywords":["Caquet\u00e1","Delitos sexuales","Discusi\u00f3n","Fiscal\u00eda General de la Naci\u00f3n","Homicidio agravado","problemas personales","Puerto Rico","Seccional Caquet\u00e1."],"articleSection":["Seccional Florencia","Seccionales","Seguridad territorial"],"inLanguage":"es-CO"},{"@type":"WebPage","@id":"https:\/\/www.fiscalia.gov.co\/colombia\/seguridad-territorial\/acusado-presunto-responsable-del-homicidio-de-un-joven-de-20-anos-en-caqueta\/","url":"https:\/\/www.fiscalia.gov.co\/colombia\/seguridad-territorial\/acusado-presunto-responsable-del-homicidio-de-un-joven-de-20-anos-en-caqueta\/","name":"Fiscal\u00eda General de la Naci\u00f3n","isPartOf":{"@id":"https:\/\/www.fiscalia.gov.co\/colombia\/#website"},"datePublished":"2021-04-21T21:33:27+00:00","dateModified":"2021-04-21T21:33:27+00:00","description":"P\u00e1gina oficial de la Fiscal\u00eda General de la Naci\u00f3n \u2013 Colombia. Garantizamos el acceso efectivo a la justicia, la verdad y la reparaci\u00f3n de las v\u00edctimas de los delitos.","breadcrumb":{"@id":"https:\/\/www.fiscalia.gov.co\/colombia\/seguridad-territorial\/acusado-presunto-responsable-del-homicidio-de-un-joven-de-20-anos-en-caqueta\/#breadcrumb"},"inLanguage":"es-CO","potentialAction":[{"@type":"ReadAction","target":["https:\/\/www.fiscalia.gov.co\/colombia\/seguridad-territorial\/acusado-presunto-responsable-del-homicidio-de-un-joven-de-20-anos-en-caqueta\/"]}]},{"@type":"BreadcrumbList","@id":"https:\/\/www.fiscalia.gov.co\/colombia\/seguridad-territorial\/acusado-presunto-responsable-del-homicidio-de-un-joven-de-20-anos-en-caqueta\/#breadcrumb","itemListElement":[{"@type":"ListItem","position":1,"name":"Home","item":"https:\/\/www.fiscalia.gov.co\/colombia\/"},{"@type":"ListItem","position":2,"name":"Acusado presunto responsable del homicidio de un joven de 20 a\u00f1os en Caquet\u00e1"}]},{"@type":"WebSite","@id":"https:\/\/www.fiscalia.gov.co\/colombia\/#website","url":"https:\/\/www.fiscalia.gov.co\/colombia\/","name":"Fiscal\u00eda General de la Naci\u00f3n","description":"P\u00e1gina oficial de la Fiscal\u00eda General de la Naci\u00f3n \u2013 Colombia. Garantizamos el acceso efectivo a la justicia, la verdad y la reparaci\u00f3n de las v\u00edctimas de los delitos.","publisher":{"@id":"https:\/\/www.fiscalia.gov.co\/colombia\/#organization"},"potentialAction":[{"@type":"SearchAction","target":{"@type":"EntryPoint","urlTemplate":"https:\/\/www.fiscalia.gov.co\/colombia\/?s={search_term_string}"},"query-input":{"@type":"PropertyValueSpecification","valueRequired":true,"valueName":"search_term_string"}}],"inLanguage":"es-CO"},{"@type":"Organization","@id":"https:\/\/www.fiscalia.gov.co\/colombia\/#organization","name":"Fiscal\u00eda General de la Naci\u00f3n","url":"https:\/\/www.fiscalia.gov.co\/colombia\/","logo":{"@type":"ImageObject","inLanguage":"es-CO","@id":"https:\/\/www.fiscalia.gov.co\/colombia\/#\/schema\/logo\/image\/","url":"https:\/\/www.fiscalia.gov.co\/colombia\/wp-content\/uploads\/LogoHorizontal_1.jpg","contentUrl":"https:\/\/www.fiscalia.gov.co\/colombia\/wp-content\/uploads\/LogoHorizontal_1.jpg","width":300,"height":90,"caption":"Fiscal\u00eda General de la Naci\u00f3n"},"image":{"@id":"https:\/\/www.fiscalia.gov.co\/colombia\/#\/schema\/logo\/image\/"},"sameAs":["https:\/\/www.facebook.com\/FiscaliaCol","https:\/\/x.com\/FiscaliaCol","https:\/\/www.instagram.com\/fiscaliacol","https:\/\/www.linkedin.com\/company\/fiscalia-general-de-la-naci-n\/","https:\/\/youtube.com\/@fiscaliageneraldelanacion-4668?si=6nN79nyQICPU5iTh"]},{"@type":"Person","@id":"https:\/\/www.fiscalia.gov.co\/colombia\/#\/schema\/person\/06aa2210fe4d79203f428ff671dee360","name":"Ana Mar\u00eda Gomez","image":{"@type":"ImageObject","inLanguage":"es-CO","@id":"https:\/\/www.fiscalia.gov.co\/colombia\/#\/schema\/person\/image\/","url":"https:\/\/secure.gravatar.com\/avatar\/a38115d98a7f8a96cbb96af2b2c37a0b?s=96&d=mm&r=g","contentUrl":"https:\/\/secure.gravatar.com\/avatar\/a38115d98a7f8a96cbb96af2b2c37a0b?s=96&d=mm&r=g","caption":"Ana Mar\u00eda Gomez"},"url":"https:\/\/www.fiscalia.gov.co\/colombia\/author\/agomez\/"}]}},"_links":{"self":[{"href":"https:\/\/www.fiscalia.gov.co\/colombia\/wp-json\/wp\/v2\/posts\/218333","targetHints":{"allow":["GET"]}}],"collection":[{"href":"https:\/\/www.fiscalia.gov.co\/colombia\/wp-json\/wp\/v2\/posts"}],"about":[{"href":"https:\/\/www.fiscalia.gov.co\/colombia\/wp-json\/wp\/v2\/types\/post"}],"author":[{"embeddable":true,"href":"https:\/\/www.fiscalia.gov.co\/colombia\/wp-json\/wp\/v2\/users\/171"}],"replies":[{"embeddable":true,"href":"https:\/\/www.fiscalia.gov.co\/colombia\/wp-json\/wp\/v2\/comments?post=218333"}],"version-history":[{"count":1,"href":"https:\/\/www.fiscalia.gov.co\/colombia\/wp-json\/wp\/v2\/posts\/218333\/revisions"}],"predecessor-version":[{"id":218334,"href":"https:\/\/www.fiscalia.gov.co\/colombia\/wp-json\/wp\/v2\/posts\/218333\/revisions\/218334"}],"wp:attachment":[{"href":"https:\/\/www.fiscalia.gov.co\/colombia\/wp-json\/wp\/v2\/media?parent=218333"}],"wp:term":[{"taxonomy":"category","embeddable":true,"href":"https:\/\/www.fiscalia.gov.co\/colombia\/wp-json\/wp\/v2\/categories?post=218333"},{"taxonomy":"post_tag","embeddable":true,"href":"https:\/\/www.fiscalia.gov.co\/colombia\/wp-json\/wp\/v2\/tags?post=218333"}],"curies":[{"name":"wp","href":"https:\/\/api.w.org\/{rel}","templated":true}]}}