{"id":218271,"date":"2021-04-21T09:41:31","date_gmt":"2021-04-21T14:41:31","guid":{"rendered":"https:\/\/www.fiscalia.gov.co\/colombia\/?p=218271"},"modified":"2021-04-28T16:28:35","modified_gmt":"2021-04-28T21:28:35","slug":"carcel-para-presuntos-integrantes-del-grupo-delincuencial-los-tierreros-involucrado-13-hechos-delictivos-en-el-norte-del-valle-del-cauca","status":"publish","type":"post","link":"https:\/\/www.fiscalia.gov.co\/colombia\/seguridad-territorial\/carcel-para-presuntos-integrantes-del-grupo-delincuencial-los-tierreros-involucrado-13-hechos-delictivos-en-el-norte-del-valle-del-cauca\/","title":{"rendered":"C\u00e1rcel para presuntos integrantes del grupo delincuencial Los Tierreros involucrado 13 hechos delictivos en el Norte del Valle del Cauca"},"content":{"rendered":"<div dir=\"ltr\">\n<blockquote>\n<h4 class=\"x_x_MsoNormal\" style=\"text-align: left;\" align=\"center\"><strong><span lang=\"ES\"><i>La Fiscal\u00eda logr\u00f3 esclarecer 5 homicidios y 8 tentativas de homicidio, ocurridos en los a\u00f1os 2020 y 2021.<\/i><\/span><\/strong><\/h4>\n<\/blockquote>\n<p class=\"x_x_MsoNormal\"><span lang=\"ES\">Al acoger la solicitud de la\u00a0<\/span><span lang=\"ES\"><b>Fiscal\u00eda General de la Naci\u00f3n<\/b><\/span><span lang=\"ES\">, un juez de control de garant\u00edas envi\u00f3 a la c\u00e1rcel a 6 presuntos integrantes del grupo delictivo Los Tierreros, por los\u00a0<\/span><span lang=\"ES\">delitos de homicidio agravado; homicidio agravado tentado; tr\u00e1fico, fabricaci\u00f3n o porte de estupefacientes; fabricaci\u00f3n, tr\u00e1fico y porte de armas de fuego; concierto para delinquir y uso de menores para la comisi\u00f3n de il\u00edcitos.<\/span><\/p>\n<figure id=\"attachment_218272\" aria-describedby=\"caption-attachment-218272\" style=\"width: 1000px\" class=\"wp-caption aligncenter\"><img loading=\"lazy\" decoding=\"async\" class=\"size-full wp-image-218272\" src=\"https:\/\/www.fiscalia.gov.co\/colombia\/wp-content\/uploads\/Con-detenci\u00f3n-intramural-fueron-cobijados-seis-presuntos-integrantes-de-Los-Tierreros.-Otras-dos-personas-capturadas-en-flagrancias-fueron-enviadas-a-la-c\u00e1rcel..jpg\" alt=\"\" width=\"1000\" height=\"803\" srcset=\"https:\/\/www.fiscalia.gov.co\/colombia\/wp-content\/uploads\/Con-detenci\u00f3n-intramural-fueron-cobijados-seis-presuntos-integrantes-de-Los-Tierreros.-Otras-dos-personas-capturadas-en-flagrancias-fueron-enviadas-a-la-c\u00e1rcel..jpg 1000w, https:\/\/www.fiscalia.gov.co\/colombia\/wp-content\/uploads\/Con-detenci\u00f3n-intramural-fueron-cobijados-seis-presuntos-integrantes-de-Los-Tierreros.-Otras-dos-personas-capturadas-en-flagrancias-fueron-enviadas-a-la-c\u00e1rcel.-300x241.jpg 300w, https:\/\/www.fiscalia.gov.co\/colombia\/wp-content\/uploads\/Con-detenci\u00f3n-intramural-fueron-cobijados-seis-presuntos-integrantes-de-Los-Tierreros.-Otras-dos-personas-capturadas-en-flagrancias-fueron-enviadas-a-la-c\u00e1rcel.-768x617.jpg 768w, https:\/\/www.fiscalia.gov.co\/colombia\/wp-content\/uploads\/Con-detenci\u00f3n-intramural-fueron-cobijados-seis-presuntos-integrantes-de-Los-Tierreros.-Otras-dos-personas-capturadas-en-flagrancias-fueron-enviadas-a-la-c\u00e1rcel.-696x559.jpg 696w, https:\/\/www.fiscalia.gov.co\/colombia\/wp-content\/uploads\/Con-detenci\u00f3n-intramural-fueron-cobijados-seis-presuntos-integrantes-de-Los-Tierreros.-Otras-dos-personas-capturadas-en-flagrancias-fueron-enviadas-a-la-c\u00e1rcel.-523x420.jpg 523w\" sizes=\"auto, (max-width: 1000px) 100vw, 1000px\" \/><figcaption id=\"caption-attachment-218272\" class=\"wp-caption-text\">Capturados 6 presuntos integrantes del grupo delictivo Los Tierreros.<\/figcaption><\/figure>\n<p class=\"x_x_MsoNormal\"><span lang=\"ES\">Otras dos personas que fueron capturadas en flagrancia con sustancias estupefacientes, deber\u00e1n cumplir la misma medida.<\/span><\/p>\n<p><span lang=\"ES\">Las labores investigativas le permitieron establecer a\u00a0la Fiscal\u00eda que Los Tierreros ejerc\u00edan su accionar delictivo en los municipios de Zarzal, Toro, La Victoria y La Uni\u00f3n en el Norte del (Valle del Cauca); al tiempo que utilizaban menores de edad para la comisi\u00f3n de il\u00edcitos.<\/span><\/p>\n<p><span lang=\"ES\">Con la captura de estas personas,\u00a0el ente acusador\u00a0esclareci\u00f3\u00a05 homicidios y 8 tentativas de homicidio, ocurridos entre el 2020 y lo que va del 2021. Asimismo, se logr\u00f3 evitar 14 homicidios que al parecer tendr\u00edan planeados.<\/span><\/p>\n<p><span lang=\"ES\">A este grupo delictivo, la Fiscal\u00eda le endilga los homicidios de las siguientes personas:<\/span><\/p>\n<ul>\n<li><span lang=\"ES\">Luis Antonio Cuadros Devia, hecho ocurrido el 29 de abril del 2020, en Zarzal.<\/span><\/li>\n<li>Jos\u00e9 Jholfan Hern\u00e1ndez Bocanegra, hecho ocurrido el 28 de mayo del 2020, en La Victoria.<\/li>\n<li>Jos\u00e9 Arley Usuga Pel\u00e1ez, hecho ocurrido el 5 de junio del 2020, en La Uni\u00f3n.<\/li>\n<li>Juan Manuel Candelo Valbuena, hecho ocurrido el 3 de septiembre del 2020, en Zarzal.<\/li>\n<li>Bernardo Andr\u00e9s Casta\u00f1eda Pinilla, hecho ocurrido el 14 de abril del a\u00f1o 2021, en Zarzal.<\/li>\n<\/ul>\n<p><span lang=\"ES\">Asimismo, habr\u00edan participado en la tentativa de homicidio de otras 8 personas.<\/span><\/p>\n<p><span lang=\"ES\">Durante cinco diligencias de registro y allanamiento, ordenadas por un fiscal especializado de la Seccional Valle del Cauca, el CTI y la Sij\u00edn, capturaron con orden judicial a: M\u00f3nica Mar\u00eda Gonz\u00e1lez Guevarra, alias Monica; Anderson Cano Ospina, alias Gordo; Leidy Yanids Pastrana Rivas, alias La Negra o Leidy; \u00c1nderson Daniel Gonz\u00e1lez Guevara, alias Richard o La R; Alexandra Ram\u00edrez Arboleda, alias Nikita; y Juan Sebasti\u00e1n Palacio Zorrilla, alias Juancho<\/span><\/p>\n<p><span lang=\"ES\">Una s\u00e9ptima persona, que se encuentra privada de la libertad por otros delitos, ser\u00e1 notificada para imputaci\u00f3n de cargos y solicitud de medida de aseguramiento en los pr\u00f3ximos d\u00edas.<\/span><\/p>\n<p><span lang=\"ES\">Asimismo, fueron capturados en flagrancia con estupefacientes y portando armas de fuego, Julio C\u00e9sar Cardona Vargas y Yeison Fabi\u00e1n Andrade Mazuera.\u00a0<\/span><\/p>\n<p><span lang=\"ES\">En el operativo las autoridades incautaron 700 gramos de marihuana, 26 bolsas peque\u00f1as que conten\u00edan coca\u00edna, 3 envolturas de marihuana, una pistola 9 mm artesanal con proveedor,\u00a0as\u00ed como\u00a0un veh\u00edculo de servicio p\u00fablico.<\/span><\/p>\n<p>MAP\/SMLR\/MG<\/p>\n<\/div>\n<div dir=\"ltr\"><\/div>\n<div dir=\"ltr\"><i>La informaci\u00f3n contenida en este bolet\u00edn de prensa corresponde a la narraci\u00f3n de los hechos noticiosos objetivos, suministrados por los funcionarios encargados de adelantar las investigaciones penales al interior de la Fiscal\u00eda General de la Naci\u00f3n. Para el momento de la divulgaci\u00f3n de este comunicado, la situaci\u00f3n jur\u00eddica de la(s) persona(s) relacionada(s) se encuentra pendiente de resolver por la autoridad judicial competente, siempre bajo los preceptos de la presunci\u00f3n de inocencia, consagrados en el art\u00edculo 29 de la Constituci\u00f3n Pol\u00edtica y el art\u00edculo 7\u00ba de la Ley 906 de 2004.<\/i><\/div>\n\n<div class=\"twitter-share\"><a href=\"https:\/\/twitter.com\/intent\/tweet?via=fiscaliacol\" class=\"twitter-share-button\">Tweet<\/a><\/div>\n","protected":false},"excerpt":{"rendered":"<p>La Fiscal\u00eda logr\u00f3 esclarecer 5 homicidios y 8 tentativas de homicidio, ocurridos en los a\u00f1os 2020 y 2021. Al acoger la solicitud de la\u00a0Fiscal\u00eda General de la Naci\u00f3n, un juez de control de garant\u00edas envi\u00f3 a la c\u00e1rcel a 6 presuntos integrantes del grupo delictivo Los Tierreros, por los\u00a0delitos de homicidio agravado; homicidio agravado tentado; [&hellip;]<\/p>\n","protected":false},"author":171,"featured_media":0,"comment_status":"closed","ping_status":"open","sticky":false,"template":"","format":"video","meta":{"_price":"","_stock":"","_tribe_ticket_header":"","_tribe_default_ticket_provider":"","_tribe_ticket_capacity":"0","_ticket_start_date":"","_ticket_end_date":"","_tribe_ticket_show_description":"","_tribe_ticket_show_not_going":false,"_tribe_ticket_use_global_stock":"","_tribe_ticket_global_stock_level":"","_global_stock_mode":"","_global_stock_cap":"","_tribe_rsvp_for_event":"","_tribe_ticket_going_count":"","_tribe_ticket_not_going_count":"","_tribe_tickets_list":"[]","_tribe_ticket_has_attendee_info_fields":false,"tdm_status":"","tdm_grid_status":"","footnotes":""},"categories":[324,303,24099],"tags":[26305,8010,14550,24551,19,13616,25315,78,24187,7169,26667,3348,1264,1185,24549,26668],"class_list":{"0":"post-218271","1":"post","2":"type-post","3":"status-publish","4":"format-video","6":"category-seccional-cali","7":"category-seccionales","8":"category-seguridad-territorial","9":"tag-allanamiento-y-registro","10":"tag-capturados","11":"tag-carcel","12":"tag-centro-carcelario","13":"tag-cocaina","14":"tag-desarticulada","15":"tag-fabricacion-o-porte-de-estupefacientes-fabricacion","16":"tag-fiscal-general-de-la-nacion","17":"tag-fiscalia-colombia","18":"tag-flagrancia","19":"tag-homicidio-agravado-homicidio-agravado-tentado-trafico","20":"tag-incautacion","21":"tag-marihuana","22":"tag-medida-de-aseguramiento","23":"tag-orden-judicial","24":"tag-trafico-y-porte-de-armas-de-fuego-concierto-para-delinquir-uso-de-menores-de-edad-para-la-comision-de-delitos","25":"post_format-post-format-video"},"yoast_head":"<!-- This site is optimized with the Yoast SEO plugin v24.3 - https:\/\/yoast.com\/wordpress\/plugins\/seo\/ -->\n<title>Fiscal\u00eda General de la Naci\u00f3n<\/title>\n<meta name=\"description\" content=\"P\u00e1gina oficial de la Fiscal\u00eda General de la Naci\u00f3n \u2013 Colombia. Garantizamos el acceso efectivo a la justicia, la verdad y la reparaci\u00f3n de las v\u00edctimas de los delitos.\" \/>\n<meta name=\"robots\" content=\"noindex, follow\" \/>\n<meta property=\"og:locale\" content=\"es_ES\" \/>\n<meta property=\"og:type\" content=\"article\" \/>\n<meta property=\"og:title\" content=\"Fiscal\u00eda General de la Naci\u00f3n\" \/>\n<meta property=\"og:description\" content=\"P\u00e1gina oficial de la Fiscal\u00eda General de la Naci\u00f3n \u2013 Colombia. Garantizamos el acceso efectivo a la justicia, la verdad y la reparaci\u00f3n de las v\u00edctimas de los delitos.\" \/>\n<meta property=\"og:url\" content=\"https:\/\/www.fiscalia.gov.co\/colombia\/seguridad-territorial\/carcel-para-presuntos-integrantes-del-grupo-delincuencial-los-tierreros-involucrado-13-hechos-delictivos-en-el-norte-del-valle-del-cauca\/\" \/>\n<meta property=\"og:site_name\" content=\"Fiscal\u00eda General de la Naci\u00f3n\" \/>\n<meta property=\"article:publisher\" content=\"https:\/\/www.facebook.com\/FiscaliaCol\" \/>\n<meta property=\"article:published_time\" content=\"2021-04-21T14:41:31+00:00\" \/>\n<meta property=\"article:modified_time\" content=\"2021-04-28T21:28:35+00:00\" \/>\n<meta name=\"author\" content=\"Ana Mar\u00eda Gomez\" \/>\n<meta name=\"twitter:card\" content=\"summary_large_image\" \/>\n<meta name=\"twitter:creator\" content=\"@FiscaliaCol\" \/>\n<meta name=\"twitter:site\" content=\"@FiscaliaCol\" \/>\n<meta name=\"twitter:label1\" content=\"Escrito por\" \/>\n\t<meta name=\"twitter:data1\" content=\"Ana Mar\u00eda Gomez\" \/>\n\t<meta name=\"twitter:label2\" content=\"Tiempo de lectura\" \/>\n\t<meta name=\"twitter:data2\" content=\"3 minutos\" \/>\n<script type=\"application\/ld+json\" class=\"yoast-schema-graph\">{\"@context\":\"https:\/\/schema.org\",\"@graph\":[{\"@type\":\"Article\",\"@id\":\"https:\/\/www.fiscalia.gov.co\/colombia\/seguridad-territorial\/carcel-para-presuntos-integrantes-del-grupo-delincuencial-los-tierreros-involucrado-13-hechos-delictivos-en-el-norte-del-valle-del-cauca\/#article\",\"isPartOf\":{\"@id\":\"https:\/\/www.fiscalia.gov.co\/colombia\/seguridad-territorial\/carcel-para-presuntos-integrantes-del-grupo-delincuencial-los-tierreros-involucrado-13-hechos-delictivos-en-el-norte-del-valle-del-cauca\/\"},\"author\":{\"name\":\"Ana Mar\u00eda Gomez\",\"@id\":\"https:\/\/www.fiscalia.gov.co\/colombia\/#\/schema\/person\/06aa2210fe4d79203f428ff671dee360\"},\"headline\":\"C\u00e1rcel para presuntos integrantes del grupo delincuencial Los Tierreros involucrado 13 hechos delictivos en el Norte del Valle del Cauca\",\"datePublished\":\"2021-04-21T14:41:31+00:00\",\"dateModified\":\"2021-04-28T21:28:35+00:00\",\"mainEntityOfPage\":{\"@id\":\"https:\/\/www.fiscalia.gov.co\/colombia\/seguridad-territorial\/carcel-para-presuntos-integrantes-del-grupo-delincuencial-los-tierreros-involucrado-13-hechos-delictivos-en-el-norte-del-valle-del-cauca\/\"},\"wordCount\":595,\"publisher\":{\"@id\":\"https:\/\/www.fiscalia.gov.co\/colombia\/#organization\"},\"keywords\":[\"allanamiento y registro\",\"Capturados\",\"C\u00e1rcel\",\"centro carcelario\",\"Coca\u00edna\",\"Desarticulada\",\"fabricaci\u00f3n o porte de estupefacientes; fabricaci\u00f3n\",\"Fiscal General de la Naci\u00f3n\",\"Fiscal\u00eda Colombia\",\"Flagrancia\",\"homicidio agravado; homicidio agravado tentado; tr\u00e1fico\",\"Incautaci\u00f3n\",\"Marihuana\",\"Medida de aseguramiento\",\"orden judicial\",\"tr\u00e1fico y porte de armas de fuego; concierto para delinquir; uso de menores de edad para la comisi\u00f3n de delitos\"],\"articleSection\":[\"Seccional Cali\",\"Seccionales\",\"Seguridad territorial\"],\"inLanguage\":\"es-CO\"},{\"@type\":\"WebPage\",\"@id\":\"https:\/\/www.fiscalia.gov.co\/colombia\/seguridad-territorial\/carcel-para-presuntos-integrantes-del-grupo-delincuencial-los-tierreros-involucrado-13-hechos-delictivos-en-el-norte-del-valle-del-cauca\/\",\"url\":\"https:\/\/www.fiscalia.gov.co\/colombia\/seguridad-territorial\/carcel-para-presuntos-integrantes-del-grupo-delincuencial-los-tierreros-involucrado-13-hechos-delictivos-en-el-norte-del-valle-del-cauca\/\",\"name\":\"Fiscal\u00eda General de la Naci\u00f3n\",\"isPartOf\":{\"@id\":\"https:\/\/www.fiscalia.gov.co\/colombia\/#website\"},\"datePublished\":\"2021-04-21T14:41:31+00:00\",\"dateModified\":\"2021-04-28T21:28:35+00:00\",\"description\":\"P\u00e1gina oficial de la Fiscal\u00eda General de la Naci\u00f3n \u2013 Colombia. Garantizamos el acceso efectivo a la justicia, la verdad y la reparaci\u00f3n de las v\u00edctimas de los delitos.\",\"breadcrumb\":{\"@id\":\"https:\/\/www.fiscalia.gov.co\/colombia\/seguridad-territorial\/carcel-para-presuntos-integrantes-del-grupo-delincuencial-los-tierreros-involucrado-13-hechos-delictivos-en-el-norte-del-valle-del-cauca\/#breadcrumb\"},\"inLanguage\":\"es-CO\",\"potentialAction\":[{\"@type\":\"ReadAction\",\"target\":[\"https:\/\/www.fiscalia.gov.co\/colombia\/seguridad-territorial\/carcel-para-presuntos-integrantes-del-grupo-delincuencial-los-tierreros-involucrado-13-hechos-delictivos-en-el-norte-del-valle-del-cauca\/\"]}]},{\"@type\":\"BreadcrumbList\",\"@id\":\"https:\/\/www.fiscalia.gov.co\/colombia\/seguridad-territorial\/carcel-para-presuntos-integrantes-del-grupo-delincuencial-los-tierreros-involucrado-13-hechos-delictivos-en-el-norte-del-valle-del-cauca\/#breadcrumb\",\"itemListElement\":[{\"@type\":\"ListItem\",\"position\":1,\"name\":\"Home\",\"item\":\"https:\/\/www.fiscalia.gov.co\/colombia\/\"},{\"@type\":\"ListItem\",\"position\":2,\"name\":\"C\u00e1rcel para presuntos integrantes del grupo delincuencial Los Tierreros involucrado 13 hechos delictivos en el Norte del Valle del Cauca\"}]},{\"@type\":\"WebSite\",\"@id\":\"https:\/\/www.fiscalia.gov.co\/colombia\/#website\",\"url\":\"https:\/\/www.fiscalia.gov.co\/colombia\/\",\"name\":\"Fiscal\u00eda General de la Naci\u00f3n\",\"description\":\"P\u00e1gina oficial de la Fiscal\u00eda General de la Naci\u00f3n \u2013 Colombia. Garantizamos el acceso efectivo a la justicia, la verdad y la reparaci\u00f3n de las v\u00edctimas de los delitos.\",\"publisher\":{\"@id\":\"https:\/\/www.fiscalia.gov.co\/colombia\/#organization\"},\"potentialAction\":[{\"@type\":\"SearchAction\",\"target\":{\"@type\":\"EntryPoint\",\"urlTemplate\":\"https:\/\/www.fiscalia.gov.co\/colombia\/?s={search_term_string}\"},\"query-input\":{\"@type\":\"PropertyValueSpecification\",\"valueRequired\":true,\"valueName\":\"search_term_string\"}}],\"inLanguage\":\"es-CO\"},{\"@type\":\"Organization\",\"@id\":\"https:\/\/www.fiscalia.gov.co\/colombia\/#organization\",\"name\":\"Fiscal\u00eda General de la Naci\u00f3n\",\"url\":\"https:\/\/www.fiscalia.gov.co\/colombia\/\",\"logo\":{\"@type\":\"ImageObject\",\"inLanguage\":\"es-CO\",\"@id\":\"https:\/\/www.fiscalia.gov.co\/colombia\/#\/schema\/logo\/image\/\",\"url\":\"https:\/\/www.fiscalia.gov.co\/colombia\/wp-content\/uploads\/LogoHorizontal_1.jpg\",\"contentUrl\":\"https:\/\/www.fiscalia.gov.co\/colombia\/wp-content\/uploads\/LogoHorizontal_1.jpg\",\"width\":300,\"height\":90,\"caption\":\"Fiscal\u00eda General de la Naci\u00f3n\"},\"image\":{\"@id\":\"https:\/\/www.fiscalia.gov.co\/colombia\/#\/schema\/logo\/image\/\"},\"sameAs\":[\"https:\/\/www.facebook.com\/FiscaliaCol\",\"https:\/\/x.com\/FiscaliaCol\",\"https:\/\/www.instagram.com\/fiscaliacol\",\"https:\/\/www.linkedin.com\/company\/fiscalia-general-de-la-naci-n\/\",\"https:\/\/youtube.com\/@fiscaliageneraldelanacion-4668?si=6nN79nyQICPU5iTh\"]},{\"@type\":\"Person\",\"@id\":\"https:\/\/www.fiscalia.gov.co\/colombia\/#\/schema\/person\/06aa2210fe4d79203f428ff671dee360\",\"name\":\"Ana Mar\u00eda Gomez\",\"image\":{\"@type\":\"ImageObject\",\"inLanguage\":\"es-CO\",\"@id\":\"https:\/\/www.fiscalia.gov.co\/colombia\/#\/schema\/person\/image\/\",\"url\":\"https:\/\/secure.gravatar.com\/avatar\/a38115d98a7f8a96cbb96af2b2c37a0b?s=96&d=mm&r=g\",\"contentUrl\":\"https:\/\/secure.gravatar.com\/avatar\/a38115d98a7f8a96cbb96af2b2c37a0b?s=96&d=mm&r=g\",\"caption\":\"Ana Mar\u00eda Gomez\"},\"url\":\"https:\/\/www.fiscalia.gov.co\/colombia\/author\/agomez\/\"}]}<\/script>\n<!-- \/ Yoast SEO plugin. -->","yoast_head_json":{"title":"Fiscal\u00eda General de la Naci\u00f3n","description":"P\u00e1gina oficial de la Fiscal\u00eda General de la Naci\u00f3n \u2013 Colombia. Garantizamos el acceso efectivo a la justicia, la verdad y la reparaci\u00f3n de las v\u00edctimas de los delitos.","robots":{"index":"noindex","follow":"follow"},"og_locale":"es_ES","og_type":"article","og_title":"Fiscal\u00eda General de la Naci\u00f3n","og_description":"P\u00e1gina oficial de la Fiscal\u00eda General de la Naci\u00f3n \u2013 Colombia. Garantizamos el acceso efectivo a la justicia, la verdad y la reparaci\u00f3n de las v\u00edctimas de los delitos.","og_url":"https:\/\/www.fiscalia.gov.co\/colombia\/seguridad-territorial\/carcel-para-presuntos-integrantes-del-grupo-delincuencial-los-tierreros-involucrado-13-hechos-delictivos-en-el-norte-del-valle-del-cauca\/","og_site_name":"Fiscal\u00eda General de la Naci\u00f3n","article_publisher":"https:\/\/www.facebook.com\/FiscaliaCol","article_published_time":"2021-04-21T14:41:31+00:00","article_modified_time":"2021-04-28T21:28:35+00:00","author":"Ana Mar\u00eda Gomez","twitter_card":"summary_large_image","twitter_creator":"@FiscaliaCol","twitter_site":"@FiscaliaCol","twitter_misc":{"Escrito por":"Ana Mar\u00eda Gomez","Tiempo de lectura":"3 minutos"},"schema":{"@context":"https:\/\/schema.org","@graph":[{"@type":"Article","@id":"https:\/\/www.fiscalia.gov.co\/colombia\/seguridad-territorial\/carcel-para-presuntos-integrantes-del-grupo-delincuencial-los-tierreros-involucrado-13-hechos-delictivos-en-el-norte-del-valle-del-cauca\/#article","isPartOf":{"@id":"https:\/\/www.fiscalia.gov.co\/colombia\/seguridad-territorial\/carcel-para-presuntos-integrantes-del-grupo-delincuencial-los-tierreros-involucrado-13-hechos-delictivos-en-el-norte-del-valle-del-cauca\/"},"author":{"name":"Ana Mar\u00eda Gomez","@id":"https:\/\/www.fiscalia.gov.co\/colombia\/#\/schema\/person\/06aa2210fe4d79203f428ff671dee360"},"headline":"C\u00e1rcel para presuntos integrantes del grupo delincuencial Los Tierreros involucrado 13 hechos delictivos en el Norte del Valle del Cauca","datePublished":"2021-04-21T14:41:31+00:00","dateModified":"2021-04-28T21:28:35+00:00","mainEntityOfPage":{"@id":"https:\/\/www.fiscalia.gov.co\/colombia\/seguridad-territorial\/carcel-para-presuntos-integrantes-del-grupo-delincuencial-los-tierreros-involucrado-13-hechos-delictivos-en-el-norte-del-valle-del-cauca\/"},"wordCount":595,"publisher":{"@id":"https:\/\/www.fiscalia.gov.co\/colombia\/#organization"},"keywords":["allanamiento y registro","Capturados","C\u00e1rcel","centro carcelario","Coca\u00edna","Desarticulada","fabricaci\u00f3n o porte de estupefacientes; fabricaci\u00f3n","Fiscal General de la Naci\u00f3n","Fiscal\u00eda Colombia","Flagrancia","homicidio agravado; homicidio agravado tentado; tr\u00e1fico","Incautaci\u00f3n","Marihuana","Medida de aseguramiento","orden judicial","tr\u00e1fico y porte de armas de fuego; concierto para delinquir; uso de menores de edad para la comisi\u00f3n de delitos"],"articleSection":["Seccional Cali","Seccionales","Seguridad territorial"],"inLanguage":"es-CO"},{"@type":"WebPage","@id":"https:\/\/www.fiscalia.gov.co\/colombia\/seguridad-territorial\/carcel-para-presuntos-integrantes-del-grupo-delincuencial-los-tierreros-involucrado-13-hechos-delictivos-en-el-norte-del-valle-del-cauca\/","url":"https:\/\/www.fiscalia.gov.co\/colombia\/seguridad-territorial\/carcel-para-presuntos-integrantes-del-grupo-delincuencial-los-tierreros-involucrado-13-hechos-delictivos-en-el-norte-del-valle-del-cauca\/","name":"Fiscal\u00eda General de la Naci\u00f3n","isPartOf":{"@id":"https:\/\/www.fiscalia.gov.co\/colombia\/#website"},"datePublished":"2021-04-21T14:41:31+00:00","dateModified":"2021-04-28T21:28:35+00:00","description":"P\u00e1gina oficial de la Fiscal\u00eda General de la Naci\u00f3n \u2013 Colombia. Garantizamos el acceso efectivo a la justicia, la verdad y la reparaci\u00f3n de las v\u00edctimas de los delitos.","breadcrumb":{"@id":"https:\/\/www.fiscalia.gov.co\/colombia\/seguridad-territorial\/carcel-para-presuntos-integrantes-del-grupo-delincuencial-los-tierreros-involucrado-13-hechos-delictivos-en-el-norte-del-valle-del-cauca\/#breadcrumb"},"inLanguage":"es-CO","potentialAction":[{"@type":"ReadAction","target":["https:\/\/www.fiscalia.gov.co\/colombia\/seguridad-territorial\/carcel-para-presuntos-integrantes-del-grupo-delincuencial-los-tierreros-involucrado-13-hechos-delictivos-en-el-norte-del-valle-del-cauca\/"]}]},{"@type":"BreadcrumbList","@id":"https:\/\/www.fiscalia.gov.co\/colombia\/seguridad-territorial\/carcel-para-presuntos-integrantes-del-grupo-delincuencial-los-tierreros-involucrado-13-hechos-delictivos-en-el-norte-del-valle-del-cauca\/#breadcrumb","itemListElement":[{"@type":"ListItem","position":1,"name":"Home","item":"https:\/\/www.fiscalia.gov.co\/colombia\/"},{"@type":"ListItem","position":2,"name":"C\u00e1rcel para presuntos integrantes del grupo delincuencial Los Tierreros involucrado 13 hechos delictivos en el Norte del Valle del Cauca"}]},{"@type":"WebSite","@id":"https:\/\/www.fiscalia.gov.co\/colombia\/#website","url":"https:\/\/www.fiscalia.gov.co\/colombia\/","name":"Fiscal\u00eda General de la Naci\u00f3n","description":"P\u00e1gina oficial de la Fiscal\u00eda General de la Naci\u00f3n \u2013 Colombia. Garantizamos el acceso efectivo a la justicia, la verdad y la reparaci\u00f3n de las v\u00edctimas de los delitos.","publisher":{"@id":"https:\/\/www.fiscalia.gov.co\/colombia\/#organization"},"potentialAction":[{"@type":"SearchAction","target":{"@type":"EntryPoint","urlTemplate":"https:\/\/www.fiscalia.gov.co\/colombia\/?s={search_term_string}"},"query-input":{"@type":"PropertyValueSpecification","valueRequired":true,"valueName":"search_term_string"}}],"inLanguage":"es-CO"},{"@type":"Organization","@id":"https:\/\/www.fiscalia.gov.co\/colombia\/#organization","name":"Fiscal\u00eda General de la Naci\u00f3n","url":"https:\/\/www.fiscalia.gov.co\/colombia\/","logo":{"@type":"ImageObject","inLanguage":"es-CO","@id":"https:\/\/www.fiscalia.gov.co\/colombia\/#\/schema\/logo\/image\/","url":"https:\/\/www.fiscalia.gov.co\/colombia\/wp-content\/uploads\/LogoHorizontal_1.jpg","contentUrl":"https:\/\/www.fiscalia.gov.co\/colombia\/wp-content\/uploads\/LogoHorizontal_1.jpg","width":300,"height":90,"caption":"Fiscal\u00eda General de la Naci\u00f3n"},"image":{"@id":"https:\/\/www.fiscalia.gov.co\/colombia\/#\/schema\/logo\/image\/"},"sameAs":["https:\/\/www.facebook.com\/FiscaliaCol","https:\/\/x.com\/FiscaliaCol","https:\/\/www.instagram.com\/fiscaliacol","https:\/\/www.linkedin.com\/company\/fiscalia-general-de-la-naci-n\/","https:\/\/youtube.com\/@fiscaliageneraldelanacion-4668?si=6nN79nyQICPU5iTh"]},{"@type":"Person","@id":"https:\/\/www.fiscalia.gov.co\/colombia\/#\/schema\/person\/06aa2210fe4d79203f428ff671dee360","name":"Ana Mar\u00eda Gomez","image":{"@type":"ImageObject","inLanguage":"es-CO","@id":"https:\/\/www.fiscalia.gov.co\/colombia\/#\/schema\/person\/image\/","url":"https:\/\/secure.gravatar.com\/avatar\/a38115d98a7f8a96cbb96af2b2c37a0b?s=96&d=mm&r=g","contentUrl":"https:\/\/secure.gravatar.com\/avatar\/a38115d98a7f8a96cbb96af2b2c37a0b?s=96&d=mm&r=g","caption":"Ana Mar\u00eda Gomez"},"url":"https:\/\/www.fiscalia.gov.co\/colombia\/author\/agomez\/"}]}},"_links":{"self":[{"href":"https:\/\/www.fiscalia.gov.co\/colombia\/wp-json\/wp\/v2\/posts\/218271","targetHints":{"allow":["GET"]}}],"collection":[{"href":"https:\/\/www.fiscalia.gov.co\/colombia\/wp-json\/wp\/v2\/posts"}],"about":[{"href":"https:\/\/www.fiscalia.gov.co\/colombia\/wp-json\/wp\/v2\/types\/post"}],"author":[{"embeddable":true,"href":"https:\/\/www.fiscalia.gov.co\/colombia\/wp-json\/wp\/v2\/users\/171"}],"replies":[{"embeddable":true,"href":"https:\/\/www.fiscalia.gov.co\/colombia\/wp-json\/wp\/v2\/comments?post=218271"}],"version-history":[{"count":2,"href":"https:\/\/www.fiscalia.gov.co\/colombia\/wp-json\/wp\/v2\/posts\/218271\/revisions"}],"predecessor-version":[{"id":218391,"href":"https:\/\/www.fiscalia.gov.co\/colombia\/wp-json\/wp\/v2\/posts\/218271\/revisions\/218391"}],"wp:attachment":[{"href":"https:\/\/www.fiscalia.gov.co\/colombia\/wp-json\/wp\/v2\/media?parent=218271"}],"wp:term":[{"taxonomy":"category","embeddable":true,"href":"https:\/\/www.fiscalia.gov.co\/colombia\/wp-json\/wp\/v2\/categories?post=218271"},{"taxonomy":"post_tag","embeddable":true,"href":"https:\/\/www.fiscalia.gov.co\/colombia\/wp-json\/wp\/v2\/tags?post=218271"}],"curies":[{"name":"wp","href":"https:\/\/api.w.org\/{rel}","templated":true}]}}