{"id":218246,"date":"2021-04-20T17:08:44","date_gmt":"2021-04-20T22:08:44","guid":{"rendered":"https:\/\/www.fiscalia.gov.co\/colombia\/?p=218246"},"modified":"2021-04-28T16:21:19","modified_gmt":"2021-04-28T21:21:19","slug":"a-la-carcel-dos-hombres-que-al-parecer-intentaron-abusar-sexualmente-de-una-mujer-y-habrian-asesinado-a-su-pareja-en-un-intento-de-hurto","status":"publish","type":"post","link":"https:\/\/www.fiscalia.gov.co\/colombia\/seguridad-territorial\/a-la-carcel-dos-hombres-que-al-parecer-intentaron-abusar-sexualmente-de-una-mujer-y-habrian-asesinado-a-su-pareja-en-un-intento-de-hurto\/","title":{"rendered":"A la c\u00e1rcel dos hombres que al parecer intentaron abusar sexualmente de una mujer y habr\u00edan asesinado a su pareja en un intento de hurto"},"content":{"rendered":"<div>\n<div>\n<p class=\"x_MsoNormal\"><span lang=\"ES\">Por solicitud de la Fiscal\u00eda General de la Naci\u00f3n, el juez 97 penal municipal de Cali, con funciones de control de garant\u00edas, impuso medida de aseguramiento en centro carcelario contra Jhojan Fernando Perea Casta\u00f1o y Jhonelger Joel Leal Alvarado, por su presunta responsabilidad en los delitos de\u00a0<b>homicidio agravado\u00a0<\/b>(por la sevicia y el estado de indefensi\u00f3n de la v\u00edctma),\u00a0<\/span><span lang=\"ES-TRAD\"><a href=\"https:\/\/www.fiscalia.gov.co\/colombia\/seccionales\/asegurado-por-secuestro-simple-y-hurto-de-tres-ciclomontanistas\/\" target=\"_blank\" rel=\"noopener noreferrer\"><span lang=\"ES\">secuestro simple<\/span><\/a><\/span><span lang=\"ES\">,\u00a0<b>hurto calificado en grado de tentativa<\/b>\u00a0y\u00a0<\/span><span lang=\"ES-TRAD\"><a href=\"https:\/\/www.fiscalia.gov.co\/colombia\/seccionales\/a-la-carcel-hombre-que-habria-cometido-actos-sexuales-abusivos-contra-dos-menores-de-edad-en-cali\/\" target=\"_blank\" rel=\"noopener noreferrer\"><span lang=\"ES\">actos sexuales abusivos<\/span><\/a><\/span><span lang=\"ES\">.\u00a0<\/span><\/p>\n<p><img loading=\"lazy\" decoding=\"async\" class=\"alignleft wp-image-218247\" src=\"https:\/\/www.fiscalia.gov.co\/colombia\/wp-content\/uploads\/WhatsApp-Image-2021-04-20-at-4.42.07-PM.jpeg\" alt=\"\" width=\"350\" height=\"393\" srcset=\"https:\/\/www.fiscalia.gov.co\/colombia\/wp-content\/uploads\/WhatsApp-Image-2021-04-20-at-4.42.07-PM.jpeg 431w, https:\/\/www.fiscalia.gov.co\/colombia\/wp-content\/uploads\/WhatsApp-Image-2021-04-20-at-4.42.07-PM-267x300.jpeg 267w, https:\/\/www.fiscalia.gov.co\/colombia\/wp-content\/uploads\/WhatsApp-Image-2021-04-20-at-4.42.07-PM-374x420.jpeg 374w\" sizes=\"auto, (max-width: 350px) 100vw, 350px\" \/><\/p>\n<p class=\"x_MsoNormal\"><span lang=\"ES\">Los investigados habr\u00edan participado en los hechos ocurridos el pasado 18 de abril en el cerro de Las Tres Cruces, occidente de la capital vallecaucana, donde en compa\u00f1\u00eda de otra persona, supuestamente con armas blancas y una pistola traum\u00e1tica abordaron a una pareja que sub\u00eda trotando por un sendero. \u00a0<\/span><\/p>\n<p class=\"x_MsoNormal\"><span lang=\"ES\">De acuerdo con la investigaci\u00f3n, en el sector Los Tanques, los deportistas fueron intimidados con las armas para que entregaran dinero y sus tel\u00e9fonos celulares; sin embargo, las v\u00edctimas no portaban ninguna pertenencia. Ante la situaci\u00f3n, los presuntos asaltantes al parecer trataron de abusar sexualmente de la mujer. \u00a0<\/span><span lang=\"ES\">\u00a0<\/span><\/p>\n<p class=\"x_MsoNormal\"><span lang=\"ES\">Seg\u00fan el material probatorio recaudado, el novio de la v\u00edctima, identificado como Felipe Tob\u00f3n S\u00e1nchez, fue atacado por los hombres, quienes con arma blanca y un elemento contundente le provocaron lesiones que desencadenaron en su muerte.\u00a0<\/span><\/p>\n<p class=\"x_MsoNormal\"><span lang=\"ES\">Algunos ciclomonta\u00f1istas alertaron sobre el hecho a una patrulla que realizaba labores de control y vigilancia en la v\u00eda que conduce al corregimiento de Montebello, en inmediaciones del cerro Las Tres Cruces, y unidades del Grupo de Operaciones Especiales (Goes) ascendieron al sitio, donde fue hallado el cuerpo del deportista, atado de pies y manos, y con m\u00faltiples heridas.\u00a0<\/span><\/p>\n<p class=\"x_MsoNormal\"><span lang=\"ES\">Otros deportistas lograron interceptar a Jhonelger Joel Leal, a quien durante la requisa por parte de las autoridades le fueron halladas una pistola traum\u00e1tica y un arma blanca con manchas de sangre.\u00a0<\/span><span lang=\"ES\">\u00a0<\/span><\/p>\n<p class=\"x_MsoNormal\"><span lang=\"ES\">Entretanto, para evitar la fuga de Jhojan Perea Casta\u00f1o, un helic\u00f3ptero de la Polic\u00eda se\u00f1al\u00f3 la ubicaci\u00f3n de presunto implicado, mientras que las unidades en tierra llegaban al punto donde lo encontraron acostado entre unos matorrales y con un machete.\u00a0<\/span><\/p>\n<p class=\"x_MsoNormal\"><span lang=\"ES\">Varias personas se\u00f1alaron al hombre como el presunto agresor de Tob\u00f3n S\u00e1nchez, quien era jugador de la Liga Colombiana de Hockey.\u00a0<\/span><\/p>\n<p class=\"x_MsoNormal\"><span lang=\"ES\">Al t\u00e9rmino de la audiencia de imputaci\u00f3n ninguno de los investigados acept\u00f3 su responsabilidad en los hechos. \u00a0<\/span><\/p>\n<p class=\"x_MsoNormal\"><span lang=\"ES\">En las pr\u00f3ximas horas, Perea Casta\u00f1o y Leal Alvarado ser\u00e1n trasladados a la c\u00e1rcel de Villahermosa.\u00a0<\/span><\/p>\n<p class=\"x_MsoNormal\"><span lang=\"ES\">\u00a0<\/span><b><span lang=\"ES\">La Fiscal\u00eda habla con resultados.<\/span><\/b><b><span lang=\"ES\">\u00a0<\/span><\/b><\/p>\n<p class=\"x_MsoNormal\">JGPV\/DR\/DLBM\/MRC\/LOG.<\/p>\n<\/div>\n<div id=\"x_Signature\">\n<div>\n<p><i><span lang=\"ES\">La informaci\u00f3n contenida en este bolet\u00edn de prensa corresponde a la narraci\u00f3n de los hechos noticiosos objetivos, suministrados por los funcionarios encargados de adelantar las investigaciones penales al interior de la Fiscal\u00eda General de la Naci\u00f3n. Para el momento de la divulgaci\u00f3n de este comunicado, la situaci\u00f3n jur\u00eddica de la(s) persona(s) relacionada(s) se encuentra pendiente de resolver por la autoridad judicial competente, siempre bajo los preceptos de la presunci\u00f3n de inocencia, consagrados en el art\u00edculo 29 de la Constituci\u00f3n Pol\u00edtica y el art\u00edculo 7\u00ba de la Ley 906 de 2004.<\/span><\/i>\u00a0\u00a0\u00a0<span lang=\"ES\">\u00a0\u00a0\u00a0<\/span><\/p>\n<\/div>\n<\/div>\n<\/div>\n<div>\n<div dir=\"ltr\">\n<div>\n<p>Le puede interesar:\u00a0<a href=\"https:\/\/www.fiscalia.gov.co\/colombia\/seguridad-ciudadana\/asegurado-presunto-integrante-de-la-banda-los-espartanos-por-homicidio-agravado\/\" target=\"_blank\" rel=\"noopener noreferrer\">Asegurado presunto integrante de la banda Los Espartanos por homicidio agravado\u00a0<\/a><\/p>\n<\/div>\n<\/div>\n<\/div>\n\n<div class=\"twitter-share\"><a href=\"https:\/\/twitter.com\/intent\/tweet?via=fiscaliacol\" class=\"twitter-share-button\">Tweet<\/a><\/div>\n","protected":false},"excerpt":{"rendered":"<p>Por solicitud de la Fiscal\u00eda General de la Naci\u00f3n, el juez 97 penal municipal de Cali, con funciones de control de garant\u00edas, impuso medida de aseguramiento en centro carcelario contra Jhojan Fernando Perea Casta\u00f1o y Jhonelger Joel Leal Alvarado, por su presunta responsabilidad en los delitos de\u00a0homicidio agravado\u00a0(por la sevicia y el estado de indefensi\u00f3n [&hellip;]<\/p>\n","protected":false},"author":171,"featured_media":0,"comment_status":"closed","ping_status":"open","sticky":false,"template":"","format":"video","meta":{"tdm_status":"","tdm_grid_status":"","footnotes":""},"categories":[324,303,24099],"tags":[10849,78,24481,1047,24182,2164],"class_list":{"0":"post-218246","1":"post","2":"type-post","3":"status-publish","4":"format-video","6":"category-seccional-cali","7":"category-seccionales","8":"category-seguridad-territorial","9":"tag-actos-sexuales-abusivos","10":"tag-fiscal-general-de-la-nacion","11":"tag-fiscalia-de-colombia","12":"tag-fiscalia-general-de-la-nacion","13":"tag-francisco-barbosa-delgado","14":"tag-secuestro-simple","15":"post_format-post-format-video"},"yoast_head":"<!-- This site is optimized with the Yoast SEO plugin v24.3 - https:\/\/yoast.com\/wordpress\/plugins\/seo\/ -->\n<title>Fiscal\u00eda General de la Naci\u00f3n<\/title>\n<meta name=\"description\" content=\"P\u00e1gina oficial de la Fiscal\u00eda General de la Naci\u00f3n \u2013 Colombia. Garantizamos el acceso efectivo a la justicia, la verdad y la reparaci\u00f3n de las v\u00edctimas de los delitos.\" \/>\n<meta name=\"robots\" content=\"noindex, follow\" \/>\n<meta property=\"og:locale\" content=\"es_ES\" \/>\n<meta property=\"og:type\" content=\"article\" \/>\n<meta property=\"og:title\" content=\"Fiscal\u00eda General de la Naci\u00f3n\" \/>\n<meta property=\"og:description\" content=\"P\u00e1gina oficial de la Fiscal\u00eda General de la Naci\u00f3n \u2013 Colombia. Garantizamos el acceso efectivo a la justicia, la verdad y la reparaci\u00f3n de las v\u00edctimas de los delitos.\" \/>\n<meta property=\"og:url\" content=\"https:\/\/www.fiscalia.gov.co\/colombia\/seguridad-territorial\/a-la-carcel-dos-hombres-que-al-parecer-intentaron-abusar-sexualmente-de-una-mujer-y-habrian-asesinado-a-su-pareja-en-un-intento-de-hurto\/\" \/>\n<meta property=\"og:site_name\" content=\"Fiscal\u00eda General de la Naci\u00f3n\" \/>\n<meta property=\"article:publisher\" content=\"https:\/\/www.facebook.com\/FiscaliaCol\" \/>\n<meta property=\"article:published_time\" content=\"2021-04-20T22:08:44+00:00\" \/>\n<meta property=\"article:modified_time\" content=\"2021-04-28T21:21:19+00:00\" \/>\n<meta property=\"og:image\" content=\"https:\/\/www.fiscalia.gov.co\/colombia\/wp-content\/uploads\/WhatsApp-Image-2021-04-20-at-4.42.07-PM.jpeg\" \/>\n<meta name=\"author\" content=\"Ana Mar\u00eda Gomez\" \/>\n<meta name=\"twitter:card\" content=\"summary_large_image\" \/>\n<meta name=\"twitter:creator\" content=\"@FiscaliaCol\" \/>\n<meta name=\"twitter:site\" content=\"@FiscaliaCol\" \/>\n<meta name=\"twitter:label1\" content=\"Escrito por\" \/>\n\t<meta name=\"twitter:data1\" content=\"Ana Mar\u00eda Gomez\" \/>\n\t<meta name=\"twitter:label2\" content=\"Tiempo de lectura\" \/>\n\t<meta name=\"twitter:data2\" content=\"3 minutos\" \/>\n<script type=\"application\/ld+json\" class=\"yoast-schema-graph\">{\"@context\":\"https:\/\/schema.org\",\"@graph\":[{\"@type\":\"Article\",\"@id\":\"https:\/\/www.fiscalia.gov.co\/colombia\/seguridad-territorial\/a-la-carcel-dos-hombres-que-al-parecer-intentaron-abusar-sexualmente-de-una-mujer-y-habrian-asesinado-a-su-pareja-en-un-intento-de-hurto\/#article\",\"isPartOf\":{\"@id\":\"https:\/\/www.fiscalia.gov.co\/colombia\/seguridad-territorial\/a-la-carcel-dos-hombres-que-al-parecer-intentaron-abusar-sexualmente-de-una-mujer-y-habrian-asesinado-a-su-pareja-en-un-intento-de-hurto\/\"},\"author\":{\"name\":\"Ana Mar\u00eda Gomez\",\"@id\":\"https:\/\/www.fiscalia.gov.co\/colombia\/#\/schema\/person\/06aa2210fe4d79203f428ff671dee360\"},\"headline\":\"A la c\u00e1rcel dos hombres que al parecer intentaron abusar sexualmente de una mujer y habr\u00edan asesinado a su pareja en un intento de hurto\",\"datePublished\":\"2021-04-20T22:08:44+00:00\",\"dateModified\":\"2021-04-28T21:21:19+00:00\",\"mainEntityOfPage\":{\"@id\":\"https:\/\/www.fiscalia.gov.co\/colombia\/seguridad-territorial\/a-la-carcel-dos-hombres-que-al-parecer-intentaron-abusar-sexualmente-de-una-mujer-y-habrian-asesinado-a-su-pareja-en-un-intento-de-hurto\/\"},\"wordCount\":578,\"publisher\":{\"@id\":\"https:\/\/www.fiscalia.gov.co\/colombia\/#organization\"},\"image\":{\"@id\":\"https:\/\/www.fiscalia.gov.co\/colombia\/seguridad-territorial\/a-la-carcel-dos-hombres-que-al-parecer-intentaron-abusar-sexualmente-de-una-mujer-y-habrian-asesinado-a-su-pareja-en-un-intento-de-hurto\/#primaryimage\"},\"thumbnailUrl\":\"https:\/\/www.fiscalia.gov.co\/colombia\/wp-content\/uploads\/WhatsApp-Image-2021-04-20-at-4.42.07-PM.jpeg\",\"keywords\":[\"Actos sexuales abusivos\",\"Fiscal General de la Naci\u00f3n\",\"Fiscal\u00eda de Colombia\",\"Fiscal\u00eda General de la Naci\u00f3n\",\"Francisco Barbosa Delgado\",\"Secuestro simple\"],\"articleSection\":[\"Seccional Cali\",\"Seccionales\",\"Seguridad territorial\"],\"inLanguage\":\"es-CO\"},{\"@type\":\"WebPage\",\"@id\":\"https:\/\/www.fiscalia.gov.co\/colombia\/seguridad-territorial\/a-la-carcel-dos-hombres-que-al-parecer-intentaron-abusar-sexualmente-de-una-mujer-y-habrian-asesinado-a-su-pareja-en-un-intento-de-hurto\/\",\"url\":\"https:\/\/www.fiscalia.gov.co\/colombia\/seguridad-territorial\/a-la-carcel-dos-hombres-que-al-parecer-intentaron-abusar-sexualmente-de-una-mujer-y-habrian-asesinado-a-su-pareja-en-un-intento-de-hurto\/\",\"name\":\"Fiscal\u00eda General de la Naci\u00f3n\",\"isPartOf\":{\"@id\":\"https:\/\/www.fiscalia.gov.co\/colombia\/#website\"},\"primaryImageOfPage\":{\"@id\":\"https:\/\/www.fiscalia.gov.co\/colombia\/seguridad-territorial\/a-la-carcel-dos-hombres-que-al-parecer-intentaron-abusar-sexualmente-de-una-mujer-y-habrian-asesinado-a-su-pareja-en-un-intento-de-hurto\/#primaryimage\"},\"image\":{\"@id\":\"https:\/\/www.fiscalia.gov.co\/colombia\/seguridad-territorial\/a-la-carcel-dos-hombres-que-al-parecer-intentaron-abusar-sexualmente-de-una-mujer-y-habrian-asesinado-a-su-pareja-en-un-intento-de-hurto\/#primaryimage\"},\"thumbnailUrl\":\"https:\/\/www.fiscalia.gov.co\/colombia\/wp-content\/uploads\/WhatsApp-Image-2021-04-20-at-4.42.07-PM.jpeg\",\"datePublished\":\"2021-04-20T22:08:44+00:00\",\"dateModified\":\"2021-04-28T21:21:19+00:00\",\"description\":\"P\u00e1gina oficial de la Fiscal\u00eda General de la Naci\u00f3n \u2013 Colombia. Garantizamos el acceso efectivo a la justicia, la verdad y la reparaci\u00f3n de las v\u00edctimas de los delitos.\",\"breadcrumb\":{\"@id\":\"https:\/\/www.fiscalia.gov.co\/colombia\/seguridad-territorial\/a-la-carcel-dos-hombres-que-al-parecer-intentaron-abusar-sexualmente-de-una-mujer-y-habrian-asesinado-a-su-pareja-en-un-intento-de-hurto\/#breadcrumb\"},\"inLanguage\":\"es-CO\",\"potentialAction\":[{\"@type\":\"ReadAction\",\"target\":[\"https:\/\/www.fiscalia.gov.co\/colombia\/seguridad-territorial\/a-la-carcel-dos-hombres-que-al-parecer-intentaron-abusar-sexualmente-de-una-mujer-y-habrian-asesinado-a-su-pareja-en-un-intento-de-hurto\/\"]}]},{\"@type\":\"ImageObject\",\"inLanguage\":\"es-CO\",\"@id\":\"https:\/\/www.fiscalia.gov.co\/colombia\/seguridad-territorial\/a-la-carcel-dos-hombres-que-al-parecer-intentaron-abusar-sexualmente-de-una-mujer-y-habrian-asesinado-a-su-pareja-en-un-intento-de-hurto\/#primaryimage\",\"url\":\"https:\/\/www.fiscalia.gov.co\/colombia\/wp-content\/uploads\/WhatsApp-Image-2021-04-20-at-4.42.07-PM.jpeg\",\"contentUrl\":\"https:\/\/www.fiscalia.gov.co\/colombia\/wp-content\/uploads\/WhatsApp-Image-2021-04-20-at-4.42.07-PM.jpeg\",\"width\":431,\"height\":484},{\"@type\":\"BreadcrumbList\",\"@id\":\"https:\/\/www.fiscalia.gov.co\/colombia\/seguridad-territorial\/a-la-carcel-dos-hombres-que-al-parecer-intentaron-abusar-sexualmente-de-una-mujer-y-habrian-asesinado-a-su-pareja-en-un-intento-de-hurto\/#breadcrumb\",\"itemListElement\":[{\"@type\":\"ListItem\",\"position\":1,\"name\":\"Home\",\"item\":\"https:\/\/www.fiscalia.gov.co\/colombia\/\"},{\"@type\":\"ListItem\",\"position\":2,\"name\":\"A la c\u00e1rcel dos hombres que al parecer intentaron abusar sexualmente de una mujer y habr\u00edan asesinado a su pareja en un intento de hurto\"}]},{\"@type\":\"WebSite\",\"@id\":\"https:\/\/www.fiscalia.gov.co\/colombia\/#website\",\"url\":\"https:\/\/www.fiscalia.gov.co\/colombia\/\",\"name\":\"Fiscal\u00eda General de la Naci\u00f3n\",\"description\":\"P\u00e1gina oficial de la Fiscal\u00eda General de la Naci\u00f3n \u2013 Colombia. Garantizamos el acceso efectivo a la justicia, la verdad y la reparaci\u00f3n de las v\u00edctimas de los delitos.\",\"publisher\":{\"@id\":\"https:\/\/www.fiscalia.gov.co\/colombia\/#organization\"},\"potentialAction\":[{\"@type\":\"SearchAction\",\"target\":{\"@type\":\"EntryPoint\",\"urlTemplate\":\"https:\/\/www.fiscalia.gov.co\/colombia\/?s={search_term_string}\"},\"query-input\":{\"@type\":\"PropertyValueSpecification\",\"valueRequired\":true,\"valueName\":\"search_term_string\"}}],\"inLanguage\":\"es-CO\"},{\"@type\":\"Organization\",\"@id\":\"https:\/\/www.fiscalia.gov.co\/colombia\/#organization\",\"name\":\"Fiscal\u00eda General de la Naci\u00f3n\",\"url\":\"https:\/\/www.fiscalia.gov.co\/colombia\/\",\"logo\":{\"@type\":\"ImageObject\",\"inLanguage\":\"es-CO\",\"@id\":\"https:\/\/www.fiscalia.gov.co\/colombia\/#\/schema\/logo\/image\/\",\"url\":\"https:\/\/www.fiscalia.gov.co\/colombia\/wp-content\/uploads\/LogoHorizontal_1.jpg\",\"contentUrl\":\"https:\/\/www.fiscalia.gov.co\/colombia\/wp-content\/uploads\/LogoHorizontal_1.jpg\",\"width\":300,\"height\":90,\"caption\":\"Fiscal\u00eda General de la Naci\u00f3n\"},\"image\":{\"@id\":\"https:\/\/www.fiscalia.gov.co\/colombia\/#\/schema\/logo\/image\/\"},\"sameAs\":[\"https:\/\/www.facebook.com\/FiscaliaCol\",\"https:\/\/x.com\/FiscaliaCol\",\"https:\/\/www.instagram.com\/fiscaliacol\",\"https:\/\/www.linkedin.com\/company\/fiscalia-general-de-la-naci-n\/\",\"https:\/\/youtube.com\/@fiscaliageneraldelanacion-4668?si=6nN79nyQICPU5iTh\"]},{\"@type\":\"Person\",\"@id\":\"https:\/\/www.fiscalia.gov.co\/colombia\/#\/schema\/person\/06aa2210fe4d79203f428ff671dee360\",\"name\":\"Ana Mar\u00eda Gomez\",\"image\":{\"@type\":\"ImageObject\",\"inLanguage\":\"es-CO\",\"@id\":\"https:\/\/www.fiscalia.gov.co\/colombia\/#\/schema\/person\/image\/\",\"url\":\"https:\/\/secure.gravatar.com\/avatar\/a38115d98a7f8a96cbb96af2b2c37a0b?s=96&d=mm&r=g\",\"contentUrl\":\"https:\/\/secure.gravatar.com\/avatar\/a38115d98a7f8a96cbb96af2b2c37a0b?s=96&d=mm&r=g\",\"caption\":\"Ana Mar\u00eda Gomez\"},\"url\":\"https:\/\/www.fiscalia.gov.co\/colombia\/author\/agomez\/\"}]}<\/script>\n<!-- \/ Yoast SEO plugin. -->","yoast_head_json":{"title":"Fiscal\u00eda General de la Naci\u00f3n","description":"P\u00e1gina oficial de la Fiscal\u00eda General de la Naci\u00f3n \u2013 Colombia. Garantizamos el acceso efectivo a la justicia, la verdad y la reparaci\u00f3n de las v\u00edctimas de los delitos.","robots":{"index":"noindex","follow":"follow"},"og_locale":"es_ES","og_type":"article","og_title":"Fiscal\u00eda General de la Naci\u00f3n","og_description":"P\u00e1gina oficial de la Fiscal\u00eda General de la Naci\u00f3n \u2013 Colombia. Garantizamos el acceso efectivo a la justicia, la verdad y la reparaci\u00f3n de las v\u00edctimas de los delitos.","og_url":"https:\/\/www.fiscalia.gov.co\/colombia\/seguridad-territorial\/a-la-carcel-dos-hombres-que-al-parecer-intentaron-abusar-sexualmente-de-una-mujer-y-habrian-asesinado-a-su-pareja-en-un-intento-de-hurto\/","og_site_name":"Fiscal\u00eda General de la Naci\u00f3n","article_publisher":"https:\/\/www.facebook.com\/FiscaliaCol","article_published_time":"2021-04-20T22:08:44+00:00","article_modified_time":"2021-04-28T21:21:19+00:00","og_image":[{"url":"https:\/\/www.fiscalia.gov.co\/colombia\/wp-content\/uploads\/WhatsApp-Image-2021-04-20-at-4.42.07-PM.jpeg","type":"","width":"","height":""}],"author":"Ana Mar\u00eda Gomez","twitter_card":"summary_large_image","twitter_creator":"@FiscaliaCol","twitter_site":"@FiscaliaCol","twitter_misc":{"Escrito por":"Ana Mar\u00eda Gomez","Tiempo de lectura":"3 minutos"},"schema":{"@context":"https:\/\/schema.org","@graph":[{"@type":"Article","@id":"https:\/\/www.fiscalia.gov.co\/colombia\/seguridad-territorial\/a-la-carcel-dos-hombres-que-al-parecer-intentaron-abusar-sexualmente-de-una-mujer-y-habrian-asesinado-a-su-pareja-en-un-intento-de-hurto\/#article","isPartOf":{"@id":"https:\/\/www.fiscalia.gov.co\/colombia\/seguridad-territorial\/a-la-carcel-dos-hombres-que-al-parecer-intentaron-abusar-sexualmente-de-una-mujer-y-habrian-asesinado-a-su-pareja-en-un-intento-de-hurto\/"},"author":{"name":"Ana Mar\u00eda Gomez","@id":"https:\/\/www.fiscalia.gov.co\/colombia\/#\/schema\/person\/06aa2210fe4d79203f428ff671dee360"},"headline":"A la c\u00e1rcel dos hombres que al parecer intentaron abusar sexualmente de una mujer y habr\u00edan asesinado a su pareja en un intento de hurto","datePublished":"2021-04-20T22:08:44+00:00","dateModified":"2021-04-28T21:21:19+00:00","mainEntityOfPage":{"@id":"https:\/\/www.fiscalia.gov.co\/colombia\/seguridad-territorial\/a-la-carcel-dos-hombres-que-al-parecer-intentaron-abusar-sexualmente-de-una-mujer-y-habrian-asesinado-a-su-pareja-en-un-intento-de-hurto\/"},"wordCount":578,"publisher":{"@id":"https:\/\/www.fiscalia.gov.co\/colombia\/#organization"},"image":{"@id":"https:\/\/www.fiscalia.gov.co\/colombia\/seguridad-territorial\/a-la-carcel-dos-hombres-que-al-parecer-intentaron-abusar-sexualmente-de-una-mujer-y-habrian-asesinado-a-su-pareja-en-un-intento-de-hurto\/#primaryimage"},"thumbnailUrl":"https:\/\/www.fiscalia.gov.co\/colombia\/wp-content\/uploads\/WhatsApp-Image-2021-04-20-at-4.42.07-PM.jpeg","keywords":["Actos sexuales abusivos","Fiscal General de la Naci\u00f3n","Fiscal\u00eda de Colombia","Fiscal\u00eda General de la Naci\u00f3n","Francisco Barbosa Delgado","Secuestro simple"],"articleSection":["Seccional Cali","Seccionales","Seguridad territorial"],"inLanguage":"es-CO"},{"@type":"WebPage","@id":"https:\/\/www.fiscalia.gov.co\/colombia\/seguridad-territorial\/a-la-carcel-dos-hombres-que-al-parecer-intentaron-abusar-sexualmente-de-una-mujer-y-habrian-asesinado-a-su-pareja-en-un-intento-de-hurto\/","url":"https:\/\/www.fiscalia.gov.co\/colombia\/seguridad-territorial\/a-la-carcel-dos-hombres-que-al-parecer-intentaron-abusar-sexualmente-de-una-mujer-y-habrian-asesinado-a-su-pareja-en-un-intento-de-hurto\/","name":"Fiscal\u00eda General de la Naci\u00f3n","isPartOf":{"@id":"https:\/\/www.fiscalia.gov.co\/colombia\/#website"},"primaryImageOfPage":{"@id":"https:\/\/www.fiscalia.gov.co\/colombia\/seguridad-territorial\/a-la-carcel-dos-hombres-que-al-parecer-intentaron-abusar-sexualmente-de-una-mujer-y-habrian-asesinado-a-su-pareja-en-un-intento-de-hurto\/#primaryimage"},"image":{"@id":"https:\/\/www.fiscalia.gov.co\/colombia\/seguridad-territorial\/a-la-carcel-dos-hombres-que-al-parecer-intentaron-abusar-sexualmente-de-una-mujer-y-habrian-asesinado-a-su-pareja-en-un-intento-de-hurto\/#primaryimage"},"thumbnailUrl":"https:\/\/www.fiscalia.gov.co\/colombia\/wp-content\/uploads\/WhatsApp-Image-2021-04-20-at-4.42.07-PM.jpeg","datePublished":"2021-04-20T22:08:44+00:00","dateModified":"2021-04-28T21:21:19+00:00","description":"P\u00e1gina oficial de la Fiscal\u00eda General de la Naci\u00f3n \u2013 Colombia. Garantizamos el acceso efectivo a la justicia, la verdad y la reparaci\u00f3n de las v\u00edctimas de los delitos.","breadcrumb":{"@id":"https:\/\/www.fiscalia.gov.co\/colombia\/seguridad-territorial\/a-la-carcel-dos-hombres-que-al-parecer-intentaron-abusar-sexualmente-de-una-mujer-y-habrian-asesinado-a-su-pareja-en-un-intento-de-hurto\/#breadcrumb"},"inLanguage":"es-CO","potentialAction":[{"@type":"ReadAction","target":["https:\/\/www.fiscalia.gov.co\/colombia\/seguridad-territorial\/a-la-carcel-dos-hombres-que-al-parecer-intentaron-abusar-sexualmente-de-una-mujer-y-habrian-asesinado-a-su-pareja-en-un-intento-de-hurto\/"]}]},{"@type":"ImageObject","inLanguage":"es-CO","@id":"https:\/\/www.fiscalia.gov.co\/colombia\/seguridad-territorial\/a-la-carcel-dos-hombres-que-al-parecer-intentaron-abusar-sexualmente-de-una-mujer-y-habrian-asesinado-a-su-pareja-en-un-intento-de-hurto\/#primaryimage","url":"https:\/\/www.fiscalia.gov.co\/colombia\/wp-content\/uploads\/WhatsApp-Image-2021-04-20-at-4.42.07-PM.jpeg","contentUrl":"https:\/\/www.fiscalia.gov.co\/colombia\/wp-content\/uploads\/WhatsApp-Image-2021-04-20-at-4.42.07-PM.jpeg","width":431,"height":484},{"@type":"BreadcrumbList","@id":"https:\/\/www.fiscalia.gov.co\/colombia\/seguridad-territorial\/a-la-carcel-dos-hombres-que-al-parecer-intentaron-abusar-sexualmente-de-una-mujer-y-habrian-asesinado-a-su-pareja-en-un-intento-de-hurto\/#breadcrumb","itemListElement":[{"@type":"ListItem","position":1,"name":"Home","item":"https:\/\/www.fiscalia.gov.co\/colombia\/"},{"@type":"ListItem","position":2,"name":"A la c\u00e1rcel dos hombres que al parecer intentaron abusar sexualmente de una mujer y habr\u00edan asesinado a su pareja en un intento de hurto"}]},{"@type":"WebSite","@id":"https:\/\/www.fiscalia.gov.co\/colombia\/#website","url":"https:\/\/www.fiscalia.gov.co\/colombia\/","name":"Fiscal\u00eda General de la Naci\u00f3n","description":"P\u00e1gina oficial de la Fiscal\u00eda General de la Naci\u00f3n \u2013 Colombia. Garantizamos el acceso efectivo a la justicia, la verdad y la reparaci\u00f3n de las v\u00edctimas de los delitos.","publisher":{"@id":"https:\/\/www.fiscalia.gov.co\/colombia\/#organization"},"potentialAction":[{"@type":"SearchAction","target":{"@type":"EntryPoint","urlTemplate":"https:\/\/www.fiscalia.gov.co\/colombia\/?s={search_term_string}"},"query-input":{"@type":"PropertyValueSpecification","valueRequired":true,"valueName":"search_term_string"}}],"inLanguage":"es-CO"},{"@type":"Organization","@id":"https:\/\/www.fiscalia.gov.co\/colombia\/#organization","name":"Fiscal\u00eda General de la Naci\u00f3n","url":"https:\/\/www.fiscalia.gov.co\/colombia\/","logo":{"@type":"ImageObject","inLanguage":"es-CO","@id":"https:\/\/www.fiscalia.gov.co\/colombia\/#\/schema\/logo\/image\/","url":"https:\/\/www.fiscalia.gov.co\/colombia\/wp-content\/uploads\/LogoHorizontal_1.jpg","contentUrl":"https:\/\/www.fiscalia.gov.co\/colombia\/wp-content\/uploads\/LogoHorizontal_1.jpg","width":300,"height":90,"caption":"Fiscal\u00eda General de la Naci\u00f3n"},"image":{"@id":"https:\/\/www.fiscalia.gov.co\/colombia\/#\/schema\/logo\/image\/"},"sameAs":["https:\/\/www.facebook.com\/FiscaliaCol","https:\/\/x.com\/FiscaliaCol","https:\/\/www.instagram.com\/fiscaliacol","https:\/\/www.linkedin.com\/company\/fiscalia-general-de-la-naci-n\/","https:\/\/youtube.com\/@fiscaliageneraldelanacion-4668?si=6nN79nyQICPU5iTh"]},{"@type":"Person","@id":"https:\/\/www.fiscalia.gov.co\/colombia\/#\/schema\/person\/06aa2210fe4d79203f428ff671dee360","name":"Ana Mar\u00eda Gomez","image":{"@type":"ImageObject","inLanguage":"es-CO","@id":"https:\/\/www.fiscalia.gov.co\/colombia\/#\/schema\/person\/image\/","url":"https:\/\/secure.gravatar.com\/avatar\/a38115d98a7f8a96cbb96af2b2c37a0b?s=96&d=mm&r=g","contentUrl":"https:\/\/secure.gravatar.com\/avatar\/a38115d98a7f8a96cbb96af2b2c37a0b?s=96&d=mm&r=g","caption":"Ana Mar\u00eda Gomez"},"url":"https:\/\/www.fiscalia.gov.co\/colombia\/author\/agomez\/"}]}},"_links":{"self":[{"href":"https:\/\/www.fiscalia.gov.co\/colombia\/wp-json\/wp\/v2\/posts\/218246","targetHints":{"allow":["GET"]}}],"collection":[{"href":"https:\/\/www.fiscalia.gov.co\/colombia\/wp-json\/wp\/v2\/posts"}],"about":[{"href":"https:\/\/www.fiscalia.gov.co\/colombia\/wp-json\/wp\/v2\/types\/post"}],"author":[{"embeddable":true,"href":"https:\/\/www.fiscalia.gov.co\/colombia\/wp-json\/wp\/v2\/users\/171"}],"replies":[{"embeddable":true,"href":"https:\/\/www.fiscalia.gov.co\/colombia\/wp-json\/wp\/v2\/comments?post=218246"}],"version-history":[{"count":1,"href":"https:\/\/www.fiscalia.gov.co\/colombia\/wp-json\/wp\/v2\/posts\/218246\/revisions"}],"predecessor-version":[{"id":218248,"href":"https:\/\/www.fiscalia.gov.co\/colombia\/wp-json\/wp\/v2\/posts\/218246\/revisions\/218248"}],"wp:attachment":[{"href":"https:\/\/www.fiscalia.gov.co\/colombia\/wp-json\/wp\/v2\/media?parent=218246"}],"wp:term":[{"taxonomy":"category","embeddable":true,"href":"https:\/\/www.fiscalia.gov.co\/colombia\/wp-json\/wp\/v2\/categories?post=218246"},{"taxonomy":"post_tag","embeddable":true,"href":"https:\/\/www.fiscalia.gov.co\/colombia\/wp-json\/wp\/v2\/tags?post=218246"}],"curies":[{"name":"wp","href":"https:\/\/api.w.org\/{rel}","templated":true}]}}