{"id":21823,"date":"2012-08-14T17:15:41","date_gmt":"2012-08-14T22:15:41","guid":{"rendered":"http:\/\/www.fiscalia.gov.co\/colombia\/?p=21823"},"modified":"2012-09-17T11:11:14","modified_gmt":"2012-09-17T16:11:14","slug":"fiscalia-ordena-libertad-del-exdiputado-sigifredo-lopez-al-hallar-inconsistencias-en-la-prueba","status":"publish","type":"post","link":"https:\/\/www.fiscalia.gov.co\/colombia\/noticias\/fiscalia-ordena-libertad-del-exdiputado-sigifredo-lopez-al-hallar-inconsistencias-en-la-prueba\/","title":{"rendered":"Fiscal\u00eda ordena libertad del exdiputado Sigifredo L\u00f3pez al hallar inconsistencias en la prueba"},"content":{"rendered":"[media url=&#8221;http:\/\/www.youtube.com\/watch?v=gP8AWxty6qM&amp;list=UU7bX69Qf2YKnHcKCA5kGKrw&amp;index=1&amp;feature=plcp&#8221; width=&#8221;512&#8243; height=&#8221;340&#8243; jwplayer=&#8221;controlbar=bottom&#8221;]\n<p>Tema: Rueda de prensa del Fiscal General de la Naci\u00f3n, Eduado Montealegre Lynett<br \/>\nFecha: 14 de agosto de 2012<br \/>\nLugar: Auditorio- Nivel Central Fical\u00eda General de la Naci\u00f3n, Bogot\u00e1 D.C<\/p>\n<p>El Fiscal General de la Naci\u00f3n, Eduardo Montealegre Lynett, inform\u00f3 que el ex diputado de Valle del Cauca Sigifredo L\u00f3pez Tob\u00f3n recibi\u00f3 la libertad inmediata, \u00a0despu\u00e9s de que se ordenara la revocatoria de la medida de aseguramiento que pesaba en su contra.<\/p>\n<p>El jefe del ente acusador manifest\u00f3 que: \u201cEsa medida de aseguramiento se fundament\u00e9 en la prueba de cuatro testigos, tres de ellos ex guerrilleros de las Farc y \u00a0del ELN, y otro testigo presencial de los hechos ocurridos en la Asamblea del Valle del Cauca. Con base en tales testimonios la Fiscal\u00eda decret\u00f3 esa medida de aseguramiento de detenci\u00f3n preventiva, como posible part\u00edcipe del secuestro de los diputados del Valle. Cuando se decret\u00f3 la medida de aseguramiento no hab\u00eda motivos para dudar de la veracidad de los cuatro testimonios\u201d.<\/p>\n<p>Montealegre Lynett se\u00f1al\u00f3 que se practicaron innumerables pruebas, \u201cverificamos todas las declaraciones de la prueba de cargo y con base en la prueba sobreviniente encontramos que las pruebas con base en las cuales se decret\u00f3 la medida de aseguramiento no tuvieron sustento alguno\u201d.<\/p>\n<p>Estas declaraciones no \u201ctuvieron sustento probatorio alguno. Por esa raz\u00f3n, de manera oficiosa, el fiscal Guerrero, que lleva el caso en la ciudad de Cali, decidi\u00f3 revocar de oficio la medida de aseguramiento y decretar la libertad inmediata e incondicional del ex diputado Sigifredo L\u00f3pez, agreg\u00f3 el Fiscal General.<\/p>\n<p>\u201cEn estas pruebas encontramos varias evidencias que favorecen indiscutiblemente al diputado Sigifredo L\u00f3pez. Dentro de ellas, quiero anotar que all\u00ed declararon tres personas que dijeron ser desmovilizados de las Farc y el ELN\u201d. Frente a la declaraci\u00f3n de uno que dijo ser desmovilizado de las Farc se encontr\u00f3 que las afirmaciones sobre un favorecimiento por haber presuntamente atendido a una subversiva en la casa de la familia L\u00f3pez no ten\u00edan fundamento.<\/p>\n<p>El Fiscal General tambi\u00e9n asever\u00f3 que las pruebas de oficio realizadas por la Fiscal\u00eda desvirtuaron las declaraciones sobre alguna llamada realizada por L\u00f3pez al expresidente Andr\u00e9s Pastrana y a un general de la Rep\u00fablica. Asimismo, afirm\u00f3 que la oposici\u00f3n de criterios de la prueba que analiz\u00f3 el FBI y que hizo la Polic\u00eda generaron esta determinaci\u00f3n porque \u201ctoda duda se resuelve en favor del imputado\u201d.<\/p>\n<p>Las declaraciones de dos personas que intervinieron en el secuestro de los diputados sirvieron para refutar las afirmaciones de los cuatro testigos que implicaron a Sigifredo L\u00f3pez, entre esos los de una mujer que dice haber sido guerrillera. Sobre ella, el Fiscal asegur\u00f3 que no ofrece alg\u00fan tipo de credibilidad pues se comprob\u00f3 que ha mentido en otros procesos.<\/p>\n<p>\u201cPor esta raz\u00f3n, como se han desvirtuado los cuatro testimonios que fundamentaban la medida de aseguramiento, se decret\u00f3 la libertad inmediata para Sigifredo L\u00f3pez\u201d, dijo Montealegre Lynett.<\/p>\n<p>Tambi\u00e9n explic\u00f3 Fiscal explic\u00f3 que: \u201cno hay m\u00e9rito para la detenci\u00f3n preventiva; pero el proceso debe continuar y hay que esperar a que el fiscal del caso determine que tipo de prueba debe decretar para saber el futuro de la investigaci\u00f3n\u201d, por eso, L\u00f3pez sigue vinculado al proceso.<\/p>\n<p>Por \u00faltimo, al referirse a los testigos, el Fiscal Montealegre Lynett inform\u00f3 que se orden\u00f3 la apertura de una investigaci\u00f3n por falso testimonio.<\/p>\n\n<div class=\"twitter-share\"><a href=\"https:\/\/twitter.com\/intent\/tweet?via=fiscaliacol\" class=\"twitter-share-button\">Tweet<\/a><\/div>\n","protected":false},"excerpt":{"rendered":"<p>El Fiscal General de la Naci\u00f3n, Eduardo Montealegre Lynett, inform\u00f3 que el ex diputado de Valle del Cauca Sigifredo L\u00f3pez Tob\u00f3n recibi\u00f3 la libertad inmediata<\/p>\n","protected":false},"author":143,"featured_media":0,"comment_status":"closed","ping_status":"closed","sticky":false,"template":"","format":"standard","meta":{"tdm_status":"","tdm_grid_status":"","footnotes":""},"categories":[1],"tags":[400,78],"class_list":["post-21823","post","type-post","status-publish","format-standard","category-noticias","tag-eduardo-montealegre-lynett","tag-fiscal-general-de-la-nacion"],"yoast_head":"<!-- This site is optimized with the Yoast SEO plugin v24.3 - https:\/\/yoast.com\/wordpress\/plugins\/seo\/ -->\n<title>Fiscal\u00eda General de la Naci\u00f3n<\/title>\n<meta name=\"description\" content=\"P\u00e1gina oficial de la Fiscal\u00eda General de la Naci\u00f3n \u2013 Colombia. Garantizamos el acceso efectivo a la justicia, la verdad y la reparaci\u00f3n de las v\u00edctimas de los delitos.\" \/>\n<meta name=\"robots\" content=\"noindex, follow\" \/>\n<meta property=\"og:locale\" content=\"es_ES\" \/>\n<meta property=\"og:type\" content=\"article\" \/>\n<meta property=\"og:title\" content=\"Fiscal\u00eda General de la Naci\u00f3n\" \/>\n<meta property=\"og:description\" content=\"P\u00e1gina oficial de la Fiscal\u00eda General de la Naci\u00f3n \u2013 Colombia. Garantizamos el acceso efectivo a la justicia, la verdad y la reparaci\u00f3n de las v\u00edctimas de los delitos.\" \/>\n<meta property=\"og:url\" content=\"https:\/\/www.fiscalia.gov.co\/colombia\/noticias\/fiscalia-ordena-libertad-del-exdiputado-sigifredo-lopez-al-hallar-inconsistencias-en-la-prueba\/\" \/>\n<meta property=\"og:site_name\" content=\"Fiscal\u00eda General de la Naci\u00f3n\" \/>\n<meta property=\"article:publisher\" content=\"https:\/\/www.facebook.com\/FiscaliaCol\" \/>\n<meta property=\"article:published_time\" content=\"2012-08-14T22:15:41+00:00\" \/>\n<meta property=\"article:modified_time\" content=\"2012-09-17T16:11:14+00:00\" \/>\n<meta name=\"author\" content=\"dfgordillo\" \/>\n<meta name=\"twitter:card\" content=\"summary_large_image\" \/>\n<meta name=\"twitter:creator\" content=\"@FiscaliaCol\" \/>\n<meta name=\"twitter:site\" content=\"@FiscaliaCol\" \/>\n<meta name=\"twitter:label1\" content=\"Escrito por\" \/>\n\t<meta name=\"twitter:data1\" content=\"dfgordillo\" \/>\n\t<meta name=\"twitter:label2\" content=\"Tiempo de lectura\" \/>\n\t<meta name=\"twitter:data2\" content=\"3 minutos\" \/>\n<script type=\"application\/ld+json\" class=\"yoast-schema-graph\">{\"@context\":\"https:\/\/schema.org\",\"@graph\":[{\"@type\":\"Article\",\"@id\":\"https:\/\/www.fiscalia.gov.co\/colombia\/noticias\/fiscalia-ordena-libertad-del-exdiputado-sigifredo-lopez-al-hallar-inconsistencias-en-la-prueba\/#article\",\"isPartOf\":{\"@id\":\"https:\/\/www.fiscalia.gov.co\/colombia\/noticias\/fiscalia-ordena-libertad-del-exdiputado-sigifredo-lopez-al-hallar-inconsistencias-en-la-prueba\/\"},\"author\":{\"name\":\"dfgordillo\",\"@id\":\"https:\/\/www.fiscalia.gov.co\/colombia\/#\/schema\/person\/3903856a3ce2d54b094c69eb29247895\"},\"headline\":\"Fiscal\u00eda ordena libertad del exdiputado Sigifredo L\u00f3pez al hallar inconsistencias en la prueba\",\"datePublished\":\"2012-08-14T22:15:41+00:00\",\"dateModified\":\"2012-09-17T16:11:14+00:00\",\"mainEntityOfPage\":{\"@id\":\"https:\/\/www.fiscalia.gov.co\/colombia\/noticias\/fiscalia-ordena-libertad-del-exdiputado-sigifredo-lopez-al-hallar-inconsistencias-en-la-prueba\/\"},\"wordCount\":624,\"publisher\":{\"@id\":\"https:\/\/www.fiscalia.gov.co\/colombia\/#organization\"},\"keywords\":[\"Eduardo Montealegre Lynett\",\"Fiscal General de la Naci\u00f3n\"],\"articleSection\":[\"Noticias\"],\"inLanguage\":\"es-CO\"},{\"@type\":\"WebPage\",\"@id\":\"https:\/\/www.fiscalia.gov.co\/colombia\/noticias\/fiscalia-ordena-libertad-del-exdiputado-sigifredo-lopez-al-hallar-inconsistencias-en-la-prueba\/\",\"url\":\"https:\/\/www.fiscalia.gov.co\/colombia\/noticias\/fiscalia-ordena-libertad-del-exdiputado-sigifredo-lopez-al-hallar-inconsistencias-en-la-prueba\/\",\"name\":\"Fiscal\u00eda General de la Naci\u00f3n\",\"isPartOf\":{\"@id\":\"https:\/\/www.fiscalia.gov.co\/colombia\/#website\"},\"datePublished\":\"2012-08-14T22:15:41+00:00\",\"dateModified\":\"2012-09-17T16:11:14+00:00\",\"description\":\"P\u00e1gina oficial de la Fiscal\u00eda General de la Naci\u00f3n \u2013 Colombia. Garantizamos el acceso efectivo a la justicia, la verdad y la reparaci\u00f3n de las v\u00edctimas de los delitos.\",\"breadcrumb\":{\"@id\":\"https:\/\/www.fiscalia.gov.co\/colombia\/noticias\/fiscalia-ordena-libertad-del-exdiputado-sigifredo-lopez-al-hallar-inconsistencias-en-la-prueba\/#breadcrumb\"},\"inLanguage\":\"es-CO\",\"potentialAction\":[{\"@type\":\"ReadAction\",\"target\":[\"https:\/\/www.fiscalia.gov.co\/colombia\/noticias\/fiscalia-ordena-libertad-del-exdiputado-sigifredo-lopez-al-hallar-inconsistencias-en-la-prueba\/\"]}]},{\"@type\":\"BreadcrumbList\",\"@id\":\"https:\/\/www.fiscalia.gov.co\/colombia\/noticias\/fiscalia-ordena-libertad-del-exdiputado-sigifredo-lopez-al-hallar-inconsistencias-en-la-prueba\/#breadcrumb\",\"itemListElement\":[{\"@type\":\"ListItem\",\"position\":1,\"name\":\"Home\",\"item\":\"https:\/\/www.fiscalia.gov.co\/colombia\/\"},{\"@type\":\"ListItem\",\"position\":2,\"name\":\"Fiscal\u00eda ordena libertad del exdiputado Sigifredo L\u00f3pez al hallar inconsistencias en la prueba\"}]},{\"@type\":\"WebSite\",\"@id\":\"https:\/\/www.fiscalia.gov.co\/colombia\/#website\",\"url\":\"https:\/\/www.fiscalia.gov.co\/colombia\/\",\"name\":\"Fiscal\u00eda General de la Naci\u00f3n\",\"description\":\"P\u00e1gina oficial de la Fiscal\u00eda General de la Naci\u00f3n \u2013 Colombia. Garantizamos el acceso efectivo a la justicia, la verdad y la reparaci\u00f3n de las v\u00edctimas de los delitos.\",\"publisher\":{\"@id\":\"https:\/\/www.fiscalia.gov.co\/colombia\/#organization\"},\"potentialAction\":[{\"@type\":\"SearchAction\",\"target\":{\"@type\":\"EntryPoint\",\"urlTemplate\":\"https:\/\/www.fiscalia.gov.co\/colombia\/?s={search_term_string}\"},\"query-input\":{\"@type\":\"PropertyValueSpecification\",\"valueRequired\":true,\"valueName\":\"search_term_string\"}}],\"inLanguage\":\"es-CO\"},{\"@type\":\"Organization\",\"@id\":\"https:\/\/www.fiscalia.gov.co\/colombia\/#organization\",\"name\":\"Fiscal\u00eda General de la Naci\u00f3n\",\"url\":\"https:\/\/www.fiscalia.gov.co\/colombia\/\",\"logo\":{\"@type\":\"ImageObject\",\"inLanguage\":\"es-CO\",\"@id\":\"https:\/\/www.fiscalia.gov.co\/colombia\/#\/schema\/logo\/image\/\",\"url\":\"https:\/\/www.fiscalia.gov.co\/colombia\/wp-content\/uploads\/LogoHorizontal_1.jpg\",\"contentUrl\":\"https:\/\/www.fiscalia.gov.co\/colombia\/wp-content\/uploads\/LogoHorizontal_1.jpg\",\"width\":300,\"height\":90,\"caption\":\"Fiscal\u00eda General de la Naci\u00f3n\"},\"image\":{\"@id\":\"https:\/\/www.fiscalia.gov.co\/colombia\/#\/schema\/logo\/image\/\"},\"sameAs\":[\"https:\/\/www.facebook.com\/FiscaliaCol\",\"https:\/\/x.com\/FiscaliaCol\",\"https:\/\/www.instagram.com\/fiscaliacol\",\"https:\/\/www.linkedin.com\/company\/fiscalia-general-de-la-naci-n\/\",\"https:\/\/youtube.com\/@fiscaliageneraldelanacion-4668?si=6nN79nyQICPU5iTh\"]},{\"@type\":\"Person\",\"@id\":\"https:\/\/www.fiscalia.gov.co\/colombia\/#\/schema\/person\/3903856a3ce2d54b094c69eb29247895\",\"name\":\"dfgordillo\",\"image\":{\"@type\":\"ImageObject\",\"inLanguage\":\"es-CO\",\"@id\":\"https:\/\/www.fiscalia.gov.co\/colombia\/#\/schema\/person\/image\/\",\"url\":\"https:\/\/secure.gravatar.com\/avatar\/b6356e21c5657c60757fe6fb9493e947?s=96&d=mm&r=g\",\"contentUrl\":\"https:\/\/secure.gravatar.com\/avatar\/b6356e21c5657c60757fe6fb9493e947?s=96&d=mm&r=g\",\"caption\":\"dfgordillo\"},\"sameAs\":[\"dfgordillo\"],\"url\":\"https:\/\/www.fiscalia.gov.co\/colombia\/author\/dfgordillo\/\"}]}<\/script>\n<!-- \/ Yoast SEO plugin. -->","yoast_head_json":{"title":"Fiscal\u00eda General de la Naci\u00f3n","description":"P\u00e1gina oficial de la Fiscal\u00eda General de la Naci\u00f3n \u2013 Colombia. Garantizamos el acceso efectivo a la justicia, la verdad y la reparaci\u00f3n de las v\u00edctimas de los delitos.","robots":{"index":"noindex","follow":"follow"},"og_locale":"es_ES","og_type":"article","og_title":"Fiscal\u00eda General de la Naci\u00f3n","og_description":"P\u00e1gina oficial de la Fiscal\u00eda General de la Naci\u00f3n \u2013 Colombia. Garantizamos el acceso efectivo a la justicia, la verdad y la reparaci\u00f3n de las v\u00edctimas de los delitos.","og_url":"https:\/\/www.fiscalia.gov.co\/colombia\/noticias\/fiscalia-ordena-libertad-del-exdiputado-sigifredo-lopez-al-hallar-inconsistencias-en-la-prueba\/","og_site_name":"Fiscal\u00eda General de la Naci\u00f3n","article_publisher":"https:\/\/www.facebook.com\/FiscaliaCol","article_published_time":"2012-08-14T22:15:41+00:00","article_modified_time":"2012-09-17T16:11:14+00:00","author":"dfgordillo","twitter_card":"summary_large_image","twitter_creator":"@FiscaliaCol","twitter_site":"@FiscaliaCol","twitter_misc":{"Escrito por":"dfgordillo","Tiempo de lectura":"3 minutos"},"schema":{"@context":"https:\/\/schema.org","@graph":[{"@type":"Article","@id":"https:\/\/www.fiscalia.gov.co\/colombia\/noticias\/fiscalia-ordena-libertad-del-exdiputado-sigifredo-lopez-al-hallar-inconsistencias-en-la-prueba\/#article","isPartOf":{"@id":"https:\/\/www.fiscalia.gov.co\/colombia\/noticias\/fiscalia-ordena-libertad-del-exdiputado-sigifredo-lopez-al-hallar-inconsistencias-en-la-prueba\/"},"author":{"name":"dfgordillo","@id":"https:\/\/www.fiscalia.gov.co\/colombia\/#\/schema\/person\/3903856a3ce2d54b094c69eb29247895"},"headline":"Fiscal\u00eda ordena libertad del exdiputado Sigifredo L\u00f3pez al hallar inconsistencias en la prueba","datePublished":"2012-08-14T22:15:41+00:00","dateModified":"2012-09-17T16:11:14+00:00","mainEntityOfPage":{"@id":"https:\/\/www.fiscalia.gov.co\/colombia\/noticias\/fiscalia-ordena-libertad-del-exdiputado-sigifredo-lopez-al-hallar-inconsistencias-en-la-prueba\/"},"wordCount":624,"publisher":{"@id":"https:\/\/www.fiscalia.gov.co\/colombia\/#organization"},"keywords":["Eduardo Montealegre Lynett","Fiscal General de la Naci\u00f3n"],"articleSection":["Noticias"],"inLanguage":"es-CO"},{"@type":"WebPage","@id":"https:\/\/www.fiscalia.gov.co\/colombia\/noticias\/fiscalia-ordena-libertad-del-exdiputado-sigifredo-lopez-al-hallar-inconsistencias-en-la-prueba\/","url":"https:\/\/www.fiscalia.gov.co\/colombia\/noticias\/fiscalia-ordena-libertad-del-exdiputado-sigifredo-lopez-al-hallar-inconsistencias-en-la-prueba\/","name":"Fiscal\u00eda General de la Naci\u00f3n","isPartOf":{"@id":"https:\/\/www.fiscalia.gov.co\/colombia\/#website"},"datePublished":"2012-08-14T22:15:41+00:00","dateModified":"2012-09-17T16:11:14+00:00","description":"P\u00e1gina oficial de la Fiscal\u00eda General de la Naci\u00f3n \u2013 Colombia. Garantizamos el acceso efectivo a la justicia, la verdad y la reparaci\u00f3n de las v\u00edctimas de los delitos.","breadcrumb":{"@id":"https:\/\/www.fiscalia.gov.co\/colombia\/noticias\/fiscalia-ordena-libertad-del-exdiputado-sigifredo-lopez-al-hallar-inconsistencias-en-la-prueba\/#breadcrumb"},"inLanguage":"es-CO","potentialAction":[{"@type":"ReadAction","target":["https:\/\/www.fiscalia.gov.co\/colombia\/noticias\/fiscalia-ordena-libertad-del-exdiputado-sigifredo-lopez-al-hallar-inconsistencias-en-la-prueba\/"]}]},{"@type":"BreadcrumbList","@id":"https:\/\/www.fiscalia.gov.co\/colombia\/noticias\/fiscalia-ordena-libertad-del-exdiputado-sigifredo-lopez-al-hallar-inconsistencias-en-la-prueba\/#breadcrumb","itemListElement":[{"@type":"ListItem","position":1,"name":"Home","item":"https:\/\/www.fiscalia.gov.co\/colombia\/"},{"@type":"ListItem","position":2,"name":"Fiscal\u00eda ordena libertad del exdiputado Sigifredo L\u00f3pez al hallar inconsistencias en la prueba"}]},{"@type":"WebSite","@id":"https:\/\/www.fiscalia.gov.co\/colombia\/#website","url":"https:\/\/www.fiscalia.gov.co\/colombia\/","name":"Fiscal\u00eda General de la Naci\u00f3n","description":"P\u00e1gina oficial de la Fiscal\u00eda General de la Naci\u00f3n \u2013 Colombia. Garantizamos el acceso efectivo a la justicia, la verdad y la reparaci\u00f3n de las v\u00edctimas de los delitos.","publisher":{"@id":"https:\/\/www.fiscalia.gov.co\/colombia\/#organization"},"potentialAction":[{"@type":"SearchAction","target":{"@type":"EntryPoint","urlTemplate":"https:\/\/www.fiscalia.gov.co\/colombia\/?s={search_term_string}"},"query-input":{"@type":"PropertyValueSpecification","valueRequired":true,"valueName":"search_term_string"}}],"inLanguage":"es-CO"},{"@type":"Organization","@id":"https:\/\/www.fiscalia.gov.co\/colombia\/#organization","name":"Fiscal\u00eda General de la Naci\u00f3n","url":"https:\/\/www.fiscalia.gov.co\/colombia\/","logo":{"@type":"ImageObject","inLanguage":"es-CO","@id":"https:\/\/www.fiscalia.gov.co\/colombia\/#\/schema\/logo\/image\/","url":"https:\/\/www.fiscalia.gov.co\/colombia\/wp-content\/uploads\/LogoHorizontal_1.jpg","contentUrl":"https:\/\/www.fiscalia.gov.co\/colombia\/wp-content\/uploads\/LogoHorizontal_1.jpg","width":300,"height":90,"caption":"Fiscal\u00eda General de la Naci\u00f3n"},"image":{"@id":"https:\/\/www.fiscalia.gov.co\/colombia\/#\/schema\/logo\/image\/"},"sameAs":["https:\/\/www.facebook.com\/FiscaliaCol","https:\/\/x.com\/FiscaliaCol","https:\/\/www.instagram.com\/fiscaliacol","https:\/\/www.linkedin.com\/company\/fiscalia-general-de-la-naci-n\/","https:\/\/youtube.com\/@fiscaliageneraldelanacion-4668?si=6nN79nyQICPU5iTh"]},{"@type":"Person","@id":"https:\/\/www.fiscalia.gov.co\/colombia\/#\/schema\/person\/3903856a3ce2d54b094c69eb29247895","name":"dfgordillo","image":{"@type":"ImageObject","inLanguage":"es-CO","@id":"https:\/\/www.fiscalia.gov.co\/colombia\/#\/schema\/person\/image\/","url":"https:\/\/secure.gravatar.com\/avatar\/b6356e21c5657c60757fe6fb9493e947?s=96&d=mm&r=g","contentUrl":"https:\/\/secure.gravatar.com\/avatar\/b6356e21c5657c60757fe6fb9493e947?s=96&d=mm&r=g","caption":"dfgordillo"},"sameAs":["dfgordillo"],"url":"https:\/\/www.fiscalia.gov.co\/colombia\/author\/dfgordillo\/"}]}},"_links":{"self":[{"href":"https:\/\/www.fiscalia.gov.co\/colombia\/wp-json\/wp\/v2\/posts\/21823","targetHints":{"allow":["GET"]}}],"collection":[{"href":"https:\/\/www.fiscalia.gov.co\/colombia\/wp-json\/wp\/v2\/posts"}],"about":[{"href":"https:\/\/www.fiscalia.gov.co\/colombia\/wp-json\/wp\/v2\/types\/post"}],"author":[{"embeddable":true,"href":"https:\/\/www.fiscalia.gov.co\/colombia\/wp-json\/wp\/v2\/users\/143"}],"replies":[{"embeddable":true,"href":"https:\/\/www.fiscalia.gov.co\/colombia\/wp-json\/wp\/v2\/comments?post=21823"}],"version-history":[{"count":8,"href":"https:\/\/www.fiscalia.gov.co\/colombia\/wp-json\/wp\/v2\/posts\/21823\/revisions"}],"predecessor-version":[{"id":21937,"href":"https:\/\/www.fiscalia.gov.co\/colombia\/wp-json\/wp\/v2\/posts\/21823\/revisions\/21937"}],"wp:attachment":[{"href":"https:\/\/www.fiscalia.gov.co\/colombia\/wp-json\/wp\/v2\/media?parent=21823"}],"wp:term":[{"taxonomy":"category","embeddable":true,"href":"https:\/\/www.fiscalia.gov.co\/colombia\/wp-json\/wp\/v2\/categories?post=21823"},{"taxonomy":"post_tag","embeddable":true,"href":"https:\/\/www.fiscalia.gov.co\/colombia\/wp-json\/wp\/v2\/tags?post=21823"}],"curies":[{"name":"wp","href":"https:\/\/api.w.org\/{rel}","templated":true}]}}