{"id":218178,"date":"2021-04-20T08:04:18","date_gmt":"2021-04-20T13:04:18","guid":{"rendered":"https:\/\/www.fiscalia.gov.co\/colombia\/?p=218178"},"modified":"2021-04-28T16:03:13","modified_gmt":"2021-04-28T21:03:13","slug":"golpe-a-la-estructura-delincuencial-la-escombrera-responsable-del-trafico-de-drogas-en-cali","status":"publish","type":"post","link":"https:\/\/www.fiscalia.gov.co\/colombia\/seguridad-territorial\/golpe-a-la-estructura-delincuencial-la-escombrera-responsable-del-trafico-de-drogas-en-cali\/","title":{"rendered":"Golpe a la estructura delincuencial &#8216;La Escombrera&#8217;, responsable del tr\u00e1fico de drogas en Cali"},"content":{"rendered":"<blockquote>\n<h4 style=\"text-align: left;\"><em><strong>15 personas fueron capturadas. Se les atribuye una violenta disputa por el control de la venta de drogas en dos comunas de la ciudad. El se\u00f1alado cabecilla de la estructura es un hombre de 81 a\u00f1os.<\/strong><\/em><\/h4>\n<\/blockquote>\n<p>Un juez de control de garant\u00edas acogi\u00f3 la solicitud de la Fiscal\u00eda General de la Naci\u00f3n e impuso medidas privativas de la libertad a 15 presuntos integrantes del grupo delincuencial \u2018La Escombrera\u2019, quienes ser\u00edan los responsables de controlar la venta de estupefacientes al menudeo en el suroriente de Cali (Valle del Cauca).<\/p>\n<figure id=\"attachment_218180\" aria-describedby=\"caption-attachment-218180\" style=\"width: 696px\" class=\"wp-caption aligncenter\"><img loading=\"lazy\" decoding=\"async\" class=\"size-large wp-image-218180\" src=\"https:\/\/www.fiscalia.gov.co\/colombia\/wp-content\/uploads\/La-Escombrera-1-1024x766.jpg\" alt=\"\" width=\"696\" height=\"521\" srcset=\"https:\/\/www.fiscalia.gov.co\/colombia\/wp-content\/uploads\/La-Escombrera-1-1024x766.jpg 1024w, https:\/\/www.fiscalia.gov.co\/colombia\/wp-content\/uploads\/La-Escombrera-1-300x225.jpg 300w, https:\/\/www.fiscalia.gov.co\/colombia\/wp-content\/uploads\/La-Escombrera-1-768x575.jpg 768w, https:\/\/www.fiscalia.gov.co\/colombia\/wp-content\/uploads\/La-Escombrera-1-696x521.jpg 696w, https:\/\/www.fiscalia.gov.co\/colombia\/wp-content\/uploads\/La-Escombrera-1-1068x799.jpg 1068w, https:\/\/www.fiscalia.gov.co\/colombia\/wp-content\/uploads\/La-Escombrera-1-561x420.jpg 561w, https:\/\/www.fiscalia.gov.co\/colombia\/wp-content\/uploads\/La-Escombrera-1-80x60.jpg 80w, https:\/\/www.fiscalia.gov.co\/colombia\/wp-content\/uploads\/La-Escombrera-1-265x198.jpg 265w, https:\/\/www.fiscalia.gov.co\/colombia\/wp-content\/uploads\/La-Escombrera-1.jpg 1280w\" sizes=\"auto, (max-width: 696px) 100vw, 696px\" \/><figcaption id=\"caption-attachment-218180\" class=\"wp-caption-text\">La Escombrera tiene injerencia en las comunas 10 y 16, donde sosten\u00eda una violenta disputa con otras bandas de microtr\u00e1fico.<\/figcaption><\/figure>\n<p>De acuerdo con la investigaci\u00f3n, coordinada por un fiscal de la Direcci\u00f3n Especializada contra Organizaciones Criminales, esta estructura tiene injerencia en las comunas 10 y 16, donde sosten\u00eda una violenta disputa con otras bandas de\u00a0microtr\u00e1fico.<\/p>\n<p>Producto de este enfrentamiento se presentaron dos casos de homicidio tentado contra una mujer y un hombre, ocurridos el 31 de agosto del a\u00f1o 2020 y el 30 de enero del a\u00f1o 2021, respectivamente. Estos hechos se presentaron en el barrio Brisas del Limonar. Asimismo, el material probatorio permiti\u00f3 conocer que &#8216;La escombrera&#8217; tambi\u00e9n recib\u00eda pagos por brindar seguridad a los expendios de droga del sector.<\/p>\n<p>En 18 diligencias de registro y allanamiento, la Fiscal\u00eda y personal de la\u00a0Sij\u00edn\u00a0de la Polic\u00eda Nacional capturaron a 14 personas con orden judicial, entre los que se encuentra el supuesto cabecilla\u00a0del\u00a0grupo delincuencial; y detuvieron a una m\u00e1s en situaci\u00f3n de flagrancia por porte ilegal de armas de fuego.<\/p>\n<p>La Fiscal\u00eda imput\u00f3 a los se\u00f1alados integrantes de &#8216;La Escombrera delitos como: homicidio en grado de tentativa, fabricaci\u00f3n, tr\u00e1fico o porte de armas de fuego; y concierto para delinquir agravado con fines de narcotr\u00e1fico.<\/p>\n<p>Por determinaci\u00f3n del juez, 14 de los procesados deben cumplir medida de aseguramiento en centro carcelario. Los afectados con la decisi\u00f3n son:<\/p>\n<div>&#8211;\u00a0Jos\u00e9 Ignacio Gaviria Mej\u00eda, alias Nacho o El Viejo, 81 a\u00f1os de edad, presunto jefe del grupo delictivo.<\/div>\n<div>&#8211;\u00a0Yenifer\u00a0Gaviria Londo\u00f1o, alias La India o\u00a0Yenifer.<\/div>\n<div>&#8211;\u00a0Juan David Vargas G\u00f3ngora, alias\u00a0Vini.<\/div>\n<div>&#8211;\u00a0M\u00f3nica Alexandra Mart\u00ednez Giraldo, alias Pupo.<\/div>\n<div>&#8211;\u00a0Carlos Andr\u00e9s Vivas Montoya, alias El Gato o Vilo.<\/div>\n<div>&#8211;\u00a0Junior Medina Gonz\u00e1lez, alias Florinda o Trenzas.<\/div>\n<div>&#8211;\u00a0Yeison\u00a0David S\u00e1nchez Valencia, alias Nariz o Loro.<\/div>\n<div>&#8211;\u00a0Janice\u00a0Mitchell Mart\u00ednez Valencia, alias Mitchell o La Zarca.<\/div>\n<div>&#8211;\u00a0Juan Camilo Mart\u00ednez Valencia, alias El Zarco o Kiko.<\/div>\n<div>&#8211;\u00a0Diego Mauricio\u00a0Vi\u00f1uela\u00a0Figueroa, alias El Barbas o Guajiro.<\/div>\n<div>&#8211;\u00a0Jeniffer\u00a0Herrera Ortiz, alias La Flaca.<\/div>\n<div>&#8211;\u00a0Rub\u00e9n Dar\u00edo Vel\u00e1squez, alias El Cucho.<\/div>\n<div>&#8211;\u00a0Otilia Mar\u00eda Londo\u00f1o Popay\u00e1n, alias Otilia o Mama O.<\/div>\n<div>&#8211;\u00a0V\u00edctor Hugo Gaviria Londo\u00f1o, alias V\u00edctor.<\/div>\n<div><\/div>\n<p>Entre tanto, el capturado en flagrancia,\u00a0Jhon\u00a0Stevens Hidalgo Cort\u00e9s, recibi\u00f3 medida de aseguramiento en el lugar de residencia.<\/p>\n<p>La Fiscal\u00eda habla con resultados.<\/p>\n<p>MAP\/NT\/JARG\/DECOC<\/p>\n<p><em>La informaci\u00f3n contenida en este bolet\u00edn de prensa corresponde a la narraci\u00f3n de los hechos noticiosos objetivos, suministrados por los funcionarios encargados de adelantar las investigaciones penales al interior de la Fiscal\u00eda General de la Naci\u00f3n. Para el momento de la divulgaci\u00f3n de este comunicado, la situaci\u00f3n jur\u00eddica de la(s) persona(s) relacionada(s) se encuentra pendiente de resolver por la autoridad judicial competente, siempre bajo los preceptos de la presunci\u00f3n de inocencia, consagrados en el art\u00edculo 29 de la Constituci\u00f3n Pol\u00edtica y el art\u00edculo 7\u00ba de la Ley 906 de 2004.<\/em><\/p>\n<p>&nbsp;<\/p>\n\n<div class=\"twitter-share\"><a href=\"https:\/\/twitter.com\/intent\/tweet?via=fiscaliacol\" class=\"twitter-share-button\">Tweet<\/a><\/div>\n","protected":false},"excerpt":{"rendered":"<p>15 personas fueron capturadas. Se les atribuye una violenta disputa por el control de la venta de drogas en dos comunas de la ciudad. El se\u00f1alado cabecilla de la estructura es un hombre de 81 a\u00f1os. Un juez de control de garant\u00edas acogi\u00f3 la solicitud de la Fiscal\u00eda General de la Naci\u00f3n e impuso medidas [&hellip;]<\/p>\n","protected":false},"author":171,"featured_media":0,"comment_status":"closed","ping_status":"open","sticky":false,"template":"","format":"video","meta":{"_price":"","_stock":"","_tribe_ticket_header":"","_tribe_default_ticket_provider":"","_tribe_ticket_capacity":"0","_ticket_start_date":"","_ticket_end_date":"","_tribe_ticket_show_description":"","_tribe_ticket_show_not_going":false,"_tribe_ticket_use_global_stock":"","_tribe_ticket_global_stock_level":"","_global_stock_mode":"","_global_stock_cap":"","_tribe_rsvp_for_event":"","_tribe_ticket_going_count":"","_tribe_ticket_not_going_count":"","_tribe_tickets_list":"[]","_tribe_ticket_has_attendee_info_fields":false,"tdm_status":"","tdm_grid_status":"","footnotes":""},"categories":[324,303,24099],"tags":[8010,24754,26655,24329,26656,78,24187,26657,674,24783,8508,7462],"class_list":{"0":"post-218178","1":"post","2":"type-post","3":"status-publish","4":"format-video","6":"category-seccional-cali","7":"category-seccionales","8":"category-seguridad-territorial","9":"tag-capturados","10":"tag-con-orden-judicial","11":"tag-concierto-para-delinquir-agravado-con-fines-de-narcotrafico-fabricacion","12":"tag-control-territorial","13":"tag-en-flagrancia","14":"tag-fiscal-general-de-la-nacion","15":"tag-fiscalia-colombia","16":"tag-grupo-delictivo","17":"tag-microtrafico","18":"tag-registro-y-allanamiento","19":"tag-trafico-de-estupefaciente","20":"tag-trafico-o-porte-de-armas-de-fuego","21":"post_format-post-format-video"},"yoast_head":"<!-- This site is optimized with the Yoast SEO plugin v24.3 - https:\/\/yoast.com\/wordpress\/plugins\/seo\/ -->\n<title>Fiscal\u00eda General de la Naci\u00f3n<\/title>\n<meta name=\"description\" content=\"P\u00e1gina oficial de la Fiscal\u00eda General de la Naci\u00f3n \u2013 Colombia. Garantizamos el acceso efectivo a la justicia, la verdad y la reparaci\u00f3n de las v\u00edctimas de los delitos.\" \/>\n<meta name=\"robots\" content=\"noindex, follow\" \/>\n<meta property=\"og:locale\" content=\"es_ES\" \/>\n<meta property=\"og:type\" content=\"article\" \/>\n<meta property=\"og:title\" content=\"Fiscal\u00eda General de la Naci\u00f3n\" \/>\n<meta property=\"og:description\" content=\"P\u00e1gina oficial de la Fiscal\u00eda General de la Naci\u00f3n \u2013 Colombia. Garantizamos el acceso efectivo a la justicia, la verdad y la reparaci\u00f3n de las v\u00edctimas de los delitos.\" \/>\n<meta property=\"og:url\" content=\"https:\/\/www.fiscalia.gov.co\/colombia\/seguridad-territorial\/golpe-a-la-estructura-delincuencial-la-escombrera-responsable-del-trafico-de-drogas-en-cali\/\" \/>\n<meta property=\"og:site_name\" content=\"Fiscal\u00eda General de la Naci\u00f3n\" \/>\n<meta property=\"article:publisher\" content=\"https:\/\/www.facebook.com\/FiscaliaCol\" \/>\n<meta property=\"article:published_time\" content=\"2021-04-20T13:04:18+00:00\" \/>\n<meta property=\"article:modified_time\" content=\"2021-04-28T21:03:13+00:00\" \/>\n<meta property=\"og:image\" content=\"https:\/\/www.fiscalia.gov.co\/colombia\/wp-content\/uploads\/La-Escombrera-1-1024x766.jpg\" \/>\n<meta name=\"author\" content=\"Ana Mar\u00eda Gomez\" \/>\n<meta name=\"twitter:card\" content=\"summary_large_image\" \/>\n<meta name=\"twitter:creator\" content=\"@FiscaliaCol\" \/>\n<meta name=\"twitter:site\" content=\"@FiscaliaCol\" \/>\n<meta name=\"twitter:label1\" content=\"Escrito por\" \/>\n\t<meta name=\"twitter:data1\" content=\"Ana Mar\u00eda Gomez\" \/>\n\t<meta name=\"twitter:label2\" content=\"Tiempo de lectura\" \/>\n\t<meta name=\"twitter:data2\" content=\"3 minutos\" \/>\n<script type=\"application\/ld+json\" class=\"yoast-schema-graph\">{\"@context\":\"https:\/\/schema.org\",\"@graph\":[{\"@type\":\"Article\",\"@id\":\"https:\/\/www.fiscalia.gov.co\/colombia\/seguridad-territorial\/golpe-a-la-estructura-delincuencial-la-escombrera-responsable-del-trafico-de-drogas-en-cali\/#article\",\"isPartOf\":{\"@id\":\"https:\/\/www.fiscalia.gov.co\/colombia\/seguridad-territorial\/golpe-a-la-estructura-delincuencial-la-escombrera-responsable-del-trafico-de-drogas-en-cali\/\"},\"author\":{\"name\":\"Ana Mar\u00eda Gomez\",\"@id\":\"https:\/\/www.fiscalia.gov.co\/colombia\/#\/schema\/person\/06aa2210fe4d79203f428ff671dee360\"},\"headline\":\"Golpe a la estructura delincuencial &#8216;La Escombrera&#8217;, responsable del tr\u00e1fico de drogas en Cali\",\"datePublished\":\"2021-04-20T13:04:18+00:00\",\"dateModified\":\"2021-04-28T21:03:13+00:00\",\"mainEntityOfPage\":{\"@id\":\"https:\/\/www.fiscalia.gov.co\/colombia\/seguridad-territorial\/golpe-a-la-estructura-delincuencial-la-escombrera-responsable-del-trafico-de-drogas-en-cali\/\"},\"wordCount\":637,\"publisher\":{\"@id\":\"https:\/\/www.fiscalia.gov.co\/colombia\/#organization\"},\"image\":{\"@id\":\"https:\/\/www.fiscalia.gov.co\/colombia\/seguridad-territorial\/golpe-a-la-estructura-delincuencial-la-escombrera-responsable-del-trafico-de-drogas-en-cali\/#primaryimage\"},\"thumbnailUrl\":\"https:\/\/www.fiscalia.gov.co\/colombia\/wp-content\/uploads\/La-Escombrera-1-1024x766.jpg\",\"keywords\":[\"Capturados\",\"con orden judicial.\",\"concierto para delinquir agravado con fines de narcotr\u00e1fico; fabricaci\u00f3n\",\"control territorial\",\"en flagrancia\",\"Fiscal General de la Naci\u00f3n\",\"Fiscal\u00eda Colombia\",\"grupo delictivo\",\"Microtr\u00e1fico\",\"registro y allanamiento.\",\"Tr\u00e1fico de estupefaciente\",\"tr\u00e1fico o porte de armas de fuego\"],\"articleSection\":[\"Seccional Cali\",\"Seccionales\",\"Seguridad territorial\"],\"inLanguage\":\"es-CO\"},{\"@type\":\"WebPage\",\"@id\":\"https:\/\/www.fiscalia.gov.co\/colombia\/seguridad-territorial\/golpe-a-la-estructura-delincuencial-la-escombrera-responsable-del-trafico-de-drogas-en-cali\/\",\"url\":\"https:\/\/www.fiscalia.gov.co\/colombia\/seguridad-territorial\/golpe-a-la-estructura-delincuencial-la-escombrera-responsable-del-trafico-de-drogas-en-cali\/\",\"name\":\"Fiscal\u00eda General de la Naci\u00f3n\",\"isPartOf\":{\"@id\":\"https:\/\/www.fiscalia.gov.co\/colombia\/#website\"},\"primaryImageOfPage\":{\"@id\":\"https:\/\/www.fiscalia.gov.co\/colombia\/seguridad-territorial\/golpe-a-la-estructura-delincuencial-la-escombrera-responsable-del-trafico-de-drogas-en-cali\/#primaryimage\"},\"image\":{\"@id\":\"https:\/\/www.fiscalia.gov.co\/colombia\/seguridad-territorial\/golpe-a-la-estructura-delincuencial-la-escombrera-responsable-del-trafico-de-drogas-en-cali\/#primaryimage\"},\"thumbnailUrl\":\"https:\/\/www.fiscalia.gov.co\/colombia\/wp-content\/uploads\/La-Escombrera-1-1024x766.jpg\",\"datePublished\":\"2021-04-20T13:04:18+00:00\",\"dateModified\":\"2021-04-28T21:03:13+00:00\",\"description\":\"P\u00e1gina oficial de la Fiscal\u00eda General de la Naci\u00f3n \u2013 Colombia. Garantizamos el acceso efectivo a la justicia, la verdad y la reparaci\u00f3n de las v\u00edctimas de los delitos.\",\"breadcrumb\":{\"@id\":\"https:\/\/www.fiscalia.gov.co\/colombia\/seguridad-territorial\/golpe-a-la-estructura-delincuencial-la-escombrera-responsable-del-trafico-de-drogas-en-cali\/#breadcrumb\"},\"inLanguage\":\"es-CO\",\"potentialAction\":[{\"@type\":\"ReadAction\",\"target\":[\"https:\/\/www.fiscalia.gov.co\/colombia\/seguridad-territorial\/golpe-a-la-estructura-delincuencial-la-escombrera-responsable-del-trafico-de-drogas-en-cali\/\"]}]},{\"@type\":\"ImageObject\",\"inLanguage\":\"es-CO\",\"@id\":\"https:\/\/www.fiscalia.gov.co\/colombia\/seguridad-territorial\/golpe-a-la-estructura-delincuencial-la-escombrera-responsable-del-trafico-de-drogas-en-cali\/#primaryimage\",\"url\":\"https:\/\/www.fiscalia.gov.co\/colombia\/wp-content\/uploads\/La-Escombrera-1.jpg\",\"contentUrl\":\"https:\/\/www.fiscalia.gov.co\/colombia\/wp-content\/uploads\/La-Escombrera-1.jpg\",\"width\":1280,\"height\":958,\"caption\":\"La Escombrera tiene injerencia en las comunas 10 y 16, donde sosten\u00eda una violenta disputa con otras bandas de microtr\u00e1fico.\"},{\"@type\":\"BreadcrumbList\",\"@id\":\"https:\/\/www.fiscalia.gov.co\/colombia\/seguridad-territorial\/golpe-a-la-estructura-delincuencial-la-escombrera-responsable-del-trafico-de-drogas-en-cali\/#breadcrumb\",\"itemListElement\":[{\"@type\":\"ListItem\",\"position\":1,\"name\":\"Home\",\"item\":\"https:\/\/www.fiscalia.gov.co\/colombia\/\"},{\"@type\":\"ListItem\",\"position\":2,\"name\":\"Golpe a la estructura delincuencial &#8216;La Escombrera&#8217;, responsable del tr\u00e1fico de drogas en Cali\"}]},{\"@type\":\"WebSite\",\"@id\":\"https:\/\/www.fiscalia.gov.co\/colombia\/#website\",\"url\":\"https:\/\/www.fiscalia.gov.co\/colombia\/\",\"name\":\"Fiscal\u00eda General de la Naci\u00f3n\",\"description\":\"P\u00e1gina oficial de la Fiscal\u00eda General de la Naci\u00f3n \u2013 Colombia. Garantizamos el acceso efectivo a la justicia, la verdad y la reparaci\u00f3n de las v\u00edctimas de los delitos.\",\"publisher\":{\"@id\":\"https:\/\/www.fiscalia.gov.co\/colombia\/#organization\"},\"potentialAction\":[{\"@type\":\"SearchAction\",\"target\":{\"@type\":\"EntryPoint\",\"urlTemplate\":\"https:\/\/www.fiscalia.gov.co\/colombia\/?s={search_term_string}\"},\"query-input\":{\"@type\":\"PropertyValueSpecification\",\"valueRequired\":true,\"valueName\":\"search_term_string\"}}],\"inLanguage\":\"es-CO\"},{\"@type\":\"Organization\",\"@id\":\"https:\/\/www.fiscalia.gov.co\/colombia\/#organization\",\"name\":\"Fiscal\u00eda General de la Naci\u00f3n\",\"url\":\"https:\/\/www.fiscalia.gov.co\/colombia\/\",\"logo\":{\"@type\":\"ImageObject\",\"inLanguage\":\"es-CO\",\"@id\":\"https:\/\/www.fiscalia.gov.co\/colombia\/#\/schema\/logo\/image\/\",\"url\":\"https:\/\/www.fiscalia.gov.co\/colombia\/wp-content\/uploads\/LogoHorizontal_1.jpg\",\"contentUrl\":\"https:\/\/www.fiscalia.gov.co\/colombia\/wp-content\/uploads\/LogoHorizontal_1.jpg\",\"width\":300,\"height\":90,\"caption\":\"Fiscal\u00eda General de la Naci\u00f3n\"},\"image\":{\"@id\":\"https:\/\/www.fiscalia.gov.co\/colombia\/#\/schema\/logo\/image\/\"},\"sameAs\":[\"https:\/\/www.facebook.com\/FiscaliaCol\",\"https:\/\/x.com\/FiscaliaCol\",\"https:\/\/www.instagram.com\/fiscaliacol\",\"https:\/\/www.linkedin.com\/company\/fiscalia-general-de-la-naci-n\/\",\"https:\/\/youtube.com\/@fiscaliageneraldelanacion-4668?si=6nN79nyQICPU5iTh\"]},{\"@type\":\"Person\",\"@id\":\"https:\/\/www.fiscalia.gov.co\/colombia\/#\/schema\/person\/06aa2210fe4d79203f428ff671dee360\",\"name\":\"Ana Mar\u00eda Gomez\",\"image\":{\"@type\":\"ImageObject\",\"inLanguage\":\"es-CO\",\"@id\":\"https:\/\/www.fiscalia.gov.co\/colombia\/#\/schema\/person\/image\/\",\"url\":\"https:\/\/secure.gravatar.com\/avatar\/a38115d98a7f8a96cbb96af2b2c37a0b?s=96&d=mm&r=g\",\"contentUrl\":\"https:\/\/secure.gravatar.com\/avatar\/a38115d98a7f8a96cbb96af2b2c37a0b?s=96&d=mm&r=g\",\"caption\":\"Ana Mar\u00eda Gomez\"},\"url\":\"https:\/\/www.fiscalia.gov.co\/colombia\/author\/agomez\/\"}]}<\/script>\n<!-- \/ Yoast SEO plugin. -->","yoast_head_json":{"title":"Fiscal\u00eda General de la Naci\u00f3n","description":"P\u00e1gina oficial de la Fiscal\u00eda General de la Naci\u00f3n \u2013 Colombia. Garantizamos el acceso efectivo a la justicia, la verdad y la reparaci\u00f3n de las v\u00edctimas de los delitos.","robots":{"index":"noindex","follow":"follow"},"og_locale":"es_ES","og_type":"article","og_title":"Fiscal\u00eda General de la Naci\u00f3n","og_description":"P\u00e1gina oficial de la Fiscal\u00eda General de la Naci\u00f3n \u2013 Colombia. Garantizamos el acceso efectivo a la justicia, la verdad y la reparaci\u00f3n de las v\u00edctimas de los delitos.","og_url":"https:\/\/www.fiscalia.gov.co\/colombia\/seguridad-territorial\/golpe-a-la-estructura-delincuencial-la-escombrera-responsable-del-trafico-de-drogas-en-cali\/","og_site_name":"Fiscal\u00eda General de la Naci\u00f3n","article_publisher":"https:\/\/www.facebook.com\/FiscaliaCol","article_published_time":"2021-04-20T13:04:18+00:00","article_modified_time":"2021-04-28T21:03:13+00:00","og_image":[{"url":"https:\/\/www.fiscalia.gov.co\/colombia\/wp-content\/uploads\/La-Escombrera-1-1024x766.jpg","type":"","width":"","height":""}],"author":"Ana Mar\u00eda Gomez","twitter_card":"summary_large_image","twitter_creator":"@FiscaliaCol","twitter_site":"@FiscaliaCol","twitter_misc":{"Escrito por":"Ana Mar\u00eda Gomez","Tiempo de lectura":"3 minutos"},"schema":{"@context":"https:\/\/schema.org","@graph":[{"@type":"Article","@id":"https:\/\/www.fiscalia.gov.co\/colombia\/seguridad-territorial\/golpe-a-la-estructura-delincuencial-la-escombrera-responsable-del-trafico-de-drogas-en-cali\/#article","isPartOf":{"@id":"https:\/\/www.fiscalia.gov.co\/colombia\/seguridad-territorial\/golpe-a-la-estructura-delincuencial-la-escombrera-responsable-del-trafico-de-drogas-en-cali\/"},"author":{"name":"Ana Mar\u00eda Gomez","@id":"https:\/\/www.fiscalia.gov.co\/colombia\/#\/schema\/person\/06aa2210fe4d79203f428ff671dee360"},"headline":"Golpe a la estructura delincuencial &#8216;La Escombrera&#8217;, responsable del tr\u00e1fico de drogas en Cali","datePublished":"2021-04-20T13:04:18+00:00","dateModified":"2021-04-28T21:03:13+00:00","mainEntityOfPage":{"@id":"https:\/\/www.fiscalia.gov.co\/colombia\/seguridad-territorial\/golpe-a-la-estructura-delincuencial-la-escombrera-responsable-del-trafico-de-drogas-en-cali\/"},"wordCount":637,"publisher":{"@id":"https:\/\/www.fiscalia.gov.co\/colombia\/#organization"},"image":{"@id":"https:\/\/www.fiscalia.gov.co\/colombia\/seguridad-territorial\/golpe-a-la-estructura-delincuencial-la-escombrera-responsable-del-trafico-de-drogas-en-cali\/#primaryimage"},"thumbnailUrl":"https:\/\/www.fiscalia.gov.co\/colombia\/wp-content\/uploads\/La-Escombrera-1-1024x766.jpg","keywords":["Capturados","con orden judicial.","concierto para delinquir agravado con fines de narcotr\u00e1fico; fabricaci\u00f3n","control territorial","en flagrancia","Fiscal General de la Naci\u00f3n","Fiscal\u00eda Colombia","grupo delictivo","Microtr\u00e1fico","registro y allanamiento.","Tr\u00e1fico de estupefaciente","tr\u00e1fico o porte de armas de fuego"],"articleSection":["Seccional Cali","Seccionales","Seguridad territorial"],"inLanguage":"es-CO"},{"@type":"WebPage","@id":"https:\/\/www.fiscalia.gov.co\/colombia\/seguridad-territorial\/golpe-a-la-estructura-delincuencial-la-escombrera-responsable-del-trafico-de-drogas-en-cali\/","url":"https:\/\/www.fiscalia.gov.co\/colombia\/seguridad-territorial\/golpe-a-la-estructura-delincuencial-la-escombrera-responsable-del-trafico-de-drogas-en-cali\/","name":"Fiscal\u00eda General de la Naci\u00f3n","isPartOf":{"@id":"https:\/\/www.fiscalia.gov.co\/colombia\/#website"},"primaryImageOfPage":{"@id":"https:\/\/www.fiscalia.gov.co\/colombia\/seguridad-territorial\/golpe-a-la-estructura-delincuencial-la-escombrera-responsable-del-trafico-de-drogas-en-cali\/#primaryimage"},"image":{"@id":"https:\/\/www.fiscalia.gov.co\/colombia\/seguridad-territorial\/golpe-a-la-estructura-delincuencial-la-escombrera-responsable-del-trafico-de-drogas-en-cali\/#primaryimage"},"thumbnailUrl":"https:\/\/www.fiscalia.gov.co\/colombia\/wp-content\/uploads\/La-Escombrera-1-1024x766.jpg","datePublished":"2021-04-20T13:04:18+00:00","dateModified":"2021-04-28T21:03:13+00:00","description":"P\u00e1gina oficial de la Fiscal\u00eda General de la Naci\u00f3n \u2013 Colombia. Garantizamos el acceso efectivo a la justicia, la verdad y la reparaci\u00f3n de las v\u00edctimas de los delitos.","breadcrumb":{"@id":"https:\/\/www.fiscalia.gov.co\/colombia\/seguridad-territorial\/golpe-a-la-estructura-delincuencial-la-escombrera-responsable-del-trafico-de-drogas-en-cali\/#breadcrumb"},"inLanguage":"es-CO","potentialAction":[{"@type":"ReadAction","target":["https:\/\/www.fiscalia.gov.co\/colombia\/seguridad-territorial\/golpe-a-la-estructura-delincuencial-la-escombrera-responsable-del-trafico-de-drogas-en-cali\/"]}]},{"@type":"ImageObject","inLanguage":"es-CO","@id":"https:\/\/www.fiscalia.gov.co\/colombia\/seguridad-territorial\/golpe-a-la-estructura-delincuencial-la-escombrera-responsable-del-trafico-de-drogas-en-cali\/#primaryimage","url":"https:\/\/www.fiscalia.gov.co\/colombia\/wp-content\/uploads\/La-Escombrera-1.jpg","contentUrl":"https:\/\/www.fiscalia.gov.co\/colombia\/wp-content\/uploads\/La-Escombrera-1.jpg","width":1280,"height":958,"caption":"La Escombrera tiene injerencia en las comunas 10 y 16, donde sosten\u00eda una violenta disputa con otras bandas de microtr\u00e1fico."},{"@type":"BreadcrumbList","@id":"https:\/\/www.fiscalia.gov.co\/colombia\/seguridad-territorial\/golpe-a-la-estructura-delincuencial-la-escombrera-responsable-del-trafico-de-drogas-en-cali\/#breadcrumb","itemListElement":[{"@type":"ListItem","position":1,"name":"Home","item":"https:\/\/www.fiscalia.gov.co\/colombia\/"},{"@type":"ListItem","position":2,"name":"Golpe a la estructura delincuencial &#8216;La Escombrera&#8217;, responsable del tr\u00e1fico de drogas en Cali"}]},{"@type":"WebSite","@id":"https:\/\/www.fiscalia.gov.co\/colombia\/#website","url":"https:\/\/www.fiscalia.gov.co\/colombia\/","name":"Fiscal\u00eda General de la Naci\u00f3n","description":"P\u00e1gina oficial de la Fiscal\u00eda General de la Naci\u00f3n \u2013 Colombia. Garantizamos el acceso efectivo a la justicia, la verdad y la reparaci\u00f3n de las v\u00edctimas de los delitos.","publisher":{"@id":"https:\/\/www.fiscalia.gov.co\/colombia\/#organization"},"potentialAction":[{"@type":"SearchAction","target":{"@type":"EntryPoint","urlTemplate":"https:\/\/www.fiscalia.gov.co\/colombia\/?s={search_term_string}"},"query-input":{"@type":"PropertyValueSpecification","valueRequired":true,"valueName":"search_term_string"}}],"inLanguage":"es-CO"},{"@type":"Organization","@id":"https:\/\/www.fiscalia.gov.co\/colombia\/#organization","name":"Fiscal\u00eda General de la Naci\u00f3n","url":"https:\/\/www.fiscalia.gov.co\/colombia\/","logo":{"@type":"ImageObject","inLanguage":"es-CO","@id":"https:\/\/www.fiscalia.gov.co\/colombia\/#\/schema\/logo\/image\/","url":"https:\/\/www.fiscalia.gov.co\/colombia\/wp-content\/uploads\/LogoHorizontal_1.jpg","contentUrl":"https:\/\/www.fiscalia.gov.co\/colombia\/wp-content\/uploads\/LogoHorizontal_1.jpg","width":300,"height":90,"caption":"Fiscal\u00eda General de la Naci\u00f3n"},"image":{"@id":"https:\/\/www.fiscalia.gov.co\/colombia\/#\/schema\/logo\/image\/"},"sameAs":["https:\/\/www.facebook.com\/FiscaliaCol","https:\/\/x.com\/FiscaliaCol","https:\/\/www.instagram.com\/fiscaliacol","https:\/\/www.linkedin.com\/company\/fiscalia-general-de-la-naci-n\/","https:\/\/youtube.com\/@fiscaliageneraldelanacion-4668?si=6nN79nyQICPU5iTh"]},{"@type":"Person","@id":"https:\/\/www.fiscalia.gov.co\/colombia\/#\/schema\/person\/06aa2210fe4d79203f428ff671dee360","name":"Ana Mar\u00eda Gomez","image":{"@type":"ImageObject","inLanguage":"es-CO","@id":"https:\/\/www.fiscalia.gov.co\/colombia\/#\/schema\/person\/image\/","url":"https:\/\/secure.gravatar.com\/avatar\/a38115d98a7f8a96cbb96af2b2c37a0b?s=96&d=mm&r=g","contentUrl":"https:\/\/secure.gravatar.com\/avatar\/a38115d98a7f8a96cbb96af2b2c37a0b?s=96&d=mm&r=g","caption":"Ana Mar\u00eda Gomez"},"url":"https:\/\/www.fiscalia.gov.co\/colombia\/author\/agomez\/"}]}},"_links":{"self":[{"href":"https:\/\/www.fiscalia.gov.co\/colombia\/wp-json\/wp\/v2\/posts\/218178","targetHints":{"allow":["GET"]}}],"collection":[{"href":"https:\/\/www.fiscalia.gov.co\/colombia\/wp-json\/wp\/v2\/posts"}],"about":[{"href":"https:\/\/www.fiscalia.gov.co\/colombia\/wp-json\/wp\/v2\/types\/post"}],"author":[{"embeddable":true,"href":"https:\/\/www.fiscalia.gov.co\/colombia\/wp-json\/wp\/v2\/users\/171"}],"replies":[{"embeddable":true,"href":"https:\/\/www.fiscalia.gov.co\/colombia\/wp-json\/wp\/v2\/comments?post=218178"}],"version-history":[{"count":3,"href":"https:\/\/www.fiscalia.gov.co\/colombia\/wp-json\/wp\/v2\/posts\/218178\/revisions"}],"predecessor-version":[{"id":218182,"href":"https:\/\/www.fiscalia.gov.co\/colombia\/wp-json\/wp\/v2\/posts\/218178\/revisions\/218182"}],"wp:attachment":[{"href":"https:\/\/www.fiscalia.gov.co\/colombia\/wp-json\/wp\/v2\/media?parent=218178"}],"wp:term":[{"taxonomy":"category","embeddable":true,"href":"https:\/\/www.fiscalia.gov.co\/colombia\/wp-json\/wp\/v2\/categories?post=218178"},{"taxonomy":"post_tag","embeddable":true,"href":"https:\/\/www.fiscalia.gov.co\/colombia\/wp-json\/wp\/v2\/tags?post=218178"}],"curies":[{"name":"wp","href":"https:\/\/api.w.org\/{rel}","templated":true}]}}