{"id":217968,"date":"2021-04-19T07:19:40","date_gmt":"2021-04-19T12:19:40","guid":{"rendered":"https:\/\/www.fiscalia.gov.co\/colombia\/?p=217968"},"modified":"2021-04-22T10:18:28","modified_gmt":"2021-04-22T15:18:28","slug":"fiscalia-libra-orden-de-captura-contra-el-zarco-aldinever-presunto-cabecilla-de-las-disidencias-de-las-farc","status":"publish","type":"post","link":"https:\/\/www.fiscalia.gov.co\/colombia\/derechos-humanos\/fiscalia-libra-orden-de-captura-contra-el-zarco-aldinever-presunto-cabecilla-de-las-disidencias-de-las-farc\/","title":{"rendered":"Fiscal\u00eda libra orden de captura contra el \u2018Zarco Aldinever\u2019, presunto cabecilla de las disidencias de las Farc"},"content":{"rendered":"<blockquote>\n<h4 style=\"text-align: left;\"><strong><em>Las investigaciones indican que, como jefe del entonces frente 53 de las FARC, estar\u00eda involucrado en la muerte y desaparici\u00f3n de un funcionario de la Fiscal\u00eda en el oriente del pa\u00eds.<\/em><\/strong><\/h4>\n<\/blockquote>\n<p>La Fiscal\u00eda General de la Naci\u00f3n libr\u00f3 orden de captura contra Jos\u00e9 Aldinever Sierra Sabogal, alias Zarco Aldinever, uno de los cabecillas de las disidencias de las FARC, por su presunta participaci\u00f3n en el crimen y desaparici\u00f3n de James Silva Duque, en septiembre de 2002.<\/p>\n<p>La v\u00edctima, quien se desempe\u00f1aba como funcionario de la Fiscal\u00eda en Villavicencio (Meta), fue interceptada en zona rural de Medina (Cundinamarca) y, supuestamente, traslada a un campamento del entonces frente 53 de las Farc en San Juanito (Meta). El material de prueba da cuenta de que habr\u00eda sido asesinada en cautiverio, sin que hasta el momento se haya encontrado el cuerpo.<\/p>\n<p>Informaci\u00f3n obtenida en el curso de la investigaci\u00f3n permiti\u00f3 establecer que, para la fecha de los hechos, \u2018Zarco Aldinever\u2019 era el cabecilla del citado frente y otras estructuras que delinqu\u00edan en el oriente del Cundinamarca y Meta, por lo que las acciones criminales realizadas por sus subalternos, al parecer, fueron de su pleno conocimiento o correspondieron a \u00f3rdenes o directrices que imparti\u00f3 en su rol de m\u00e1ximo jefe.<\/p>\n<p>En ese sentido, un fiscal de la Direcci\u00f3n Especializada contra las Violaciones a los Derechos Humanos acus\u00f3 a esta persona por los delitos de desaparici\u00f3n forzada, homicidio agravado y rebeli\u00f3n.<\/p>\n<p>Jos\u00e9 Aldinever Sierra Sabogal fue expulsado de la Jurisdicci\u00f3n Especial para la Paz (JEP) en octubre de 2019, luego de aparecer en un video junto a alias \u2018Iv\u00e1n M\u00e1rquez\u2019 y otros disidentes que anunciaron su rearme y la conformaci\u00f3n de un grupo residual.<\/p>\n<p>El juicio contra \u2018Zarco Aldinever\u2019 se realizar\u00e1 con fundamento en los par\u00e1metros definidos en la Ley 600 de 2000 (anterior Sistema Penal).<\/p>\n<p>Esta informaci\u00f3n se publica por razones de inter\u00e9s general.<\/p>\n<p>JARG\/DJR\/DECVDH.<\/p>\n<p><strong>La Fiscal\u00eda habla con resultados.<\/strong><\/p>\n<p><i>La informaci\u00f3n contenida en este bolet\u00edn de prensa corresponde a la narraci\u00f3n de los hechos noticiosos objetivos, suministrados por los funcionarios encargados de adelantar las investigaciones penales al interior de la Fiscal\u00eda General de la Naci\u00f3n. Para el momento de la divulgaci\u00f3n de este comunicado, la situaci\u00f3n jur\u00eddica de la(s) persona(s) relacionada(s) se encuentra pendiente de resolver por la autoridad judicial competente, siempre bajo los preceptos de la presunci\u00f3n de inocencia, consagrados en el art\u00edculo 29 de la Constituci\u00f3n Pol\u00edtica y el art\u00edculo 7\u00ba de la Ley 906 de 2004.<\/i><\/p>\n\n<div class=\"twitter-share\"><a href=\"https:\/\/twitter.com\/intent\/tweet?via=fiscaliacol\" class=\"twitter-share-button\">Tweet<\/a><\/div>\n","protected":false},"excerpt":{"rendered":"<p>Las investigaciones indican que, como jefe del entonces frente 53 de las FARC, estar\u00eda involucrado en la muerte y desaparici\u00f3n de un funcionario de la Fiscal\u00eda en el oriente del pa\u00eds. La Fiscal\u00eda General de la Naci\u00f3n libr\u00f3 orden de captura contra Jos\u00e9 Aldinever Sierra Sabogal, alias Zarco Aldinever, uno de los cabecillas de las [&hellip;]<\/p>\n","protected":false},"author":171,"featured_media":0,"comment_status":"closed","ping_status":"open","sticky":false,"template":"","format":"video","meta":{"_price":"","_stock":"","_tribe_ticket_header":"","_tribe_default_ticket_provider":"","_tribe_ticket_capacity":"0","_ticket_start_date":"","_ticket_end_date":"","_tribe_ticket_show_description":"","_tribe_ticket_show_not_going":false,"_tribe_ticket_use_global_stock":"","_tribe_ticket_global_stock_level":"","_global_stock_mode":"","_global_stock_cap":"","_tribe_rsvp_for_event":"","_tribe_ticket_going_count":"","_tribe_ticket_not_going_count":"","_tribe_tickets_list":"[]","_tribe_ticket_has_attendee_info_fields":false,"tdm_status":"","tdm_grid_status":"","footnotes":""},"categories":[24102],"tags":[24185,4614],"class_list":{"0":"post-217968","1":"post","2":"type-post","3":"status-publish","4":"format-video","6":"category-derechos-humanos","7":"tag-fiscal-barbosa","8":"tag-fiscalia-2","9":"post_format-post-format-video"},"yoast_head":"<!-- This site is optimized with the Yoast SEO plugin v24.3 - https:\/\/yoast.com\/wordpress\/plugins\/seo\/ -->\n<title>Fiscal\u00eda General de la Naci\u00f3n<\/title>\n<meta name=\"description\" content=\"P\u00e1gina oficial de la Fiscal\u00eda General de la Naci\u00f3n \u2013 Colombia. Garantizamos el acceso efectivo a la justicia, la verdad y la reparaci\u00f3n de las v\u00edctimas de los delitos.\" \/>\n<meta name=\"robots\" content=\"noindex, follow\" \/>\n<meta property=\"og:locale\" content=\"es_ES\" \/>\n<meta property=\"og:type\" content=\"article\" \/>\n<meta property=\"og:title\" content=\"Fiscal\u00eda General de la Naci\u00f3n\" \/>\n<meta property=\"og:description\" content=\"P\u00e1gina oficial de la Fiscal\u00eda General de la Naci\u00f3n \u2013 Colombia. Garantizamos el acceso efectivo a la justicia, la verdad y la reparaci\u00f3n de las v\u00edctimas de los delitos.\" \/>\n<meta property=\"og:url\" content=\"https:\/\/www.fiscalia.gov.co\/colombia\/derechos-humanos\/fiscalia-libra-orden-de-captura-contra-el-zarco-aldinever-presunto-cabecilla-de-las-disidencias-de-las-farc\/\" \/>\n<meta property=\"og:site_name\" content=\"Fiscal\u00eda General de la Naci\u00f3n\" \/>\n<meta property=\"article:publisher\" content=\"https:\/\/www.facebook.com\/FiscaliaCol\" \/>\n<meta property=\"article:published_time\" content=\"2021-04-19T12:19:40+00:00\" \/>\n<meta property=\"article:modified_time\" content=\"2021-04-22T15:18:28+00:00\" \/>\n<meta name=\"author\" content=\"Ana Mar\u00eda Gomez\" \/>\n<meta name=\"twitter:card\" content=\"summary_large_image\" \/>\n<meta name=\"twitter:creator\" content=\"@FiscaliaCol\" \/>\n<meta name=\"twitter:site\" content=\"@FiscaliaCol\" \/>\n<meta name=\"twitter:label1\" content=\"Escrito por\" \/>\n\t<meta name=\"twitter:data1\" content=\"Ana Mar\u00eda Gomez\" \/>\n\t<meta name=\"twitter:label2\" content=\"Tiempo de lectura\" \/>\n\t<meta name=\"twitter:data2\" content=\"2 minutos\" \/>\n<script type=\"application\/ld+json\" class=\"yoast-schema-graph\">{\"@context\":\"https:\/\/schema.org\",\"@graph\":[{\"@type\":\"Article\",\"@id\":\"https:\/\/www.fiscalia.gov.co\/colombia\/derechos-humanos\/fiscalia-libra-orden-de-captura-contra-el-zarco-aldinever-presunto-cabecilla-de-las-disidencias-de-las-farc\/#article\",\"isPartOf\":{\"@id\":\"https:\/\/www.fiscalia.gov.co\/colombia\/derechos-humanos\/fiscalia-libra-orden-de-captura-contra-el-zarco-aldinever-presunto-cabecilla-de-las-disidencias-de-las-farc\/\"},\"author\":{\"name\":\"Ana Mar\u00eda Gomez\",\"@id\":\"https:\/\/www.fiscalia.gov.co\/colombia\/#\/schema\/person\/06aa2210fe4d79203f428ff671dee360\"},\"headline\":\"Fiscal\u00eda libra orden de captura contra el \u2018Zarco Aldinever\u2019, presunto cabecilla de las disidencias de las Farc\",\"datePublished\":\"2021-04-19T12:19:40+00:00\",\"dateModified\":\"2021-04-22T15:18:28+00:00\",\"mainEntityOfPage\":{\"@id\":\"https:\/\/www.fiscalia.gov.co\/colombia\/derechos-humanos\/fiscalia-libra-orden-de-captura-contra-el-zarco-aldinever-presunto-cabecilla-de-las-disidencias-de-las-farc\/\"},\"wordCount\":458,\"publisher\":{\"@id\":\"https:\/\/www.fiscalia.gov.co\/colombia\/#organization\"},\"keywords\":[\"Fiscal Barbosa\",\"Fiscal\u00eda\"],\"articleSection\":[\"Derechos Humanos\"],\"inLanguage\":\"es-CO\"},{\"@type\":\"WebPage\",\"@id\":\"https:\/\/www.fiscalia.gov.co\/colombia\/derechos-humanos\/fiscalia-libra-orden-de-captura-contra-el-zarco-aldinever-presunto-cabecilla-de-las-disidencias-de-las-farc\/\",\"url\":\"https:\/\/www.fiscalia.gov.co\/colombia\/derechos-humanos\/fiscalia-libra-orden-de-captura-contra-el-zarco-aldinever-presunto-cabecilla-de-las-disidencias-de-las-farc\/\",\"name\":\"Fiscal\u00eda General de la Naci\u00f3n\",\"isPartOf\":{\"@id\":\"https:\/\/www.fiscalia.gov.co\/colombia\/#website\"},\"datePublished\":\"2021-04-19T12:19:40+00:00\",\"dateModified\":\"2021-04-22T15:18:28+00:00\",\"description\":\"P\u00e1gina oficial de la Fiscal\u00eda General de la Naci\u00f3n \u2013 Colombia. Garantizamos el acceso efectivo a la justicia, la verdad y la reparaci\u00f3n de las v\u00edctimas de los delitos.\",\"breadcrumb\":{\"@id\":\"https:\/\/www.fiscalia.gov.co\/colombia\/derechos-humanos\/fiscalia-libra-orden-de-captura-contra-el-zarco-aldinever-presunto-cabecilla-de-las-disidencias-de-las-farc\/#breadcrumb\"},\"inLanguage\":\"es-CO\",\"potentialAction\":[{\"@type\":\"ReadAction\",\"target\":[\"https:\/\/www.fiscalia.gov.co\/colombia\/derechos-humanos\/fiscalia-libra-orden-de-captura-contra-el-zarco-aldinever-presunto-cabecilla-de-las-disidencias-de-las-farc\/\"]}]},{\"@type\":\"BreadcrumbList\",\"@id\":\"https:\/\/www.fiscalia.gov.co\/colombia\/derechos-humanos\/fiscalia-libra-orden-de-captura-contra-el-zarco-aldinever-presunto-cabecilla-de-las-disidencias-de-las-farc\/#breadcrumb\",\"itemListElement\":[{\"@type\":\"ListItem\",\"position\":1,\"name\":\"Home\",\"item\":\"https:\/\/www.fiscalia.gov.co\/colombia\/\"},{\"@type\":\"ListItem\",\"position\":2,\"name\":\"Fiscal\u00eda libra orden de captura contra el \u2018Zarco Aldinever\u2019, presunto cabecilla de las disidencias de las Farc\"}]},{\"@type\":\"WebSite\",\"@id\":\"https:\/\/www.fiscalia.gov.co\/colombia\/#website\",\"url\":\"https:\/\/www.fiscalia.gov.co\/colombia\/\",\"name\":\"Fiscal\u00eda General de la Naci\u00f3n\",\"description\":\"P\u00e1gina oficial de la Fiscal\u00eda General de la Naci\u00f3n \u2013 Colombia. Garantizamos el acceso efectivo a la justicia, la verdad y la reparaci\u00f3n de las v\u00edctimas de los delitos.\",\"publisher\":{\"@id\":\"https:\/\/www.fiscalia.gov.co\/colombia\/#organization\"},\"potentialAction\":[{\"@type\":\"SearchAction\",\"target\":{\"@type\":\"EntryPoint\",\"urlTemplate\":\"https:\/\/www.fiscalia.gov.co\/colombia\/?s={search_term_string}\"},\"query-input\":{\"@type\":\"PropertyValueSpecification\",\"valueRequired\":true,\"valueName\":\"search_term_string\"}}],\"inLanguage\":\"es-CO\"},{\"@type\":\"Organization\",\"@id\":\"https:\/\/www.fiscalia.gov.co\/colombia\/#organization\",\"name\":\"Fiscal\u00eda General de la Naci\u00f3n\",\"url\":\"https:\/\/www.fiscalia.gov.co\/colombia\/\",\"logo\":{\"@type\":\"ImageObject\",\"inLanguage\":\"es-CO\",\"@id\":\"https:\/\/www.fiscalia.gov.co\/colombia\/#\/schema\/logo\/image\/\",\"url\":\"https:\/\/www.fiscalia.gov.co\/colombia\/wp-content\/uploads\/LogoHorizontal_1.jpg\",\"contentUrl\":\"https:\/\/www.fiscalia.gov.co\/colombia\/wp-content\/uploads\/LogoHorizontal_1.jpg\",\"width\":300,\"height\":90,\"caption\":\"Fiscal\u00eda General de la Naci\u00f3n\"},\"image\":{\"@id\":\"https:\/\/www.fiscalia.gov.co\/colombia\/#\/schema\/logo\/image\/\"},\"sameAs\":[\"https:\/\/www.facebook.com\/FiscaliaCol\",\"https:\/\/x.com\/FiscaliaCol\",\"https:\/\/www.instagram.com\/fiscaliacol\",\"https:\/\/www.linkedin.com\/company\/fiscalia-general-de-la-naci-n\/\",\"https:\/\/youtube.com\/@fiscaliageneraldelanacion-4668?si=6nN79nyQICPU5iTh\"]},{\"@type\":\"Person\",\"@id\":\"https:\/\/www.fiscalia.gov.co\/colombia\/#\/schema\/person\/06aa2210fe4d79203f428ff671dee360\",\"name\":\"Ana Mar\u00eda Gomez\",\"image\":{\"@type\":\"ImageObject\",\"inLanguage\":\"es-CO\",\"@id\":\"https:\/\/www.fiscalia.gov.co\/colombia\/#\/schema\/person\/image\/\",\"url\":\"https:\/\/secure.gravatar.com\/avatar\/a38115d98a7f8a96cbb96af2b2c37a0b?s=96&d=mm&r=g\",\"contentUrl\":\"https:\/\/secure.gravatar.com\/avatar\/a38115d98a7f8a96cbb96af2b2c37a0b?s=96&d=mm&r=g\",\"caption\":\"Ana Mar\u00eda Gomez\"},\"url\":\"https:\/\/www.fiscalia.gov.co\/colombia\/author\/agomez\/\"}]}<\/script>\n<!-- \/ Yoast SEO plugin. -->","yoast_head_json":{"title":"Fiscal\u00eda General de la Naci\u00f3n","description":"P\u00e1gina oficial de la Fiscal\u00eda General de la Naci\u00f3n \u2013 Colombia. Garantizamos el acceso efectivo a la justicia, la verdad y la reparaci\u00f3n de las v\u00edctimas de los delitos.","robots":{"index":"noindex","follow":"follow"},"og_locale":"es_ES","og_type":"article","og_title":"Fiscal\u00eda General de la Naci\u00f3n","og_description":"P\u00e1gina oficial de la Fiscal\u00eda General de la Naci\u00f3n \u2013 Colombia. Garantizamos el acceso efectivo a la justicia, la verdad y la reparaci\u00f3n de las v\u00edctimas de los delitos.","og_url":"https:\/\/www.fiscalia.gov.co\/colombia\/derechos-humanos\/fiscalia-libra-orden-de-captura-contra-el-zarco-aldinever-presunto-cabecilla-de-las-disidencias-de-las-farc\/","og_site_name":"Fiscal\u00eda General de la Naci\u00f3n","article_publisher":"https:\/\/www.facebook.com\/FiscaliaCol","article_published_time":"2021-04-19T12:19:40+00:00","article_modified_time":"2021-04-22T15:18:28+00:00","author":"Ana Mar\u00eda Gomez","twitter_card":"summary_large_image","twitter_creator":"@FiscaliaCol","twitter_site":"@FiscaliaCol","twitter_misc":{"Escrito por":"Ana Mar\u00eda Gomez","Tiempo de lectura":"2 minutos"},"schema":{"@context":"https:\/\/schema.org","@graph":[{"@type":"Article","@id":"https:\/\/www.fiscalia.gov.co\/colombia\/derechos-humanos\/fiscalia-libra-orden-de-captura-contra-el-zarco-aldinever-presunto-cabecilla-de-las-disidencias-de-las-farc\/#article","isPartOf":{"@id":"https:\/\/www.fiscalia.gov.co\/colombia\/derechos-humanos\/fiscalia-libra-orden-de-captura-contra-el-zarco-aldinever-presunto-cabecilla-de-las-disidencias-de-las-farc\/"},"author":{"name":"Ana Mar\u00eda Gomez","@id":"https:\/\/www.fiscalia.gov.co\/colombia\/#\/schema\/person\/06aa2210fe4d79203f428ff671dee360"},"headline":"Fiscal\u00eda libra orden de captura contra el \u2018Zarco Aldinever\u2019, presunto cabecilla de las disidencias de las Farc","datePublished":"2021-04-19T12:19:40+00:00","dateModified":"2021-04-22T15:18:28+00:00","mainEntityOfPage":{"@id":"https:\/\/www.fiscalia.gov.co\/colombia\/derechos-humanos\/fiscalia-libra-orden-de-captura-contra-el-zarco-aldinever-presunto-cabecilla-de-las-disidencias-de-las-farc\/"},"wordCount":458,"publisher":{"@id":"https:\/\/www.fiscalia.gov.co\/colombia\/#organization"},"keywords":["Fiscal Barbosa","Fiscal\u00eda"],"articleSection":["Derechos Humanos"],"inLanguage":"es-CO"},{"@type":"WebPage","@id":"https:\/\/www.fiscalia.gov.co\/colombia\/derechos-humanos\/fiscalia-libra-orden-de-captura-contra-el-zarco-aldinever-presunto-cabecilla-de-las-disidencias-de-las-farc\/","url":"https:\/\/www.fiscalia.gov.co\/colombia\/derechos-humanos\/fiscalia-libra-orden-de-captura-contra-el-zarco-aldinever-presunto-cabecilla-de-las-disidencias-de-las-farc\/","name":"Fiscal\u00eda General de la Naci\u00f3n","isPartOf":{"@id":"https:\/\/www.fiscalia.gov.co\/colombia\/#website"},"datePublished":"2021-04-19T12:19:40+00:00","dateModified":"2021-04-22T15:18:28+00:00","description":"P\u00e1gina oficial de la Fiscal\u00eda General de la Naci\u00f3n \u2013 Colombia. Garantizamos el acceso efectivo a la justicia, la verdad y la reparaci\u00f3n de las v\u00edctimas de los delitos.","breadcrumb":{"@id":"https:\/\/www.fiscalia.gov.co\/colombia\/derechos-humanos\/fiscalia-libra-orden-de-captura-contra-el-zarco-aldinever-presunto-cabecilla-de-las-disidencias-de-las-farc\/#breadcrumb"},"inLanguage":"es-CO","potentialAction":[{"@type":"ReadAction","target":["https:\/\/www.fiscalia.gov.co\/colombia\/derechos-humanos\/fiscalia-libra-orden-de-captura-contra-el-zarco-aldinever-presunto-cabecilla-de-las-disidencias-de-las-farc\/"]}]},{"@type":"BreadcrumbList","@id":"https:\/\/www.fiscalia.gov.co\/colombia\/derechos-humanos\/fiscalia-libra-orden-de-captura-contra-el-zarco-aldinever-presunto-cabecilla-de-las-disidencias-de-las-farc\/#breadcrumb","itemListElement":[{"@type":"ListItem","position":1,"name":"Home","item":"https:\/\/www.fiscalia.gov.co\/colombia\/"},{"@type":"ListItem","position":2,"name":"Fiscal\u00eda libra orden de captura contra el \u2018Zarco Aldinever\u2019, presunto cabecilla de las disidencias de las Farc"}]},{"@type":"WebSite","@id":"https:\/\/www.fiscalia.gov.co\/colombia\/#website","url":"https:\/\/www.fiscalia.gov.co\/colombia\/","name":"Fiscal\u00eda General de la Naci\u00f3n","description":"P\u00e1gina oficial de la Fiscal\u00eda General de la Naci\u00f3n \u2013 Colombia. Garantizamos el acceso efectivo a la justicia, la verdad y la reparaci\u00f3n de las v\u00edctimas de los delitos.","publisher":{"@id":"https:\/\/www.fiscalia.gov.co\/colombia\/#organization"},"potentialAction":[{"@type":"SearchAction","target":{"@type":"EntryPoint","urlTemplate":"https:\/\/www.fiscalia.gov.co\/colombia\/?s={search_term_string}"},"query-input":{"@type":"PropertyValueSpecification","valueRequired":true,"valueName":"search_term_string"}}],"inLanguage":"es-CO"},{"@type":"Organization","@id":"https:\/\/www.fiscalia.gov.co\/colombia\/#organization","name":"Fiscal\u00eda General de la Naci\u00f3n","url":"https:\/\/www.fiscalia.gov.co\/colombia\/","logo":{"@type":"ImageObject","inLanguage":"es-CO","@id":"https:\/\/www.fiscalia.gov.co\/colombia\/#\/schema\/logo\/image\/","url":"https:\/\/www.fiscalia.gov.co\/colombia\/wp-content\/uploads\/LogoHorizontal_1.jpg","contentUrl":"https:\/\/www.fiscalia.gov.co\/colombia\/wp-content\/uploads\/LogoHorizontal_1.jpg","width":300,"height":90,"caption":"Fiscal\u00eda General de la Naci\u00f3n"},"image":{"@id":"https:\/\/www.fiscalia.gov.co\/colombia\/#\/schema\/logo\/image\/"},"sameAs":["https:\/\/www.facebook.com\/FiscaliaCol","https:\/\/x.com\/FiscaliaCol","https:\/\/www.instagram.com\/fiscaliacol","https:\/\/www.linkedin.com\/company\/fiscalia-general-de-la-naci-n\/","https:\/\/youtube.com\/@fiscaliageneraldelanacion-4668?si=6nN79nyQICPU5iTh"]},{"@type":"Person","@id":"https:\/\/www.fiscalia.gov.co\/colombia\/#\/schema\/person\/06aa2210fe4d79203f428ff671dee360","name":"Ana Mar\u00eda Gomez","image":{"@type":"ImageObject","inLanguage":"es-CO","@id":"https:\/\/www.fiscalia.gov.co\/colombia\/#\/schema\/person\/image\/","url":"https:\/\/secure.gravatar.com\/avatar\/a38115d98a7f8a96cbb96af2b2c37a0b?s=96&d=mm&r=g","contentUrl":"https:\/\/secure.gravatar.com\/avatar\/a38115d98a7f8a96cbb96af2b2c37a0b?s=96&d=mm&r=g","caption":"Ana Mar\u00eda Gomez"},"url":"https:\/\/www.fiscalia.gov.co\/colombia\/author\/agomez\/"}]}},"_links":{"self":[{"href":"https:\/\/www.fiscalia.gov.co\/colombia\/wp-json\/wp\/v2\/posts\/217968","targetHints":{"allow":["GET"]}}],"collection":[{"href":"https:\/\/www.fiscalia.gov.co\/colombia\/wp-json\/wp\/v2\/posts"}],"about":[{"href":"https:\/\/www.fiscalia.gov.co\/colombia\/wp-json\/wp\/v2\/types\/post"}],"author":[{"embeddable":true,"href":"https:\/\/www.fiscalia.gov.co\/colombia\/wp-json\/wp\/v2\/users\/171"}],"replies":[{"embeddable":true,"href":"https:\/\/www.fiscalia.gov.co\/colombia\/wp-json\/wp\/v2\/comments?post=217968"}],"version-history":[{"count":1,"href":"https:\/\/www.fiscalia.gov.co\/colombia\/wp-json\/wp\/v2\/posts\/217968\/revisions"}],"predecessor-version":[{"id":217972,"href":"https:\/\/www.fiscalia.gov.co\/colombia\/wp-json\/wp\/v2\/posts\/217968\/revisions\/217972"}],"wp:attachment":[{"href":"https:\/\/www.fiscalia.gov.co\/colombia\/wp-json\/wp\/v2\/media?parent=217968"}],"wp:term":[{"taxonomy":"category","embeddable":true,"href":"https:\/\/www.fiscalia.gov.co\/colombia\/wp-json\/wp\/v2\/categories?post=217968"},{"taxonomy":"post_tag","embeddable":true,"href":"https:\/\/www.fiscalia.gov.co\/colombia\/wp-json\/wp\/v2\/tags?post=217968"}],"curies":[{"name":"wp","href":"https:\/\/api.w.org\/{rel}","templated":true}]}}