{"id":217963,"date":"2021-04-18T14:02:47","date_gmt":"2021-04-18T19:02:47","guid":{"rendered":"https:\/\/www.fiscalia.gov.co\/colombia\/?p=217963"},"modified":"2021-04-22T10:17:43","modified_gmt":"2021-04-22T15:17:43","slug":"nuevas-acciones-judiciales-de-la-fiscalia-por-ataques-a-perros-en-tolima-santander-y-valle-del-cauca","status":"publish","type":"post","link":"https:\/\/www.fiscalia.gov.co\/colombia\/noticias\/nuevas-acciones-judiciales-de-la-fiscalia-por-ataques-a-perros-en-tolima-santander-y-valle-del-cauca\/","title":{"rendered":"Nuevas acciones judiciales de la Fiscal\u00eda por ataques a perros en Tolima, Santander y Valle del Cauca"},"content":{"rendered":"<blockquote>\n<h4 style=\"text-align: left;\"><strong><i><span lang=\"ES-TRAD\">En uno de los casos, muri\u00f3 un animal de compa\u00f1\u00eda por envenenamiento.<\/span><\/i><\/strong><\/h4>\n<\/blockquote>\n<p><span lang=\"ES-TRAD\">La Fiscal\u00eda General de la Naci\u00f3n avanza en la identificaci\u00f3n y judicializaci\u00f3n de los se\u00f1alados\u00a0<a href=\"https:\/\/www.fiscalia.gov.co\/colombia\/noticias\/fiscalia-imputo-a-presuntos-responsables-de-maltrato-animal-en-narino-y-santander\/\" target=\"_blank\" rel=\"noopener noreferrer\">responsables de maltrato animal.<\/a>\u00a0Esta vez,\u00a0<b>fiscales del grupo Gelma llevaron ante jueces de control de garant\u00edas a tres hombres investigados por atacar perros en M\u00e1laga (Santander), Fresno (Tolima) y Vijes (Valle del Cauca).\u00a0<\/b><\/span><\/p>\n<p><b><u><span lang=\"ES-TRAD\">Chester pierde la visi\u00f3n\u00a0\u00a0<\/span><\/u><\/b><\/p>\n<p><span lang=\"ES-TRAD\">La Fiscal\u00eda imput\u00f3 el delito de maltrato animal a Germ\u00e1n Ra\u00fal Medina Torres, quien ser\u00eda el responsable de agredir a \u2018Chester\u2019, un perro de propiedad de su hermano.\u00a0<\/span><\/p>\n<p><b><span lang=\"ES-TRAD\">Al parecer, el hombre se molest\u00f3 porque el canino le ladr\u00f3 al llegar al inmueble y lo atac\u00f3 con arma blanca.\u00a0\u00a0<\/span><\/b><\/p>\n<p><span lang=\"ES-TRAD\">\u2018Chester\u2019 recibi\u00f3 atenci\u00f3n veterinaria y sobrevivi\u00f3. Sin embargo, perdi\u00f3 la visi\u00f3n de uno sus ojos. De acuerdo con los testimonios recaudados, Medina Torres habr\u00eda golpeado en anteriores ocasiones a los animales de compa\u00f1\u00eda de sus vecinos.\u00a0<\/span><\/p>\n<p><b><u><span lang=\"ES-TRAD\">Ataque con arma cortopunzante\u00a0<\/span><\/u><\/b><\/p>\n<p><span lang=\"ES-TRAD\">Ante un juez de control de garant\u00edas fue presentado \u00d3scar Fabio Mac\u00edas, como presunto responsable de lesionar con arma blanca a un pitbull, en la vereda La Camelia, en zona rural de Vijes (Valle del Cauca).\u00a0<\/span><\/p>\n<p><span lang=\"ES-TRAD\">El ataque se registr\u00f3 el 29 de septiembre de 2020.\u00a0<b>Los elementos de prueba indican que el perro les ladr\u00f3 a unos animales de compa\u00f1\u00eda que iban con el hoy procesado, quien habr\u00eda agredido al canino en el dorso.\u00a0<\/b>El pitbull fue intervenido quir\u00fargicamente.\u00a0\u00a0<\/span><\/p>\n<p><span lang=\"ES-TRAD\">La Fiscal\u00eda General de la Naci\u00f3n imput\u00f3 a \u00d3scar Fabio Mac\u00edas el delito de maltrato animal.\u00a0\u00a0<\/span><\/p>\n<p><b><u><span lang=\"ES-TRAD\">Brisa muri\u00f3 por envenenamiento\u00a0\u00a0<\/span><\/u><\/b><\/p>\n<p><span lang=\"ES-TRAD\">Por el delito de maltrato animal tambi\u00e9n fue imputado V\u00edctor Alfonso T\u00e9llez Morales. Esta persona, supuestamente, envenen\u00f3 a \u2018Brisa\u2019, una perra de propiedad de una de sus vecinas del barrio San Luis, en Fresno (Tolima).\u00a0\u00a0<\/span><\/p>\n<p><span lang=\"ES-TRAD\">Los hechos investigados ocurrieron el 25 de julio de 2020. \u2018Brisa\u2019 sali\u00f3 al solar de la vivienda y media hora despu\u00e9s ingres\u00f3 al inmueble convulsionando. Los due\u00f1os intentaron auxiliarla, pero muri\u00f3.\u00a0\u00a0<\/span><\/p>\n<p><b><span lang=\"ES-TRAD\">La Fiscal\u00eda estableci\u00f3 que T\u00e9llez Morales, presuntamente, le dio al animal comida contaminada con un qu\u00edmico altamente t\u00f3xico.<\/span><\/b><span lang=\"ES-TRAD\">\u00a0El informe de necropsia se\u00f1al\u00f3 que esta fue la causa del envenenamiento.\u00a0\u00a0<\/span><\/p>\n<p><span lang=\"ES-TRAD\">El fiscal coordinar del Grupo Especial para la Lucha contra el Maltrato Animal (Gelma), Alejandro Gaviria, hizo un llamado a la ciudadan\u00eda para que denuncie de manera inmediata cualquier hecho que ponga en riesgo la vida, integridad f\u00edsica y emocional de los animales.\u00a0\u00a0\u00a0<\/span><\/p>\n<p><span lang=\"ES-TRAD\">AMCJ\/JARG\/MRC\/AG\u00a0<\/span><\/p>\n<p align=\"center\"><b><span lang=\"ES-TRAD\">La Fiscal\u00eda habla con resultados\u00a0<\/span><\/b><\/p>\n\n<div class=\"twitter-share\"><a href=\"https:\/\/twitter.com\/intent\/tweet?via=fiscaliacol\" class=\"twitter-share-button\">Tweet<\/a><\/div>\n","protected":false},"excerpt":{"rendered":"<p>En uno de los casos, muri\u00f3 un animal de compa\u00f1\u00eda por envenenamiento. La Fiscal\u00eda General de la Naci\u00f3n avanza en la identificaci\u00f3n y judicializaci\u00f3n de los se\u00f1alados\u00a0responsables de maltrato animal.\u00a0Esta vez,\u00a0fiscales del grupo Gelma llevaron ante jueces de control de garant\u00edas a tres hombres investigados por atacar perros en M\u00e1laga (Santander), Fresno (Tolima) y Vijes [&hellip;]<\/p>\n","protected":false},"author":171,"featured_media":0,"comment_status":"closed","ping_status":"open","sticky":false,"template":"","format":"video","meta":{"_price":"","_stock":"","_tribe_ticket_header":"","_tribe_default_ticket_provider":"","_tribe_ticket_capacity":"0","_ticket_start_date":"","_ticket_end_date":"","_tribe_ticket_show_description":"","_tribe_ticket_show_not_going":false,"_tribe_ticket_use_global_stock":"","_tribe_ticket_global_stock_level":"","_global_stock_mode":"","_global_stock_cap":"","_tribe_rsvp_for_event":"","_tribe_ticket_going_count":"","_tribe_ticket_not_going_count":"","_tribe_tickets_list":"[]","_tribe_ticket_has_attendee_info_fields":false,"tdm_status":"","tdm_grid_status":"","footnotes":""},"categories":[1],"tags":[24185,4614,24282],"class_list":{"0":"post-217963","1":"post","2":"type-post","3":"status-publish","4":"format-video","6":"category-noticias","7":"tag-fiscal-barbosa","8":"tag-fiscalia-2","9":"tag-gelma","10":"post_format-post-format-video"},"yoast_head":"<!-- This site is optimized with the Yoast SEO plugin v24.3 - https:\/\/yoast.com\/wordpress\/plugins\/seo\/ -->\n<title>Fiscal\u00eda General de la Naci\u00f3n<\/title>\n<meta name=\"description\" content=\"P\u00e1gina oficial de la Fiscal\u00eda General de la Naci\u00f3n \u2013 Colombia. Garantizamos el acceso efectivo a la justicia, la verdad y la reparaci\u00f3n de las v\u00edctimas de los delitos.\" \/>\n<meta name=\"robots\" content=\"noindex, follow\" \/>\n<meta property=\"og:locale\" content=\"es_ES\" \/>\n<meta property=\"og:type\" content=\"article\" \/>\n<meta property=\"og:title\" content=\"Fiscal\u00eda General de la Naci\u00f3n\" \/>\n<meta property=\"og:description\" content=\"P\u00e1gina oficial de la Fiscal\u00eda General de la Naci\u00f3n \u2013 Colombia. Garantizamos el acceso efectivo a la justicia, la verdad y la reparaci\u00f3n de las v\u00edctimas de los delitos.\" \/>\n<meta property=\"og:url\" content=\"https:\/\/www.fiscalia.gov.co\/colombia\/noticias\/nuevas-acciones-judiciales-de-la-fiscalia-por-ataques-a-perros-en-tolima-santander-y-valle-del-cauca\/\" \/>\n<meta property=\"og:site_name\" content=\"Fiscal\u00eda General de la Naci\u00f3n\" \/>\n<meta property=\"article:publisher\" content=\"https:\/\/www.facebook.com\/FiscaliaCol\" \/>\n<meta property=\"article:published_time\" content=\"2021-04-18T19:02:47+00:00\" \/>\n<meta property=\"article:modified_time\" content=\"2021-04-22T15:17:43+00:00\" \/>\n<meta name=\"author\" content=\"Ana Mar\u00eda Gomez\" \/>\n<meta name=\"twitter:card\" content=\"summary_large_image\" \/>\n<meta name=\"twitter:creator\" content=\"@FiscaliaCol\" \/>\n<meta name=\"twitter:site\" content=\"@FiscaliaCol\" \/>\n<meta name=\"twitter:label1\" content=\"Escrito por\" \/>\n\t<meta name=\"twitter:data1\" content=\"Ana Mar\u00eda Gomez\" \/>\n\t<meta name=\"twitter:label2\" content=\"Tiempo de lectura\" \/>\n\t<meta name=\"twitter:data2\" content=\"2 minutos\" \/>\n<script type=\"application\/ld+json\" class=\"yoast-schema-graph\">{\"@context\":\"https:\/\/schema.org\",\"@graph\":[{\"@type\":\"Article\",\"@id\":\"https:\/\/www.fiscalia.gov.co\/colombia\/noticias\/nuevas-acciones-judiciales-de-la-fiscalia-por-ataques-a-perros-en-tolima-santander-y-valle-del-cauca\/#article\",\"isPartOf\":{\"@id\":\"https:\/\/www.fiscalia.gov.co\/colombia\/noticias\/nuevas-acciones-judiciales-de-la-fiscalia-por-ataques-a-perros-en-tolima-santander-y-valle-del-cauca\/\"},\"author\":{\"name\":\"Ana Mar\u00eda Gomez\",\"@id\":\"https:\/\/www.fiscalia.gov.co\/colombia\/#\/schema\/person\/06aa2210fe4d79203f428ff671dee360\"},\"headline\":\"Nuevas acciones judiciales de la Fiscal\u00eda por ataques a perros en Tolima, Santander y Valle del Cauca\",\"datePublished\":\"2021-04-18T19:02:47+00:00\",\"dateModified\":\"2021-04-22T15:17:43+00:00\",\"mainEntityOfPage\":{\"@id\":\"https:\/\/www.fiscalia.gov.co\/colombia\/noticias\/nuevas-acciones-judiciales-de-la-fiscalia-por-ataques-a-perros-en-tolima-santander-y-valle-del-cauca\/\"},\"wordCount\":454,\"publisher\":{\"@id\":\"https:\/\/www.fiscalia.gov.co\/colombia\/#organization\"},\"keywords\":[\"Fiscal Barbosa\",\"Fiscal\u00eda\",\"Gelma\"],\"articleSection\":[\"Noticias\"],\"inLanguage\":\"es-CO\"},{\"@type\":\"WebPage\",\"@id\":\"https:\/\/www.fiscalia.gov.co\/colombia\/noticias\/nuevas-acciones-judiciales-de-la-fiscalia-por-ataques-a-perros-en-tolima-santander-y-valle-del-cauca\/\",\"url\":\"https:\/\/www.fiscalia.gov.co\/colombia\/noticias\/nuevas-acciones-judiciales-de-la-fiscalia-por-ataques-a-perros-en-tolima-santander-y-valle-del-cauca\/\",\"name\":\"Fiscal\u00eda General de la Naci\u00f3n\",\"isPartOf\":{\"@id\":\"https:\/\/www.fiscalia.gov.co\/colombia\/#website\"},\"datePublished\":\"2021-04-18T19:02:47+00:00\",\"dateModified\":\"2021-04-22T15:17:43+00:00\",\"description\":\"P\u00e1gina oficial de la Fiscal\u00eda General de la Naci\u00f3n \u2013 Colombia. Garantizamos el acceso efectivo a la justicia, la verdad y la reparaci\u00f3n de las v\u00edctimas de los delitos.\",\"breadcrumb\":{\"@id\":\"https:\/\/www.fiscalia.gov.co\/colombia\/noticias\/nuevas-acciones-judiciales-de-la-fiscalia-por-ataques-a-perros-en-tolima-santander-y-valle-del-cauca\/#breadcrumb\"},\"inLanguage\":\"es-CO\",\"potentialAction\":[{\"@type\":\"ReadAction\",\"target\":[\"https:\/\/www.fiscalia.gov.co\/colombia\/noticias\/nuevas-acciones-judiciales-de-la-fiscalia-por-ataques-a-perros-en-tolima-santander-y-valle-del-cauca\/\"]}]},{\"@type\":\"BreadcrumbList\",\"@id\":\"https:\/\/www.fiscalia.gov.co\/colombia\/noticias\/nuevas-acciones-judiciales-de-la-fiscalia-por-ataques-a-perros-en-tolima-santander-y-valle-del-cauca\/#breadcrumb\",\"itemListElement\":[{\"@type\":\"ListItem\",\"position\":1,\"name\":\"Home\",\"item\":\"https:\/\/www.fiscalia.gov.co\/colombia\/\"},{\"@type\":\"ListItem\",\"position\":2,\"name\":\"Nuevas acciones judiciales de la Fiscal\u00eda por ataques a perros en Tolima, Santander y Valle del Cauca\"}]},{\"@type\":\"WebSite\",\"@id\":\"https:\/\/www.fiscalia.gov.co\/colombia\/#website\",\"url\":\"https:\/\/www.fiscalia.gov.co\/colombia\/\",\"name\":\"Fiscal\u00eda General de la Naci\u00f3n\",\"description\":\"P\u00e1gina oficial de la Fiscal\u00eda General de la Naci\u00f3n \u2013 Colombia. Garantizamos el acceso efectivo a la justicia, la verdad y la reparaci\u00f3n de las v\u00edctimas de los delitos.\",\"publisher\":{\"@id\":\"https:\/\/www.fiscalia.gov.co\/colombia\/#organization\"},\"potentialAction\":[{\"@type\":\"SearchAction\",\"target\":{\"@type\":\"EntryPoint\",\"urlTemplate\":\"https:\/\/www.fiscalia.gov.co\/colombia\/?s={search_term_string}\"},\"query-input\":{\"@type\":\"PropertyValueSpecification\",\"valueRequired\":true,\"valueName\":\"search_term_string\"}}],\"inLanguage\":\"es-CO\"},{\"@type\":\"Organization\",\"@id\":\"https:\/\/www.fiscalia.gov.co\/colombia\/#organization\",\"name\":\"Fiscal\u00eda General de la Naci\u00f3n\",\"url\":\"https:\/\/www.fiscalia.gov.co\/colombia\/\",\"logo\":{\"@type\":\"ImageObject\",\"inLanguage\":\"es-CO\",\"@id\":\"https:\/\/www.fiscalia.gov.co\/colombia\/#\/schema\/logo\/image\/\",\"url\":\"https:\/\/www.fiscalia.gov.co\/colombia\/wp-content\/uploads\/LogoHorizontal_1.jpg\",\"contentUrl\":\"https:\/\/www.fiscalia.gov.co\/colombia\/wp-content\/uploads\/LogoHorizontal_1.jpg\",\"width\":300,\"height\":90,\"caption\":\"Fiscal\u00eda General de la Naci\u00f3n\"},\"image\":{\"@id\":\"https:\/\/www.fiscalia.gov.co\/colombia\/#\/schema\/logo\/image\/\"},\"sameAs\":[\"https:\/\/www.facebook.com\/FiscaliaCol\",\"https:\/\/x.com\/FiscaliaCol\",\"https:\/\/www.instagram.com\/fiscaliacol\",\"https:\/\/www.linkedin.com\/company\/fiscalia-general-de-la-naci-n\/\",\"https:\/\/youtube.com\/@fiscaliageneraldelanacion-4668?si=6nN79nyQICPU5iTh\"]},{\"@type\":\"Person\",\"@id\":\"https:\/\/www.fiscalia.gov.co\/colombia\/#\/schema\/person\/06aa2210fe4d79203f428ff671dee360\",\"name\":\"Ana Mar\u00eda Gomez\",\"image\":{\"@type\":\"ImageObject\",\"inLanguage\":\"es-CO\",\"@id\":\"https:\/\/www.fiscalia.gov.co\/colombia\/#\/schema\/person\/image\/\",\"url\":\"https:\/\/secure.gravatar.com\/avatar\/a38115d98a7f8a96cbb96af2b2c37a0b?s=96&d=mm&r=g\",\"contentUrl\":\"https:\/\/secure.gravatar.com\/avatar\/a38115d98a7f8a96cbb96af2b2c37a0b?s=96&d=mm&r=g\",\"caption\":\"Ana Mar\u00eda Gomez\"},\"url\":\"https:\/\/www.fiscalia.gov.co\/colombia\/author\/agomez\/\"}]}<\/script>\n<!-- \/ Yoast SEO plugin. -->","yoast_head_json":{"title":"Fiscal\u00eda General de la Naci\u00f3n","description":"P\u00e1gina oficial de la Fiscal\u00eda General de la Naci\u00f3n \u2013 Colombia. Garantizamos el acceso efectivo a la justicia, la verdad y la reparaci\u00f3n de las v\u00edctimas de los delitos.","robots":{"index":"noindex","follow":"follow"},"og_locale":"es_ES","og_type":"article","og_title":"Fiscal\u00eda General de la Naci\u00f3n","og_description":"P\u00e1gina oficial de la Fiscal\u00eda General de la Naci\u00f3n \u2013 Colombia. Garantizamos el acceso efectivo a la justicia, la verdad y la reparaci\u00f3n de las v\u00edctimas de los delitos.","og_url":"https:\/\/www.fiscalia.gov.co\/colombia\/noticias\/nuevas-acciones-judiciales-de-la-fiscalia-por-ataques-a-perros-en-tolima-santander-y-valle-del-cauca\/","og_site_name":"Fiscal\u00eda General de la Naci\u00f3n","article_publisher":"https:\/\/www.facebook.com\/FiscaliaCol","article_published_time":"2021-04-18T19:02:47+00:00","article_modified_time":"2021-04-22T15:17:43+00:00","author":"Ana Mar\u00eda Gomez","twitter_card":"summary_large_image","twitter_creator":"@FiscaliaCol","twitter_site":"@FiscaliaCol","twitter_misc":{"Escrito por":"Ana Mar\u00eda Gomez","Tiempo de lectura":"2 minutos"},"schema":{"@context":"https:\/\/schema.org","@graph":[{"@type":"Article","@id":"https:\/\/www.fiscalia.gov.co\/colombia\/noticias\/nuevas-acciones-judiciales-de-la-fiscalia-por-ataques-a-perros-en-tolima-santander-y-valle-del-cauca\/#article","isPartOf":{"@id":"https:\/\/www.fiscalia.gov.co\/colombia\/noticias\/nuevas-acciones-judiciales-de-la-fiscalia-por-ataques-a-perros-en-tolima-santander-y-valle-del-cauca\/"},"author":{"name":"Ana Mar\u00eda Gomez","@id":"https:\/\/www.fiscalia.gov.co\/colombia\/#\/schema\/person\/06aa2210fe4d79203f428ff671dee360"},"headline":"Nuevas acciones judiciales de la Fiscal\u00eda por ataques a perros en Tolima, Santander y Valle del Cauca","datePublished":"2021-04-18T19:02:47+00:00","dateModified":"2021-04-22T15:17:43+00:00","mainEntityOfPage":{"@id":"https:\/\/www.fiscalia.gov.co\/colombia\/noticias\/nuevas-acciones-judiciales-de-la-fiscalia-por-ataques-a-perros-en-tolima-santander-y-valle-del-cauca\/"},"wordCount":454,"publisher":{"@id":"https:\/\/www.fiscalia.gov.co\/colombia\/#organization"},"keywords":["Fiscal Barbosa","Fiscal\u00eda","Gelma"],"articleSection":["Noticias"],"inLanguage":"es-CO"},{"@type":"WebPage","@id":"https:\/\/www.fiscalia.gov.co\/colombia\/noticias\/nuevas-acciones-judiciales-de-la-fiscalia-por-ataques-a-perros-en-tolima-santander-y-valle-del-cauca\/","url":"https:\/\/www.fiscalia.gov.co\/colombia\/noticias\/nuevas-acciones-judiciales-de-la-fiscalia-por-ataques-a-perros-en-tolima-santander-y-valle-del-cauca\/","name":"Fiscal\u00eda General de la Naci\u00f3n","isPartOf":{"@id":"https:\/\/www.fiscalia.gov.co\/colombia\/#website"},"datePublished":"2021-04-18T19:02:47+00:00","dateModified":"2021-04-22T15:17:43+00:00","description":"P\u00e1gina oficial de la Fiscal\u00eda General de la Naci\u00f3n \u2013 Colombia. Garantizamos el acceso efectivo a la justicia, la verdad y la reparaci\u00f3n de las v\u00edctimas de los delitos.","breadcrumb":{"@id":"https:\/\/www.fiscalia.gov.co\/colombia\/noticias\/nuevas-acciones-judiciales-de-la-fiscalia-por-ataques-a-perros-en-tolima-santander-y-valle-del-cauca\/#breadcrumb"},"inLanguage":"es-CO","potentialAction":[{"@type":"ReadAction","target":["https:\/\/www.fiscalia.gov.co\/colombia\/noticias\/nuevas-acciones-judiciales-de-la-fiscalia-por-ataques-a-perros-en-tolima-santander-y-valle-del-cauca\/"]}]},{"@type":"BreadcrumbList","@id":"https:\/\/www.fiscalia.gov.co\/colombia\/noticias\/nuevas-acciones-judiciales-de-la-fiscalia-por-ataques-a-perros-en-tolima-santander-y-valle-del-cauca\/#breadcrumb","itemListElement":[{"@type":"ListItem","position":1,"name":"Home","item":"https:\/\/www.fiscalia.gov.co\/colombia\/"},{"@type":"ListItem","position":2,"name":"Nuevas acciones judiciales de la Fiscal\u00eda por ataques a perros en Tolima, Santander y Valle del Cauca"}]},{"@type":"WebSite","@id":"https:\/\/www.fiscalia.gov.co\/colombia\/#website","url":"https:\/\/www.fiscalia.gov.co\/colombia\/","name":"Fiscal\u00eda General de la Naci\u00f3n","description":"P\u00e1gina oficial de la Fiscal\u00eda General de la Naci\u00f3n \u2013 Colombia. Garantizamos el acceso efectivo a la justicia, la verdad y la reparaci\u00f3n de las v\u00edctimas de los delitos.","publisher":{"@id":"https:\/\/www.fiscalia.gov.co\/colombia\/#organization"},"potentialAction":[{"@type":"SearchAction","target":{"@type":"EntryPoint","urlTemplate":"https:\/\/www.fiscalia.gov.co\/colombia\/?s={search_term_string}"},"query-input":{"@type":"PropertyValueSpecification","valueRequired":true,"valueName":"search_term_string"}}],"inLanguage":"es-CO"},{"@type":"Organization","@id":"https:\/\/www.fiscalia.gov.co\/colombia\/#organization","name":"Fiscal\u00eda General de la Naci\u00f3n","url":"https:\/\/www.fiscalia.gov.co\/colombia\/","logo":{"@type":"ImageObject","inLanguage":"es-CO","@id":"https:\/\/www.fiscalia.gov.co\/colombia\/#\/schema\/logo\/image\/","url":"https:\/\/www.fiscalia.gov.co\/colombia\/wp-content\/uploads\/LogoHorizontal_1.jpg","contentUrl":"https:\/\/www.fiscalia.gov.co\/colombia\/wp-content\/uploads\/LogoHorizontal_1.jpg","width":300,"height":90,"caption":"Fiscal\u00eda General de la Naci\u00f3n"},"image":{"@id":"https:\/\/www.fiscalia.gov.co\/colombia\/#\/schema\/logo\/image\/"},"sameAs":["https:\/\/www.facebook.com\/FiscaliaCol","https:\/\/x.com\/FiscaliaCol","https:\/\/www.instagram.com\/fiscaliacol","https:\/\/www.linkedin.com\/company\/fiscalia-general-de-la-naci-n\/","https:\/\/youtube.com\/@fiscaliageneraldelanacion-4668?si=6nN79nyQICPU5iTh"]},{"@type":"Person","@id":"https:\/\/www.fiscalia.gov.co\/colombia\/#\/schema\/person\/06aa2210fe4d79203f428ff671dee360","name":"Ana Mar\u00eda Gomez","image":{"@type":"ImageObject","inLanguage":"es-CO","@id":"https:\/\/www.fiscalia.gov.co\/colombia\/#\/schema\/person\/image\/","url":"https:\/\/secure.gravatar.com\/avatar\/a38115d98a7f8a96cbb96af2b2c37a0b?s=96&d=mm&r=g","contentUrl":"https:\/\/secure.gravatar.com\/avatar\/a38115d98a7f8a96cbb96af2b2c37a0b?s=96&d=mm&r=g","caption":"Ana Mar\u00eda Gomez"},"url":"https:\/\/www.fiscalia.gov.co\/colombia\/author\/agomez\/"}]}},"_links":{"self":[{"href":"https:\/\/www.fiscalia.gov.co\/colombia\/wp-json\/wp\/v2\/posts\/217963","targetHints":{"allow":["GET"]}}],"collection":[{"href":"https:\/\/www.fiscalia.gov.co\/colombia\/wp-json\/wp\/v2\/posts"}],"about":[{"href":"https:\/\/www.fiscalia.gov.co\/colombia\/wp-json\/wp\/v2\/types\/post"}],"author":[{"embeddable":true,"href":"https:\/\/www.fiscalia.gov.co\/colombia\/wp-json\/wp\/v2\/users\/171"}],"replies":[{"embeddable":true,"href":"https:\/\/www.fiscalia.gov.co\/colombia\/wp-json\/wp\/v2\/comments?post=217963"}],"version-history":[{"count":1,"href":"https:\/\/www.fiscalia.gov.co\/colombia\/wp-json\/wp\/v2\/posts\/217963\/revisions"}],"predecessor-version":[{"id":217964,"href":"https:\/\/www.fiscalia.gov.co\/colombia\/wp-json\/wp\/v2\/posts\/217963\/revisions\/217964"}],"wp:attachment":[{"href":"https:\/\/www.fiscalia.gov.co\/colombia\/wp-json\/wp\/v2\/media?parent=217963"}],"wp:term":[{"taxonomy":"category","embeddable":true,"href":"https:\/\/www.fiscalia.gov.co\/colombia\/wp-json\/wp\/v2\/categories?post=217963"},{"taxonomy":"post_tag","embeddable":true,"href":"https:\/\/www.fiscalia.gov.co\/colombia\/wp-json\/wp\/v2\/tags?post=217963"}],"curies":[{"name":"wp","href":"https:\/\/api.w.org\/{rel}","templated":true}]}}