{"id":217940,"date":"2021-04-17T14:12:35","date_gmt":"2021-04-17T19:12:35","guid":{"rendered":"https:\/\/www.fiscalia.gov.co\/colombia\/?p=217940"},"modified":"2021-04-22T10:10:44","modified_gmt":"2021-04-22T15:10:44","slug":"juez-de-cordoba-debera-cumplir-condena-de-nueve-anos-de-prision-por-fallar-de-manera-irregular-tutelas-a-favor-de-extrabajadores-de-la-liquidada-telecom","status":"publish","type":"post","link":"https:\/\/www.fiscalia.gov.co\/colombia\/lucha-contra-corrupcion\/juez-de-cordoba-debera-cumplir-condena-de-nueve-anos-de-prision-por-fallar-de-manera-irregular-tutelas-a-favor-de-extrabajadores-de-la-liquidada-telecom\/","title":{"rendered":"Juez de C\u00f3rdoba deber\u00e1 cumplir condena de nueve a\u00f1os de prisi\u00f3n por fallar de manera irregular tutelas a favor de extrabajadores de la liquidada Telecom"},"content":{"rendered":"<p>La Sala Penal de la Corte Suprema de Justicia aval\u00f3 el material de prueba aportado por la Fiscal\u00eda General de la Naci\u00f3n y dej\u00f3 en firme la <strong>condena de nueve a\u00f1os y seis meses de prisi\u00f3n contra el juez promiscuo de Momil (C\u00f3rdoba) Gustavo Jaime Padilla Mart\u00ednez<\/strong>, quien fall\u00f3 varias <strong>tutelas que ordenaron reconocimientos pensionales<\/strong> y prestacionales a <a href=\"https:\/\/www.fiscalia.gov.co\/colombia\/bolsillos-de-cristal\/condenado-juez-que-fallo-tutelas-irregularmente-contra-telecom-por-mas-de-5-000000-000\/\">extrabajadores de Telecom que no cumpl\u00edan los requisitos de ley.<\/a><\/p>\n<p>En ese sentido, fue <strong>declarado responsable de los delitos de prevaricato por acci\u00f3n y peculado por apropiaci\u00f3n en favor de terceros<\/strong>. El procesado deber\u00e1 cumplir la sentencia en centro carcelario, por lo que se activ\u00f3 una orden de captura para hacer efectiva esta disposici\u00f3n.<\/p>\n<p>Durante la etapa de juicio, <a href=\"https:\/\/www.fiscalia.gov.co\/colombia\/fiscal-general-de-la-nacion\/fiscal-general-de-la-nacion-unifica-al-cuerpo-tecnico-de-investigacion-cti\/\">la Fiscal\u00eda<\/a> demostr\u00f3 que el entonces juez, en 2009, ampar\u00f3 el derecho al m\u00ednimo vital de 19 exfuncionarias de la liquidada Empresa Nacional de Telecomunicaciones (Telecom) y, <strong>mediante tutela, se\u00f1al\u00f3 que deb\u00edan ser incluidas <\/strong><strong>en el Plan de Pensi\u00f3n Anticipada.<\/strong><\/p>\n<p>Es as\u00ed que, a los accionantes, muchos de ellos de otras poblaciones y regiones, les pagaron mesadas atrasadas con un <strong>retroactivo de seis a\u00f1os y otros conceptos prestacionales<\/strong> a los que no pod\u00edan acceder.\u00a0 Esta actuaci\u00f3n represent\u00f3 una <a href=\"https:\/\/www.fiscalia.gov.co\/colombia\/bolsillos-de-cristal\/condena-de-12-anos-de-prision-y-orden-de-captura-para-exjuez-de-lorica-cordoba-por-fallos-irregulares-de-tutelas\/\">indebida apropiaci\u00f3n de recursos del Estad<\/a>o por $196\u2019415.845.<\/p>\n<p>Por estos mismos hechos fue condenada a 76 meses de prisi\u00f3n, por allanamiento de cargos, la tambi\u00e9n juez Promiscuo de Familia del Circuito de Lorica (C\u00f3rdoba), Blanca Rosa Ramos Correa, quien, en segunda instancia, el 27 de noviembre de 2009, confirm\u00f3 las tutelas falladas por Gustavo Jaime Padilla Mart\u00ednez.<\/p>\n<p>Esta informaci\u00f3n se publica por razones de inter\u00e9s general.<\/p>\n<p><strong>La Fiscal\u00eda habla con resultados.<\/strong><\/p>\n<p>LAGP\/JARG\/EAC\/MCRC<\/p>\n\n<div class=\"twitter-share\"><a href=\"https:\/\/twitter.com\/intent\/tweet?via=fiscaliacol\" class=\"twitter-share-button\">Tweet<\/a><\/div>\n","protected":false},"excerpt":{"rendered":"<p>La Sala Penal de la Corte Suprema de Justicia aval\u00f3 el material de prueba aportado por la Fiscal\u00eda General de la Naci\u00f3n y dej\u00f3 en firme la condena de nueve [&hellip;]<\/p>\n","protected":false},"author":171,"featured_media":0,"comment_status":"closed","ping_status":"open","sticky":false,"template":"","format":"video","meta":{"tdm_status":"","tdm_grid_status":"","footnotes":""},"categories":[24107,24174],"tags":[427,3456,26631,1376],"class_list":["post-217940","post","type-post","status-publish","format-video","category-lucha-contra-corrupcion","category-hay-justicia","tag-corrupcion","tag-delitos-contra-la-administracion-publica","tag-judicatura","tag-rama-judicial","post_format-post-format-video"],"yoast_head":"<!-- This site is optimized with the Yoast SEO plugin v24.3 - https:\/\/yoast.com\/wordpress\/plugins\/seo\/ -->\n<title>Fiscal\u00eda General de la Naci\u00f3n<\/title>\n<meta name=\"description\" content=\"P\u00e1gina oficial de la Fiscal\u00eda General de la Naci\u00f3n \u2013 Colombia. Garantizamos el acceso efectivo a la justicia, la verdad y la reparaci\u00f3n de las v\u00edctimas de los delitos.\" \/>\n<meta name=\"robots\" content=\"noindex, follow\" \/>\n<meta property=\"og:locale\" content=\"es_ES\" \/>\n<meta property=\"og:type\" content=\"article\" \/>\n<meta property=\"og:title\" content=\"Fiscal\u00eda General de la Naci\u00f3n\" \/>\n<meta property=\"og:description\" content=\"P\u00e1gina oficial de la Fiscal\u00eda General de la Naci\u00f3n \u2013 Colombia. Garantizamos el acceso efectivo a la justicia, la verdad y la reparaci\u00f3n de las v\u00edctimas de los delitos.\" \/>\n<meta property=\"og:url\" content=\"https:\/\/www.fiscalia.gov.co\/colombia\/lucha-contra-corrupcion\/juez-de-cordoba-debera-cumplir-condena-de-nueve-anos-de-prision-por-fallar-de-manera-irregular-tutelas-a-favor-de-extrabajadores-de-la-liquidada-telecom\/\" \/>\n<meta property=\"og:site_name\" content=\"Fiscal\u00eda General de la Naci\u00f3n\" \/>\n<meta property=\"article:publisher\" content=\"https:\/\/www.facebook.com\/FiscaliaCol\" \/>\n<meta property=\"article:published_time\" content=\"2021-04-17T19:12:35+00:00\" \/>\n<meta property=\"article:modified_time\" content=\"2021-04-22T15:10:44+00:00\" \/>\n<meta name=\"author\" content=\"Ana Mar\u00eda Gomez\" \/>\n<meta name=\"twitter:card\" content=\"summary_large_image\" \/>\n<meta name=\"twitter:creator\" content=\"@FiscaliaCol\" \/>\n<meta name=\"twitter:site\" content=\"@FiscaliaCol\" \/>\n<meta name=\"twitter:label1\" content=\"Escrito por\" \/>\n\t<meta name=\"twitter:data1\" content=\"Ana Mar\u00eda Gomez\" \/>\n\t<meta name=\"twitter:label2\" content=\"Tiempo de lectura\" \/>\n\t<meta name=\"twitter:data2\" content=\"1 minuto\" \/>\n<script type=\"application\/ld+json\" class=\"yoast-schema-graph\">{\"@context\":\"https:\/\/schema.org\",\"@graph\":[{\"@type\":\"Article\",\"@id\":\"https:\/\/www.fiscalia.gov.co\/colombia\/lucha-contra-corrupcion\/juez-de-cordoba-debera-cumplir-condena-de-nueve-anos-de-prision-por-fallar-de-manera-irregular-tutelas-a-favor-de-extrabajadores-de-la-liquidada-telecom\/#article\",\"isPartOf\":{\"@id\":\"https:\/\/www.fiscalia.gov.co\/colombia\/lucha-contra-corrupcion\/juez-de-cordoba-debera-cumplir-condena-de-nueve-anos-de-prision-por-fallar-de-manera-irregular-tutelas-a-favor-de-extrabajadores-de-la-liquidada-telecom\/\"},\"author\":{\"name\":\"Ana Mar\u00eda Gomez\",\"@id\":\"https:\/\/www.fiscalia.gov.co\/colombia\/#\/schema\/person\/06aa2210fe4d79203f428ff671dee360\"},\"headline\":\"Juez de C\u00f3rdoba deber\u00e1 cumplir condena de nueve a\u00f1os de prisi\u00f3n por fallar de manera irregular tutelas a favor de extrabajadores de la liquidada Telecom\",\"datePublished\":\"2021-04-17T19:12:35+00:00\",\"dateModified\":\"2021-04-22T15:10:44+00:00\",\"mainEntityOfPage\":{\"@id\":\"https:\/\/www.fiscalia.gov.co\/colombia\/lucha-contra-corrupcion\/juez-de-cordoba-debera-cumplir-condena-de-nueve-anos-de-prision-por-fallar-de-manera-irregular-tutelas-a-favor-de-extrabajadores-de-la-liquidada-telecom\/\"},\"wordCount\":318,\"publisher\":{\"@id\":\"https:\/\/www.fiscalia.gov.co\/colombia\/#organization\"},\"keywords\":[\"Corrupci\u00f3n\",\"Delitos Contra la Administraci\u00f3n P\u00fablica\",\"Judicatura\",\"Rama Judicial\"],\"articleSection\":[\"Corrupci\u00f3n\",\"Hay Justicia\"],\"inLanguage\":\"es-CO\"},{\"@type\":\"WebPage\",\"@id\":\"https:\/\/www.fiscalia.gov.co\/colombia\/lucha-contra-corrupcion\/juez-de-cordoba-debera-cumplir-condena-de-nueve-anos-de-prision-por-fallar-de-manera-irregular-tutelas-a-favor-de-extrabajadores-de-la-liquidada-telecom\/\",\"url\":\"https:\/\/www.fiscalia.gov.co\/colombia\/lucha-contra-corrupcion\/juez-de-cordoba-debera-cumplir-condena-de-nueve-anos-de-prision-por-fallar-de-manera-irregular-tutelas-a-favor-de-extrabajadores-de-la-liquidada-telecom\/\",\"name\":\"Fiscal\u00eda General de la Naci\u00f3n\",\"isPartOf\":{\"@id\":\"https:\/\/www.fiscalia.gov.co\/colombia\/#website\"},\"datePublished\":\"2021-04-17T19:12:35+00:00\",\"dateModified\":\"2021-04-22T15:10:44+00:00\",\"description\":\"P\u00e1gina oficial de la Fiscal\u00eda General de la Naci\u00f3n \u2013 Colombia. Garantizamos el acceso efectivo a la justicia, la verdad y la reparaci\u00f3n de las v\u00edctimas de los delitos.\",\"breadcrumb\":{\"@id\":\"https:\/\/www.fiscalia.gov.co\/colombia\/lucha-contra-corrupcion\/juez-de-cordoba-debera-cumplir-condena-de-nueve-anos-de-prision-por-fallar-de-manera-irregular-tutelas-a-favor-de-extrabajadores-de-la-liquidada-telecom\/#breadcrumb\"},\"inLanguage\":\"es-CO\",\"potentialAction\":[{\"@type\":\"ReadAction\",\"target\":[\"https:\/\/www.fiscalia.gov.co\/colombia\/lucha-contra-corrupcion\/juez-de-cordoba-debera-cumplir-condena-de-nueve-anos-de-prision-por-fallar-de-manera-irregular-tutelas-a-favor-de-extrabajadores-de-la-liquidada-telecom\/\"]}]},{\"@type\":\"BreadcrumbList\",\"@id\":\"https:\/\/www.fiscalia.gov.co\/colombia\/lucha-contra-corrupcion\/juez-de-cordoba-debera-cumplir-condena-de-nueve-anos-de-prision-por-fallar-de-manera-irregular-tutelas-a-favor-de-extrabajadores-de-la-liquidada-telecom\/#breadcrumb\",\"itemListElement\":[{\"@type\":\"ListItem\",\"position\":1,\"name\":\"Home\",\"item\":\"https:\/\/www.fiscalia.gov.co\/colombia\/\"},{\"@type\":\"ListItem\",\"position\":2,\"name\":\"Juez de C\u00f3rdoba deber\u00e1 cumplir condena de nueve a\u00f1os de prisi\u00f3n por fallar de manera irregular tutelas a favor de extrabajadores de la liquidada Telecom\"}]},{\"@type\":\"WebSite\",\"@id\":\"https:\/\/www.fiscalia.gov.co\/colombia\/#website\",\"url\":\"https:\/\/www.fiscalia.gov.co\/colombia\/\",\"name\":\"Fiscal\u00eda General de la Naci\u00f3n\",\"description\":\"P\u00e1gina oficial de la Fiscal\u00eda General de la Naci\u00f3n \u2013 Colombia. Garantizamos el acceso efectivo a la justicia, la verdad y la reparaci\u00f3n de las v\u00edctimas de los delitos.\",\"publisher\":{\"@id\":\"https:\/\/www.fiscalia.gov.co\/colombia\/#organization\"},\"potentialAction\":[{\"@type\":\"SearchAction\",\"target\":{\"@type\":\"EntryPoint\",\"urlTemplate\":\"https:\/\/www.fiscalia.gov.co\/colombia\/?s={search_term_string}\"},\"query-input\":{\"@type\":\"PropertyValueSpecification\",\"valueRequired\":true,\"valueName\":\"search_term_string\"}}],\"inLanguage\":\"es-CO\"},{\"@type\":\"Organization\",\"@id\":\"https:\/\/www.fiscalia.gov.co\/colombia\/#organization\",\"name\":\"Fiscal\u00eda General de la Naci\u00f3n\",\"url\":\"https:\/\/www.fiscalia.gov.co\/colombia\/\",\"logo\":{\"@type\":\"ImageObject\",\"inLanguage\":\"es-CO\",\"@id\":\"https:\/\/www.fiscalia.gov.co\/colombia\/#\/schema\/logo\/image\/\",\"url\":\"https:\/\/www.fiscalia.gov.co\/colombia\/wp-content\/uploads\/LogoHorizontal_1.jpg\",\"contentUrl\":\"https:\/\/www.fiscalia.gov.co\/colombia\/wp-content\/uploads\/LogoHorizontal_1.jpg\",\"width\":300,\"height\":90,\"caption\":\"Fiscal\u00eda General de la Naci\u00f3n\"},\"image\":{\"@id\":\"https:\/\/www.fiscalia.gov.co\/colombia\/#\/schema\/logo\/image\/\"},\"sameAs\":[\"https:\/\/www.facebook.com\/FiscaliaCol\",\"https:\/\/x.com\/FiscaliaCol\",\"https:\/\/www.instagram.com\/fiscaliacol\",\"https:\/\/www.linkedin.com\/company\/fiscalia-general-de-la-naci-n\/\",\"https:\/\/youtube.com\/@fiscaliageneraldelanacion-4668?si=6nN79nyQICPU5iTh\"]},{\"@type\":\"Person\",\"@id\":\"https:\/\/www.fiscalia.gov.co\/colombia\/#\/schema\/person\/06aa2210fe4d79203f428ff671dee360\",\"name\":\"Ana Mar\u00eda Gomez\",\"image\":{\"@type\":\"ImageObject\",\"inLanguage\":\"es-CO\",\"@id\":\"https:\/\/www.fiscalia.gov.co\/colombia\/#\/schema\/person\/image\/\",\"url\":\"https:\/\/secure.gravatar.com\/avatar\/a38115d98a7f8a96cbb96af2b2c37a0b?s=96&d=mm&r=g\",\"contentUrl\":\"https:\/\/secure.gravatar.com\/avatar\/a38115d98a7f8a96cbb96af2b2c37a0b?s=96&d=mm&r=g\",\"caption\":\"Ana Mar\u00eda Gomez\"},\"url\":\"https:\/\/www.fiscalia.gov.co\/colombia\/author\/agomez\/\"}]}<\/script>\n<!-- \/ Yoast SEO plugin. -->","yoast_head_json":{"title":"Fiscal\u00eda General de la Naci\u00f3n","description":"P\u00e1gina oficial de la Fiscal\u00eda General de la Naci\u00f3n \u2013 Colombia. Garantizamos el acceso efectivo a la justicia, la verdad y la reparaci\u00f3n de las v\u00edctimas de los delitos.","robots":{"index":"noindex","follow":"follow"},"og_locale":"es_ES","og_type":"article","og_title":"Fiscal\u00eda General de la Naci\u00f3n","og_description":"P\u00e1gina oficial de la Fiscal\u00eda General de la Naci\u00f3n \u2013 Colombia. Garantizamos el acceso efectivo a la justicia, la verdad y la reparaci\u00f3n de las v\u00edctimas de los delitos.","og_url":"https:\/\/www.fiscalia.gov.co\/colombia\/lucha-contra-corrupcion\/juez-de-cordoba-debera-cumplir-condena-de-nueve-anos-de-prision-por-fallar-de-manera-irregular-tutelas-a-favor-de-extrabajadores-de-la-liquidada-telecom\/","og_site_name":"Fiscal\u00eda General de la Naci\u00f3n","article_publisher":"https:\/\/www.facebook.com\/FiscaliaCol","article_published_time":"2021-04-17T19:12:35+00:00","article_modified_time":"2021-04-22T15:10:44+00:00","author":"Ana Mar\u00eda Gomez","twitter_card":"summary_large_image","twitter_creator":"@FiscaliaCol","twitter_site":"@FiscaliaCol","twitter_misc":{"Escrito por":"Ana Mar\u00eda Gomez","Tiempo de lectura":"1 minuto"},"schema":{"@context":"https:\/\/schema.org","@graph":[{"@type":"Article","@id":"https:\/\/www.fiscalia.gov.co\/colombia\/lucha-contra-corrupcion\/juez-de-cordoba-debera-cumplir-condena-de-nueve-anos-de-prision-por-fallar-de-manera-irregular-tutelas-a-favor-de-extrabajadores-de-la-liquidada-telecom\/#article","isPartOf":{"@id":"https:\/\/www.fiscalia.gov.co\/colombia\/lucha-contra-corrupcion\/juez-de-cordoba-debera-cumplir-condena-de-nueve-anos-de-prision-por-fallar-de-manera-irregular-tutelas-a-favor-de-extrabajadores-de-la-liquidada-telecom\/"},"author":{"name":"Ana Mar\u00eda Gomez","@id":"https:\/\/www.fiscalia.gov.co\/colombia\/#\/schema\/person\/06aa2210fe4d79203f428ff671dee360"},"headline":"Juez de C\u00f3rdoba deber\u00e1 cumplir condena de nueve a\u00f1os de prisi\u00f3n por fallar de manera irregular tutelas a favor de extrabajadores de la liquidada Telecom","datePublished":"2021-04-17T19:12:35+00:00","dateModified":"2021-04-22T15:10:44+00:00","mainEntityOfPage":{"@id":"https:\/\/www.fiscalia.gov.co\/colombia\/lucha-contra-corrupcion\/juez-de-cordoba-debera-cumplir-condena-de-nueve-anos-de-prision-por-fallar-de-manera-irregular-tutelas-a-favor-de-extrabajadores-de-la-liquidada-telecom\/"},"wordCount":318,"publisher":{"@id":"https:\/\/www.fiscalia.gov.co\/colombia\/#organization"},"keywords":["Corrupci\u00f3n","Delitos Contra la Administraci\u00f3n P\u00fablica","Judicatura","Rama Judicial"],"articleSection":["Corrupci\u00f3n","Hay Justicia"],"inLanguage":"es-CO"},{"@type":"WebPage","@id":"https:\/\/www.fiscalia.gov.co\/colombia\/lucha-contra-corrupcion\/juez-de-cordoba-debera-cumplir-condena-de-nueve-anos-de-prision-por-fallar-de-manera-irregular-tutelas-a-favor-de-extrabajadores-de-la-liquidada-telecom\/","url":"https:\/\/www.fiscalia.gov.co\/colombia\/lucha-contra-corrupcion\/juez-de-cordoba-debera-cumplir-condena-de-nueve-anos-de-prision-por-fallar-de-manera-irregular-tutelas-a-favor-de-extrabajadores-de-la-liquidada-telecom\/","name":"Fiscal\u00eda General de la Naci\u00f3n","isPartOf":{"@id":"https:\/\/www.fiscalia.gov.co\/colombia\/#website"},"datePublished":"2021-04-17T19:12:35+00:00","dateModified":"2021-04-22T15:10:44+00:00","description":"P\u00e1gina oficial de la Fiscal\u00eda General de la Naci\u00f3n \u2013 Colombia. Garantizamos el acceso efectivo a la justicia, la verdad y la reparaci\u00f3n de las v\u00edctimas de los delitos.","breadcrumb":{"@id":"https:\/\/www.fiscalia.gov.co\/colombia\/lucha-contra-corrupcion\/juez-de-cordoba-debera-cumplir-condena-de-nueve-anos-de-prision-por-fallar-de-manera-irregular-tutelas-a-favor-de-extrabajadores-de-la-liquidada-telecom\/#breadcrumb"},"inLanguage":"es-CO","potentialAction":[{"@type":"ReadAction","target":["https:\/\/www.fiscalia.gov.co\/colombia\/lucha-contra-corrupcion\/juez-de-cordoba-debera-cumplir-condena-de-nueve-anos-de-prision-por-fallar-de-manera-irregular-tutelas-a-favor-de-extrabajadores-de-la-liquidada-telecom\/"]}]},{"@type":"BreadcrumbList","@id":"https:\/\/www.fiscalia.gov.co\/colombia\/lucha-contra-corrupcion\/juez-de-cordoba-debera-cumplir-condena-de-nueve-anos-de-prision-por-fallar-de-manera-irregular-tutelas-a-favor-de-extrabajadores-de-la-liquidada-telecom\/#breadcrumb","itemListElement":[{"@type":"ListItem","position":1,"name":"Home","item":"https:\/\/www.fiscalia.gov.co\/colombia\/"},{"@type":"ListItem","position":2,"name":"Juez de C\u00f3rdoba deber\u00e1 cumplir condena de nueve a\u00f1os de prisi\u00f3n por fallar de manera irregular tutelas a favor de extrabajadores de la liquidada Telecom"}]},{"@type":"WebSite","@id":"https:\/\/www.fiscalia.gov.co\/colombia\/#website","url":"https:\/\/www.fiscalia.gov.co\/colombia\/","name":"Fiscal\u00eda General de la Naci\u00f3n","description":"P\u00e1gina oficial de la Fiscal\u00eda General de la Naci\u00f3n \u2013 Colombia. Garantizamos el acceso efectivo a la justicia, la verdad y la reparaci\u00f3n de las v\u00edctimas de los delitos.","publisher":{"@id":"https:\/\/www.fiscalia.gov.co\/colombia\/#organization"},"potentialAction":[{"@type":"SearchAction","target":{"@type":"EntryPoint","urlTemplate":"https:\/\/www.fiscalia.gov.co\/colombia\/?s={search_term_string}"},"query-input":{"@type":"PropertyValueSpecification","valueRequired":true,"valueName":"search_term_string"}}],"inLanguage":"es-CO"},{"@type":"Organization","@id":"https:\/\/www.fiscalia.gov.co\/colombia\/#organization","name":"Fiscal\u00eda General de la Naci\u00f3n","url":"https:\/\/www.fiscalia.gov.co\/colombia\/","logo":{"@type":"ImageObject","inLanguage":"es-CO","@id":"https:\/\/www.fiscalia.gov.co\/colombia\/#\/schema\/logo\/image\/","url":"https:\/\/www.fiscalia.gov.co\/colombia\/wp-content\/uploads\/LogoHorizontal_1.jpg","contentUrl":"https:\/\/www.fiscalia.gov.co\/colombia\/wp-content\/uploads\/LogoHorizontal_1.jpg","width":300,"height":90,"caption":"Fiscal\u00eda General de la Naci\u00f3n"},"image":{"@id":"https:\/\/www.fiscalia.gov.co\/colombia\/#\/schema\/logo\/image\/"},"sameAs":["https:\/\/www.facebook.com\/FiscaliaCol","https:\/\/x.com\/FiscaliaCol","https:\/\/www.instagram.com\/fiscaliacol","https:\/\/www.linkedin.com\/company\/fiscalia-general-de-la-naci-n\/","https:\/\/youtube.com\/@fiscaliageneraldelanacion-4668?si=6nN79nyQICPU5iTh"]},{"@type":"Person","@id":"https:\/\/www.fiscalia.gov.co\/colombia\/#\/schema\/person\/06aa2210fe4d79203f428ff671dee360","name":"Ana Mar\u00eda Gomez","image":{"@type":"ImageObject","inLanguage":"es-CO","@id":"https:\/\/www.fiscalia.gov.co\/colombia\/#\/schema\/person\/image\/","url":"https:\/\/secure.gravatar.com\/avatar\/a38115d98a7f8a96cbb96af2b2c37a0b?s=96&d=mm&r=g","contentUrl":"https:\/\/secure.gravatar.com\/avatar\/a38115d98a7f8a96cbb96af2b2c37a0b?s=96&d=mm&r=g","caption":"Ana Mar\u00eda Gomez"},"url":"https:\/\/www.fiscalia.gov.co\/colombia\/author\/agomez\/"}]}},"_links":{"self":[{"href":"https:\/\/www.fiscalia.gov.co\/colombia\/wp-json\/wp\/v2\/posts\/217940","targetHints":{"allow":["GET"]}}],"collection":[{"href":"https:\/\/www.fiscalia.gov.co\/colombia\/wp-json\/wp\/v2\/posts"}],"about":[{"href":"https:\/\/www.fiscalia.gov.co\/colombia\/wp-json\/wp\/v2\/types\/post"}],"author":[{"embeddable":true,"href":"https:\/\/www.fiscalia.gov.co\/colombia\/wp-json\/wp\/v2\/users\/171"}],"replies":[{"embeddable":true,"href":"https:\/\/www.fiscalia.gov.co\/colombia\/wp-json\/wp\/v2\/comments?post=217940"}],"version-history":[{"count":1,"href":"https:\/\/www.fiscalia.gov.co\/colombia\/wp-json\/wp\/v2\/posts\/217940\/revisions"}],"predecessor-version":[{"id":217941,"href":"https:\/\/www.fiscalia.gov.co\/colombia\/wp-json\/wp\/v2\/posts\/217940\/revisions\/217941"}],"wp:attachment":[{"href":"https:\/\/www.fiscalia.gov.co\/colombia\/wp-json\/wp\/v2\/media?parent=217940"}],"wp:term":[{"taxonomy":"category","embeddable":true,"href":"https:\/\/www.fiscalia.gov.co\/colombia\/wp-json\/wp\/v2\/categories?post=217940"},{"taxonomy":"post_tag","embeddable":true,"href":"https:\/\/www.fiscalia.gov.co\/colombia\/wp-json\/wp\/v2\/tags?post=217940"}],"curies":[{"name":"wp","href":"https:\/\/api.w.org\/{rel}","templated":true}]}}