{"id":217930,"date":"2021-04-17T07:08:27","date_gmt":"2021-04-17T12:08:27","guid":{"rendered":"https:\/\/www.fiscalia.gov.co\/colombia\/?p=217930"},"modified":"2021-04-17T07:08:27","modified_gmt":"2021-04-17T12:08:27","slug":"ocupados-con-fines-de-extincion-de-dominio-bienes-avaluados-en-mas-de-13-600-millones-de-pesos-que-pertenecerian-a-estructuras-narcotraficantes","status":"publish","type":"post","link":"https:\/\/www.fiscalia.gov.co\/colombia\/extincion-de-dominio\/ocupados-con-fines-de-extincion-de-dominio-bienes-avaluados-en-mas-de-13-600-millones-de-pesos-que-pertenecerian-a-estructuras-narcotraficantes\/","title":{"rendered":"Ocupados con fines de extinci\u00f3n de dominio bienes avaluados en m\u00e1s de 13.600 millones de pesos que pertenecer\u00edan a estructuras narcotraficantes"},"content":{"rendered":"<p>La Direcci\u00f3n Especializada de\u00a0<strong><a href=\"https:\/\/www.fiscalia.gov.co\/colombia\/extincion-de-dominio\/estrategia-argenta-permitio-ocupar-bienes-por-mas-de-83-mil-millones-de-pesos-a-una-organizacion-narcotraficante-que-tendria-nexos-con-el-eln-los-pelusos-y-el-cart\/\">Extinci\u00f3n del Derecho de Dominio<\/a><\/strong>\u00a0de la Fiscal\u00eda General de la Naci\u00f3n realiz\u00f3 de manera simult\u00e1nea diligencias de ocupaci\u00f3n contra bienes que pertenecer\u00edan a diferentes redes narcotraficantes, y estar\u00edan en manos de familiares de los se\u00f1alados cabecillas y presuntos testaferros.<\/p>\n<p>Los procedimientos se cumplieron en un trabajo articulado con la Polic\u00eda Nacional y el Ej\u00e9rcito Nacional en varios municipios de los departamentos de Quind\u00edo, Boyac\u00e1, Valle del Cauca, Antioquia y Caldas.<\/p>\n<p>Estas propiedades habr\u00edan sido adquiridas con dineros obtenidos del tr\u00e1fico transnacional de drogas, por lo que fueron afectadas con medidas cautelares de embargo, secuestro y suspensi\u00f3n del poder dispositivo. Se trata de\u00a0<strong>58 bienes entre inmuebles, veh\u00edculos y establecimientos de comercio y sociedades, avaluadas en m\u00e1s de 13.600 millones de pesos.<\/strong><\/p>\n<p>Entre las personas cuyos bienes fueron cobijados con medidas cautelares est\u00e1 la compa\u00f1era sentimental de Juan Carlos Rivera Ruiz, alias Cero Seis, exintegrante de la estructura de los hermanos Calle Serna, conocidos como \u2018Los Comba\u2019. En este caso fueron afectados 25 inmuebles en Cali y otros municipios de Valle del Cauca.<\/p>\n<p><strong>La Fiscal\u00eda habla con resultados.<\/strong><\/p>\n<p>MAGA\/JARG\/PSY\/MCRC<\/p>\n<p><em>La informaci\u00f3n contenida en este bolet\u00edn de prensa corresponde a la narraci\u00f3n de los hechos noticiosos objetivos, suministrados por los funcionarios encargados de adelantar las investigaciones penales al interior de la Fiscal\u00eda General de la Naci\u00f3n. Para el momento de la divulgaci\u00f3n de este comunicado, la situaci\u00f3n jur\u00eddica de la(s) persona(s) relacionada(s) se encuentra pendiente de resolver por la autoridad judicial competente, siempre bajo los preceptos de la presunci\u00f3n de inocencia, consagrados en el art\u00edculo 29 de la Constituci\u00f3n Pol\u00edtica y el art\u00edculo 7\u00ba de la Ley 906 de 2004.<\/em><\/p>\n<p>&nbsp;<\/p>\n\n<div class=\"twitter-share\"><a href=\"https:\/\/twitter.com\/intent\/tweet?via=fiscaliacol\" class=\"twitter-share-button\">Tweet<\/a><\/div>\n","protected":false},"excerpt":{"rendered":"<p>La Direcci\u00f3n Especializada de\u00a0Extinci\u00f3n del Derecho de Dominio\u00a0de la Fiscal\u00eda General de la Naci\u00f3n realiz\u00f3 de manera simult\u00e1nea diligencias de ocupaci\u00f3n contra bienes que pertenecer\u00edan a diferentes redes narcotraficantes, y estar\u00edan en manos de familiares de los se\u00f1alados cabecillas y presuntos testaferros. Los procedimientos se cumplieron en un trabajo articulado con la Polic\u00eda Nacional y [&hellip;]<\/p>\n","protected":false},"author":171,"featured_media":0,"comment_status":"closed","ping_status":"open","sticky":false,"template":"","format":"standard","meta":{"tdm_status":"","tdm_grid_status":"","footnotes":""},"categories":[24116,321,303],"tags":[3393,1441,1047,558,26628],"class_list":{"0":"post-217930","1":"post","2":"type-post","3":"status-publish","4":"format-standard","6":"category-extincion-de-dominio","7":"category-seccional-bogota","8":"category-seccionales","9":"tag-ejercito-nacional","10":"tag-extincion-de-dominio","11":"tag-fiscalia-general-de-la-nacion","12":"tag-policia-nacional","13":"tag-redes-narcotraficantes"},"yoast_head":"<!-- This site is optimized with the Yoast SEO plugin v24.3 - https:\/\/yoast.com\/wordpress\/plugins\/seo\/ -->\n<title>Fiscal\u00eda General de la Naci\u00f3n<\/title>\n<meta name=\"description\" content=\"P\u00e1gina oficial de la Fiscal\u00eda General de la Naci\u00f3n \u2013 Colombia. Garantizamos el acceso efectivo a la justicia, la verdad y la reparaci\u00f3n de las v\u00edctimas de los delitos.\" \/>\n<meta name=\"robots\" content=\"noindex, follow\" \/>\n<meta property=\"og:locale\" content=\"es_ES\" \/>\n<meta property=\"og:type\" content=\"article\" \/>\n<meta property=\"og:title\" content=\"Fiscal\u00eda General de la Naci\u00f3n\" \/>\n<meta property=\"og:description\" content=\"P\u00e1gina oficial de la Fiscal\u00eda General de la Naci\u00f3n \u2013 Colombia. Garantizamos el acceso efectivo a la justicia, la verdad y la reparaci\u00f3n de las v\u00edctimas de los delitos.\" \/>\n<meta property=\"og:url\" content=\"https:\/\/www.fiscalia.gov.co\/colombia\/extincion-de-dominio\/ocupados-con-fines-de-extincion-de-dominio-bienes-avaluados-en-mas-de-13-600-millones-de-pesos-que-pertenecerian-a-estructuras-narcotraficantes\/\" \/>\n<meta property=\"og:site_name\" content=\"Fiscal\u00eda General de la Naci\u00f3n\" \/>\n<meta property=\"article:publisher\" content=\"https:\/\/www.facebook.com\/FiscaliaCol\" \/>\n<meta property=\"article:published_time\" content=\"2021-04-17T12:08:27+00:00\" \/>\n<meta name=\"author\" content=\"Ana Mar\u00eda Gomez\" \/>\n<meta name=\"twitter:card\" content=\"summary_large_image\" \/>\n<meta name=\"twitter:creator\" content=\"@FiscaliaCol\" \/>\n<meta name=\"twitter:site\" content=\"@FiscaliaCol\" \/>\n<meta name=\"twitter:label1\" content=\"Escrito por\" \/>\n\t<meta name=\"twitter:data1\" content=\"Ana Mar\u00eda Gomez\" \/>\n\t<meta name=\"twitter:label2\" content=\"Tiempo de lectura\" \/>\n\t<meta name=\"twitter:data2\" content=\"2 minutos\" \/>\n<script type=\"application\/ld+json\" class=\"yoast-schema-graph\">{\"@context\":\"https:\/\/schema.org\",\"@graph\":[{\"@type\":\"Article\",\"@id\":\"https:\/\/www.fiscalia.gov.co\/colombia\/extincion-de-dominio\/ocupados-con-fines-de-extincion-de-dominio-bienes-avaluados-en-mas-de-13-600-millones-de-pesos-que-pertenecerian-a-estructuras-narcotraficantes\/#article\",\"isPartOf\":{\"@id\":\"https:\/\/www.fiscalia.gov.co\/colombia\/extincion-de-dominio\/ocupados-con-fines-de-extincion-de-dominio-bienes-avaluados-en-mas-de-13-600-millones-de-pesos-que-pertenecerian-a-estructuras-narcotraficantes\/\"},\"author\":{\"name\":\"Ana Mar\u00eda Gomez\",\"@id\":\"https:\/\/www.fiscalia.gov.co\/colombia\/#\/schema\/person\/06aa2210fe4d79203f428ff671dee360\"},\"headline\":\"Ocupados con fines de extinci\u00f3n de dominio bienes avaluados en m\u00e1s de 13.600 millones de pesos que pertenecer\u00edan a estructuras narcotraficantes\",\"datePublished\":\"2021-04-17T12:08:27+00:00\",\"dateModified\":\"2021-04-17T12:08:27+00:00\",\"mainEntityOfPage\":{\"@id\":\"https:\/\/www.fiscalia.gov.co\/colombia\/extincion-de-dominio\/ocupados-con-fines-de-extincion-de-dominio-bienes-avaluados-en-mas-de-13-600-millones-de-pesos-que-pertenecerian-a-estructuras-narcotraficantes\/\"},\"wordCount\":328,\"publisher\":{\"@id\":\"https:\/\/www.fiscalia.gov.co\/colombia\/#organization\"},\"keywords\":[\"Ej\u00e9rcito Nacional\",\"Extinci\u00f3n de dominio\",\"Fiscal\u00eda General de la Naci\u00f3n\",\"Polic\u00eda Nacional\",\"redes narcotraficantes\"],\"articleSection\":[\"Extinci\u00f3n de dominio\",\"Seccional Bogot\u00e1\",\"Seccionales\"],\"inLanguage\":\"es-CO\"},{\"@type\":\"WebPage\",\"@id\":\"https:\/\/www.fiscalia.gov.co\/colombia\/extincion-de-dominio\/ocupados-con-fines-de-extincion-de-dominio-bienes-avaluados-en-mas-de-13-600-millones-de-pesos-que-pertenecerian-a-estructuras-narcotraficantes\/\",\"url\":\"https:\/\/www.fiscalia.gov.co\/colombia\/extincion-de-dominio\/ocupados-con-fines-de-extincion-de-dominio-bienes-avaluados-en-mas-de-13-600-millones-de-pesos-que-pertenecerian-a-estructuras-narcotraficantes\/\",\"name\":\"Fiscal\u00eda General de la Naci\u00f3n\",\"isPartOf\":{\"@id\":\"https:\/\/www.fiscalia.gov.co\/colombia\/#website\"},\"datePublished\":\"2021-04-17T12:08:27+00:00\",\"dateModified\":\"2021-04-17T12:08:27+00:00\",\"description\":\"P\u00e1gina oficial de la Fiscal\u00eda General de la Naci\u00f3n \u2013 Colombia. Garantizamos el acceso efectivo a la justicia, la verdad y la reparaci\u00f3n de las v\u00edctimas de los delitos.\",\"breadcrumb\":{\"@id\":\"https:\/\/www.fiscalia.gov.co\/colombia\/extincion-de-dominio\/ocupados-con-fines-de-extincion-de-dominio-bienes-avaluados-en-mas-de-13-600-millones-de-pesos-que-pertenecerian-a-estructuras-narcotraficantes\/#breadcrumb\"},\"inLanguage\":\"es-CO\",\"potentialAction\":[{\"@type\":\"ReadAction\",\"target\":[\"https:\/\/www.fiscalia.gov.co\/colombia\/extincion-de-dominio\/ocupados-con-fines-de-extincion-de-dominio-bienes-avaluados-en-mas-de-13-600-millones-de-pesos-que-pertenecerian-a-estructuras-narcotraficantes\/\"]}]},{\"@type\":\"BreadcrumbList\",\"@id\":\"https:\/\/www.fiscalia.gov.co\/colombia\/extincion-de-dominio\/ocupados-con-fines-de-extincion-de-dominio-bienes-avaluados-en-mas-de-13-600-millones-de-pesos-que-pertenecerian-a-estructuras-narcotraficantes\/#breadcrumb\",\"itemListElement\":[{\"@type\":\"ListItem\",\"position\":1,\"name\":\"Home\",\"item\":\"https:\/\/www.fiscalia.gov.co\/colombia\/\"},{\"@type\":\"ListItem\",\"position\":2,\"name\":\"Ocupados con fines de extinci\u00f3n de dominio bienes avaluados en m\u00e1s de 13.600 millones de pesos que pertenecer\u00edan a estructuras narcotraficantes\"}]},{\"@type\":\"WebSite\",\"@id\":\"https:\/\/www.fiscalia.gov.co\/colombia\/#website\",\"url\":\"https:\/\/www.fiscalia.gov.co\/colombia\/\",\"name\":\"Fiscal\u00eda General de la Naci\u00f3n\",\"description\":\"P\u00e1gina oficial de la Fiscal\u00eda General de la Naci\u00f3n \u2013 Colombia. Garantizamos el acceso efectivo a la justicia, la verdad y la reparaci\u00f3n de las v\u00edctimas de los delitos.\",\"publisher\":{\"@id\":\"https:\/\/www.fiscalia.gov.co\/colombia\/#organization\"},\"potentialAction\":[{\"@type\":\"SearchAction\",\"target\":{\"@type\":\"EntryPoint\",\"urlTemplate\":\"https:\/\/www.fiscalia.gov.co\/colombia\/?s={search_term_string}\"},\"query-input\":{\"@type\":\"PropertyValueSpecification\",\"valueRequired\":true,\"valueName\":\"search_term_string\"}}],\"inLanguage\":\"es-CO\"},{\"@type\":\"Organization\",\"@id\":\"https:\/\/www.fiscalia.gov.co\/colombia\/#organization\",\"name\":\"Fiscal\u00eda General de la Naci\u00f3n\",\"url\":\"https:\/\/www.fiscalia.gov.co\/colombia\/\",\"logo\":{\"@type\":\"ImageObject\",\"inLanguage\":\"es-CO\",\"@id\":\"https:\/\/www.fiscalia.gov.co\/colombia\/#\/schema\/logo\/image\/\",\"url\":\"https:\/\/www.fiscalia.gov.co\/colombia\/wp-content\/uploads\/LogoHorizontal_1.jpg\",\"contentUrl\":\"https:\/\/www.fiscalia.gov.co\/colombia\/wp-content\/uploads\/LogoHorizontal_1.jpg\",\"width\":300,\"height\":90,\"caption\":\"Fiscal\u00eda General de la Naci\u00f3n\"},\"image\":{\"@id\":\"https:\/\/www.fiscalia.gov.co\/colombia\/#\/schema\/logo\/image\/\"},\"sameAs\":[\"https:\/\/www.facebook.com\/FiscaliaCol\",\"https:\/\/x.com\/FiscaliaCol\",\"https:\/\/www.instagram.com\/fiscaliacol\",\"https:\/\/www.linkedin.com\/company\/fiscalia-general-de-la-naci-n\/\",\"https:\/\/youtube.com\/@fiscaliageneraldelanacion-4668?si=6nN79nyQICPU5iTh\"]},{\"@type\":\"Person\",\"@id\":\"https:\/\/www.fiscalia.gov.co\/colombia\/#\/schema\/person\/06aa2210fe4d79203f428ff671dee360\",\"name\":\"Ana Mar\u00eda Gomez\",\"image\":{\"@type\":\"ImageObject\",\"inLanguage\":\"es-CO\",\"@id\":\"https:\/\/www.fiscalia.gov.co\/colombia\/#\/schema\/person\/image\/\",\"url\":\"https:\/\/secure.gravatar.com\/avatar\/a38115d98a7f8a96cbb96af2b2c37a0b?s=96&d=mm&r=g\",\"contentUrl\":\"https:\/\/secure.gravatar.com\/avatar\/a38115d98a7f8a96cbb96af2b2c37a0b?s=96&d=mm&r=g\",\"caption\":\"Ana Mar\u00eda Gomez\"},\"url\":\"https:\/\/www.fiscalia.gov.co\/colombia\/author\/agomez\/\"}]}<\/script>\n<!-- \/ Yoast SEO plugin. -->","yoast_head_json":{"title":"Fiscal\u00eda General de la Naci\u00f3n","description":"P\u00e1gina oficial de la Fiscal\u00eda General de la Naci\u00f3n \u2013 Colombia. Garantizamos el acceso efectivo a la justicia, la verdad y la reparaci\u00f3n de las v\u00edctimas de los delitos.","robots":{"index":"noindex","follow":"follow"},"og_locale":"es_ES","og_type":"article","og_title":"Fiscal\u00eda General de la Naci\u00f3n","og_description":"P\u00e1gina oficial de la Fiscal\u00eda General de la Naci\u00f3n \u2013 Colombia. Garantizamos el acceso efectivo a la justicia, la verdad y la reparaci\u00f3n de las v\u00edctimas de los delitos.","og_url":"https:\/\/www.fiscalia.gov.co\/colombia\/extincion-de-dominio\/ocupados-con-fines-de-extincion-de-dominio-bienes-avaluados-en-mas-de-13-600-millones-de-pesos-que-pertenecerian-a-estructuras-narcotraficantes\/","og_site_name":"Fiscal\u00eda General de la Naci\u00f3n","article_publisher":"https:\/\/www.facebook.com\/FiscaliaCol","article_published_time":"2021-04-17T12:08:27+00:00","author":"Ana Mar\u00eda Gomez","twitter_card":"summary_large_image","twitter_creator":"@FiscaliaCol","twitter_site":"@FiscaliaCol","twitter_misc":{"Escrito por":"Ana Mar\u00eda Gomez","Tiempo de lectura":"2 minutos"},"schema":{"@context":"https:\/\/schema.org","@graph":[{"@type":"Article","@id":"https:\/\/www.fiscalia.gov.co\/colombia\/extincion-de-dominio\/ocupados-con-fines-de-extincion-de-dominio-bienes-avaluados-en-mas-de-13-600-millones-de-pesos-que-pertenecerian-a-estructuras-narcotraficantes\/#article","isPartOf":{"@id":"https:\/\/www.fiscalia.gov.co\/colombia\/extincion-de-dominio\/ocupados-con-fines-de-extincion-de-dominio-bienes-avaluados-en-mas-de-13-600-millones-de-pesos-que-pertenecerian-a-estructuras-narcotraficantes\/"},"author":{"name":"Ana Mar\u00eda Gomez","@id":"https:\/\/www.fiscalia.gov.co\/colombia\/#\/schema\/person\/06aa2210fe4d79203f428ff671dee360"},"headline":"Ocupados con fines de extinci\u00f3n de dominio bienes avaluados en m\u00e1s de 13.600 millones de pesos que pertenecer\u00edan a estructuras narcotraficantes","datePublished":"2021-04-17T12:08:27+00:00","dateModified":"2021-04-17T12:08:27+00:00","mainEntityOfPage":{"@id":"https:\/\/www.fiscalia.gov.co\/colombia\/extincion-de-dominio\/ocupados-con-fines-de-extincion-de-dominio-bienes-avaluados-en-mas-de-13-600-millones-de-pesos-que-pertenecerian-a-estructuras-narcotraficantes\/"},"wordCount":328,"publisher":{"@id":"https:\/\/www.fiscalia.gov.co\/colombia\/#organization"},"keywords":["Ej\u00e9rcito Nacional","Extinci\u00f3n de dominio","Fiscal\u00eda General de la Naci\u00f3n","Polic\u00eda Nacional","redes narcotraficantes"],"articleSection":["Extinci\u00f3n de dominio","Seccional Bogot\u00e1","Seccionales"],"inLanguage":"es-CO"},{"@type":"WebPage","@id":"https:\/\/www.fiscalia.gov.co\/colombia\/extincion-de-dominio\/ocupados-con-fines-de-extincion-de-dominio-bienes-avaluados-en-mas-de-13-600-millones-de-pesos-que-pertenecerian-a-estructuras-narcotraficantes\/","url":"https:\/\/www.fiscalia.gov.co\/colombia\/extincion-de-dominio\/ocupados-con-fines-de-extincion-de-dominio-bienes-avaluados-en-mas-de-13-600-millones-de-pesos-que-pertenecerian-a-estructuras-narcotraficantes\/","name":"Fiscal\u00eda General de la Naci\u00f3n","isPartOf":{"@id":"https:\/\/www.fiscalia.gov.co\/colombia\/#website"},"datePublished":"2021-04-17T12:08:27+00:00","dateModified":"2021-04-17T12:08:27+00:00","description":"P\u00e1gina oficial de la Fiscal\u00eda General de la Naci\u00f3n \u2013 Colombia. Garantizamos el acceso efectivo a la justicia, la verdad y la reparaci\u00f3n de las v\u00edctimas de los delitos.","breadcrumb":{"@id":"https:\/\/www.fiscalia.gov.co\/colombia\/extincion-de-dominio\/ocupados-con-fines-de-extincion-de-dominio-bienes-avaluados-en-mas-de-13-600-millones-de-pesos-que-pertenecerian-a-estructuras-narcotraficantes\/#breadcrumb"},"inLanguage":"es-CO","potentialAction":[{"@type":"ReadAction","target":["https:\/\/www.fiscalia.gov.co\/colombia\/extincion-de-dominio\/ocupados-con-fines-de-extincion-de-dominio-bienes-avaluados-en-mas-de-13-600-millones-de-pesos-que-pertenecerian-a-estructuras-narcotraficantes\/"]}]},{"@type":"BreadcrumbList","@id":"https:\/\/www.fiscalia.gov.co\/colombia\/extincion-de-dominio\/ocupados-con-fines-de-extincion-de-dominio-bienes-avaluados-en-mas-de-13-600-millones-de-pesos-que-pertenecerian-a-estructuras-narcotraficantes\/#breadcrumb","itemListElement":[{"@type":"ListItem","position":1,"name":"Home","item":"https:\/\/www.fiscalia.gov.co\/colombia\/"},{"@type":"ListItem","position":2,"name":"Ocupados con fines de extinci\u00f3n de dominio bienes avaluados en m\u00e1s de 13.600 millones de pesos que pertenecer\u00edan a estructuras narcotraficantes"}]},{"@type":"WebSite","@id":"https:\/\/www.fiscalia.gov.co\/colombia\/#website","url":"https:\/\/www.fiscalia.gov.co\/colombia\/","name":"Fiscal\u00eda General de la Naci\u00f3n","description":"P\u00e1gina oficial de la Fiscal\u00eda General de la Naci\u00f3n \u2013 Colombia. Garantizamos el acceso efectivo a la justicia, la verdad y la reparaci\u00f3n de las v\u00edctimas de los delitos.","publisher":{"@id":"https:\/\/www.fiscalia.gov.co\/colombia\/#organization"},"potentialAction":[{"@type":"SearchAction","target":{"@type":"EntryPoint","urlTemplate":"https:\/\/www.fiscalia.gov.co\/colombia\/?s={search_term_string}"},"query-input":{"@type":"PropertyValueSpecification","valueRequired":true,"valueName":"search_term_string"}}],"inLanguage":"es-CO"},{"@type":"Organization","@id":"https:\/\/www.fiscalia.gov.co\/colombia\/#organization","name":"Fiscal\u00eda General de la Naci\u00f3n","url":"https:\/\/www.fiscalia.gov.co\/colombia\/","logo":{"@type":"ImageObject","inLanguage":"es-CO","@id":"https:\/\/www.fiscalia.gov.co\/colombia\/#\/schema\/logo\/image\/","url":"https:\/\/www.fiscalia.gov.co\/colombia\/wp-content\/uploads\/LogoHorizontal_1.jpg","contentUrl":"https:\/\/www.fiscalia.gov.co\/colombia\/wp-content\/uploads\/LogoHorizontal_1.jpg","width":300,"height":90,"caption":"Fiscal\u00eda General de la Naci\u00f3n"},"image":{"@id":"https:\/\/www.fiscalia.gov.co\/colombia\/#\/schema\/logo\/image\/"},"sameAs":["https:\/\/www.facebook.com\/FiscaliaCol","https:\/\/x.com\/FiscaliaCol","https:\/\/www.instagram.com\/fiscaliacol","https:\/\/www.linkedin.com\/company\/fiscalia-general-de-la-naci-n\/","https:\/\/youtube.com\/@fiscaliageneraldelanacion-4668?si=6nN79nyQICPU5iTh"]},{"@type":"Person","@id":"https:\/\/www.fiscalia.gov.co\/colombia\/#\/schema\/person\/06aa2210fe4d79203f428ff671dee360","name":"Ana Mar\u00eda Gomez","image":{"@type":"ImageObject","inLanguage":"es-CO","@id":"https:\/\/www.fiscalia.gov.co\/colombia\/#\/schema\/person\/image\/","url":"https:\/\/secure.gravatar.com\/avatar\/a38115d98a7f8a96cbb96af2b2c37a0b?s=96&d=mm&r=g","contentUrl":"https:\/\/secure.gravatar.com\/avatar\/a38115d98a7f8a96cbb96af2b2c37a0b?s=96&d=mm&r=g","caption":"Ana Mar\u00eda Gomez"},"url":"https:\/\/www.fiscalia.gov.co\/colombia\/author\/agomez\/"}]}},"_links":{"self":[{"href":"https:\/\/www.fiscalia.gov.co\/colombia\/wp-json\/wp\/v2\/posts\/217930","targetHints":{"allow":["GET"]}}],"collection":[{"href":"https:\/\/www.fiscalia.gov.co\/colombia\/wp-json\/wp\/v2\/posts"}],"about":[{"href":"https:\/\/www.fiscalia.gov.co\/colombia\/wp-json\/wp\/v2\/types\/post"}],"author":[{"embeddable":true,"href":"https:\/\/www.fiscalia.gov.co\/colombia\/wp-json\/wp\/v2\/users\/171"}],"replies":[{"embeddable":true,"href":"https:\/\/www.fiscalia.gov.co\/colombia\/wp-json\/wp\/v2\/comments?post=217930"}],"version-history":[{"count":1,"href":"https:\/\/www.fiscalia.gov.co\/colombia\/wp-json\/wp\/v2\/posts\/217930\/revisions"}],"predecessor-version":[{"id":217931,"href":"https:\/\/www.fiscalia.gov.co\/colombia\/wp-json\/wp\/v2\/posts\/217930\/revisions\/217931"}],"wp:attachment":[{"href":"https:\/\/www.fiscalia.gov.co\/colombia\/wp-json\/wp\/v2\/media?parent=217930"}],"wp:term":[{"taxonomy":"category","embeddable":true,"href":"https:\/\/www.fiscalia.gov.co\/colombia\/wp-json\/wp\/v2\/categories?post=217930"},{"taxonomy":"post_tag","embeddable":true,"href":"https:\/\/www.fiscalia.gov.co\/colombia\/wp-json\/wp\/v2\/tags?post=217930"}],"curies":[{"name":"wp","href":"https:\/\/api.w.org\/{rel}","templated":true}]}}