{"id":217924,"date":"2021-04-16T18:42:06","date_gmt":"2021-04-16T23:42:06","guid":{"rendered":"https:\/\/www.fiscalia.gov.co\/colombia\/?p=217924"},"modified":"2021-04-16T18:42:23","modified_gmt":"2021-04-16T23:42:23","slug":"fiscalia-imputo-a-exfuncionario-de-la-empresa-de-acueducto-de-bogota-por-presuntas-actuaciones-ilicitas-en-el-contrato-de-diseno-y-construccion-del-interconector-tunjuelo-canoas","status":"publish","type":"post","link":"https:\/\/www.fiscalia.gov.co\/colombia\/corrupcion\/fiscalia-imputo-a-exfuncionario-de-la-empresa-de-acueducto-de-bogota-por-presuntas-actuaciones-ilicitas-en-el-contrato-de-diseno-y-construccion-del-interconector-tunjuelo-canoas\/","title":{"rendered":"Fiscal\u00eda imput\u00f3 a exfuncionario de la Empresa de Acueducto de Bogot\u00e1 por presuntas actuaciones il\u00edcitas en el contrato de dise\u00f1o y construcci\u00f3n del interconector Tunjuelo \u2013 Canoas"},"content":{"rendered":"<blockquote>\n<h4 style=\"text-align: left;\"><strong><em>Un fiscal del Grupo de Tareas Especiales obtuvo elementos de prueba para imputar a Carlos Alberto Acero Arango, ex integrante del comit\u00e9 evaluador del contrato e interventor interno del mismo, los delitos de inter\u00e9s indebido en la celebraci\u00f3n de contratos y peculado por apropiaci\u00f3n en favor de terceros.<\/em><\/strong><\/h4>\n<\/blockquote>\n<p>La Fiscal\u00eda General de la Naci\u00f3n present\u00f3 ante un juez de control de garant\u00edas al ex director operativo de la Red Troncal de Alcantarillados de la Gerencia Corporativa del Sistema Maestro de la Empresa de Acueducto y Alcantarillado (EAAB), Carlos Alberto Acero Arango, por presuntas irregularidades en el proceso de contrataci\u00f3n y vigilancia de las obras del interconector Tunjuelo \u2013 Canoas.<\/p>\n<p>El 30 de diciembre de 2009, la EAAB suscribi\u00f3 con el Consorcio Canoas, del que hac\u00eda parte Odebrecht, un contrato por $243.117\u2019273.906 para el dise\u00f1o, construcci\u00f3n y puesta en operaci\u00f3n del t\u00fanel Interceptor Tunjuelo Canoas que recibe las aguas residuales de los interceptores Fucha &#8211; Tunjuelo y Tunjuelo Bajo, proyecto priorizado en el plan de descontaminaci\u00f3n del R\u00edo Bogot\u00e1.<\/p>\n<p>El exfuncionario, como integrante del comit\u00e9 evaluador, el 23 de diciembre de 2009 habr\u00eda descalificado al Consorcio Canoas porque no cumpl\u00eda la experiencia t\u00e9cnica exigida; sin embargo, seis d\u00edas despu\u00e9s se\u00f1al\u00f3 que el oferente acreditaba la experticia requerida. Con este aval fue celebrado el contrato.<\/p>\n<p>En las investigaciones hay indicios de que Acero Arango, supuestamente, cambi\u00f3 de parecer ante una posible cercan\u00eda con Orlando Fajardo Castillo, quien ser\u00eda contratista oculto del Consorcio Canoas, representado formalmente por Cass Constructores, en cabeza de Carlos Alberto Solarte Solarte; y la constructora Norberto Odebrecht.<\/p>\n<p>Posteriormente, Carlos Alberto Acero Arango, en el rol de interventor interno designado por la EAAB, al parecer, permiti\u00f3 que m\u00e1s de 48.000 millones de pesos de anticipo salieran de la cuenta bancaria autorizada a la entonces comisionista de bolsa Correval, a trav\u00e9s de 34 transacciones.<\/p>\n<p>Esta actuaci\u00f3n habr\u00eda vulnerado lo establecido en el contrato de obra, el Manual de Contrataci\u00f3n y el Manual de Interventor\u00eda. El material de prueba da cuenta de que Orlando Fajardo Castillo, sin aparecer como integrante, socio, representante o apoderado de Canoas, dispuso de la suma del anticipo y la direccion\u00f3 a la corredora de valores, con lo que se perdi\u00f3 el control y vigilancia sobre el uso de los dineros.<\/p>\n<p>En ese sentido, un fiscal del Grupo de Tareas Especiales imput\u00f3 al exfuncionario los delitos de inter\u00e9s indebido en la celebraci\u00f3n de contratos y peculado por apropiaci\u00f3n en favor de terceros. Los cargos no fueron aceptados.<\/p>\n<p>Por irregularidades detectadas en las fases previas y de ejecuci\u00f3n del contrato son procesadas diferentes personas, entre ellas el exalcalde Samuel Moreno Rojas, el constructor Carlos Alberto Solarte Solarte, subcontratistas e interventores. Sin embargo, faltan otras por vincular para cubrir la totalidad de responsabilidades identificadas.<\/p>\n<p>Esta informaci\u00f3n se publica por razones de inter\u00e9s general.<\/p>\n<p><strong>La Fiscal\u00eda <\/strong><strong>habla con resultados<\/strong><\/p>\n<div class=\"td-post-content tagdiv-type\">\n<p><i><span lang=\"ES\">La informaci\u00f3n contenida en este bolet\u00edn de prensa corresponde a la narraci\u00f3n de los hechos noticiosos objetivos, suministrados por los funcionarios encargados de adelantar las investigaciones penales al interior de la Fiscal\u00eda General de la Naci\u00f3n. Para el momento de la divulgaci\u00f3n de este comunicado, la situaci\u00f3n jur\u00eddica de la(s) persona(s) relacionada(s) se encuentra pendiente de resolver por la autoridad judicial competente, siempre bajo los preceptos de la presunci\u00f3n de inocencia, consagrados en el art\u00edculo 29 de la Constituci\u00f3n Pol\u00edtica y el art\u00edculo 7\u00ba de la Ley 906 de 2004.<\/span><\/i><\/p>\n<\/div>\n<footer>\n<div class=\"td-post-source-tags\"><\/div>\n<div class=\"td-post-sharing-bottom\"><\/div>\n<\/footer>\n\n<div class=\"twitter-share\"><a href=\"https:\/\/twitter.com\/intent\/tweet?via=fiscaliacol\" class=\"twitter-share-button\">Tweet<\/a><\/div>\n","protected":false},"excerpt":{"rendered":"<p>Un fiscal del Grupo de Tareas Especiales obtuvo elementos de prueba para imputar a Carlos Alberto Acero Arango, ex integrante del comit\u00e9 evaluador del contrato e interventor interno del mismo, los delitos de inter\u00e9s indebido en la celebraci\u00f3n de contratos y peculado por apropiaci\u00f3n en favor de terceros. La Fiscal\u00eda General de la Naci\u00f3n present\u00f3 [&hellip;]<\/p>\n","protected":false},"author":171,"featured_media":0,"comment_status":"closed","ping_status":"open","sticky":false,"template":"","format":"standard","meta":{"tdm_status":"","tdm_grid_status":"","footnotes":""},"categories":[24097],"tags":[24185,4614],"class_list":{"0":"post-217924","1":"post","2":"type-post","3":"status-publish","4":"format-standard","6":"category-corrupcion","7":"tag-fiscal-barbosa","8":"tag-fiscalia-2"},"yoast_head":"<!-- This site is optimized with the Yoast SEO plugin v24.3 - https:\/\/yoast.com\/wordpress\/plugins\/seo\/ -->\n<title>Fiscal\u00eda General de la Naci\u00f3n<\/title>\n<meta name=\"description\" content=\"P\u00e1gina oficial de la Fiscal\u00eda General de la Naci\u00f3n \u2013 Colombia. Garantizamos el acceso efectivo a la justicia, la verdad y la reparaci\u00f3n de las v\u00edctimas de los delitos.\" \/>\n<meta name=\"robots\" content=\"noindex, follow\" \/>\n<meta property=\"og:locale\" content=\"es_ES\" \/>\n<meta property=\"og:type\" content=\"article\" \/>\n<meta property=\"og:title\" content=\"Fiscal\u00eda General de la Naci\u00f3n\" \/>\n<meta property=\"og:description\" content=\"P\u00e1gina oficial de la Fiscal\u00eda General de la Naci\u00f3n \u2013 Colombia. Garantizamos el acceso efectivo a la justicia, la verdad y la reparaci\u00f3n de las v\u00edctimas de los delitos.\" \/>\n<meta property=\"og:url\" content=\"https:\/\/www.fiscalia.gov.co\/colombia\/corrupcion\/fiscalia-imputo-a-exfuncionario-de-la-empresa-de-acueducto-de-bogota-por-presuntas-actuaciones-ilicitas-en-el-contrato-de-diseno-y-construccion-del-interconector-tunjuelo-canoas\/\" \/>\n<meta property=\"og:site_name\" content=\"Fiscal\u00eda General de la Naci\u00f3n\" \/>\n<meta property=\"article:publisher\" content=\"https:\/\/www.facebook.com\/FiscaliaCol\" \/>\n<meta property=\"article:published_time\" content=\"2021-04-16T23:42:06+00:00\" \/>\n<meta property=\"article:modified_time\" content=\"2021-04-16T23:42:23+00:00\" \/>\n<meta name=\"author\" content=\"Ana Mar\u00eda Gomez\" \/>\n<meta name=\"twitter:card\" content=\"summary_large_image\" \/>\n<meta name=\"twitter:creator\" content=\"@FiscaliaCol\" \/>\n<meta name=\"twitter:site\" content=\"@FiscaliaCol\" \/>\n<meta name=\"twitter:label1\" content=\"Escrito por\" \/>\n\t<meta name=\"twitter:data1\" content=\"Ana Mar\u00eda Gomez\" \/>\n\t<meta name=\"twitter:label2\" content=\"Tiempo de lectura\" \/>\n\t<meta name=\"twitter:data2\" content=\"3 minutos\" \/>\n<script type=\"application\/ld+json\" class=\"yoast-schema-graph\">{\"@context\":\"https:\/\/schema.org\",\"@graph\":[{\"@type\":\"Article\",\"@id\":\"https:\/\/www.fiscalia.gov.co\/colombia\/corrupcion\/fiscalia-imputo-a-exfuncionario-de-la-empresa-de-acueducto-de-bogota-por-presuntas-actuaciones-ilicitas-en-el-contrato-de-diseno-y-construccion-del-interconector-tunjuelo-canoas\/#article\",\"isPartOf\":{\"@id\":\"https:\/\/www.fiscalia.gov.co\/colombia\/corrupcion\/fiscalia-imputo-a-exfuncionario-de-la-empresa-de-acueducto-de-bogota-por-presuntas-actuaciones-ilicitas-en-el-contrato-de-diseno-y-construccion-del-interconector-tunjuelo-canoas\/\"},\"author\":{\"name\":\"Ana Mar\u00eda Gomez\",\"@id\":\"https:\/\/www.fiscalia.gov.co\/colombia\/#\/schema\/person\/06aa2210fe4d79203f428ff671dee360\"},\"headline\":\"Fiscal\u00eda imput\u00f3 a exfuncionario de la Empresa de Acueducto de Bogot\u00e1 por presuntas actuaciones il\u00edcitas en el contrato de dise\u00f1o y construcci\u00f3n del interconector Tunjuelo \u2013 Canoas\",\"datePublished\":\"2021-04-16T23:42:06+00:00\",\"dateModified\":\"2021-04-16T23:42:23+00:00\",\"mainEntityOfPage\":{\"@id\":\"https:\/\/www.fiscalia.gov.co\/colombia\/corrupcion\/fiscalia-imputo-a-exfuncionario-de-la-empresa-de-acueducto-de-bogota-por-presuntas-actuaciones-ilicitas-en-el-contrato-de-diseno-y-construccion-del-interconector-tunjuelo-canoas\/\"},\"wordCount\":627,\"publisher\":{\"@id\":\"https:\/\/www.fiscalia.gov.co\/colombia\/#organization\"},\"keywords\":[\"Fiscal Barbosa\",\"Fiscal\u00eda\"],\"articleSection\":[\"Corrupci\u00f3n\"],\"inLanguage\":\"es-CO\"},{\"@type\":\"WebPage\",\"@id\":\"https:\/\/www.fiscalia.gov.co\/colombia\/corrupcion\/fiscalia-imputo-a-exfuncionario-de-la-empresa-de-acueducto-de-bogota-por-presuntas-actuaciones-ilicitas-en-el-contrato-de-diseno-y-construccion-del-interconector-tunjuelo-canoas\/\",\"url\":\"https:\/\/www.fiscalia.gov.co\/colombia\/corrupcion\/fiscalia-imputo-a-exfuncionario-de-la-empresa-de-acueducto-de-bogota-por-presuntas-actuaciones-ilicitas-en-el-contrato-de-diseno-y-construccion-del-interconector-tunjuelo-canoas\/\",\"name\":\"Fiscal\u00eda General de la Naci\u00f3n\",\"isPartOf\":{\"@id\":\"https:\/\/www.fiscalia.gov.co\/colombia\/#website\"},\"datePublished\":\"2021-04-16T23:42:06+00:00\",\"dateModified\":\"2021-04-16T23:42:23+00:00\",\"description\":\"P\u00e1gina oficial de la Fiscal\u00eda General de la Naci\u00f3n \u2013 Colombia. Garantizamos el acceso efectivo a la justicia, la verdad y la reparaci\u00f3n de las v\u00edctimas de los delitos.\",\"breadcrumb\":{\"@id\":\"https:\/\/www.fiscalia.gov.co\/colombia\/corrupcion\/fiscalia-imputo-a-exfuncionario-de-la-empresa-de-acueducto-de-bogota-por-presuntas-actuaciones-ilicitas-en-el-contrato-de-diseno-y-construccion-del-interconector-tunjuelo-canoas\/#breadcrumb\"},\"inLanguage\":\"es-CO\",\"potentialAction\":[{\"@type\":\"ReadAction\",\"target\":[\"https:\/\/www.fiscalia.gov.co\/colombia\/corrupcion\/fiscalia-imputo-a-exfuncionario-de-la-empresa-de-acueducto-de-bogota-por-presuntas-actuaciones-ilicitas-en-el-contrato-de-diseno-y-construccion-del-interconector-tunjuelo-canoas\/\"]}]},{\"@type\":\"BreadcrumbList\",\"@id\":\"https:\/\/www.fiscalia.gov.co\/colombia\/corrupcion\/fiscalia-imputo-a-exfuncionario-de-la-empresa-de-acueducto-de-bogota-por-presuntas-actuaciones-ilicitas-en-el-contrato-de-diseno-y-construccion-del-interconector-tunjuelo-canoas\/#breadcrumb\",\"itemListElement\":[{\"@type\":\"ListItem\",\"position\":1,\"name\":\"Home\",\"item\":\"https:\/\/www.fiscalia.gov.co\/colombia\/\"},{\"@type\":\"ListItem\",\"position\":2,\"name\":\"Fiscal\u00eda imput\u00f3 a exfuncionario de la Empresa de Acueducto de Bogot\u00e1 por presuntas actuaciones il\u00edcitas en el contrato de dise\u00f1o y construcci\u00f3n del interconector Tunjuelo \u2013 Canoas\"}]},{\"@type\":\"WebSite\",\"@id\":\"https:\/\/www.fiscalia.gov.co\/colombia\/#website\",\"url\":\"https:\/\/www.fiscalia.gov.co\/colombia\/\",\"name\":\"Fiscal\u00eda General de la Naci\u00f3n\",\"description\":\"P\u00e1gina oficial de la Fiscal\u00eda General de la Naci\u00f3n \u2013 Colombia. Garantizamos el acceso efectivo a la justicia, la verdad y la reparaci\u00f3n de las v\u00edctimas de los delitos.\",\"publisher\":{\"@id\":\"https:\/\/www.fiscalia.gov.co\/colombia\/#organization\"},\"potentialAction\":[{\"@type\":\"SearchAction\",\"target\":{\"@type\":\"EntryPoint\",\"urlTemplate\":\"https:\/\/www.fiscalia.gov.co\/colombia\/?s={search_term_string}\"},\"query-input\":{\"@type\":\"PropertyValueSpecification\",\"valueRequired\":true,\"valueName\":\"search_term_string\"}}],\"inLanguage\":\"es-CO\"},{\"@type\":\"Organization\",\"@id\":\"https:\/\/www.fiscalia.gov.co\/colombia\/#organization\",\"name\":\"Fiscal\u00eda General de la Naci\u00f3n\",\"url\":\"https:\/\/www.fiscalia.gov.co\/colombia\/\",\"logo\":{\"@type\":\"ImageObject\",\"inLanguage\":\"es-CO\",\"@id\":\"https:\/\/www.fiscalia.gov.co\/colombia\/#\/schema\/logo\/image\/\",\"url\":\"https:\/\/www.fiscalia.gov.co\/colombia\/wp-content\/uploads\/LogoHorizontal_1.jpg\",\"contentUrl\":\"https:\/\/www.fiscalia.gov.co\/colombia\/wp-content\/uploads\/LogoHorizontal_1.jpg\",\"width\":300,\"height\":90,\"caption\":\"Fiscal\u00eda General de la Naci\u00f3n\"},\"image\":{\"@id\":\"https:\/\/www.fiscalia.gov.co\/colombia\/#\/schema\/logo\/image\/\"},\"sameAs\":[\"https:\/\/www.facebook.com\/FiscaliaCol\",\"https:\/\/x.com\/FiscaliaCol\",\"https:\/\/www.instagram.com\/fiscaliacol\",\"https:\/\/www.linkedin.com\/company\/fiscalia-general-de-la-naci-n\/\",\"https:\/\/youtube.com\/@fiscaliageneraldelanacion-4668?si=6nN79nyQICPU5iTh\"]},{\"@type\":\"Person\",\"@id\":\"https:\/\/www.fiscalia.gov.co\/colombia\/#\/schema\/person\/06aa2210fe4d79203f428ff671dee360\",\"name\":\"Ana Mar\u00eda Gomez\",\"image\":{\"@type\":\"ImageObject\",\"inLanguage\":\"es-CO\",\"@id\":\"https:\/\/www.fiscalia.gov.co\/colombia\/#\/schema\/person\/image\/\",\"url\":\"https:\/\/secure.gravatar.com\/avatar\/a38115d98a7f8a96cbb96af2b2c37a0b?s=96&d=mm&r=g\",\"contentUrl\":\"https:\/\/secure.gravatar.com\/avatar\/a38115d98a7f8a96cbb96af2b2c37a0b?s=96&d=mm&r=g\",\"caption\":\"Ana Mar\u00eda Gomez\"},\"url\":\"https:\/\/www.fiscalia.gov.co\/colombia\/author\/agomez\/\"}]}<\/script>\n<!-- \/ Yoast SEO plugin. -->","yoast_head_json":{"title":"Fiscal\u00eda General de la Naci\u00f3n","description":"P\u00e1gina oficial de la Fiscal\u00eda General de la Naci\u00f3n \u2013 Colombia. Garantizamos el acceso efectivo a la justicia, la verdad y la reparaci\u00f3n de las v\u00edctimas de los delitos.","robots":{"index":"noindex","follow":"follow"},"og_locale":"es_ES","og_type":"article","og_title":"Fiscal\u00eda General de la Naci\u00f3n","og_description":"P\u00e1gina oficial de la Fiscal\u00eda General de la Naci\u00f3n \u2013 Colombia. Garantizamos el acceso efectivo a la justicia, la verdad y la reparaci\u00f3n de las v\u00edctimas de los delitos.","og_url":"https:\/\/www.fiscalia.gov.co\/colombia\/corrupcion\/fiscalia-imputo-a-exfuncionario-de-la-empresa-de-acueducto-de-bogota-por-presuntas-actuaciones-ilicitas-en-el-contrato-de-diseno-y-construccion-del-interconector-tunjuelo-canoas\/","og_site_name":"Fiscal\u00eda General de la Naci\u00f3n","article_publisher":"https:\/\/www.facebook.com\/FiscaliaCol","article_published_time":"2021-04-16T23:42:06+00:00","article_modified_time":"2021-04-16T23:42:23+00:00","author":"Ana Mar\u00eda Gomez","twitter_card":"summary_large_image","twitter_creator":"@FiscaliaCol","twitter_site":"@FiscaliaCol","twitter_misc":{"Escrito por":"Ana Mar\u00eda Gomez","Tiempo de lectura":"3 minutos"},"schema":{"@context":"https:\/\/schema.org","@graph":[{"@type":"Article","@id":"https:\/\/www.fiscalia.gov.co\/colombia\/corrupcion\/fiscalia-imputo-a-exfuncionario-de-la-empresa-de-acueducto-de-bogota-por-presuntas-actuaciones-ilicitas-en-el-contrato-de-diseno-y-construccion-del-interconector-tunjuelo-canoas\/#article","isPartOf":{"@id":"https:\/\/www.fiscalia.gov.co\/colombia\/corrupcion\/fiscalia-imputo-a-exfuncionario-de-la-empresa-de-acueducto-de-bogota-por-presuntas-actuaciones-ilicitas-en-el-contrato-de-diseno-y-construccion-del-interconector-tunjuelo-canoas\/"},"author":{"name":"Ana Mar\u00eda Gomez","@id":"https:\/\/www.fiscalia.gov.co\/colombia\/#\/schema\/person\/06aa2210fe4d79203f428ff671dee360"},"headline":"Fiscal\u00eda imput\u00f3 a exfuncionario de la Empresa de Acueducto de Bogot\u00e1 por presuntas actuaciones il\u00edcitas en el contrato de dise\u00f1o y construcci\u00f3n del interconector Tunjuelo \u2013 Canoas","datePublished":"2021-04-16T23:42:06+00:00","dateModified":"2021-04-16T23:42:23+00:00","mainEntityOfPage":{"@id":"https:\/\/www.fiscalia.gov.co\/colombia\/corrupcion\/fiscalia-imputo-a-exfuncionario-de-la-empresa-de-acueducto-de-bogota-por-presuntas-actuaciones-ilicitas-en-el-contrato-de-diseno-y-construccion-del-interconector-tunjuelo-canoas\/"},"wordCount":627,"publisher":{"@id":"https:\/\/www.fiscalia.gov.co\/colombia\/#organization"},"keywords":["Fiscal Barbosa","Fiscal\u00eda"],"articleSection":["Corrupci\u00f3n"],"inLanguage":"es-CO"},{"@type":"WebPage","@id":"https:\/\/www.fiscalia.gov.co\/colombia\/corrupcion\/fiscalia-imputo-a-exfuncionario-de-la-empresa-de-acueducto-de-bogota-por-presuntas-actuaciones-ilicitas-en-el-contrato-de-diseno-y-construccion-del-interconector-tunjuelo-canoas\/","url":"https:\/\/www.fiscalia.gov.co\/colombia\/corrupcion\/fiscalia-imputo-a-exfuncionario-de-la-empresa-de-acueducto-de-bogota-por-presuntas-actuaciones-ilicitas-en-el-contrato-de-diseno-y-construccion-del-interconector-tunjuelo-canoas\/","name":"Fiscal\u00eda General de la Naci\u00f3n","isPartOf":{"@id":"https:\/\/www.fiscalia.gov.co\/colombia\/#website"},"datePublished":"2021-04-16T23:42:06+00:00","dateModified":"2021-04-16T23:42:23+00:00","description":"P\u00e1gina oficial de la Fiscal\u00eda General de la Naci\u00f3n \u2013 Colombia. Garantizamos el acceso efectivo a la justicia, la verdad y la reparaci\u00f3n de las v\u00edctimas de los delitos.","breadcrumb":{"@id":"https:\/\/www.fiscalia.gov.co\/colombia\/corrupcion\/fiscalia-imputo-a-exfuncionario-de-la-empresa-de-acueducto-de-bogota-por-presuntas-actuaciones-ilicitas-en-el-contrato-de-diseno-y-construccion-del-interconector-tunjuelo-canoas\/#breadcrumb"},"inLanguage":"es-CO","potentialAction":[{"@type":"ReadAction","target":["https:\/\/www.fiscalia.gov.co\/colombia\/corrupcion\/fiscalia-imputo-a-exfuncionario-de-la-empresa-de-acueducto-de-bogota-por-presuntas-actuaciones-ilicitas-en-el-contrato-de-diseno-y-construccion-del-interconector-tunjuelo-canoas\/"]}]},{"@type":"BreadcrumbList","@id":"https:\/\/www.fiscalia.gov.co\/colombia\/corrupcion\/fiscalia-imputo-a-exfuncionario-de-la-empresa-de-acueducto-de-bogota-por-presuntas-actuaciones-ilicitas-en-el-contrato-de-diseno-y-construccion-del-interconector-tunjuelo-canoas\/#breadcrumb","itemListElement":[{"@type":"ListItem","position":1,"name":"Home","item":"https:\/\/www.fiscalia.gov.co\/colombia\/"},{"@type":"ListItem","position":2,"name":"Fiscal\u00eda imput\u00f3 a exfuncionario de la Empresa de Acueducto de Bogot\u00e1 por presuntas actuaciones il\u00edcitas en el contrato de dise\u00f1o y construcci\u00f3n del interconector Tunjuelo \u2013 Canoas"}]},{"@type":"WebSite","@id":"https:\/\/www.fiscalia.gov.co\/colombia\/#website","url":"https:\/\/www.fiscalia.gov.co\/colombia\/","name":"Fiscal\u00eda General de la Naci\u00f3n","description":"P\u00e1gina oficial de la Fiscal\u00eda General de la Naci\u00f3n \u2013 Colombia. Garantizamos el acceso efectivo a la justicia, la verdad y la reparaci\u00f3n de las v\u00edctimas de los delitos.","publisher":{"@id":"https:\/\/www.fiscalia.gov.co\/colombia\/#organization"},"potentialAction":[{"@type":"SearchAction","target":{"@type":"EntryPoint","urlTemplate":"https:\/\/www.fiscalia.gov.co\/colombia\/?s={search_term_string}"},"query-input":{"@type":"PropertyValueSpecification","valueRequired":true,"valueName":"search_term_string"}}],"inLanguage":"es-CO"},{"@type":"Organization","@id":"https:\/\/www.fiscalia.gov.co\/colombia\/#organization","name":"Fiscal\u00eda General de la Naci\u00f3n","url":"https:\/\/www.fiscalia.gov.co\/colombia\/","logo":{"@type":"ImageObject","inLanguage":"es-CO","@id":"https:\/\/www.fiscalia.gov.co\/colombia\/#\/schema\/logo\/image\/","url":"https:\/\/www.fiscalia.gov.co\/colombia\/wp-content\/uploads\/LogoHorizontal_1.jpg","contentUrl":"https:\/\/www.fiscalia.gov.co\/colombia\/wp-content\/uploads\/LogoHorizontal_1.jpg","width":300,"height":90,"caption":"Fiscal\u00eda General de la Naci\u00f3n"},"image":{"@id":"https:\/\/www.fiscalia.gov.co\/colombia\/#\/schema\/logo\/image\/"},"sameAs":["https:\/\/www.facebook.com\/FiscaliaCol","https:\/\/x.com\/FiscaliaCol","https:\/\/www.instagram.com\/fiscaliacol","https:\/\/www.linkedin.com\/company\/fiscalia-general-de-la-naci-n\/","https:\/\/youtube.com\/@fiscaliageneraldelanacion-4668?si=6nN79nyQICPU5iTh"]},{"@type":"Person","@id":"https:\/\/www.fiscalia.gov.co\/colombia\/#\/schema\/person\/06aa2210fe4d79203f428ff671dee360","name":"Ana Mar\u00eda Gomez","image":{"@type":"ImageObject","inLanguage":"es-CO","@id":"https:\/\/www.fiscalia.gov.co\/colombia\/#\/schema\/person\/image\/","url":"https:\/\/secure.gravatar.com\/avatar\/a38115d98a7f8a96cbb96af2b2c37a0b?s=96&d=mm&r=g","contentUrl":"https:\/\/secure.gravatar.com\/avatar\/a38115d98a7f8a96cbb96af2b2c37a0b?s=96&d=mm&r=g","caption":"Ana Mar\u00eda Gomez"},"url":"https:\/\/www.fiscalia.gov.co\/colombia\/author\/agomez\/"}]}},"_links":{"self":[{"href":"https:\/\/www.fiscalia.gov.co\/colombia\/wp-json\/wp\/v2\/posts\/217924","targetHints":{"allow":["GET"]}}],"collection":[{"href":"https:\/\/www.fiscalia.gov.co\/colombia\/wp-json\/wp\/v2\/posts"}],"about":[{"href":"https:\/\/www.fiscalia.gov.co\/colombia\/wp-json\/wp\/v2\/types\/post"}],"author":[{"embeddable":true,"href":"https:\/\/www.fiscalia.gov.co\/colombia\/wp-json\/wp\/v2\/users\/171"}],"replies":[{"embeddable":true,"href":"https:\/\/www.fiscalia.gov.co\/colombia\/wp-json\/wp\/v2\/comments?post=217924"}],"version-history":[{"count":1,"href":"https:\/\/www.fiscalia.gov.co\/colombia\/wp-json\/wp\/v2\/posts\/217924\/revisions"}],"predecessor-version":[{"id":217925,"href":"https:\/\/www.fiscalia.gov.co\/colombia\/wp-json\/wp\/v2\/posts\/217924\/revisions\/217925"}],"wp:attachment":[{"href":"https:\/\/www.fiscalia.gov.co\/colombia\/wp-json\/wp\/v2\/media?parent=217924"}],"wp:term":[{"taxonomy":"category","embeddable":true,"href":"https:\/\/www.fiscalia.gov.co\/colombia\/wp-json\/wp\/v2\/categories?post=217924"},{"taxonomy":"post_tag","embeddable":true,"href":"https:\/\/www.fiscalia.gov.co\/colombia\/wp-json\/wp\/v2\/tags?post=217924"}],"curies":[{"name":"wp","href":"https:\/\/api.w.org\/{rel}","templated":true}]}}